{"id":26724,"date":"2024-11-26T12:09:57","date_gmt":"2024-11-26T11:09:57","guid":{"rendered":"https:\/\/www.caudete.org\/ayuntamiento\/?p=26724"},"modified":"2024-12-02T10:01:50","modified_gmt":"2024-12-02T09:01:50","slug":"la-accidentada-fuga-del-joven-julio-verne-el-domingo-1-de-diciembre-en-el-auditorio-municipal","status":"publish","type":"post","link":"https:\/\/www.caudete.org\/ayuntamiento\/la-accidentada-fuga-del-joven-julio-verne-el-domingo-1-de-diciembre-en-el-auditorio-municipal\/","title":{"rendered":"\u00abLa accidentada fuga del joven Julio Verne\u00bb el domingo 1 de diciembre en el Auditorio Municipal"},"content":{"rendered":"<p>La Concejal\u00eda de Cultura del M.I. Ayuntamiento de Caudete presenta un teatro familiar de compa\u00f1\u00eda Narea Producciones dentro de la Programaci\u00f3n Cultural de Oto\u00f1o 2024. \u00abLa accidentada fuga del joven Julio Verne\u00bb, basada en la vida y obra del genial escritor de \u00abVeinte mil leguas de viaje submarino\u00bb o \u00abLa vuelta al mundo en ochenta d\u00edas\u00bb.<\/p>\n<p>Teatro Narea consigue acercar al p\u00fablico infantil grandes personajes de la historia de las ciencias y las artes; todo ello a trav\u00e9s de productos de calidad esc\u00e9nica y literaria pensados espec\u00edficamente para ese tipo de p\u00fablico. En el reparto de este espect\u00e1culo cabe destacar la presencia del actor cabanillero Pablo Menasanch y el texto y la direcci\u00f3n es de Llanos Campos.<\/p>\n<p>\u00abLa accidentada fuga del joven Julio Verne\u00bb presenta a un Verne de once a\u00f1os, lleno de sue\u00f1os y de imaginaci\u00f3n desbordante, justo en el momento de descubrir su pasi\u00f3n por idear y escribir historias. Con una escenograf\u00eda y un vestuario impactante, la realidad y la fantas\u00eda se unen en una trama por la que transitan los grandes personajes del universo del visionario escritor que inici\u00f3 la ciencia-ficci\u00f3n, y cuyas obras han influido en la literatura y el cine hasta nuestros d\u00edas.<\/p>\n<p>Un espect\u00e1culo de Teatro Familiar patrocinado por el programa de Artes esc\u00e9nicas de la Junta de Comunidades de Castilla la Mancha y Cultural Albacete.<\/p>\n<p style=\"text-align: center;\">Edad recomendada a partir de 8 a\u00f1os.Entradas ya disponibles en la Casa de Cultura.<br \/>\nVen a disfrutar de esta obra teatral sobre la vida de uno de los mejores escritores de todos los tiempos.<br \/>\n<strong>\u00a1Te esperamos!<\/strong><\/p>\n<p><a href=\"https:\/\/www.caudete.org\/ayuntamiento\/wp-content\/uploads\/2024\/11\/CARTEL-JULIO-VERNE-TEATRO.jpg\" rel='prettyPhoto'><img fetchpriority=\"high\" decoding=\"async\" class=\"alignnone size-full wp-image-26725\" src=\"https:\/\/www.caudete.org\/ayuntamiento\/wp-content\/uploads\/2024\/11\/CARTEL-JULIO-VERNE-TEATRO.jpg\" alt=\"\" width=\"707\" height=\"1000\" srcset=\"https:\/\/www.caudete.org\/ayuntamiento\/wp-content\/uploads\/2024\/11\/CARTEL-JULIO-VERNE-TEATRO.jpg 707w, https:\/\/www.caudete.org\/ayuntamiento\/wp-content\/uploads\/2024\/11\/CARTEL-JULIO-VERNE-TEATRO-212x300.jpg 212w\" sizes=\"(max-width: 707px) 100vw, 707px\" \/><\/a><\/p>\n","protected":false},"excerpt":{"rendered":"<p>La Concejal\u00eda de Cultura del M.I. Ayuntamiento de Caudete presenta un teatro familiar de compa\u00f1\u00eda Narea Producciones dentro de la Programaci\u00f3n Cultural de Oto\u00f1o 2024. \u00abLa accidentada fuga del joven Julio Verne\u00bb, basada en la vida y obra del genial escritor de \u00abVeinte mil leguas de viaje submarino\u00bb o \u00abLa vuelta al mundo en ochenta &hellip;<\/p>\n","protected":false},"author":5,"featured_media":26726,"comment_status":"closed","ping_status":"open","sticky":false,"template":"","format":"standard","meta":{"ngg_post_thumbnail":0,"footnotes":""},"categories":[14],"tags":[],"class_list":["post-26724","post","type-post","status-publish","format-standard","has-post-thumbnail","hentry","category-cultura"],"yoast_head":"<!-- This site is optimized with the Yoast SEO plugin v27.5 - https:\/\/yoast.com\/product\/yoast-seo-wordpress\/ -->\n<title>\u00abLa accidentada fuga del joven Julio Verne\u00bb el domingo 1 de diciembre en el Auditorio Municipal - MI Ayuntamiento de Caudete<\/title>\n<meta name=\"description\" content=\"P\u00e1gina Oficial del Ayuntamiento de Caudete (Albacete)\" \/>\n<meta name=\"robots\" content=\"index, follow, max-snippet:-1, max-image-preview:large, max-video-preview:-1\" \/>\n<link rel=\"canonical\" href=\"https:\/\/www.caudete.org\/ayuntamiento\/la-accidentada-fuga-del-joven-julio-verne-el-domingo-1-de-diciembre-en-el-auditorio-municipal\/\" \/>\n<meta property=\"og:locale\" content=\"es_ES\" \/>\n<meta property=\"og:type\" content=\"article\" \/>\n<meta property=\"og:title\" content=\"\u00abLa accidentada fuga del joven Julio Verne\u00bb el domingo 1 de diciembre en el Auditorio Municipal - MI Ayuntamiento de Caudete\" \/>\n<meta property=\"og:description\" content=\"P\u00e1gina Oficial del Ayuntamiento de Caudete (Albacete)\" \/>\n<meta property=\"og:url\" content=\"https:\/\/www.caudete.org\/ayuntamiento\/la-accidentada-fuga-del-joven-julio-verne-el-domingo-1-de-diciembre-en-el-auditorio-municipal\/\" \/>\n<meta property=\"og:site_name\" content=\"MI Ayuntamiento de Caudete\" \/>\n<meta property=\"article:publisher\" content=\"https:\/\/www.facebook.com\/ayuntamientocaudete\/\" \/>\n<meta property=\"article:published_time\" content=\"2024-11-26T11:09:57+00:00\" \/>\n<meta property=\"article:modified_time\" content=\"2024-12-02T09:01:50+00:00\" \/>\n<meta property=\"og:image\" content=\"https:\/\/www.caudete.org\/ayuntamiento\/wp-content\/uploads\/2024\/11\/CARTEL-JULIO-VERNE-TEATRO-port.jpg\" \/>\n\t<meta property=\"og:image:width\" content=\"1000\" \/>\n\t<meta property=\"og:image:height\" content=\"469\" \/>\n\t<meta property=\"og:image:type\" content=\"image\/jpeg\" \/>\n<meta name=\"author\" content=\"Dpto Informatica MI Ayuntamiento de Caudete\" \/>\n<meta name=\"twitter:card\" content=\"summary_large_image\" \/>\n<meta name=\"twitter:label1\" content=\"Escrito por\" \/>\n\t<meta name=\"twitter:data1\" content=\"Dpto Informatica MI Ayuntamiento de Caudete\" \/>\n\t<meta name=\"twitter:label2\" content=\"Tiempo de lectura\" \/>\n\t<meta name=\"twitter:data2\" content=\"2 minutos\" \/>\n<script type=\"application\/ld+json\" class=\"yoast-schema-graph\">{\"@context\":\"https:\\\/\\\/schema.org\",\"@graph\":[{\"@type\":\"Article\",\"@id\":\"https:\\\/\\\/www.caudete.org\\\/ayuntamiento\\\/la-accidentada-fuga-del-joven-julio-verne-el-domingo-1-de-diciembre-en-el-auditorio-municipal\\\/#article\",\"isPartOf\":{\"@id\":\"https:\\\/\\\/www.caudete.org\\\/ayuntamiento\\\/la-accidentada-fuga-del-joven-julio-verne-el-domingo-1-de-diciembre-en-el-auditorio-municipal\\\/\"},\"author\":{\"name\":\"Dpto Informatica MI Ayuntamiento de Caudete\",\"@id\":\"https:\\\/\\\/www.caudete.org\\\/ayuntamiento\\\/#\\\/schema\\\/person\\\/4b9eab41761957db9b1bf9c418d1ef46\"},\"headline\":\"\u00abLa accidentada fuga del joven Julio Verne\u00bb el domingo 1 de diciembre en el Auditorio Municipal\",\"datePublished\":\"2024-11-26T11:09:57+00:00\",\"dateModified\":\"2024-12-02T09:01:50+00:00\",\"mainEntityOfPage\":{\"@id\":\"https:\\\/\\\/www.caudete.org\\\/ayuntamiento\\\/la-accidentada-fuga-del-joven-julio-verne-el-domingo-1-de-diciembre-en-el-auditorio-municipal\\\/\"},\"wordCount\":296,\"image\":{\"@id\":\"https:\\\/\\\/www.caudete.org\\\/ayuntamiento\\\/la-accidentada-fuga-del-joven-julio-verne-el-domingo-1-de-diciembre-en-el-auditorio-municipal\\\/#primaryimage\"},\"thumbnailUrl\":\"https:\\\/\\\/www.caudete.org\\\/ayuntamiento\\\/wp-content\\\/uploads\\\/2024\\\/11\\\/CARTEL-JULIO-VERNE-TEATRO-port.jpg\",\"articleSection\":[\"Cultura\"],\"inLanguage\":\"es\"},{\"@type\":\"WebPage\",\"@id\":\"https:\\\/\\\/www.caudete.org\\\/ayuntamiento\\\/la-accidentada-fuga-del-joven-julio-verne-el-domingo-1-de-diciembre-en-el-auditorio-municipal\\\/\",\"url\":\"https:\\\/\\\/www.caudete.org\\\/ayuntamiento\\\/la-accidentada-fuga-del-joven-julio-verne-el-domingo-1-de-diciembre-en-el-auditorio-municipal\\\/\",\"name\":\"\u00abLa accidentada fuga del joven Julio Verne\u00bb el domingo 1 de diciembre en el Auditorio Municipal - MI Ayuntamiento de Caudete\",\"isPartOf\":{\"@id\":\"https:\\\/\\\/www.caudete.org\\\/ayuntamiento\\\/#website\"},\"primaryImageOfPage\":{\"@id\":\"https:\\\/\\\/www.caudete.org\\\/ayuntamiento\\\/la-accidentada-fuga-del-joven-julio-verne-el-domingo-1-de-diciembre-en-el-auditorio-municipal\\\/#primaryimage\"},\"image\":{\"@id\":\"https:\\\/\\\/www.caudete.org\\\/ayuntamiento\\\/la-accidentada-fuga-del-joven-julio-verne-el-domingo-1-de-diciembre-en-el-auditorio-municipal\\\/#primaryimage\"},\"thumbnailUrl\":\"https:\\\/\\\/www.caudete.org\\\/ayuntamiento\\\/wp-content\\\/uploads\\\/2024\\\/11\\\/CARTEL-JULIO-VERNE-TEATRO-port.jpg\",\"datePublished\":\"2024-11-26T11:09:57+00:00\",\"dateModified\":\"2024-12-02T09:01:50+00:00\",\"author\":{\"@id\":\"https:\\\/\\\/www.caudete.org\\\/ayuntamiento\\\/#\\\/schema\\\/person\\\/4b9eab41761957db9b1bf9c418d1ef46\"},\"description\":\"P\u00e1gina Oficial del Ayuntamiento de Caudete (Albacete)\",\"breadcrumb\":{\"@id\":\"https:\\\/\\\/www.caudete.org\\\/ayuntamiento\\\/la-accidentada-fuga-del-joven-julio-verne-el-domingo-1-de-diciembre-en-el-auditorio-municipal\\\/#breadcrumb\"},\"inLanguage\":\"es\",\"potentialAction\":[{\"@type\":\"ReadAction\",\"target\":[\"https:\\\/\\\/www.caudete.org\\\/ayuntamiento\\\/la-accidentada-fuga-del-joven-julio-verne-el-domingo-1-de-diciembre-en-el-auditorio-municipal\\\/\"]}]},{\"@type\":\"ImageObject\",\"inLanguage\":\"es\",\"@id\":\"https:\\\/\\\/www.caudete.org\\\/ayuntamiento\\\/la-accidentada-fuga-del-joven-julio-verne-el-domingo-1-de-diciembre-en-el-auditorio-municipal\\\/#primaryimage\",\"url\":\"https:\\\/\\\/www.caudete.org\\\/ayuntamiento\\\/wp-content\\\/uploads\\\/2024\\\/11\\\/CARTEL-JULIO-VERNE-TEATRO-port.jpg\",\"contentUrl\":\"https:\\\/\\\/www.caudete.org\\\/ayuntamiento\\\/wp-content\\\/uploads\\\/2024\\\/11\\\/CARTEL-JULIO-VERNE-TEATRO-port.jpg\",\"width\":1000,\"height\":469},{\"@type\":\"BreadcrumbList\",\"@id\":\"https:\\\/\\\/www.caudete.org\\\/ayuntamiento\\\/la-accidentada-fuga-del-joven-julio-verne-el-domingo-1-de-diciembre-en-el-auditorio-municipal\\\/#breadcrumb\",\"itemListElement\":[{\"@type\":\"ListItem\",\"position\":1,\"name\":\"Inicio\",\"item\":\"https:\\\/\\\/www.caudete.org\\\/ayuntamiento\\\/\"},{\"@type\":\"ListItem\",\"position\":2,\"name\":\"\u00abLa accidentada fuga del joven Julio Verne\u00bb el domingo 1 de diciembre en el Auditorio Municipal\"}]},{\"@type\":\"WebSite\",\"@id\":\"https:\\\/\\\/www.caudete.org\\\/ayuntamiento\\\/#website\",\"url\":\"https:\\\/\\\/www.caudete.org\\\/ayuntamiento\\\/\",\"name\":\"MI Ayuntamiento de Caudete\",\"description\":\"P\u00e1gina Oficial del MI Ayuntamiento de Caudete\",\"potentialAction\":[{\"@type\":\"SearchAction\",\"target\":{\"@type\":\"EntryPoint\",\"urlTemplate\":\"https:\\\/\\\/www.caudete.org\\\/ayuntamiento\\\/?s={search_term_string}\"},\"query-input\":{\"@type\":\"PropertyValueSpecification\",\"valueRequired\":true,\"valueName\":\"search_term_string\"}}],\"inLanguage\":\"es\"},{\"@type\":\"Person\",\"@id\":\"https:\\\/\\\/www.caudete.org\\\/ayuntamiento\\\/#\\\/schema\\\/person\\\/4b9eab41761957db9b1bf9c418d1ef46\",\"name\":\"Dpto Informatica MI Ayuntamiento de Caudete\",\"image\":{\"@type\":\"ImageObject\",\"inLanguage\":\"es\",\"@id\":\"https:\\\/\\\/secure.gravatar.com\\\/avatar\\\/ac0321ee4a0a83e82a253e7b2d348ef539e2c8fe16d06b600bde04de1b364fa7?s=96&d=mm&r=g\",\"url\":\"https:\\\/\\\/secure.gravatar.com\\\/avatar\\\/ac0321ee4a0a83e82a253e7b2d348ef539e2c8fe16d06b600bde04de1b364fa7?s=96&d=mm&r=g\",\"contentUrl\":\"https:\\\/\\\/secure.gravatar.com\\\/avatar\\\/ac0321ee4a0a83e82a253e7b2d348ef539e2c8fe16d06b600bde04de1b364fa7?s=96&d=mm&r=g\",\"caption\":\"Dpto Informatica MI Ayuntamiento de Caudete\"},\"url\":\"https:\\\/\\\/www.caudete.org\\\/ayuntamiento\\\/author\\\/informatica\\\/\"}]}<\/script>\n<!-- \/ Yoast SEO plugin. -->","yoast_head_json":{"title":"\u00abLa accidentada fuga del joven Julio Verne\u00bb el domingo 1 de diciembre en el Auditorio Municipal - MI Ayuntamiento de Caudete","description":"P\u00e1gina Oficial del Ayuntamiento de Caudete (Albacete)","robots":{"index":"index","follow":"follow","max-snippet":"max-snippet:-1","max-image-preview":"max-image-preview:large","max-video-preview":"max-video-preview:-1"},"canonical":"https:\/\/www.caudete.org\/ayuntamiento\/la-accidentada-fuga-del-joven-julio-verne-el-domingo-1-de-diciembre-en-el-auditorio-municipal\/","og_locale":"es_ES","og_type":"article","og_title":"\u00abLa accidentada fuga del joven Julio Verne\u00bb el domingo 1 de diciembre en el Auditorio Municipal - MI Ayuntamiento de Caudete","og_description":"P\u00e1gina Oficial del Ayuntamiento de Caudete (Albacete)","og_url":"https:\/\/www.caudete.org\/ayuntamiento\/la-accidentada-fuga-del-joven-julio-verne-el-domingo-1-de-diciembre-en-el-auditorio-municipal\/","og_site_name":"MI Ayuntamiento de Caudete","article_publisher":"https:\/\/www.facebook.com\/ayuntamientocaudete\/","article_published_time":"2024-11-26T11:09:57+00:00","article_modified_time":"2024-12-02T09:01:50+00:00","og_image":[{"width":1000,"height":469,"url":"https:\/\/www.caudete.org\/ayuntamiento\/wp-content\/uploads\/2024\/11\/CARTEL-JULIO-VERNE-TEATRO-port.jpg","type":"image\/jpeg"}],"author":"Dpto Informatica MI Ayuntamiento de Caudete","twitter_card":"summary_large_image","twitter_misc":{"Escrito por":"Dpto Informatica MI Ayuntamiento de Caudete","Tiempo de lectura":"2 minutos"},"schema":{"@context":"https:\/\/schema.org","@graph":[{"@type":"Article","@id":"https:\/\/www.caudete.org\/ayuntamiento\/la-accidentada-fuga-del-joven-julio-verne-el-domingo-1-de-diciembre-en-el-auditorio-municipal\/#article","isPartOf":{"@id":"https:\/\/www.caudete.org\/ayuntamiento\/la-accidentada-fuga-del-joven-julio-verne-el-domingo-1-de-diciembre-en-el-auditorio-municipal\/"},"author":{"name":"Dpto Informatica MI Ayuntamiento de Caudete","@id":"https:\/\/www.caudete.org\/ayuntamiento\/#\/schema\/person\/4b9eab41761957db9b1bf9c418d1ef46"},"headline":"\u00abLa accidentada fuga del joven Julio Verne\u00bb el domingo 1 de diciembre en el Auditorio Municipal","datePublished":"2024-11-26T11:09:57+00:00","dateModified":"2024-12-02T09:01:50+00:00","mainEntityOfPage":{"@id":"https:\/\/www.caudete.org\/ayuntamiento\/la-accidentada-fuga-del-joven-julio-verne-el-domingo-1-de-diciembre-en-el-auditorio-municipal\/"},"wordCount":296,"image":{"@id":"https:\/\/www.caudete.org\/ayuntamiento\/la-accidentada-fuga-del-joven-julio-verne-el-domingo-1-de-diciembre-en-el-auditorio-municipal\/#primaryimage"},"thumbnailUrl":"https:\/\/www.caudete.org\/ayuntamiento\/wp-content\/uploads\/2024\/11\/CARTEL-JULIO-VERNE-TEATRO-port.jpg","articleSection":["Cultura"],"inLanguage":"es"},{"@type":"WebPage","@id":"https:\/\/www.caudete.org\/ayuntamiento\/la-accidentada-fuga-del-joven-julio-verne-el-domingo-1-de-diciembre-en-el-auditorio-municipal\/","url":"https:\/\/www.caudete.org\/ayuntamiento\/la-accidentada-fuga-del-joven-julio-verne-el-domingo-1-de-diciembre-en-el-auditorio-municipal\/","name":"\u00abLa accidentada fuga del joven Julio Verne\u00bb el domingo 1 de diciembre en el Auditorio Municipal - MI Ayuntamiento de Caudete","isPartOf":{"@id":"https:\/\/www.caudete.org\/ayuntamiento\/#website"},"primaryImageOfPage":{"@id":"https:\/\/www.caudete.org\/ayuntamiento\/la-accidentada-fuga-del-joven-julio-verne-el-domingo-1-de-diciembre-en-el-auditorio-municipal\/#primaryimage"},"image":{"@id":"https:\/\/www.caudete.org\/ayuntamiento\/la-accidentada-fuga-del-joven-julio-verne-el-domingo-1-de-diciembre-en-el-auditorio-municipal\/#primaryimage"},"thumbnailUrl":"https:\/\/www.caudete.org\/ayuntamiento\/wp-content\/uploads\/2024\/11\/CARTEL-JULIO-VERNE-TEATRO-port.jpg","datePublished":"2024-11-26T11:09:57+00:00","dateModified":"2024-12-02T09:01:50+00:00","author":{"@id":"https:\/\/www.caudete.org\/ayuntamiento\/#\/schema\/person\/4b9eab41761957db9b1bf9c418d1ef46"},"description":"P\u00e1gina Oficial del Ayuntamiento de Caudete (Albacete)","breadcrumb":{"@id":"https:\/\/www.caudete.org\/ayuntamiento\/la-accidentada-fuga-del-joven-julio-verne-el-domingo-1-de-diciembre-en-el-auditorio-municipal\/#breadcrumb"},"inLanguage":"es","potentialAction":[{"@type":"ReadAction","target":["https:\/\/www.caudete.org\/ayuntamiento\/la-accidentada-fuga-del-joven-julio-verne-el-domingo-1-de-diciembre-en-el-auditorio-municipal\/"]}]},{"@type":"ImageObject","inLanguage":"es","@id":"https:\/\/www.caudete.org\/ayuntamiento\/la-accidentada-fuga-del-joven-julio-verne-el-domingo-1-de-diciembre-en-el-auditorio-municipal\/#primaryimage","url":"https:\/\/www.caudete.org\/ayuntamiento\/wp-content\/uploads\/2024\/11\/CARTEL-JULIO-VERNE-TEATRO-port.jpg","contentUrl":"https:\/\/www.caudete.org\/ayuntamiento\/wp-content\/uploads\/2024\/11\/CARTEL-JULIO-VERNE-TEATRO-port.jpg","width":1000,"height":469},{"@type":"BreadcrumbList","@id":"https:\/\/www.caudete.org\/ayuntamiento\/la-accidentada-fuga-del-joven-julio-verne-el-domingo-1-de-diciembre-en-el-auditorio-municipal\/#breadcrumb","itemListElement":[{"@type":"ListItem","position":1,"name":"Inicio","item":"https:\/\/www.caudete.org\/ayuntamiento\/"},{"@type":"ListItem","position":2,"name":"\u00abLa accidentada fuga del joven Julio Verne\u00bb el domingo 1 de diciembre en el Auditorio Municipal"}]},{"@type":"WebSite","@id":"https:\/\/www.caudete.org\/ayuntamiento\/#website","url":"https:\/\/www.caudete.org\/ayuntamiento\/","name":"MI Ayuntamiento de Caudete","description":"P\u00e1gina Oficial del MI Ayuntamiento de Caudete","potentialAction":[{"@type":"SearchAction","target":{"@type":"EntryPoint","urlTemplate":"https:\/\/www.caudete.org\/ayuntamiento\/?s={search_term_string}"},"query-input":{"@type":"PropertyValueSpecification","valueRequired":true,"valueName":"search_term_string"}}],"inLanguage":"es"},{"@type":"Person","@id":"https:\/\/www.caudete.org\/ayuntamiento\/#\/schema\/person\/4b9eab41761957db9b1bf9c418d1ef46","name":"Dpto Informatica MI Ayuntamiento de Caudete","image":{"@type":"ImageObject","inLanguage":"es","@id":"https:\/\/secure.gravatar.com\/avatar\/ac0321ee4a0a83e82a253e7b2d348ef539e2c8fe16d06b600bde04de1b364fa7?s=96&d=mm&r=g","url":"https:\/\/secure.gravatar.com\/avatar\/ac0321ee4a0a83e82a253e7b2d348ef539e2c8fe16d06b600bde04de1b364fa7?s=96&d=mm&r=g","contentUrl":"https:\/\/secure.gravatar.com\/avatar\/ac0321ee4a0a83e82a253e7b2d348ef539e2c8fe16d06b600bde04de1b364fa7?s=96&d=mm&r=g","caption":"Dpto Informatica MI Ayuntamiento de Caudete"},"url":"https:\/\/www.caudete.org\/ayuntamiento\/author\/informatica\/"}]}},"_links":{"self":[{"href":"https:\/\/www.caudete.org\/ayuntamiento\/wp-json\/wp\/v2\/posts\/26724","targetHints":{"allow":["GET"]}}],"collection":[{"href":"https:\/\/www.caudete.org\/ayuntamiento\/wp-json\/wp\/v2\/posts"}],"about":[{"href":"https:\/\/www.caudete.org\/ayuntamiento\/wp-json\/wp\/v2\/types\/post"}],"author":[{"embeddable":true,"href":"https:\/\/www.caudete.org\/ayuntamiento\/wp-json\/wp\/v2\/users\/5"}],"replies":[{"embeddable":true,"href":"https:\/\/www.caudete.org\/ayuntamiento\/wp-json\/wp\/v2\/comments?post=26724"}],"version-history":[{"count":2,"href":"https:\/\/www.caudete.org\/ayuntamiento\/wp-json\/wp\/v2\/posts\/26724\/revisions"}],"predecessor-version":[{"id":26728,"href":"https:\/\/www.caudete.org\/ayuntamiento\/wp-json\/wp\/v2\/posts\/26724\/revisions\/26728"}],"wp:featuredmedia":[{"embeddable":true,"href":"https:\/\/www.caudete.org\/ayuntamiento\/wp-json\/wp\/v2\/media\/26726"}],"wp:attachment":[{"href":"https:\/\/www.caudete.org\/ayuntamiento\/wp-json\/wp\/v2\/media?parent=26724"}],"wp:term":[{"taxonomy":"category","embeddable":true,"href":"https:\/\/www.caudete.org\/ayuntamiento\/wp-json\/wp\/v2\/categories?post=26724"},{"taxonomy":"post_tag","embeddable":true,"href":"https:\/\/www.caudete.org\/ayuntamiento\/wp-json\/wp\/v2\/tags?post=26724"}],"curies":[{"name":"wp","href":"https:\/\/api.w.org\/{rel}","templated":true}]}}