{"id":26765,"date":"2024-11-28T09:46:02","date_gmt":"2024-11-28T08:46:02","guid":{"rendered":"https:\/\/www.caudete.org\/ayuntamiento\/?p=26765"},"modified":"2024-11-28T09:46:02","modified_gmt":"2024-11-28T08:46:02","slug":"llega-a-caudete-la-ii-jornada-de-natacion-infantil-del-programa-somos-deporte","status":"publish","type":"post","link":"https:\/\/www.caudete.org\/ayuntamiento\/llega-a-caudete-la-ii-jornada-de-natacion-infantil-del-programa-somos-deporte\/","title":{"rendered":"Llega a Caudete la II jornada de nataci\u00f3n infantil del programa Somos Deporte"},"content":{"rendered":"<p style=\"text-align: justify;\">El pr\u00f3ximo s\u00e1bado 30 de noviembre, a partir de las 17:00 horas, la Piscina Cubierta Municipal albergar\u00e1 la segunda jornada del programa &#8220;Somos Deporte&#8221; la cual, reunir\u00e1 a j\u00f3venes nadadores de las categor\u00edas prebenjam\u00edn, benjam\u00edn, alev\u00edn, infantil y junior en una emocionante competici\u00f3n.<\/p>\n<p style=\"text-align: justify;\">Los peque\u00f1os deportistas demostrar\u00e1n sus habilidades en diversas pruebas, como los 25 y 50 metros espalda, 100 metros braza y estilos, 200 metros libres, espalda y mariposa, 800 metros libres y los emocionantes relevos 4&#215;50 libres.<\/p>\n<p style=\"text-align: justify;\">Debido a la celebraci\u00f3n de esta importante competici\u00f3n, la piscina municipal permanecer\u00e1 cerrada a nadadores en general durante la tarde. Sin embargo, se permitir\u00e1 el acceso al p\u00fablico que podr\u00e1n disfrutar del evento y animar a los j\u00f3venes nadadores.<\/p>\n<p style=\"text-align: justify;\">La Concejal de Deportes, Pilar Egea, ha destacado la importancia de esta jornada para fomentar la pr\u00e1ctica de la nataci\u00f3n entre los m\u00e1s j\u00f3venes, \u201ccon el programa &#8216;Somos Deporte&#8217; queremos ofrecer a nuestros escolares la oportunidad de practicar deporte de una forma regular y de este modo disfrutar de todos los beneficios que \u00e9ste aporta para su salud y desarrollo\u201d.<\/p>\n<p style=\"text-align: justify;\">Egea ha subrayado el compromiso del Ayuntamiento con el deporte base y ha animado a todos los ciudadanos a asistir a esta emocionante competici\u00f3n.<\/p>\n<p><a href=\"https:\/\/www.caudete.org\/ayuntamiento\/wp-content\/uploads\/2024\/11\/cartel-somos-deporte-1.jpg\" rel='prettyPhoto'><img fetchpriority=\"high\" decoding=\"async\" class=\"alignnone size-full wp-image-26766\" src=\"https:\/\/www.caudete.org\/ayuntamiento\/wp-content\/uploads\/2024\/11\/cartel-somos-deporte-1.jpg\" alt=\"\" width=\"707\" height=\"1000\" srcset=\"https:\/\/www.caudete.org\/ayuntamiento\/wp-content\/uploads\/2024\/11\/cartel-somos-deporte-1.jpg 707w, https:\/\/www.caudete.org\/ayuntamiento\/wp-content\/uploads\/2024\/11\/cartel-somos-deporte-1-212x300.jpg 212w\" sizes=\"(max-width: 707px) 100vw, 707px\" \/><\/a><\/p>\n","protected":false},"excerpt":{"rendered":"<p>El pr\u00f3ximo s\u00e1bado 30 de noviembre, a partir de las 17:00 horas, la Piscina Cubierta Municipal albergar\u00e1 la segunda jornada del programa &#8220;Somos Deporte&#8221; la cual, reunir\u00e1 a j\u00f3venes nadadores de las categor\u00edas prebenjam\u00edn, benjam\u00edn, alev\u00edn, infantil y junior en una emocionante competici\u00f3n. Los peque\u00f1os deportistas demostrar\u00e1n sus habilidades en diversas pruebas, como los 25 &hellip;<\/p>\n","protected":false},"author":5,"featured_media":26767,"comment_status":"closed","ping_status":"open","sticky":false,"template":"","format":"standard","meta":{"ngg_post_thumbnail":0,"footnotes":""},"categories":[23],"tags":[],"class_list":["post-26765","post","type-post","status-publish","format-standard","has-post-thumbnail","hentry","category-deportes"],"yoast_head":"<!-- This site is optimized with the Yoast SEO plugin v27.5 - https:\/\/yoast.com\/product\/yoast-seo-wordpress\/ -->\n<title>Llega a Caudete la II jornada de nataci\u00f3n infantil del programa Somos Deporte - MI Ayuntamiento de Caudete<\/title>\n<meta name=\"description\" content=\"P\u00e1gina Oficial del Ayuntamiento de Caudete (Albacete)\" \/>\n<meta name=\"robots\" content=\"index, follow, max-snippet:-1, max-image-preview:large, max-video-preview:-1\" \/>\n<link rel=\"canonical\" href=\"https:\/\/www.caudete.org\/ayuntamiento\/llega-a-caudete-la-ii-jornada-de-natacion-infantil-del-programa-somos-deporte\/\" \/>\n<meta property=\"og:locale\" content=\"es_ES\" \/>\n<meta property=\"og:type\" content=\"article\" \/>\n<meta property=\"og:title\" content=\"Llega a Caudete la II jornada de nataci\u00f3n infantil del programa Somos Deporte - MI Ayuntamiento de Caudete\" \/>\n<meta property=\"og:description\" content=\"P\u00e1gina Oficial del Ayuntamiento de Caudete (Albacete)\" \/>\n<meta property=\"og:url\" content=\"https:\/\/www.caudete.org\/ayuntamiento\/llega-a-caudete-la-ii-jornada-de-natacion-infantil-del-programa-somos-deporte\/\" \/>\n<meta property=\"og:site_name\" content=\"MI Ayuntamiento de Caudete\" \/>\n<meta property=\"article:publisher\" content=\"https:\/\/www.facebook.com\/ayuntamientocaudete\/\" \/>\n<meta property=\"article:published_time\" content=\"2024-11-28T08:46:02+00:00\" \/>\n<meta property=\"og:image\" content=\"https:\/\/www.caudete.org\/ayuntamiento\/wp-content\/uploads\/2024\/11\/cartel-somos-deporte-1-port.jpg\" \/>\n\t<meta property=\"og:image:width\" content=\"706\" \/>\n\t<meta property=\"og:image:height\" content=\"422\" \/>\n\t<meta property=\"og:image:type\" content=\"image\/jpeg\" \/>\n<meta name=\"author\" content=\"Dpto Informatica MI Ayuntamiento de Caudete\" \/>\n<meta name=\"twitter:card\" content=\"summary_large_image\" \/>\n<meta name=\"twitter:label1\" content=\"Escrito por\" \/>\n\t<meta name=\"twitter:data1\" content=\"Dpto Informatica MI Ayuntamiento de Caudete\" \/>\n\t<meta name=\"twitter:label2\" content=\"Tiempo de lectura\" \/>\n\t<meta name=\"twitter:data2\" content=\"2 minutos\" \/>\n<script type=\"application\/ld+json\" class=\"yoast-schema-graph\">{\"@context\":\"https:\\\/\\\/schema.org\",\"@graph\":[{\"@type\":\"Article\",\"@id\":\"https:\\\/\\\/www.caudete.org\\\/ayuntamiento\\\/llega-a-caudete-la-ii-jornada-de-natacion-infantil-del-programa-somos-deporte\\\/#article\",\"isPartOf\":{\"@id\":\"https:\\\/\\\/www.caudete.org\\\/ayuntamiento\\\/llega-a-caudete-la-ii-jornada-de-natacion-infantil-del-programa-somos-deporte\\\/\"},\"author\":{\"name\":\"Dpto Informatica MI Ayuntamiento de Caudete\",\"@id\":\"https:\\\/\\\/www.caudete.org\\\/ayuntamiento\\\/#\\\/schema\\\/person\\\/4b9eab41761957db9b1bf9c418d1ef46\"},\"headline\":\"Llega a Caudete la II jornada de nataci\u00f3n infantil del programa Somos Deporte\",\"datePublished\":\"2024-11-28T08:46:02+00:00\",\"mainEntityOfPage\":{\"@id\":\"https:\\\/\\\/www.caudete.org\\\/ayuntamiento\\\/llega-a-caudete-la-ii-jornada-de-natacion-infantil-del-programa-somos-deporte\\\/\"},\"wordCount\":229,\"image\":{\"@id\":\"https:\\\/\\\/www.caudete.org\\\/ayuntamiento\\\/llega-a-caudete-la-ii-jornada-de-natacion-infantil-del-programa-somos-deporte\\\/#primaryimage\"},\"thumbnailUrl\":\"https:\\\/\\\/www.caudete.org\\\/ayuntamiento\\\/wp-content\\\/uploads\\\/2024\\\/11\\\/cartel-somos-deporte-1-port.jpg\",\"articleSection\":[\"Deportes\"],\"inLanguage\":\"es\"},{\"@type\":\"WebPage\",\"@id\":\"https:\\\/\\\/www.caudete.org\\\/ayuntamiento\\\/llega-a-caudete-la-ii-jornada-de-natacion-infantil-del-programa-somos-deporte\\\/\",\"url\":\"https:\\\/\\\/www.caudete.org\\\/ayuntamiento\\\/llega-a-caudete-la-ii-jornada-de-natacion-infantil-del-programa-somos-deporte\\\/\",\"name\":\"Llega a Caudete la II jornada de nataci\u00f3n infantil del programa Somos Deporte - MI Ayuntamiento de Caudete\",\"isPartOf\":{\"@id\":\"https:\\\/\\\/www.caudete.org\\\/ayuntamiento\\\/#website\"},\"primaryImageOfPage\":{\"@id\":\"https:\\\/\\\/www.caudete.org\\\/ayuntamiento\\\/llega-a-caudete-la-ii-jornada-de-natacion-infantil-del-programa-somos-deporte\\\/#primaryimage\"},\"image\":{\"@id\":\"https:\\\/\\\/www.caudete.org\\\/ayuntamiento\\\/llega-a-caudete-la-ii-jornada-de-natacion-infantil-del-programa-somos-deporte\\\/#primaryimage\"},\"thumbnailUrl\":\"https:\\\/\\\/www.caudete.org\\\/ayuntamiento\\\/wp-content\\\/uploads\\\/2024\\\/11\\\/cartel-somos-deporte-1-port.jpg\",\"datePublished\":\"2024-11-28T08:46:02+00:00\",\"author\":{\"@id\":\"https:\\\/\\\/www.caudete.org\\\/ayuntamiento\\\/#\\\/schema\\\/person\\\/4b9eab41761957db9b1bf9c418d1ef46\"},\"description\":\"P\u00e1gina Oficial del Ayuntamiento de Caudete (Albacete)\",\"breadcrumb\":{\"@id\":\"https:\\\/\\\/www.caudete.org\\\/ayuntamiento\\\/llega-a-caudete-la-ii-jornada-de-natacion-infantil-del-programa-somos-deporte\\\/#breadcrumb\"},\"inLanguage\":\"es\",\"potentialAction\":[{\"@type\":\"ReadAction\",\"target\":[\"https:\\\/\\\/www.caudete.org\\\/ayuntamiento\\\/llega-a-caudete-la-ii-jornada-de-natacion-infantil-del-programa-somos-deporte\\\/\"]}]},{\"@type\":\"ImageObject\",\"inLanguage\":\"es\",\"@id\":\"https:\\\/\\\/www.caudete.org\\\/ayuntamiento\\\/llega-a-caudete-la-ii-jornada-de-natacion-infantil-del-programa-somos-deporte\\\/#primaryimage\",\"url\":\"https:\\\/\\\/www.caudete.org\\\/ayuntamiento\\\/wp-content\\\/uploads\\\/2024\\\/11\\\/cartel-somos-deporte-1-port.jpg\",\"contentUrl\":\"https:\\\/\\\/www.caudete.org\\\/ayuntamiento\\\/wp-content\\\/uploads\\\/2024\\\/11\\\/cartel-somos-deporte-1-port.jpg\",\"width\":706,\"height\":422},{\"@type\":\"BreadcrumbList\",\"@id\":\"https:\\\/\\\/www.caudete.org\\\/ayuntamiento\\\/llega-a-caudete-la-ii-jornada-de-natacion-infantil-del-programa-somos-deporte\\\/#breadcrumb\",\"itemListElement\":[{\"@type\":\"ListItem\",\"position\":1,\"name\":\"Inicio\",\"item\":\"https:\\\/\\\/www.caudete.org\\\/ayuntamiento\\\/\"},{\"@type\":\"ListItem\",\"position\":2,\"name\":\"Llega a Caudete la II jornada de nataci\u00f3n infantil del programa Somos Deporte\"}]},{\"@type\":\"WebSite\",\"@id\":\"https:\\\/\\\/www.caudete.org\\\/ayuntamiento\\\/#website\",\"url\":\"https:\\\/\\\/www.caudete.org\\\/ayuntamiento\\\/\",\"name\":\"MI Ayuntamiento de Caudete\",\"description\":\"P\u00e1gina Oficial del MI Ayuntamiento de Caudete\",\"potentialAction\":[{\"@type\":\"SearchAction\",\"target\":{\"@type\":\"EntryPoint\",\"urlTemplate\":\"https:\\\/\\\/www.caudete.org\\\/ayuntamiento\\\/?s={search_term_string}\"},\"query-input\":{\"@type\":\"PropertyValueSpecification\",\"valueRequired\":true,\"valueName\":\"search_term_string\"}}],\"inLanguage\":\"es\"},{\"@type\":\"Person\",\"@id\":\"https:\\\/\\\/www.caudete.org\\\/ayuntamiento\\\/#\\\/schema\\\/person\\\/4b9eab41761957db9b1bf9c418d1ef46\",\"name\":\"Dpto Informatica MI Ayuntamiento de Caudete\",\"image\":{\"@type\":\"ImageObject\",\"inLanguage\":\"es\",\"@id\":\"https:\\\/\\\/secure.gravatar.com\\\/avatar\\\/ac0321ee4a0a83e82a253e7b2d348ef539e2c8fe16d06b600bde04de1b364fa7?s=96&d=mm&r=g\",\"url\":\"https:\\\/\\\/secure.gravatar.com\\\/avatar\\\/ac0321ee4a0a83e82a253e7b2d348ef539e2c8fe16d06b600bde04de1b364fa7?s=96&d=mm&r=g\",\"contentUrl\":\"https:\\\/\\\/secure.gravatar.com\\\/avatar\\\/ac0321ee4a0a83e82a253e7b2d348ef539e2c8fe16d06b600bde04de1b364fa7?s=96&d=mm&r=g\",\"caption\":\"Dpto Informatica MI Ayuntamiento de Caudete\"},\"url\":\"https:\\\/\\\/www.caudete.org\\\/ayuntamiento\\\/author\\\/informatica\\\/\"}]}<\/script>\n<!-- \/ Yoast SEO plugin. -->","yoast_head_json":{"title":"Llega a Caudete la II jornada de nataci\u00f3n infantil del programa Somos Deporte - MI Ayuntamiento de Caudete","description":"P\u00e1gina Oficial del Ayuntamiento de Caudete (Albacete)","robots":{"index":"index","follow":"follow","max-snippet":"max-snippet:-1","max-image-preview":"max-image-preview:large","max-video-preview":"max-video-preview:-1"},"canonical":"https:\/\/www.caudete.org\/ayuntamiento\/llega-a-caudete-la-ii-jornada-de-natacion-infantil-del-programa-somos-deporte\/","og_locale":"es_ES","og_type":"article","og_title":"Llega a Caudete la II jornada de nataci\u00f3n infantil del programa Somos Deporte - MI Ayuntamiento de Caudete","og_description":"P\u00e1gina Oficial del Ayuntamiento de Caudete (Albacete)","og_url":"https:\/\/www.caudete.org\/ayuntamiento\/llega-a-caudete-la-ii-jornada-de-natacion-infantil-del-programa-somos-deporte\/","og_site_name":"MI Ayuntamiento de Caudete","article_publisher":"https:\/\/www.facebook.com\/ayuntamientocaudete\/","article_published_time":"2024-11-28T08:46:02+00:00","og_image":[{"width":706,"height":422,"url":"https:\/\/www.caudete.org\/ayuntamiento\/wp-content\/uploads\/2024\/11\/cartel-somos-deporte-1-port.jpg","type":"image\/jpeg"}],"author":"Dpto Informatica MI Ayuntamiento de Caudete","twitter_card":"summary_large_image","twitter_misc":{"Escrito por":"Dpto Informatica MI Ayuntamiento de Caudete","Tiempo de lectura":"2 minutos"},"schema":{"@context":"https:\/\/schema.org","@graph":[{"@type":"Article","@id":"https:\/\/www.caudete.org\/ayuntamiento\/llega-a-caudete-la-ii-jornada-de-natacion-infantil-del-programa-somos-deporte\/#article","isPartOf":{"@id":"https:\/\/www.caudete.org\/ayuntamiento\/llega-a-caudete-la-ii-jornada-de-natacion-infantil-del-programa-somos-deporte\/"},"author":{"name":"Dpto Informatica MI Ayuntamiento de Caudete","@id":"https:\/\/www.caudete.org\/ayuntamiento\/#\/schema\/person\/4b9eab41761957db9b1bf9c418d1ef46"},"headline":"Llega a Caudete la II jornada de nataci\u00f3n infantil del programa Somos Deporte","datePublished":"2024-11-28T08:46:02+00:00","mainEntityOfPage":{"@id":"https:\/\/www.caudete.org\/ayuntamiento\/llega-a-caudete-la-ii-jornada-de-natacion-infantil-del-programa-somos-deporte\/"},"wordCount":229,"image":{"@id":"https:\/\/www.caudete.org\/ayuntamiento\/llega-a-caudete-la-ii-jornada-de-natacion-infantil-del-programa-somos-deporte\/#primaryimage"},"thumbnailUrl":"https:\/\/www.caudete.org\/ayuntamiento\/wp-content\/uploads\/2024\/11\/cartel-somos-deporte-1-port.jpg","articleSection":["Deportes"],"inLanguage":"es"},{"@type":"WebPage","@id":"https:\/\/www.caudete.org\/ayuntamiento\/llega-a-caudete-la-ii-jornada-de-natacion-infantil-del-programa-somos-deporte\/","url":"https:\/\/www.caudete.org\/ayuntamiento\/llega-a-caudete-la-ii-jornada-de-natacion-infantil-del-programa-somos-deporte\/","name":"Llega a Caudete la II jornada de nataci\u00f3n infantil del programa Somos Deporte - MI Ayuntamiento de Caudete","isPartOf":{"@id":"https:\/\/www.caudete.org\/ayuntamiento\/#website"},"primaryImageOfPage":{"@id":"https:\/\/www.caudete.org\/ayuntamiento\/llega-a-caudete-la-ii-jornada-de-natacion-infantil-del-programa-somos-deporte\/#primaryimage"},"image":{"@id":"https:\/\/www.caudete.org\/ayuntamiento\/llega-a-caudete-la-ii-jornada-de-natacion-infantil-del-programa-somos-deporte\/#primaryimage"},"thumbnailUrl":"https:\/\/www.caudete.org\/ayuntamiento\/wp-content\/uploads\/2024\/11\/cartel-somos-deporte-1-port.jpg","datePublished":"2024-11-28T08:46:02+00:00","author":{"@id":"https:\/\/www.caudete.org\/ayuntamiento\/#\/schema\/person\/4b9eab41761957db9b1bf9c418d1ef46"},"description":"P\u00e1gina Oficial del Ayuntamiento de Caudete (Albacete)","breadcrumb":{"@id":"https:\/\/www.caudete.org\/ayuntamiento\/llega-a-caudete-la-ii-jornada-de-natacion-infantil-del-programa-somos-deporte\/#breadcrumb"},"inLanguage":"es","potentialAction":[{"@type":"ReadAction","target":["https:\/\/www.caudete.org\/ayuntamiento\/llega-a-caudete-la-ii-jornada-de-natacion-infantil-del-programa-somos-deporte\/"]}]},{"@type":"ImageObject","inLanguage":"es","@id":"https:\/\/www.caudete.org\/ayuntamiento\/llega-a-caudete-la-ii-jornada-de-natacion-infantil-del-programa-somos-deporte\/#primaryimage","url":"https:\/\/www.caudete.org\/ayuntamiento\/wp-content\/uploads\/2024\/11\/cartel-somos-deporte-1-port.jpg","contentUrl":"https:\/\/www.caudete.org\/ayuntamiento\/wp-content\/uploads\/2024\/11\/cartel-somos-deporte-1-port.jpg","width":706,"height":422},{"@type":"BreadcrumbList","@id":"https:\/\/www.caudete.org\/ayuntamiento\/llega-a-caudete-la-ii-jornada-de-natacion-infantil-del-programa-somos-deporte\/#breadcrumb","itemListElement":[{"@type":"ListItem","position":1,"name":"Inicio","item":"https:\/\/www.caudete.org\/ayuntamiento\/"},{"@type":"ListItem","position":2,"name":"Llega a Caudete la II jornada de nataci\u00f3n infantil del programa Somos Deporte"}]},{"@type":"WebSite","@id":"https:\/\/www.caudete.org\/ayuntamiento\/#website","url":"https:\/\/www.caudete.org\/ayuntamiento\/","name":"MI Ayuntamiento de Caudete","description":"P\u00e1gina Oficial del MI Ayuntamiento de Caudete","potentialAction":[{"@type":"SearchAction","target":{"@type":"EntryPoint","urlTemplate":"https:\/\/www.caudete.org\/ayuntamiento\/?s={search_term_string}"},"query-input":{"@type":"PropertyValueSpecification","valueRequired":true,"valueName":"search_term_string"}}],"inLanguage":"es"},{"@type":"Person","@id":"https:\/\/www.caudete.org\/ayuntamiento\/#\/schema\/person\/4b9eab41761957db9b1bf9c418d1ef46","name":"Dpto Informatica MI Ayuntamiento de Caudete","image":{"@type":"ImageObject","inLanguage":"es","@id":"https:\/\/secure.gravatar.com\/avatar\/ac0321ee4a0a83e82a253e7b2d348ef539e2c8fe16d06b600bde04de1b364fa7?s=96&d=mm&r=g","url":"https:\/\/secure.gravatar.com\/avatar\/ac0321ee4a0a83e82a253e7b2d348ef539e2c8fe16d06b600bde04de1b364fa7?s=96&d=mm&r=g","contentUrl":"https:\/\/secure.gravatar.com\/avatar\/ac0321ee4a0a83e82a253e7b2d348ef539e2c8fe16d06b600bde04de1b364fa7?s=96&d=mm&r=g","caption":"Dpto Informatica MI Ayuntamiento de Caudete"},"url":"https:\/\/www.caudete.org\/ayuntamiento\/author\/informatica\/"}]}},"_links":{"self":[{"href":"https:\/\/www.caudete.org\/ayuntamiento\/wp-json\/wp\/v2\/posts\/26765","targetHints":{"allow":["GET"]}}],"collection":[{"href":"https:\/\/www.caudete.org\/ayuntamiento\/wp-json\/wp\/v2\/posts"}],"about":[{"href":"https:\/\/www.caudete.org\/ayuntamiento\/wp-json\/wp\/v2\/types\/post"}],"author":[{"embeddable":true,"href":"https:\/\/www.caudete.org\/ayuntamiento\/wp-json\/wp\/v2\/users\/5"}],"replies":[{"embeddable":true,"href":"https:\/\/www.caudete.org\/ayuntamiento\/wp-json\/wp\/v2\/comments?post=26765"}],"version-history":[{"count":1,"href":"https:\/\/www.caudete.org\/ayuntamiento\/wp-json\/wp\/v2\/posts\/26765\/revisions"}],"predecessor-version":[{"id":26768,"href":"https:\/\/www.caudete.org\/ayuntamiento\/wp-json\/wp\/v2\/posts\/26765\/revisions\/26768"}],"wp:featuredmedia":[{"embeddable":true,"href":"https:\/\/www.caudete.org\/ayuntamiento\/wp-json\/wp\/v2\/media\/26767"}],"wp:attachment":[{"href":"https:\/\/www.caudete.org\/ayuntamiento\/wp-json\/wp\/v2\/media?parent=26765"}],"wp:term":[{"taxonomy":"category","embeddable":true,"href":"https:\/\/www.caudete.org\/ayuntamiento\/wp-json\/wp\/v2\/categories?post=26765"},{"taxonomy":"post_tag","embeddable":true,"href":"https:\/\/www.caudete.org\/ayuntamiento\/wp-json\/wp\/v2\/tags?post=26765"}],"curies":[{"name":"wp","href":"https:\/\/api.w.org\/{rel}","templated":true}]}}