{"id":26771,"date":"2024-11-29T15:19:58","date_gmt":"2024-11-29T14:19:58","guid":{"rendered":"https:\/\/www.caudete.org\/ayuntamiento\/?p=26771"},"modified":"2024-11-29T15:19:58","modified_gmt":"2024-11-29T14:19:58","slug":"caudete-se-sumerge-en-el-exito-del-i-campeonato-de-natacion-local-escolar","status":"publish","type":"post","link":"https:\/\/www.caudete.org\/ayuntamiento\/caudete-se-sumerge-en-el-exito-del-i-campeonato-de-natacion-local-escolar\/","title":{"rendered":"Caudete se sumerge en el \u00e9xito del I Campeonato de Nataci\u00f3n Local Escolar"},"content":{"rendered":"<p>La Piscina Cubierta Municipal se convirti\u00f3 la ma\u00f1ana del domingo 24 de noviembre en el epicentro del deporte en Caudete al albergar la primera edici\u00f3n del Campeonato de Nataci\u00f3n Villa de Caudete. Un evento que congreg\u00f3 a j\u00f3venes promesas de la nataci\u00f3n en las categor\u00edas prebenjam\u00edn, benjam\u00edn, alev\u00edn, infantil y junior.<\/p>\n<p>La competici\u00f3n, organizada por la Concejal\u00eda de Deportes en colaboraci\u00f3n con EBONE, ofreci\u00f3 un espect\u00e1culo deportivo de primer nivel. Los nadadores demostraron su talento y entrega en pruebas de 25 y 50 metros estilo libre y espalda, adaptadas a cada categor\u00eda.<\/p>\n<p>La concejala de Deportes, Pilar Egea, mostr\u00f3 su satisfacci\u00f3n por el \u00e9xito del evento: &#8220;Ver la piscina llena de j\u00f3venes nadadores es una alegr\u00eda inmensa. Este campeonato es una muestra m\u00e1s de nuestro compromiso con el deporte base y la promoci\u00f3n de h\u00e1bitos saludables entre nuestros j\u00f3venes&#8221;.<\/p>\n<p>Egea hizo entrega de las medallas a los tres primeros clasificados de cada prueba, felicitando a todos los participantes por su esfuerzo y dedicaci\u00f3n. &#8220;Todos sois ganadores, hab\u00e9is superado vuestros l\u00edmites y disfrutado de este d\u00eda&#8221;, destac\u00f3 la edil.<\/p>\n<p>La competici\u00f3n cont\u00f3 con la novedad de la tecnolog\u00eda nagi smartpool, que permiti\u00f3 obtener datos precisos sobre el rendimiento de cada nadador, ofreciendo una experiencia m\u00e1s completa y profesional.<br \/>\nEste primer campeonato de nataci\u00f3n se consolida como un evento deportivo de referencia en la localidad, y abre las puertas a futuras ediciones que prometen seguir fomentando el talento de los j\u00f3venes nadadores de Caudete.<br \/>\n<a href=\"https:\/\/www.caudete.org\/ayuntamiento\/wp-content\/uploads\/2024\/11\/social-caudete-1.jpg\" rel='prettyPhoto'><img fetchpriority=\"high\" decoding=\"async\" class=\"alignnone size-full wp-image-26772\" src=\"https:\/\/www.caudete.org\/ayuntamiento\/wp-content\/uploads\/2024\/11\/social-caudete-1.jpg\" alt=\"\" width=\"559\" height=\"1000\" srcset=\"https:\/\/www.caudete.org\/ayuntamiento\/wp-content\/uploads\/2024\/11\/social-caudete-1.jpg 559w, https:\/\/www.caudete.org\/ayuntamiento\/wp-content\/uploads\/2024\/11\/social-caudete-1-168x300.jpg 168w\" sizes=\"(max-width: 559px) 100vw, 559px\" \/><\/a><\/p>\n","protected":false},"excerpt":{"rendered":"<p>La Piscina Cubierta Municipal se convirti\u00f3 la ma\u00f1ana del domingo 24 de noviembre en el epicentro del deporte en Caudete al albergar la primera edici\u00f3n del Campeonato de Nataci\u00f3n Villa de Caudete. Un evento que congreg\u00f3 a j\u00f3venes promesas de la nataci\u00f3n en las categor\u00edas prebenjam\u00edn, benjam\u00edn, alev\u00edn, infantil y junior. La competici\u00f3n, organizada por &hellip;<\/p>\n","protected":false},"author":5,"featured_media":26772,"comment_status":"closed","ping_status":"open","sticky":false,"template":"","format":"standard","meta":{"ngg_post_thumbnail":0,"footnotes":""},"categories":[23],"tags":[],"class_list":["post-26771","post","type-post","status-publish","format-standard","has-post-thumbnail","hentry","category-deportes"],"yoast_head":"<!-- This site is optimized with the Yoast SEO plugin v27.5 - https:\/\/yoast.com\/product\/yoast-seo-wordpress\/ -->\n<title>Caudete se sumerge en el \u00e9xito del I Campeonato de Nataci\u00f3n Local Escolar - MI Ayuntamiento de Caudete<\/title>\n<meta name=\"description\" content=\"P\u00e1gina Oficial del Ayuntamiento de Caudete (Albacete)\" \/>\n<meta name=\"robots\" content=\"index, follow, max-snippet:-1, max-image-preview:large, max-video-preview:-1\" \/>\n<link rel=\"canonical\" href=\"https:\/\/www.caudete.org\/ayuntamiento\/caudete-se-sumerge-en-el-exito-del-i-campeonato-de-natacion-local-escolar\/\" \/>\n<meta property=\"og:locale\" content=\"es_ES\" \/>\n<meta property=\"og:type\" content=\"article\" \/>\n<meta property=\"og:title\" content=\"Caudete se sumerge en el \u00e9xito del I Campeonato de Nataci\u00f3n Local Escolar - MI Ayuntamiento de Caudete\" \/>\n<meta property=\"og:description\" content=\"P\u00e1gina Oficial del Ayuntamiento de Caudete (Albacete)\" \/>\n<meta property=\"og:url\" content=\"https:\/\/www.caudete.org\/ayuntamiento\/caudete-se-sumerge-en-el-exito-del-i-campeonato-de-natacion-local-escolar\/\" \/>\n<meta property=\"og:site_name\" content=\"MI Ayuntamiento de Caudete\" \/>\n<meta property=\"article:publisher\" content=\"https:\/\/www.facebook.com\/ayuntamientocaudete\/\" \/>\n<meta property=\"article:published_time\" content=\"2024-11-29T14:19:58+00:00\" \/>\n<meta property=\"og:image\" content=\"https:\/\/www.caudete.org\/ayuntamiento\/wp-content\/uploads\/2024\/11\/social-caudete-1.jpg\" \/>\n\t<meta property=\"og:image:width\" content=\"559\" \/>\n\t<meta property=\"og:image:height\" content=\"1000\" \/>\n\t<meta property=\"og:image:type\" content=\"image\/jpeg\" \/>\n<meta name=\"author\" content=\"Dpto Informatica MI Ayuntamiento de Caudete\" \/>\n<meta name=\"twitter:card\" content=\"summary_large_image\" \/>\n<meta name=\"twitter:label1\" content=\"Escrito por\" \/>\n\t<meta name=\"twitter:data1\" content=\"Dpto Informatica MI Ayuntamiento de Caudete\" \/>\n\t<meta name=\"twitter:label2\" content=\"Tiempo de lectura\" \/>\n\t<meta name=\"twitter:data2\" content=\"2 minutos\" \/>\n<script type=\"application\/ld+json\" class=\"yoast-schema-graph\">{\"@context\":\"https:\\\/\\\/schema.org\",\"@graph\":[{\"@type\":\"Article\",\"@id\":\"https:\\\/\\\/www.caudete.org\\\/ayuntamiento\\\/caudete-se-sumerge-en-el-exito-del-i-campeonato-de-natacion-local-escolar\\\/#article\",\"isPartOf\":{\"@id\":\"https:\\\/\\\/www.caudete.org\\\/ayuntamiento\\\/caudete-se-sumerge-en-el-exito-del-i-campeonato-de-natacion-local-escolar\\\/\"},\"author\":{\"name\":\"Dpto Informatica MI Ayuntamiento de Caudete\",\"@id\":\"https:\\\/\\\/www.caudete.org\\\/ayuntamiento\\\/#\\\/schema\\\/person\\\/4b9eab41761957db9b1bf9c418d1ef46\"},\"headline\":\"Caudete se sumerge en el \u00e9xito del I Campeonato de Nataci\u00f3n Local Escolar\",\"datePublished\":\"2024-11-29T14:19:58+00:00\",\"mainEntityOfPage\":{\"@id\":\"https:\\\/\\\/www.caudete.org\\\/ayuntamiento\\\/caudete-se-sumerge-en-el-exito-del-i-campeonato-de-natacion-local-escolar\\\/\"},\"wordCount\":283,\"image\":{\"@id\":\"https:\\\/\\\/www.caudete.org\\\/ayuntamiento\\\/caudete-se-sumerge-en-el-exito-del-i-campeonato-de-natacion-local-escolar\\\/#primaryimage\"},\"thumbnailUrl\":\"https:\\\/\\\/www.caudete.org\\\/ayuntamiento\\\/wp-content\\\/uploads\\\/2024\\\/11\\\/social-caudete-1.jpg\",\"articleSection\":[\"Deportes\"],\"inLanguage\":\"es\"},{\"@type\":\"WebPage\",\"@id\":\"https:\\\/\\\/www.caudete.org\\\/ayuntamiento\\\/caudete-se-sumerge-en-el-exito-del-i-campeonato-de-natacion-local-escolar\\\/\",\"url\":\"https:\\\/\\\/www.caudete.org\\\/ayuntamiento\\\/caudete-se-sumerge-en-el-exito-del-i-campeonato-de-natacion-local-escolar\\\/\",\"name\":\"Caudete se sumerge en el \u00e9xito del I Campeonato de Nataci\u00f3n Local Escolar - MI Ayuntamiento de Caudete\",\"isPartOf\":{\"@id\":\"https:\\\/\\\/www.caudete.org\\\/ayuntamiento\\\/#website\"},\"primaryImageOfPage\":{\"@id\":\"https:\\\/\\\/www.caudete.org\\\/ayuntamiento\\\/caudete-se-sumerge-en-el-exito-del-i-campeonato-de-natacion-local-escolar\\\/#primaryimage\"},\"image\":{\"@id\":\"https:\\\/\\\/www.caudete.org\\\/ayuntamiento\\\/caudete-se-sumerge-en-el-exito-del-i-campeonato-de-natacion-local-escolar\\\/#primaryimage\"},\"thumbnailUrl\":\"https:\\\/\\\/www.caudete.org\\\/ayuntamiento\\\/wp-content\\\/uploads\\\/2024\\\/11\\\/social-caudete-1.jpg\",\"datePublished\":\"2024-11-29T14:19:58+00:00\",\"author\":{\"@id\":\"https:\\\/\\\/www.caudete.org\\\/ayuntamiento\\\/#\\\/schema\\\/person\\\/4b9eab41761957db9b1bf9c418d1ef46\"},\"description\":\"P\u00e1gina Oficial del Ayuntamiento de Caudete (Albacete)\",\"breadcrumb\":{\"@id\":\"https:\\\/\\\/www.caudete.org\\\/ayuntamiento\\\/caudete-se-sumerge-en-el-exito-del-i-campeonato-de-natacion-local-escolar\\\/#breadcrumb\"},\"inLanguage\":\"es\",\"potentialAction\":[{\"@type\":\"ReadAction\",\"target\":[\"https:\\\/\\\/www.caudete.org\\\/ayuntamiento\\\/caudete-se-sumerge-en-el-exito-del-i-campeonato-de-natacion-local-escolar\\\/\"]}]},{\"@type\":\"ImageObject\",\"inLanguage\":\"es\",\"@id\":\"https:\\\/\\\/www.caudete.org\\\/ayuntamiento\\\/caudete-se-sumerge-en-el-exito-del-i-campeonato-de-natacion-local-escolar\\\/#primaryimage\",\"url\":\"https:\\\/\\\/www.caudete.org\\\/ayuntamiento\\\/wp-content\\\/uploads\\\/2024\\\/11\\\/social-caudete-1.jpg\",\"contentUrl\":\"https:\\\/\\\/www.caudete.org\\\/ayuntamiento\\\/wp-content\\\/uploads\\\/2024\\\/11\\\/social-caudete-1.jpg\",\"width\":559,\"height\":1000},{\"@type\":\"BreadcrumbList\",\"@id\":\"https:\\\/\\\/www.caudete.org\\\/ayuntamiento\\\/caudete-se-sumerge-en-el-exito-del-i-campeonato-de-natacion-local-escolar\\\/#breadcrumb\",\"itemListElement\":[{\"@type\":\"ListItem\",\"position\":1,\"name\":\"Inicio\",\"item\":\"https:\\\/\\\/www.caudete.org\\\/ayuntamiento\\\/\"},{\"@type\":\"ListItem\",\"position\":2,\"name\":\"Caudete se sumerge en el \u00e9xito del I Campeonato de Nataci\u00f3n Local Escolar\"}]},{\"@type\":\"WebSite\",\"@id\":\"https:\\\/\\\/www.caudete.org\\\/ayuntamiento\\\/#website\",\"url\":\"https:\\\/\\\/www.caudete.org\\\/ayuntamiento\\\/\",\"name\":\"MI Ayuntamiento de Caudete\",\"description\":\"P\u00e1gina Oficial del MI Ayuntamiento de Caudete\",\"potentialAction\":[{\"@type\":\"SearchAction\",\"target\":{\"@type\":\"EntryPoint\",\"urlTemplate\":\"https:\\\/\\\/www.caudete.org\\\/ayuntamiento\\\/?s={search_term_string}\"},\"query-input\":{\"@type\":\"PropertyValueSpecification\",\"valueRequired\":true,\"valueName\":\"search_term_string\"}}],\"inLanguage\":\"es\"},{\"@type\":\"Person\",\"@id\":\"https:\\\/\\\/www.caudete.org\\\/ayuntamiento\\\/#\\\/schema\\\/person\\\/4b9eab41761957db9b1bf9c418d1ef46\",\"name\":\"Dpto Informatica MI Ayuntamiento de Caudete\",\"image\":{\"@type\":\"ImageObject\",\"inLanguage\":\"es\",\"@id\":\"https:\\\/\\\/secure.gravatar.com\\\/avatar\\\/ac0321ee4a0a83e82a253e7b2d348ef539e2c8fe16d06b600bde04de1b364fa7?s=96&d=mm&r=g\",\"url\":\"https:\\\/\\\/secure.gravatar.com\\\/avatar\\\/ac0321ee4a0a83e82a253e7b2d348ef539e2c8fe16d06b600bde04de1b364fa7?s=96&d=mm&r=g\",\"contentUrl\":\"https:\\\/\\\/secure.gravatar.com\\\/avatar\\\/ac0321ee4a0a83e82a253e7b2d348ef539e2c8fe16d06b600bde04de1b364fa7?s=96&d=mm&r=g\",\"caption\":\"Dpto Informatica MI Ayuntamiento de Caudete\"},\"url\":\"https:\\\/\\\/www.caudete.org\\\/ayuntamiento\\\/author\\\/informatica\\\/\"}]}<\/script>\n<!-- \/ Yoast SEO plugin. -->","yoast_head_json":{"title":"Caudete se sumerge en el \u00e9xito del I Campeonato de Nataci\u00f3n Local Escolar - MI Ayuntamiento de Caudete","description":"P\u00e1gina Oficial del Ayuntamiento de Caudete (Albacete)","robots":{"index":"index","follow":"follow","max-snippet":"max-snippet:-1","max-image-preview":"max-image-preview:large","max-video-preview":"max-video-preview:-1"},"canonical":"https:\/\/www.caudete.org\/ayuntamiento\/caudete-se-sumerge-en-el-exito-del-i-campeonato-de-natacion-local-escolar\/","og_locale":"es_ES","og_type":"article","og_title":"Caudete se sumerge en el \u00e9xito del I Campeonato de Nataci\u00f3n Local Escolar - MI Ayuntamiento de Caudete","og_description":"P\u00e1gina Oficial del Ayuntamiento de Caudete (Albacete)","og_url":"https:\/\/www.caudete.org\/ayuntamiento\/caudete-se-sumerge-en-el-exito-del-i-campeonato-de-natacion-local-escolar\/","og_site_name":"MI Ayuntamiento de Caudete","article_publisher":"https:\/\/www.facebook.com\/ayuntamientocaudete\/","article_published_time":"2024-11-29T14:19:58+00:00","og_image":[{"width":559,"height":1000,"url":"https:\/\/www.caudete.org\/ayuntamiento\/wp-content\/uploads\/2024\/11\/social-caudete-1.jpg","type":"image\/jpeg"}],"author":"Dpto Informatica MI Ayuntamiento de Caudete","twitter_card":"summary_large_image","twitter_misc":{"Escrito por":"Dpto Informatica MI Ayuntamiento de Caudete","Tiempo de lectura":"2 minutos"},"schema":{"@context":"https:\/\/schema.org","@graph":[{"@type":"Article","@id":"https:\/\/www.caudete.org\/ayuntamiento\/caudete-se-sumerge-en-el-exito-del-i-campeonato-de-natacion-local-escolar\/#article","isPartOf":{"@id":"https:\/\/www.caudete.org\/ayuntamiento\/caudete-se-sumerge-en-el-exito-del-i-campeonato-de-natacion-local-escolar\/"},"author":{"name":"Dpto Informatica MI Ayuntamiento de Caudete","@id":"https:\/\/www.caudete.org\/ayuntamiento\/#\/schema\/person\/4b9eab41761957db9b1bf9c418d1ef46"},"headline":"Caudete se sumerge en el \u00e9xito del I Campeonato de Nataci\u00f3n Local Escolar","datePublished":"2024-11-29T14:19:58+00:00","mainEntityOfPage":{"@id":"https:\/\/www.caudete.org\/ayuntamiento\/caudete-se-sumerge-en-el-exito-del-i-campeonato-de-natacion-local-escolar\/"},"wordCount":283,"image":{"@id":"https:\/\/www.caudete.org\/ayuntamiento\/caudete-se-sumerge-en-el-exito-del-i-campeonato-de-natacion-local-escolar\/#primaryimage"},"thumbnailUrl":"https:\/\/www.caudete.org\/ayuntamiento\/wp-content\/uploads\/2024\/11\/social-caudete-1.jpg","articleSection":["Deportes"],"inLanguage":"es"},{"@type":"WebPage","@id":"https:\/\/www.caudete.org\/ayuntamiento\/caudete-se-sumerge-en-el-exito-del-i-campeonato-de-natacion-local-escolar\/","url":"https:\/\/www.caudete.org\/ayuntamiento\/caudete-se-sumerge-en-el-exito-del-i-campeonato-de-natacion-local-escolar\/","name":"Caudete se sumerge en el \u00e9xito del I Campeonato de Nataci\u00f3n Local Escolar - MI Ayuntamiento de Caudete","isPartOf":{"@id":"https:\/\/www.caudete.org\/ayuntamiento\/#website"},"primaryImageOfPage":{"@id":"https:\/\/www.caudete.org\/ayuntamiento\/caudete-se-sumerge-en-el-exito-del-i-campeonato-de-natacion-local-escolar\/#primaryimage"},"image":{"@id":"https:\/\/www.caudete.org\/ayuntamiento\/caudete-se-sumerge-en-el-exito-del-i-campeonato-de-natacion-local-escolar\/#primaryimage"},"thumbnailUrl":"https:\/\/www.caudete.org\/ayuntamiento\/wp-content\/uploads\/2024\/11\/social-caudete-1.jpg","datePublished":"2024-11-29T14:19:58+00:00","author":{"@id":"https:\/\/www.caudete.org\/ayuntamiento\/#\/schema\/person\/4b9eab41761957db9b1bf9c418d1ef46"},"description":"P\u00e1gina Oficial del Ayuntamiento de Caudete (Albacete)","breadcrumb":{"@id":"https:\/\/www.caudete.org\/ayuntamiento\/caudete-se-sumerge-en-el-exito-del-i-campeonato-de-natacion-local-escolar\/#breadcrumb"},"inLanguage":"es","potentialAction":[{"@type":"ReadAction","target":["https:\/\/www.caudete.org\/ayuntamiento\/caudete-se-sumerge-en-el-exito-del-i-campeonato-de-natacion-local-escolar\/"]}]},{"@type":"ImageObject","inLanguage":"es","@id":"https:\/\/www.caudete.org\/ayuntamiento\/caudete-se-sumerge-en-el-exito-del-i-campeonato-de-natacion-local-escolar\/#primaryimage","url":"https:\/\/www.caudete.org\/ayuntamiento\/wp-content\/uploads\/2024\/11\/social-caudete-1.jpg","contentUrl":"https:\/\/www.caudete.org\/ayuntamiento\/wp-content\/uploads\/2024\/11\/social-caudete-1.jpg","width":559,"height":1000},{"@type":"BreadcrumbList","@id":"https:\/\/www.caudete.org\/ayuntamiento\/caudete-se-sumerge-en-el-exito-del-i-campeonato-de-natacion-local-escolar\/#breadcrumb","itemListElement":[{"@type":"ListItem","position":1,"name":"Inicio","item":"https:\/\/www.caudete.org\/ayuntamiento\/"},{"@type":"ListItem","position":2,"name":"Caudete se sumerge en el \u00e9xito del I Campeonato de Nataci\u00f3n Local Escolar"}]},{"@type":"WebSite","@id":"https:\/\/www.caudete.org\/ayuntamiento\/#website","url":"https:\/\/www.caudete.org\/ayuntamiento\/","name":"MI Ayuntamiento de Caudete","description":"P\u00e1gina Oficial del MI Ayuntamiento de Caudete","potentialAction":[{"@type":"SearchAction","target":{"@type":"EntryPoint","urlTemplate":"https:\/\/www.caudete.org\/ayuntamiento\/?s={search_term_string}"},"query-input":{"@type":"PropertyValueSpecification","valueRequired":true,"valueName":"search_term_string"}}],"inLanguage":"es"},{"@type":"Person","@id":"https:\/\/www.caudete.org\/ayuntamiento\/#\/schema\/person\/4b9eab41761957db9b1bf9c418d1ef46","name":"Dpto Informatica MI Ayuntamiento de Caudete","image":{"@type":"ImageObject","inLanguage":"es","@id":"https:\/\/secure.gravatar.com\/avatar\/ac0321ee4a0a83e82a253e7b2d348ef539e2c8fe16d06b600bde04de1b364fa7?s=96&d=mm&r=g","url":"https:\/\/secure.gravatar.com\/avatar\/ac0321ee4a0a83e82a253e7b2d348ef539e2c8fe16d06b600bde04de1b364fa7?s=96&d=mm&r=g","contentUrl":"https:\/\/secure.gravatar.com\/avatar\/ac0321ee4a0a83e82a253e7b2d348ef539e2c8fe16d06b600bde04de1b364fa7?s=96&d=mm&r=g","caption":"Dpto Informatica MI Ayuntamiento de Caudete"},"url":"https:\/\/www.caudete.org\/ayuntamiento\/author\/informatica\/"}]}},"_links":{"self":[{"href":"https:\/\/www.caudete.org\/ayuntamiento\/wp-json\/wp\/v2\/posts\/26771","targetHints":{"allow":["GET"]}}],"collection":[{"href":"https:\/\/www.caudete.org\/ayuntamiento\/wp-json\/wp\/v2\/posts"}],"about":[{"href":"https:\/\/www.caudete.org\/ayuntamiento\/wp-json\/wp\/v2\/types\/post"}],"author":[{"embeddable":true,"href":"https:\/\/www.caudete.org\/ayuntamiento\/wp-json\/wp\/v2\/users\/5"}],"replies":[{"embeddable":true,"href":"https:\/\/www.caudete.org\/ayuntamiento\/wp-json\/wp\/v2\/comments?post=26771"}],"version-history":[{"count":1,"href":"https:\/\/www.caudete.org\/ayuntamiento\/wp-json\/wp\/v2\/posts\/26771\/revisions"}],"predecessor-version":[{"id":26773,"href":"https:\/\/www.caudete.org\/ayuntamiento\/wp-json\/wp\/v2\/posts\/26771\/revisions\/26773"}],"wp:featuredmedia":[{"embeddable":true,"href":"https:\/\/www.caudete.org\/ayuntamiento\/wp-json\/wp\/v2\/media\/26772"}],"wp:attachment":[{"href":"https:\/\/www.caudete.org\/ayuntamiento\/wp-json\/wp\/v2\/media?parent=26771"}],"wp:term":[{"taxonomy":"category","embeddable":true,"href":"https:\/\/www.caudete.org\/ayuntamiento\/wp-json\/wp\/v2\/categories?post=26771"},{"taxonomy":"post_tag","embeddable":true,"href":"https:\/\/www.caudete.org\/ayuntamiento\/wp-json\/wp\/v2\/tags?post=26771"}],"curies":[{"name":"wp","href":"https:\/\/api.w.org\/{rel}","templated":true}]}}