{"id":26793,"date":"2024-12-03T09:59:18","date_gmt":"2024-12-03T08:59:18","guid":{"rendered":"https:\/\/www.caudete.org\/ayuntamiento\/?p=26793"},"modified":"2024-12-03T14:45:43","modified_gmt":"2024-12-03T13:45:43","slug":"presentada-la-campana-de-apoyo-al-comercio-local-con-motivo-de-la-navidad","status":"publish","type":"post","link":"https:\/\/www.caudete.org\/ayuntamiento\/presentada-la-campana-de-apoyo-al-comercio-local-con-motivo-de-la-navidad\/","title":{"rendered":"Presentada la campa\u00f1a de apoyo al Comercio Local con motivo de la Navidad"},"content":{"rendered":"<p><a href=\"https:\/\/www.caudete.org\/ayuntamiento\/wp-content\/uploads\/2024\/12\/2.jpg\" rel='prettyPhoto'><img fetchpriority=\"high\" decoding=\"async\" class=\"wp-image-26790 size-full aligncenter\" src=\"https:\/\/www.caudete.org\/ayuntamiento\/wp-content\/uploads\/2024\/12\/2.jpg\" alt=\"\" width=\"707\" height=\"1000\" srcset=\"https:\/\/www.caudete.org\/ayuntamiento\/wp-content\/uploads\/2024\/12\/2.jpg 707w, https:\/\/www.caudete.org\/ayuntamiento\/wp-content\/uploads\/2024\/12\/2-212x300.jpg 212w\" sizes=\"(max-width: 707px) 100vw, 707px\" \/><\/a><\/p>\n<p style=\"text-align: justify;\">Diego Cuenca, Concejal de Comercio informa que con el objetivo de reavivar el consumo local y de cercan\u00eda, mucho del cual se est\u00e1 perdiendo con motivo de la gran cantidad de ofertas, p\u00e1ginas y aplicaciones de venta online, por lo que desde la Concejal\u00eda que gestiona y a trav\u00e9s de la Oficina de Informaci\u00f3n al consumidor se han elaborado varias campa\u00f1as para la promoci\u00f3n de la hosteler\u00eda y comercio de cercan\u00eda.<\/p>\n<p style=\"text-align: justify;\"><strong>\u2022 Mercadillo ambulante<\/strong><\/p>\n<p style=\"text-align: justify;\">Con el objetivo de apoyar las compras en el mercadillo de la localidad, ha apostado por la campa\u00f1a \u201cyo compro en el mercadillo\u201d, en la cual se distribuir\u00e1n bolsas de papel reciclado con este eslogan entre los puestos de venta ambulante.<\/p>\n<p style=\"text-align: justify;\">Esta iniciativa busca no solo reducir el uso de pl\u00e1sticos, sino tambi\u00e9n fomentar las compras en el mercadillo y que esto se vea reflejado cada vez que se reutilice la bolsa.<\/p>\n<p style=\"text-align: justify;\">El mercadillo ambulante es un punto de encuentro vibrante para la comunidad, ofrece una variedad de productos de alimentaci\u00f3n, artesan\u00eda, textil, juguetes, decoraci\u00f3n, calzado&#8230; ect.<\/p>\n<p style=\"text-align: justify;\"><strong>\u2022 Comercios de la localidad<\/strong><\/p>\n<p style=\"text-align: justify;\">Con el objetivo de fortalecer el comercio local y fomentar el consumo de productos de proximidad, ha lanzado una iniciativa innovadora basada en etiquetas identificativas. Estas etiquetas, dise\u00f1adas espec\u00edficamente para destacar los productos locales en los establecimientos comerciales, buscan conectar a los consumidores con los peque\u00f1os productores y artesanos de la localidad.<\/p>\n<p style=\"text-align: justify;\">La medida tiene como objetivo principal promover el desarrollo econ\u00f3mico sostenible, apoyar a los emprendedores locales y reducir la huella ecol\u00f3gica asociada al transporte de mercanc\u00edas. Las etiquetas, que llevar\u00e1n un dise\u00f1o distintivo y el lema &#8220;\u201cUn regalo con buen gusto, por lo cercano, por Caudete\u201d, ser\u00e1n visibles mediante carteler\u00eda en los escaparates y en los productos en tienda.<\/p>\n<p style=\"text-align: justify;\">Adem\u00e1s de ser un sello de calidad y proximidad, estas etiquetas permitir\u00e1n a los comerciantes diferenciar sus productos frente a los de grandes cadenas. Para los consumidores, representan una forma sencilla de identificar y apoyar los productos que contribuyen al desarrollo de la comunidad.<\/p>\n<p style=\"text-align: justify;\">Con esta propuesta, la concejal\u00eda de comercio, reafirma su compromiso con la econom\u00eda local, la sostenibilidad y el fortalecimiento del tejido social de la comunidad.<\/p>\n<p style=\"text-align: justify;\"><strong>Estas pegatinas, un total de 10.000 ser\u00e1n repartidas a todos los comercios de la localidad.<br \/>\nTodas estas campa\u00f1as est\u00e1n englobadas dentro de la subvenci\u00f3n recibida por parte de la Direcci\u00f3n General de Agenda 2030 y Consumo.<br \/>\n<\/strong><\/p>\n<p>&nbsp;<\/p>\n<p style=\"text-align: justify;\"><a href=\"https:\/\/www.caudete.org\/ayuntamiento\/wp-content\/uploads\/2024\/12\/Poster-Mercadillo.jpg\" rel='prettyPhoto'><img decoding=\"async\" class=\"alignnone size-full wp-image-26789\" src=\"https:\/\/www.caudete.org\/ayuntamiento\/wp-content\/uploads\/2024\/12\/Poster-Mercadillo.jpg\" alt=\"\" width=\"1000\" height=\"1000\" srcset=\"https:\/\/www.caudete.org\/ayuntamiento\/wp-content\/uploads\/2024\/12\/Poster-Mercadillo.jpg 1000w, https:\/\/www.caudete.org\/ayuntamiento\/wp-content\/uploads\/2024\/12\/Poster-Mercadillo-300x300.jpg 300w, https:\/\/www.caudete.org\/ayuntamiento\/wp-content\/uploads\/2024\/12\/Poster-Mercadillo-150x150.jpg 150w, https:\/\/www.caudete.org\/ayuntamiento\/wp-content\/uploads\/2024\/12\/Poster-Mercadillo-768x768.jpg 768w, https:\/\/www.caudete.org\/ayuntamiento\/wp-content\/uploads\/2024\/12\/Poster-Mercadillo-60x60.jpg 60w\" sizes=\"(max-width: 1000px) 100vw, 1000px\" \/><\/a><\/p>\n<p><a href=\"https:\/\/www.caudete.org\/ayuntamiento\/wp-content\/uploads\/2024\/12\/Etiqueta-asimetrica.jpg\" rel='prettyPhoto'><img decoding=\"async\" class=\"alignnone size-full wp-image-26791\" src=\"https:\/\/www.caudete.org\/ayuntamiento\/wp-content\/uploads\/2024\/12\/Etiqueta-asimetrica.jpg\" alt=\"\" width=\"750\" height=\"1000\" srcset=\"https:\/\/www.caudete.org\/ayuntamiento\/wp-content\/uploads\/2024\/12\/Etiqueta-asimetrica.jpg 750w, https:\/\/www.caudete.org\/ayuntamiento\/wp-content\/uploads\/2024\/12\/Etiqueta-asimetrica-225x300.jpg 225w\" sizes=\"(max-width: 750px) 100vw, 750px\" \/><\/a> <a href=\"https:\/\/www.caudete.org\/ayuntamiento\/wp-content\/uploads\/2024\/12\/MUESTRA-bolsa-consumo-MERCADILLO.jpg\" rel='prettyPhoto'><img loading=\"lazy\" decoding=\"async\" class=\"alignnone size-full wp-image-26792\" src=\"https:\/\/www.caudete.org\/ayuntamiento\/wp-content\/uploads\/2024\/12\/MUESTRA-bolsa-consumo-MERCADILLO.jpg\" alt=\"\" width=\"781\" height=\"1000\" srcset=\"https:\/\/www.caudete.org\/ayuntamiento\/wp-content\/uploads\/2024\/12\/MUESTRA-bolsa-consumo-MERCADILLO.jpg 781w, https:\/\/www.caudete.org\/ayuntamiento\/wp-content\/uploads\/2024\/12\/MUESTRA-bolsa-consumo-MERCADILLO-234x300.jpg 234w, https:\/\/www.caudete.org\/ayuntamiento\/wp-content\/uploads\/2024\/12\/MUESTRA-bolsa-consumo-MERCADILLO-768x983.jpg 768w\" sizes=\"(max-width: 781px) 100vw, 781px\" \/><\/a><\/p>\n","protected":false},"excerpt":{"rendered":"<p>Diego Cuenca, Concejal de Comercio informa que con el objetivo de reavivar el consumo local y de cercan\u00eda, mucho del cual se est\u00e1 perdiendo con motivo de la gran cantidad de ofertas, p\u00e1ginas y aplicaciones de venta online, por lo que desde la Concejal\u00eda que gestiona y a trav\u00e9s de la Oficina de Informaci\u00f3n al &hellip;<\/p>\n","protected":false},"author":5,"featured_media":26790,"comment_status":"closed","ping_status":"open","sticky":false,"template":"","format":"standard","meta":{"ngg_post_thumbnail":0,"footnotes":""},"categories":[42],"tags":[],"class_list":["post-26793","post","type-post","status-publish","format-standard","has-post-thumbnail","hentry","category-comercio"],"yoast_head":"<!-- This site is optimized with the Yoast SEO plugin v27.5 - https:\/\/yoast.com\/product\/yoast-seo-wordpress\/ -->\n<title>Presentada la campa\u00f1a de apoyo al Comercio Local con motivo de la Navidad - MI Ayuntamiento de Caudete<\/title>\n<meta name=\"description\" content=\"P\u00e1gina Oficial del Ayuntamiento de Caudete (Albacete)\" \/>\n<meta name=\"robots\" content=\"index, follow, max-snippet:-1, max-image-preview:large, max-video-preview:-1\" \/>\n<link rel=\"canonical\" href=\"https:\/\/www.caudete.org\/ayuntamiento\/presentada-la-campana-de-apoyo-al-comercio-local-con-motivo-de-la-navidad\/\" \/>\n<meta property=\"og:locale\" content=\"es_ES\" \/>\n<meta property=\"og:type\" content=\"article\" \/>\n<meta property=\"og:title\" content=\"Presentada la campa\u00f1a de apoyo al Comercio Local con motivo de la Navidad - MI Ayuntamiento de Caudete\" \/>\n<meta property=\"og:description\" content=\"P\u00e1gina Oficial del Ayuntamiento de Caudete (Albacete)\" \/>\n<meta property=\"og:url\" content=\"https:\/\/www.caudete.org\/ayuntamiento\/presentada-la-campana-de-apoyo-al-comercio-local-con-motivo-de-la-navidad\/\" \/>\n<meta property=\"og:site_name\" content=\"MI Ayuntamiento de Caudete\" \/>\n<meta property=\"article:publisher\" content=\"https:\/\/www.facebook.com\/ayuntamientocaudete\/\" \/>\n<meta property=\"article:published_time\" content=\"2024-12-03T08:59:18+00:00\" \/>\n<meta property=\"article:modified_time\" content=\"2024-12-03T13:45:43+00:00\" \/>\n<meta property=\"og:image\" content=\"https:\/\/www.caudete.org\/ayuntamiento\/wp-content\/uploads\/2024\/12\/2.jpg\" \/>\n\t<meta property=\"og:image:width\" content=\"707\" \/>\n\t<meta property=\"og:image:height\" content=\"1000\" \/>\n\t<meta property=\"og:image:type\" content=\"image\/jpeg\" \/>\n<meta name=\"author\" content=\"Dpto Informatica MI Ayuntamiento de Caudete\" \/>\n<meta name=\"twitter:card\" content=\"summary_large_image\" \/>\n<meta name=\"twitter:label1\" content=\"Escrito por\" \/>\n\t<meta name=\"twitter:data1\" content=\"Dpto Informatica MI Ayuntamiento de Caudete\" \/>\n\t<meta name=\"twitter:label2\" content=\"Tiempo de lectura\" \/>\n\t<meta name=\"twitter:data2\" content=\"3 minutos\" \/>\n<script type=\"application\/ld+json\" class=\"yoast-schema-graph\">{\"@context\":\"https:\\\/\\\/schema.org\",\"@graph\":[{\"@type\":\"Article\",\"@id\":\"https:\\\/\\\/www.caudete.org\\\/ayuntamiento\\\/presentada-la-campana-de-apoyo-al-comercio-local-con-motivo-de-la-navidad\\\/#article\",\"isPartOf\":{\"@id\":\"https:\\\/\\\/www.caudete.org\\\/ayuntamiento\\\/presentada-la-campana-de-apoyo-al-comercio-local-con-motivo-de-la-navidad\\\/\"},\"author\":{\"name\":\"Dpto Informatica MI Ayuntamiento de Caudete\",\"@id\":\"https:\\\/\\\/www.caudete.org\\\/ayuntamiento\\\/#\\\/schema\\\/person\\\/4b9eab41761957db9b1bf9c418d1ef46\"},\"headline\":\"Presentada la campa\u00f1a de apoyo al Comercio Local con motivo de la Navidad\",\"datePublished\":\"2024-12-03T08:59:18+00:00\",\"dateModified\":\"2024-12-03T13:45:43+00:00\",\"mainEntityOfPage\":{\"@id\":\"https:\\\/\\\/www.caudete.org\\\/ayuntamiento\\\/presentada-la-campana-de-apoyo-al-comercio-local-con-motivo-de-la-navidad\\\/\"},\"wordCount\":438,\"image\":{\"@id\":\"https:\\\/\\\/www.caudete.org\\\/ayuntamiento\\\/presentada-la-campana-de-apoyo-al-comercio-local-con-motivo-de-la-navidad\\\/#primaryimage\"},\"thumbnailUrl\":\"https:\\\/\\\/www.caudete.org\\\/ayuntamiento\\\/wp-content\\\/uploads\\\/2024\\\/12\\\/2.jpg\",\"articleSection\":[\"Comercio\"],\"inLanguage\":\"es\"},{\"@type\":\"WebPage\",\"@id\":\"https:\\\/\\\/www.caudete.org\\\/ayuntamiento\\\/presentada-la-campana-de-apoyo-al-comercio-local-con-motivo-de-la-navidad\\\/\",\"url\":\"https:\\\/\\\/www.caudete.org\\\/ayuntamiento\\\/presentada-la-campana-de-apoyo-al-comercio-local-con-motivo-de-la-navidad\\\/\",\"name\":\"Presentada la campa\u00f1a de apoyo al Comercio Local con motivo de la Navidad - MI Ayuntamiento de Caudete\",\"isPartOf\":{\"@id\":\"https:\\\/\\\/www.caudete.org\\\/ayuntamiento\\\/#website\"},\"primaryImageOfPage\":{\"@id\":\"https:\\\/\\\/www.caudete.org\\\/ayuntamiento\\\/presentada-la-campana-de-apoyo-al-comercio-local-con-motivo-de-la-navidad\\\/#primaryimage\"},\"image\":{\"@id\":\"https:\\\/\\\/www.caudete.org\\\/ayuntamiento\\\/presentada-la-campana-de-apoyo-al-comercio-local-con-motivo-de-la-navidad\\\/#primaryimage\"},\"thumbnailUrl\":\"https:\\\/\\\/www.caudete.org\\\/ayuntamiento\\\/wp-content\\\/uploads\\\/2024\\\/12\\\/2.jpg\",\"datePublished\":\"2024-12-03T08:59:18+00:00\",\"dateModified\":\"2024-12-03T13:45:43+00:00\",\"author\":{\"@id\":\"https:\\\/\\\/www.caudete.org\\\/ayuntamiento\\\/#\\\/schema\\\/person\\\/4b9eab41761957db9b1bf9c418d1ef46\"},\"description\":\"P\u00e1gina Oficial del Ayuntamiento de Caudete (Albacete)\",\"breadcrumb\":{\"@id\":\"https:\\\/\\\/www.caudete.org\\\/ayuntamiento\\\/presentada-la-campana-de-apoyo-al-comercio-local-con-motivo-de-la-navidad\\\/#breadcrumb\"},\"inLanguage\":\"es\",\"potentialAction\":[{\"@type\":\"ReadAction\",\"target\":[\"https:\\\/\\\/www.caudete.org\\\/ayuntamiento\\\/presentada-la-campana-de-apoyo-al-comercio-local-con-motivo-de-la-navidad\\\/\"]}]},{\"@type\":\"ImageObject\",\"inLanguage\":\"es\",\"@id\":\"https:\\\/\\\/www.caudete.org\\\/ayuntamiento\\\/presentada-la-campana-de-apoyo-al-comercio-local-con-motivo-de-la-navidad\\\/#primaryimage\",\"url\":\"https:\\\/\\\/www.caudete.org\\\/ayuntamiento\\\/wp-content\\\/uploads\\\/2024\\\/12\\\/2.jpg\",\"contentUrl\":\"https:\\\/\\\/www.caudete.org\\\/ayuntamiento\\\/wp-content\\\/uploads\\\/2024\\\/12\\\/2.jpg\",\"width\":707,\"height\":1000},{\"@type\":\"BreadcrumbList\",\"@id\":\"https:\\\/\\\/www.caudete.org\\\/ayuntamiento\\\/presentada-la-campana-de-apoyo-al-comercio-local-con-motivo-de-la-navidad\\\/#breadcrumb\",\"itemListElement\":[{\"@type\":\"ListItem\",\"position\":1,\"name\":\"Inicio\",\"item\":\"https:\\\/\\\/www.caudete.org\\\/ayuntamiento\\\/\"},{\"@type\":\"ListItem\",\"position\":2,\"name\":\"Presentada la campa\u00f1a de apoyo al Comercio Local con motivo de la Navidad\"}]},{\"@type\":\"WebSite\",\"@id\":\"https:\\\/\\\/www.caudete.org\\\/ayuntamiento\\\/#website\",\"url\":\"https:\\\/\\\/www.caudete.org\\\/ayuntamiento\\\/\",\"name\":\"MI Ayuntamiento de Caudete\",\"description\":\"P\u00e1gina Oficial del MI Ayuntamiento de Caudete\",\"potentialAction\":[{\"@type\":\"SearchAction\",\"target\":{\"@type\":\"EntryPoint\",\"urlTemplate\":\"https:\\\/\\\/www.caudete.org\\\/ayuntamiento\\\/?s={search_term_string}\"},\"query-input\":{\"@type\":\"PropertyValueSpecification\",\"valueRequired\":true,\"valueName\":\"search_term_string\"}}],\"inLanguage\":\"es\"},{\"@type\":\"Person\",\"@id\":\"https:\\\/\\\/www.caudete.org\\\/ayuntamiento\\\/#\\\/schema\\\/person\\\/4b9eab41761957db9b1bf9c418d1ef46\",\"name\":\"Dpto Informatica MI Ayuntamiento de Caudete\",\"image\":{\"@type\":\"ImageObject\",\"inLanguage\":\"es\",\"@id\":\"https:\\\/\\\/secure.gravatar.com\\\/avatar\\\/ac0321ee4a0a83e82a253e7b2d348ef539e2c8fe16d06b600bde04de1b364fa7?s=96&d=mm&r=g\",\"url\":\"https:\\\/\\\/secure.gravatar.com\\\/avatar\\\/ac0321ee4a0a83e82a253e7b2d348ef539e2c8fe16d06b600bde04de1b364fa7?s=96&d=mm&r=g\",\"contentUrl\":\"https:\\\/\\\/secure.gravatar.com\\\/avatar\\\/ac0321ee4a0a83e82a253e7b2d348ef539e2c8fe16d06b600bde04de1b364fa7?s=96&d=mm&r=g\",\"caption\":\"Dpto Informatica MI Ayuntamiento de Caudete\"},\"url\":\"https:\\\/\\\/www.caudete.org\\\/ayuntamiento\\\/author\\\/informatica\\\/\"}]}<\/script>\n<!-- \/ Yoast SEO plugin. -->","yoast_head_json":{"title":"Presentada la campa\u00f1a de apoyo al Comercio Local con motivo de la Navidad - MI Ayuntamiento de Caudete","description":"P\u00e1gina Oficial del Ayuntamiento de Caudete (Albacete)","robots":{"index":"index","follow":"follow","max-snippet":"max-snippet:-1","max-image-preview":"max-image-preview:large","max-video-preview":"max-video-preview:-1"},"canonical":"https:\/\/www.caudete.org\/ayuntamiento\/presentada-la-campana-de-apoyo-al-comercio-local-con-motivo-de-la-navidad\/","og_locale":"es_ES","og_type":"article","og_title":"Presentada la campa\u00f1a de apoyo al Comercio Local con motivo de la Navidad - MI Ayuntamiento de Caudete","og_description":"P\u00e1gina Oficial del Ayuntamiento de Caudete (Albacete)","og_url":"https:\/\/www.caudete.org\/ayuntamiento\/presentada-la-campana-de-apoyo-al-comercio-local-con-motivo-de-la-navidad\/","og_site_name":"MI Ayuntamiento de Caudete","article_publisher":"https:\/\/www.facebook.com\/ayuntamientocaudete\/","article_published_time":"2024-12-03T08:59:18+00:00","article_modified_time":"2024-12-03T13:45:43+00:00","og_image":[{"width":707,"height":1000,"url":"https:\/\/www.caudete.org\/ayuntamiento\/wp-content\/uploads\/2024\/12\/2.jpg","type":"image\/jpeg"}],"author":"Dpto Informatica MI Ayuntamiento de Caudete","twitter_card":"summary_large_image","twitter_misc":{"Escrito por":"Dpto Informatica MI Ayuntamiento de Caudete","Tiempo de lectura":"3 minutos"},"schema":{"@context":"https:\/\/schema.org","@graph":[{"@type":"Article","@id":"https:\/\/www.caudete.org\/ayuntamiento\/presentada-la-campana-de-apoyo-al-comercio-local-con-motivo-de-la-navidad\/#article","isPartOf":{"@id":"https:\/\/www.caudete.org\/ayuntamiento\/presentada-la-campana-de-apoyo-al-comercio-local-con-motivo-de-la-navidad\/"},"author":{"name":"Dpto Informatica MI Ayuntamiento de Caudete","@id":"https:\/\/www.caudete.org\/ayuntamiento\/#\/schema\/person\/4b9eab41761957db9b1bf9c418d1ef46"},"headline":"Presentada la campa\u00f1a de apoyo al Comercio Local con motivo de la Navidad","datePublished":"2024-12-03T08:59:18+00:00","dateModified":"2024-12-03T13:45:43+00:00","mainEntityOfPage":{"@id":"https:\/\/www.caudete.org\/ayuntamiento\/presentada-la-campana-de-apoyo-al-comercio-local-con-motivo-de-la-navidad\/"},"wordCount":438,"image":{"@id":"https:\/\/www.caudete.org\/ayuntamiento\/presentada-la-campana-de-apoyo-al-comercio-local-con-motivo-de-la-navidad\/#primaryimage"},"thumbnailUrl":"https:\/\/www.caudete.org\/ayuntamiento\/wp-content\/uploads\/2024\/12\/2.jpg","articleSection":["Comercio"],"inLanguage":"es"},{"@type":"WebPage","@id":"https:\/\/www.caudete.org\/ayuntamiento\/presentada-la-campana-de-apoyo-al-comercio-local-con-motivo-de-la-navidad\/","url":"https:\/\/www.caudete.org\/ayuntamiento\/presentada-la-campana-de-apoyo-al-comercio-local-con-motivo-de-la-navidad\/","name":"Presentada la campa\u00f1a de apoyo al Comercio Local con motivo de la Navidad - MI Ayuntamiento de Caudete","isPartOf":{"@id":"https:\/\/www.caudete.org\/ayuntamiento\/#website"},"primaryImageOfPage":{"@id":"https:\/\/www.caudete.org\/ayuntamiento\/presentada-la-campana-de-apoyo-al-comercio-local-con-motivo-de-la-navidad\/#primaryimage"},"image":{"@id":"https:\/\/www.caudete.org\/ayuntamiento\/presentada-la-campana-de-apoyo-al-comercio-local-con-motivo-de-la-navidad\/#primaryimage"},"thumbnailUrl":"https:\/\/www.caudete.org\/ayuntamiento\/wp-content\/uploads\/2024\/12\/2.jpg","datePublished":"2024-12-03T08:59:18+00:00","dateModified":"2024-12-03T13:45:43+00:00","author":{"@id":"https:\/\/www.caudete.org\/ayuntamiento\/#\/schema\/person\/4b9eab41761957db9b1bf9c418d1ef46"},"description":"P\u00e1gina Oficial del Ayuntamiento de Caudete (Albacete)","breadcrumb":{"@id":"https:\/\/www.caudete.org\/ayuntamiento\/presentada-la-campana-de-apoyo-al-comercio-local-con-motivo-de-la-navidad\/#breadcrumb"},"inLanguage":"es","potentialAction":[{"@type":"ReadAction","target":["https:\/\/www.caudete.org\/ayuntamiento\/presentada-la-campana-de-apoyo-al-comercio-local-con-motivo-de-la-navidad\/"]}]},{"@type":"ImageObject","inLanguage":"es","@id":"https:\/\/www.caudete.org\/ayuntamiento\/presentada-la-campana-de-apoyo-al-comercio-local-con-motivo-de-la-navidad\/#primaryimage","url":"https:\/\/www.caudete.org\/ayuntamiento\/wp-content\/uploads\/2024\/12\/2.jpg","contentUrl":"https:\/\/www.caudete.org\/ayuntamiento\/wp-content\/uploads\/2024\/12\/2.jpg","width":707,"height":1000},{"@type":"BreadcrumbList","@id":"https:\/\/www.caudete.org\/ayuntamiento\/presentada-la-campana-de-apoyo-al-comercio-local-con-motivo-de-la-navidad\/#breadcrumb","itemListElement":[{"@type":"ListItem","position":1,"name":"Inicio","item":"https:\/\/www.caudete.org\/ayuntamiento\/"},{"@type":"ListItem","position":2,"name":"Presentada la campa\u00f1a de apoyo al Comercio Local con motivo de la Navidad"}]},{"@type":"WebSite","@id":"https:\/\/www.caudete.org\/ayuntamiento\/#website","url":"https:\/\/www.caudete.org\/ayuntamiento\/","name":"MI Ayuntamiento de Caudete","description":"P\u00e1gina Oficial del MI Ayuntamiento de Caudete","potentialAction":[{"@type":"SearchAction","target":{"@type":"EntryPoint","urlTemplate":"https:\/\/www.caudete.org\/ayuntamiento\/?s={search_term_string}"},"query-input":{"@type":"PropertyValueSpecification","valueRequired":true,"valueName":"search_term_string"}}],"inLanguage":"es"},{"@type":"Person","@id":"https:\/\/www.caudete.org\/ayuntamiento\/#\/schema\/person\/4b9eab41761957db9b1bf9c418d1ef46","name":"Dpto Informatica MI Ayuntamiento de Caudete","image":{"@type":"ImageObject","inLanguage":"es","@id":"https:\/\/secure.gravatar.com\/avatar\/ac0321ee4a0a83e82a253e7b2d348ef539e2c8fe16d06b600bde04de1b364fa7?s=96&d=mm&r=g","url":"https:\/\/secure.gravatar.com\/avatar\/ac0321ee4a0a83e82a253e7b2d348ef539e2c8fe16d06b600bde04de1b364fa7?s=96&d=mm&r=g","contentUrl":"https:\/\/secure.gravatar.com\/avatar\/ac0321ee4a0a83e82a253e7b2d348ef539e2c8fe16d06b600bde04de1b364fa7?s=96&d=mm&r=g","caption":"Dpto Informatica MI Ayuntamiento de Caudete"},"url":"https:\/\/www.caudete.org\/ayuntamiento\/author\/informatica\/"}]}},"_links":{"self":[{"href":"https:\/\/www.caudete.org\/ayuntamiento\/wp-json\/wp\/v2\/posts\/26793","targetHints":{"allow":["GET"]}}],"collection":[{"href":"https:\/\/www.caudete.org\/ayuntamiento\/wp-json\/wp\/v2\/posts"}],"about":[{"href":"https:\/\/www.caudete.org\/ayuntamiento\/wp-json\/wp\/v2\/types\/post"}],"author":[{"embeddable":true,"href":"https:\/\/www.caudete.org\/ayuntamiento\/wp-json\/wp\/v2\/users\/5"}],"replies":[{"embeddable":true,"href":"https:\/\/www.caudete.org\/ayuntamiento\/wp-json\/wp\/v2\/comments?post=26793"}],"version-history":[{"count":5,"href":"https:\/\/www.caudete.org\/ayuntamiento\/wp-json\/wp\/v2\/posts\/26793\/revisions"}],"predecessor-version":[{"id":26835,"href":"https:\/\/www.caudete.org\/ayuntamiento\/wp-json\/wp\/v2\/posts\/26793\/revisions\/26835"}],"wp:featuredmedia":[{"embeddable":true,"href":"https:\/\/www.caudete.org\/ayuntamiento\/wp-json\/wp\/v2\/media\/26790"}],"wp:attachment":[{"href":"https:\/\/www.caudete.org\/ayuntamiento\/wp-json\/wp\/v2\/media?parent=26793"}],"wp:term":[{"taxonomy":"category","embeddable":true,"href":"https:\/\/www.caudete.org\/ayuntamiento\/wp-json\/wp\/v2\/categories?post=26793"},{"taxonomy":"post_tag","embeddable":true,"href":"https:\/\/www.caudete.org\/ayuntamiento\/wp-json\/wp\/v2\/tags?post=26793"}],"curies":[{"name":"wp","href":"https:\/\/api.w.org\/{rel}","templated":true}]}}