{"id":26839,"date":"2024-12-05T08:00:45","date_gmt":"2024-12-05T07:00:45","guid":{"rendered":"https:\/\/www.caudete.org\/ayuntamiento\/?p=26839"},"modified":"2024-12-04T14:08:01","modified_gmt":"2024-12-04T13:08:01","slug":"primeras-medidas-para-controlar-el-agua-que-extraemos-de-los-pozos-y-desconocemos-a-donde-va-a-parar","status":"publish","type":"post","link":"https:\/\/www.caudete.org\/ayuntamiento\/primeras-medidas-para-controlar-el-agua-que-extraemos-de-los-pozos-y-desconocemos-a-donde-va-a-parar\/","title":{"rendered":"Primeras medidas para controlar el agua que extraemos de los pozos y desconocemos a donde va a parar"},"content":{"rendered":"<p>Hola, una de mis mayores preocupaciones desde que en mi etapa como Alcalde de Caudete tuve conciencia de ella fue, que ha los caudetanos no les falte agua y que \u00e9sta sea de calidad y no se derroche ni malgaste. Por eso me ped\u00ed la concejal\u00eda del Ciclo Integral del Agua, porque quiero resolver ese problema.<\/p>\n<p>Tenemos la suerte de que en nuestro t\u00e9rmino Municipal abunda el agua subterr\u00e1nea, pero eso no quiere decir que la podamos derrochar ni malgastar, tenemos la obligaci\u00f3n de cuidarla, pues sin agua no hay futuro ni vida.<\/p>\n<p>Muchas de las acciones que quiero tomar en este sentido ya las habr\u00eda puesto en marcha hace tiempo, pero la administraci\u00f3n es un \u201cmastodonte\u201d que camina lento, seguro, pero muy lento.<\/p>\n<p>En muchas ocasiones me habr\u00e9is escuchado decir y, a la oposici\u00f3n tambi\u00e9n, que no saber que ocurre con el 60-65% del agua que extraemos es un aut\u00e9ntico disparate, y es verdad.<\/p>\n<p>Quiero que sep\u00e1is que estoy preparando un abanico muy amplio de medidas encaminadas a evitar este problema, las roturas, etc. pero como ya he dicho, el camino para poderlas poner en marcha es muy largo, caro y pesado. A lo largo de ese camino se van a ir sucediendo noticias encaminadas a corregirlos, y una de ellas es la siguiente.<\/p>\n<p>Hoy me complace comunicaros que ya hemos aprobado en la JGL (Junta de Gobierno Local) realizar una inversi\u00f3n para comenzar a controlar a donde va ese 60 o 65% del agua que extraemos en nuestros pozos y desconocemos su destino.<\/p>\n<p>Esta inversi\u00f3n permitir\u00e1 precisar con mayor exactitud:<br \/>\n\u2022 Los consumos de agua realizados en zonas verdes y edificios municipales.<br \/>\n\u2022 Detectar cualquier tipo de anomal\u00eda de funcionamiento de los contadores instalados, detectando posibles fugas interiores o fraudes.<br \/>\n\u2022 Reducir el tiempo de las lecturas, errores y estimaciones actuales, con el objetivo de pasar a una tele lectura diaria, sin necesidad de acceder a la ubicaci\u00f3n del contador.<br \/>\n\u2022 Obtener informaci\u00f3n completa y de calidad sobre el estado de la red.<\/p>\n<p>Debemos tener en cuenta que, las zonas verdes y ciudades deportivas del municipio no disponen de contador, por lo que no tenemos constancia de los consumos de agua que se producen, es por lo que surge la necesidad de instalar contadores de tele-lectura, los cuales se ubicaran en hornacinas fabricadas con ladrillo y realizadas \u201cin situ\u201d.<\/p>\n<p>Por otro lado, muchos de los edificios municipales no disponen de contadores o si los tienen, por su antig\u00fcedad han dejado de funcionar, lo que nos lleva a sustituirlos por contadores inteligentes de tele-lectura, cumpliendo as\u00ed con la Orden ICT\/155\/2020, la cual indica que la vida \u00fatil de un contador es como m\u00e1ximo de 12 a\u00f1os.<\/p>\n<p><strong>Adem\u00e1s de todo lo anterior, esta inversi\u00f3n tambi\u00e9n nos permitir\u00e1 rebajar la factura que tendremos que pagar a Page por su impuesto al agua (cuando llegue el momento os dir\u00e9 cuanto va a suponer este impuesto para los caudetanos).<br \/>\n<\/strong><br \/>\nEn total se van a instalar 116 contadores de tele-lectura de diferentes calibres y en diferentes puntos del Municipio.<\/p>\n<p>La inversi\u00f3n va a ser de 57.118,18\u20ac + IVA = 69.113,00\u20ac IVA incluido.<\/p>\n<p>Calculamos unos 3 meses para realizar toda la instalaci\u00f3n y puesta en funcionamiento a partir de su adjudicaci\u00f3n. Esto quiere decir que, si todo va como debe, en el primer trimestre de 2025 comenzaremos a controlar buena parte de ese agua que desconocemos su destino.<br \/>\nCalculo que podemos reducir del 60 o 65% actual de agua descontrolada, a un 35 \u2013 40% lo cual supondr\u00e1 un gran paso en este sentido.<\/p>\n<p>Para mejorar el servicio del agua necesitamos vuestra colaboraci\u00f3n, y que cuando surja un problema, de cualquier \u00edndole relacionado con el agua, os pong\u00e1is en contacto con nosotros llamando al siguiente tel\u00e9fono: <strong>96 582 58 69<\/strong> donde pod\u00e9is dejar mensajes de Whatsapp de voz, fotos y v\u00eddeos como si de un m\u00f3vil se tratase.<\/p>\n<p style=\"text-align: center;\"><span style=\"color: #046cd4;\">\u00a1\u00a1En la concejal\u00eda del Ciclo Integral del Agua nos esforzamos en dar un buen servicio y gestionar bien tu dinero!!<\/span><\/p>\n<p style=\"text-align: center;\"><em>Comunicado de Jos\u00e9 Miguel Moll\u00e1 Nieto, <\/em><\/p>\n<p style=\"text-align: center;\"><strong><em><u>concejal del Ciclo Integral del Agua<\/u><\/em><\/strong><\/p>\n<p>&nbsp;<\/p>\n<p>&nbsp;<\/p>\n","protected":false},"excerpt":{"rendered":"<p>Hola, una de mis mayores preocupaciones desde que en mi etapa como Alcalde de Caudete tuve conciencia de ella fue, que ha los caudetanos no les falte agua y que \u00e9sta sea de calidad y no se derroche ni malgaste. Por eso me ped\u00ed la concejal\u00eda del Ciclo Integral del Agua, porque quiero resolver ese &hellip;<\/p>\n","protected":false},"author":5,"featured_media":16555,"comment_status":"closed","ping_status":"open","sticky":false,"template":"","format":"standard","meta":{"ngg_post_thumbnail":0,"footnotes":""},"categories":[49],"tags":[],"class_list":["post-26839","post","type-post","status-publish","format-standard","has-post-thumbnail","hentry","category-ciclo-integral-del-agua"],"yoast_head":"<!-- This site is optimized with the Yoast SEO plugin v27.5 - https:\/\/yoast.com\/product\/yoast-seo-wordpress\/ -->\n<title>Primeras medidas para controlar el agua que extraemos de los pozos y desconocemos a donde va a parar - MI Ayuntamiento de Caudete<\/title>\n<meta name=\"description\" content=\"P\u00e1gina Oficial del Ayuntamiento de Caudete (Albacete)\" \/>\n<meta name=\"robots\" content=\"index, follow, max-snippet:-1, max-image-preview:large, max-video-preview:-1\" \/>\n<link rel=\"canonical\" href=\"https:\/\/www.caudete.org\/ayuntamiento\/primeras-medidas-para-controlar-el-agua-que-extraemos-de-los-pozos-y-desconocemos-a-donde-va-a-parar\/\" \/>\n<meta property=\"og:locale\" content=\"es_ES\" \/>\n<meta property=\"og:type\" content=\"article\" \/>\n<meta property=\"og:title\" content=\"Primeras medidas para controlar el agua que extraemos de los pozos y desconocemos a donde va a parar - MI Ayuntamiento de Caudete\" \/>\n<meta property=\"og:description\" content=\"P\u00e1gina Oficial del Ayuntamiento de Caudete (Albacete)\" \/>\n<meta property=\"og:url\" content=\"https:\/\/www.caudete.org\/ayuntamiento\/primeras-medidas-para-controlar-el-agua-que-extraemos-de-los-pozos-y-desconocemos-a-donde-va-a-parar\/\" \/>\n<meta property=\"og:site_name\" content=\"MI Ayuntamiento de Caudete\" \/>\n<meta property=\"article:publisher\" content=\"https:\/\/www.facebook.com\/ayuntamientocaudete\/\" \/>\n<meta property=\"article:published_time\" content=\"2024-12-05T07:00:45+00:00\" \/>\n<meta property=\"og:image\" content=\"https:\/\/www.caudete.org\/ayuntamiento\/wp-content\/uploads\/2021\/10\/agua.jpg\" \/>\n\t<meta property=\"og:image:width\" content=\"800\" \/>\n\t<meta property=\"og:image:height\" content=\"397\" \/>\n\t<meta property=\"og:image:type\" content=\"image\/jpeg\" \/>\n<meta name=\"author\" content=\"Dpto Informatica MI Ayuntamiento de Caudete\" \/>\n<meta name=\"twitter:card\" content=\"summary_large_image\" \/>\n<meta name=\"twitter:label1\" content=\"Escrito por\" \/>\n\t<meta name=\"twitter:data1\" content=\"Dpto Informatica MI Ayuntamiento de Caudete\" \/>\n\t<meta name=\"twitter:label2\" content=\"Tiempo de lectura\" \/>\n\t<meta name=\"twitter:data2\" content=\"4 minutos\" \/>\n<script type=\"application\/ld+json\" class=\"yoast-schema-graph\">{\"@context\":\"https:\\\/\\\/schema.org\",\"@graph\":[{\"@type\":\"Article\",\"@id\":\"https:\\\/\\\/www.caudete.org\\\/ayuntamiento\\\/primeras-medidas-para-controlar-el-agua-que-extraemos-de-los-pozos-y-desconocemos-a-donde-va-a-parar\\\/#article\",\"isPartOf\":{\"@id\":\"https:\\\/\\\/www.caudete.org\\\/ayuntamiento\\\/primeras-medidas-para-controlar-el-agua-que-extraemos-de-los-pozos-y-desconocemos-a-donde-va-a-parar\\\/\"},\"author\":{\"name\":\"Dpto Informatica MI Ayuntamiento de Caudete\",\"@id\":\"https:\\\/\\\/www.caudete.org\\\/ayuntamiento\\\/#\\\/schema\\\/person\\\/4b9eab41761957db9b1bf9c418d1ef46\"},\"headline\":\"Primeras medidas para controlar el agua que extraemos de los pozos y desconocemos a donde va a parar\",\"datePublished\":\"2024-12-05T07:00:45+00:00\",\"mainEntityOfPage\":{\"@id\":\"https:\\\/\\\/www.caudete.org\\\/ayuntamiento\\\/primeras-medidas-para-controlar-el-agua-que-extraemos-de-los-pozos-y-desconocemos-a-donde-va-a-parar\\\/\"},\"wordCount\":704,\"image\":{\"@id\":\"https:\\\/\\\/www.caudete.org\\\/ayuntamiento\\\/primeras-medidas-para-controlar-el-agua-que-extraemos-de-los-pozos-y-desconocemos-a-donde-va-a-parar\\\/#primaryimage\"},\"thumbnailUrl\":\"https:\\\/\\\/www.caudete.org\\\/ayuntamiento\\\/wp-content\\\/uploads\\\/2021\\\/10\\\/agua.jpg\",\"articleSection\":[\"Ciclo Integral del Agua\"],\"inLanguage\":\"es\"},{\"@type\":\"WebPage\",\"@id\":\"https:\\\/\\\/www.caudete.org\\\/ayuntamiento\\\/primeras-medidas-para-controlar-el-agua-que-extraemos-de-los-pozos-y-desconocemos-a-donde-va-a-parar\\\/\",\"url\":\"https:\\\/\\\/www.caudete.org\\\/ayuntamiento\\\/primeras-medidas-para-controlar-el-agua-que-extraemos-de-los-pozos-y-desconocemos-a-donde-va-a-parar\\\/\",\"name\":\"Primeras medidas para controlar el agua que extraemos de los pozos y desconocemos a donde va a parar - MI Ayuntamiento de Caudete\",\"isPartOf\":{\"@id\":\"https:\\\/\\\/www.caudete.org\\\/ayuntamiento\\\/#website\"},\"primaryImageOfPage\":{\"@id\":\"https:\\\/\\\/www.caudete.org\\\/ayuntamiento\\\/primeras-medidas-para-controlar-el-agua-que-extraemos-de-los-pozos-y-desconocemos-a-donde-va-a-parar\\\/#primaryimage\"},\"image\":{\"@id\":\"https:\\\/\\\/www.caudete.org\\\/ayuntamiento\\\/primeras-medidas-para-controlar-el-agua-que-extraemos-de-los-pozos-y-desconocemos-a-donde-va-a-parar\\\/#primaryimage\"},\"thumbnailUrl\":\"https:\\\/\\\/www.caudete.org\\\/ayuntamiento\\\/wp-content\\\/uploads\\\/2021\\\/10\\\/agua.jpg\",\"datePublished\":\"2024-12-05T07:00:45+00:00\",\"author\":{\"@id\":\"https:\\\/\\\/www.caudete.org\\\/ayuntamiento\\\/#\\\/schema\\\/person\\\/4b9eab41761957db9b1bf9c418d1ef46\"},\"description\":\"P\u00e1gina Oficial del Ayuntamiento de Caudete (Albacete)\",\"breadcrumb\":{\"@id\":\"https:\\\/\\\/www.caudete.org\\\/ayuntamiento\\\/primeras-medidas-para-controlar-el-agua-que-extraemos-de-los-pozos-y-desconocemos-a-donde-va-a-parar\\\/#breadcrumb\"},\"inLanguage\":\"es\",\"potentialAction\":[{\"@type\":\"ReadAction\",\"target\":[\"https:\\\/\\\/www.caudete.org\\\/ayuntamiento\\\/primeras-medidas-para-controlar-el-agua-que-extraemos-de-los-pozos-y-desconocemos-a-donde-va-a-parar\\\/\"]}]},{\"@type\":\"ImageObject\",\"inLanguage\":\"es\",\"@id\":\"https:\\\/\\\/www.caudete.org\\\/ayuntamiento\\\/primeras-medidas-para-controlar-el-agua-que-extraemos-de-los-pozos-y-desconocemos-a-donde-va-a-parar\\\/#primaryimage\",\"url\":\"https:\\\/\\\/www.caudete.org\\\/ayuntamiento\\\/wp-content\\\/uploads\\\/2021\\\/10\\\/agua.jpg\",\"contentUrl\":\"https:\\\/\\\/www.caudete.org\\\/ayuntamiento\\\/wp-content\\\/uploads\\\/2021\\\/10\\\/agua.jpg\",\"width\":800,\"height\":397,\"caption\":\"Corte agua\"},{\"@type\":\"BreadcrumbList\",\"@id\":\"https:\\\/\\\/www.caudete.org\\\/ayuntamiento\\\/primeras-medidas-para-controlar-el-agua-que-extraemos-de-los-pozos-y-desconocemos-a-donde-va-a-parar\\\/#breadcrumb\",\"itemListElement\":[{\"@type\":\"ListItem\",\"position\":1,\"name\":\"Inicio\",\"item\":\"https:\\\/\\\/www.caudete.org\\\/ayuntamiento\\\/\"},{\"@type\":\"ListItem\",\"position\":2,\"name\":\"Primeras medidas para controlar el agua que extraemos de los pozos y desconocemos a donde va a parar\"}]},{\"@type\":\"WebSite\",\"@id\":\"https:\\\/\\\/www.caudete.org\\\/ayuntamiento\\\/#website\",\"url\":\"https:\\\/\\\/www.caudete.org\\\/ayuntamiento\\\/\",\"name\":\"MI Ayuntamiento de Caudete\",\"description\":\"P\u00e1gina Oficial del MI Ayuntamiento de Caudete\",\"potentialAction\":[{\"@type\":\"SearchAction\",\"target\":{\"@type\":\"EntryPoint\",\"urlTemplate\":\"https:\\\/\\\/www.caudete.org\\\/ayuntamiento\\\/?s={search_term_string}\"},\"query-input\":{\"@type\":\"PropertyValueSpecification\",\"valueRequired\":true,\"valueName\":\"search_term_string\"}}],\"inLanguage\":\"es\"},{\"@type\":\"Person\",\"@id\":\"https:\\\/\\\/www.caudete.org\\\/ayuntamiento\\\/#\\\/schema\\\/person\\\/4b9eab41761957db9b1bf9c418d1ef46\",\"name\":\"Dpto Informatica MI Ayuntamiento de Caudete\",\"image\":{\"@type\":\"ImageObject\",\"inLanguage\":\"es\",\"@id\":\"https:\\\/\\\/secure.gravatar.com\\\/avatar\\\/ac0321ee4a0a83e82a253e7b2d348ef539e2c8fe16d06b600bde04de1b364fa7?s=96&d=mm&r=g\",\"url\":\"https:\\\/\\\/secure.gravatar.com\\\/avatar\\\/ac0321ee4a0a83e82a253e7b2d348ef539e2c8fe16d06b600bde04de1b364fa7?s=96&d=mm&r=g\",\"contentUrl\":\"https:\\\/\\\/secure.gravatar.com\\\/avatar\\\/ac0321ee4a0a83e82a253e7b2d348ef539e2c8fe16d06b600bde04de1b364fa7?s=96&d=mm&r=g\",\"caption\":\"Dpto Informatica MI Ayuntamiento de Caudete\"},\"url\":\"https:\\\/\\\/www.caudete.org\\\/ayuntamiento\\\/author\\\/informatica\\\/\"}]}<\/script>\n<!-- \/ Yoast SEO plugin. -->","yoast_head_json":{"title":"Primeras medidas para controlar el agua que extraemos de los pozos y desconocemos a donde va a parar - MI Ayuntamiento de Caudete","description":"P\u00e1gina Oficial del Ayuntamiento de Caudete (Albacete)","robots":{"index":"index","follow":"follow","max-snippet":"max-snippet:-1","max-image-preview":"max-image-preview:large","max-video-preview":"max-video-preview:-1"},"canonical":"https:\/\/www.caudete.org\/ayuntamiento\/primeras-medidas-para-controlar-el-agua-que-extraemos-de-los-pozos-y-desconocemos-a-donde-va-a-parar\/","og_locale":"es_ES","og_type":"article","og_title":"Primeras medidas para controlar el agua que extraemos de los pozos y desconocemos a donde va a parar - MI Ayuntamiento de Caudete","og_description":"P\u00e1gina Oficial del Ayuntamiento de Caudete (Albacete)","og_url":"https:\/\/www.caudete.org\/ayuntamiento\/primeras-medidas-para-controlar-el-agua-que-extraemos-de-los-pozos-y-desconocemos-a-donde-va-a-parar\/","og_site_name":"MI Ayuntamiento de Caudete","article_publisher":"https:\/\/www.facebook.com\/ayuntamientocaudete\/","article_published_time":"2024-12-05T07:00:45+00:00","og_image":[{"width":800,"height":397,"url":"https:\/\/www.caudete.org\/ayuntamiento\/wp-content\/uploads\/2021\/10\/agua.jpg","type":"image\/jpeg"}],"author":"Dpto Informatica MI Ayuntamiento de Caudete","twitter_card":"summary_large_image","twitter_misc":{"Escrito por":"Dpto Informatica MI Ayuntamiento de Caudete","Tiempo de lectura":"4 minutos"},"schema":{"@context":"https:\/\/schema.org","@graph":[{"@type":"Article","@id":"https:\/\/www.caudete.org\/ayuntamiento\/primeras-medidas-para-controlar-el-agua-que-extraemos-de-los-pozos-y-desconocemos-a-donde-va-a-parar\/#article","isPartOf":{"@id":"https:\/\/www.caudete.org\/ayuntamiento\/primeras-medidas-para-controlar-el-agua-que-extraemos-de-los-pozos-y-desconocemos-a-donde-va-a-parar\/"},"author":{"name":"Dpto Informatica MI Ayuntamiento de Caudete","@id":"https:\/\/www.caudete.org\/ayuntamiento\/#\/schema\/person\/4b9eab41761957db9b1bf9c418d1ef46"},"headline":"Primeras medidas para controlar el agua que extraemos de los pozos y desconocemos a donde va a parar","datePublished":"2024-12-05T07:00:45+00:00","mainEntityOfPage":{"@id":"https:\/\/www.caudete.org\/ayuntamiento\/primeras-medidas-para-controlar-el-agua-que-extraemos-de-los-pozos-y-desconocemos-a-donde-va-a-parar\/"},"wordCount":704,"image":{"@id":"https:\/\/www.caudete.org\/ayuntamiento\/primeras-medidas-para-controlar-el-agua-que-extraemos-de-los-pozos-y-desconocemos-a-donde-va-a-parar\/#primaryimage"},"thumbnailUrl":"https:\/\/www.caudete.org\/ayuntamiento\/wp-content\/uploads\/2021\/10\/agua.jpg","articleSection":["Ciclo Integral del Agua"],"inLanguage":"es"},{"@type":"WebPage","@id":"https:\/\/www.caudete.org\/ayuntamiento\/primeras-medidas-para-controlar-el-agua-que-extraemos-de-los-pozos-y-desconocemos-a-donde-va-a-parar\/","url":"https:\/\/www.caudete.org\/ayuntamiento\/primeras-medidas-para-controlar-el-agua-que-extraemos-de-los-pozos-y-desconocemos-a-donde-va-a-parar\/","name":"Primeras medidas para controlar el agua que extraemos de los pozos y desconocemos a donde va a parar - MI Ayuntamiento de Caudete","isPartOf":{"@id":"https:\/\/www.caudete.org\/ayuntamiento\/#website"},"primaryImageOfPage":{"@id":"https:\/\/www.caudete.org\/ayuntamiento\/primeras-medidas-para-controlar-el-agua-que-extraemos-de-los-pozos-y-desconocemos-a-donde-va-a-parar\/#primaryimage"},"image":{"@id":"https:\/\/www.caudete.org\/ayuntamiento\/primeras-medidas-para-controlar-el-agua-que-extraemos-de-los-pozos-y-desconocemos-a-donde-va-a-parar\/#primaryimage"},"thumbnailUrl":"https:\/\/www.caudete.org\/ayuntamiento\/wp-content\/uploads\/2021\/10\/agua.jpg","datePublished":"2024-12-05T07:00:45+00:00","author":{"@id":"https:\/\/www.caudete.org\/ayuntamiento\/#\/schema\/person\/4b9eab41761957db9b1bf9c418d1ef46"},"description":"P\u00e1gina Oficial del Ayuntamiento de Caudete (Albacete)","breadcrumb":{"@id":"https:\/\/www.caudete.org\/ayuntamiento\/primeras-medidas-para-controlar-el-agua-que-extraemos-de-los-pozos-y-desconocemos-a-donde-va-a-parar\/#breadcrumb"},"inLanguage":"es","potentialAction":[{"@type":"ReadAction","target":["https:\/\/www.caudete.org\/ayuntamiento\/primeras-medidas-para-controlar-el-agua-que-extraemos-de-los-pozos-y-desconocemos-a-donde-va-a-parar\/"]}]},{"@type":"ImageObject","inLanguage":"es","@id":"https:\/\/www.caudete.org\/ayuntamiento\/primeras-medidas-para-controlar-el-agua-que-extraemos-de-los-pozos-y-desconocemos-a-donde-va-a-parar\/#primaryimage","url":"https:\/\/www.caudete.org\/ayuntamiento\/wp-content\/uploads\/2021\/10\/agua.jpg","contentUrl":"https:\/\/www.caudete.org\/ayuntamiento\/wp-content\/uploads\/2021\/10\/agua.jpg","width":800,"height":397,"caption":"Corte agua"},{"@type":"BreadcrumbList","@id":"https:\/\/www.caudete.org\/ayuntamiento\/primeras-medidas-para-controlar-el-agua-que-extraemos-de-los-pozos-y-desconocemos-a-donde-va-a-parar\/#breadcrumb","itemListElement":[{"@type":"ListItem","position":1,"name":"Inicio","item":"https:\/\/www.caudete.org\/ayuntamiento\/"},{"@type":"ListItem","position":2,"name":"Primeras medidas para controlar el agua que extraemos de los pozos y desconocemos a donde va a parar"}]},{"@type":"WebSite","@id":"https:\/\/www.caudete.org\/ayuntamiento\/#website","url":"https:\/\/www.caudete.org\/ayuntamiento\/","name":"MI Ayuntamiento de Caudete","description":"P\u00e1gina Oficial del MI Ayuntamiento de Caudete","potentialAction":[{"@type":"SearchAction","target":{"@type":"EntryPoint","urlTemplate":"https:\/\/www.caudete.org\/ayuntamiento\/?s={search_term_string}"},"query-input":{"@type":"PropertyValueSpecification","valueRequired":true,"valueName":"search_term_string"}}],"inLanguage":"es"},{"@type":"Person","@id":"https:\/\/www.caudete.org\/ayuntamiento\/#\/schema\/person\/4b9eab41761957db9b1bf9c418d1ef46","name":"Dpto Informatica MI Ayuntamiento de Caudete","image":{"@type":"ImageObject","inLanguage":"es","@id":"https:\/\/secure.gravatar.com\/avatar\/ac0321ee4a0a83e82a253e7b2d348ef539e2c8fe16d06b600bde04de1b364fa7?s=96&d=mm&r=g","url":"https:\/\/secure.gravatar.com\/avatar\/ac0321ee4a0a83e82a253e7b2d348ef539e2c8fe16d06b600bde04de1b364fa7?s=96&d=mm&r=g","contentUrl":"https:\/\/secure.gravatar.com\/avatar\/ac0321ee4a0a83e82a253e7b2d348ef539e2c8fe16d06b600bde04de1b364fa7?s=96&d=mm&r=g","caption":"Dpto Informatica MI Ayuntamiento de Caudete"},"url":"https:\/\/www.caudete.org\/ayuntamiento\/author\/informatica\/"}]}},"_links":{"self":[{"href":"https:\/\/www.caudete.org\/ayuntamiento\/wp-json\/wp\/v2\/posts\/26839","targetHints":{"allow":["GET"]}}],"collection":[{"href":"https:\/\/www.caudete.org\/ayuntamiento\/wp-json\/wp\/v2\/posts"}],"about":[{"href":"https:\/\/www.caudete.org\/ayuntamiento\/wp-json\/wp\/v2\/types\/post"}],"author":[{"embeddable":true,"href":"https:\/\/www.caudete.org\/ayuntamiento\/wp-json\/wp\/v2\/users\/5"}],"replies":[{"embeddable":true,"href":"https:\/\/www.caudete.org\/ayuntamiento\/wp-json\/wp\/v2\/comments?post=26839"}],"version-history":[{"count":2,"href":"https:\/\/www.caudete.org\/ayuntamiento\/wp-json\/wp\/v2\/posts\/26839\/revisions"}],"predecessor-version":[{"id":26842,"href":"https:\/\/www.caudete.org\/ayuntamiento\/wp-json\/wp\/v2\/posts\/26839\/revisions\/26842"}],"wp:featuredmedia":[{"embeddable":true,"href":"https:\/\/www.caudete.org\/ayuntamiento\/wp-json\/wp\/v2\/media\/16555"}],"wp:attachment":[{"href":"https:\/\/www.caudete.org\/ayuntamiento\/wp-json\/wp\/v2\/media?parent=26839"}],"wp:term":[{"taxonomy":"category","embeddable":true,"href":"https:\/\/www.caudete.org\/ayuntamiento\/wp-json\/wp\/v2\/categories?post=26839"},{"taxonomy":"post_tag","embeddable":true,"href":"https:\/\/www.caudete.org\/ayuntamiento\/wp-json\/wp\/v2\/tags?post=26839"}],"curies":[{"name":"wp","href":"https:\/\/api.w.org\/{rel}","templated":true}]}}