{"id":26843,"date":"2024-12-05T08:00:31","date_gmt":"2024-12-05T07:00:31","guid":{"rendered":"https:\/\/www.caudete.org\/ayuntamiento\/?p=26843"},"modified":"2024-12-30T13:14:07","modified_gmt":"2024-12-30T12:14:07","slug":"xii-san-silvestre-caudetena-a-correr-o-caminar-por-una-buena-causa","status":"publish","type":"post","link":"https:\/\/www.caudete.org\/ayuntamiento\/xii-san-silvestre-caudetena-a-correr-o-caminar-por-una-buena-causa\/","title":{"rendered":"XII San Silvestre Caudetana: \u00a1A correr o caminar por una buena causa!"},"content":{"rendered":"<p style=\"text-align: justify;\">Caudete se prepara para celebrar una nueva edici\u00f3n de su tradicional San Silvestre, una cita ineludible para los amantes del deporte y la solidaridad. Este a\u00f1o, la XII San Silvestre Caudetana tendr\u00e1 lugar el s\u00e1bado 28 de diciembre a las 19:00 horas, con salida y meta en la emblem\u00e1tica Plaza del Carmen.<\/p>\n<p style=\"text-align: justify;\">La Concejal de Deportes, Pilar Egea, ha mostrado su satisfacci\u00f3n por la celebraci\u00f3n de esta nueva edici\u00f3n, que ya se ha convertido en un referente deportivo y solidario en la localidad. &#8220;La San Silvestre Caudetana es una oportunidad para disfrutar del deporte al aire libre, fomentar el compa\u00f1erismo y colaborar con una causa tan importante como C\u00e1ritas&#8221;, ha destacado la edil.<\/p>\n<p style=\"text-align: justify;\">El recorrido, de 3400 metros, se desarrollar\u00e1 \u00edntegramente por el casco urbano de Caudete y consistir\u00e1 en dos vueltas a un circuito previamente establecido. Los participantes podr\u00e1n elegir entre correr o caminar, adapt\u00e1ndose as\u00ed a las diferentes capacidades f\u00edsicas de cada uno.<\/p>\n<p style=\"text-align: justify;\">Las inscripciones se pueden realizar a trav\u00e9s de la web municipal <a href=\"https:\/\/www.caudete.org\/sansilvestre\">www.caudete.org\/sansilvestre<\/a> hasta el jueves 26 de diciembre. El precio de la inscripci\u00f3n es de 6 euros, y la recaudaci\u00f3n \u00edntegra se destinar\u00e1 a C\u00e1ritas Caudete para apoyar sus proyectos sociales.<\/p>\n<p style=\"text-align: justify;\">Los tres primeros clasificados de las categor\u00edas masculina y femenina recibir\u00e1n un trofeo, y adem\u00e1s, se obsequiar\u00e1 con un jam\u00f3n al corredor o colectivo que luzca el disfraz m\u00e1s original. Al finalizar la carrera, se ofrecer\u00e1 una chocolatada para todos los participantes y p\u00fablico asistente.<\/p>\n<p style=\"text-align: justify;\">La XII San Silvestre Caudetana est\u00e1 organizada por la Concejal\u00eda de Deportes del Ayuntamiento de Caudete y el Club de Atletismo Antonio Amor\u00f3s, contando con la colaboraci\u00f3n de C\u00e1ritas Caudete.<\/p>\n<p style=\"text-align: justify;\">An\u00edmate a participar en esta divertida y solidaria carrera. \u00a1Te esperamos el 28 de diciembre en la Plaza del Carmen!<\/p>\n<p style=\"text-align: justify;\">Para m\u00e1s informaci\u00f3n: <a href=\"https:\/\/www.caudete.org\/sansilvestre\">www.caudete.org\/sansilvestre<\/a><\/p>\n<p style=\"text-align: justify;\"><a href=\"https:\/\/www.caudete.org\/ayuntamiento\/wp-content\/uploads\/2024\/12\/Cartel-San-Silvestre-2024.jpg\" rel='prettyPhoto'><img fetchpriority=\"high\" decoding=\"async\" class=\"alignnone size-full wp-image-26845\" src=\"https:\/\/www.caudete.org\/ayuntamiento\/wp-content\/uploads\/2024\/12\/Cartel-San-Silvestre-2024.jpg\" alt=\"\" width=\"710\" height=\"1000\" srcset=\"https:\/\/www.caudete.org\/ayuntamiento\/wp-content\/uploads\/2024\/12\/Cartel-San-Silvestre-2024.jpg 710w, https:\/\/www.caudete.org\/ayuntamiento\/wp-content\/uploads\/2024\/12\/Cartel-San-Silvestre-2024-213x300.jpg 213w\" sizes=\"(max-width: 710px) 100vw, 710px\" \/><\/a><\/p>\n","protected":false},"excerpt":{"rendered":"<p>Caudete se prepara para celebrar una nueva edici\u00f3n de su tradicional San Silvestre, una cita ineludible para los amantes del deporte y la solidaridad. Este a\u00f1o, la XII San Silvestre Caudetana tendr\u00e1 lugar el s\u00e1bado 28 de diciembre a las 19:00 horas, con salida y meta en la emblem\u00e1tica Plaza del Carmen. La Concejal de &hellip;<\/p>\n","protected":false},"author":5,"featured_media":26846,"comment_status":"closed","ping_status":"open","sticky":false,"template":"","format":"standard","meta":{"ngg_post_thumbnail":0,"footnotes":""},"categories":[23],"tags":[],"class_list":["post-26843","post","type-post","status-publish","format-standard","has-post-thumbnail","hentry","category-deportes"],"yoast_head":"<!-- This site is optimized with the Yoast SEO plugin v27.5 - https:\/\/yoast.com\/product\/yoast-seo-wordpress\/ -->\n<title>XII San Silvestre Caudetana: \u00a1A correr o caminar por una buena causa! - MI Ayuntamiento de Caudete<\/title>\n<meta name=\"description\" content=\"P\u00e1gina Oficial del Ayuntamiento de Caudete (Albacete)\" \/>\n<meta name=\"robots\" content=\"index, follow, max-snippet:-1, max-image-preview:large, max-video-preview:-1\" \/>\n<link rel=\"canonical\" href=\"https:\/\/www.caudete.org\/ayuntamiento\/xii-san-silvestre-caudetena-a-correr-o-caminar-por-una-buena-causa\/\" \/>\n<meta property=\"og:locale\" content=\"es_ES\" \/>\n<meta property=\"og:type\" content=\"article\" \/>\n<meta property=\"og:title\" content=\"XII San Silvestre Caudetana: \u00a1A correr o caminar por una buena causa! - MI Ayuntamiento de Caudete\" \/>\n<meta property=\"og:description\" content=\"P\u00e1gina Oficial del Ayuntamiento de Caudete (Albacete)\" \/>\n<meta property=\"og:url\" content=\"https:\/\/www.caudete.org\/ayuntamiento\/xii-san-silvestre-caudetena-a-correr-o-caminar-por-una-buena-causa\/\" \/>\n<meta property=\"og:site_name\" content=\"MI Ayuntamiento de Caudete\" \/>\n<meta property=\"article:publisher\" content=\"https:\/\/www.facebook.com\/ayuntamientocaudete\/\" \/>\n<meta property=\"article:published_time\" content=\"2024-12-05T07:00:31+00:00\" \/>\n<meta property=\"article:modified_time\" content=\"2024-12-30T12:14:07+00:00\" \/>\n<meta property=\"og:image\" content=\"https:\/\/www.caudete.org\/ayuntamiento\/wp-content\/uploads\/2024\/12\/Cartel-San-Silvestre-2024-port.jpg\" \/>\n\t<meta property=\"og:image:width\" content=\"710\" \/>\n\t<meta property=\"og:image:height\" content=\"293\" \/>\n\t<meta property=\"og:image:type\" content=\"image\/jpeg\" \/>\n<meta name=\"author\" content=\"Dpto Informatica MI Ayuntamiento de Caudete\" \/>\n<meta name=\"twitter:card\" content=\"summary_large_image\" \/>\n<meta name=\"twitter:label1\" content=\"Escrito por\" \/>\n\t<meta name=\"twitter:data1\" content=\"Dpto Informatica MI Ayuntamiento de Caudete\" \/>\n\t<meta name=\"twitter:label2\" content=\"Tiempo de lectura\" \/>\n\t<meta name=\"twitter:data2\" content=\"2 minutos\" \/>\n<script type=\"application\/ld+json\" class=\"yoast-schema-graph\">{\"@context\":\"https:\\\/\\\/schema.org\",\"@graph\":[{\"@type\":\"Article\",\"@id\":\"https:\\\/\\\/www.caudete.org\\\/ayuntamiento\\\/xii-san-silvestre-caudetena-a-correr-o-caminar-por-una-buena-causa\\\/#article\",\"isPartOf\":{\"@id\":\"https:\\\/\\\/www.caudete.org\\\/ayuntamiento\\\/xii-san-silvestre-caudetena-a-correr-o-caminar-por-una-buena-causa\\\/\"},\"author\":{\"name\":\"Dpto Informatica MI Ayuntamiento de Caudete\",\"@id\":\"https:\\\/\\\/www.caudete.org\\\/ayuntamiento\\\/#\\\/schema\\\/person\\\/4b9eab41761957db9b1bf9c418d1ef46\"},\"headline\":\"XII San Silvestre Caudetana: \u00a1A correr o caminar por una buena causa!\",\"datePublished\":\"2024-12-05T07:00:31+00:00\",\"dateModified\":\"2024-12-30T12:14:07+00:00\",\"mainEntityOfPage\":{\"@id\":\"https:\\\/\\\/www.caudete.org\\\/ayuntamiento\\\/xii-san-silvestre-caudetena-a-correr-o-caminar-por-una-buena-causa\\\/\"},\"wordCount\":336,\"image\":{\"@id\":\"https:\\\/\\\/www.caudete.org\\\/ayuntamiento\\\/xii-san-silvestre-caudetena-a-correr-o-caminar-por-una-buena-causa\\\/#primaryimage\"},\"thumbnailUrl\":\"https:\\\/\\\/www.caudete.org\\\/ayuntamiento\\\/wp-content\\\/uploads\\\/2024\\\/12\\\/Cartel-San-Silvestre-2024-port.jpg\",\"articleSection\":[\"Deportes\"],\"inLanguage\":\"es\"},{\"@type\":\"WebPage\",\"@id\":\"https:\\\/\\\/www.caudete.org\\\/ayuntamiento\\\/xii-san-silvestre-caudetena-a-correr-o-caminar-por-una-buena-causa\\\/\",\"url\":\"https:\\\/\\\/www.caudete.org\\\/ayuntamiento\\\/xii-san-silvestre-caudetena-a-correr-o-caminar-por-una-buena-causa\\\/\",\"name\":\"XII San Silvestre Caudetana: \u00a1A correr o caminar por una buena causa! - MI Ayuntamiento de Caudete\",\"isPartOf\":{\"@id\":\"https:\\\/\\\/www.caudete.org\\\/ayuntamiento\\\/#website\"},\"primaryImageOfPage\":{\"@id\":\"https:\\\/\\\/www.caudete.org\\\/ayuntamiento\\\/xii-san-silvestre-caudetena-a-correr-o-caminar-por-una-buena-causa\\\/#primaryimage\"},\"image\":{\"@id\":\"https:\\\/\\\/www.caudete.org\\\/ayuntamiento\\\/xii-san-silvestre-caudetena-a-correr-o-caminar-por-una-buena-causa\\\/#primaryimage\"},\"thumbnailUrl\":\"https:\\\/\\\/www.caudete.org\\\/ayuntamiento\\\/wp-content\\\/uploads\\\/2024\\\/12\\\/Cartel-San-Silvestre-2024-port.jpg\",\"datePublished\":\"2024-12-05T07:00:31+00:00\",\"dateModified\":\"2024-12-30T12:14:07+00:00\",\"author\":{\"@id\":\"https:\\\/\\\/www.caudete.org\\\/ayuntamiento\\\/#\\\/schema\\\/person\\\/4b9eab41761957db9b1bf9c418d1ef46\"},\"description\":\"P\u00e1gina Oficial del Ayuntamiento de Caudete (Albacete)\",\"breadcrumb\":{\"@id\":\"https:\\\/\\\/www.caudete.org\\\/ayuntamiento\\\/xii-san-silvestre-caudetena-a-correr-o-caminar-por-una-buena-causa\\\/#breadcrumb\"},\"inLanguage\":\"es\",\"potentialAction\":[{\"@type\":\"ReadAction\",\"target\":[\"https:\\\/\\\/www.caudete.org\\\/ayuntamiento\\\/xii-san-silvestre-caudetena-a-correr-o-caminar-por-una-buena-causa\\\/\"]}]},{\"@type\":\"ImageObject\",\"inLanguage\":\"es\",\"@id\":\"https:\\\/\\\/www.caudete.org\\\/ayuntamiento\\\/xii-san-silvestre-caudetena-a-correr-o-caminar-por-una-buena-causa\\\/#primaryimage\",\"url\":\"https:\\\/\\\/www.caudete.org\\\/ayuntamiento\\\/wp-content\\\/uploads\\\/2024\\\/12\\\/Cartel-San-Silvestre-2024-port.jpg\",\"contentUrl\":\"https:\\\/\\\/www.caudete.org\\\/ayuntamiento\\\/wp-content\\\/uploads\\\/2024\\\/12\\\/Cartel-San-Silvestre-2024-port.jpg\",\"width\":710,\"height\":293},{\"@type\":\"BreadcrumbList\",\"@id\":\"https:\\\/\\\/www.caudete.org\\\/ayuntamiento\\\/xii-san-silvestre-caudetena-a-correr-o-caminar-por-una-buena-causa\\\/#breadcrumb\",\"itemListElement\":[{\"@type\":\"ListItem\",\"position\":1,\"name\":\"Inicio\",\"item\":\"https:\\\/\\\/www.caudete.org\\\/ayuntamiento\\\/\"},{\"@type\":\"ListItem\",\"position\":2,\"name\":\"XII San Silvestre Caudetana: \u00a1A correr o caminar por una buena causa!\"}]},{\"@type\":\"WebSite\",\"@id\":\"https:\\\/\\\/www.caudete.org\\\/ayuntamiento\\\/#website\",\"url\":\"https:\\\/\\\/www.caudete.org\\\/ayuntamiento\\\/\",\"name\":\"MI Ayuntamiento de Caudete\",\"description\":\"P\u00e1gina Oficial del MI Ayuntamiento de Caudete\",\"potentialAction\":[{\"@type\":\"SearchAction\",\"target\":{\"@type\":\"EntryPoint\",\"urlTemplate\":\"https:\\\/\\\/www.caudete.org\\\/ayuntamiento\\\/?s={search_term_string}\"},\"query-input\":{\"@type\":\"PropertyValueSpecification\",\"valueRequired\":true,\"valueName\":\"search_term_string\"}}],\"inLanguage\":\"es\"},{\"@type\":\"Person\",\"@id\":\"https:\\\/\\\/www.caudete.org\\\/ayuntamiento\\\/#\\\/schema\\\/person\\\/4b9eab41761957db9b1bf9c418d1ef46\",\"name\":\"Dpto Informatica MI Ayuntamiento de Caudete\",\"image\":{\"@type\":\"ImageObject\",\"inLanguage\":\"es\",\"@id\":\"https:\\\/\\\/secure.gravatar.com\\\/avatar\\\/ac0321ee4a0a83e82a253e7b2d348ef539e2c8fe16d06b600bde04de1b364fa7?s=96&d=mm&r=g\",\"url\":\"https:\\\/\\\/secure.gravatar.com\\\/avatar\\\/ac0321ee4a0a83e82a253e7b2d348ef539e2c8fe16d06b600bde04de1b364fa7?s=96&d=mm&r=g\",\"contentUrl\":\"https:\\\/\\\/secure.gravatar.com\\\/avatar\\\/ac0321ee4a0a83e82a253e7b2d348ef539e2c8fe16d06b600bde04de1b364fa7?s=96&d=mm&r=g\",\"caption\":\"Dpto Informatica MI Ayuntamiento de Caudete\"},\"url\":\"https:\\\/\\\/www.caudete.org\\\/ayuntamiento\\\/author\\\/informatica\\\/\"}]}<\/script>\n<!-- \/ Yoast SEO plugin. -->","yoast_head_json":{"title":"XII San Silvestre Caudetana: \u00a1A correr o caminar por una buena causa! - MI Ayuntamiento de Caudete","description":"P\u00e1gina Oficial del Ayuntamiento de Caudete (Albacete)","robots":{"index":"index","follow":"follow","max-snippet":"max-snippet:-1","max-image-preview":"max-image-preview:large","max-video-preview":"max-video-preview:-1"},"canonical":"https:\/\/www.caudete.org\/ayuntamiento\/xii-san-silvestre-caudetena-a-correr-o-caminar-por-una-buena-causa\/","og_locale":"es_ES","og_type":"article","og_title":"XII San Silvestre Caudetana: \u00a1A correr o caminar por una buena causa! - MI Ayuntamiento de Caudete","og_description":"P\u00e1gina Oficial del Ayuntamiento de Caudete (Albacete)","og_url":"https:\/\/www.caudete.org\/ayuntamiento\/xii-san-silvestre-caudetena-a-correr-o-caminar-por-una-buena-causa\/","og_site_name":"MI Ayuntamiento de Caudete","article_publisher":"https:\/\/www.facebook.com\/ayuntamientocaudete\/","article_published_time":"2024-12-05T07:00:31+00:00","article_modified_time":"2024-12-30T12:14:07+00:00","og_image":[{"width":710,"height":293,"url":"https:\/\/www.caudete.org\/ayuntamiento\/wp-content\/uploads\/2024\/12\/Cartel-San-Silvestre-2024-port.jpg","type":"image\/jpeg"}],"author":"Dpto Informatica MI Ayuntamiento de Caudete","twitter_card":"summary_large_image","twitter_misc":{"Escrito por":"Dpto Informatica MI Ayuntamiento de Caudete","Tiempo de lectura":"2 minutos"},"schema":{"@context":"https:\/\/schema.org","@graph":[{"@type":"Article","@id":"https:\/\/www.caudete.org\/ayuntamiento\/xii-san-silvestre-caudetena-a-correr-o-caminar-por-una-buena-causa\/#article","isPartOf":{"@id":"https:\/\/www.caudete.org\/ayuntamiento\/xii-san-silvestre-caudetena-a-correr-o-caminar-por-una-buena-causa\/"},"author":{"name":"Dpto Informatica MI Ayuntamiento de Caudete","@id":"https:\/\/www.caudete.org\/ayuntamiento\/#\/schema\/person\/4b9eab41761957db9b1bf9c418d1ef46"},"headline":"XII San Silvestre Caudetana: \u00a1A correr o caminar por una buena causa!","datePublished":"2024-12-05T07:00:31+00:00","dateModified":"2024-12-30T12:14:07+00:00","mainEntityOfPage":{"@id":"https:\/\/www.caudete.org\/ayuntamiento\/xii-san-silvestre-caudetena-a-correr-o-caminar-por-una-buena-causa\/"},"wordCount":336,"image":{"@id":"https:\/\/www.caudete.org\/ayuntamiento\/xii-san-silvestre-caudetena-a-correr-o-caminar-por-una-buena-causa\/#primaryimage"},"thumbnailUrl":"https:\/\/www.caudete.org\/ayuntamiento\/wp-content\/uploads\/2024\/12\/Cartel-San-Silvestre-2024-port.jpg","articleSection":["Deportes"],"inLanguage":"es"},{"@type":"WebPage","@id":"https:\/\/www.caudete.org\/ayuntamiento\/xii-san-silvestre-caudetena-a-correr-o-caminar-por-una-buena-causa\/","url":"https:\/\/www.caudete.org\/ayuntamiento\/xii-san-silvestre-caudetena-a-correr-o-caminar-por-una-buena-causa\/","name":"XII San Silvestre Caudetana: \u00a1A correr o caminar por una buena causa! - MI Ayuntamiento de Caudete","isPartOf":{"@id":"https:\/\/www.caudete.org\/ayuntamiento\/#website"},"primaryImageOfPage":{"@id":"https:\/\/www.caudete.org\/ayuntamiento\/xii-san-silvestre-caudetena-a-correr-o-caminar-por-una-buena-causa\/#primaryimage"},"image":{"@id":"https:\/\/www.caudete.org\/ayuntamiento\/xii-san-silvestre-caudetena-a-correr-o-caminar-por-una-buena-causa\/#primaryimage"},"thumbnailUrl":"https:\/\/www.caudete.org\/ayuntamiento\/wp-content\/uploads\/2024\/12\/Cartel-San-Silvestre-2024-port.jpg","datePublished":"2024-12-05T07:00:31+00:00","dateModified":"2024-12-30T12:14:07+00:00","author":{"@id":"https:\/\/www.caudete.org\/ayuntamiento\/#\/schema\/person\/4b9eab41761957db9b1bf9c418d1ef46"},"description":"P\u00e1gina Oficial del Ayuntamiento de Caudete (Albacete)","breadcrumb":{"@id":"https:\/\/www.caudete.org\/ayuntamiento\/xii-san-silvestre-caudetena-a-correr-o-caminar-por-una-buena-causa\/#breadcrumb"},"inLanguage":"es","potentialAction":[{"@type":"ReadAction","target":["https:\/\/www.caudete.org\/ayuntamiento\/xii-san-silvestre-caudetena-a-correr-o-caminar-por-una-buena-causa\/"]}]},{"@type":"ImageObject","inLanguage":"es","@id":"https:\/\/www.caudete.org\/ayuntamiento\/xii-san-silvestre-caudetena-a-correr-o-caminar-por-una-buena-causa\/#primaryimage","url":"https:\/\/www.caudete.org\/ayuntamiento\/wp-content\/uploads\/2024\/12\/Cartel-San-Silvestre-2024-port.jpg","contentUrl":"https:\/\/www.caudete.org\/ayuntamiento\/wp-content\/uploads\/2024\/12\/Cartel-San-Silvestre-2024-port.jpg","width":710,"height":293},{"@type":"BreadcrumbList","@id":"https:\/\/www.caudete.org\/ayuntamiento\/xii-san-silvestre-caudetena-a-correr-o-caminar-por-una-buena-causa\/#breadcrumb","itemListElement":[{"@type":"ListItem","position":1,"name":"Inicio","item":"https:\/\/www.caudete.org\/ayuntamiento\/"},{"@type":"ListItem","position":2,"name":"XII San Silvestre Caudetana: \u00a1A correr o caminar por una buena causa!"}]},{"@type":"WebSite","@id":"https:\/\/www.caudete.org\/ayuntamiento\/#website","url":"https:\/\/www.caudete.org\/ayuntamiento\/","name":"MI Ayuntamiento de Caudete","description":"P\u00e1gina Oficial del MI Ayuntamiento de Caudete","potentialAction":[{"@type":"SearchAction","target":{"@type":"EntryPoint","urlTemplate":"https:\/\/www.caudete.org\/ayuntamiento\/?s={search_term_string}"},"query-input":{"@type":"PropertyValueSpecification","valueRequired":true,"valueName":"search_term_string"}}],"inLanguage":"es"},{"@type":"Person","@id":"https:\/\/www.caudete.org\/ayuntamiento\/#\/schema\/person\/4b9eab41761957db9b1bf9c418d1ef46","name":"Dpto Informatica MI Ayuntamiento de Caudete","image":{"@type":"ImageObject","inLanguage":"es","@id":"https:\/\/secure.gravatar.com\/avatar\/ac0321ee4a0a83e82a253e7b2d348ef539e2c8fe16d06b600bde04de1b364fa7?s=96&d=mm&r=g","url":"https:\/\/secure.gravatar.com\/avatar\/ac0321ee4a0a83e82a253e7b2d348ef539e2c8fe16d06b600bde04de1b364fa7?s=96&d=mm&r=g","contentUrl":"https:\/\/secure.gravatar.com\/avatar\/ac0321ee4a0a83e82a253e7b2d348ef539e2c8fe16d06b600bde04de1b364fa7?s=96&d=mm&r=g","caption":"Dpto Informatica MI Ayuntamiento de Caudete"},"url":"https:\/\/www.caudete.org\/ayuntamiento\/author\/informatica\/"}]}},"_links":{"self":[{"href":"https:\/\/www.caudete.org\/ayuntamiento\/wp-json\/wp\/v2\/posts\/26843","targetHints":{"allow":["GET"]}}],"collection":[{"href":"https:\/\/www.caudete.org\/ayuntamiento\/wp-json\/wp\/v2\/posts"}],"about":[{"href":"https:\/\/www.caudete.org\/ayuntamiento\/wp-json\/wp\/v2\/types\/post"}],"author":[{"embeddable":true,"href":"https:\/\/www.caudete.org\/ayuntamiento\/wp-json\/wp\/v2\/users\/5"}],"replies":[{"embeddable":true,"href":"https:\/\/www.caudete.org\/ayuntamiento\/wp-json\/wp\/v2\/comments?post=26843"}],"version-history":[{"count":7,"href":"https:\/\/www.caudete.org\/ayuntamiento\/wp-json\/wp\/v2\/posts\/26843\/revisions"}],"predecessor-version":[{"id":27060,"href":"https:\/\/www.caudete.org\/ayuntamiento\/wp-json\/wp\/v2\/posts\/26843\/revisions\/27060"}],"wp:featuredmedia":[{"embeddable":true,"href":"https:\/\/www.caudete.org\/ayuntamiento\/wp-json\/wp\/v2\/media\/26846"}],"wp:attachment":[{"href":"https:\/\/www.caudete.org\/ayuntamiento\/wp-json\/wp\/v2\/media?parent=26843"}],"wp:term":[{"taxonomy":"category","embeddable":true,"href":"https:\/\/www.caudete.org\/ayuntamiento\/wp-json\/wp\/v2\/categories?post=26843"},{"taxonomy":"post_tag","embeddable":true,"href":"https:\/\/www.caudete.org\/ayuntamiento\/wp-json\/wp\/v2\/tags?post=26843"}],"curies":[{"name":"wp","href":"https:\/\/api.w.org\/{rel}","templated":true}]}}