{"id":26868,"date":"2024-12-10T08:57:12","date_gmt":"2024-12-10T07:57:12","guid":{"rendered":"https:\/\/www.caudete.org\/ayuntamiento\/?p=26868"},"modified":"2024-12-09T14:01:13","modified_gmt":"2024-12-09T13:01:13","slug":"ampliacion-del-centro-de-interes-de-consumo-medio-ambiente-y-agenda-2030-en-la-biblioteca-municipal","status":"publish","type":"post","link":"https:\/\/www.caudete.org\/ayuntamiento\/ampliacion-del-centro-de-interes-de-consumo-medio-ambiente-y-agenda-2030-en-la-biblioteca-municipal\/","title":{"rendered":"Ampliaci\u00f3n del Centro de Inter\u00e9s de Consumo, Medio Ambiente y Agenda 2030 en la Biblioteca Municipal"},"content":{"rendered":"<p style=\"text-align: justify;\" align=\"center\"><span style=\"font-family: georgia, palatino, serif;\"><span style=\"font-size: large;\"><b>Ampliaci\u00f3n del Centro de Inter\u00e9s de Consumo, Medio Ambiente y Agenda 2030 en la Biblioteca Municipal<\/b><\/span><\/span><\/p>\n<p style=\"text-align: justify;\" align=\"justify\"><span style=\"font-family: georgia, palatino, serif;\"><span style=\"font-size: medium;\"> En el a\u00f1o 2022 la Concejal\u00eda de Comercio cre\u00f3 en la Biblioteca Municipal el <strong>Centro de Inter\u00e9s de Consumo, Medio Ambiente y Agenda 2030 \u201cEstanter\u00eda verde\u201d.<\/strong><\/span><\/span><\/p>\n<p align=\"justify\"><span style=\"font-family: georgia, palatino, serif;\"><span style=\"font-size: medium;\"> En el d\u00eda de hoy nuevamente y con la finalidad de ampliar dicho Centro de Inter\u00e9s, el Concejal de Comercio Diego Cuenca Olivares entrega a a la Concejal de Educaci\u00f3n Manuela Gonz\u00e1lez y a la Directora de la Biblioteca un nuevo lote de libros.<\/span><\/span><\/p>\n<p align=\"justify\"><span style=\"font-family: georgia, palatino, serif;\"><span style=\"font-size: medium;\">La finalidad de este punto de informaci\u00f3n es que los ciudadanos a trav\u00e9s de la lectura, tengan a mano los recursos suficientes para informarse sobre los problemas con los que convivimos d\u00eda a d\u00eda (consumo excesivo, residuos, deforestaci\u00f3n , contaminaci\u00f3n, desigualdades, extinci\u00f3n animal&#8230;), formas de afrontarlos, de colaborar y de participar.<\/span><\/span><\/p>\n<p align=\"justify\"><span style=\"font-family: georgia, palatino, serif;\"><span style=\"font-size: medium;\"> El material est\u00e1 distribuido por edades y categor\u00edas, con una \u00e1rea muy especial infantil, ya que los m\u00e1s peque\u00f1os son nuestro futuro y la educaci\u00f3n es el mejor camino para mejorarlo.<br \/>\n<\/span><\/span><\/p>\n<p align=\"justify\"><span style=\"font-family: Arial, sans-serif;\"><span style=\"font-size: medium;\"><b>Este lote ha sido subvencionado por la Direcci\u00f3n General de Agenda 2030 y Consumo<\/b>.<\/span><\/span><\/p>\n<table>\n<tbody>\n<tr>\n<td style=\"background-color: #000000;\"><span style=\"color: #ffffff;\"><strong>TITULO<\/strong><\/span><\/td>\n<td style=\"background-color: #000000;\"><span style=\"color: #ffffff;\"><strong>EDITORIAL<\/strong><\/span><\/td>\n<\/tr>\n<tr>\n<td>INVIERNO<br \/>\nLA GUERRA DE LAS BATER\u00cdAS<br \/>\nLA RECIVILIZACI\u00d3N<br \/>\nMANUAL DEL BUEN ECOLOGISTA<br \/>\nMEDIO AMBIENTE Y SOCIEDAD<br \/>\nMONSTRUOS VERDADEROS<br \/>\nMI PRIMERA GU\u00cdA SOBRE EL CAMBIO CLIM\u00c1TICO<br \/>\nVITAMINA N<br \/>\nREWILDING<br \/>\nRUMBO AL ECOCIDIO<br \/>\nRESIDUO CERO EN CASA<br \/>\nECOLOGISMO REAL<br \/>\n10 IDEAS PARA SALVAR EL PLANETA<br \/>\nCALOR<br \/>\nCOMER CON CABEZA<br \/>\nDONDE EST\u00c1N LOS PECES<br \/>\nEN UN METRO DE BOSQUE<br \/>\nINVENCI\u00d3N DE LA NATURALEZA,LA<br \/>\nEN UN METRO DE BOSQUE<\/td>\n<td>ERRATA NATURAE<br \/>\nERRATA NATURAE<br \/>\nDESTINO<br \/>\nLIBSA<br \/>\nALIANZA<br \/>\nZAHORI DE IDEAS<br \/>\nLA GALERA<br \/>\nFAKTORIA K DE LIBROS<br \/>\nBLUME<br \/>\nESPASA CALPE<br \/>\nPOL LEN EDICIONS<br \/>\nDESTINO<br \/>\nALGAR<br \/>\nDEBATE<br \/>\nERRATA NATURAE<br \/>\nDK<br \/>\nTURNER<br \/>\nTAURUS<br \/>\nTURNER PUBLICACIONES S.L.<\/td>\n<\/tr>\n<\/tbody>\n<\/table>\n<p><a href=\"https:\/\/www.caudete.org\/ayuntamiento\/wp-content\/uploads\/2024\/12\/centro-de-interes-consumo-responsable-y-agenda-2030.jpg\" rel='prettyPhoto'><img fetchpriority=\"high\" decoding=\"async\" class=\"alignnone size-full wp-image-26872\" src=\"https:\/\/www.caudete.org\/ayuntamiento\/wp-content\/uploads\/2024\/12\/centro-de-interes-consumo-responsable-y-agenda-2030.jpg\" alt=\"\" width=\"707\" height=\"1000\" srcset=\"https:\/\/www.caudete.org\/ayuntamiento\/wp-content\/uploads\/2024\/12\/centro-de-interes-consumo-responsable-y-agenda-2030.jpg 707w, https:\/\/www.caudete.org\/ayuntamiento\/wp-content\/uploads\/2024\/12\/centro-de-interes-consumo-responsable-y-agenda-2030-212x300.jpg 212w\" sizes=\"(max-width: 707px) 100vw, 707px\" \/><\/a><\/p>\n<p><a href=\"https:\/\/www.caudete.org\/ayuntamiento\/wp-content\/uploads\/2024\/12\/Centro-Interes-Foto-Biblio.jpg\" rel='prettyPhoto'><img decoding=\"async\" class=\"alignnone size-full wp-image-26894\" src=\"https:\/\/www.caudete.org\/ayuntamiento\/wp-content\/uploads\/2024\/12\/Centro-Interes-Foto-Biblio.jpg\" alt=\"\" width=\"755\" height=\"1000\" srcset=\"https:\/\/www.caudete.org\/ayuntamiento\/wp-content\/uploads\/2024\/12\/Centro-Interes-Foto-Biblio.jpg 755w, https:\/\/www.caudete.org\/ayuntamiento\/wp-content\/uploads\/2024\/12\/Centro-Interes-Foto-Biblio-227x300.jpg 227w\" sizes=\"(max-width: 755px) 100vw, 755px\" \/><\/a><\/p>\n<p>&nbsp;<\/p>\n<p>&nbsp;<\/p>\n","protected":false},"excerpt":{"rendered":"<p>Ampliaci\u00f3n del Centro de Inter\u00e9s de Consumo, Medio Ambiente y Agenda 2030 en la Biblioteca Municipal En el a\u00f1o 2022 la Concejal\u00eda de Comercio cre\u00f3 en la Biblioteca Municipal el Centro de Inter\u00e9s de Consumo, Medio Ambiente y Agenda 2030 \u201cEstanter\u00eda verde\u201d. En el d\u00eda de hoy nuevamente y con la finalidad de ampliar dicho &hellip;<\/p>\n","protected":false},"author":3,"featured_media":26871,"comment_status":"closed","ping_status":"open","sticky":false,"template":"","format":"standard","meta":{"ngg_post_thumbnail":0,"footnotes":""},"categories":[42],"tags":[],"class_list":["post-26868","post","type-post","status-publish","format-standard","has-post-thumbnail","hentry","category-comercio"],"yoast_head":"<!-- This site is optimized with the Yoast SEO plugin v27.5 - https:\/\/yoast.com\/product\/yoast-seo-wordpress\/ -->\n<title>Ampliaci\u00f3n del Centro de Inter\u00e9s de Consumo, Medio Ambiente y Agenda 2030 en la Biblioteca Municipal - MI Ayuntamiento de Caudete<\/title>\n<meta name=\"description\" content=\"P\u00e1gina Oficial del Ayuntamiento de Caudete (Albacete)\" \/>\n<meta name=\"robots\" content=\"index, follow, max-snippet:-1, max-image-preview:large, max-video-preview:-1\" \/>\n<link rel=\"canonical\" href=\"https:\/\/www.caudete.org\/ayuntamiento\/ampliacion-del-centro-de-interes-de-consumo-medio-ambiente-y-agenda-2030-en-la-biblioteca-municipal\/\" \/>\n<meta property=\"og:locale\" content=\"es_ES\" \/>\n<meta property=\"og:type\" content=\"article\" \/>\n<meta property=\"og:title\" content=\"Ampliaci\u00f3n del Centro de Inter\u00e9s de Consumo, Medio Ambiente y Agenda 2030 en la Biblioteca Municipal - MI Ayuntamiento de Caudete\" \/>\n<meta property=\"og:description\" content=\"P\u00e1gina Oficial del Ayuntamiento de Caudete (Albacete)\" \/>\n<meta property=\"og:url\" content=\"https:\/\/www.caudete.org\/ayuntamiento\/ampliacion-del-centro-de-interes-de-consumo-medio-ambiente-y-agenda-2030-en-la-biblioteca-municipal\/\" \/>\n<meta property=\"og:site_name\" content=\"MI Ayuntamiento de Caudete\" \/>\n<meta property=\"article:publisher\" content=\"https:\/\/www.facebook.com\/ayuntamientocaudete\/\" \/>\n<meta property=\"article:published_time\" content=\"2024-12-10T07:57:12+00:00\" \/>\n<meta property=\"og:image\" content=\"https:\/\/www.caudete.org\/ayuntamiento\/wp-content\/uploads\/2024\/12\/centro-de-interes-consumo-responsable-y-agenda-2030-port.jpg\" \/>\n\t<meta property=\"og:image:width\" content=\"707\" \/>\n\t<meta property=\"og:image:height\" content=\"316\" \/>\n\t<meta property=\"og:image:type\" content=\"image\/jpeg\" \/>\n<meta name=\"author\" content=\"alcalde\" \/>\n<meta name=\"twitter:card\" content=\"summary_large_image\" \/>\n<meta name=\"twitter:label1\" content=\"Escrito por\" \/>\n\t<meta name=\"twitter:data1\" content=\"alcalde\" \/>\n\t<meta name=\"twitter:label2\" content=\"Tiempo de lectura\" \/>\n\t<meta name=\"twitter:data2\" content=\"2 minutos\" \/>\n<script type=\"application\/ld+json\" class=\"yoast-schema-graph\">{\"@context\":\"https:\\\/\\\/schema.org\",\"@graph\":[{\"@type\":\"Article\",\"@id\":\"https:\\\/\\\/www.caudete.org\\\/ayuntamiento\\\/ampliacion-del-centro-de-interes-de-consumo-medio-ambiente-y-agenda-2030-en-la-biblioteca-municipal\\\/#article\",\"isPartOf\":{\"@id\":\"https:\\\/\\\/www.caudete.org\\\/ayuntamiento\\\/ampliacion-del-centro-de-interes-de-consumo-medio-ambiente-y-agenda-2030-en-la-biblioteca-municipal\\\/\"},\"author\":{\"name\":\"alcalde\",\"@id\":\"https:\\\/\\\/www.caudete.org\\\/ayuntamiento\\\/#\\\/schema\\\/person\\\/cc646da9133078ee4d8dd47457947253\"},\"headline\":\"Ampliaci\u00f3n del Centro de Inter\u00e9s de Consumo, Medio Ambiente y Agenda 2030 en la Biblioteca Municipal\",\"datePublished\":\"2024-12-10T07:57:12+00:00\",\"mainEntityOfPage\":{\"@id\":\"https:\\\/\\\/www.caudete.org\\\/ayuntamiento\\\/ampliacion-del-centro-de-interes-de-consumo-medio-ambiente-y-agenda-2030-en-la-biblioteca-municipal\\\/\"},\"wordCount\":325,\"image\":{\"@id\":\"https:\\\/\\\/www.caudete.org\\\/ayuntamiento\\\/ampliacion-del-centro-de-interes-de-consumo-medio-ambiente-y-agenda-2030-en-la-biblioteca-municipal\\\/#primaryimage\"},\"thumbnailUrl\":\"https:\\\/\\\/www.caudete.org\\\/ayuntamiento\\\/wp-content\\\/uploads\\\/2024\\\/12\\\/centro-de-interes-consumo-responsable-y-agenda-2030-port.jpg\",\"articleSection\":[\"Comercio\"],\"inLanguage\":\"es\"},{\"@type\":\"WebPage\",\"@id\":\"https:\\\/\\\/www.caudete.org\\\/ayuntamiento\\\/ampliacion-del-centro-de-interes-de-consumo-medio-ambiente-y-agenda-2030-en-la-biblioteca-municipal\\\/\",\"url\":\"https:\\\/\\\/www.caudete.org\\\/ayuntamiento\\\/ampliacion-del-centro-de-interes-de-consumo-medio-ambiente-y-agenda-2030-en-la-biblioteca-municipal\\\/\",\"name\":\"Ampliaci\u00f3n del Centro de Inter\u00e9s de Consumo, Medio Ambiente y Agenda 2030 en la Biblioteca Municipal - MI Ayuntamiento de Caudete\",\"isPartOf\":{\"@id\":\"https:\\\/\\\/www.caudete.org\\\/ayuntamiento\\\/#website\"},\"primaryImageOfPage\":{\"@id\":\"https:\\\/\\\/www.caudete.org\\\/ayuntamiento\\\/ampliacion-del-centro-de-interes-de-consumo-medio-ambiente-y-agenda-2030-en-la-biblioteca-municipal\\\/#primaryimage\"},\"image\":{\"@id\":\"https:\\\/\\\/www.caudete.org\\\/ayuntamiento\\\/ampliacion-del-centro-de-interes-de-consumo-medio-ambiente-y-agenda-2030-en-la-biblioteca-municipal\\\/#primaryimage\"},\"thumbnailUrl\":\"https:\\\/\\\/www.caudete.org\\\/ayuntamiento\\\/wp-content\\\/uploads\\\/2024\\\/12\\\/centro-de-interes-consumo-responsable-y-agenda-2030-port.jpg\",\"datePublished\":\"2024-12-10T07:57:12+00:00\",\"author\":{\"@id\":\"https:\\\/\\\/www.caudete.org\\\/ayuntamiento\\\/#\\\/schema\\\/person\\\/cc646da9133078ee4d8dd47457947253\"},\"description\":\"P\u00e1gina Oficial del Ayuntamiento de Caudete (Albacete)\",\"breadcrumb\":{\"@id\":\"https:\\\/\\\/www.caudete.org\\\/ayuntamiento\\\/ampliacion-del-centro-de-interes-de-consumo-medio-ambiente-y-agenda-2030-en-la-biblioteca-municipal\\\/#breadcrumb\"},\"inLanguage\":\"es\",\"potentialAction\":[{\"@type\":\"ReadAction\",\"target\":[\"https:\\\/\\\/www.caudete.org\\\/ayuntamiento\\\/ampliacion-del-centro-de-interes-de-consumo-medio-ambiente-y-agenda-2030-en-la-biblioteca-municipal\\\/\"]}]},{\"@type\":\"ImageObject\",\"inLanguage\":\"es\",\"@id\":\"https:\\\/\\\/www.caudete.org\\\/ayuntamiento\\\/ampliacion-del-centro-de-interes-de-consumo-medio-ambiente-y-agenda-2030-en-la-biblioteca-municipal\\\/#primaryimage\",\"url\":\"https:\\\/\\\/www.caudete.org\\\/ayuntamiento\\\/wp-content\\\/uploads\\\/2024\\\/12\\\/centro-de-interes-consumo-responsable-y-agenda-2030-port.jpg\",\"contentUrl\":\"https:\\\/\\\/www.caudete.org\\\/ayuntamiento\\\/wp-content\\\/uploads\\\/2024\\\/12\\\/centro-de-interes-consumo-responsable-y-agenda-2030-port.jpg\",\"width\":707,\"height\":316},{\"@type\":\"BreadcrumbList\",\"@id\":\"https:\\\/\\\/www.caudete.org\\\/ayuntamiento\\\/ampliacion-del-centro-de-interes-de-consumo-medio-ambiente-y-agenda-2030-en-la-biblioteca-municipal\\\/#breadcrumb\",\"itemListElement\":[{\"@type\":\"ListItem\",\"position\":1,\"name\":\"Inicio\",\"item\":\"https:\\\/\\\/www.caudete.org\\\/ayuntamiento\\\/\"},{\"@type\":\"ListItem\",\"position\":2,\"name\":\"Ampliaci\u00f3n del Centro de Inter\u00e9s de Consumo, Medio Ambiente y Agenda 2030 en la Biblioteca Municipal\"}]},{\"@type\":\"WebSite\",\"@id\":\"https:\\\/\\\/www.caudete.org\\\/ayuntamiento\\\/#website\",\"url\":\"https:\\\/\\\/www.caudete.org\\\/ayuntamiento\\\/\",\"name\":\"MI Ayuntamiento de Caudete\",\"description\":\"P\u00e1gina Oficial del MI Ayuntamiento de Caudete\",\"potentialAction\":[{\"@type\":\"SearchAction\",\"target\":{\"@type\":\"EntryPoint\",\"urlTemplate\":\"https:\\\/\\\/www.caudete.org\\\/ayuntamiento\\\/?s={search_term_string}\"},\"query-input\":{\"@type\":\"PropertyValueSpecification\",\"valueRequired\":true,\"valueName\":\"search_term_string\"}}],\"inLanguage\":\"es\"},{\"@type\":\"Person\",\"@id\":\"https:\\\/\\\/www.caudete.org\\\/ayuntamiento\\\/#\\\/schema\\\/person\\\/cc646da9133078ee4d8dd47457947253\",\"name\":\"alcalde\",\"image\":{\"@type\":\"ImageObject\",\"inLanguage\":\"es\",\"@id\":\"https:\\\/\\\/secure.gravatar.com\\\/avatar\\\/84a817ba065b29ff08d666b215a215f5c79186a645ccb25b14a663d48a130f77?s=96&d=mm&r=g\",\"url\":\"https:\\\/\\\/secure.gravatar.com\\\/avatar\\\/84a817ba065b29ff08d666b215a215f5c79186a645ccb25b14a663d48a130f77?s=96&d=mm&r=g\",\"contentUrl\":\"https:\\\/\\\/secure.gravatar.com\\\/avatar\\\/84a817ba065b29ff08d666b215a215f5c79186a645ccb25b14a663d48a130f77?s=96&d=mm&r=g\",\"caption\":\"alcalde\"},\"url\":\"https:\\\/\\\/www.caudete.org\\\/ayuntamiento\\\/author\\\/alcalde\\\/\"}]}<\/script>\n<!-- \/ Yoast SEO plugin. -->","yoast_head_json":{"title":"Ampliaci\u00f3n del Centro de Inter\u00e9s de Consumo, Medio Ambiente y Agenda 2030 en la Biblioteca Municipal - MI Ayuntamiento de Caudete","description":"P\u00e1gina Oficial del Ayuntamiento de Caudete (Albacete)","robots":{"index":"index","follow":"follow","max-snippet":"max-snippet:-1","max-image-preview":"max-image-preview:large","max-video-preview":"max-video-preview:-1"},"canonical":"https:\/\/www.caudete.org\/ayuntamiento\/ampliacion-del-centro-de-interes-de-consumo-medio-ambiente-y-agenda-2030-en-la-biblioteca-municipal\/","og_locale":"es_ES","og_type":"article","og_title":"Ampliaci\u00f3n del Centro de Inter\u00e9s de Consumo, Medio Ambiente y Agenda 2030 en la Biblioteca Municipal - MI Ayuntamiento de Caudete","og_description":"P\u00e1gina Oficial del Ayuntamiento de Caudete (Albacete)","og_url":"https:\/\/www.caudete.org\/ayuntamiento\/ampliacion-del-centro-de-interes-de-consumo-medio-ambiente-y-agenda-2030-en-la-biblioteca-municipal\/","og_site_name":"MI Ayuntamiento de Caudete","article_publisher":"https:\/\/www.facebook.com\/ayuntamientocaudete\/","article_published_time":"2024-12-10T07:57:12+00:00","og_image":[{"width":707,"height":316,"url":"https:\/\/www.caudete.org\/ayuntamiento\/wp-content\/uploads\/2024\/12\/centro-de-interes-consumo-responsable-y-agenda-2030-port.jpg","type":"image\/jpeg"}],"author":"alcalde","twitter_card":"summary_large_image","twitter_misc":{"Escrito por":"alcalde","Tiempo de lectura":"2 minutos"},"schema":{"@context":"https:\/\/schema.org","@graph":[{"@type":"Article","@id":"https:\/\/www.caudete.org\/ayuntamiento\/ampliacion-del-centro-de-interes-de-consumo-medio-ambiente-y-agenda-2030-en-la-biblioteca-municipal\/#article","isPartOf":{"@id":"https:\/\/www.caudete.org\/ayuntamiento\/ampliacion-del-centro-de-interes-de-consumo-medio-ambiente-y-agenda-2030-en-la-biblioteca-municipal\/"},"author":{"name":"alcalde","@id":"https:\/\/www.caudete.org\/ayuntamiento\/#\/schema\/person\/cc646da9133078ee4d8dd47457947253"},"headline":"Ampliaci\u00f3n del Centro de Inter\u00e9s de Consumo, Medio Ambiente y Agenda 2030 en la Biblioteca Municipal","datePublished":"2024-12-10T07:57:12+00:00","mainEntityOfPage":{"@id":"https:\/\/www.caudete.org\/ayuntamiento\/ampliacion-del-centro-de-interes-de-consumo-medio-ambiente-y-agenda-2030-en-la-biblioteca-municipal\/"},"wordCount":325,"image":{"@id":"https:\/\/www.caudete.org\/ayuntamiento\/ampliacion-del-centro-de-interes-de-consumo-medio-ambiente-y-agenda-2030-en-la-biblioteca-municipal\/#primaryimage"},"thumbnailUrl":"https:\/\/www.caudete.org\/ayuntamiento\/wp-content\/uploads\/2024\/12\/centro-de-interes-consumo-responsable-y-agenda-2030-port.jpg","articleSection":["Comercio"],"inLanguage":"es"},{"@type":"WebPage","@id":"https:\/\/www.caudete.org\/ayuntamiento\/ampliacion-del-centro-de-interes-de-consumo-medio-ambiente-y-agenda-2030-en-la-biblioteca-municipal\/","url":"https:\/\/www.caudete.org\/ayuntamiento\/ampliacion-del-centro-de-interes-de-consumo-medio-ambiente-y-agenda-2030-en-la-biblioteca-municipal\/","name":"Ampliaci\u00f3n del Centro de Inter\u00e9s de Consumo, Medio Ambiente y Agenda 2030 en la Biblioteca Municipal - MI Ayuntamiento de Caudete","isPartOf":{"@id":"https:\/\/www.caudete.org\/ayuntamiento\/#website"},"primaryImageOfPage":{"@id":"https:\/\/www.caudete.org\/ayuntamiento\/ampliacion-del-centro-de-interes-de-consumo-medio-ambiente-y-agenda-2030-en-la-biblioteca-municipal\/#primaryimage"},"image":{"@id":"https:\/\/www.caudete.org\/ayuntamiento\/ampliacion-del-centro-de-interes-de-consumo-medio-ambiente-y-agenda-2030-en-la-biblioteca-municipal\/#primaryimage"},"thumbnailUrl":"https:\/\/www.caudete.org\/ayuntamiento\/wp-content\/uploads\/2024\/12\/centro-de-interes-consumo-responsable-y-agenda-2030-port.jpg","datePublished":"2024-12-10T07:57:12+00:00","author":{"@id":"https:\/\/www.caudete.org\/ayuntamiento\/#\/schema\/person\/cc646da9133078ee4d8dd47457947253"},"description":"P\u00e1gina Oficial del Ayuntamiento de Caudete (Albacete)","breadcrumb":{"@id":"https:\/\/www.caudete.org\/ayuntamiento\/ampliacion-del-centro-de-interes-de-consumo-medio-ambiente-y-agenda-2030-en-la-biblioteca-municipal\/#breadcrumb"},"inLanguage":"es","potentialAction":[{"@type":"ReadAction","target":["https:\/\/www.caudete.org\/ayuntamiento\/ampliacion-del-centro-de-interes-de-consumo-medio-ambiente-y-agenda-2030-en-la-biblioteca-municipal\/"]}]},{"@type":"ImageObject","inLanguage":"es","@id":"https:\/\/www.caudete.org\/ayuntamiento\/ampliacion-del-centro-de-interes-de-consumo-medio-ambiente-y-agenda-2030-en-la-biblioteca-municipal\/#primaryimage","url":"https:\/\/www.caudete.org\/ayuntamiento\/wp-content\/uploads\/2024\/12\/centro-de-interes-consumo-responsable-y-agenda-2030-port.jpg","contentUrl":"https:\/\/www.caudete.org\/ayuntamiento\/wp-content\/uploads\/2024\/12\/centro-de-interes-consumo-responsable-y-agenda-2030-port.jpg","width":707,"height":316},{"@type":"BreadcrumbList","@id":"https:\/\/www.caudete.org\/ayuntamiento\/ampliacion-del-centro-de-interes-de-consumo-medio-ambiente-y-agenda-2030-en-la-biblioteca-municipal\/#breadcrumb","itemListElement":[{"@type":"ListItem","position":1,"name":"Inicio","item":"https:\/\/www.caudete.org\/ayuntamiento\/"},{"@type":"ListItem","position":2,"name":"Ampliaci\u00f3n del Centro de Inter\u00e9s de Consumo, Medio Ambiente y Agenda 2030 en la Biblioteca Municipal"}]},{"@type":"WebSite","@id":"https:\/\/www.caudete.org\/ayuntamiento\/#website","url":"https:\/\/www.caudete.org\/ayuntamiento\/","name":"MI Ayuntamiento de Caudete","description":"P\u00e1gina Oficial del MI Ayuntamiento de Caudete","potentialAction":[{"@type":"SearchAction","target":{"@type":"EntryPoint","urlTemplate":"https:\/\/www.caudete.org\/ayuntamiento\/?s={search_term_string}"},"query-input":{"@type":"PropertyValueSpecification","valueRequired":true,"valueName":"search_term_string"}}],"inLanguage":"es"},{"@type":"Person","@id":"https:\/\/www.caudete.org\/ayuntamiento\/#\/schema\/person\/cc646da9133078ee4d8dd47457947253","name":"alcalde","image":{"@type":"ImageObject","inLanguage":"es","@id":"https:\/\/secure.gravatar.com\/avatar\/84a817ba065b29ff08d666b215a215f5c79186a645ccb25b14a663d48a130f77?s=96&d=mm&r=g","url":"https:\/\/secure.gravatar.com\/avatar\/84a817ba065b29ff08d666b215a215f5c79186a645ccb25b14a663d48a130f77?s=96&d=mm&r=g","contentUrl":"https:\/\/secure.gravatar.com\/avatar\/84a817ba065b29ff08d666b215a215f5c79186a645ccb25b14a663d48a130f77?s=96&d=mm&r=g","caption":"alcalde"},"url":"https:\/\/www.caudete.org\/ayuntamiento\/author\/alcalde\/"}]}},"_links":{"self":[{"href":"https:\/\/www.caudete.org\/ayuntamiento\/wp-json\/wp\/v2\/posts\/26868","targetHints":{"allow":["GET"]}}],"collection":[{"href":"https:\/\/www.caudete.org\/ayuntamiento\/wp-json\/wp\/v2\/posts"}],"about":[{"href":"https:\/\/www.caudete.org\/ayuntamiento\/wp-json\/wp\/v2\/types\/post"}],"author":[{"embeddable":true,"href":"https:\/\/www.caudete.org\/ayuntamiento\/wp-json\/wp\/v2\/users\/3"}],"replies":[{"embeddable":true,"href":"https:\/\/www.caudete.org\/ayuntamiento\/wp-json\/wp\/v2\/comments?post=26868"}],"version-history":[{"count":6,"href":"https:\/\/www.caudete.org\/ayuntamiento\/wp-json\/wp\/v2\/posts\/26868\/revisions"}],"predecessor-version":[{"id":26895,"href":"https:\/\/www.caudete.org\/ayuntamiento\/wp-json\/wp\/v2\/posts\/26868\/revisions\/26895"}],"wp:featuredmedia":[{"embeddable":true,"href":"https:\/\/www.caudete.org\/ayuntamiento\/wp-json\/wp\/v2\/media\/26871"}],"wp:attachment":[{"href":"https:\/\/www.caudete.org\/ayuntamiento\/wp-json\/wp\/v2\/media?parent=26868"}],"wp:term":[{"taxonomy":"category","embeddable":true,"href":"https:\/\/www.caudete.org\/ayuntamiento\/wp-json\/wp\/v2\/categories?post=26868"},{"taxonomy":"post_tag","embeddable":true,"href":"https:\/\/www.caudete.org\/ayuntamiento\/wp-json\/wp\/v2\/tags?post=26868"}],"curies":[{"name":"wp","href":"https:\/\/api.w.org\/{rel}","templated":true}]}}