{"id":26886,"date":"2024-12-07T09:00:06","date_gmt":"2024-12-07T08:00:06","guid":{"rendered":"https:\/\/www.caudete.org\/ayuntamiento\/?p=26886"},"modified":"2024-12-05T14:21:16","modified_gmt":"2024-12-05T13:21:16","slug":"continuidad-a-la-campana-de-vacunacion-domingo-15-dia-de-vacunacion-especial","status":"publish","type":"post","link":"https:\/\/www.caudete.org\/ayuntamiento\/continuidad-a-la-campana-de-vacunacion-domingo-15-dia-de-vacunacion-especial\/","title":{"rendered":"Continuidad a la campa\u00f1a de vacunaci\u00f3n: domingo 15, d\u00eda de vacunaci\u00f3n especial"},"content":{"rendered":"<p><strong>Este mi\u00e9rcoles 4 de diciembre, representantes de la sanidad local y de la gerencia de Almansa, han informado sobre la marcha de la campa\u00f1a de vacunaci\u00f3n 2024-2025, as\u00ed como de los nuevos retos en promoci\u00f3n de la salud.<\/strong><\/p>\n<p>Se ha realizado una rueda de prensa de la Concejal de Sanidad Mar\u00eda Mart\u00ednez Garc\u00eda, junto a la Supevisora de Continuidad Asistencial de la Gerencia de Almansa Minerva \u00c1vila Lluch, y el Coordinador de Enfermer\u00eda del Centro de Salud de Caudete Daniel Delgado Mico.<\/p>\n<p>De una parte han agradecido la vacunaci\u00f3n de los cientos de personas que han participado en el programa responsablemente, pues se han protegido del virus de la gripe y del covid, protegiendo a su vez a personal vulnerable que tienen cerca. De otra parte han comentado el buen ritmo de la campa\u00f1a de vacunaci\u00f3n, aunque todav\u00eda Caudete est\u00e1 lejos del 75% de vacunaci\u00f3n en poblaci\u00f3n vulnerable, que la Consejer\u00eda de Sanidad tiene como objetivo. Especialmente hac\u00edan hincapi\u00e9 en que Caudete precisa de vacunar a mayor n\u00famero de menores de entre 6 meses y 2 a\u00f1os.<\/p>\n<p>Recordar que hay plazo hasta marzo, y que se puede asistir al centro de salud de modo voluntario, o bien pedir cita telef\u00f3nica al 96582 51 45. Y para facilitar dicha vacunaci\u00f3n a diferentes sectores que tienen complicaciones horarias, se habilita el centro de salud el<strong> domingo 15 de diciembre de 9h a 14h,<\/strong> para hacer vacunaciones masivas.<\/p>\n<p>En otro orden de cosas, la Gerencia del hospital ha mostrado su disposici\u00f3n a realizar en breve numerosas acciones preventivas y de promoci\u00f3n de la salud en el \u00e1mbito comunitario, es decir, a nivel educativo, socio-sanitario, de mayores etc. Todo ello a trav\u00e9s de colaboraciones con entidades locales, y coordinados siempre con el Ayuntamiento de Caudete: charlas, talleres, celebraci\u00f3n de d\u00edas internacionales, desarrollo de campa\u00f1as de salud p\u00fablica etc.<\/p>\n<p>Mar\u00eda Mart\u00ednez Garc\u00eda<br \/>\nConcejal de Sanidad y Familia.<\/p>\n<p><a href=\"https:\/\/www.caudete.org\/ayuntamiento\/wp-content\/uploads\/2024\/12\/1_1.jpg\" rel='prettyPhoto'><img fetchpriority=\"high\" decoding=\"async\" class=\"alignnone size-full wp-image-26887\" src=\"https:\/\/www.caudete.org\/ayuntamiento\/wp-content\/uploads\/2024\/12\/1_1.jpg\" alt=\"\" width=\"707\" height=\"1000\" srcset=\"https:\/\/www.caudete.org\/ayuntamiento\/wp-content\/uploads\/2024\/12\/1_1.jpg 707w, https:\/\/www.caudete.org\/ayuntamiento\/wp-content\/uploads\/2024\/12\/1_1-212x300.jpg 212w\" sizes=\"(max-width: 707px) 100vw, 707px\" \/><\/a> <a href=\"https:\/\/www.caudete.org\/ayuntamiento\/wp-content\/uploads\/2024\/12\/2_1.jpg\" rel='prettyPhoto'><img decoding=\"async\" class=\"alignnone size-full wp-image-26888\" src=\"https:\/\/www.caudete.org\/ayuntamiento\/wp-content\/uploads\/2024\/12\/2_1.jpg\" alt=\"\" width=\"707\" height=\"1000\" srcset=\"https:\/\/www.caudete.org\/ayuntamiento\/wp-content\/uploads\/2024\/12\/2_1.jpg 707w, https:\/\/www.caudete.org\/ayuntamiento\/wp-content\/uploads\/2024\/12\/2_1-212x300.jpg 212w\" sizes=\"(max-width: 707px) 100vw, 707px\" \/><\/a> <a href=\"https:\/\/www.caudete.org\/ayuntamiento\/wp-content\/uploads\/2024\/12\/1733316343334.jpg\" rel='prettyPhoto'><img decoding=\"async\" class=\"alignnone size-full wp-image-26889\" src=\"https:\/\/www.caudete.org\/ayuntamiento\/wp-content\/uploads\/2024\/12\/1733316343334.jpg\" alt=\"\" width=\"1000\" height=\"563\" srcset=\"https:\/\/www.caudete.org\/ayuntamiento\/wp-content\/uploads\/2024\/12\/1733316343334.jpg 1000w, https:\/\/www.caudete.org\/ayuntamiento\/wp-content\/uploads\/2024\/12\/1733316343334-300x169.jpg 300w, https:\/\/www.caudete.org\/ayuntamiento\/wp-content\/uploads\/2024\/12\/1733316343334-768x432.jpg 768w\" sizes=\"(max-width: 1000px) 100vw, 1000px\" \/><\/a><\/p>\n","protected":false},"excerpt":{"rendered":"<p>Este mi\u00e9rcoles 4 de diciembre, representantes de la sanidad local y de la gerencia de Almansa, han informado sobre la marcha de la campa\u00f1a de vacunaci\u00f3n 2024-2025, as\u00ed como de los nuevos retos en promoci\u00f3n de la salud. Se ha realizado una rueda de prensa de la Concejal de Sanidad Mar\u00eda Mart\u00ednez Garc\u00eda, junto a &hellip;<\/p>\n","protected":false},"author":5,"featured_media":26889,"comment_status":"closed","ping_status":"open","sticky":false,"template":"","format":"standard","meta":{"ngg_post_thumbnail":0,"footnotes":""},"categories":[16],"tags":[],"class_list":["post-26886","post","type-post","status-publish","format-standard","has-post-thumbnail","hentry","category-sanidad"],"yoast_head":"<!-- This site is optimized with the Yoast SEO plugin v27.5 - https:\/\/yoast.com\/product\/yoast-seo-wordpress\/ -->\n<title>Continuidad a la campa\u00f1a de vacunaci\u00f3n: domingo 15, d\u00eda de vacunaci\u00f3n especial - MI Ayuntamiento de Caudete<\/title>\n<meta name=\"description\" content=\"P\u00e1gina Oficial del Ayuntamiento de Caudete (Albacete)\" \/>\n<meta name=\"robots\" content=\"index, follow, max-snippet:-1, max-image-preview:large, max-video-preview:-1\" \/>\n<link rel=\"canonical\" href=\"https:\/\/www.caudete.org\/ayuntamiento\/continuidad-a-la-campana-de-vacunacion-domingo-15-dia-de-vacunacion-especial\/\" \/>\n<meta property=\"og:locale\" content=\"es_ES\" \/>\n<meta property=\"og:type\" content=\"article\" \/>\n<meta property=\"og:title\" content=\"Continuidad a la campa\u00f1a de vacunaci\u00f3n: domingo 15, d\u00eda de vacunaci\u00f3n especial - MI Ayuntamiento de Caudete\" \/>\n<meta property=\"og:description\" content=\"P\u00e1gina Oficial del Ayuntamiento de Caudete (Albacete)\" \/>\n<meta property=\"og:url\" content=\"https:\/\/www.caudete.org\/ayuntamiento\/continuidad-a-la-campana-de-vacunacion-domingo-15-dia-de-vacunacion-especial\/\" \/>\n<meta property=\"og:site_name\" content=\"MI Ayuntamiento de Caudete\" \/>\n<meta property=\"article:publisher\" content=\"https:\/\/www.facebook.com\/ayuntamientocaudete\/\" \/>\n<meta property=\"article:published_time\" content=\"2024-12-07T08:00:06+00:00\" \/>\n<meta property=\"og:image\" content=\"https:\/\/www.caudete.org\/ayuntamiento\/wp-content\/uploads\/2024\/12\/1733316343334.jpg\" \/>\n\t<meta property=\"og:image:width\" content=\"1000\" \/>\n\t<meta property=\"og:image:height\" content=\"563\" \/>\n\t<meta property=\"og:image:type\" content=\"image\/jpeg\" \/>\n<meta name=\"author\" content=\"Dpto Informatica MI Ayuntamiento de Caudete\" \/>\n<meta name=\"twitter:card\" content=\"summary_large_image\" \/>\n<meta name=\"twitter:label1\" content=\"Escrito por\" \/>\n\t<meta name=\"twitter:data1\" content=\"Dpto Informatica MI Ayuntamiento de Caudete\" \/>\n\t<meta name=\"twitter:label2\" content=\"Tiempo de lectura\" \/>\n\t<meta name=\"twitter:data2\" content=\"3 minutos\" \/>\n<script type=\"application\/ld+json\" class=\"yoast-schema-graph\">{\"@context\":\"https:\\\/\\\/schema.org\",\"@graph\":[{\"@type\":\"Article\",\"@id\":\"https:\\\/\\\/www.caudete.org\\\/ayuntamiento\\\/continuidad-a-la-campana-de-vacunacion-domingo-15-dia-de-vacunacion-especial\\\/#article\",\"isPartOf\":{\"@id\":\"https:\\\/\\\/www.caudete.org\\\/ayuntamiento\\\/continuidad-a-la-campana-de-vacunacion-domingo-15-dia-de-vacunacion-especial\\\/\"},\"author\":{\"name\":\"Dpto Informatica MI Ayuntamiento de Caudete\",\"@id\":\"https:\\\/\\\/www.caudete.org\\\/ayuntamiento\\\/#\\\/schema\\\/person\\\/4b9eab41761957db9b1bf9c418d1ef46\"},\"headline\":\"Continuidad a la campa\u00f1a de vacunaci\u00f3n: domingo 15, d\u00eda de vacunaci\u00f3n especial\",\"datePublished\":\"2024-12-07T08:00:06+00:00\",\"mainEntityOfPage\":{\"@id\":\"https:\\\/\\\/www.caudete.org\\\/ayuntamiento\\\/continuidad-a-la-campana-de-vacunacion-domingo-15-dia-de-vacunacion-especial\\\/\"},\"wordCount\":349,\"image\":{\"@id\":\"https:\\\/\\\/www.caudete.org\\\/ayuntamiento\\\/continuidad-a-la-campana-de-vacunacion-domingo-15-dia-de-vacunacion-especial\\\/#primaryimage\"},\"thumbnailUrl\":\"https:\\\/\\\/www.caudete.org\\\/ayuntamiento\\\/wp-content\\\/uploads\\\/2024\\\/12\\\/1733316343334.jpg\",\"articleSection\":[\"Sanidad\"],\"inLanguage\":\"es\"},{\"@type\":\"WebPage\",\"@id\":\"https:\\\/\\\/www.caudete.org\\\/ayuntamiento\\\/continuidad-a-la-campana-de-vacunacion-domingo-15-dia-de-vacunacion-especial\\\/\",\"url\":\"https:\\\/\\\/www.caudete.org\\\/ayuntamiento\\\/continuidad-a-la-campana-de-vacunacion-domingo-15-dia-de-vacunacion-especial\\\/\",\"name\":\"Continuidad a la campa\u00f1a de vacunaci\u00f3n: domingo 15, d\u00eda de vacunaci\u00f3n especial - MI Ayuntamiento de Caudete\",\"isPartOf\":{\"@id\":\"https:\\\/\\\/www.caudete.org\\\/ayuntamiento\\\/#website\"},\"primaryImageOfPage\":{\"@id\":\"https:\\\/\\\/www.caudete.org\\\/ayuntamiento\\\/continuidad-a-la-campana-de-vacunacion-domingo-15-dia-de-vacunacion-especial\\\/#primaryimage\"},\"image\":{\"@id\":\"https:\\\/\\\/www.caudete.org\\\/ayuntamiento\\\/continuidad-a-la-campana-de-vacunacion-domingo-15-dia-de-vacunacion-especial\\\/#primaryimage\"},\"thumbnailUrl\":\"https:\\\/\\\/www.caudete.org\\\/ayuntamiento\\\/wp-content\\\/uploads\\\/2024\\\/12\\\/1733316343334.jpg\",\"datePublished\":\"2024-12-07T08:00:06+00:00\",\"author\":{\"@id\":\"https:\\\/\\\/www.caudete.org\\\/ayuntamiento\\\/#\\\/schema\\\/person\\\/4b9eab41761957db9b1bf9c418d1ef46\"},\"description\":\"P\u00e1gina Oficial del Ayuntamiento de Caudete (Albacete)\",\"breadcrumb\":{\"@id\":\"https:\\\/\\\/www.caudete.org\\\/ayuntamiento\\\/continuidad-a-la-campana-de-vacunacion-domingo-15-dia-de-vacunacion-especial\\\/#breadcrumb\"},\"inLanguage\":\"es\",\"potentialAction\":[{\"@type\":\"ReadAction\",\"target\":[\"https:\\\/\\\/www.caudete.org\\\/ayuntamiento\\\/continuidad-a-la-campana-de-vacunacion-domingo-15-dia-de-vacunacion-especial\\\/\"]}]},{\"@type\":\"ImageObject\",\"inLanguage\":\"es\",\"@id\":\"https:\\\/\\\/www.caudete.org\\\/ayuntamiento\\\/continuidad-a-la-campana-de-vacunacion-domingo-15-dia-de-vacunacion-especial\\\/#primaryimage\",\"url\":\"https:\\\/\\\/www.caudete.org\\\/ayuntamiento\\\/wp-content\\\/uploads\\\/2024\\\/12\\\/1733316343334.jpg\",\"contentUrl\":\"https:\\\/\\\/www.caudete.org\\\/ayuntamiento\\\/wp-content\\\/uploads\\\/2024\\\/12\\\/1733316343334.jpg\",\"width\":1000,\"height\":563},{\"@type\":\"BreadcrumbList\",\"@id\":\"https:\\\/\\\/www.caudete.org\\\/ayuntamiento\\\/continuidad-a-la-campana-de-vacunacion-domingo-15-dia-de-vacunacion-especial\\\/#breadcrumb\",\"itemListElement\":[{\"@type\":\"ListItem\",\"position\":1,\"name\":\"Inicio\",\"item\":\"https:\\\/\\\/www.caudete.org\\\/ayuntamiento\\\/\"},{\"@type\":\"ListItem\",\"position\":2,\"name\":\"Continuidad a la campa\u00f1a de vacunaci\u00f3n: domingo 15, d\u00eda de vacunaci\u00f3n especial\"}]},{\"@type\":\"WebSite\",\"@id\":\"https:\\\/\\\/www.caudete.org\\\/ayuntamiento\\\/#website\",\"url\":\"https:\\\/\\\/www.caudete.org\\\/ayuntamiento\\\/\",\"name\":\"MI Ayuntamiento de Caudete\",\"description\":\"P\u00e1gina Oficial del MI Ayuntamiento de Caudete\",\"potentialAction\":[{\"@type\":\"SearchAction\",\"target\":{\"@type\":\"EntryPoint\",\"urlTemplate\":\"https:\\\/\\\/www.caudete.org\\\/ayuntamiento\\\/?s={search_term_string}\"},\"query-input\":{\"@type\":\"PropertyValueSpecification\",\"valueRequired\":true,\"valueName\":\"search_term_string\"}}],\"inLanguage\":\"es\"},{\"@type\":\"Person\",\"@id\":\"https:\\\/\\\/www.caudete.org\\\/ayuntamiento\\\/#\\\/schema\\\/person\\\/4b9eab41761957db9b1bf9c418d1ef46\",\"name\":\"Dpto Informatica MI Ayuntamiento de Caudete\",\"image\":{\"@type\":\"ImageObject\",\"inLanguage\":\"es\",\"@id\":\"https:\\\/\\\/secure.gravatar.com\\\/avatar\\\/ac0321ee4a0a83e82a253e7b2d348ef539e2c8fe16d06b600bde04de1b364fa7?s=96&d=mm&r=g\",\"url\":\"https:\\\/\\\/secure.gravatar.com\\\/avatar\\\/ac0321ee4a0a83e82a253e7b2d348ef539e2c8fe16d06b600bde04de1b364fa7?s=96&d=mm&r=g\",\"contentUrl\":\"https:\\\/\\\/secure.gravatar.com\\\/avatar\\\/ac0321ee4a0a83e82a253e7b2d348ef539e2c8fe16d06b600bde04de1b364fa7?s=96&d=mm&r=g\",\"caption\":\"Dpto Informatica MI Ayuntamiento de Caudete\"},\"url\":\"https:\\\/\\\/www.caudete.org\\\/ayuntamiento\\\/author\\\/informatica\\\/\"}]}<\/script>\n<!-- \/ Yoast SEO plugin. -->","yoast_head_json":{"title":"Continuidad a la campa\u00f1a de vacunaci\u00f3n: domingo 15, d\u00eda de vacunaci\u00f3n especial - MI Ayuntamiento de Caudete","description":"P\u00e1gina Oficial del Ayuntamiento de Caudete (Albacete)","robots":{"index":"index","follow":"follow","max-snippet":"max-snippet:-1","max-image-preview":"max-image-preview:large","max-video-preview":"max-video-preview:-1"},"canonical":"https:\/\/www.caudete.org\/ayuntamiento\/continuidad-a-la-campana-de-vacunacion-domingo-15-dia-de-vacunacion-especial\/","og_locale":"es_ES","og_type":"article","og_title":"Continuidad a la campa\u00f1a de vacunaci\u00f3n: domingo 15, d\u00eda de vacunaci\u00f3n especial - MI Ayuntamiento de Caudete","og_description":"P\u00e1gina Oficial del Ayuntamiento de Caudete (Albacete)","og_url":"https:\/\/www.caudete.org\/ayuntamiento\/continuidad-a-la-campana-de-vacunacion-domingo-15-dia-de-vacunacion-especial\/","og_site_name":"MI Ayuntamiento de Caudete","article_publisher":"https:\/\/www.facebook.com\/ayuntamientocaudete\/","article_published_time":"2024-12-07T08:00:06+00:00","og_image":[{"width":1000,"height":563,"url":"https:\/\/www.caudete.org\/ayuntamiento\/wp-content\/uploads\/2024\/12\/1733316343334.jpg","type":"image\/jpeg"}],"author":"Dpto Informatica MI Ayuntamiento de Caudete","twitter_card":"summary_large_image","twitter_misc":{"Escrito por":"Dpto Informatica MI Ayuntamiento de Caudete","Tiempo de lectura":"3 minutos"},"schema":{"@context":"https:\/\/schema.org","@graph":[{"@type":"Article","@id":"https:\/\/www.caudete.org\/ayuntamiento\/continuidad-a-la-campana-de-vacunacion-domingo-15-dia-de-vacunacion-especial\/#article","isPartOf":{"@id":"https:\/\/www.caudete.org\/ayuntamiento\/continuidad-a-la-campana-de-vacunacion-domingo-15-dia-de-vacunacion-especial\/"},"author":{"name":"Dpto Informatica MI Ayuntamiento de Caudete","@id":"https:\/\/www.caudete.org\/ayuntamiento\/#\/schema\/person\/4b9eab41761957db9b1bf9c418d1ef46"},"headline":"Continuidad a la campa\u00f1a de vacunaci\u00f3n: domingo 15, d\u00eda de vacunaci\u00f3n especial","datePublished":"2024-12-07T08:00:06+00:00","mainEntityOfPage":{"@id":"https:\/\/www.caudete.org\/ayuntamiento\/continuidad-a-la-campana-de-vacunacion-domingo-15-dia-de-vacunacion-especial\/"},"wordCount":349,"image":{"@id":"https:\/\/www.caudete.org\/ayuntamiento\/continuidad-a-la-campana-de-vacunacion-domingo-15-dia-de-vacunacion-especial\/#primaryimage"},"thumbnailUrl":"https:\/\/www.caudete.org\/ayuntamiento\/wp-content\/uploads\/2024\/12\/1733316343334.jpg","articleSection":["Sanidad"],"inLanguage":"es"},{"@type":"WebPage","@id":"https:\/\/www.caudete.org\/ayuntamiento\/continuidad-a-la-campana-de-vacunacion-domingo-15-dia-de-vacunacion-especial\/","url":"https:\/\/www.caudete.org\/ayuntamiento\/continuidad-a-la-campana-de-vacunacion-domingo-15-dia-de-vacunacion-especial\/","name":"Continuidad a la campa\u00f1a de vacunaci\u00f3n: domingo 15, d\u00eda de vacunaci\u00f3n especial - MI Ayuntamiento de Caudete","isPartOf":{"@id":"https:\/\/www.caudete.org\/ayuntamiento\/#website"},"primaryImageOfPage":{"@id":"https:\/\/www.caudete.org\/ayuntamiento\/continuidad-a-la-campana-de-vacunacion-domingo-15-dia-de-vacunacion-especial\/#primaryimage"},"image":{"@id":"https:\/\/www.caudete.org\/ayuntamiento\/continuidad-a-la-campana-de-vacunacion-domingo-15-dia-de-vacunacion-especial\/#primaryimage"},"thumbnailUrl":"https:\/\/www.caudete.org\/ayuntamiento\/wp-content\/uploads\/2024\/12\/1733316343334.jpg","datePublished":"2024-12-07T08:00:06+00:00","author":{"@id":"https:\/\/www.caudete.org\/ayuntamiento\/#\/schema\/person\/4b9eab41761957db9b1bf9c418d1ef46"},"description":"P\u00e1gina Oficial del Ayuntamiento de Caudete (Albacete)","breadcrumb":{"@id":"https:\/\/www.caudete.org\/ayuntamiento\/continuidad-a-la-campana-de-vacunacion-domingo-15-dia-de-vacunacion-especial\/#breadcrumb"},"inLanguage":"es","potentialAction":[{"@type":"ReadAction","target":["https:\/\/www.caudete.org\/ayuntamiento\/continuidad-a-la-campana-de-vacunacion-domingo-15-dia-de-vacunacion-especial\/"]}]},{"@type":"ImageObject","inLanguage":"es","@id":"https:\/\/www.caudete.org\/ayuntamiento\/continuidad-a-la-campana-de-vacunacion-domingo-15-dia-de-vacunacion-especial\/#primaryimage","url":"https:\/\/www.caudete.org\/ayuntamiento\/wp-content\/uploads\/2024\/12\/1733316343334.jpg","contentUrl":"https:\/\/www.caudete.org\/ayuntamiento\/wp-content\/uploads\/2024\/12\/1733316343334.jpg","width":1000,"height":563},{"@type":"BreadcrumbList","@id":"https:\/\/www.caudete.org\/ayuntamiento\/continuidad-a-la-campana-de-vacunacion-domingo-15-dia-de-vacunacion-especial\/#breadcrumb","itemListElement":[{"@type":"ListItem","position":1,"name":"Inicio","item":"https:\/\/www.caudete.org\/ayuntamiento\/"},{"@type":"ListItem","position":2,"name":"Continuidad a la campa\u00f1a de vacunaci\u00f3n: domingo 15, d\u00eda de vacunaci\u00f3n especial"}]},{"@type":"WebSite","@id":"https:\/\/www.caudete.org\/ayuntamiento\/#website","url":"https:\/\/www.caudete.org\/ayuntamiento\/","name":"MI Ayuntamiento de Caudete","description":"P\u00e1gina Oficial del MI Ayuntamiento de Caudete","potentialAction":[{"@type":"SearchAction","target":{"@type":"EntryPoint","urlTemplate":"https:\/\/www.caudete.org\/ayuntamiento\/?s={search_term_string}"},"query-input":{"@type":"PropertyValueSpecification","valueRequired":true,"valueName":"search_term_string"}}],"inLanguage":"es"},{"@type":"Person","@id":"https:\/\/www.caudete.org\/ayuntamiento\/#\/schema\/person\/4b9eab41761957db9b1bf9c418d1ef46","name":"Dpto Informatica MI Ayuntamiento de Caudete","image":{"@type":"ImageObject","inLanguage":"es","@id":"https:\/\/secure.gravatar.com\/avatar\/ac0321ee4a0a83e82a253e7b2d348ef539e2c8fe16d06b600bde04de1b364fa7?s=96&d=mm&r=g","url":"https:\/\/secure.gravatar.com\/avatar\/ac0321ee4a0a83e82a253e7b2d348ef539e2c8fe16d06b600bde04de1b364fa7?s=96&d=mm&r=g","contentUrl":"https:\/\/secure.gravatar.com\/avatar\/ac0321ee4a0a83e82a253e7b2d348ef539e2c8fe16d06b600bde04de1b364fa7?s=96&d=mm&r=g","caption":"Dpto Informatica MI Ayuntamiento de Caudete"},"url":"https:\/\/www.caudete.org\/ayuntamiento\/author\/informatica\/"}]}},"_links":{"self":[{"href":"https:\/\/www.caudete.org\/ayuntamiento\/wp-json\/wp\/v2\/posts\/26886","targetHints":{"allow":["GET"]}}],"collection":[{"href":"https:\/\/www.caudete.org\/ayuntamiento\/wp-json\/wp\/v2\/posts"}],"about":[{"href":"https:\/\/www.caudete.org\/ayuntamiento\/wp-json\/wp\/v2\/types\/post"}],"author":[{"embeddable":true,"href":"https:\/\/www.caudete.org\/ayuntamiento\/wp-json\/wp\/v2\/users\/5"}],"replies":[{"embeddable":true,"href":"https:\/\/www.caudete.org\/ayuntamiento\/wp-json\/wp\/v2\/comments?post=26886"}],"version-history":[{"count":1,"href":"https:\/\/www.caudete.org\/ayuntamiento\/wp-json\/wp\/v2\/posts\/26886\/revisions"}],"predecessor-version":[{"id":26890,"href":"https:\/\/www.caudete.org\/ayuntamiento\/wp-json\/wp\/v2\/posts\/26886\/revisions\/26890"}],"wp:featuredmedia":[{"embeddable":true,"href":"https:\/\/www.caudete.org\/ayuntamiento\/wp-json\/wp\/v2\/media\/26889"}],"wp:attachment":[{"href":"https:\/\/www.caudete.org\/ayuntamiento\/wp-json\/wp\/v2\/media?parent=26886"}],"wp:term":[{"taxonomy":"category","embeddable":true,"href":"https:\/\/www.caudete.org\/ayuntamiento\/wp-json\/wp\/v2\/categories?post=26886"},{"taxonomy":"post_tag","embeddable":true,"href":"https:\/\/www.caudete.org\/ayuntamiento\/wp-json\/wp\/v2\/tags?post=26886"}],"curies":[{"name":"wp","href":"https:\/\/api.w.org\/{rel}","templated":true}]}}