{"id":26927,"date":"2024-12-11T09:00:11","date_gmt":"2024-12-11T08:00:11","guid":{"rendered":"https:\/\/www.caudete.org\/ayuntamiento\/?p=26927"},"modified":"2024-12-10T12:06:48","modified_gmt":"2024-12-10T11:06:48","slug":"campana-de-navidad-2024-2025","status":"publish","type":"post","link":"https:\/\/www.caudete.org\/ayuntamiento\/campana-de-navidad-2024-2025\/","title":{"rendered":"Campa\u00f1a de Navidad 2024\/2025"},"content":{"rendered":"<p>La Asociaci\u00f3n del Comercio de Caudete ya tiene en la calle su Campa\u00f1a de Navidad, Rasca y Gana con 4.000\u20ac en Premios<\/p>\n<p>En la <strong>Delegaci\u00f3n de FEDA<\/strong> en Caudete se ha presentado la campa\u00f1a de Navidad del comercio local. Su mensaje: \u201cEsta Navidad el Comercio de Caudete est\u00e1 lleno de Sorpresas\u201d.<br \/>\nEn la presentaci\u00f3n ha estado Diego Cuenca Olivares, concejal de Comercio; Natalia Mart\u00ednez Amor\u00f3s, presidenta de la <strong>Asociaci\u00f3n del Comercio<\/strong>, y Ana Mar\u00eda S\u00e1ez Navarro secretaria de la Asociaci\u00f3n del Comercio.<br \/>\nEsta campa\u00f1a est\u00e1 organizada por la Asociaci\u00f3n del Comercio de Caudete, siempre con la coordinaci\u00f3n de FEDA, desde su Delegaci\u00f3n en Caudete, y cuenta con la colaboraci\u00f3n de la <strong>Concejal\u00eda de Comercio del M.I. Ayuntamiento<\/strong>. La campa\u00f1a est\u00e1 ya en la calle y seguir\u00e1 en las calles, entre el comercio y los ciudadanos, hasta el pr\u00f3ximo 5 de enero.<br \/>\nDesde la Asociaci\u00f3n se ha ido recogiendo opiniones de clientes y comerciantes, y se han preparado una programaci\u00f3n de actividades que se llevar\u00e1n a cabo los s\u00e1bados 14, 21 y 28 de diciembre, en diferentes zonas comerciales, se realizar\u00e1 la apertura de los comercios durante todo el d\u00eda de esos s\u00e1bados, y adem\u00e1s como gran novedad ser\u00e1 la tarjeta RASCA que sustituir\u00e1 a las tradicionales papeletas.<br \/>\nEsta tarjeta RASCA, tendr\u00e1 4.000 euros en premios a consumir en los establecimientos participantes. Y la entregar\u00e1n los comercios a sus clientes a realizar las compras, y adem\u00e1s con un ticket de compra realizado en estos s\u00e1bados de actividades, si encuentras al personaje de la Bailadora tendr\u00e1s un RASCA extra.<br \/>\nCon esta campa\u00f1a, desde la Asociaci\u00f3n del Comercio de Caudete se pretende dar visibilidad al potencial de los comercios y servicios de la localidad, as\u00ed como promover e incentivar las compras, con el fin de que el ciudadano ponga a Caudete como su primera opci\u00f3n a la hora de elegir donde realizarlas. Una campa\u00f1a con la que se pretende generar un v\u00ednculo emocional con la localidad y sensibilizar a la poblaci\u00f3n sobre la importancia del consumo en nuestros establecimientos.<\/p>\n<p>Las actividades de animaci\u00f3n en la calle que se realizar\u00e1n ser\u00e1n las siguientes:<\/p>\n<h2>S\u00c1BADO 14 DICIEMBRE: ZONA DEL COLEGIO DEL PASEO<\/h2>\n<p><strong>MA\u00d1ANA<\/strong><br \/>\n11,30 h a 13,30 h <strong>DUENDES NAVIDE\u00d1OS<\/strong><\/p>\n<p>Programa de Radio en Directo- MQR<\/p>\n<p><strong>TARDE<\/strong><br \/>\n18,30 h <strong>Encendido Alumbrado Navide\u00f1o<\/strong>, con Patinadores Disfrazados Navide\u00f1o (Escuela deportiva), con la Banda Juvenil UMS Cecilia.<\/p>\n<p>20,00 h <strong>ACTUACI\u00d3N AGUILANDEROS<\/strong> (CULTURA).<\/p>\n<p>CHOCOLATADA FIN DE FIESTA<\/p>\n<p>&nbsp;<\/p>\n<h2>S\u00c1BADO 21 DICIEMBRE: ZONA CL ALCALDE LUIS PASCUAL (BAJO DEL PASEO)<\/h2>\n<p><strong>MA\u00d1ANA<\/strong><br \/>\n12,00 h a 13,30 h <strong>EL GRINCH Y 2 DUENDES<\/strong>.<\/p>\n<p><strong>TARDE<\/strong><br \/>\n16,30 h a 20,30 h <strong>LA NAVIDAD LLEGA A TU CIUDAD<\/strong>, RECOGIDA CARTAS POR PAPA NOEL.<\/p>\n<p>CHOCOLATADA FIN DE FIESTA<\/p>\n<p>&nbsp;<\/p>\n<h2>S\u00c1BADO 28 DICIEMBRE: ZONA CALLE DEL MOLINO<\/h2>\n<p><strong>MA\u00d1ANA<\/strong><br \/>\n11,30 h a 13,30 h <strong>POMPAS DE JAB\u00d3N<\/strong>, Sorpr\u00e9ndete con las Maravillosas y Gigantes Pompas de Jab\u00f3n.<\/p>\n<p><strong>CUENTA CUENTOS NAVIDE\u00d1O<\/strong>, realizado por Tere Arnedo.<\/p>\n<p>Adem\u00e1s durante todos los estos s\u00e1bados los comercios realizar\u00e1n actividades, descuentos y promociones especiales para los clientes.<\/p>\n<p><a href=\"https:\/\/www.caudete.org\/ayuntamiento\/wp-content\/uploads\/2024\/12\/Cartel-Campana-de-Navidad-Modificado.jpg\" rel='prettyPhoto'><img fetchpriority=\"high\" decoding=\"async\" class=\"alignnone size-full wp-image-26929\" src=\"https:\/\/www.caudete.org\/ayuntamiento\/wp-content\/uploads\/2024\/12\/Cartel-Campana-de-Navidad-Modificado.jpg\" alt=\"\" width=\"707\" height=\"1000\" srcset=\"https:\/\/www.caudete.org\/ayuntamiento\/wp-content\/uploads\/2024\/12\/Cartel-Campana-de-Navidad-Modificado.jpg 707w, https:\/\/www.caudete.org\/ayuntamiento\/wp-content\/uploads\/2024\/12\/Cartel-Campana-de-Navidad-Modificado-212x300.jpg 212w\" sizes=\"(max-width: 707px) 100vw, 707px\" \/><\/a><\/p>\n<p><a href=\"https:\/\/www.caudete.org\/ayuntamiento\/wp-content\/uploads\/2024\/12\/FOTO-PRESENTACION.jpg\" rel='prettyPhoto'><img decoding=\"async\" class=\"alignnone size-full wp-image-26931\" src=\"https:\/\/www.caudete.org\/ayuntamiento\/wp-content\/uploads\/2024\/12\/FOTO-PRESENTACION.jpg\" alt=\"\" width=\"1000\" height=\"750\" srcset=\"https:\/\/www.caudete.org\/ayuntamiento\/wp-content\/uploads\/2024\/12\/FOTO-PRESENTACION.jpg 1000w, https:\/\/www.caudete.org\/ayuntamiento\/wp-content\/uploads\/2024\/12\/FOTO-PRESENTACION-300x225.jpg 300w, https:\/\/www.caudete.org\/ayuntamiento\/wp-content\/uploads\/2024\/12\/FOTO-PRESENTACION-768x576.jpg 768w\" sizes=\"(max-width: 1000px) 100vw, 1000px\" \/><\/a><\/p>\n","protected":false},"excerpt":{"rendered":"<p>La Asociaci\u00f3n del Comercio de Caudete ya tiene en la calle su Campa\u00f1a de Navidad, Rasca y Gana con 4.000\u20ac en Premios En la Delegaci\u00f3n de FEDA en Caudete se ha presentado la campa\u00f1a de Navidad del comercio local. Su mensaje: \u201cEsta Navidad el Comercio de Caudete est\u00e1 lleno de Sorpresas\u201d. En la presentaci\u00f3n ha &hellip;<\/p>\n","protected":false},"author":5,"featured_media":26932,"comment_status":"closed","ping_status":"open","sticky":false,"template":"","format":"standard","meta":{"ngg_post_thumbnail":0,"footnotes":""},"categories":[42],"tags":[],"class_list":["post-26927","post","type-post","status-publish","format-standard","has-post-thumbnail","hentry","category-comercio"],"yoast_head":"<!-- This site is optimized with the Yoast SEO plugin v27.5 - https:\/\/yoast.com\/product\/yoast-seo-wordpress\/ -->\n<title>Campa\u00f1a de Navidad 2024\/2025 - MI Ayuntamiento de Caudete<\/title>\n<meta name=\"description\" content=\"P\u00e1gina Oficial del Ayuntamiento de Caudete (Albacete)\" \/>\n<meta name=\"robots\" content=\"index, follow, max-snippet:-1, max-image-preview:large, max-video-preview:-1\" \/>\n<link rel=\"canonical\" href=\"https:\/\/www.caudete.org\/ayuntamiento\/campana-de-navidad-2024-2025\/\" \/>\n<meta property=\"og:locale\" content=\"es_ES\" \/>\n<meta property=\"og:type\" content=\"article\" \/>\n<meta property=\"og:title\" content=\"Campa\u00f1a de Navidad 2024\/2025 - MI Ayuntamiento de Caudete\" \/>\n<meta property=\"og:description\" content=\"P\u00e1gina Oficial del Ayuntamiento de Caudete (Albacete)\" \/>\n<meta property=\"og:url\" content=\"https:\/\/www.caudete.org\/ayuntamiento\/campana-de-navidad-2024-2025\/\" \/>\n<meta property=\"og:site_name\" content=\"MI Ayuntamiento de Caudete\" \/>\n<meta property=\"article:publisher\" content=\"https:\/\/www.facebook.com\/ayuntamientocaudete\/\" \/>\n<meta property=\"article:published_time\" content=\"2024-12-11T08:00:11+00:00\" \/>\n<meta property=\"og:image\" content=\"https:\/\/www.caudete.org\/ayuntamiento\/wp-content\/uploads\/2024\/12\/Cartel-Campana-de-Navidad-Modificado-port.jpg\" \/>\n\t<meta property=\"og:image:width\" content=\"704\" \/>\n\t<meta property=\"og:image:height\" content=\"299\" \/>\n\t<meta property=\"og:image:type\" content=\"image\/jpeg\" \/>\n<meta name=\"author\" content=\"Dpto Informatica MI Ayuntamiento de Caudete\" \/>\n<meta name=\"twitter:card\" content=\"summary_large_image\" \/>\n<meta name=\"twitter:label1\" content=\"Escrito por\" \/>\n\t<meta name=\"twitter:data1\" content=\"Dpto Informatica MI Ayuntamiento de Caudete\" \/>\n\t<meta name=\"twitter:label2\" content=\"Tiempo de lectura\" \/>\n\t<meta name=\"twitter:data2\" content=\"3 minutos\" \/>\n<script type=\"application\/ld+json\" class=\"yoast-schema-graph\">{\"@context\":\"https:\\\/\\\/schema.org\",\"@graph\":[{\"@type\":\"Article\",\"@id\":\"https:\\\/\\\/www.caudete.org\\\/ayuntamiento\\\/campana-de-navidad-2024-2025\\\/#article\",\"isPartOf\":{\"@id\":\"https:\\\/\\\/www.caudete.org\\\/ayuntamiento\\\/campana-de-navidad-2024-2025\\\/\"},\"author\":{\"name\":\"Dpto Informatica MI Ayuntamiento de Caudete\",\"@id\":\"https:\\\/\\\/www.caudete.org\\\/ayuntamiento\\\/#\\\/schema\\\/person\\\/4b9eab41761957db9b1bf9c418d1ef46\"},\"headline\":\"Campa\u00f1a de Navidad 2024\\\/2025\",\"datePublished\":\"2024-12-11T08:00:11+00:00\",\"mainEntityOfPage\":{\"@id\":\"https:\\\/\\\/www.caudete.org\\\/ayuntamiento\\\/campana-de-navidad-2024-2025\\\/\"},\"wordCount\":533,\"image\":{\"@id\":\"https:\\\/\\\/www.caudete.org\\\/ayuntamiento\\\/campana-de-navidad-2024-2025\\\/#primaryimage\"},\"thumbnailUrl\":\"https:\\\/\\\/www.caudete.org\\\/ayuntamiento\\\/wp-content\\\/uploads\\\/2024\\\/12\\\/Cartel-Campana-de-Navidad-Modificado-port.jpg\",\"articleSection\":[\"Comercio\"],\"inLanguage\":\"es\"},{\"@type\":\"WebPage\",\"@id\":\"https:\\\/\\\/www.caudete.org\\\/ayuntamiento\\\/campana-de-navidad-2024-2025\\\/\",\"url\":\"https:\\\/\\\/www.caudete.org\\\/ayuntamiento\\\/campana-de-navidad-2024-2025\\\/\",\"name\":\"Campa\u00f1a de Navidad 2024\\\/2025 - MI Ayuntamiento de Caudete\",\"isPartOf\":{\"@id\":\"https:\\\/\\\/www.caudete.org\\\/ayuntamiento\\\/#website\"},\"primaryImageOfPage\":{\"@id\":\"https:\\\/\\\/www.caudete.org\\\/ayuntamiento\\\/campana-de-navidad-2024-2025\\\/#primaryimage\"},\"image\":{\"@id\":\"https:\\\/\\\/www.caudete.org\\\/ayuntamiento\\\/campana-de-navidad-2024-2025\\\/#primaryimage\"},\"thumbnailUrl\":\"https:\\\/\\\/www.caudete.org\\\/ayuntamiento\\\/wp-content\\\/uploads\\\/2024\\\/12\\\/Cartel-Campana-de-Navidad-Modificado-port.jpg\",\"datePublished\":\"2024-12-11T08:00:11+00:00\",\"author\":{\"@id\":\"https:\\\/\\\/www.caudete.org\\\/ayuntamiento\\\/#\\\/schema\\\/person\\\/4b9eab41761957db9b1bf9c418d1ef46\"},\"description\":\"P\u00e1gina Oficial del Ayuntamiento de Caudete (Albacete)\",\"breadcrumb\":{\"@id\":\"https:\\\/\\\/www.caudete.org\\\/ayuntamiento\\\/campana-de-navidad-2024-2025\\\/#breadcrumb\"},\"inLanguage\":\"es\",\"potentialAction\":[{\"@type\":\"ReadAction\",\"target\":[\"https:\\\/\\\/www.caudete.org\\\/ayuntamiento\\\/campana-de-navidad-2024-2025\\\/\"]}]},{\"@type\":\"ImageObject\",\"inLanguage\":\"es\",\"@id\":\"https:\\\/\\\/www.caudete.org\\\/ayuntamiento\\\/campana-de-navidad-2024-2025\\\/#primaryimage\",\"url\":\"https:\\\/\\\/www.caudete.org\\\/ayuntamiento\\\/wp-content\\\/uploads\\\/2024\\\/12\\\/Cartel-Campana-de-Navidad-Modificado-port.jpg\",\"contentUrl\":\"https:\\\/\\\/www.caudete.org\\\/ayuntamiento\\\/wp-content\\\/uploads\\\/2024\\\/12\\\/Cartel-Campana-de-Navidad-Modificado-port.jpg\",\"width\":704,\"height\":299},{\"@type\":\"BreadcrumbList\",\"@id\":\"https:\\\/\\\/www.caudete.org\\\/ayuntamiento\\\/campana-de-navidad-2024-2025\\\/#breadcrumb\",\"itemListElement\":[{\"@type\":\"ListItem\",\"position\":1,\"name\":\"Inicio\",\"item\":\"https:\\\/\\\/www.caudete.org\\\/ayuntamiento\\\/\"},{\"@type\":\"ListItem\",\"position\":2,\"name\":\"Campa\u00f1a de Navidad 2024\\\/2025\"}]},{\"@type\":\"WebSite\",\"@id\":\"https:\\\/\\\/www.caudete.org\\\/ayuntamiento\\\/#website\",\"url\":\"https:\\\/\\\/www.caudete.org\\\/ayuntamiento\\\/\",\"name\":\"MI Ayuntamiento de Caudete\",\"description\":\"P\u00e1gina Oficial del MI Ayuntamiento de Caudete\",\"potentialAction\":[{\"@type\":\"SearchAction\",\"target\":{\"@type\":\"EntryPoint\",\"urlTemplate\":\"https:\\\/\\\/www.caudete.org\\\/ayuntamiento\\\/?s={search_term_string}\"},\"query-input\":{\"@type\":\"PropertyValueSpecification\",\"valueRequired\":true,\"valueName\":\"search_term_string\"}}],\"inLanguage\":\"es\"},{\"@type\":\"Person\",\"@id\":\"https:\\\/\\\/www.caudete.org\\\/ayuntamiento\\\/#\\\/schema\\\/person\\\/4b9eab41761957db9b1bf9c418d1ef46\",\"name\":\"Dpto Informatica MI Ayuntamiento de Caudete\",\"image\":{\"@type\":\"ImageObject\",\"inLanguage\":\"es\",\"@id\":\"https:\\\/\\\/secure.gravatar.com\\\/avatar\\\/ac0321ee4a0a83e82a253e7b2d348ef539e2c8fe16d06b600bde04de1b364fa7?s=96&d=mm&r=g\",\"url\":\"https:\\\/\\\/secure.gravatar.com\\\/avatar\\\/ac0321ee4a0a83e82a253e7b2d348ef539e2c8fe16d06b600bde04de1b364fa7?s=96&d=mm&r=g\",\"contentUrl\":\"https:\\\/\\\/secure.gravatar.com\\\/avatar\\\/ac0321ee4a0a83e82a253e7b2d348ef539e2c8fe16d06b600bde04de1b364fa7?s=96&d=mm&r=g\",\"caption\":\"Dpto Informatica MI Ayuntamiento de Caudete\"},\"url\":\"https:\\\/\\\/www.caudete.org\\\/ayuntamiento\\\/author\\\/informatica\\\/\"}]}<\/script>\n<!-- \/ Yoast SEO plugin. -->","yoast_head_json":{"title":"Campa\u00f1a de Navidad 2024\/2025 - MI Ayuntamiento de Caudete","description":"P\u00e1gina Oficial del Ayuntamiento de Caudete (Albacete)","robots":{"index":"index","follow":"follow","max-snippet":"max-snippet:-1","max-image-preview":"max-image-preview:large","max-video-preview":"max-video-preview:-1"},"canonical":"https:\/\/www.caudete.org\/ayuntamiento\/campana-de-navidad-2024-2025\/","og_locale":"es_ES","og_type":"article","og_title":"Campa\u00f1a de Navidad 2024\/2025 - MI Ayuntamiento de Caudete","og_description":"P\u00e1gina Oficial del Ayuntamiento de Caudete (Albacete)","og_url":"https:\/\/www.caudete.org\/ayuntamiento\/campana-de-navidad-2024-2025\/","og_site_name":"MI Ayuntamiento de Caudete","article_publisher":"https:\/\/www.facebook.com\/ayuntamientocaudete\/","article_published_time":"2024-12-11T08:00:11+00:00","og_image":[{"width":704,"height":299,"url":"https:\/\/www.caudete.org\/ayuntamiento\/wp-content\/uploads\/2024\/12\/Cartel-Campana-de-Navidad-Modificado-port.jpg","type":"image\/jpeg"}],"author":"Dpto Informatica MI Ayuntamiento de Caudete","twitter_card":"summary_large_image","twitter_misc":{"Escrito por":"Dpto Informatica MI Ayuntamiento de Caudete","Tiempo de lectura":"3 minutos"},"schema":{"@context":"https:\/\/schema.org","@graph":[{"@type":"Article","@id":"https:\/\/www.caudete.org\/ayuntamiento\/campana-de-navidad-2024-2025\/#article","isPartOf":{"@id":"https:\/\/www.caudete.org\/ayuntamiento\/campana-de-navidad-2024-2025\/"},"author":{"name":"Dpto Informatica MI Ayuntamiento de Caudete","@id":"https:\/\/www.caudete.org\/ayuntamiento\/#\/schema\/person\/4b9eab41761957db9b1bf9c418d1ef46"},"headline":"Campa\u00f1a de Navidad 2024\/2025","datePublished":"2024-12-11T08:00:11+00:00","mainEntityOfPage":{"@id":"https:\/\/www.caudete.org\/ayuntamiento\/campana-de-navidad-2024-2025\/"},"wordCount":533,"image":{"@id":"https:\/\/www.caudete.org\/ayuntamiento\/campana-de-navidad-2024-2025\/#primaryimage"},"thumbnailUrl":"https:\/\/www.caudete.org\/ayuntamiento\/wp-content\/uploads\/2024\/12\/Cartel-Campana-de-Navidad-Modificado-port.jpg","articleSection":["Comercio"],"inLanguage":"es"},{"@type":"WebPage","@id":"https:\/\/www.caudete.org\/ayuntamiento\/campana-de-navidad-2024-2025\/","url":"https:\/\/www.caudete.org\/ayuntamiento\/campana-de-navidad-2024-2025\/","name":"Campa\u00f1a de Navidad 2024\/2025 - MI Ayuntamiento de Caudete","isPartOf":{"@id":"https:\/\/www.caudete.org\/ayuntamiento\/#website"},"primaryImageOfPage":{"@id":"https:\/\/www.caudete.org\/ayuntamiento\/campana-de-navidad-2024-2025\/#primaryimage"},"image":{"@id":"https:\/\/www.caudete.org\/ayuntamiento\/campana-de-navidad-2024-2025\/#primaryimage"},"thumbnailUrl":"https:\/\/www.caudete.org\/ayuntamiento\/wp-content\/uploads\/2024\/12\/Cartel-Campana-de-Navidad-Modificado-port.jpg","datePublished":"2024-12-11T08:00:11+00:00","author":{"@id":"https:\/\/www.caudete.org\/ayuntamiento\/#\/schema\/person\/4b9eab41761957db9b1bf9c418d1ef46"},"description":"P\u00e1gina Oficial del Ayuntamiento de Caudete (Albacete)","breadcrumb":{"@id":"https:\/\/www.caudete.org\/ayuntamiento\/campana-de-navidad-2024-2025\/#breadcrumb"},"inLanguage":"es","potentialAction":[{"@type":"ReadAction","target":["https:\/\/www.caudete.org\/ayuntamiento\/campana-de-navidad-2024-2025\/"]}]},{"@type":"ImageObject","inLanguage":"es","@id":"https:\/\/www.caudete.org\/ayuntamiento\/campana-de-navidad-2024-2025\/#primaryimage","url":"https:\/\/www.caudete.org\/ayuntamiento\/wp-content\/uploads\/2024\/12\/Cartel-Campana-de-Navidad-Modificado-port.jpg","contentUrl":"https:\/\/www.caudete.org\/ayuntamiento\/wp-content\/uploads\/2024\/12\/Cartel-Campana-de-Navidad-Modificado-port.jpg","width":704,"height":299},{"@type":"BreadcrumbList","@id":"https:\/\/www.caudete.org\/ayuntamiento\/campana-de-navidad-2024-2025\/#breadcrumb","itemListElement":[{"@type":"ListItem","position":1,"name":"Inicio","item":"https:\/\/www.caudete.org\/ayuntamiento\/"},{"@type":"ListItem","position":2,"name":"Campa\u00f1a de Navidad 2024\/2025"}]},{"@type":"WebSite","@id":"https:\/\/www.caudete.org\/ayuntamiento\/#website","url":"https:\/\/www.caudete.org\/ayuntamiento\/","name":"MI Ayuntamiento de Caudete","description":"P\u00e1gina Oficial del MI Ayuntamiento de Caudete","potentialAction":[{"@type":"SearchAction","target":{"@type":"EntryPoint","urlTemplate":"https:\/\/www.caudete.org\/ayuntamiento\/?s={search_term_string}"},"query-input":{"@type":"PropertyValueSpecification","valueRequired":true,"valueName":"search_term_string"}}],"inLanguage":"es"},{"@type":"Person","@id":"https:\/\/www.caudete.org\/ayuntamiento\/#\/schema\/person\/4b9eab41761957db9b1bf9c418d1ef46","name":"Dpto Informatica MI Ayuntamiento de Caudete","image":{"@type":"ImageObject","inLanguage":"es","@id":"https:\/\/secure.gravatar.com\/avatar\/ac0321ee4a0a83e82a253e7b2d348ef539e2c8fe16d06b600bde04de1b364fa7?s=96&d=mm&r=g","url":"https:\/\/secure.gravatar.com\/avatar\/ac0321ee4a0a83e82a253e7b2d348ef539e2c8fe16d06b600bde04de1b364fa7?s=96&d=mm&r=g","contentUrl":"https:\/\/secure.gravatar.com\/avatar\/ac0321ee4a0a83e82a253e7b2d348ef539e2c8fe16d06b600bde04de1b364fa7?s=96&d=mm&r=g","caption":"Dpto Informatica MI Ayuntamiento de Caudete"},"url":"https:\/\/www.caudete.org\/ayuntamiento\/author\/informatica\/"}]}},"_links":{"self":[{"href":"https:\/\/www.caudete.org\/ayuntamiento\/wp-json\/wp\/v2\/posts\/26927","targetHints":{"allow":["GET"]}}],"collection":[{"href":"https:\/\/www.caudete.org\/ayuntamiento\/wp-json\/wp\/v2\/posts"}],"about":[{"href":"https:\/\/www.caudete.org\/ayuntamiento\/wp-json\/wp\/v2\/types\/post"}],"author":[{"embeddable":true,"href":"https:\/\/www.caudete.org\/ayuntamiento\/wp-json\/wp\/v2\/users\/5"}],"replies":[{"embeddable":true,"href":"https:\/\/www.caudete.org\/ayuntamiento\/wp-json\/wp\/v2\/comments?post=26927"}],"version-history":[{"count":3,"href":"https:\/\/www.caudete.org\/ayuntamiento\/wp-json\/wp\/v2\/posts\/26927\/revisions"}],"predecessor-version":[{"id":26936,"href":"https:\/\/www.caudete.org\/ayuntamiento\/wp-json\/wp\/v2\/posts\/26927\/revisions\/26936"}],"wp:featuredmedia":[{"embeddable":true,"href":"https:\/\/www.caudete.org\/ayuntamiento\/wp-json\/wp\/v2\/media\/26932"}],"wp:attachment":[{"href":"https:\/\/www.caudete.org\/ayuntamiento\/wp-json\/wp\/v2\/media?parent=26927"}],"wp:term":[{"taxonomy":"category","embeddable":true,"href":"https:\/\/www.caudete.org\/ayuntamiento\/wp-json\/wp\/v2\/categories?post=26927"},{"taxonomy":"post_tag","embeddable":true,"href":"https:\/\/www.caudete.org\/ayuntamiento\/wp-json\/wp\/v2\/tags?post=26927"}],"curies":[{"name":"wp","href":"https:\/\/api.w.org\/{rel}","templated":true}]}}