{"id":26940,"date":"2024-12-10T19:06:47","date_gmt":"2024-12-10T18:06:47","guid":{"rendered":"https:\/\/www.caudete.org\/ayuntamiento\/?p=26940"},"modified":"2024-12-11T12:42:56","modified_gmt":"2024-12-11T11:42:56","slug":"mas-de-80-ninos-se-convirtieron-en-concejales-y-5-en-alcaldes-en-los-plenos-infantiles","status":"publish","type":"post","link":"https:\/\/www.caudete.org\/ayuntamiento\/mas-de-80-ninos-se-convirtieron-en-concejales-y-5-en-alcaldes-en-los-plenos-infantiles\/","title":{"rendered":"M\u00e1s de 80 ni\u00f1os se convirtieron en Concejales, y 5 en Alcaldes en los PLENOS INFANTILES"},"content":{"rendered":"<p><a href=\"https:\/\/www.caudete.org\/ayuntamiento\/wp-content\/uploads\/2024\/12\/WhatsApp-Image-2024-12-05-at-14.31.00.jpeg\" rel='prettyPhoto'><img fetchpriority=\"high\" decoding=\"async\" class=\"alignnone wp-image-26942 size-full\" src=\"https:\/\/www.caudete.org\/ayuntamiento\/wp-content\/uploads\/2024\/12\/WhatsApp-Image-2024-12-05-at-14.31.00.jpeg\" alt=\"\" width=\"2048\" height=\"1536\" srcset=\"https:\/\/www.caudete.org\/ayuntamiento\/wp-content\/uploads\/2024\/12\/WhatsApp-Image-2024-12-05-at-14.31.00.jpeg 2048w, https:\/\/www.caudete.org\/ayuntamiento\/wp-content\/uploads\/2024\/12\/WhatsApp-Image-2024-12-05-at-14.31.00-300x225.jpeg 300w, https:\/\/www.caudete.org\/ayuntamiento\/wp-content\/uploads\/2024\/12\/WhatsApp-Image-2024-12-05-at-14.31.00-1024x768.jpeg 1024w, https:\/\/www.caudete.org\/ayuntamiento\/wp-content\/uploads\/2024\/12\/WhatsApp-Image-2024-12-05-at-14.31.00-768x576.jpeg 768w, https:\/\/www.caudete.org\/ayuntamiento\/wp-content\/uploads\/2024\/12\/WhatsApp-Image-2024-12-05-at-14.31.00-1536x1152.jpeg 1536w\" sizes=\"(max-width: 2048px) 100vw, 2048px\" \/><\/a><\/p>\n<p style=\"text-align: justify;\">Con motivo del d\u00eda de la Constituci\u00f3n Espa\u00f1ola, en su 46 Aniversario, el Sal\u00f3n de Plenos municipal acog\u00eda el pasado jueves 5 de Diciembre un bonito e ilusionante acto para sus participantes, los ni\u00f1os, pues se trataba de la celebraci\u00f3n de PLENOS INFANTILES, en los cuales los alumnos de 6\u00ba de Primaria se convirtieron por unos minutos en Concejales y Alcaldes de una simulada Corporaci\u00f3n Municipal Infantil.<\/p>\n<p style=\"text-align: justify;\">Un total de 6 clases de 6\u00ba de Primaria de todos los Centros Educativos (Gloria Fuertes, Amor de Dios, Alc\u00e1zar y Serrano, y El Paseo) participaron en esta iniciativa que por vez primera lanzaba el Gobierno Municipal desde la Concejal\u00eda de Educaci\u00f3n, y que buscaba de una forma amena, conmemorar el D\u00eda de la Constituci\u00f3n y poner \u00e9sta en valor, as\u00ed como acercar las instituciones y el funcionamiento de la administraci\u00f3n local a los ni\u00f1os.<\/p>\n<p style=\"text-align: justify;\">Cada una de las clases sigui\u00f3 el mismo ritual. Divididos en tres grupos, dos de ellos ten\u00edan el encargo de ocupar las sillas del Gobierno y de la Oposici\u00f3n.<\/p>\n<p style=\"text-align: justify;\">Llamados por su profesor, uno a uno, iba tomando posesi\u00f3n de su cargo de Concejal donde el Alcalde Mois\u00e9s L\u00f3pez les asist\u00eda. Una vez configurada la Corporaci\u00f3n Infantil, los j\u00f3venes y simulados Concejales eleg\u00edan a su Alcalde mediante votaci\u00f3n secreta, siendo proclamado el que m\u00e1s votos obten\u00eda. Tras ello, tomaba asiento en el lugar principal del estrado plenario, para dirigir unas palabras y dar comienzo al Pleno Infantil, donde una a una se debat\u00edan y votaban medidas beneficiosas para el Colegio y para el municipio. Finalizaba la sesi\u00f3n dando la voz al p\u00fablico asistente (otro grupo de alumnos), quienes tambi\u00e9n expon\u00edan quejas y sugerencias.<\/p>\n<p style=\"text-align: justify;\">Tal y como les explic\u00f3 el Alcalde Mois\u00e9s L\u00f3pez, junto a la Concejal de Educaci\u00f3n Manoli Gonz\u00e1lez, en pasar las fiestas navide\u00f1as visitar\u00edan a cada una de las clases para entregar las propuestas realizadas, reflejando las que son de competencia municipal de las que no lo son, y por tanto cuales se comprometen a trabajar para conseguir su realizaci\u00f3n.<\/p>\n<p style=\"text-align: justify;\">Finalizaba la actividad realizando una foto de familia entre los participantes, tras haber explicado la simbolog\u00eda existente en el Sal\u00f3n de Plenos, y la importancia del mismo para el Consistorio.<\/p>\n<p>\u00a0<a href=\"https:\/\/www.caudete.org\/ayuntamiento\/wp-content\/uploads\/2024\/12\/WhatsApp-Image-2024-12-05-at-14.30.57.jpeg\" rel='prettyPhoto'><img decoding=\"async\" class=\"alignnone wp-image-26945 size-full\" src=\"https:\/\/www.caudete.org\/ayuntamiento\/wp-content\/uploads\/2024\/12\/WhatsApp-Image-2024-12-05-at-14.30.57.jpeg\" alt=\"\" width=\"2048\" height=\"1536\" srcset=\"https:\/\/www.caudete.org\/ayuntamiento\/wp-content\/uploads\/2024\/12\/WhatsApp-Image-2024-12-05-at-14.30.57.jpeg 2048w, https:\/\/www.caudete.org\/ayuntamiento\/wp-content\/uploads\/2024\/12\/WhatsApp-Image-2024-12-05-at-14.30.57-300x225.jpeg 300w, https:\/\/www.caudete.org\/ayuntamiento\/wp-content\/uploads\/2024\/12\/WhatsApp-Image-2024-12-05-at-14.30.57-1024x768.jpeg 1024w, https:\/\/www.caudete.org\/ayuntamiento\/wp-content\/uploads\/2024\/12\/WhatsApp-Image-2024-12-05-at-14.30.57-768x576.jpeg 768w, https:\/\/www.caudete.org\/ayuntamiento\/wp-content\/uploads\/2024\/12\/WhatsApp-Image-2024-12-05-at-14.30.57-1536x1152.jpeg 1536w\" sizes=\"(max-width: 2048px) 100vw, 2048px\" \/><\/a><a href=\"https:\/\/www.caudete.org\/ayuntamiento\/wp-content\/uploads\/2024\/12\/WhatsApp-Image-2024-12-05-at-14.30.50.jpeg\" rel='prettyPhoto'><img decoding=\"async\" class=\"alignnone wp-image-26944 size-full\" src=\"https:\/\/www.caudete.org\/ayuntamiento\/wp-content\/uploads\/2024\/12\/WhatsApp-Image-2024-12-05-at-14.30.50.jpeg\" alt=\"\" width=\"2048\" height=\"1536\" srcset=\"https:\/\/www.caudete.org\/ayuntamiento\/wp-content\/uploads\/2024\/12\/WhatsApp-Image-2024-12-05-at-14.30.50.jpeg 2048w, https:\/\/www.caudete.org\/ayuntamiento\/wp-content\/uploads\/2024\/12\/WhatsApp-Image-2024-12-05-at-14.30.50-300x225.jpeg 300w, https:\/\/www.caudete.org\/ayuntamiento\/wp-content\/uploads\/2024\/12\/WhatsApp-Image-2024-12-05-at-14.30.50-1024x768.jpeg 1024w, https:\/\/www.caudete.org\/ayuntamiento\/wp-content\/uploads\/2024\/12\/WhatsApp-Image-2024-12-05-at-14.30.50-768x576.jpeg 768w, https:\/\/www.caudete.org\/ayuntamiento\/wp-content\/uploads\/2024\/12\/WhatsApp-Image-2024-12-05-at-14.30.50-1536x1152.jpeg 1536w\" sizes=\"(max-width: 2048px) 100vw, 2048px\" \/><\/a> <a href=\"https:\/\/www.caudete.org\/ayuntamiento\/wp-content\/uploads\/2024\/12\/WhatsApp-Image-2024-12-05-at-14.30.59.jpeg\" rel='prettyPhoto'><img loading=\"lazy\" decoding=\"async\" class=\"alignnone wp-image-26943 size-full\" src=\"https:\/\/www.caudete.org\/ayuntamiento\/wp-content\/uploads\/2024\/12\/WhatsApp-Image-2024-12-05-at-14.30.59.jpeg\" alt=\"\" width=\"2048\" height=\"1536\" srcset=\"https:\/\/www.caudete.org\/ayuntamiento\/wp-content\/uploads\/2024\/12\/WhatsApp-Image-2024-12-05-at-14.30.59.jpeg 2048w, https:\/\/www.caudete.org\/ayuntamiento\/wp-content\/uploads\/2024\/12\/WhatsApp-Image-2024-12-05-at-14.30.59-300x225.jpeg 300w, https:\/\/www.caudete.org\/ayuntamiento\/wp-content\/uploads\/2024\/12\/WhatsApp-Image-2024-12-05-at-14.30.59-1024x768.jpeg 1024w, https:\/\/www.caudete.org\/ayuntamiento\/wp-content\/uploads\/2024\/12\/WhatsApp-Image-2024-12-05-at-14.30.59-768x576.jpeg 768w, https:\/\/www.caudete.org\/ayuntamiento\/wp-content\/uploads\/2024\/12\/WhatsApp-Image-2024-12-05-at-14.30.59-1536x1152.jpeg 1536w\" sizes=\"(max-width: 2048px) 100vw, 2048px\" \/><\/a> <a href=\"https:\/\/www.caudete.org\/ayuntamiento\/wp-content\/uploads\/2024\/12\/WhatsApp-Image-2024-12-05-at-14.31.00-1.jpeg\" rel='prettyPhoto'><img loading=\"lazy\" decoding=\"async\" class=\"alignnone wp-image-26941 size-full\" src=\"https:\/\/www.caudete.org\/ayuntamiento\/wp-content\/uploads\/2024\/12\/WhatsApp-Image-2024-12-05-at-14.31.00-1.jpeg\" alt=\"\" width=\"2048\" height=\"1536\" srcset=\"https:\/\/www.caudete.org\/ayuntamiento\/wp-content\/uploads\/2024\/12\/WhatsApp-Image-2024-12-05-at-14.31.00-1.jpeg 2048w, https:\/\/www.caudete.org\/ayuntamiento\/wp-content\/uploads\/2024\/12\/WhatsApp-Image-2024-12-05-at-14.31.00-1-300x225.jpeg 300w, https:\/\/www.caudete.org\/ayuntamiento\/wp-content\/uploads\/2024\/12\/WhatsApp-Image-2024-12-05-at-14.31.00-1-1024x768.jpeg 1024w, https:\/\/www.caudete.org\/ayuntamiento\/wp-content\/uploads\/2024\/12\/WhatsApp-Image-2024-12-05-at-14.31.00-1-768x576.jpeg 768w, https:\/\/www.caudete.org\/ayuntamiento\/wp-content\/uploads\/2024\/12\/WhatsApp-Image-2024-12-05-at-14.31.00-1-1536x1152.jpeg 1536w\" sizes=\"(max-width: 2048px) 100vw, 2048px\" \/><\/a><\/p>\n","protected":false},"excerpt":{"rendered":"<p>Con motivo del d\u00eda de la Constituci\u00f3n Espa\u00f1ola, en su 46 Aniversario, el Sal\u00f3n de Plenos municipal acog\u00eda el pasado jueves 5 de Diciembre un bonito e ilusionante acto para sus participantes, los ni\u00f1os, pues se trataba de la celebraci\u00f3n de PLENOS INFANTILES, en los cuales los alumnos de 6\u00ba de Primaria se convirtieron por &hellip;<\/p>\n","protected":false},"author":3,"featured_media":26960,"comment_status":"closed","ping_status":"open","sticky":false,"template":"","format":"standard","meta":{"ngg_post_thumbnail":0,"footnotes":""},"categories":[25],"tags":[],"class_list":["post-26940","post","type-post","status-publish","format-standard","has-post-thumbnail","hentry","category-educacion"],"yoast_head":"<!-- This site is optimized with the Yoast SEO plugin v27.4 - https:\/\/yoast.com\/product\/yoast-seo-wordpress\/ -->\n<title>M\u00e1s de 80 ni\u00f1os se convirtieron en Concejales, y 5 en Alcaldes en los PLENOS INFANTILES - MI Ayuntamiento de Caudete<\/title>\n<meta name=\"description\" content=\"P\u00e1gina Oficial del Ayuntamiento de Caudete (Albacete)\" \/>\n<meta name=\"robots\" content=\"index, follow, max-snippet:-1, max-image-preview:large, max-video-preview:-1\" \/>\n<link rel=\"canonical\" href=\"https:\/\/www.caudete.org\/ayuntamiento\/mas-de-80-ninos-se-convirtieron-en-concejales-y-5-en-alcaldes-en-los-plenos-infantiles\/\" \/>\n<meta property=\"og:locale\" content=\"es_ES\" \/>\n<meta property=\"og:type\" content=\"article\" \/>\n<meta property=\"og:title\" content=\"M\u00e1s de 80 ni\u00f1os se convirtieron en Concejales, y 5 en Alcaldes en los PLENOS INFANTILES - MI Ayuntamiento de Caudete\" \/>\n<meta property=\"og:description\" content=\"P\u00e1gina Oficial del Ayuntamiento de Caudete (Albacete)\" \/>\n<meta property=\"og:url\" content=\"https:\/\/www.caudete.org\/ayuntamiento\/mas-de-80-ninos-se-convirtieron-en-concejales-y-5-en-alcaldes-en-los-plenos-infantiles\/\" \/>\n<meta property=\"og:site_name\" content=\"MI Ayuntamiento de Caudete\" \/>\n<meta property=\"article:publisher\" content=\"https:\/\/www.facebook.com\/ayuntamientocaudete\/\" \/>\n<meta property=\"article:published_time\" content=\"2024-12-10T18:06:47+00:00\" \/>\n<meta property=\"article:modified_time\" content=\"2024-12-11T11:42:56+00:00\" \/>\n<meta property=\"og:image\" content=\"https:\/\/www.caudete.org\/ayuntamiento\/wp-content\/uploads\/2024\/12\/plenosinfantiles.png\" \/>\n\t<meta property=\"og:image:width\" content=\"864\" \/>\n\t<meta property=\"og:image:height\" content=\"380\" \/>\n\t<meta property=\"og:image:type\" content=\"image\/png\" \/>\n<meta name=\"author\" content=\"alcalde\" \/>\n<meta name=\"twitter:card\" content=\"summary_large_image\" \/>\n<meta name=\"twitter:label1\" content=\"Escrito por\" \/>\n\t<meta name=\"twitter:data1\" content=\"alcalde\" \/>\n\t<meta name=\"twitter:label2\" content=\"Tiempo de lectura\" \/>\n\t<meta name=\"twitter:data2\" content=\"3 minutos\" \/>\n<script type=\"application\/ld+json\" class=\"yoast-schema-graph\">{\"@context\":\"https:\\\/\\\/schema.org\",\"@graph\":[{\"@type\":\"Article\",\"@id\":\"https:\\\/\\\/www.caudete.org\\\/ayuntamiento\\\/mas-de-80-ninos-se-convirtieron-en-concejales-y-5-en-alcaldes-en-los-plenos-infantiles\\\/#article\",\"isPartOf\":{\"@id\":\"https:\\\/\\\/www.caudete.org\\\/ayuntamiento\\\/mas-de-80-ninos-se-convirtieron-en-concejales-y-5-en-alcaldes-en-los-plenos-infantiles\\\/\"},\"author\":{\"name\":\"alcalde\",\"@id\":\"https:\\\/\\\/www.caudete.org\\\/ayuntamiento\\\/#\\\/schema\\\/person\\\/cc646da9133078ee4d8dd47457947253\"},\"headline\":\"M\u00e1s de 80 ni\u00f1os se convirtieron en Concejales, y 5 en Alcaldes en los PLENOS INFANTILES\",\"datePublished\":\"2024-12-10T18:06:47+00:00\",\"dateModified\":\"2024-12-11T11:42:56+00:00\",\"mainEntityOfPage\":{\"@id\":\"https:\\\/\\\/www.caudete.org\\\/ayuntamiento\\\/mas-de-80-ninos-se-convirtieron-en-concejales-y-5-en-alcaldes-en-los-plenos-infantiles\\\/\"},\"wordCount\":416,\"publisher\":{\"@id\":\"https:\\\/\\\/www.caudete.org\\\/ayuntamiento\\\/#organization\"},\"image\":{\"@id\":\"https:\\\/\\\/www.caudete.org\\\/ayuntamiento\\\/mas-de-80-ninos-se-convirtieron-en-concejales-y-5-en-alcaldes-en-los-plenos-infantiles\\\/#primaryimage\"},\"thumbnailUrl\":\"https:\\\/\\\/www.caudete.org\\\/ayuntamiento\\\/wp-content\\\/uploads\\\/2024\\\/12\\\/plenosinfantiles.png\",\"articleSection\":[\"Educaci\u00f3n\"],\"inLanguage\":\"es\"},{\"@type\":\"WebPage\",\"@id\":\"https:\\\/\\\/www.caudete.org\\\/ayuntamiento\\\/mas-de-80-ninos-se-convirtieron-en-concejales-y-5-en-alcaldes-en-los-plenos-infantiles\\\/\",\"url\":\"https:\\\/\\\/www.caudete.org\\\/ayuntamiento\\\/mas-de-80-ninos-se-convirtieron-en-concejales-y-5-en-alcaldes-en-los-plenos-infantiles\\\/\",\"name\":\"M\u00e1s de 80 ni\u00f1os se convirtieron en Concejales, y 5 en Alcaldes en los PLENOS INFANTILES - MI Ayuntamiento de Caudete\",\"isPartOf\":{\"@id\":\"https:\\\/\\\/www.caudete.org\\\/ayuntamiento\\\/#website\"},\"primaryImageOfPage\":{\"@id\":\"https:\\\/\\\/www.caudete.org\\\/ayuntamiento\\\/mas-de-80-ninos-se-convirtieron-en-concejales-y-5-en-alcaldes-en-los-plenos-infantiles\\\/#primaryimage\"},\"image\":{\"@id\":\"https:\\\/\\\/www.caudete.org\\\/ayuntamiento\\\/mas-de-80-ninos-se-convirtieron-en-concejales-y-5-en-alcaldes-en-los-plenos-infantiles\\\/#primaryimage\"},\"thumbnailUrl\":\"https:\\\/\\\/www.caudete.org\\\/ayuntamiento\\\/wp-content\\\/uploads\\\/2024\\\/12\\\/plenosinfantiles.png\",\"datePublished\":\"2024-12-10T18:06:47+00:00\",\"dateModified\":\"2024-12-11T11:42:56+00:00\",\"description\":\"P\u00e1gina Oficial del Ayuntamiento de Caudete (Albacete)\",\"breadcrumb\":{\"@id\":\"https:\\\/\\\/www.caudete.org\\\/ayuntamiento\\\/mas-de-80-ninos-se-convirtieron-en-concejales-y-5-en-alcaldes-en-los-plenos-infantiles\\\/#breadcrumb\"},\"inLanguage\":\"es\",\"potentialAction\":[{\"@type\":\"ReadAction\",\"target\":[\"https:\\\/\\\/www.caudete.org\\\/ayuntamiento\\\/mas-de-80-ninos-se-convirtieron-en-concejales-y-5-en-alcaldes-en-los-plenos-infantiles\\\/\"]}]},{\"@type\":\"ImageObject\",\"inLanguage\":\"es\",\"@id\":\"https:\\\/\\\/www.caudete.org\\\/ayuntamiento\\\/mas-de-80-ninos-se-convirtieron-en-concejales-y-5-en-alcaldes-en-los-plenos-infantiles\\\/#primaryimage\",\"url\":\"https:\\\/\\\/www.caudete.org\\\/ayuntamiento\\\/wp-content\\\/uploads\\\/2024\\\/12\\\/plenosinfantiles.png\",\"contentUrl\":\"https:\\\/\\\/www.caudete.org\\\/ayuntamiento\\\/wp-content\\\/uploads\\\/2024\\\/12\\\/plenosinfantiles.png\",\"width\":864,\"height\":380},{\"@type\":\"BreadcrumbList\",\"@id\":\"https:\\\/\\\/www.caudete.org\\\/ayuntamiento\\\/mas-de-80-ninos-se-convirtieron-en-concejales-y-5-en-alcaldes-en-los-plenos-infantiles\\\/#breadcrumb\",\"itemListElement\":[{\"@type\":\"ListItem\",\"position\":1,\"name\":\"Inicio\",\"item\":\"https:\\\/\\\/www.caudete.org\\\/ayuntamiento\\\/\"},{\"@type\":\"ListItem\",\"position\":2,\"name\":\"M\u00e1s de 80 ni\u00f1os se convirtieron en Concejales, y 5 en Alcaldes en los PLENOS INFANTILES\"}]},{\"@type\":\"WebSite\",\"@id\":\"https:\\\/\\\/www.caudete.org\\\/ayuntamiento\\\/#website\",\"url\":\"https:\\\/\\\/www.caudete.org\\\/ayuntamiento\\\/\",\"name\":\"MI Ayuntamiento de Caudete\",\"description\":\"P\u00e1gina Oficial del MI Ayuntamiento de Caudete\",\"publisher\":{\"@id\":\"https:\\\/\\\/www.caudete.org\\\/ayuntamiento\\\/#organization\"},\"potentialAction\":[{\"@type\":\"SearchAction\",\"target\":{\"@type\":\"EntryPoint\",\"urlTemplate\":\"https:\\\/\\\/www.caudete.org\\\/ayuntamiento\\\/?s={search_term_string}\"},\"query-input\":{\"@type\":\"PropertyValueSpecification\",\"valueRequired\":true,\"valueName\":\"search_term_string\"}}],\"inLanguage\":\"es\"},{\"@type\":\"Organization\",\"@id\":\"https:\\\/\\\/www.caudete.org\\\/ayuntamiento\\\/#organization\",\"name\":\"Ayuntamiento de Caudete\",\"url\":\"https:\\\/\\\/www.caudete.org\\\/ayuntamiento\\\/\",\"logo\":{\"@type\":\"ImageObject\",\"inLanguage\":\"es\",\"@id\":\"https:\\\/\\\/www.caudete.org\\\/ayuntamiento\\\/#\\\/schema\\\/logo\\\/image\\\/\",\"url\":\"https:\\\/\\\/www.caudete.org\\\/ayuntamiento\\\/wp-content\\\/uploads\\\/2020\\\/11\\\/logo_ayuntamiento_caudete.jpg\",\"contentUrl\":\"https:\\\/\\\/www.caudete.org\\\/ayuntamiento\\\/wp-content\\\/uploads\\\/2020\\\/11\\\/logo_ayuntamiento_caudete.jpg\",\"width\":600,\"height\":150,\"caption\":\"Ayuntamiento de Caudete\"},\"image\":{\"@id\":\"https:\\\/\\\/www.caudete.org\\\/ayuntamiento\\\/#\\\/schema\\\/logo\\\/image\\\/\"},\"sameAs\":[\"https:\\\/\\\/www.facebook.com\\\/ayuntamientocaudete\\\/\",\"https:\\\/\\\/www.youtube.com\\\/channel\\\/UC6VztHaooNsGpw-tNoBEFnQ\"]},{\"@type\":\"Person\",\"@id\":\"https:\\\/\\\/www.caudete.org\\\/ayuntamiento\\\/#\\\/schema\\\/person\\\/cc646da9133078ee4d8dd47457947253\",\"name\":\"alcalde\",\"image\":{\"@type\":\"ImageObject\",\"inLanguage\":\"es\",\"@id\":\"https:\\\/\\\/secure.gravatar.com\\\/avatar\\\/84a817ba065b29ff08d666b215a215f5c79186a645ccb25b14a663d48a130f77?s=96&d=mm&r=g\",\"url\":\"https:\\\/\\\/secure.gravatar.com\\\/avatar\\\/84a817ba065b29ff08d666b215a215f5c79186a645ccb25b14a663d48a130f77?s=96&d=mm&r=g\",\"contentUrl\":\"https:\\\/\\\/secure.gravatar.com\\\/avatar\\\/84a817ba065b29ff08d666b215a215f5c79186a645ccb25b14a663d48a130f77?s=96&d=mm&r=g\",\"caption\":\"alcalde\"},\"url\":\"https:\\\/\\\/www.caudete.org\\\/ayuntamiento\\\/author\\\/alcalde\\\/\"}]}<\/script>\n<!-- \/ Yoast SEO plugin. -->","yoast_head_json":{"title":"M\u00e1s de 80 ni\u00f1os se convirtieron en Concejales, y 5 en Alcaldes en los PLENOS INFANTILES - MI Ayuntamiento de Caudete","description":"P\u00e1gina Oficial del Ayuntamiento de Caudete (Albacete)","robots":{"index":"index","follow":"follow","max-snippet":"max-snippet:-1","max-image-preview":"max-image-preview:large","max-video-preview":"max-video-preview:-1"},"canonical":"https:\/\/www.caudete.org\/ayuntamiento\/mas-de-80-ninos-se-convirtieron-en-concejales-y-5-en-alcaldes-en-los-plenos-infantiles\/","og_locale":"es_ES","og_type":"article","og_title":"M\u00e1s de 80 ni\u00f1os se convirtieron en Concejales, y 5 en Alcaldes en los PLENOS INFANTILES - MI Ayuntamiento de Caudete","og_description":"P\u00e1gina Oficial del Ayuntamiento de Caudete (Albacete)","og_url":"https:\/\/www.caudete.org\/ayuntamiento\/mas-de-80-ninos-se-convirtieron-en-concejales-y-5-en-alcaldes-en-los-plenos-infantiles\/","og_site_name":"MI Ayuntamiento de Caudete","article_publisher":"https:\/\/www.facebook.com\/ayuntamientocaudete\/","article_published_time":"2024-12-10T18:06:47+00:00","article_modified_time":"2024-12-11T11:42:56+00:00","og_image":[{"width":864,"height":380,"url":"https:\/\/www.caudete.org\/ayuntamiento\/wp-content\/uploads\/2024\/12\/plenosinfantiles.png","type":"image\/png"}],"author":"alcalde","twitter_card":"summary_large_image","twitter_misc":{"Escrito por":"alcalde","Tiempo de lectura":"3 minutos"},"schema":{"@context":"https:\/\/schema.org","@graph":[{"@type":"Article","@id":"https:\/\/www.caudete.org\/ayuntamiento\/mas-de-80-ninos-se-convirtieron-en-concejales-y-5-en-alcaldes-en-los-plenos-infantiles\/#article","isPartOf":{"@id":"https:\/\/www.caudete.org\/ayuntamiento\/mas-de-80-ninos-se-convirtieron-en-concejales-y-5-en-alcaldes-en-los-plenos-infantiles\/"},"author":{"name":"alcalde","@id":"https:\/\/www.caudete.org\/ayuntamiento\/#\/schema\/person\/cc646da9133078ee4d8dd47457947253"},"headline":"M\u00e1s de 80 ni\u00f1os se convirtieron en Concejales, y 5 en Alcaldes en los PLENOS INFANTILES","datePublished":"2024-12-10T18:06:47+00:00","dateModified":"2024-12-11T11:42:56+00:00","mainEntityOfPage":{"@id":"https:\/\/www.caudete.org\/ayuntamiento\/mas-de-80-ninos-se-convirtieron-en-concejales-y-5-en-alcaldes-en-los-plenos-infantiles\/"},"wordCount":416,"publisher":{"@id":"https:\/\/www.caudete.org\/ayuntamiento\/#organization"},"image":{"@id":"https:\/\/www.caudete.org\/ayuntamiento\/mas-de-80-ninos-se-convirtieron-en-concejales-y-5-en-alcaldes-en-los-plenos-infantiles\/#primaryimage"},"thumbnailUrl":"https:\/\/www.caudete.org\/ayuntamiento\/wp-content\/uploads\/2024\/12\/plenosinfantiles.png","articleSection":["Educaci\u00f3n"],"inLanguage":"es"},{"@type":"WebPage","@id":"https:\/\/www.caudete.org\/ayuntamiento\/mas-de-80-ninos-se-convirtieron-en-concejales-y-5-en-alcaldes-en-los-plenos-infantiles\/","url":"https:\/\/www.caudete.org\/ayuntamiento\/mas-de-80-ninos-se-convirtieron-en-concejales-y-5-en-alcaldes-en-los-plenos-infantiles\/","name":"M\u00e1s de 80 ni\u00f1os se convirtieron en Concejales, y 5 en Alcaldes en los PLENOS INFANTILES - MI Ayuntamiento de Caudete","isPartOf":{"@id":"https:\/\/www.caudete.org\/ayuntamiento\/#website"},"primaryImageOfPage":{"@id":"https:\/\/www.caudete.org\/ayuntamiento\/mas-de-80-ninos-se-convirtieron-en-concejales-y-5-en-alcaldes-en-los-plenos-infantiles\/#primaryimage"},"image":{"@id":"https:\/\/www.caudete.org\/ayuntamiento\/mas-de-80-ninos-se-convirtieron-en-concejales-y-5-en-alcaldes-en-los-plenos-infantiles\/#primaryimage"},"thumbnailUrl":"https:\/\/www.caudete.org\/ayuntamiento\/wp-content\/uploads\/2024\/12\/plenosinfantiles.png","datePublished":"2024-12-10T18:06:47+00:00","dateModified":"2024-12-11T11:42:56+00:00","description":"P\u00e1gina Oficial del Ayuntamiento de Caudete (Albacete)","breadcrumb":{"@id":"https:\/\/www.caudete.org\/ayuntamiento\/mas-de-80-ninos-se-convirtieron-en-concejales-y-5-en-alcaldes-en-los-plenos-infantiles\/#breadcrumb"},"inLanguage":"es","potentialAction":[{"@type":"ReadAction","target":["https:\/\/www.caudete.org\/ayuntamiento\/mas-de-80-ninos-se-convirtieron-en-concejales-y-5-en-alcaldes-en-los-plenos-infantiles\/"]}]},{"@type":"ImageObject","inLanguage":"es","@id":"https:\/\/www.caudete.org\/ayuntamiento\/mas-de-80-ninos-se-convirtieron-en-concejales-y-5-en-alcaldes-en-los-plenos-infantiles\/#primaryimage","url":"https:\/\/www.caudete.org\/ayuntamiento\/wp-content\/uploads\/2024\/12\/plenosinfantiles.png","contentUrl":"https:\/\/www.caudete.org\/ayuntamiento\/wp-content\/uploads\/2024\/12\/plenosinfantiles.png","width":864,"height":380},{"@type":"BreadcrumbList","@id":"https:\/\/www.caudete.org\/ayuntamiento\/mas-de-80-ninos-se-convirtieron-en-concejales-y-5-en-alcaldes-en-los-plenos-infantiles\/#breadcrumb","itemListElement":[{"@type":"ListItem","position":1,"name":"Inicio","item":"https:\/\/www.caudete.org\/ayuntamiento\/"},{"@type":"ListItem","position":2,"name":"M\u00e1s de 80 ni\u00f1os se convirtieron en Concejales, y 5 en Alcaldes en los PLENOS INFANTILES"}]},{"@type":"WebSite","@id":"https:\/\/www.caudete.org\/ayuntamiento\/#website","url":"https:\/\/www.caudete.org\/ayuntamiento\/","name":"MI Ayuntamiento de Caudete","description":"P\u00e1gina Oficial del MI Ayuntamiento de Caudete","publisher":{"@id":"https:\/\/www.caudete.org\/ayuntamiento\/#organization"},"potentialAction":[{"@type":"SearchAction","target":{"@type":"EntryPoint","urlTemplate":"https:\/\/www.caudete.org\/ayuntamiento\/?s={search_term_string}"},"query-input":{"@type":"PropertyValueSpecification","valueRequired":true,"valueName":"search_term_string"}}],"inLanguage":"es"},{"@type":"Organization","@id":"https:\/\/www.caudete.org\/ayuntamiento\/#organization","name":"Ayuntamiento de Caudete","url":"https:\/\/www.caudete.org\/ayuntamiento\/","logo":{"@type":"ImageObject","inLanguage":"es","@id":"https:\/\/www.caudete.org\/ayuntamiento\/#\/schema\/logo\/image\/","url":"https:\/\/www.caudete.org\/ayuntamiento\/wp-content\/uploads\/2020\/11\/logo_ayuntamiento_caudete.jpg","contentUrl":"https:\/\/www.caudete.org\/ayuntamiento\/wp-content\/uploads\/2020\/11\/logo_ayuntamiento_caudete.jpg","width":600,"height":150,"caption":"Ayuntamiento de Caudete"},"image":{"@id":"https:\/\/www.caudete.org\/ayuntamiento\/#\/schema\/logo\/image\/"},"sameAs":["https:\/\/www.facebook.com\/ayuntamientocaudete\/","https:\/\/www.youtube.com\/channel\/UC6VztHaooNsGpw-tNoBEFnQ"]},{"@type":"Person","@id":"https:\/\/www.caudete.org\/ayuntamiento\/#\/schema\/person\/cc646da9133078ee4d8dd47457947253","name":"alcalde","image":{"@type":"ImageObject","inLanguage":"es","@id":"https:\/\/secure.gravatar.com\/avatar\/84a817ba065b29ff08d666b215a215f5c79186a645ccb25b14a663d48a130f77?s=96&d=mm&r=g","url":"https:\/\/secure.gravatar.com\/avatar\/84a817ba065b29ff08d666b215a215f5c79186a645ccb25b14a663d48a130f77?s=96&d=mm&r=g","contentUrl":"https:\/\/secure.gravatar.com\/avatar\/84a817ba065b29ff08d666b215a215f5c79186a645ccb25b14a663d48a130f77?s=96&d=mm&r=g","caption":"alcalde"},"url":"https:\/\/www.caudete.org\/ayuntamiento\/author\/alcalde\/"}]}},"_links":{"self":[{"href":"https:\/\/www.caudete.org\/ayuntamiento\/wp-json\/wp\/v2\/posts\/26940","targetHints":{"allow":["GET"]}}],"collection":[{"href":"https:\/\/www.caudete.org\/ayuntamiento\/wp-json\/wp\/v2\/posts"}],"about":[{"href":"https:\/\/www.caudete.org\/ayuntamiento\/wp-json\/wp\/v2\/types\/post"}],"author":[{"embeddable":true,"href":"https:\/\/www.caudete.org\/ayuntamiento\/wp-json\/wp\/v2\/users\/3"}],"replies":[{"embeddable":true,"href":"https:\/\/www.caudete.org\/ayuntamiento\/wp-json\/wp\/v2\/comments?post=26940"}],"version-history":[{"count":1,"href":"https:\/\/www.caudete.org\/ayuntamiento\/wp-json\/wp\/v2\/posts\/26940\/revisions"}],"predecessor-version":[{"id":26947,"href":"https:\/\/www.caudete.org\/ayuntamiento\/wp-json\/wp\/v2\/posts\/26940\/revisions\/26947"}],"wp:featuredmedia":[{"embeddable":true,"href":"https:\/\/www.caudete.org\/ayuntamiento\/wp-json\/wp\/v2\/media\/26960"}],"wp:attachment":[{"href":"https:\/\/www.caudete.org\/ayuntamiento\/wp-json\/wp\/v2\/media?parent=26940"}],"wp:term":[{"taxonomy":"category","embeddable":true,"href":"https:\/\/www.caudete.org\/ayuntamiento\/wp-json\/wp\/v2\/categories?post=26940"},{"taxonomy":"post_tag","embeddable":true,"href":"https:\/\/www.caudete.org\/ayuntamiento\/wp-json\/wp\/v2\/tags?post=26940"}],"curies":[{"name":"wp","href":"https:\/\/api.w.org\/{rel}","templated":true}]}}