{"id":26989,"date":"2024-12-13T08:55:06","date_gmt":"2024-12-13T07:55:06","guid":{"rendered":"https:\/\/www.caudete.org\/ayuntamiento\/?p=26989"},"modified":"2024-12-13T08:55:06","modified_gmt":"2024-12-13T07:55:06","slug":"programa-de-deteccion-precoz-de-cancer-de-mama-2025","status":"publish","type":"post","link":"https:\/\/www.caudete.org\/ayuntamiento\/programa-de-deteccion-precoz-de-cancer-de-mama-2025\/","title":{"rendered":"Programa de detecci\u00f3n precoz de c\u00e1ncer de mama 2025"},"content":{"rendered":"<p>Entre el 14 y el 31 de enero de 2025, la unidad m\u00f3vil de detecci\u00f3n del c\u00e1ncer de mama desarrolla su programa para mujeres de entre 45 y 70 a\u00f1os<\/p>\n<p>Un programa destinado a una poblaci\u00f3n diana de 1.500 mujeres de Caudete, que esperemos ayude a la prevenci\u00f3n y a la detecci\u00f3n precoz de este tipo de c\u00e1ncer, para poder abordar cualquier diagn\u00f3stico con mayores garant\u00edas.<\/p>\n<p>Dicho acci\u00f3n forma parte de un programa regional impulsado por salud p\u00fablica, y que en este caso est\u00e1 conveniado con Quir\u00f3nSalud. Se trata de una unidad m\u00f3vil ubicada junto al antiguo Centro de Salud en calle Jos\u00e9 Ruiz y Ruiz de Caudete.<\/p>\n<p>Recordar que las mujeres recibir\u00e1n en breve una carta personalizada con el d\u00eda y la hora de la cita. Y que en caso de duda, se puede pasar por la unidad m\u00f3vil entre las 9h-13.30h o las 15.30-19-30h. O bien llamar al 967190410. Todas las pruebas se desarrollan con la m\u00e1xima discreci\u00f3n, con buenos profesionales especializados y son gratuitas.<\/p>\n<p>La Concejal\u00eda de Sanidad colabora con la Consejer\u00eda de Sanidad mediante infraestructura y log\u00edstica para la unidad m\u00f3vil, as\u00ed como para la difusi\u00f3n del programa, recomendando a todas las mujeres de entre 45-70 a\u00f1os que pasen por este servicio para prevenir esta enfermedad.<\/p>\n<p>Concejal\u00eda de Sanidad<\/p>\n<p><a href=\"https:\/\/www.caudete.org\/ayuntamiento\/wp-content\/uploads\/2024\/12\/CARTEL-CAUDETE-UNIDAD-MOVIL-CANCER-DE-MAMA-2.jpg\" rel='prettyPhoto'><img fetchpriority=\"high\" decoding=\"async\" class=\"alignnone size-full wp-image-26990\" src=\"https:\/\/www.caudete.org\/ayuntamiento\/wp-content\/uploads\/2024\/12\/CARTEL-CAUDETE-UNIDAD-MOVIL-CANCER-DE-MAMA-2.jpg\" alt=\"\" width=\"706\" height=\"1000\" srcset=\"https:\/\/www.caudete.org\/ayuntamiento\/wp-content\/uploads\/2024\/12\/CARTEL-CAUDETE-UNIDAD-MOVIL-CANCER-DE-MAMA-2.jpg 706w, https:\/\/www.caudete.org\/ayuntamiento\/wp-content\/uploads\/2024\/12\/CARTEL-CAUDETE-UNIDAD-MOVIL-CANCER-DE-MAMA-2-212x300.jpg 212w\" sizes=\"(max-width: 706px) 100vw, 706px\" \/><\/a><\/p>\n","protected":false},"excerpt":{"rendered":"<p>Entre el 14 y el 31 de enero de 2025, la unidad m\u00f3vil de detecci\u00f3n del c\u00e1ncer de mama desarrolla su programa para mujeres de entre 45 y 70 a\u00f1os Un programa destinado a una poblaci\u00f3n diana de 1.500 mujeres de Caudete, que esperemos ayude a la prevenci\u00f3n y a la detecci\u00f3n precoz de este &hellip;<\/p>\n","protected":false},"author":5,"featured_media":26991,"comment_status":"closed","ping_status":"open","sticky":false,"template":"","format":"standard","meta":{"ngg_post_thumbnail":0,"footnotes":""},"categories":[16],"tags":[],"class_list":["post-26989","post","type-post","status-publish","format-standard","has-post-thumbnail","hentry","category-sanidad"],"yoast_head":"<!-- This site is optimized with the Yoast SEO plugin v27.5 - https:\/\/yoast.com\/product\/yoast-seo-wordpress\/ -->\n<title>Programa de detecci\u00f3n precoz de c\u00e1ncer de mama 2025 - MI Ayuntamiento de Caudete<\/title>\n<meta name=\"description\" content=\"P\u00e1gina Oficial del Ayuntamiento de Caudete (Albacete)\" \/>\n<meta name=\"robots\" content=\"index, follow, max-snippet:-1, max-image-preview:large, max-video-preview:-1\" \/>\n<link rel=\"canonical\" href=\"https:\/\/www.caudete.org\/ayuntamiento\/programa-de-deteccion-precoz-de-cancer-de-mama-2025\/\" \/>\n<meta property=\"og:locale\" content=\"es_ES\" \/>\n<meta property=\"og:type\" content=\"article\" \/>\n<meta property=\"og:title\" content=\"Programa de detecci\u00f3n precoz de c\u00e1ncer de mama 2025 - MI Ayuntamiento de Caudete\" \/>\n<meta property=\"og:description\" content=\"P\u00e1gina Oficial del Ayuntamiento de Caudete (Albacete)\" \/>\n<meta property=\"og:url\" content=\"https:\/\/www.caudete.org\/ayuntamiento\/programa-de-deteccion-precoz-de-cancer-de-mama-2025\/\" \/>\n<meta property=\"og:site_name\" content=\"MI Ayuntamiento de Caudete\" \/>\n<meta property=\"article:publisher\" content=\"https:\/\/www.facebook.com\/ayuntamientocaudete\/\" \/>\n<meta property=\"article:published_time\" content=\"2024-12-13T07:55:06+00:00\" \/>\n<meta property=\"og:image\" content=\"https:\/\/www.caudete.org\/ayuntamiento\/wp-content\/uploads\/2024\/12\/CARTEL-CAUDETE-UNIDAD-MOVIL-CANCER-DE-MAMA-2-port.jpg\" \/>\n\t<meta property=\"og:image:width\" content=\"1000\" \/>\n\t<meta property=\"og:image:height\" content=\"399\" \/>\n\t<meta property=\"og:image:type\" content=\"image\/jpeg\" \/>\n<meta name=\"author\" content=\"Dpto Informatica MI Ayuntamiento de Caudete\" \/>\n<meta name=\"twitter:card\" content=\"summary_large_image\" \/>\n<meta name=\"twitter:label1\" content=\"Escrito por\" \/>\n\t<meta name=\"twitter:data1\" content=\"Dpto Informatica MI Ayuntamiento de Caudete\" \/>\n\t<meta name=\"twitter:label2\" content=\"Tiempo de lectura\" \/>\n\t<meta name=\"twitter:data2\" content=\"2 minutos\" \/>\n<script type=\"application\/ld+json\" class=\"yoast-schema-graph\">{\"@context\":\"https:\\\/\\\/schema.org\",\"@graph\":[{\"@type\":\"Article\",\"@id\":\"https:\\\/\\\/www.caudete.org\\\/ayuntamiento\\\/programa-de-deteccion-precoz-de-cancer-de-mama-2025\\\/#article\",\"isPartOf\":{\"@id\":\"https:\\\/\\\/www.caudete.org\\\/ayuntamiento\\\/programa-de-deteccion-precoz-de-cancer-de-mama-2025\\\/\"},\"author\":{\"name\":\"Dpto Informatica MI Ayuntamiento de Caudete\",\"@id\":\"https:\\\/\\\/www.caudete.org\\\/ayuntamiento\\\/#\\\/schema\\\/person\\\/4b9eab41761957db9b1bf9c418d1ef46\"},\"headline\":\"Programa de detecci\u00f3n precoz de c\u00e1ncer de mama 2025\",\"datePublished\":\"2024-12-13T07:55:06+00:00\",\"mainEntityOfPage\":{\"@id\":\"https:\\\/\\\/www.caudete.org\\\/ayuntamiento\\\/programa-de-deteccion-precoz-de-cancer-de-mama-2025\\\/\"},\"wordCount\":245,\"image\":{\"@id\":\"https:\\\/\\\/www.caudete.org\\\/ayuntamiento\\\/programa-de-deteccion-precoz-de-cancer-de-mama-2025\\\/#primaryimage\"},\"thumbnailUrl\":\"https:\\\/\\\/www.caudete.org\\\/ayuntamiento\\\/wp-content\\\/uploads\\\/2024\\\/12\\\/CARTEL-CAUDETE-UNIDAD-MOVIL-CANCER-DE-MAMA-2-port.jpg\",\"articleSection\":[\"Sanidad\"],\"inLanguage\":\"es\"},{\"@type\":\"WebPage\",\"@id\":\"https:\\\/\\\/www.caudete.org\\\/ayuntamiento\\\/programa-de-deteccion-precoz-de-cancer-de-mama-2025\\\/\",\"url\":\"https:\\\/\\\/www.caudete.org\\\/ayuntamiento\\\/programa-de-deteccion-precoz-de-cancer-de-mama-2025\\\/\",\"name\":\"Programa de detecci\u00f3n precoz de c\u00e1ncer de mama 2025 - MI Ayuntamiento de Caudete\",\"isPartOf\":{\"@id\":\"https:\\\/\\\/www.caudete.org\\\/ayuntamiento\\\/#website\"},\"primaryImageOfPage\":{\"@id\":\"https:\\\/\\\/www.caudete.org\\\/ayuntamiento\\\/programa-de-deteccion-precoz-de-cancer-de-mama-2025\\\/#primaryimage\"},\"image\":{\"@id\":\"https:\\\/\\\/www.caudete.org\\\/ayuntamiento\\\/programa-de-deteccion-precoz-de-cancer-de-mama-2025\\\/#primaryimage\"},\"thumbnailUrl\":\"https:\\\/\\\/www.caudete.org\\\/ayuntamiento\\\/wp-content\\\/uploads\\\/2024\\\/12\\\/CARTEL-CAUDETE-UNIDAD-MOVIL-CANCER-DE-MAMA-2-port.jpg\",\"datePublished\":\"2024-12-13T07:55:06+00:00\",\"author\":{\"@id\":\"https:\\\/\\\/www.caudete.org\\\/ayuntamiento\\\/#\\\/schema\\\/person\\\/4b9eab41761957db9b1bf9c418d1ef46\"},\"description\":\"P\u00e1gina Oficial del Ayuntamiento de Caudete (Albacete)\",\"breadcrumb\":{\"@id\":\"https:\\\/\\\/www.caudete.org\\\/ayuntamiento\\\/programa-de-deteccion-precoz-de-cancer-de-mama-2025\\\/#breadcrumb\"},\"inLanguage\":\"es\",\"potentialAction\":[{\"@type\":\"ReadAction\",\"target\":[\"https:\\\/\\\/www.caudete.org\\\/ayuntamiento\\\/programa-de-deteccion-precoz-de-cancer-de-mama-2025\\\/\"]}]},{\"@type\":\"ImageObject\",\"inLanguage\":\"es\",\"@id\":\"https:\\\/\\\/www.caudete.org\\\/ayuntamiento\\\/programa-de-deteccion-precoz-de-cancer-de-mama-2025\\\/#primaryimage\",\"url\":\"https:\\\/\\\/www.caudete.org\\\/ayuntamiento\\\/wp-content\\\/uploads\\\/2024\\\/12\\\/CARTEL-CAUDETE-UNIDAD-MOVIL-CANCER-DE-MAMA-2-port.jpg\",\"contentUrl\":\"https:\\\/\\\/www.caudete.org\\\/ayuntamiento\\\/wp-content\\\/uploads\\\/2024\\\/12\\\/CARTEL-CAUDETE-UNIDAD-MOVIL-CANCER-DE-MAMA-2-port.jpg\",\"width\":1000,\"height\":399},{\"@type\":\"BreadcrumbList\",\"@id\":\"https:\\\/\\\/www.caudete.org\\\/ayuntamiento\\\/programa-de-deteccion-precoz-de-cancer-de-mama-2025\\\/#breadcrumb\",\"itemListElement\":[{\"@type\":\"ListItem\",\"position\":1,\"name\":\"Inicio\",\"item\":\"https:\\\/\\\/www.caudete.org\\\/ayuntamiento\\\/\"},{\"@type\":\"ListItem\",\"position\":2,\"name\":\"Programa de detecci\u00f3n precoz de c\u00e1ncer de mama 2025\"}]},{\"@type\":\"WebSite\",\"@id\":\"https:\\\/\\\/www.caudete.org\\\/ayuntamiento\\\/#website\",\"url\":\"https:\\\/\\\/www.caudete.org\\\/ayuntamiento\\\/\",\"name\":\"MI Ayuntamiento de Caudete\",\"description\":\"P\u00e1gina Oficial del MI Ayuntamiento de Caudete\",\"potentialAction\":[{\"@type\":\"SearchAction\",\"target\":{\"@type\":\"EntryPoint\",\"urlTemplate\":\"https:\\\/\\\/www.caudete.org\\\/ayuntamiento\\\/?s={search_term_string}\"},\"query-input\":{\"@type\":\"PropertyValueSpecification\",\"valueRequired\":true,\"valueName\":\"search_term_string\"}}],\"inLanguage\":\"es\"},{\"@type\":\"Person\",\"@id\":\"https:\\\/\\\/www.caudete.org\\\/ayuntamiento\\\/#\\\/schema\\\/person\\\/4b9eab41761957db9b1bf9c418d1ef46\",\"name\":\"Dpto Informatica MI Ayuntamiento de Caudete\",\"image\":{\"@type\":\"ImageObject\",\"inLanguage\":\"es\",\"@id\":\"https:\\\/\\\/secure.gravatar.com\\\/avatar\\\/ac0321ee4a0a83e82a253e7b2d348ef539e2c8fe16d06b600bde04de1b364fa7?s=96&d=mm&r=g\",\"url\":\"https:\\\/\\\/secure.gravatar.com\\\/avatar\\\/ac0321ee4a0a83e82a253e7b2d348ef539e2c8fe16d06b600bde04de1b364fa7?s=96&d=mm&r=g\",\"contentUrl\":\"https:\\\/\\\/secure.gravatar.com\\\/avatar\\\/ac0321ee4a0a83e82a253e7b2d348ef539e2c8fe16d06b600bde04de1b364fa7?s=96&d=mm&r=g\",\"caption\":\"Dpto Informatica MI Ayuntamiento de Caudete\"},\"url\":\"https:\\\/\\\/www.caudete.org\\\/ayuntamiento\\\/author\\\/informatica\\\/\"}]}<\/script>\n<!-- \/ Yoast SEO plugin. -->","yoast_head_json":{"title":"Programa de detecci\u00f3n precoz de c\u00e1ncer de mama 2025 - MI Ayuntamiento de Caudete","description":"P\u00e1gina Oficial del Ayuntamiento de Caudete (Albacete)","robots":{"index":"index","follow":"follow","max-snippet":"max-snippet:-1","max-image-preview":"max-image-preview:large","max-video-preview":"max-video-preview:-1"},"canonical":"https:\/\/www.caudete.org\/ayuntamiento\/programa-de-deteccion-precoz-de-cancer-de-mama-2025\/","og_locale":"es_ES","og_type":"article","og_title":"Programa de detecci\u00f3n precoz de c\u00e1ncer de mama 2025 - MI Ayuntamiento de Caudete","og_description":"P\u00e1gina Oficial del Ayuntamiento de Caudete (Albacete)","og_url":"https:\/\/www.caudete.org\/ayuntamiento\/programa-de-deteccion-precoz-de-cancer-de-mama-2025\/","og_site_name":"MI Ayuntamiento de Caudete","article_publisher":"https:\/\/www.facebook.com\/ayuntamientocaudete\/","article_published_time":"2024-12-13T07:55:06+00:00","og_image":[{"width":1000,"height":399,"url":"https:\/\/www.caudete.org\/ayuntamiento\/wp-content\/uploads\/2024\/12\/CARTEL-CAUDETE-UNIDAD-MOVIL-CANCER-DE-MAMA-2-port.jpg","type":"image\/jpeg"}],"author":"Dpto Informatica MI Ayuntamiento de Caudete","twitter_card":"summary_large_image","twitter_misc":{"Escrito por":"Dpto Informatica MI Ayuntamiento de Caudete","Tiempo de lectura":"2 minutos"},"schema":{"@context":"https:\/\/schema.org","@graph":[{"@type":"Article","@id":"https:\/\/www.caudete.org\/ayuntamiento\/programa-de-deteccion-precoz-de-cancer-de-mama-2025\/#article","isPartOf":{"@id":"https:\/\/www.caudete.org\/ayuntamiento\/programa-de-deteccion-precoz-de-cancer-de-mama-2025\/"},"author":{"name":"Dpto Informatica MI Ayuntamiento de Caudete","@id":"https:\/\/www.caudete.org\/ayuntamiento\/#\/schema\/person\/4b9eab41761957db9b1bf9c418d1ef46"},"headline":"Programa de detecci\u00f3n precoz de c\u00e1ncer de mama 2025","datePublished":"2024-12-13T07:55:06+00:00","mainEntityOfPage":{"@id":"https:\/\/www.caudete.org\/ayuntamiento\/programa-de-deteccion-precoz-de-cancer-de-mama-2025\/"},"wordCount":245,"image":{"@id":"https:\/\/www.caudete.org\/ayuntamiento\/programa-de-deteccion-precoz-de-cancer-de-mama-2025\/#primaryimage"},"thumbnailUrl":"https:\/\/www.caudete.org\/ayuntamiento\/wp-content\/uploads\/2024\/12\/CARTEL-CAUDETE-UNIDAD-MOVIL-CANCER-DE-MAMA-2-port.jpg","articleSection":["Sanidad"],"inLanguage":"es"},{"@type":"WebPage","@id":"https:\/\/www.caudete.org\/ayuntamiento\/programa-de-deteccion-precoz-de-cancer-de-mama-2025\/","url":"https:\/\/www.caudete.org\/ayuntamiento\/programa-de-deteccion-precoz-de-cancer-de-mama-2025\/","name":"Programa de detecci\u00f3n precoz de c\u00e1ncer de mama 2025 - MI Ayuntamiento de Caudete","isPartOf":{"@id":"https:\/\/www.caudete.org\/ayuntamiento\/#website"},"primaryImageOfPage":{"@id":"https:\/\/www.caudete.org\/ayuntamiento\/programa-de-deteccion-precoz-de-cancer-de-mama-2025\/#primaryimage"},"image":{"@id":"https:\/\/www.caudete.org\/ayuntamiento\/programa-de-deteccion-precoz-de-cancer-de-mama-2025\/#primaryimage"},"thumbnailUrl":"https:\/\/www.caudete.org\/ayuntamiento\/wp-content\/uploads\/2024\/12\/CARTEL-CAUDETE-UNIDAD-MOVIL-CANCER-DE-MAMA-2-port.jpg","datePublished":"2024-12-13T07:55:06+00:00","author":{"@id":"https:\/\/www.caudete.org\/ayuntamiento\/#\/schema\/person\/4b9eab41761957db9b1bf9c418d1ef46"},"description":"P\u00e1gina Oficial del Ayuntamiento de Caudete (Albacete)","breadcrumb":{"@id":"https:\/\/www.caudete.org\/ayuntamiento\/programa-de-deteccion-precoz-de-cancer-de-mama-2025\/#breadcrumb"},"inLanguage":"es","potentialAction":[{"@type":"ReadAction","target":["https:\/\/www.caudete.org\/ayuntamiento\/programa-de-deteccion-precoz-de-cancer-de-mama-2025\/"]}]},{"@type":"ImageObject","inLanguage":"es","@id":"https:\/\/www.caudete.org\/ayuntamiento\/programa-de-deteccion-precoz-de-cancer-de-mama-2025\/#primaryimage","url":"https:\/\/www.caudete.org\/ayuntamiento\/wp-content\/uploads\/2024\/12\/CARTEL-CAUDETE-UNIDAD-MOVIL-CANCER-DE-MAMA-2-port.jpg","contentUrl":"https:\/\/www.caudete.org\/ayuntamiento\/wp-content\/uploads\/2024\/12\/CARTEL-CAUDETE-UNIDAD-MOVIL-CANCER-DE-MAMA-2-port.jpg","width":1000,"height":399},{"@type":"BreadcrumbList","@id":"https:\/\/www.caudete.org\/ayuntamiento\/programa-de-deteccion-precoz-de-cancer-de-mama-2025\/#breadcrumb","itemListElement":[{"@type":"ListItem","position":1,"name":"Inicio","item":"https:\/\/www.caudete.org\/ayuntamiento\/"},{"@type":"ListItem","position":2,"name":"Programa de detecci\u00f3n precoz de c\u00e1ncer de mama 2025"}]},{"@type":"WebSite","@id":"https:\/\/www.caudete.org\/ayuntamiento\/#website","url":"https:\/\/www.caudete.org\/ayuntamiento\/","name":"MI Ayuntamiento de Caudete","description":"P\u00e1gina Oficial del MI Ayuntamiento de Caudete","potentialAction":[{"@type":"SearchAction","target":{"@type":"EntryPoint","urlTemplate":"https:\/\/www.caudete.org\/ayuntamiento\/?s={search_term_string}"},"query-input":{"@type":"PropertyValueSpecification","valueRequired":true,"valueName":"search_term_string"}}],"inLanguage":"es"},{"@type":"Person","@id":"https:\/\/www.caudete.org\/ayuntamiento\/#\/schema\/person\/4b9eab41761957db9b1bf9c418d1ef46","name":"Dpto Informatica MI Ayuntamiento de Caudete","image":{"@type":"ImageObject","inLanguage":"es","@id":"https:\/\/secure.gravatar.com\/avatar\/ac0321ee4a0a83e82a253e7b2d348ef539e2c8fe16d06b600bde04de1b364fa7?s=96&d=mm&r=g","url":"https:\/\/secure.gravatar.com\/avatar\/ac0321ee4a0a83e82a253e7b2d348ef539e2c8fe16d06b600bde04de1b364fa7?s=96&d=mm&r=g","contentUrl":"https:\/\/secure.gravatar.com\/avatar\/ac0321ee4a0a83e82a253e7b2d348ef539e2c8fe16d06b600bde04de1b364fa7?s=96&d=mm&r=g","caption":"Dpto Informatica MI Ayuntamiento de Caudete"},"url":"https:\/\/www.caudete.org\/ayuntamiento\/author\/informatica\/"}]}},"_links":{"self":[{"href":"https:\/\/www.caudete.org\/ayuntamiento\/wp-json\/wp\/v2\/posts\/26989","targetHints":{"allow":["GET"]}}],"collection":[{"href":"https:\/\/www.caudete.org\/ayuntamiento\/wp-json\/wp\/v2\/posts"}],"about":[{"href":"https:\/\/www.caudete.org\/ayuntamiento\/wp-json\/wp\/v2\/types\/post"}],"author":[{"embeddable":true,"href":"https:\/\/www.caudete.org\/ayuntamiento\/wp-json\/wp\/v2\/users\/5"}],"replies":[{"embeddable":true,"href":"https:\/\/www.caudete.org\/ayuntamiento\/wp-json\/wp\/v2\/comments?post=26989"}],"version-history":[{"count":1,"href":"https:\/\/www.caudete.org\/ayuntamiento\/wp-json\/wp\/v2\/posts\/26989\/revisions"}],"predecessor-version":[{"id":26992,"href":"https:\/\/www.caudete.org\/ayuntamiento\/wp-json\/wp\/v2\/posts\/26989\/revisions\/26992"}],"wp:featuredmedia":[{"embeddable":true,"href":"https:\/\/www.caudete.org\/ayuntamiento\/wp-json\/wp\/v2\/media\/26991"}],"wp:attachment":[{"href":"https:\/\/www.caudete.org\/ayuntamiento\/wp-json\/wp\/v2\/media?parent=26989"}],"wp:term":[{"taxonomy":"category","embeddable":true,"href":"https:\/\/www.caudete.org\/ayuntamiento\/wp-json\/wp\/v2\/categories?post=26989"},{"taxonomy":"post_tag","embeddable":true,"href":"https:\/\/www.caudete.org\/ayuntamiento\/wp-json\/wp\/v2\/tags?post=26989"}],"curies":[{"name":"wp","href":"https:\/\/api.w.org\/{rel}","templated":true}]}}