{"id":26993,"date":"2024-12-13T15:00:55","date_gmt":"2024-12-13T14:00:55","guid":{"rendered":"https:\/\/www.caudete.org\/ayuntamiento\/?p=26993"},"modified":"2024-12-30T13:13:53","modified_gmt":"2024-12-30T12:13:53","slug":"la-sala-joven-presenta-su-programa-de-actividades-para-este-mes-de-diciembre","status":"publish","type":"post","link":"https:\/\/www.caudete.org\/ayuntamiento\/la-sala-joven-presenta-su-programa-de-actividades-para-este-mes-de-diciembre\/","title":{"rendered":"La Sala Joven presenta su programa de actividades para este mes de Diciembre"},"content":{"rendered":"<p>La Concejal\u00eda de Juventud se complace en anunciar una divertida programaci\u00f3n de actividades para el mes de Diciembre en la Sala Joven, dise\u00f1ada especialmente para los j\u00f3venes y ni\u00f1os de nuestra localidad. Con el objetivo de fomentar la creatividad, el aprendizaje y la diversi\u00f3n, hemos preparado una serie de eventos que prometen ser inolvidables.<\/p>\n<p>Comenzaremos con la actividad <strong>\u201cJugando con la Realidad Virtual\u201d<\/strong>, que se llevar\u00e1 a cabo el 14 de diciembre a las 18:00 horas en la Sala joven , dirigida a j\u00f3venes a partir de 10 a\u00f1os.<\/p>\n<p>Esta actividad ofrece una oportunidad \u00fanica para sumergirse en el fascinante mundo de la realidad virtual, donde los participantes podr\u00e1n disfrutar\u00e1n de una variedad de juegos y experiencias interactivas. Es una excelente manera de explorar nuevas tecnolog\u00edas, fomentar la creatividad y, sobre todo, \u00a1divertirse!<\/p>\n<p>Continuaremos el s\u00e1bado 21 de diciembre con un <strong>Escape Room \u201cMagia y Hechicer\u00eda\u201d<\/strong> basado e inspirado en el universo de Harry Potter a partir de las 18:00 horas y para j\u00f3venes a partir de 10 a\u00f1os.<\/p>\n<p>Este emocionante juego de escape est\u00e1 dise\u00f1ado para desafiar a los participantes a resolver enigmas y acertijos en un entorno lleno de magia y hechicer\u00eda. Es una experiencia perfecta para grupos de amigos y amantes de la aventura que buscan una forma divertida de pasar la tarde.<\/p>\n<p>El domingo 22 de diciembre nos complace anunciar un evento especial para toda la familia: el <strong>Planteario<\/strong>, que se llevar\u00e1 a cabo en la La Sala (Ciudad deportiva) .<\/p>\n<p>Con diferentes pases horarios:<br \/>\n\u2022 10.00 a 11.00 h.<br \/>\n\u2022 11.00 a 12.00 h.<br \/>\n\u2022 12.00 a 13.00 h.<br \/>\n\u2022 13.00 a 14.00 h.<\/p>\n<p>\u2022 17.00 a 18.00 h.<br \/>\n\u2022 18.00 a 19.00 h.<br \/>\n\u2022 19.00 a 20.00 h.<\/p>\n<p>Acomp\u00e1\u00f1anos en un viaje a las estrellas con nuestra visita al planetario. Descubre los misterios del universo y aprende sobre constelaciones, planetas y fen\u00f3menos astron\u00f3micos en una experiencia educativa y fascinante.<\/p>\n<p>Estas tres actividades han sido organizadas por el grupo de desarrollo rural monte Ib\u00e9rico corredor de Almansa con la colaboraci\u00f3n de la Concejal\u00eda de Juventud a trav\u00e9s de la Sala Joven y financiado por el programa de desarrollo rural Leader Programa 2014 -2022.<\/p>\n<p>Para las vacaciones de Navidad los m\u00e1s peque\u00f1os podr\u00e1n disfrutar de talleres y juegos con \u201cNavidad Creativa\u201d actividad dirigida a ni\u00f1os de 1\u00ba de primaria a 5\u00ba de Primaria donde podr\u00e1n disfrutar de diversas manualidades navide\u00f1as y juegos populares.<\/p>\n<p>Se llevar\u00e1 a cabo en la Casa de Cultura y la Sala Joven los d\u00edas 26 y 27 de diciembre en horario matinal de 10:00 a 13:00 horas<\/p>\n<p>La Navidad es un momento perfecto para fomentar la creatividad y la colaboraci\u00f3n entre los ni\u00f1os, y estamos seguros de que se llevar\u00e1n a casa recuerdos inolvidables.<\/p>\n<p>Y finalizaremos con un cl\u00e1sico de la Navidad de la Sala Joven <strong>\u201c Taller de radio\u201d<\/strong><\/p>\n<p>Este taller ofrecer\u00e1 a los participantes la oportunidad de adentrarse en el fascinante mundo de la radio, aprendiendo sobre t\u00e9cnicas de locuci\u00f3n, producci\u00f3n de programas y c\u00f3mo crear contenido atractivo. Los j\u00f3venes podr\u00e1n experimentar con equipos de radio y desarrollar sus habilidades de comunicaci\u00f3n en un ambiente divertido y creativo.<\/p>\n<p>Los d\u00edas 16 y 17 diciembre se proyectar\u00e1n en el Auditorio Municipal los cortometrajes del ,Abycinitos y Mi primer Abycine organizado por las Concejal\u00edas de Cultura y Juventud del Ayuntamiento de Caudete y el patrocinio de la Diputaci\u00f3n Provincial de Albacete.<\/p>\n<p>Est\u00e1 actividad est\u00e1 concertada con los centros escolares.<\/p>\n<p>Todos las actividades son gratuitas, pero se requiere inscripci\u00f3n previa debido a la limitaci\u00f3n de plazas.<\/p>\n<p>Para inscribirte, p\u00e1sate por la Sala Joven en horario:<br \/>\n\u2022 De 09:00 a 14:00 h.<br \/>\n\u2022 De 17:00 a 20.30 horas de lunes a viernes.<br \/>\n\u2022 S\u00e1bados y Domingos de 17:00 a 21:00 horas<\/p>\n<p><a href=\"https:\/\/www.caudete.org\/ayuntamiento\/wp-content\/uploads\/2024\/12\/Actividades-Sala-Joven-1.jpg\" rel='prettyPhoto'><img fetchpriority=\"high\" decoding=\"async\" class=\"alignnone size-full wp-image-26994\" src=\"https:\/\/www.caudete.org\/ayuntamiento\/wp-content\/uploads\/2024\/12\/Actividades-Sala-Joven-1.jpg\" alt=\"\" width=\"1000\" height=\"707\" srcset=\"https:\/\/www.caudete.org\/ayuntamiento\/wp-content\/uploads\/2024\/12\/Actividades-Sala-Joven-1.jpg 1000w, https:\/\/www.caudete.org\/ayuntamiento\/wp-content\/uploads\/2024\/12\/Actividades-Sala-Joven-1-300x212.jpg 300w, https:\/\/www.caudete.org\/ayuntamiento\/wp-content\/uploads\/2024\/12\/Actividades-Sala-Joven-1-768x543.jpg 768w\" sizes=\"(max-width: 1000px) 100vw, 1000px\" \/><\/a><\/p>\n","protected":false},"excerpt":{"rendered":"<p>La Concejal\u00eda de Juventud se complace en anunciar una divertida programaci\u00f3n de actividades para el mes de Diciembre en la Sala Joven, dise\u00f1ada especialmente para los j\u00f3venes y ni\u00f1os de nuestra localidad. Con el objetivo de fomentar la creatividad, el aprendizaje y la diversi\u00f3n, hemos preparado una serie de eventos que prometen ser inolvidables. Comenzaremos &hellip;<\/p>\n","protected":false},"author":5,"featured_media":25393,"comment_status":"closed","ping_status":"open","sticky":false,"template":"","format":"standard","meta":{"ngg_post_thumbnail":0,"footnotes":""},"categories":[121],"tags":[],"class_list":["post-26993","post","type-post","status-publish","format-standard","has-post-thumbnail","hentry","category-juventud-2"],"yoast_head":"<!-- This site is optimized with the Yoast SEO plugin v27.5 - https:\/\/yoast.com\/product\/yoast-seo-wordpress\/ -->\n<title>La Sala Joven presenta su programa de actividades para este mes de Diciembre - MI Ayuntamiento de Caudete<\/title>\n<meta name=\"description\" content=\"P\u00e1gina Oficial del Ayuntamiento de Caudete (Albacete)\" \/>\n<meta name=\"robots\" content=\"index, follow, max-snippet:-1, max-image-preview:large, max-video-preview:-1\" \/>\n<link rel=\"canonical\" href=\"https:\/\/www.caudete.org\/ayuntamiento\/la-sala-joven-presenta-su-programa-de-actividades-para-este-mes-de-diciembre\/\" \/>\n<meta property=\"og:locale\" content=\"es_ES\" \/>\n<meta property=\"og:type\" content=\"article\" \/>\n<meta property=\"og:title\" content=\"La Sala Joven presenta su programa de actividades para este mes de Diciembre - MI Ayuntamiento de Caudete\" \/>\n<meta property=\"og:description\" content=\"P\u00e1gina Oficial del Ayuntamiento de Caudete (Albacete)\" \/>\n<meta property=\"og:url\" content=\"https:\/\/www.caudete.org\/ayuntamiento\/la-sala-joven-presenta-su-programa-de-actividades-para-este-mes-de-diciembre\/\" \/>\n<meta property=\"og:site_name\" content=\"MI Ayuntamiento de Caudete\" \/>\n<meta property=\"article:publisher\" content=\"https:\/\/www.facebook.com\/ayuntamientocaudete\/\" \/>\n<meta property=\"article:published_time\" content=\"2024-12-13T14:00:55+00:00\" \/>\n<meta property=\"article:modified_time\" content=\"2024-12-30T12:13:53+00:00\" \/>\n<meta property=\"og:image\" content=\"https:\/\/www.caudete.org\/ayuntamiento\/wp-content\/uploads\/2024\/06\/Logotipo-Sala-Joven_Mesa-de-trabajo-1-copia-13.jpg\" \/>\n\t<meta property=\"og:image:width\" content=\"1755\" \/>\n\t<meta property=\"og:image:height\" content=\"1242\" \/>\n\t<meta property=\"og:image:type\" content=\"image\/jpeg\" \/>\n<meta name=\"author\" content=\"Dpto Informatica MI Ayuntamiento de Caudete\" \/>\n<meta name=\"twitter:card\" content=\"summary_large_image\" \/>\n<meta name=\"twitter:label1\" content=\"Escrito por\" \/>\n\t<meta name=\"twitter:data1\" content=\"Dpto Informatica MI Ayuntamiento de Caudete\" \/>\n\t<meta name=\"twitter:label2\" content=\"Tiempo de lectura\" \/>\n\t<meta name=\"twitter:data2\" content=\"4 minutos\" \/>\n<script type=\"application\/ld+json\" class=\"yoast-schema-graph\">{\"@context\":\"https:\\\/\\\/schema.org\",\"@graph\":[{\"@type\":\"Article\",\"@id\":\"https:\\\/\\\/www.caudete.org\\\/ayuntamiento\\\/la-sala-joven-presenta-su-programa-de-actividades-para-este-mes-de-diciembre\\\/#article\",\"isPartOf\":{\"@id\":\"https:\\\/\\\/www.caudete.org\\\/ayuntamiento\\\/la-sala-joven-presenta-su-programa-de-actividades-para-este-mes-de-diciembre\\\/\"},\"author\":{\"name\":\"Dpto Informatica MI Ayuntamiento de Caudete\",\"@id\":\"https:\\\/\\\/www.caudete.org\\\/ayuntamiento\\\/#\\\/schema\\\/person\\\/4b9eab41761957db9b1bf9c418d1ef46\"},\"headline\":\"La Sala Joven presenta su programa de actividades para este mes de Diciembre\",\"datePublished\":\"2024-12-13T14:00:55+00:00\",\"dateModified\":\"2024-12-30T12:13:53+00:00\",\"mainEntityOfPage\":{\"@id\":\"https:\\\/\\\/www.caudete.org\\\/ayuntamiento\\\/la-sala-joven-presenta-su-programa-de-actividades-para-este-mes-de-diciembre\\\/\"},\"wordCount\":631,\"publisher\":{\"@id\":\"https:\\\/\\\/www.caudete.org\\\/ayuntamiento\\\/#organization\"},\"image\":{\"@id\":\"https:\\\/\\\/www.caudete.org\\\/ayuntamiento\\\/la-sala-joven-presenta-su-programa-de-actividades-para-este-mes-de-diciembre\\\/#primaryimage\"},\"thumbnailUrl\":\"https:\\\/\\\/www.caudete.org\\\/ayuntamiento\\\/wp-content\\\/uploads\\\/2024\\\/06\\\/Logotipo-Sala-Joven_Mesa-de-trabajo-1-copia-13.jpg\",\"articleSection\":[\"Juventud\"],\"inLanguage\":\"es\"},{\"@type\":\"WebPage\",\"@id\":\"https:\\\/\\\/www.caudete.org\\\/ayuntamiento\\\/la-sala-joven-presenta-su-programa-de-actividades-para-este-mes-de-diciembre\\\/\",\"url\":\"https:\\\/\\\/www.caudete.org\\\/ayuntamiento\\\/la-sala-joven-presenta-su-programa-de-actividades-para-este-mes-de-diciembre\\\/\",\"name\":\"La Sala Joven presenta su programa de actividades para este mes de Diciembre - MI Ayuntamiento de Caudete\",\"isPartOf\":{\"@id\":\"https:\\\/\\\/www.caudete.org\\\/ayuntamiento\\\/#website\"},\"primaryImageOfPage\":{\"@id\":\"https:\\\/\\\/www.caudete.org\\\/ayuntamiento\\\/la-sala-joven-presenta-su-programa-de-actividades-para-este-mes-de-diciembre\\\/#primaryimage\"},\"image\":{\"@id\":\"https:\\\/\\\/www.caudete.org\\\/ayuntamiento\\\/la-sala-joven-presenta-su-programa-de-actividades-para-este-mes-de-diciembre\\\/#primaryimage\"},\"thumbnailUrl\":\"https:\\\/\\\/www.caudete.org\\\/ayuntamiento\\\/wp-content\\\/uploads\\\/2024\\\/06\\\/Logotipo-Sala-Joven_Mesa-de-trabajo-1-copia-13.jpg\",\"datePublished\":\"2024-12-13T14:00:55+00:00\",\"dateModified\":\"2024-12-30T12:13:53+00:00\",\"description\":\"P\u00e1gina Oficial del Ayuntamiento de Caudete (Albacete)\",\"breadcrumb\":{\"@id\":\"https:\\\/\\\/www.caudete.org\\\/ayuntamiento\\\/la-sala-joven-presenta-su-programa-de-actividades-para-este-mes-de-diciembre\\\/#breadcrumb\"},\"inLanguage\":\"es\",\"potentialAction\":[{\"@type\":\"ReadAction\",\"target\":[\"https:\\\/\\\/www.caudete.org\\\/ayuntamiento\\\/la-sala-joven-presenta-su-programa-de-actividades-para-este-mes-de-diciembre\\\/\"]}]},{\"@type\":\"ImageObject\",\"inLanguage\":\"es\",\"@id\":\"https:\\\/\\\/www.caudete.org\\\/ayuntamiento\\\/la-sala-joven-presenta-su-programa-de-actividades-para-este-mes-de-diciembre\\\/#primaryimage\",\"url\":\"https:\\\/\\\/www.caudete.org\\\/ayuntamiento\\\/wp-content\\\/uploads\\\/2024\\\/06\\\/Logotipo-Sala-Joven_Mesa-de-trabajo-1-copia-13.jpg\",\"contentUrl\":\"https:\\\/\\\/www.caudete.org\\\/ayuntamiento\\\/wp-content\\\/uploads\\\/2024\\\/06\\\/Logotipo-Sala-Joven_Mesa-de-trabajo-1-copia-13.jpg\",\"width\":1755,\"height\":1242},{\"@type\":\"BreadcrumbList\",\"@id\":\"https:\\\/\\\/www.caudete.org\\\/ayuntamiento\\\/la-sala-joven-presenta-su-programa-de-actividades-para-este-mes-de-diciembre\\\/#breadcrumb\",\"itemListElement\":[{\"@type\":\"ListItem\",\"position\":1,\"name\":\"Inicio\",\"item\":\"https:\\\/\\\/www.caudete.org\\\/ayuntamiento\\\/\"},{\"@type\":\"ListItem\",\"position\":2,\"name\":\"La Sala Joven presenta su programa de actividades para este mes de Diciembre\"}]},{\"@type\":\"WebSite\",\"@id\":\"https:\\\/\\\/www.caudete.org\\\/ayuntamiento\\\/#website\",\"url\":\"https:\\\/\\\/www.caudete.org\\\/ayuntamiento\\\/\",\"name\":\"MI Ayuntamiento de Caudete\",\"description\":\"P\u00e1gina Oficial del MI Ayuntamiento de Caudete\",\"publisher\":{\"@id\":\"https:\\\/\\\/www.caudete.org\\\/ayuntamiento\\\/#organization\"},\"potentialAction\":[{\"@type\":\"SearchAction\",\"target\":{\"@type\":\"EntryPoint\",\"urlTemplate\":\"https:\\\/\\\/www.caudete.org\\\/ayuntamiento\\\/?s={search_term_string}\"},\"query-input\":{\"@type\":\"PropertyValueSpecification\",\"valueRequired\":true,\"valueName\":\"search_term_string\"}}],\"inLanguage\":\"es\"},{\"@type\":\"Organization\",\"@id\":\"https:\\\/\\\/www.caudete.org\\\/ayuntamiento\\\/#organization\",\"name\":\"Ayuntamiento de Caudete\",\"url\":\"https:\\\/\\\/www.caudete.org\\\/ayuntamiento\\\/\",\"logo\":{\"@type\":\"ImageObject\",\"inLanguage\":\"es\",\"@id\":\"https:\\\/\\\/www.caudete.org\\\/ayuntamiento\\\/#\\\/schema\\\/logo\\\/image\\\/\",\"url\":\"https:\\\/\\\/www.caudete.org\\\/ayuntamiento\\\/wp-content\\\/uploads\\\/2020\\\/11\\\/logo_ayuntamiento_caudete.jpg\",\"contentUrl\":\"https:\\\/\\\/www.caudete.org\\\/ayuntamiento\\\/wp-content\\\/uploads\\\/2020\\\/11\\\/logo_ayuntamiento_caudete.jpg\",\"width\":600,\"height\":150,\"caption\":\"Ayuntamiento de Caudete\"},\"image\":{\"@id\":\"https:\\\/\\\/www.caudete.org\\\/ayuntamiento\\\/#\\\/schema\\\/logo\\\/image\\\/\"},\"sameAs\":[\"https:\\\/\\\/www.facebook.com\\\/ayuntamientocaudete\\\/\",\"https:\\\/\\\/www.youtube.com\\\/channel\\\/UC6VztHaooNsGpw-tNoBEFnQ\"]},{\"@type\":\"Person\",\"@id\":\"https:\\\/\\\/www.caudete.org\\\/ayuntamiento\\\/#\\\/schema\\\/person\\\/4b9eab41761957db9b1bf9c418d1ef46\",\"name\":\"Dpto Informatica MI Ayuntamiento de Caudete\",\"image\":{\"@type\":\"ImageObject\",\"inLanguage\":\"es\",\"@id\":\"https:\\\/\\\/secure.gravatar.com\\\/avatar\\\/ac0321ee4a0a83e82a253e7b2d348ef539e2c8fe16d06b600bde04de1b364fa7?s=96&d=mm&r=g\",\"url\":\"https:\\\/\\\/secure.gravatar.com\\\/avatar\\\/ac0321ee4a0a83e82a253e7b2d348ef539e2c8fe16d06b600bde04de1b364fa7?s=96&d=mm&r=g\",\"contentUrl\":\"https:\\\/\\\/secure.gravatar.com\\\/avatar\\\/ac0321ee4a0a83e82a253e7b2d348ef539e2c8fe16d06b600bde04de1b364fa7?s=96&d=mm&r=g\",\"caption\":\"Dpto Informatica MI Ayuntamiento de Caudete\"},\"url\":\"https:\\\/\\\/www.caudete.org\\\/ayuntamiento\\\/author\\\/informatica\\\/\"}]}<\/script>\n<!-- \/ Yoast SEO plugin. -->","yoast_head_json":{"title":"La Sala Joven presenta su programa de actividades para este mes de Diciembre - MI Ayuntamiento de Caudete","description":"P\u00e1gina Oficial del Ayuntamiento de Caudete (Albacete)","robots":{"index":"index","follow":"follow","max-snippet":"max-snippet:-1","max-image-preview":"max-image-preview:large","max-video-preview":"max-video-preview:-1"},"canonical":"https:\/\/www.caudete.org\/ayuntamiento\/la-sala-joven-presenta-su-programa-de-actividades-para-este-mes-de-diciembre\/","og_locale":"es_ES","og_type":"article","og_title":"La Sala Joven presenta su programa de actividades para este mes de Diciembre - MI Ayuntamiento de Caudete","og_description":"P\u00e1gina Oficial del Ayuntamiento de Caudete (Albacete)","og_url":"https:\/\/www.caudete.org\/ayuntamiento\/la-sala-joven-presenta-su-programa-de-actividades-para-este-mes-de-diciembre\/","og_site_name":"MI Ayuntamiento de Caudete","article_publisher":"https:\/\/www.facebook.com\/ayuntamientocaudete\/","article_published_time":"2024-12-13T14:00:55+00:00","article_modified_time":"2024-12-30T12:13:53+00:00","og_image":[{"width":1755,"height":1242,"url":"https:\/\/www.caudete.org\/ayuntamiento\/wp-content\/uploads\/2024\/06\/Logotipo-Sala-Joven_Mesa-de-trabajo-1-copia-13.jpg","type":"image\/jpeg"}],"author":"Dpto Informatica MI Ayuntamiento de Caudete","twitter_card":"summary_large_image","twitter_misc":{"Escrito por":"Dpto Informatica MI Ayuntamiento de Caudete","Tiempo de lectura":"4 minutos"},"schema":{"@context":"https:\/\/schema.org","@graph":[{"@type":"Article","@id":"https:\/\/www.caudete.org\/ayuntamiento\/la-sala-joven-presenta-su-programa-de-actividades-para-este-mes-de-diciembre\/#article","isPartOf":{"@id":"https:\/\/www.caudete.org\/ayuntamiento\/la-sala-joven-presenta-su-programa-de-actividades-para-este-mes-de-diciembre\/"},"author":{"name":"Dpto Informatica MI Ayuntamiento de Caudete","@id":"https:\/\/www.caudete.org\/ayuntamiento\/#\/schema\/person\/4b9eab41761957db9b1bf9c418d1ef46"},"headline":"La Sala Joven presenta su programa de actividades para este mes de Diciembre","datePublished":"2024-12-13T14:00:55+00:00","dateModified":"2024-12-30T12:13:53+00:00","mainEntityOfPage":{"@id":"https:\/\/www.caudete.org\/ayuntamiento\/la-sala-joven-presenta-su-programa-de-actividades-para-este-mes-de-diciembre\/"},"wordCount":631,"publisher":{"@id":"https:\/\/www.caudete.org\/ayuntamiento\/#organization"},"image":{"@id":"https:\/\/www.caudete.org\/ayuntamiento\/la-sala-joven-presenta-su-programa-de-actividades-para-este-mes-de-diciembre\/#primaryimage"},"thumbnailUrl":"https:\/\/www.caudete.org\/ayuntamiento\/wp-content\/uploads\/2024\/06\/Logotipo-Sala-Joven_Mesa-de-trabajo-1-copia-13.jpg","articleSection":["Juventud"],"inLanguage":"es"},{"@type":"WebPage","@id":"https:\/\/www.caudete.org\/ayuntamiento\/la-sala-joven-presenta-su-programa-de-actividades-para-este-mes-de-diciembre\/","url":"https:\/\/www.caudete.org\/ayuntamiento\/la-sala-joven-presenta-su-programa-de-actividades-para-este-mes-de-diciembre\/","name":"La Sala Joven presenta su programa de actividades para este mes de Diciembre - MI Ayuntamiento de Caudete","isPartOf":{"@id":"https:\/\/www.caudete.org\/ayuntamiento\/#website"},"primaryImageOfPage":{"@id":"https:\/\/www.caudete.org\/ayuntamiento\/la-sala-joven-presenta-su-programa-de-actividades-para-este-mes-de-diciembre\/#primaryimage"},"image":{"@id":"https:\/\/www.caudete.org\/ayuntamiento\/la-sala-joven-presenta-su-programa-de-actividades-para-este-mes-de-diciembre\/#primaryimage"},"thumbnailUrl":"https:\/\/www.caudete.org\/ayuntamiento\/wp-content\/uploads\/2024\/06\/Logotipo-Sala-Joven_Mesa-de-trabajo-1-copia-13.jpg","datePublished":"2024-12-13T14:00:55+00:00","dateModified":"2024-12-30T12:13:53+00:00","description":"P\u00e1gina Oficial del Ayuntamiento de Caudete (Albacete)","breadcrumb":{"@id":"https:\/\/www.caudete.org\/ayuntamiento\/la-sala-joven-presenta-su-programa-de-actividades-para-este-mes-de-diciembre\/#breadcrumb"},"inLanguage":"es","potentialAction":[{"@type":"ReadAction","target":["https:\/\/www.caudete.org\/ayuntamiento\/la-sala-joven-presenta-su-programa-de-actividades-para-este-mes-de-diciembre\/"]}]},{"@type":"ImageObject","inLanguage":"es","@id":"https:\/\/www.caudete.org\/ayuntamiento\/la-sala-joven-presenta-su-programa-de-actividades-para-este-mes-de-diciembre\/#primaryimage","url":"https:\/\/www.caudete.org\/ayuntamiento\/wp-content\/uploads\/2024\/06\/Logotipo-Sala-Joven_Mesa-de-trabajo-1-copia-13.jpg","contentUrl":"https:\/\/www.caudete.org\/ayuntamiento\/wp-content\/uploads\/2024\/06\/Logotipo-Sala-Joven_Mesa-de-trabajo-1-copia-13.jpg","width":1755,"height":1242},{"@type":"BreadcrumbList","@id":"https:\/\/www.caudete.org\/ayuntamiento\/la-sala-joven-presenta-su-programa-de-actividades-para-este-mes-de-diciembre\/#breadcrumb","itemListElement":[{"@type":"ListItem","position":1,"name":"Inicio","item":"https:\/\/www.caudete.org\/ayuntamiento\/"},{"@type":"ListItem","position":2,"name":"La Sala Joven presenta su programa de actividades para este mes de Diciembre"}]},{"@type":"WebSite","@id":"https:\/\/www.caudete.org\/ayuntamiento\/#website","url":"https:\/\/www.caudete.org\/ayuntamiento\/","name":"MI Ayuntamiento de Caudete","description":"P\u00e1gina Oficial del MI Ayuntamiento de Caudete","publisher":{"@id":"https:\/\/www.caudete.org\/ayuntamiento\/#organization"},"potentialAction":[{"@type":"SearchAction","target":{"@type":"EntryPoint","urlTemplate":"https:\/\/www.caudete.org\/ayuntamiento\/?s={search_term_string}"},"query-input":{"@type":"PropertyValueSpecification","valueRequired":true,"valueName":"search_term_string"}}],"inLanguage":"es"},{"@type":"Organization","@id":"https:\/\/www.caudete.org\/ayuntamiento\/#organization","name":"Ayuntamiento de Caudete","url":"https:\/\/www.caudete.org\/ayuntamiento\/","logo":{"@type":"ImageObject","inLanguage":"es","@id":"https:\/\/www.caudete.org\/ayuntamiento\/#\/schema\/logo\/image\/","url":"https:\/\/www.caudete.org\/ayuntamiento\/wp-content\/uploads\/2020\/11\/logo_ayuntamiento_caudete.jpg","contentUrl":"https:\/\/www.caudete.org\/ayuntamiento\/wp-content\/uploads\/2020\/11\/logo_ayuntamiento_caudete.jpg","width":600,"height":150,"caption":"Ayuntamiento de Caudete"},"image":{"@id":"https:\/\/www.caudete.org\/ayuntamiento\/#\/schema\/logo\/image\/"},"sameAs":["https:\/\/www.facebook.com\/ayuntamientocaudete\/","https:\/\/www.youtube.com\/channel\/UC6VztHaooNsGpw-tNoBEFnQ"]},{"@type":"Person","@id":"https:\/\/www.caudete.org\/ayuntamiento\/#\/schema\/person\/4b9eab41761957db9b1bf9c418d1ef46","name":"Dpto Informatica MI Ayuntamiento de Caudete","image":{"@type":"ImageObject","inLanguage":"es","@id":"https:\/\/secure.gravatar.com\/avatar\/ac0321ee4a0a83e82a253e7b2d348ef539e2c8fe16d06b600bde04de1b364fa7?s=96&d=mm&r=g","url":"https:\/\/secure.gravatar.com\/avatar\/ac0321ee4a0a83e82a253e7b2d348ef539e2c8fe16d06b600bde04de1b364fa7?s=96&d=mm&r=g","contentUrl":"https:\/\/secure.gravatar.com\/avatar\/ac0321ee4a0a83e82a253e7b2d348ef539e2c8fe16d06b600bde04de1b364fa7?s=96&d=mm&r=g","caption":"Dpto Informatica MI Ayuntamiento de Caudete"},"url":"https:\/\/www.caudete.org\/ayuntamiento\/author\/informatica\/"}]}},"_links":{"self":[{"href":"https:\/\/www.caudete.org\/ayuntamiento\/wp-json\/wp\/v2\/posts\/26993","targetHints":{"allow":["GET"]}}],"collection":[{"href":"https:\/\/www.caudete.org\/ayuntamiento\/wp-json\/wp\/v2\/posts"}],"about":[{"href":"https:\/\/www.caudete.org\/ayuntamiento\/wp-json\/wp\/v2\/types\/post"}],"author":[{"embeddable":true,"href":"https:\/\/www.caudete.org\/ayuntamiento\/wp-json\/wp\/v2\/users\/5"}],"replies":[{"embeddable":true,"href":"https:\/\/www.caudete.org\/ayuntamiento\/wp-json\/wp\/v2\/comments?post=26993"}],"version-history":[{"count":3,"href":"https:\/\/www.caudete.org\/ayuntamiento\/wp-json\/wp\/v2\/posts\/26993\/revisions"}],"predecessor-version":[{"id":26997,"href":"https:\/\/www.caudete.org\/ayuntamiento\/wp-json\/wp\/v2\/posts\/26993\/revisions\/26997"}],"wp:featuredmedia":[{"embeddable":true,"href":"https:\/\/www.caudete.org\/ayuntamiento\/wp-json\/wp\/v2\/media\/25393"}],"wp:attachment":[{"href":"https:\/\/www.caudete.org\/ayuntamiento\/wp-json\/wp\/v2\/media?parent=26993"}],"wp:term":[{"taxonomy":"category","embeddable":true,"href":"https:\/\/www.caudete.org\/ayuntamiento\/wp-json\/wp\/v2\/categories?post=26993"},{"taxonomy":"post_tag","embeddable":true,"href":"https:\/\/www.caudete.org\/ayuntamiento\/wp-json\/wp\/v2\/tags?post=26993"}],"curies":[{"name":"wp","href":"https:\/\/api.w.org\/{rel}","templated":true}]}}