{"id":27053,"date":"2024-12-20T13:42:19","date_gmt":"2024-12-20T12:42:19","guid":{"rendered":"https:\/\/www.caudete.org\/ayuntamiento\/?p=27053"},"modified":"2024-12-20T14:19:20","modified_gmt":"2024-12-20T13:19:20","slug":"edm-de-atletismo-de-caudete-brillan-en-el-campeonato-regional-de-campo-a-traves-y-en-el-campeonato-de-espana-sub16","status":"publish","type":"post","link":"https:\/\/www.caudete.org\/ayuntamiento\/edm-de-atletismo-de-caudete-brillan-en-el-campeonato-regional-de-campo-a-traves-y-en-el-campeonato-de-espana-sub16\/","title":{"rendered":"EDM de Atletismo de Caudete Brillan en el Campeonato Regional de Campo a Trav\u00e9s y en el Campeonato de Espa\u00f1a Sub16"},"content":{"rendered":"<p>Las Escuelas Deportivas Municipales de Atletismo de Caudete han cosechado importantes \u00e9xitos este fin de semana pasado, tanto en el <strong>Campeonato Regional<\/strong> escolar de campo a trav\u00e9s celebrado en Campo de Criptana (Ciudad Real), como en el <strong>Campeonato de Espa\u00f1a<\/strong> Sub16 por equipos de pista cubierta en Zaragoza.<\/p>\n<p>Seg\u00fan informa la Concejal de Deportes, Pilar Egea, dieciocho j\u00f3venes atletas de las EDM Caudete participaron en el Campeonato Regional de campo a trav\u00e9s, logrando las siguientes destacadas posiciones, tanto a nivel individual como por equipos.<\/p>\n<p><strong>\u2022 Doble medalla de bronce en la categor\u00eda Sub14 femenina;<\/strong> Mar\u00eda Franc\u00e9s se alz\u00f3 con la medalla de bronce en la categor\u00eda individual Sub14 femenina. Adem\u00e1s, el equipo Sub14 femenino, compuesto por Mar\u00eda Franc\u00e9s, Gema Franc\u00e9s, Aya Tajoui y Denisse Vila, tambi\u00e9n obtuvo un meritorio tercer puesto.<\/p>\n<p><strong>\u2022 Destacadas actuaciones por equipos:<\/strong> Los equipos Sub14 masculino (formado por Tom\u00e1s Palau, Miguel Azor\u00edn, Antonio Azor\u00edn y Pablo Mart\u00ednez) y Sub18 masculino (integrado por Roberto Gil, Julio Albertos, Gonzalo Azor\u00edn y Pablo Franc\u00e9s) lograron ambos un nada desde\u00f1able quinto puesto final.<\/p>\n<p><strong>Brillante participaci\u00f3n en el Campeonato de Espa\u00f1a Sub16:<\/strong><br \/>\nEl mismo s\u00e1bado 14 de diciembre, la atleta de las EDM Caudete, Cristina Asensio, compiti\u00f3 en el Campeonato de Espa\u00f1a Sub16 por equipos de pista cubierta en Zaragoza, representando al Club de Atletismo Albacete. Cristina consigui\u00f3 la cuarta posici\u00f3n en la prueba de <strong>300 metros lisos<\/strong> y un merecido sexto puesto con el equipo de <strong>relevos 4&#215;300<\/strong>.<\/p>\n<p>Gracias a estas destacadas actuaciones, el equipo del Club de Atletismo Albacete se posicion\u00f3 como el sexto mejor equipo de Espa\u00f1a.<\/p>\n<p>Estos resultados demuestran el excelente trabajo que se est\u00e1 realizando en las Escuelas Deportivas Municipales de Atletismo de Caudete, formando a j\u00f3venes atletas con gran talento y dedicaci\u00f3n. La Concejal de Deportes, Pilar Egea, ha felicitado a todos los atletas y entrenadores por estos importantes logros.<\/p>\n<p><a href=\"https:\/\/www.caudete.org\/ayuntamiento\/wp-content\/uploads\/2024\/12\/1000137314.jpg\" rel='prettyPhoto'><img fetchpriority=\"high\" decoding=\"async\" class=\"size-full wp-image-27054\" src=\"https:\/\/www.caudete.org\/ayuntamiento\/wp-content\/uploads\/2024\/12\/1000137314.jpg\" alt=\"\" width=\"1000\" height=\"750\" srcset=\"https:\/\/www.caudete.org\/ayuntamiento\/wp-content\/uploads\/2024\/12\/1000137314.jpg 1000w, https:\/\/www.caudete.org\/ayuntamiento\/wp-content\/uploads\/2024\/12\/1000137314-300x225.jpg 300w, https:\/\/www.caudete.org\/ayuntamiento\/wp-content\/uploads\/2024\/12\/1000137314-768x576.jpg 768w\" sizes=\"(max-width: 1000px) 100vw, 1000px\" \/><\/a><\/p>\n<p><a href=\"https:\/\/www.caudete.org\/ayuntamiento\/wp-content\/uploads\/2024\/12\/1000137364.jpg\" rel='prettyPhoto'><img decoding=\"async\" class=\"alignnone size-full wp-image-27055\" src=\"https:\/\/www.caudete.org\/ayuntamiento\/wp-content\/uploads\/2024\/12\/1000137364.jpg\" alt=\"\" width=\"750\" height=\"1000\" srcset=\"https:\/\/www.caudete.org\/ayuntamiento\/wp-content\/uploads\/2024\/12\/1000137364.jpg 750w, https:\/\/www.caudete.org\/ayuntamiento\/wp-content\/uploads\/2024\/12\/1000137364-225x300.jpg 225w\" sizes=\"(max-width: 750px) 100vw, 750px\" \/><\/a>\u00a0 <a href=\"https:\/\/www.caudete.org\/ayuntamiento\/wp-content\/uploads\/2024\/12\/IMG-20241020-WA0056.jpg\" rel='prettyPhoto'><img decoding=\"async\" class=\"alignnone size-full wp-image-27057\" src=\"https:\/\/www.caudete.org\/ayuntamiento\/wp-content\/uploads\/2024\/12\/IMG-20241020-WA0056.jpg\" alt=\"\" width=\"936\" height=\"1000\" srcset=\"https:\/\/www.caudete.org\/ayuntamiento\/wp-content\/uploads\/2024\/12\/IMG-20241020-WA0056.jpg 936w, https:\/\/www.caudete.org\/ayuntamiento\/wp-content\/uploads\/2024\/12\/IMG-20241020-WA0056-281x300.jpg 281w, https:\/\/www.caudete.org\/ayuntamiento\/wp-content\/uploads\/2024\/12\/IMG-20241020-WA0056-768x821.jpg 768w\" sizes=\"(max-width: 936px) 100vw, 936px\" \/><\/a> <a href=\"https:\/\/www.caudete.org\/ayuntamiento\/wp-content\/uploads\/2024\/12\/IMG-20241214-WA0017.jpg\" rel='prettyPhoto'><img loading=\"lazy\" decoding=\"async\" class=\"alignnone size-full wp-image-27058\" src=\"https:\/\/www.caudete.org\/ayuntamiento\/wp-content\/uploads\/2024\/12\/IMG-20241214-WA0017.jpg\" alt=\"\" width=\"750\" height=\"1000\" srcset=\"https:\/\/www.caudete.org\/ayuntamiento\/wp-content\/uploads\/2024\/12\/IMG-20241214-WA0017.jpg 750w, https:\/\/www.caudete.org\/ayuntamiento\/wp-content\/uploads\/2024\/12\/IMG-20241214-WA0017-225x300.jpg 225w\" sizes=\"(max-width: 750px) 100vw, 750px\" \/><\/a><\/p>\n","protected":false},"excerpt":{"rendered":"<p>Las Escuelas Deportivas Municipales de Atletismo de Caudete han cosechado importantes \u00e9xitos este fin de semana pasado, tanto en el Campeonato Regional escolar de campo a trav\u00e9s celebrado en Campo de Criptana (Ciudad Real), como en el Campeonato de Espa\u00f1a Sub16 por equipos de pista cubierta en Zaragoza. Seg\u00fan informa la Concejal de Deportes, Pilar &hellip;<\/p>\n","protected":false},"author":5,"featured_media":27056,"comment_status":"closed","ping_status":"open","sticky":false,"template":"","format":"standard","meta":{"ngg_post_thumbnail":0,"footnotes":""},"categories":[23],"tags":[],"class_list":["post-27053","post","type-post","status-publish","format-standard","has-post-thumbnail","hentry","category-deportes"],"yoast_head":"<!-- This site is optimized with the Yoast SEO plugin v27.5 - https:\/\/yoast.com\/product\/yoast-seo-wordpress\/ -->\n<title>EDM de Atletismo de Caudete Brillan en el Campeonato Regional de Campo a Trav\u00e9s y en el Campeonato de Espa\u00f1a Sub16 - MI Ayuntamiento de Caudete<\/title>\n<meta name=\"description\" content=\"P\u00e1gina Oficial del Ayuntamiento de Caudete (Albacete)\" \/>\n<meta name=\"robots\" content=\"index, follow, max-snippet:-1, max-image-preview:large, max-video-preview:-1\" \/>\n<link rel=\"canonical\" href=\"https:\/\/www.caudete.org\/ayuntamiento\/edm-de-atletismo-de-caudete-brillan-en-el-campeonato-regional-de-campo-a-traves-y-en-el-campeonato-de-espana-sub16\/\" \/>\n<meta property=\"og:locale\" content=\"es_ES\" \/>\n<meta property=\"og:type\" content=\"article\" \/>\n<meta property=\"og:title\" content=\"EDM de Atletismo de Caudete Brillan en el Campeonato Regional de Campo a Trav\u00e9s y en el Campeonato de Espa\u00f1a Sub16 - MI Ayuntamiento de Caudete\" \/>\n<meta property=\"og:description\" content=\"P\u00e1gina Oficial del Ayuntamiento de Caudete (Albacete)\" \/>\n<meta property=\"og:url\" content=\"https:\/\/www.caudete.org\/ayuntamiento\/edm-de-atletismo-de-caudete-brillan-en-el-campeonato-regional-de-campo-a-traves-y-en-el-campeonato-de-espana-sub16\/\" \/>\n<meta property=\"og:site_name\" content=\"MI Ayuntamiento de Caudete\" \/>\n<meta property=\"article:publisher\" content=\"https:\/\/www.facebook.com\/ayuntamientocaudete\/\" \/>\n<meta property=\"article:published_time\" content=\"2024-12-20T12:42:19+00:00\" \/>\n<meta property=\"article:modified_time\" content=\"2024-12-20T13:19:20+00:00\" \/>\n<meta property=\"og:image\" content=\"https:\/\/www.caudete.org\/ayuntamiento\/wp-content\/uploads\/2024\/12\/1000137679.jpg\" \/>\n\t<meta property=\"og:image:width\" content=\"1000\" \/>\n\t<meta property=\"og:image:height\" content=\"680\" \/>\n\t<meta property=\"og:image:type\" content=\"image\/jpeg\" \/>\n<meta name=\"author\" content=\"Dpto Informatica MI Ayuntamiento de Caudete\" \/>\n<meta name=\"twitter:card\" content=\"summary_large_image\" \/>\n<meta name=\"twitter:label1\" content=\"Escrito por\" \/>\n\t<meta name=\"twitter:data1\" content=\"Dpto Informatica MI Ayuntamiento de Caudete\" \/>\n\t<meta name=\"twitter:label2\" content=\"Tiempo de lectura\" \/>\n\t<meta name=\"twitter:data2\" content=\"3 minutos\" \/>\n<script type=\"application\/ld+json\" class=\"yoast-schema-graph\">{\"@context\":\"https:\\\/\\\/schema.org\",\"@graph\":[{\"@type\":\"Article\",\"@id\":\"https:\\\/\\\/www.caudete.org\\\/ayuntamiento\\\/edm-de-atletismo-de-caudete-brillan-en-el-campeonato-regional-de-campo-a-traves-y-en-el-campeonato-de-espana-sub16\\\/#article\",\"isPartOf\":{\"@id\":\"https:\\\/\\\/www.caudete.org\\\/ayuntamiento\\\/edm-de-atletismo-de-caudete-brillan-en-el-campeonato-regional-de-campo-a-traves-y-en-el-campeonato-de-espana-sub16\\\/\"},\"author\":{\"name\":\"Dpto Informatica MI Ayuntamiento de Caudete\",\"@id\":\"https:\\\/\\\/www.caudete.org\\\/ayuntamiento\\\/#\\\/schema\\\/person\\\/4b9eab41761957db9b1bf9c418d1ef46\"},\"headline\":\"EDM de Atletismo de Caudete Brillan en el Campeonato Regional de Campo a Trav\u00e9s y en el Campeonato de Espa\u00f1a Sub16\",\"datePublished\":\"2024-12-20T12:42:19+00:00\",\"dateModified\":\"2024-12-20T13:19:20+00:00\",\"mainEntityOfPage\":{\"@id\":\"https:\\\/\\\/www.caudete.org\\\/ayuntamiento\\\/edm-de-atletismo-de-caudete-brillan-en-el-campeonato-regional-de-campo-a-traves-y-en-el-campeonato-de-espana-sub16\\\/\"},\"wordCount\":353,\"image\":{\"@id\":\"https:\\\/\\\/www.caudete.org\\\/ayuntamiento\\\/edm-de-atletismo-de-caudete-brillan-en-el-campeonato-regional-de-campo-a-traves-y-en-el-campeonato-de-espana-sub16\\\/#primaryimage\"},\"thumbnailUrl\":\"https:\\\/\\\/www.caudete.org\\\/ayuntamiento\\\/wp-content\\\/uploads\\\/2024\\\/12\\\/1000137679.jpg\",\"articleSection\":[\"Deportes\"],\"inLanguage\":\"es\"},{\"@type\":\"WebPage\",\"@id\":\"https:\\\/\\\/www.caudete.org\\\/ayuntamiento\\\/edm-de-atletismo-de-caudete-brillan-en-el-campeonato-regional-de-campo-a-traves-y-en-el-campeonato-de-espana-sub16\\\/\",\"url\":\"https:\\\/\\\/www.caudete.org\\\/ayuntamiento\\\/edm-de-atletismo-de-caudete-brillan-en-el-campeonato-regional-de-campo-a-traves-y-en-el-campeonato-de-espana-sub16\\\/\",\"name\":\"EDM de Atletismo de Caudete Brillan en el Campeonato Regional de Campo a Trav\u00e9s y en el Campeonato de Espa\u00f1a Sub16 - MI Ayuntamiento de Caudete\",\"isPartOf\":{\"@id\":\"https:\\\/\\\/www.caudete.org\\\/ayuntamiento\\\/#website\"},\"primaryImageOfPage\":{\"@id\":\"https:\\\/\\\/www.caudete.org\\\/ayuntamiento\\\/edm-de-atletismo-de-caudete-brillan-en-el-campeonato-regional-de-campo-a-traves-y-en-el-campeonato-de-espana-sub16\\\/#primaryimage\"},\"image\":{\"@id\":\"https:\\\/\\\/www.caudete.org\\\/ayuntamiento\\\/edm-de-atletismo-de-caudete-brillan-en-el-campeonato-regional-de-campo-a-traves-y-en-el-campeonato-de-espana-sub16\\\/#primaryimage\"},\"thumbnailUrl\":\"https:\\\/\\\/www.caudete.org\\\/ayuntamiento\\\/wp-content\\\/uploads\\\/2024\\\/12\\\/1000137679.jpg\",\"datePublished\":\"2024-12-20T12:42:19+00:00\",\"dateModified\":\"2024-12-20T13:19:20+00:00\",\"author\":{\"@id\":\"https:\\\/\\\/www.caudete.org\\\/ayuntamiento\\\/#\\\/schema\\\/person\\\/4b9eab41761957db9b1bf9c418d1ef46\"},\"description\":\"P\u00e1gina Oficial del Ayuntamiento de Caudete (Albacete)\",\"breadcrumb\":{\"@id\":\"https:\\\/\\\/www.caudete.org\\\/ayuntamiento\\\/edm-de-atletismo-de-caudete-brillan-en-el-campeonato-regional-de-campo-a-traves-y-en-el-campeonato-de-espana-sub16\\\/#breadcrumb\"},\"inLanguage\":\"es\",\"potentialAction\":[{\"@type\":\"ReadAction\",\"target\":[\"https:\\\/\\\/www.caudete.org\\\/ayuntamiento\\\/edm-de-atletismo-de-caudete-brillan-en-el-campeonato-regional-de-campo-a-traves-y-en-el-campeonato-de-espana-sub16\\\/\"]}]},{\"@type\":\"ImageObject\",\"inLanguage\":\"es\",\"@id\":\"https:\\\/\\\/www.caudete.org\\\/ayuntamiento\\\/edm-de-atletismo-de-caudete-brillan-en-el-campeonato-regional-de-campo-a-traves-y-en-el-campeonato-de-espana-sub16\\\/#primaryimage\",\"url\":\"https:\\\/\\\/www.caudete.org\\\/ayuntamiento\\\/wp-content\\\/uploads\\\/2024\\\/12\\\/1000137679.jpg\",\"contentUrl\":\"https:\\\/\\\/www.caudete.org\\\/ayuntamiento\\\/wp-content\\\/uploads\\\/2024\\\/12\\\/1000137679.jpg\",\"width\":1000,\"height\":680},{\"@type\":\"BreadcrumbList\",\"@id\":\"https:\\\/\\\/www.caudete.org\\\/ayuntamiento\\\/edm-de-atletismo-de-caudete-brillan-en-el-campeonato-regional-de-campo-a-traves-y-en-el-campeonato-de-espana-sub16\\\/#breadcrumb\",\"itemListElement\":[{\"@type\":\"ListItem\",\"position\":1,\"name\":\"Inicio\",\"item\":\"https:\\\/\\\/www.caudete.org\\\/ayuntamiento\\\/\"},{\"@type\":\"ListItem\",\"position\":2,\"name\":\"EDM de Atletismo de Caudete Brillan en el Campeonato Regional de Campo a Trav\u00e9s y en el Campeonato de Espa\u00f1a Sub16\"}]},{\"@type\":\"WebSite\",\"@id\":\"https:\\\/\\\/www.caudete.org\\\/ayuntamiento\\\/#website\",\"url\":\"https:\\\/\\\/www.caudete.org\\\/ayuntamiento\\\/\",\"name\":\"MI Ayuntamiento de Caudete\",\"description\":\"P\u00e1gina Oficial del MI Ayuntamiento de Caudete\",\"potentialAction\":[{\"@type\":\"SearchAction\",\"target\":{\"@type\":\"EntryPoint\",\"urlTemplate\":\"https:\\\/\\\/www.caudete.org\\\/ayuntamiento\\\/?s={search_term_string}\"},\"query-input\":{\"@type\":\"PropertyValueSpecification\",\"valueRequired\":true,\"valueName\":\"search_term_string\"}}],\"inLanguage\":\"es\"},{\"@type\":\"Person\",\"@id\":\"https:\\\/\\\/www.caudete.org\\\/ayuntamiento\\\/#\\\/schema\\\/person\\\/4b9eab41761957db9b1bf9c418d1ef46\",\"name\":\"Dpto Informatica MI Ayuntamiento de Caudete\",\"image\":{\"@type\":\"ImageObject\",\"inLanguage\":\"es\",\"@id\":\"https:\\\/\\\/secure.gravatar.com\\\/avatar\\\/ac0321ee4a0a83e82a253e7b2d348ef539e2c8fe16d06b600bde04de1b364fa7?s=96&d=mm&r=g\",\"url\":\"https:\\\/\\\/secure.gravatar.com\\\/avatar\\\/ac0321ee4a0a83e82a253e7b2d348ef539e2c8fe16d06b600bde04de1b364fa7?s=96&d=mm&r=g\",\"contentUrl\":\"https:\\\/\\\/secure.gravatar.com\\\/avatar\\\/ac0321ee4a0a83e82a253e7b2d348ef539e2c8fe16d06b600bde04de1b364fa7?s=96&d=mm&r=g\",\"caption\":\"Dpto Informatica MI Ayuntamiento de Caudete\"},\"url\":\"https:\\\/\\\/www.caudete.org\\\/ayuntamiento\\\/author\\\/informatica\\\/\"}]}<\/script>\n<!-- \/ Yoast SEO plugin. -->","yoast_head_json":{"title":"EDM de Atletismo de Caudete Brillan en el Campeonato Regional de Campo a Trav\u00e9s y en el Campeonato de Espa\u00f1a Sub16 - MI Ayuntamiento de Caudete","description":"P\u00e1gina Oficial del Ayuntamiento de Caudete (Albacete)","robots":{"index":"index","follow":"follow","max-snippet":"max-snippet:-1","max-image-preview":"max-image-preview:large","max-video-preview":"max-video-preview:-1"},"canonical":"https:\/\/www.caudete.org\/ayuntamiento\/edm-de-atletismo-de-caudete-brillan-en-el-campeonato-regional-de-campo-a-traves-y-en-el-campeonato-de-espana-sub16\/","og_locale":"es_ES","og_type":"article","og_title":"EDM de Atletismo de Caudete Brillan en el Campeonato Regional de Campo a Trav\u00e9s y en el Campeonato de Espa\u00f1a Sub16 - MI Ayuntamiento de Caudete","og_description":"P\u00e1gina Oficial del Ayuntamiento de Caudete (Albacete)","og_url":"https:\/\/www.caudete.org\/ayuntamiento\/edm-de-atletismo-de-caudete-brillan-en-el-campeonato-regional-de-campo-a-traves-y-en-el-campeonato-de-espana-sub16\/","og_site_name":"MI Ayuntamiento de Caudete","article_publisher":"https:\/\/www.facebook.com\/ayuntamientocaudete\/","article_published_time":"2024-12-20T12:42:19+00:00","article_modified_time":"2024-12-20T13:19:20+00:00","og_image":[{"width":1000,"height":680,"url":"https:\/\/www.caudete.org\/ayuntamiento\/wp-content\/uploads\/2024\/12\/1000137679.jpg","type":"image\/jpeg"}],"author":"Dpto Informatica MI Ayuntamiento de Caudete","twitter_card":"summary_large_image","twitter_misc":{"Escrito por":"Dpto Informatica MI Ayuntamiento de Caudete","Tiempo de lectura":"3 minutos"},"schema":{"@context":"https:\/\/schema.org","@graph":[{"@type":"Article","@id":"https:\/\/www.caudete.org\/ayuntamiento\/edm-de-atletismo-de-caudete-brillan-en-el-campeonato-regional-de-campo-a-traves-y-en-el-campeonato-de-espana-sub16\/#article","isPartOf":{"@id":"https:\/\/www.caudete.org\/ayuntamiento\/edm-de-atletismo-de-caudete-brillan-en-el-campeonato-regional-de-campo-a-traves-y-en-el-campeonato-de-espana-sub16\/"},"author":{"name":"Dpto Informatica MI Ayuntamiento de Caudete","@id":"https:\/\/www.caudete.org\/ayuntamiento\/#\/schema\/person\/4b9eab41761957db9b1bf9c418d1ef46"},"headline":"EDM de Atletismo de Caudete Brillan en el Campeonato Regional de Campo a Trav\u00e9s y en el Campeonato de Espa\u00f1a Sub16","datePublished":"2024-12-20T12:42:19+00:00","dateModified":"2024-12-20T13:19:20+00:00","mainEntityOfPage":{"@id":"https:\/\/www.caudete.org\/ayuntamiento\/edm-de-atletismo-de-caudete-brillan-en-el-campeonato-regional-de-campo-a-traves-y-en-el-campeonato-de-espana-sub16\/"},"wordCount":353,"image":{"@id":"https:\/\/www.caudete.org\/ayuntamiento\/edm-de-atletismo-de-caudete-brillan-en-el-campeonato-regional-de-campo-a-traves-y-en-el-campeonato-de-espana-sub16\/#primaryimage"},"thumbnailUrl":"https:\/\/www.caudete.org\/ayuntamiento\/wp-content\/uploads\/2024\/12\/1000137679.jpg","articleSection":["Deportes"],"inLanguage":"es"},{"@type":"WebPage","@id":"https:\/\/www.caudete.org\/ayuntamiento\/edm-de-atletismo-de-caudete-brillan-en-el-campeonato-regional-de-campo-a-traves-y-en-el-campeonato-de-espana-sub16\/","url":"https:\/\/www.caudete.org\/ayuntamiento\/edm-de-atletismo-de-caudete-brillan-en-el-campeonato-regional-de-campo-a-traves-y-en-el-campeonato-de-espana-sub16\/","name":"EDM de Atletismo de Caudete Brillan en el Campeonato Regional de Campo a Trav\u00e9s y en el Campeonato de Espa\u00f1a Sub16 - MI Ayuntamiento de Caudete","isPartOf":{"@id":"https:\/\/www.caudete.org\/ayuntamiento\/#website"},"primaryImageOfPage":{"@id":"https:\/\/www.caudete.org\/ayuntamiento\/edm-de-atletismo-de-caudete-brillan-en-el-campeonato-regional-de-campo-a-traves-y-en-el-campeonato-de-espana-sub16\/#primaryimage"},"image":{"@id":"https:\/\/www.caudete.org\/ayuntamiento\/edm-de-atletismo-de-caudete-brillan-en-el-campeonato-regional-de-campo-a-traves-y-en-el-campeonato-de-espana-sub16\/#primaryimage"},"thumbnailUrl":"https:\/\/www.caudete.org\/ayuntamiento\/wp-content\/uploads\/2024\/12\/1000137679.jpg","datePublished":"2024-12-20T12:42:19+00:00","dateModified":"2024-12-20T13:19:20+00:00","author":{"@id":"https:\/\/www.caudete.org\/ayuntamiento\/#\/schema\/person\/4b9eab41761957db9b1bf9c418d1ef46"},"description":"P\u00e1gina Oficial del Ayuntamiento de Caudete (Albacete)","breadcrumb":{"@id":"https:\/\/www.caudete.org\/ayuntamiento\/edm-de-atletismo-de-caudete-brillan-en-el-campeonato-regional-de-campo-a-traves-y-en-el-campeonato-de-espana-sub16\/#breadcrumb"},"inLanguage":"es","potentialAction":[{"@type":"ReadAction","target":["https:\/\/www.caudete.org\/ayuntamiento\/edm-de-atletismo-de-caudete-brillan-en-el-campeonato-regional-de-campo-a-traves-y-en-el-campeonato-de-espana-sub16\/"]}]},{"@type":"ImageObject","inLanguage":"es","@id":"https:\/\/www.caudete.org\/ayuntamiento\/edm-de-atletismo-de-caudete-brillan-en-el-campeonato-regional-de-campo-a-traves-y-en-el-campeonato-de-espana-sub16\/#primaryimage","url":"https:\/\/www.caudete.org\/ayuntamiento\/wp-content\/uploads\/2024\/12\/1000137679.jpg","contentUrl":"https:\/\/www.caudete.org\/ayuntamiento\/wp-content\/uploads\/2024\/12\/1000137679.jpg","width":1000,"height":680},{"@type":"BreadcrumbList","@id":"https:\/\/www.caudete.org\/ayuntamiento\/edm-de-atletismo-de-caudete-brillan-en-el-campeonato-regional-de-campo-a-traves-y-en-el-campeonato-de-espana-sub16\/#breadcrumb","itemListElement":[{"@type":"ListItem","position":1,"name":"Inicio","item":"https:\/\/www.caudete.org\/ayuntamiento\/"},{"@type":"ListItem","position":2,"name":"EDM de Atletismo de Caudete Brillan en el Campeonato Regional de Campo a Trav\u00e9s y en el Campeonato de Espa\u00f1a Sub16"}]},{"@type":"WebSite","@id":"https:\/\/www.caudete.org\/ayuntamiento\/#website","url":"https:\/\/www.caudete.org\/ayuntamiento\/","name":"MI Ayuntamiento de Caudete","description":"P\u00e1gina Oficial del MI Ayuntamiento de Caudete","potentialAction":[{"@type":"SearchAction","target":{"@type":"EntryPoint","urlTemplate":"https:\/\/www.caudete.org\/ayuntamiento\/?s={search_term_string}"},"query-input":{"@type":"PropertyValueSpecification","valueRequired":true,"valueName":"search_term_string"}}],"inLanguage":"es"},{"@type":"Person","@id":"https:\/\/www.caudete.org\/ayuntamiento\/#\/schema\/person\/4b9eab41761957db9b1bf9c418d1ef46","name":"Dpto Informatica MI Ayuntamiento de Caudete","image":{"@type":"ImageObject","inLanguage":"es","@id":"https:\/\/secure.gravatar.com\/avatar\/ac0321ee4a0a83e82a253e7b2d348ef539e2c8fe16d06b600bde04de1b364fa7?s=96&d=mm&r=g","url":"https:\/\/secure.gravatar.com\/avatar\/ac0321ee4a0a83e82a253e7b2d348ef539e2c8fe16d06b600bde04de1b364fa7?s=96&d=mm&r=g","contentUrl":"https:\/\/secure.gravatar.com\/avatar\/ac0321ee4a0a83e82a253e7b2d348ef539e2c8fe16d06b600bde04de1b364fa7?s=96&d=mm&r=g","caption":"Dpto Informatica MI Ayuntamiento de Caudete"},"url":"https:\/\/www.caudete.org\/ayuntamiento\/author\/informatica\/"}]}},"_links":{"self":[{"href":"https:\/\/www.caudete.org\/ayuntamiento\/wp-json\/wp\/v2\/posts\/27053","targetHints":{"allow":["GET"]}}],"collection":[{"href":"https:\/\/www.caudete.org\/ayuntamiento\/wp-json\/wp\/v2\/posts"}],"about":[{"href":"https:\/\/www.caudete.org\/ayuntamiento\/wp-json\/wp\/v2\/types\/post"}],"author":[{"embeddable":true,"href":"https:\/\/www.caudete.org\/ayuntamiento\/wp-json\/wp\/v2\/users\/5"}],"replies":[{"embeddable":true,"href":"https:\/\/www.caudete.org\/ayuntamiento\/wp-json\/wp\/v2\/comments?post=27053"}],"version-history":[{"count":2,"href":"https:\/\/www.caudete.org\/ayuntamiento\/wp-json\/wp\/v2\/posts\/27053\/revisions"}],"predecessor-version":[{"id":27061,"href":"https:\/\/www.caudete.org\/ayuntamiento\/wp-json\/wp\/v2\/posts\/27053\/revisions\/27061"}],"wp:featuredmedia":[{"embeddable":true,"href":"https:\/\/www.caudete.org\/ayuntamiento\/wp-json\/wp\/v2\/media\/27056"}],"wp:attachment":[{"href":"https:\/\/www.caudete.org\/ayuntamiento\/wp-json\/wp\/v2\/media?parent=27053"}],"wp:term":[{"taxonomy":"category","embeddable":true,"href":"https:\/\/www.caudete.org\/ayuntamiento\/wp-json\/wp\/v2\/categories?post=27053"},{"taxonomy":"post_tag","embeddable":true,"href":"https:\/\/www.caudete.org\/ayuntamiento\/wp-json\/wp\/v2\/tags?post=27053"}],"curies":[{"name":"wp","href":"https:\/\/api.w.org\/{rel}","templated":true}]}}