{"id":27096,"date":"2024-12-30T10:12:49","date_gmt":"2024-12-30T09:12:49","guid":{"rendered":"https:\/\/www.caudete.org\/ayuntamiento\/?p=27096"},"modified":"2024-12-30T10:12:49","modified_gmt":"2024-12-30T09:12:49","slug":"gabriel-y-juan-tomaron-posesion-como-funcionarios-aparejador-y-tecnico-de-prevencion-del-ayuntamiento-la-pasada-semana","status":"publish","type":"post","link":"https:\/\/www.caudete.org\/ayuntamiento\/gabriel-y-juan-tomaron-posesion-como-funcionarios-aparejador-y-tecnico-de-prevencion-del-ayuntamiento-la-pasada-semana\/","title":{"rendered":"Gabriel y Juan tomaron posesi\u00f3n como funcionarios Aparejador y T\u00e9cnico de Prevenci\u00f3n del Ayuntamiento la pasada semana"},"content":{"rendered":"<p style=\"text-align: justify;\">El Sal\u00f3n de Plenos acoge los principales eventos institucionales del Ayuntamiento, y entre ellos, la toma de posesi\u00f3n es uno de los m\u00e1s solemnes que atestigua. El pasado viernes 20 de Diciembre, a las 14h lo hicieron quienes ocupan los puestos como funcionarios de Arquitecto T\u00e9cnico, y T\u00e9cnico de Prevenci\u00f3n de Riesgos Laborales.<\/p>\n<p style=\"text-align: justify;\">Juan Marco, y Gabriel Mart\u00ednez, aunque por procesos diferentes, pasan a formar parte del grupo de funcionarios del Ayuntamiento. En el caso del Arquitecto T\u00e9cnico, lo hace como funcionario interino tras superar el proceso selectivo convocado de forma previa a la jubilaci\u00f3n del que era titular. En el caso del T\u00e9cnico de Prevenci\u00f3n de Riesgos Laborales, tras el proceso de estabilizaci\u00f3n que todo el territorio Espa\u00f1ol est\u00e1 acometiendo por imperativo legal en todos los niveles de las administraciones, buscando reducir la temporalidad de los contratos.<\/p>\n<p style=\"text-align: justify;\">Uno a uno, juraron o prometieron el desempe\u00f1o del cargo ante la Constituci\u00f3n Espa\u00f1ola y el bast\u00f3n de mando, sobre la mesa que se ubica al centro de la sala. Acto en el que estuvieron asistidos por el Alcalde Mois\u00e9s L\u00f3pez y la Secretaria Municipal (indispensable para llevar a cabo la toma de posesi\u00f3n), y acompa\u00f1ados por Concejales del Gobierno Municipal y algunos familiares de los protagonistas.<\/p>\n<p style=\"text-align: center;\"><a href=\"https:\/\/www.caudete.org\/ayuntamiento\/wp-content\/uploads\/2024\/12\/toma-posesion-gabi-y-juan.jpg\" rel='prettyPhoto'><img fetchpriority=\"high\" decoding=\"async\" class=\"alignnone wp-image-27097 size-full\" src=\"https:\/\/www.caudete.org\/ayuntamiento\/wp-content\/uploads\/2024\/12\/toma-posesion-gabi-y-juan.jpg\" alt=\"\" width=\"950\" height=\"747\" srcset=\"https:\/\/www.caudete.org\/ayuntamiento\/wp-content\/uploads\/2024\/12\/toma-posesion-gabi-y-juan.jpg 950w, https:\/\/www.caudete.org\/ayuntamiento\/wp-content\/uploads\/2024\/12\/toma-posesion-gabi-y-juan-300x236.jpg 300w, https:\/\/www.caudete.org\/ayuntamiento\/wp-content\/uploads\/2024\/12\/toma-posesion-gabi-y-juan-768x604.jpg 768w\" sizes=\"(max-width: 950px) 100vw, 950px\" \/><\/a><\/p>\n","protected":false},"excerpt":{"rendered":"<p>El Sal\u00f3n de Plenos acoge los principales eventos institucionales del Ayuntamiento, y entre ellos, la toma de posesi\u00f3n es uno de los m\u00e1s solemnes que atestigua. El pasado viernes 20 de Diciembre, a las 14h lo hicieron quienes ocupan los puestos como funcionarios de Arquitecto T\u00e9cnico, y T\u00e9cnico de Prevenci\u00f3n de Riesgos Laborales. Juan Marco, &hellip;<\/p>\n","protected":false},"author":3,"featured_media":27097,"comment_status":"closed","ping_status":"open","sticky":false,"template":"","format":"standard","meta":{"ngg_post_thumbnail":0,"footnotes":""},"categories":[33],"tags":[],"class_list":["post-27096","post","type-post","status-publish","format-standard","has-post-thumbnail","hentry","category-recursos-humanos"],"yoast_head":"<!-- This site is optimized with the Yoast SEO plugin v27.5 - https:\/\/yoast.com\/product\/yoast-seo-wordpress\/ -->\n<title>Gabriel y Juan tomaron posesi\u00f3n como funcionarios Aparejador y T\u00e9cnico de Prevenci\u00f3n del Ayuntamiento la pasada semana - MI Ayuntamiento de Caudete<\/title>\n<meta name=\"description\" content=\"P\u00e1gina Oficial del Ayuntamiento de Caudete (Albacete)\" \/>\n<meta name=\"robots\" content=\"index, follow, max-snippet:-1, max-image-preview:large, max-video-preview:-1\" \/>\n<link rel=\"canonical\" href=\"https:\/\/www.caudete.org\/ayuntamiento\/gabriel-y-juan-tomaron-posesion-como-funcionarios-aparejador-y-tecnico-de-prevencion-del-ayuntamiento-la-pasada-semana\/\" \/>\n<meta property=\"og:locale\" content=\"es_ES\" \/>\n<meta property=\"og:type\" content=\"article\" \/>\n<meta property=\"og:title\" content=\"Gabriel y Juan tomaron posesi\u00f3n como funcionarios Aparejador y T\u00e9cnico de Prevenci\u00f3n del Ayuntamiento la pasada semana - MI Ayuntamiento de Caudete\" \/>\n<meta property=\"og:description\" content=\"P\u00e1gina Oficial del Ayuntamiento de Caudete (Albacete)\" \/>\n<meta property=\"og:url\" content=\"https:\/\/www.caudete.org\/ayuntamiento\/gabriel-y-juan-tomaron-posesion-como-funcionarios-aparejador-y-tecnico-de-prevencion-del-ayuntamiento-la-pasada-semana\/\" \/>\n<meta property=\"og:site_name\" content=\"MI Ayuntamiento de Caudete\" \/>\n<meta property=\"article:publisher\" content=\"https:\/\/www.facebook.com\/ayuntamientocaudete\/\" \/>\n<meta property=\"article:published_time\" content=\"2024-12-30T09:12:49+00:00\" \/>\n<meta property=\"og:image\" content=\"https:\/\/www.caudete.org\/ayuntamiento\/wp-content\/uploads\/2024\/12\/toma-posesion-gabi-y-juan.jpg\" \/>\n\t<meta property=\"og:image:width\" content=\"950\" \/>\n\t<meta property=\"og:image:height\" content=\"747\" \/>\n\t<meta property=\"og:image:type\" content=\"image\/jpeg\" \/>\n<meta name=\"author\" content=\"alcalde\" \/>\n<meta name=\"twitter:card\" content=\"summary_large_image\" \/>\n<meta name=\"twitter:label1\" content=\"Escrito por\" \/>\n\t<meta name=\"twitter:data1\" content=\"alcalde\" \/>\n\t<meta name=\"twitter:label2\" content=\"Tiempo de lectura\" \/>\n\t<meta name=\"twitter:data2\" content=\"2 minutos\" \/>\n<script type=\"application\/ld+json\" class=\"yoast-schema-graph\">{\"@context\":\"https:\\\/\\\/schema.org\",\"@graph\":[{\"@type\":\"Article\",\"@id\":\"https:\\\/\\\/www.caudete.org\\\/ayuntamiento\\\/gabriel-y-juan-tomaron-posesion-como-funcionarios-aparejador-y-tecnico-de-prevencion-del-ayuntamiento-la-pasada-semana\\\/#article\",\"isPartOf\":{\"@id\":\"https:\\\/\\\/www.caudete.org\\\/ayuntamiento\\\/gabriel-y-juan-tomaron-posesion-como-funcionarios-aparejador-y-tecnico-de-prevencion-del-ayuntamiento-la-pasada-semana\\\/\"},\"author\":{\"name\":\"alcalde\",\"@id\":\"https:\\\/\\\/www.caudete.org\\\/ayuntamiento\\\/#\\\/schema\\\/person\\\/cc646da9133078ee4d8dd47457947253\"},\"headline\":\"Gabriel y Juan tomaron posesi\u00f3n como funcionarios Aparejador y T\u00e9cnico de Prevenci\u00f3n del Ayuntamiento la pasada semana\",\"datePublished\":\"2024-12-30T09:12:49+00:00\",\"mainEntityOfPage\":{\"@id\":\"https:\\\/\\\/www.caudete.org\\\/ayuntamiento\\\/gabriel-y-juan-tomaron-posesion-como-funcionarios-aparejador-y-tecnico-de-prevencion-del-ayuntamiento-la-pasada-semana\\\/\"},\"wordCount\":245,\"image\":{\"@id\":\"https:\\\/\\\/www.caudete.org\\\/ayuntamiento\\\/gabriel-y-juan-tomaron-posesion-como-funcionarios-aparejador-y-tecnico-de-prevencion-del-ayuntamiento-la-pasada-semana\\\/#primaryimage\"},\"thumbnailUrl\":\"https:\\\/\\\/www.caudete.org\\\/ayuntamiento\\\/wp-content\\\/uploads\\\/2024\\\/12\\\/toma-posesion-gabi-y-juan.jpg\",\"articleSection\":[\"Recursos Humanos\"],\"inLanguage\":\"es\"},{\"@type\":\"WebPage\",\"@id\":\"https:\\\/\\\/www.caudete.org\\\/ayuntamiento\\\/gabriel-y-juan-tomaron-posesion-como-funcionarios-aparejador-y-tecnico-de-prevencion-del-ayuntamiento-la-pasada-semana\\\/\",\"url\":\"https:\\\/\\\/www.caudete.org\\\/ayuntamiento\\\/gabriel-y-juan-tomaron-posesion-como-funcionarios-aparejador-y-tecnico-de-prevencion-del-ayuntamiento-la-pasada-semana\\\/\",\"name\":\"Gabriel y Juan tomaron posesi\u00f3n como funcionarios Aparejador y T\u00e9cnico de Prevenci\u00f3n del Ayuntamiento la pasada semana - MI Ayuntamiento de Caudete\",\"isPartOf\":{\"@id\":\"https:\\\/\\\/www.caudete.org\\\/ayuntamiento\\\/#website\"},\"primaryImageOfPage\":{\"@id\":\"https:\\\/\\\/www.caudete.org\\\/ayuntamiento\\\/gabriel-y-juan-tomaron-posesion-como-funcionarios-aparejador-y-tecnico-de-prevencion-del-ayuntamiento-la-pasada-semana\\\/#primaryimage\"},\"image\":{\"@id\":\"https:\\\/\\\/www.caudete.org\\\/ayuntamiento\\\/gabriel-y-juan-tomaron-posesion-como-funcionarios-aparejador-y-tecnico-de-prevencion-del-ayuntamiento-la-pasada-semana\\\/#primaryimage\"},\"thumbnailUrl\":\"https:\\\/\\\/www.caudete.org\\\/ayuntamiento\\\/wp-content\\\/uploads\\\/2024\\\/12\\\/toma-posesion-gabi-y-juan.jpg\",\"datePublished\":\"2024-12-30T09:12:49+00:00\",\"author\":{\"@id\":\"https:\\\/\\\/www.caudete.org\\\/ayuntamiento\\\/#\\\/schema\\\/person\\\/cc646da9133078ee4d8dd47457947253\"},\"description\":\"P\u00e1gina Oficial del Ayuntamiento de Caudete (Albacete)\",\"breadcrumb\":{\"@id\":\"https:\\\/\\\/www.caudete.org\\\/ayuntamiento\\\/gabriel-y-juan-tomaron-posesion-como-funcionarios-aparejador-y-tecnico-de-prevencion-del-ayuntamiento-la-pasada-semana\\\/#breadcrumb\"},\"inLanguage\":\"es\",\"potentialAction\":[{\"@type\":\"ReadAction\",\"target\":[\"https:\\\/\\\/www.caudete.org\\\/ayuntamiento\\\/gabriel-y-juan-tomaron-posesion-como-funcionarios-aparejador-y-tecnico-de-prevencion-del-ayuntamiento-la-pasada-semana\\\/\"]}]},{\"@type\":\"ImageObject\",\"inLanguage\":\"es\",\"@id\":\"https:\\\/\\\/www.caudete.org\\\/ayuntamiento\\\/gabriel-y-juan-tomaron-posesion-como-funcionarios-aparejador-y-tecnico-de-prevencion-del-ayuntamiento-la-pasada-semana\\\/#primaryimage\",\"url\":\"https:\\\/\\\/www.caudete.org\\\/ayuntamiento\\\/wp-content\\\/uploads\\\/2024\\\/12\\\/toma-posesion-gabi-y-juan.jpg\",\"contentUrl\":\"https:\\\/\\\/www.caudete.org\\\/ayuntamiento\\\/wp-content\\\/uploads\\\/2024\\\/12\\\/toma-posesion-gabi-y-juan.jpg\",\"width\":950,\"height\":747},{\"@type\":\"BreadcrumbList\",\"@id\":\"https:\\\/\\\/www.caudete.org\\\/ayuntamiento\\\/gabriel-y-juan-tomaron-posesion-como-funcionarios-aparejador-y-tecnico-de-prevencion-del-ayuntamiento-la-pasada-semana\\\/#breadcrumb\",\"itemListElement\":[{\"@type\":\"ListItem\",\"position\":1,\"name\":\"Inicio\",\"item\":\"https:\\\/\\\/www.caudete.org\\\/ayuntamiento\\\/\"},{\"@type\":\"ListItem\",\"position\":2,\"name\":\"Gabriel y Juan tomaron posesi\u00f3n como funcionarios Aparejador y T\u00e9cnico de Prevenci\u00f3n del Ayuntamiento la pasada semana\"}]},{\"@type\":\"WebSite\",\"@id\":\"https:\\\/\\\/www.caudete.org\\\/ayuntamiento\\\/#website\",\"url\":\"https:\\\/\\\/www.caudete.org\\\/ayuntamiento\\\/\",\"name\":\"MI Ayuntamiento de Caudete\",\"description\":\"P\u00e1gina Oficial del MI Ayuntamiento de Caudete\",\"potentialAction\":[{\"@type\":\"SearchAction\",\"target\":{\"@type\":\"EntryPoint\",\"urlTemplate\":\"https:\\\/\\\/www.caudete.org\\\/ayuntamiento\\\/?s={search_term_string}\"},\"query-input\":{\"@type\":\"PropertyValueSpecification\",\"valueRequired\":true,\"valueName\":\"search_term_string\"}}],\"inLanguage\":\"es\"},{\"@type\":\"Person\",\"@id\":\"https:\\\/\\\/www.caudete.org\\\/ayuntamiento\\\/#\\\/schema\\\/person\\\/cc646da9133078ee4d8dd47457947253\",\"name\":\"alcalde\",\"image\":{\"@type\":\"ImageObject\",\"inLanguage\":\"es\",\"@id\":\"https:\\\/\\\/secure.gravatar.com\\\/avatar\\\/84a817ba065b29ff08d666b215a215f5c79186a645ccb25b14a663d48a130f77?s=96&d=mm&r=g\",\"url\":\"https:\\\/\\\/secure.gravatar.com\\\/avatar\\\/84a817ba065b29ff08d666b215a215f5c79186a645ccb25b14a663d48a130f77?s=96&d=mm&r=g\",\"contentUrl\":\"https:\\\/\\\/secure.gravatar.com\\\/avatar\\\/84a817ba065b29ff08d666b215a215f5c79186a645ccb25b14a663d48a130f77?s=96&d=mm&r=g\",\"caption\":\"alcalde\"},\"url\":\"https:\\\/\\\/www.caudete.org\\\/ayuntamiento\\\/author\\\/alcalde\\\/\"}]}<\/script>\n<!-- \/ Yoast SEO plugin. -->","yoast_head_json":{"title":"Gabriel y Juan tomaron posesi\u00f3n como funcionarios Aparejador y T\u00e9cnico de Prevenci\u00f3n del Ayuntamiento la pasada semana - MI Ayuntamiento de Caudete","description":"P\u00e1gina Oficial del Ayuntamiento de Caudete (Albacete)","robots":{"index":"index","follow":"follow","max-snippet":"max-snippet:-1","max-image-preview":"max-image-preview:large","max-video-preview":"max-video-preview:-1"},"canonical":"https:\/\/www.caudete.org\/ayuntamiento\/gabriel-y-juan-tomaron-posesion-como-funcionarios-aparejador-y-tecnico-de-prevencion-del-ayuntamiento-la-pasada-semana\/","og_locale":"es_ES","og_type":"article","og_title":"Gabriel y Juan tomaron posesi\u00f3n como funcionarios Aparejador y T\u00e9cnico de Prevenci\u00f3n del Ayuntamiento la pasada semana - MI Ayuntamiento de Caudete","og_description":"P\u00e1gina Oficial del Ayuntamiento de Caudete (Albacete)","og_url":"https:\/\/www.caudete.org\/ayuntamiento\/gabriel-y-juan-tomaron-posesion-como-funcionarios-aparejador-y-tecnico-de-prevencion-del-ayuntamiento-la-pasada-semana\/","og_site_name":"MI Ayuntamiento de Caudete","article_publisher":"https:\/\/www.facebook.com\/ayuntamientocaudete\/","article_published_time":"2024-12-30T09:12:49+00:00","og_image":[{"width":950,"height":747,"url":"https:\/\/www.caudete.org\/ayuntamiento\/wp-content\/uploads\/2024\/12\/toma-posesion-gabi-y-juan.jpg","type":"image\/jpeg"}],"author":"alcalde","twitter_card":"summary_large_image","twitter_misc":{"Escrito por":"alcalde","Tiempo de lectura":"2 minutos"},"schema":{"@context":"https:\/\/schema.org","@graph":[{"@type":"Article","@id":"https:\/\/www.caudete.org\/ayuntamiento\/gabriel-y-juan-tomaron-posesion-como-funcionarios-aparejador-y-tecnico-de-prevencion-del-ayuntamiento-la-pasada-semana\/#article","isPartOf":{"@id":"https:\/\/www.caudete.org\/ayuntamiento\/gabriel-y-juan-tomaron-posesion-como-funcionarios-aparejador-y-tecnico-de-prevencion-del-ayuntamiento-la-pasada-semana\/"},"author":{"name":"alcalde","@id":"https:\/\/www.caudete.org\/ayuntamiento\/#\/schema\/person\/cc646da9133078ee4d8dd47457947253"},"headline":"Gabriel y Juan tomaron posesi\u00f3n como funcionarios Aparejador y T\u00e9cnico de Prevenci\u00f3n del Ayuntamiento la pasada semana","datePublished":"2024-12-30T09:12:49+00:00","mainEntityOfPage":{"@id":"https:\/\/www.caudete.org\/ayuntamiento\/gabriel-y-juan-tomaron-posesion-como-funcionarios-aparejador-y-tecnico-de-prevencion-del-ayuntamiento-la-pasada-semana\/"},"wordCount":245,"image":{"@id":"https:\/\/www.caudete.org\/ayuntamiento\/gabriel-y-juan-tomaron-posesion-como-funcionarios-aparejador-y-tecnico-de-prevencion-del-ayuntamiento-la-pasada-semana\/#primaryimage"},"thumbnailUrl":"https:\/\/www.caudete.org\/ayuntamiento\/wp-content\/uploads\/2024\/12\/toma-posesion-gabi-y-juan.jpg","articleSection":["Recursos Humanos"],"inLanguage":"es"},{"@type":"WebPage","@id":"https:\/\/www.caudete.org\/ayuntamiento\/gabriel-y-juan-tomaron-posesion-como-funcionarios-aparejador-y-tecnico-de-prevencion-del-ayuntamiento-la-pasada-semana\/","url":"https:\/\/www.caudete.org\/ayuntamiento\/gabriel-y-juan-tomaron-posesion-como-funcionarios-aparejador-y-tecnico-de-prevencion-del-ayuntamiento-la-pasada-semana\/","name":"Gabriel y Juan tomaron posesi\u00f3n como funcionarios Aparejador y T\u00e9cnico de Prevenci\u00f3n del Ayuntamiento la pasada semana - MI Ayuntamiento de Caudete","isPartOf":{"@id":"https:\/\/www.caudete.org\/ayuntamiento\/#website"},"primaryImageOfPage":{"@id":"https:\/\/www.caudete.org\/ayuntamiento\/gabriel-y-juan-tomaron-posesion-como-funcionarios-aparejador-y-tecnico-de-prevencion-del-ayuntamiento-la-pasada-semana\/#primaryimage"},"image":{"@id":"https:\/\/www.caudete.org\/ayuntamiento\/gabriel-y-juan-tomaron-posesion-como-funcionarios-aparejador-y-tecnico-de-prevencion-del-ayuntamiento-la-pasada-semana\/#primaryimage"},"thumbnailUrl":"https:\/\/www.caudete.org\/ayuntamiento\/wp-content\/uploads\/2024\/12\/toma-posesion-gabi-y-juan.jpg","datePublished":"2024-12-30T09:12:49+00:00","author":{"@id":"https:\/\/www.caudete.org\/ayuntamiento\/#\/schema\/person\/cc646da9133078ee4d8dd47457947253"},"description":"P\u00e1gina Oficial del Ayuntamiento de Caudete (Albacete)","breadcrumb":{"@id":"https:\/\/www.caudete.org\/ayuntamiento\/gabriel-y-juan-tomaron-posesion-como-funcionarios-aparejador-y-tecnico-de-prevencion-del-ayuntamiento-la-pasada-semana\/#breadcrumb"},"inLanguage":"es","potentialAction":[{"@type":"ReadAction","target":["https:\/\/www.caudete.org\/ayuntamiento\/gabriel-y-juan-tomaron-posesion-como-funcionarios-aparejador-y-tecnico-de-prevencion-del-ayuntamiento-la-pasada-semana\/"]}]},{"@type":"ImageObject","inLanguage":"es","@id":"https:\/\/www.caudete.org\/ayuntamiento\/gabriel-y-juan-tomaron-posesion-como-funcionarios-aparejador-y-tecnico-de-prevencion-del-ayuntamiento-la-pasada-semana\/#primaryimage","url":"https:\/\/www.caudete.org\/ayuntamiento\/wp-content\/uploads\/2024\/12\/toma-posesion-gabi-y-juan.jpg","contentUrl":"https:\/\/www.caudete.org\/ayuntamiento\/wp-content\/uploads\/2024\/12\/toma-posesion-gabi-y-juan.jpg","width":950,"height":747},{"@type":"BreadcrumbList","@id":"https:\/\/www.caudete.org\/ayuntamiento\/gabriel-y-juan-tomaron-posesion-como-funcionarios-aparejador-y-tecnico-de-prevencion-del-ayuntamiento-la-pasada-semana\/#breadcrumb","itemListElement":[{"@type":"ListItem","position":1,"name":"Inicio","item":"https:\/\/www.caudete.org\/ayuntamiento\/"},{"@type":"ListItem","position":2,"name":"Gabriel y Juan tomaron posesi\u00f3n como funcionarios Aparejador y T\u00e9cnico de Prevenci\u00f3n del Ayuntamiento la pasada semana"}]},{"@type":"WebSite","@id":"https:\/\/www.caudete.org\/ayuntamiento\/#website","url":"https:\/\/www.caudete.org\/ayuntamiento\/","name":"MI Ayuntamiento de Caudete","description":"P\u00e1gina Oficial del MI Ayuntamiento de Caudete","potentialAction":[{"@type":"SearchAction","target":{"@type":"EntryPoint","urlTemplate":"https:\/\/www.caudete.org\/ayuntamiento\/?s={search_term_string}"},"query-input":{"@type":"PropertyValueSpecification","valueRequired":true,"valueName":"search_term_string"}}],"inLanguage":"es"},{"@type":"Person","@id":"https:\/\/www.caudete.org\/ayuntamiento\/#\/schema\/person\/cc646da9133078ee4d8dd47457947253","name":"alcalde","image":{"@type":"ImageObject","inLanguage":"es","@id":"https:\/\/secure.gravatar.com\/avatar\/84a817ba065b29ff08d666b215a215f5c79186a645ccb25b14a663d48a130f77?s=96&d=mm&r=g","url":"https:\/\/secure.gravatar.com\/avatar\/84a817ba065b29ff08d666b215a215f5c79186a645ccb25b14a663d48a130f77?s=96&d=mm&r=g","contentUrl":"https:\/\/secure.gravatar.com\/avatar\/84a817ba065b29ff08d666b215a215f5c79186a645ccb25b14a663d48a130f77?s=96&d=mm&r=g","caption":"alcalde"},"url":"https:\/\/www.caudete.org\/ayuntamiento\/author\/alcalde\/"}]}},"_links":{"self":[{"href":"https:\/\/www.caudete.org\/ayuntamiento\/wp-json\/wp\/v2\/posts\/27096","targetHints":{"allow":["GET"]}}],"collection":[{"href":"https:\/\/www.caudete.org\/ayuntamiento\/wp-json\/wp\/v2\/posts"}],"about":[{"href":"https:\/\/www.caudete.org\/ayuntamiento\/wp-json\/wp\/v2\/types\/post"}],"author":[{"embeddable":true,"href":"https:\/\/www.caudete.org\/ayuntamiento\/wp-json\/wp\/v2\/users\/3"}],"replies":[{"embeddable":true,"href":"https:\/\/www.caudete.org\/ayuntamiento\/wp-json\/wp\/v2\/comments?post=27096"}],"version-history":[{"count":1,"href":"https:\/\/www.caudete.org\/ayuntamiento\/wp-json\/wp\/v2\/posts\/27096\/revisions"}],"predecessor-version":[{"id":27098,"href":"https:\/\/www.caudete.org\/ayuntamiento\/wp-json\/wp\/v2\/posts\/27096\/revisions\/27098"}],"wp:featuredmedia":[{"embeddable":true,"href":"https:\/\/www.caudete.org\/ayuntamiento\/wp-json\/wp\/v2\/media\/27097"}],"wp:attachment":[{"href":"https:\/\/www.caudete.org\/ayuntamiento\/wp-json\/wp\/v2\/media?parent=27096"}],"wp:term":[{"taxonomy":"category","embeddable":true,"href":"https:\/\/www.caudete.org\/ayuntamiento\/wp-json\/wp\/v2\/categories?post=27096"},{"taxonomy":"post_tag","embeddable":true,"href":"https:\/\/www.caudete.org\/ayuntamiento\/wp-json\/wp\/v2\/tags?post=27096"}],"curies":[{"name":"wp","href":"https:\/\/api.w.org\/{rel}","templated":true}]}}