{"id":27116,"date":"2024-12-31T09:58:08","date_gmt":"2024-12-31T08:58:08","guid":{"rendered":"https:\/\/www.caudete.org\/ayuntamiento\/?p=27116"},"modified":"2025-01-16T12:44:56","modified_gmt":"2025-01-16T11:44:56","slug":"un-total-de-7-empresas-reciben-el-26-de-cofinanciacion-en-inversiones-por-parte-del-grupo-de-accion-local-de-la-mancomunidad-monteiberico-corredor-de-almansa","status":"publish","type":"post","link":"https:\/\/www.caudete.org\/ayuntamiento\/un-total-de-7-empresas-reciben-el-26-de-cofinanciacion-en-inversiones-por-parte-del-grupo-de-accion-local-de-la-mancomunidad-monteiberico-corredor-de-almansa\/","title":{"rendered":"Un total de 7 empresas reciben el 26% de cofinanciaci\u00f3n en inversiones por parte del Grupo de Desarrollo Local de la Mancomunidad Monteiberico-Corredor de Almansa"},"content":{"rendered":"<p style=\"text-align: justify;\">El Grupo de Desarrollo Local Monte Ib\u00e9rico, al que pertenece Caudete, concedi\u00f3 en nuestro municipio en su \u00faltima convocatoria de subvenciones para la financiaci\u00f3n de inversiones a Aut\u00f3nomos y Pymes del a\u00f1o 2024 un total de 77.078&#8217;76\u20ac, lo que supone un 26&#8217;62% de ayuda.<\/p>\n<p style=\"text-align: justify;\">Hace unas semanas, en la visita de comprobaci\u00f3n de ejecuci\u00f3n de inversiones desarrollada por la Gerente del Grupo, les acompa\u00f1\u00f3 el Alcalde Mois\u00e9s L\u00f3pez, y la Concejal de Promoci\u00f3n y Desarrollo Econ\u00f3mico M\u00aa Dolores Requena Azor\u00edn, para conocer de primera mano los objetivos conseguidos y el impulso que supone para los beneficiarios del municipio.<\/p>\n<p style=\"text-align: justify;\">En la convocatoria dotada con un montante de 600.000\u20ac se presentaron 25 proyectos de toda la comarca, de los que fueron financiados 22. A Caudete le correspondieron 7 proyectos concedidos, financiados con 77.078&#8217;76\u20ac sobre un total de inversi\u00f3n de 289.545&#8217;43\u20ac.<\/p>\n<p style=\"text-align: justify;\">Las empresas beneficiarias correspondieron a:<\/p>\n<ul>\n<li>Frigohortofrut\u00edcola Caudetana.<\/li>\n<li>Centro M\u00e9dico Est\u00e9tico Cristina Mart\u00ednez Abad.<\/li>\n<li>Sal\u00f3n de Belleza Virtu Espinosa.<\/li>\n<li>Atm\u00f3sfera Sport Caudete.<\/li>\n<li>Helader\u00eda-Cafeter\u00eda Mismico<\/li>\n<li>Farmacia Cristina Cantos Azor\u00edn<\/li>\n<\/ul>\n<p>&nbsp;<\/p>\n<p>&nbsp;<\/p>\n","protected":false},"excerpt":{"rendered":"<p>El Grupo de Desarrollo Local Monte Ib\u00e9rico, al que pertenece Caudete, concedi\u00f3 en nuestro municipio en su \u00faltima convocatoria de subvenciones para la financiaci\u00f3n de inversiones a Aut\u00f3nomos y Pymes del a\u00f1o 2024 un total de 77.078&#8217;76\u20ac, lo que supone un 26&#8217;62% de ayuda. Hace unas semanas, en la visita de comprobaci\u00f3n de ejecuci\u00f3n de &hellip;<\/p>\n","protected":false},"author":3,"featured_media":27117,"comment_status":"closed","ping_status":"open","sticky":false,"template":"","format":"standard","meta":{"ngg_post_thumbnail":0,"footnotes":""},"categories":[851],"tags":[],"class_list":["post-27116","post","type-post","status-publish","format-standard","has-post-thumbnail","hentry","category-promocion-y-desarrollo-economico"],"yoast_head":"<!-- This site is optimized with the Yoast SEO plugin v27.4 - https:\/\/yoast.com\/product\/yoast-seo-wordpress\/ -->\n<title>Un total de 7 empresas reciben el 26% de cofinanciaci\u00f3n en inversiones por parte del Grupo de Desarrollo Local de la Mancomunidad Monteiberico-Corredor de Almansa - MI Ayuntamiento de Caudete<\/title>\n<meta name=\"description\" content=\"P\u00e1gina Oficial del Ayuntamiento de Caudete (Albacete)\" \/>\n<meta name=\"robots\" content=\"index, follow, max-snippet:-1, max-image-preview:large, max-video-preview:-1\" \/>\n<link rel=\"canonical\" href=\"https:\/\/www.caudete.org\/ayuntamiento\/un-total-de-7-empresas-reciben-el-26-de-cofinanciacion-en-inversiones-por-parte-del-grupo-de-accion-local-de-la-mancomunidad-monteiberico-corredor-de-almansa\/\" \/>\n<meta property=\"og:locale\" content=\"es_ES\" \/>\n<meta property=\"og:type\" content=\"article\" \/>\n<meta property=\"og:title\" content=\"Un total de 7 empresas reciben el 26% de cofinanciaci\u00f3n en inversiones por parte del Grupo de Desarrollo Local de la Mancomunidad Monteiberico-Corredor de Almansa - MI Ayuntamiento de Caudete\" \/>\n<meta property=\"og:description\" content=\"P\u00e1gina Oficial del Ayuntamiento de Caudete (Albacete)\" \/>\n<meta property=\"og:url\" content=\"https:\/\/www.caudete.org\/ayuntamiento\/un-total-de-7-empresas-reciben-el-26-de-cofinanciacion-en-inversiones-por-parte-del-grupo-de-accion-local-de-la-mancomunidad-monteiberico-corredor-de-almansa\/\" \/>\n<meta property=\"og:site_name\" content=\"MI Ayuntamiento de Caudete\" \/>\n<meta property=\"article:publisher\" content=\"https:\/\/www.facebook.com\/ayuntamientocaudete\/\" \/>\n<meta property=\"article:published_time\" content=\"2024-12-31T08:58:08+00:00\" \/>\n<meta property=\"article:modified_time\" content=\"2025-01-16T11:44:56+00:00\" \/>\n<meta property=\"og:image\" content=\"https:\/\/www.caudete.org\/ayuntamiento\/wp-content\/uploads\/2024\/12\/WhatsApp-Image-2024-11-18-at-13.03.02.jpeg\" \/>\n\t<meta property=\"og:image:width\" content=\"1600\" \/>\n\t<meta property=\"og:image:height\" content=\"1200\" \/>\n\t<meta property=\"og:image:type\" content=\"image\/jpeg\" \/>\n<meta name=\"author\" content=\"alcalde\" \/>\n<meta name=\"twitter:card\" content=\"summary_large_image\" \/>\n<meta name=\"twitter:label1\" content=\"Escrito por\" \/>\n\t<meta name=\"twitter:data1\" content=\"alcalde\" \/>\n\t<meta name=\"twitter:label2\" content=\"Tiempo de lectura\" \/>\n\t<meta name=\"twitter:data2\" content=\"1 minuto\" \/>\n<script type=\"application\/ld+json\" class=\"yoast-schema-graph\">{\"@context\":\"https:\\\/\\\/schema.org\",\"@graph\":[{\"@type\":\"Article\",\"@id\":\"https:\\\/\\\/www.caudete.org\\\/ayuntamiento\\\/un-total-de-7-empresas-reciben-el-26-de-cofinanciacion-en-inversiones-por-parte-del-grupo-de-accion-local-de-la-mancomunidad-monteiberico-corredor-de-almansa\\\/#article\",\"isPartOf\":{\"@id\":\"https:\\\/\\\/www.caudete.org\\\/ayuntamiento\\\/un-total-de-7-empresas-reciben-el-26-de-cofinanciacion-en-inversiones-por-parte-del-grupo-de-accion-local-de-la-mancomunidad-monteiberico-corredor-de-almansa\\\/\"},\"author\":{\"name\":\"alcalde\",\"@id\":\"https:\\\/\\\/www.caudete.org\\\/ayuntamiento\\\/#\\\/schema\\\/person\\\/cc646da9133078ee4d8dd47457947253\"},\"headline\":\"Un total de 7 empresas reciben el 26% de cofinanciaci\u00f3n en inversiones por parte del Grupo de Desarrollo Local de la Mancomunidad Monteiberico-Corredor de Almansa\",\"datePublished\":\"2024-12-31T08:58:08+00:00\",\"dateModified\":\"2025-01-16T11:44:56+00:00\",\"mainEntityOfPage\":{\"@id\":\"https:\\\/\\\/www.caudete.org\\\/ayuntamiento\\\/un-total-de-7-empresas-reciben-el-26-de-cofinanciacion-en-inversiones-por-parte-del-grupo-de-accion-local-de-la-mancomunidad-monteiberico-corredor-de-almansa\\\/\"},\"wordCount\":203,\"publisher\":{\"@id\":\"https:\\\/\\\/www.caudete.org\\\/ayuntamiento\\\/#organization\"},\"image\":{\"@id\":\"https:\\\/\\\/www.caudete.org\\\/ayuntamiento\\\/un-total-de-7-empresas-reciben-el-26-de-cofinanciacion-en-inversiones-por-parte-del-grupo-de-accion-local-de-la-mancomunidad-monteiberico-corredor-de-almansa\\\/#primaryimage\"},\"thumbnailUrl\":\"https:\\\/\\\/www.caudete.org\\\/ayuntamiento\\\/wp-content\\\/uploads\\\/2024\\\/12\\\/WhatsApp-Image-2024-11-18-at-13.03.02.jpeg\",\"articleSection\":[\"Promoci\u00f3n y Desarrollo Econ\u00f3mico\"],\"inLanguage\":\"es\"},{\"@type\":\"WebPage\",\"@id\":\"https:\\\/\\\/www.caudete.org\\\/ayuntamiento\\\/un-total-de-7-empresas-reciben-el-26-de-cofinanciacion-en-inversiones-por-parte-del-grupo-de-accion-local-de-la-mancomunidad-monteiberico-corredor-de-almansa\\\/\",\"url\":\"https:\\\/\\\/www.caudete.org\\\/ayuntamiento\\\/un-total-de-7-empresas-reciben-el-26-de-cofinanciacion-en-inversiones-por-parte-del-grupo-de-accion-local-de-la-mancomunidad-monteiberico-corredor-de-almansa\\\/\",\"name\":\"Un total de 7 empresas reciben el 26% de cofinanciaci\u00f3n en inversiones por parte del Grupo de Desarrollo Local de la Mancomunidad Monteiberico-Corredor de Almansa - MI Ayuntamiento de Caudete\",\"isPartOf\":{\"@id\":\"https:\\\/\\\/www.caudete.org\\\/ayuntamiento\\\/#website\"},\"primaryImageOfPage\":{\"@id\":\"https:\\\/\\\/www.caudete.org\\\/ayuntamiento\\\/un-total-de-7-empresas-reciben-el-26-de-cofinanciacion-en-inversiones-por-parte-del-grupo-de-accion-local-de-la-mancomunidad-monteiberico-corredor-de-almansa\\\/#primaryimage\"},\"image\":{\"@id\":\"https:\\\/\\\/www.caudete.org\\\/ayuntamiento\\\/un-total-de-7-empresas-reciben-el-26-de-cofinanciacion-en-inversiones-por-parte-del-grupo-de-accion-local-de-la-mancomunidad-monteiberico-corredor-de-almansa\\\/#primaryimage\"},\"thumbnailUrl\":\"https:\\\/\\\/www.caudete.org\\\/ayuntamiento\\\/wp-content\\\/uploads\\\/2024\\\/12\\\/WhatsApp-Image-2024-11-18-at-13.03.02.jpeg\",\"datePublished\":\"2024-12-31T08:58:08+00:00\",\"dateModified\":\"2025-01-16T11:44:56+00:00\",\"description\":\"P\u00e1gina Oficial del Ayuntamiento de Caudete (Albacete)\",\"breadcrumb\":{\"@id\":\"https:\\\/\\\/www.caudete.org\\\/ayuntamiento\\\/un-total-de-7-empresas-reciben-el-26-de-cofinanciacion-en-inversiones-por-parte-del-grupo-de-accion-local-de-la-mancomunidad-monteiberico-corredor-de-almansa\\\/#breadcrumb\"},\"inLanguage\":\"es\",\"potentialAction\":[{\"@type\":\"ReadAction\",\"target\":[\"https:\\\/\\\/www.caudete.org\\\/ayuntamiento\\\/un-total-de-7-empresas-reciben-el-26-de-cofinanciacion-en-inversiones-por-parte-del-grupo-de-accion-local-de-la-mancomunidad-monteiberico-corredor-de-almansa\\\/\"]}]},{\"@type\":\"ImageObject\",\"inLanguage\":\"es\",\"@id\":\"https:\\\/\\\/www.caudete.org\\\/ayuntamiento\\\/un-total-de-7-empresas-reciben-el-26-de-cofinanciacion-en-inversiones-por-parte-del-grupo-de-accion-local-de-la-mancomunidad-monteiberico-corredor-de-almansa\\\/#primaryimage\",\"url\":\"https:\\\/\\\/www.caudete.org\\\/ayuntamiento\\\/wp-content\\\/uploads\\\/2024\\\/12\\\/WhatsApp-Image-2024-11-18-at-13.03.02.jpeg\",\"contentUrl\":\"https:\\\/\\\/www.caudete.org\\\/ayuntamiento\\\/wp-content\\\/uploads\\\/2024\\\/12\\\/WhatsApp-Image-2024-11-18-at-13.03.02.jpeg\",\"width\":1600,\"height\":1200},{\"@type\":\"BreadcrumbList\",\"@id\":\"https:\\\/\\\/www.caudete.org\\\/ayuntamiento\\\/un-total-de-7-empresas-reciben-el-26-de-cofinanciacion-en-inversiones-por-parte-del-grupo-de-accion-local-de-la-mancomunidad-monteiberico-corredor-de-almansa\\\/#breadcrumb\",\"itemListElement\":[{\"@type\":\"ListItem\",\"position\":1,\"name\":\"Inicio\",\"item\":\"https:\\\/\\\/www.caudete.org\\\/ayuntamiento\\\/\"},{\"@type\":\"ListItem\",\"position\":2,\"name\":\"Un total de 7 empresas reciben el 26% de cofinanciaci\u00f3n en inversiones por parte del Grupo de Desarrollo Local de la Mancomunidad Monteiberico-Corredor de Almansa\"}]},{\"@type\":\"WebSite\",\"@id\":\"https:\\\/\\\/www.caudete.org\\\/ayuntamiento\\\/#website\",\"url\":\"https:\\\/\\\/www.caudete.org\\\/ayuntamiento\\\/\",\"name\":\"MI Ayuntamiento de Caudete\",\"description\":\"P\u00e1gina Oficial del MI Ayuntamiento de Caudete\",\"publisher\":{\"@id\":\"https:\\\/\\\/www.caudete.org\\\/ayuntamiento\\\/#organization\"},\"potentialAction\":[{\"@type\":\"SearchAction\",\"target\":{\"@type\":\"EntryPoint\",\"urlTemplate\":\"https:\\\/\\\/www.caudete.org\\\/ayuntamiento\\\/?s={search_term_string}\"},\"query-input\":{\"@type\":\"PropertyValueSpecification\",\"valueRequired\":true,\"valueName\":\"search_term_string\"}}],\"inLanguage\":\"es\"},{\"@type\":\"Organization\",\"@id\":\"https:\\\/\\\/www.caudete.org\\\/ayuntamiento\\\/#organization\",\"name\":\"Ayuntamiento de Caudete\",\"url\":\"https:\\\/\\\/www.caudete.org\\\/ayuntamiento\\\/\",\"logo\":{\"@type\":\"ImageObject\",\"inLanguage\":\"es\",\"@id\":\"https:\\\/\\\/www.caudete.org\\\/ayuntamiento\\\/#\\\/schema\\\/logo\\\/image\\\/\",\"url\":\"https:\\\/\\\/www.caudete.org\\\/ayuntamiento\\\/wp-content\\\/uploads\\\/2020\\\/11\\\/logo_ayuntamiento_caudete.jpg\",\"contentUrl\":\"https:\\\/\\\/www.caudete.org\\\/ayuntamiento\\\/wp-content\\\/uploads\\\/2020\\\/11\\\/logo_ayuntamiento_caudete.jpg\",\"width\":600,\"height\":150,\"caption\":\"Ayuntamiento de Caudete\"},\"image\":{\"@id\":\"https:\\\/\\\/www.caudete.org\\\/ayuntamiento\\\/#\\\/schema\\\/logo\\\/image\\\/\"},\"sameAs\":[\"https:\\\/\\\/www.facebook.com\\\/ayuntamientocaudete\\\/\",\"https:\\\/\\\/www.youtube.com\\\/channel\\\/UC6VztHaooNsGpw-tNoBEFnQ\"]},{\"@type\":\"Person\",\"@id\":\"https:\\\/\\\/www.caudete.org\\\/ayuntamiento\\\/#\\\/schema\\\/person\\\/cc646da9133078ee4d8dd47457947253\",\"name\":\"alcalde\",\"image\":{\"@type\":\"ImageObject\",\"inLanguage\":\"es\",\"@id\":\"https:\\\/\\\/secure.gravatar.com\\\/avatar\\\/84a817ba065b29ff08d666b215a215f5c79186a645ccb25b14a663d48a130f77?s=96&d=mm&r=g\",\"url\":\"https:\\\/\\\/secure.gravatar.com\\\/avatar\\\/84a817ba065b29ff08d666b215a215f5c79186a645ccb25b14a663d48a130f77?s=96&d=mm&r=g\",\"contentUrl\":\"https:\\\/\\\/secure.gravatar.com\\\/avatar\\\/84a817ba065b29ff08d666b215a215f5c79186a645ccb25b14a663d48a130f77?s=96&d=mm&r=g\",\"caption\":\"alcalde\"},\"url\":\"https:\\\/\\\/www.caudete.org\\\/ayuntamiento\\\/author\\\/alcalde\\\/\"}]}<\/script>\n<!-- \/ Yoast SEO plugin. -->","yoast_head_json":{"title":"Un total de 7 empresas reciben el 26% de cofinanciaci\u00f3n en inversiones por parte del Grupo de Desarrollo Local de la Mancomunidad Monteiberico-Corredor de Almansa - MI Ayuntamiento de Caudete","description":"P\u00e1gina Oficial del Ayuntamiento de Caudete (Albacete)","robots":{"index":"index","follow":"follow","max-snippet":"max-snippet:-1","max-image-preview":"max-image-preview:large","max-video-preview":"max-video-preview:-1"},"canonical":"https:\/\/www.caudete.org\/ayuntamiento\/un-total-de-7-empresas-reciben-el-26-de-cofinanciacion-en-inversiones-por-parte-del-grupo-de-accion-local-de-la-mancomunidad-monteiberico-corredor-de-almansa\/","og_locale":"es_ES","og_type":"article","og_title":"Un total de 7 empresas reciben el 26% de cofinanciaci\u00f3n en inversiones por parte del Grupo de Desarrollo Local de la Mancomunidad Monteiberico-Corredor de Almansa - MI Ayuntamiento de Caudete","og_description":"P\u00e1gina Oficial del Ayuntamiento de Caudete (Albacete)","og_url":"https:\/\/www.caudete.org\/ayuntamiento\/un-total-de-7-empresas-reciben-el-26-de-cofinanciacion-en-inversiones-por-parte-del-grupo-de-accion-local-de-la-mancomunidad-monteiberico-corredor-de-almansa\/","og_site_name":"MI Ayuntamiento de Caudete","article_publisher":"https:\/\/www.facebook.com\/ayuntamientocaudete\/","article_published_time":"2024-12-31T08:58:08+00:00","article_modified_time":"2025-01-16T11:44:56+00:00","og_image":[{"width":1600,"height":1200,"url":"https:\/\/www.caudete.org\/ayuntamiento\/wp-content\/uploads\/2024\/12\/WhatsApp-Image-2024-11-18-at-13.03.02.jpeg","type":"image\/jpeg"}],"author":"alcalde","twitter_card":"summary_large_image","twitter_misc":{"Escrito por":"alcalde","Tiempo de lectura":"1 minuto"},"schema":{"@context":"https:\/\/schema.org","@graph":[{"@type":"Article","@id":"https:\/\/www.caudete.org\/ayuntamiento\/un-total-de-7-empresas-reciben-el-26-de-cofinanciacion-en-inversiones-por-parte-del-grupo-de-accion-local-de-la-mancomunidad-monteiberico-corredor-de-almansa\/#article","isPartOf":{"@id":"https:\/\/www.caudete.org\/ayuntamiento\/un-total-de-7-empresas-reciben-el-26-de-cofinanciacion-en-inversiones-por-parte-del-grupo-de-accion-local-de-la-mancomunidad-monteiberico-corredor-de-almansa\/"},"author":{"name":"alcalde","@id":"https:\/\/www.caudete.org\/ayuntamiento\/#\/schema\/person\/cc646da9133078ee4d8dd47457947253"},"headline":"Un total de 7 empresas reciben el 26% de cofinanciaci\u00f3n en inversiones por parte del Grupo de Desarrollo Local de la Mancomunidad Monteiberico-Corredor de Almansa","datePublished":"2024-12-31T08:58:08+00:00","dateModified":"2025-01-16T11:44:56+00:00","mainEntityOfPage":{"@id":"https:\/\/www.caudete.org\/ayuntamiento\/un-total-de-7-empresas-reciben-el-26-de-cofinanciacion-en-inversiones-por-parte-del-grupo-de-accion-local-de-la-mancomunidad-monteiberico-corredor-de-almansa\/"},"wordCount":203,"publisher":{"@id":"https:\/\/www.caudete.org\/ayuntamiento\/#organization"},"image":{"@id":"https:\/\/www.caudete.org\/ayuntamiento\/un-total-de-7-empresas-reciben-el-26-de-cofinanciacion-en-inversiones-por-parte-del-grupo-de-accion-local-de-la-mancomunidad-monteiberico-corredor-de-almansa\/#primaryimage"},"thumbnailUrl":"https:\/\/www.caudete.org\/ayuntamiento\/wp-content\/uploads\/2024\/12\/WhatsApp-Image-2024-11-18-at-13.03.02.jpeg","articleSection":["Promoci\u00f3n y Desarrollo Econ\u00f3mico"],"inLanguage":"es"},{"@type":"WebPage","@id":"https:\/\/www.caudete.org\/ayuntamiento\/un-total-de-7-empresas-reciben-el-26-de-cofinanciacion-en-inversiones-por-parte-del-grupo-de-accion-local-de-la-mancomunidad-monteiberico-corredor-de-almansa\/","url":"https:\/\/www.caudete.org\/ayuntamiento\/un-total-de-7-empresas-reciben-el-26-de-cofinanciacion-en-inversiones-por-parte-del-grupo-de-accion-local-de-la-mancomunidad-monteiberico-corredor-de-almansa\/","name":"Un total de 7 empresas reciben el 26% de cofinanciaci\u00f3n en inversiones por parte del Grupo de Desarrollo Local de la Mancomunidad Monteiberico-Corredor de Almansa - MI Ayuntamiento de Caudete","isPartOf":{"@id":"https:\/\/www.caudete.org\/ayuntamiento\/#website"},"primaryImageOfPage":{"@id":"https:\/\/www.caudete.org\/ayuntamiento\/un-total-de-7-empresas-reciben-el-26-de-cofinanciacion-en-inversiones-por-parte-del-grupo-de-accion-local-de-la-mancomunidad-monteiberico-corredor-de-almansa\/#primaryimage"},"image":{"@id":"https:\/\/www.caudete.org\/ayuntamiento\/un-total-de-7-empresas-reciben-el-26-de-cofinanciacion-en-inversiones-por-parte-del-grupo-de-accion-local-de-la-mancomunidad-monteiberico-corredor-de-almansa\/#primaryimage"},"thumbnailUrl":"https:\/\/www.caudete.org\/ayuntamiento\/wp-content\/uploads\/2024\/12\/WhatsApp-Image-2024-11-18-at-13.03.02.jpeg","datePublished":"2024-12-31T08:58:08+00:00","dateModified":"2025-01-16T11:44:56+00:00","description":"P\u00e1gina Oficial del Ayuntamiento de Caudete (Albacete)","breadcrumb":{"@id":"https:\/\/www.caudete.org\/ayuntamiento\/un-total-de-7-empresas-reciben-el-26-de-cofinanciacion-en-inversiones-por-parte-del-grupo-de-accion-local-de-la-mancomunidad-monteiberico-corredor-de-almansa\/#breadcrumb"},"inLanguage":"es","potentialAction":[{"@type":"ReadAction","target":["https:\/\/www.caudete.org\/ayuntamiento\/un-total-de-7-empresas-reciben-el-26-de-cofinanciacion-en-inversiones-por-parte-del-grupo-de-accion-local-de-la-mancomunidad-monteiberico-corredor-de-almansa\/"]}]},{"@type":"ImageObject","inLanguage":"es","@id":"https:\/\/www.caudete.org\/ayuntamiento\/un-total-de-7-empresas-reciben-el-26-de-cofinanciacion-en-inversiones-por-parte-del-grupo-de-accion-local-de-la-mancomunidad-monteiberico-corredor-de-almansa\/#primaryimage","url":"https:\/\/www.caudete.org\/ayuntamiento\/wp-content\/uploads\/2024\/12\/WhatsApp-Image-2024-11-18-at-13.03.02.jpeg","contentUrl":"https:\/\/www.caudete.org\/ayuntamiento\/wp-content\/uploads\/2024\/12\/WhatsApp-Image-2024-11-18-at-13.03.02.jpeg","width":1600,"height":1200},{"@type":"BreadcrumbList","@id":"https:\/\/www.caudete.org\/ayuntamiento\/un-total-de-7-empresas-reciben-el-26-de-cofinanciacion-en-inversiones-por-parte-del-grupo-de-accion-local-de-la-mancomunidad-monteiberico-corredor-de-almansa\/#breadcrumb","itemListElement":[{"@type":"ListItem","position":1,"name":"Inicio","item":"https:\/\/www.caudete.org\/ayuntamiento\/"},{"@type":"ListItem","position":2,"name":"Un total de 7 empresas reciben el 26% de cofinanciaci\u00f3n en inversiones por parte del Grupo de Desarrollo Local de la Mancomunidad Monteiberico-Corredor de Almansa"}]},{"@type":"WebSite","@id":"https:\/\/www.caudete.org\/ayuntamiento\/#website","url":"https:\/\/www.caudete.org\/ayuntamiento\/","name":"MI Ayuntamiento de Caudete","description":"P\u00e1gina Oficial del MI Ayuntamiento de Caudete","publisher":{"@id":"https:\/\/www.caudete.org\/ayuntamiento\/#organization"},"potentialAction":[{"@type":"SearchAction","target":{"@type":"EntryPoint","urlTemplate":"https:\/\/www.caudete.org\/ayuntamiento\/?s={search_term_string}"},"query-input":{"@type":"PropertyValueSpecification","valueRequired":true,"valueName":"search_term_string"}}],"inLanguage":"es"},{"@type":"Organization","@id":"https:\/\/www.caudete.org\/ayuntamiento\/#organization","name":"Ayuntamiento de Caudete","url":"https:\/\/www.caudete.org\/ayuntamiento\/","logo":{"@type":"ImageObject","inLanguage":"es","@id":"https:\/\/www.caudete.org\/ayuntamiento\/#\/schema\/logo\/image\/","url":"https:\/\/www.caudete.org\/ayuntamiento\/wp-content\/uploads\/2020\/11\/logo_ayuntamiento_caudete.jpg","contentUrl":"https:\/\/www.caudete.org\/ayuntamiento\/wp-content\/uploads\/2020\/11\/logo_ayuntamiento_caudete.jpg","width":600,"height":150,"caption":"Ayuntamiento de Caudete"},"image":{"@id":"https:\/\/www.caudete.org\/ayuntamiento\/#\/schema\/logo\/image\/"},"sameAs":["https:\/\/www.facebook.com\/ayuntamientocaudete\/","https:\/\/www.youtube.com\/channel\/UC6VztHaooNsGpw-tNoBEFnQ"]},{"@type":"Person","@id":"https:\/\/www.caudete.org\/ayuntamiento\/#\/schema\/person\/cc646da9133078ee4d8dd47457947253","name":"alcalde","image":{"@type":"ImageObject","inLanguage":"es","@id":"https:\/\/secure.gravatar.com\/avatar\/84a817ba065b29ff08d666b215a215f5c79186a645ccb25b14a663d48a130f77?s=96&d=mm&r=g","url":"https:\/\/secure.gravatar.com\/avatar\/84a817ba065b29ff08d666b215a215f5c79186a645ccb25b14a663d48a130f77?s=96&d=mm&r=g","contentUrl":"https:\/\/secure.gravatar.com\/avatar\/84a817ba065b29ff08d666b215a215f5c79186a645ccb25b14a663d48a130f77?s=96&d=mm&r=g","caption":"alcalde"},"url":"https:\/\/www.caudete.org\/ayuntamiento\/author\/alcalde\/"}]}},"_links":{"self":[{"href":"https:\/\/www.caudete.org\/ayuntamiento\/wp-json\/wp\/v2\/posts\/27116","targetHints":{"allow":["GET"]}}],"collection":[{"href":"https:\/\/www.caudete.org\/ayuntamiento\/wp-json\/wp\/v2\/posts"}],"about":[{"href":"https:\/\/www.caudete.org\/ayuntamiento\/wp-json\/wp\/v2\/types\/post"}],"author":[{"embeddable":true,"href":"https:\/\/www.caudete.org\/ayuntamiento\/wp-json\/wp\/v2\/users\/3"}],"replies":[{"embeddable":true,"href":"https:\/\/www.caudete.org\/ayuntamiento\/wp-json\/wp\/v2\/comments?post=27116"}],"version-history":[{"count":1,"href":"https:\/\/www.caudete.org\/ayuntamiento\/wp-json\/wp\/v2\/posts\/27116\/revisions"}],"predecessor-version":[{"id":27118,"href":"https:\/\/www.caudete.org\/ayuntamiento\/wp-json\/wp\/v2\/posts\/27116\/revisions\/27118"}],"wp:featuredmedia":[{"embeddable":true,"href":"https:\/\/www.caudete.org\/ayuntamiento\/wp-json\/wp\/v2\/media\/27117"}],"wp:attachment":[{"href":"https:\/\/www.caudete.org\/ayuntamiento\/wp-json\/wp\/v2\/media?parent=27116"}],"wp:term":[{"taxonomy":"category","embeddable":true,"href":"https:\/\/www.caudete.org\/ayuntamiento\/wp-json\/wp\/v2\/categories?post=27116"},{"taxonomy":"post_tag","embeddable":true,"href":"https:\/\/www.caudete.org\/ayuntamiento\/wp-json\/wp\/v2\/tags?post=27116"}],"curies":[{"name":"wp","href":"https:\/\/api.w.org\/{rel}","templated":true}]}}