{"id":27121,"date":"2025-01-09T18:47:31","date_gmt":"2025-01-09T17:47:31","guid":{"rendered":"https:\/\/www.caudete.org\/ayuntamiento\/?p=27121"},"modified":"2025-01-09T18:49:01","modified_gmt":"2025-01-09T17:49:01","slug":"repuestos-los-6-arboles-danados-en-la-plaza-del-colegio-el-paseo","status":"publish","type":"post","link":"https:\/\/www.caudete.org\/ayuntamiento\/repuestos-los-6-arboles-danados-en-la-plaza-del-colegio-el-paseo\/","title":{"rendered":"Repuestos los 6 arboles da\u00f1ados en la plaza del Colegio EL PASEO"},"content":{"rendered":"<p style=\"text-align: justify;\">La Concejal\u00eda de Educaci\u00f3n, gestionada por la Edil Manuela Gonz\u00e1lez, ha repuesto hace unos d\u00edas los arboles situados en la plaza del CEIP El Paseo, que fueron da\u00f1ados tras un temporal climatol\u00f3gico en el verano de 2024.<\/p>\n<p style=\"text-align: justify;\">Se trata de un total de 6 unidades arb\u00f3reas que se sit\u00faan frente al edificio de Primaria, siendo la especie elegida la morera sin fruto, para evitar ensuciar el pavimento y minimizar a su vez riesgos a los viandantes.<\/p>\n<p style=\"text-align: justify;\">Con un coste total de 455&#8217;00\u20ac, el suministro y colocaci\u00f3n (incluido el entubado) ha sido realizado por una empresa local, sufragados mediante la partida de mantenimiento de Colegios que gestiona la Concejal\u00eda de Educaci\u00f3n, con la ayuda puntual de la Brigada de Obras que gestiona el Alcalde, Mois\u00e9s L\u00f3pez.<\/p>\n<p style=\"text-align: left;\"><a href=\"https:\/\/www.caudete.org\/ayuntamiento\/wp-content\/uploads\/2025\/01\/WhatsApp-Image-2025-01-02-at-14.19.18.jpeg\" rel='prettyPhoto'><img fetchpriority=\"high\" decoding=\"async\" class=\"alignnone wp-image-27124 size-full\" src=\"https:\/\/www.caudete.org\/ayuntamiento\/wp-content\/uploads\/2025\/01\/WhatsApp-Image-2025-01-02-at-14.19.18.jpeg\" alt=\"\" width=\"920\" height=\"2040\" srcset=\"https:\/\/www.caudete.org\/ayuntamiento\/wp-content\/uploads\/2025\/01\/WhatsApp-Image-2025-01-02-at-14.19.18.jpeg 920w, https:\/\/www.caudete.org\/ayuntamiento\/wp-content\/uploads\/2025\/01\/WhatsApp-Image-2025-01-02-at-14.19.18-135x300.jpeg 135w, https:\/\/www.caudete.org\/ayuntamiento\/wp-content\/uploads\/2025\/01\/WhatsApp-Image-2025-01-02-at-14.19.18-462x1024.jpeg 462w, https:\/\/www.caudete.org\/ayuntamiento\/wp-content\/uploads\/2025\/01\/WhatsApp-Image-2025-01-02-at-14.19.18-768x1703.jpeg 768w, https:\/\/www.caudete.org\/ayuntamiento\/wp-content\/uploads\/2025\/01\/WhatsApp-Image-2025-01-02-at-14.19.18-693x1536.jpeg 693w\" sizes=\"(max-width: 920px) 100vw, 920px\" \/><\/a><\/p>\n<p>&nbsp;<\/p>\n","protected":false},"excerpt":{"rendered":"<p>La Concejal\u00eda de Educaci\u00f3n, gestionada por la Edil Manuela Gonz\u00e1lez, ha repuesto hace unos d\u00edas los arboles situados en la plaza del CEIP El Paseo, que fueron da\u00f1ados tras un temporal climatol\u00f3gico en el verano de 2024. Se trata de un total de 6 unidades arb\u00f3reas que se sit\u00faan frente al edificio de Primaria, siendo &hellip;<\/p>\n","protected":false},"author":3,"featured_media":27125,"comment_status":"closed","ping_status":"open","sticky":false,"template":"","format":"standard","meta":{"ngg_post_thumbnail":0,"footnotes":""},"categories":[25],"tags":[],"class_list":["post-27121","post","type-post","status-publish","format-standard","has-post-thumbnail","hentry","category-educacion"],"yoast_head":"<!-- This site is optimized with the Yoast SEO plugin v27.4 - https:\/\/yoast.com\/product\/yoast-seo-wordpress\/ -->\n<title>Repuestos los 6 arboles da\u00f1ados en la plaza del Colegio EL PASEO - MI Ayuntamiento de Caudete<\/title>\n<meta name=\"description\" content=\"P\u00e1gina Oficial del Ayuntamiento de Caudete (Albacete)\" \/>\n<meta name=\"robots\" content=\"index, follow, max-snippet:-1, max-image-preview:large, max-video-preview:-1\" \/>\n<link rel=\"canonical\" href=\"https:\/\/www.caudete.org\/ayuntamiento\/repuestos-los-6-arboles-danados-en-la-plaza-del-colegio-el-paseo\/\" \/>\n<meta property=\"og:locale\" content=\"es_ES\" \/>\n<meta property=\"og:type\" content=\"article\" \/>\n<meta property=\"og:title\" content=\"Repuestos los 6 arboles da\u00f1ados en la plaza del Colegio EL PASEO - MI Ayuntamiento de Caudete\" \/>\n<meta property=\"og:description\" content=\"P\u00e1gina Oficial del Ayuntamiento de Caudete (Albacete)\" \/>\n<meta property=\"og:url\" content=\"https:\/\/www.caudete.org\/ayuntamiento\/repuestos-los-6-arboles-danados-en-la-plaza-del-colegio-el-paseo\/\" \/>\n<meta property=\"og:site_name\" content=\"MI Ayuntamiento de Caudete\" \/>\n<meta property=\"article:publisher\" content=\"https:\/\/www.facebook.com\/ayuntamientocaudete\/\" \/>\n<meta property=\"article:published_time\" content=\"2025-01-09T17:47:31+00:00\" \/>\n<meta property=\"article:modified_time\" content=\"2025-01-09T17:49:01+00:00\" \/>\n<meta property=\"og:image\" content=\"https:\/\/www.caudete.org\/ayuntamiento\/wp-content\/uploads\/2025\/01\/moreras-colegio-paseo.jpeg\" \/>\n\t<meta property=\"og:image:width\" content=\"920\" \/>\n\t<meta property=\"og:image:height\" content=\"625\" \/>\n\t<meta property=\"og:image:type\" content=\"image\/jpeg\" \/>\n<meta name=\"author\" content=\"alcalde\" \/>\n<meta name=\"twitter:card\" content=\"summary_large_image\" \/>\n<meta name=\"twitter:label1\" content=\"Escrito por\" \/>\n\t<meta name=\"twitter:data1\" content=\"alcalde\" \/>\n\t<meta name=\"twitter:label2\" content=\"Tiempo de lectura\" \/>\n\t<meta name=\"twitter:data2\" content=\"1 minuto\" \/>\n<script type=\"application\/ld+json\" class=\"yoast-schema-graph\">{\"@context\":\"https:\\\/\\\/schema.org\",\"@graph\":[{\"@type\":\"Article\",\"@id\":\"https:\\\/\\\/www.caudete.org\\\/ayuntamiento\\\/repuestos-los-6-arboles-danados-en-la-plaza-del-colegio-el-paseo\\\/#article\",\"isPartOf\":{\"@id\":\"https:\\\/\\\/www.caudete.org\\\/ayuntamiento\\\/repuestos-los-6-arboles-danados-en-la-plaza-del-colegio-el-paseo\\\/\"},\"author\":{\"name\":\"alcalde\",\"@id\":\"https:\\\/\\\/www.caudete.org\\\/ayuntamiento\\\/#\\\/schema\\\/person\\\/cc646da9133078ee4d8dd47457947253\"},\"headline\":\"Repuestos los 6 arboles da\u00f1ados en la plaza del Colegio EL PASEO\",\"datePublished\":\"2025-01-09T17:47:31+00:00\",\"dateModified\":\"2025-01-09T17:49:01+00:00\",\"mainEntityOfPage\":{\"@id\":\"https:\\\/\\\/www.caudete.org\\\/ayuntamiento\\\/repuestos-los-6-arboles-danados-en-la-plaza-del-colegio-el-paseo\\\/\"},\"wordCount\":148,\"publisher\":{\"@id\":\"https:\\\/\\\/www.caudete.org\\\/ayuntamiento\\\/#organization\"},\"image\":{\"@id\":\"https:\\\/\\\/www.caudete.org\\\/ayuntamiento\\\/repuestos-los-6-arboles-danados-en-la-plaza-del-colegio-el-paseo\\\/#primaryimage\"},\"thumbnailUrl\":\"https:\\\/\\\/www.caudete.org\\\/ayuntamiento\\\/wp-content\\\/uploads\\\/2025\\\/01\\\/moreras-colegio-paseo.jpeg\",\"articleSection\":[\"Educaci\u00f3n\"],\"inLanguage\":\"es\"},{\"@type\":\"WebPage\",\"@id\":\"https:\\\/\\\/www.caudete.org\\\/ayuntamiento\\\/repuestos-los-6-arboles-danados-en-la-plaza-del-colegio-el-paseo\\\/\",\"url\":\"https:\\\/\\\/www.caudete.org\\\/ayuntamiento\\\/repuestos-los-6-arboles-danados-en-la-plaza-del-colegio-el-paseo\\\/\",\"name\":\"Repuestos los 6 arboles da\u00f1ados en la plaza del Colegio EL PASEO - MI Ayuntamiento de Caudete\",\"isPartOf\":{\"@id\":\"https:\\\/\\\/www.caudete.org\\\/ayuntamiento\\\/#website\"},\"primaryImageOfPage\":{\"@id\":\"https:\\\/\\\/www.caudete.org\\\/ayuntamiento\\\/repuestos-los-6-arboles-danados-en-la-plaza-del-colegio-el-paseo\\\/#primaryimage\"},\"image\":{\"@id\":\"https:\\\/\\\/www.caudete.org\\\/ayuntamiento\\\/repuestos-los-6-arboles-danados-en-la-plaza-del-colegio-el-paseo\\\/#primaryimage\"},\"thumbnailUrl\":\"https:\\\/\\\/www.caudete.org\\\/ayuntamiento\\\/wp-content\\\/uploads\\\/2025\\\/01\\\/moreras-colegio-paseo.jpeg\",\"datePublished\":\"2025-01-09T17:47:31+00:00\",\"dateModified\":\"2025-01-09T17:49:01+00:00\",\"description\":\"P\u00e1gina Oficial del Ayuntamiento de Caudete (Albacete)\",\"breadcrumb\":{\"@id\":\"https:\\\/\\\/www.caudete.org\\\/ayuntamiento\\\/repuestos-los-6-arboles-danados-en-la-plaza-del-colegio-el-paseo\\\/#breadcrumb\"},\"inLanguage\":\"es\",\"potentialAction\":[{\"@type\":\"ReadAction\",\"target\":[\"https:\\\/\\\/www.caudete.org\\\/ayuntamiento\\\/repuestos-los-6-arboles-danados-en-la-plaza-del-colegio-el-paseo\\\/\"]}]},{\"@type\":\"ImageObject\",\"inLanguage\":\"es\",\"@id\":\"https:\\\/\\\/www.caudete.org\\\/ayuntamiento\\\/repuestos-los-6-arboles-danados-en-la-plaza-del-colegio-el-paseo\\\/#primaryimage\",\"url\":\"https:\\\/\\\/www.caudete.org\\\/ayuntamiento\\\/wp-content\\\/uploads\\\/2025\\\/01\\\/moreras-colegio-paseo.jpeg\",\"contentUrl\":\"https:\\\/\\\/www.caudete.org\\\/ayuntamiento\\\/wp-content\\\/uploads\\\/2025\\\/01\\\/moreras-colegio-paseo.jpeg\",\"width\":920,\"height\":625},{\"@type\":\"BreadcrumbList\",\"@id\":\"https:\\\/\\\/www.caudete.org\\\/ayuntamiento\\\/repuestos-los-6-arboles-danados-en-la-plaza-del-colegio-el-paseo\\\/#breadcrumb\",\"itemListElement\":[{\"@type\":\"ListItem\",\"position\":1,\"name\":\"Inicio\",\"item\":\"https:\\\/\\\/www.caudete.org\\\/ayuntamiento\\\/\"},{\"@type\":\"ListItem\",\"position\":2,\"name\":\"Repuestos los 6 arboles da\u00f1ados en la plaza del Colegio EL PASEO\"}]},{\"@type\":\"WebSite\",\"@id\":\"https:\\\/\\\/www.caudete.org\\\/ayuntamiento\\\/#website\",\"url\":\"https:\\\/\\\/www.caudete.org\\\/ayuntamiento\\\/\",\"name\":\"MI Ayuntamiento de Caudete\",\"description\":\"P\u00e1gina Oficial del MI Ayuntamiento de Caudete\",\"publisher\":{\"@id\":\"https:\\\/\\\/www.caudete.org\\\/ayuntamiento\\\/#organization\"},\"potentialAction\":[{\"@type\":\"SearchAction\",\"target\":{\"@type\":\"EntryPoint\",\"urlTemplate\":\"https:\\\/\\\/www.caudete.org\\\/ayuntamiento\\\/?s={search_term_string}\"},\"query-input\":{\"@type\":\"PropertyValueSpecification\",\"valueRequired\":true,\"valueName\":\"search_term_string\"}}],\"inLanguage\":\"es\"},{\"@type\":\"Organization\",\"@id\":\"https:\\\/\\\/www.caudete.org\\\/ayuntamiento\\\/#organization\",\"name\":\"Ayuntamiento de Caudete\",\"url\":\"https:\\\/\\\/www.caudete.org\\\/ayuntamiento\\\/\",\"logo\":{\"@type\":\"ImageObject\",\"inLanguage\":\"es\",\"@id\":\"https:\\\/\\\/www.caudete.org\\\/ayuntamiento\\\/#\\\/schema\\\/logo\\\/image\\\/\",\"url\":\"https:\\\/\\\/www.caudete.org\\\/ayuntamiento\\\/wp-content\\\/uploads\\\/2020\\\/11\\\/logo_ayuntamiento_caudete.jpg\",\"contentUrl\":\"https:\\\/\\\/www.caudete.org\\\/ayuntamiento\\\/wp-content\\\/uploads\\\/2020\\\/11\\\/logo_ayuntamiento_caudete.jpg\",\"width\":600,\"height\":150,\"caption\":\"Ayuntamiento de Caudete\"},\"image\":{\"@id\":\"https:\\\/\\\/www.caudete.org\\\/ayuntamiento\\\/#\\\/schema\\\/logo\\\/image\\\/\"},\"sameAs\":[\"https:\\\/\\\/www.facebook.com\\\/ayuntamientocaudete\\\/\",\"https:\\\/\\\/www.youtube.com\\\/channel\\\/UC6VztHaooNsGpw-tNoBEFnQ\"]},{\"@type\":\"Person\",\"@id\":\"https:\\\/\\\/www.caudete.org\\\/ayuntamiento\\\/#\\\/schema\\\/person\\\/cc646da9133078ee4d8dd47457947253\",\"name\":\"alcalde\",\"image\":{\"@type\":\"ImageObject\",\"inLanguage\":\"es\",\"@id\":\"https:\\\/\\\/secure.gravatar.com\\\/avatar\\\/84a817ba065b29ff08d666b215a215f5c79186a645ccb25b14a663d48a130f77?s=96&d=mm&r=g\",\"url\":\"https:\\\/\\\/secure.gravatar.com\\\/avatar\\\/84a817ba065b29ff08d666b215a215f5c79186a645ccb25b14a663d48a130f77?s=96&d=mm&r=g\",\"contentUrl\":\"https:\\\/\\\/secure.gravatar.com\\\/avatar\\\/84a817ba065b29ff08d666b215a215f5c79186a645ccb25b14a663d48a130f77?s=96&d=mm&r=g\",\"caption\":\"alcalde\"},\"url\":\"https:\\\/\\\/www.caudete.org\\\/ayuntamiento\\\/author\\\/alcalde\\\/\"}]}<\/script>\n<!-- \/ Yoast SEO plugin. -->","yoast_head_json":{"title":"Repuestos los 6 arboles da\u00f1ados en la plaza del Colegio EL PASEO - MI Ayuntamiento de Caudete","description":"P\u00e1gina Oficial del Ayuntamiento de Caudete (Albacete)","robots":{"index":"index","follow":"follow","max-snippet":"max-snippet:-1","max-image-preview":"max-image-preview:large","max-video-preview":"max-video-preview:-1"},"canonical":"https:\/\/www.caudete.org\/ayuntamiento\/repuestos-los-6-arboles-danados-en-la-plaza-del-colegio-el-paseo\/","og_locale":"es_ES","og_type":"article","og_title":"Repuestos los 6 arboles da\u00f1ados en la plaza del Colegio EL PASEO - MI Ayuntamiento de Caudete","og_description":"P\u00e1gina Oficial del Ayuntamiento de Caudete (Albacete)","og_url":"https:\/\/www.caudete.org\/ayuntamiento\/repuestos-los-6-arboles-danados-en-la-plaza-del-colegio-el-paseo\/","og_site_name":"MI Ayuntamiento de Caudete","article_publisher":"https:\/\/www.facebook.com\/ayuntamientocaudete\/","article_published_time":"2025-01-09T17:47:31+00:00","article_modified_time":"2025-01-09T17:49:01+00:00","og_image":[{"width":920,"height":625,"url":"https:\/\/www.caudete.org\/ayuntamiento\/wp-content\/uploads\/2025\/01\/moreras-colegio-paseo.jpeg","type":"image\/jpeg"}],"author":"alcalde","twitter_card":"summary_large_image","twitter_misc":{"Escrito por":"alcalde","Tiempo de lectura":"1 minuto"},"schema":{"@context":"https:\/\/schema.org","@graph":[{"@type":"Article","@id":"https:\/\/www.caudete.org\/ayuntamiento\/repuestos-los-6-arboles-danados-en-la-plaza-del-colegio-el-paseo\/#article","isPartOf":{"@id":"https:\/\/www.caudete.org\/ayuntamiento\/repuestos-los-6-arboles-danados-en-la-plaza-del-colegio-el-paseo\/"},"author":{"name":"alcalde","@id":"https:\/\/www.caudete.org\/ayuntamiento\/#\/schema\/person\/cc646da9133078ee4d8dd47457947253"},"headline":"Repuestos los 6 arboles da\u00f1ados en la plaza del Colegio EL PASEO","datePublished":"2025-01-09T17:47:31+00:00","dateModified":"2025-01-09T17:49:01+00:00","mainEntityOfPage":{"@id":"https:\/\/www.caudete.org\/ayuntamiento\/repuestos-los-6-arboles-danados-en-la-plaza-del-colegio-el-paseo\/"},"wordCount":148,"publisher":{"@id":"https:\/\/www.caudete.org\/ayuntamiento\/#organization"},"image":{"@id":"https:\/\/www.caudete.org\/ayuntamiento\/repuestos-los-6-arboles-danados-en-la-plaza-del-colegio-el-paseo\/#primaryimage"},"thumbnailUrl":"https:\/\/www.caudete.org\/ayuntamiento\/wp-content\/uploads\/2025\/01\/moreras-colegio-paseo.jpeg","articleSection":["Educaci\u00f3n"],"inLanguage":"es"},{"@type":"WebPage","@id":"https:\/\/www.caudete.org\/ayuntamiento\/repuestos-los-6-arboles-danados-en-la-plaza-del-colegio-el-paseo\/","url":"https:\/\/www.caudete.org\/ayuntamiento\/repuestos-los-6-arboles-danados-en-la-plaza-del-colegio-el-paseo\/","name":"Repuestos los 6 arboles da\u00f1ados en la plaza del Colegio EL PASEO - MI Ayuntamiento de Caudete","isPartOf":{"@id":"https:\/\/www.caudete.org\/ayuntamiento\/#website"},"primaryImageOfPage":{"@id":"https:\/\/www.caudete.org\/ayuntamiento\/repuestos-los-6-arboles-danados-en-la-plaza-del-colegio-el-paseo\/#primaryimage"},"image":{"@id":"https:\/\/www.caudete.org\/ayuntamiento\/repuestos-los-6-arboles-danados-en-la-plaza-del-colegio-el-paseo\/#primaryimage"},"thumbnailUrl":"https:\/\/www.caudete.org\/ayuntamiento\/wp-content\/uploads\/2025\/01\/moreras-colegio-paseo.jpeg","datePublished":"2025-01-09T17:47:31+00:00","dateModified":"2025-01-09T17:49:01+00:00","description":"P\u00e1gina Oficial del Ayuntamiento de Caudete (Albacete)","breadcrumb":{"@id":"https:\/\/www.caudete.org\/ayuntamiento\/repuestos-los-6-arboles-danados-en-la-plaza-del-colegio-el-paseo\/#breadcrumb"},"inLanguage":"es","potentialAction":[{"@type":"ReadAction","target":["https:\/\/www.caudete.org\/ayuntamiento\/repuestos-los-6-arboles-danados-en-la-plaza-del-colegio-el-paseo\/"]}]},{"@type":"ImageObject","inLanguage":"es","@id":"https:\/\/www.caudete.org\/ayuntamiento\/repuestos-los-6-arboles-danados-en-la-plaza-del-colegio-el-paseo\/#primaryimage","url":"https:\/\/www.caudete.org\/ayuntamiento\/wp-content\/uploads\/2025\/01\/moreras-colegio-paseo.jpeg","contentUrl":"https:\/\/www.caudete.org\/ayuntamiento\/wp-content\/uploads\/2025\/01\/moreras-colegio-paseo.jpeg","width":920,"height":625},{"@type":"BreadcrumbList","@id":"https:\/\/www.caudete.org\/ayuntamiento\/repuestos-los-6-arboles-danados-en-la-plaza-del-colegio-el-paseo\/#breadcrumb","itemListElement":[{"@type":"ListItem","position":1,"name":"Inicio","item":"https:\/\/www.caudete.org\/ayuntamiento\/"},{"@type":"ListItem","position":2,"name":"Repuestos los 6 arboles da\u00f1ados en la plaza del Colegio EL PASEO"}]},{"@type":"WebSite","@id":"https:\/\/www.caudete.org\/ayuntamiento\/#website","url":"https:\/\/www.caudete.org\/ayuntamiento\/","name":"MI Ayuntamiento de Caudete","description":"P\u00e1gina Oficial del MI Ayuntamiento de Caudete","publisher":{"@id":"https:\/\/www.caudete.org\/ayuntamiento\/#organization"},"potentialAction":[{"@type":"SearchAction","target":{"@type":"EntryPoint","urlTemplate":"https:\/\/www.caudete.org\/ayuntamiento\/?s={search_term_string}"},"query-input":{"@type":"PropertyValueSpecification","valueRequired":true,"valueName":"search_term_string"}}],"inLanguage":"es"},{"@type":"Organization","@id":"https:\/\/www.caudete.org\/ayuntamiento\/#organization","name":"Ayuntamiento de Caudete","url":"https:\/\/www.caudete.org\/ayuntamiento\/","logo":{"@type":"ImageObject","inLanguage":"es","@id":"https:\/\/www.caudete.org\/ayuntamiento\/#\/schema\/logo\/image\/","url":"https:\/\/www.caudete.org\/ayuntamiento\/wp-content\/uploads\/2020\/11\/logo_ayuntamiento_caudete.jpg","contentUrl":"https:\/\/www.caudete.org\/ayuntamiento\/wp-content\/uploads\/2020\/11\/logo_ayuntamiento_caudete.jpg","width":600,"height":150,"caption":"Ayuntamiento de Caudete"},"image":{"@id":"https:\/\/www.caudete.org\/ayuntamiento\/#\/schema\/logo\/image\/"},"sameAs":["https:\/\/www.facebook.com\/ayuntamientocaudete\/","https:\/\/www.youtube.com\/channel\/UC6VztHaooNsGpw-tNoBEFnQ"]},{"@type":"Person","@id":"https:\/\/www.caudete.org\/ayuntamiento\/#\/schema\/person\/cc646da9133078ee4d8dd47457947253","name":"alcalde","image":{"@type":"ImageObject","inLanguage":"es","@id":"https:\/\/secure.gravatar.com\/avatar\/84a817ba065b29ff08d666b215a215f5c79186a645ccb25b14a663d48a130f77?s=96&d=mm&r=g","url":"https:\/\/secure.gravatar.com\/avatar\/84a817ba065b29ff08d666b215a215f5c79186a645ccb25b14a663d48a130f77?s=96&d=mm&r=g","contentUrl":"https:\/\/secure.gravatar.com\/avatar\/84a817ba065b29ff08d666b215a215f5c79186a645ccb25b14a663d48a130f77?s=96&d=mm&r=g","caption":"alcalde"},"url":"https:\/\/www.caudete.org\/ayuntamiento\/author\/alcalde\/"}]}},"_links":{"self":[{"href":"https:\/\/www.caudete.org\/ayuntamiento\/wp-json\/wp\/v2\/posts\/27121","targetHints":{"allow":["GET"]}}],"collection":[{"href":"https:\/\/www.caudete.org\/ayuntamiento\/wp-json\/wp\/v2\/posts"}],"about":[{"href":"https:\/\/www.caudete.org\/ayuntamiento\/wp-json\/wp\/v2\/types\/post"}],"author":[{"embeddable":true,"href":"https:\/\/www.caudete.org\/ayuntamiento\/wp-json\/wp\/v2\/users\/3"}],"replies":[{"embeddable":true,"href":"https:\/\/www.caudete.org\/ayuntamiento\/wp-json\/wp\/v2\/comments?post=27121"}],"version-history":[{"count":1,"href":"https:\/\/www.caudete.org\/ayuntamiento\/wp-json\/wp\/v2\/posts\/27121\/revisions"}],"predecessor-version":[{"id":27126,"href":"https:\/\/www.caudete.org\/ayuntamiento\/wp-json\/wp\/v2\/posts\/27121\/revisions\/27126"}],"wp:featuredmedia":[{"embeddable":true,"href":"https:\/\/www.caudete.org\/ayuntamiento\/wp-json\/wp\/v2\/media\/27125"}],"wp:attachment":[{"href":"https:\/\/www.caudete.org\/ayuntamiento\/wp-json\/wp\/v2\/media?parent=27121"}],"wp:term":[{"taxonomy":"category","embeddable":true,"href":"https:\/\/www.caudete.org\/ayuntamiento\/wp-json\/wp\/v2\/categories?post=27121"},{"taxonomy":"post_tag","embeddable":true,"href":"https:\/\/www.caudete.org\/ayuntamiento\/wp-json\/wp\/v2\/tags?post=27121"}],"curies":[{"name":"wp","href":"https:\/\/api.w.org\/{rel}","templated":true}]}}