{"id":27129,"date":"2025-01-10T14:15:21","date_gmt":"2025-01-10T13:15:21","guid":{"rendered":"https:\/\/www.caudete.org\/ayuntamiento\/?p=27129"},"modified":"2025-01-21T08:16:15","modified_gmt":"2025-01-21T07:16:15","slug":"4-nuevos-desfibriladores-en-colegios-e-ies-se-suman-a-caudete-caridoprotegido","status":"publish","type":"post","link":"https:\/\/www.caudete.org\/ayuntamiento\/4-nuevos-desfibriladores-en-colegios-e-ies-se-suman-a-caudete-caridoprotegido\/","title":{"rendered":"4 nuevos desfibriladores en Colegios e IES se suman a CAUDETE CARDIOPROTEGIDO"},"content":{"rendered":"<p align=\"justify\"><a href=\"https:\/\/www.caudete.org\/ayuntamiento\/wp-content\/uploads\/2025\/01\/WhatsApp-Image-2025-01-10-at-12.32.24.jpeg\" rel='prettyPhoto'><img fetchpriority=\"high\" decoding=\"async\" class=\"alignnone wp-image-27130 size-full\" src=\"https:\/\/www.caudete.org\/ayuntamiento\/wp-content\/uploads\/2025\/01\/WhatsApp-Image-2025-01-10-at-12.32.24.jpeg\" alt=\"\" width=\"1599\" height=\"899\" srcset=\"https:\/\/www.caudete.org\/ayuntamiento\/wp-content\/uploads\/2025\/01\/WhatsApp-Image-2025-01-10-at-12.32.24.jpeg 1599w, https:\/\/www.caudete.org\/ayuntamiento\/wp-content\/uploads\/2025\/01\/WhatsApp-Image-2025-01-10-at-12.32.24-300x169.jpeg 300w, https:\/\/www.caudete.org\/ayuntamiento\/wp-content\/uploads\/2025\/01\/WhatsApp-Image-2025-01-10-at-12.32.24-1024x576.jpeg 1024w, https:\/\/www.caudete.org\/ayuntamiento\/wp-content\/uploads\/2025\/01\/WhatsApp-Image-2025-01-10-at-12.32.24-768x432.jpeg 768w, https:\/\/www.caudete.org\/ayuntamiento\/wp-content\/uploads\/2025\/01\/WhatsApp-Image-2025-01-10-at-12.32.24-1536x864.jpeg 1536w\" sizes=\"(max-width: 1599px) 100vw, 1599px\" \/><\/a><\/p>\n<p style=\"text-align: justify;\" align=\"justify\"><span style=\"font-family: Arial, sans-serif;\">Desde las Concejal\u00edas<\/span><span style=\"font-family: Arial, sans-serif;\">\u00a0de <\/span><span style=\"font-family: Arial, sans-serif;\">P<\/span><span style=\"font-family: Arial, sans-serif;\">romoci<\/span><span style=\"font-family: Arial, sans-serif;\">\u00f3<\/span><span style=\"font-family: Arial, sans-serif;\">n y <\/span><span style=\"font-family: Arial, sans-serif;\">D<\/span><span style=\"font-family: Arial, sans-serif;\">esarrollo <\/span><span style=\"font-family: Arial, sans-serif;\">E<\/span><span style=\"font-family: Arial, sans-serif;\">con\u00f3mico, y la de Educaci\u00f3n, ponemos en conocimiento de los ciudadanos de <\/span><span style=\"font-family: Arial, sans-serif;\">C<\/span><span style=\"font-family: Arial, sans-serif;\">audete la colocaci\u00f3n de <\/span><span style=\"font-family: Arial, sans-serif;\"><b>4 nuevos desfibriladores<\/b><\/span><span style=\"font-family: Arial, sans-serif;\"> en <\/span><span style=\"font-family: Arial, sans-serif;\"><b>4 c<\/b><\/span><span style=\"font-family: Arial, sans-serif;\"><b>entros<\/b><\/span><span style=\"font-family: Arial, sans-serif;\"><b> educativos<\/b><\/span><span style=\"font-family: Arial, sans-serif;\"> de la localidad: <\/span><\/p>\n<p style=\"text-align: justify;\" align=\"justify\"><span style=\"font-family: Arial, sans-serif;\"><i>C<\/i><\/span><span style=\"font-family: Arial, sans-serif;\"><i>olegio <\/i><\/span><span style=\"font-family: Arial, sans-serif;\"><i>A<\/i><\/span><span style=\"font-family: Arial, sans-serif;\"><i>lcazar y <\/i><\/span><span style=\"font-family: Arial, sans-serif;\"><i>S<\/i><\/span><span style=\"font-family: Arial, sans-serif;\"><i>errano, <\/i><\/span><span style=\"font-family: Arial, sans-serif;\"><i>C<\/i><\/span><span style=\"font-family: Arial, sans-serif;\"><i>olegio <\/i><\/span><span style=\"font-family: Arial, sans-serif;\"><i>Gl<\/i><\/span><span style=\"font-family: Arial, sans-serif;\"><i>oria <\/i><\/span><span style=\"font-family: Arial, sans-serif;\"><i>F<\/i><\/span><span style=\"font-family: Arial, sans-serif;\"><i>uertes, <\/i><\/span><span style=\"font-family: Arial, sans-serif;\"><i>C<\/i><\/span><span style=\"font-family: Arial, sans-serif;\"><i>olegio <\/i><\/span><span style=\"font-family: Arial, sans-serif;\"><i>E<\/i><\/span><span style=\"font-family: Arial, sans-serif;\"><i>l <\/i><\/span><span style=\"font-family: Arial, sans-serif;\"><i>P<\/i><\/span><span style=\"font-family: Arial, sans-serif;\"><i>aseo y el I<\/i><\/span><span style=\"font-family: Arial, sans-serif;\"><i>ES<\/i><\/span><i> <\/i><span style=\"font-family: Arial, sans-serif;\"><i>P<\/i><\/span><span style=\"font-family: Arial, sans-serif;\"><i>intor R<\/i><\/span><span style=\"font-family: Arial, sans-serif;\"><i>afael<\/i><\/span><i> <\/i><span style=\"font-family: Arial, sans-serif;\"><i>R<\/i><\/span><span style=\"font-family: Arial, sans-serif;\"><i>equena.<\/i><\/span><\/p>\n<p style=\"text-align: justify;\" align=\"justify\"><span style=\"font-family: Arial, sans-serif;\">La adquisici\u00f3n de estos 4 nuevos equipos de cardioprotecci\u00f3n ha sido financiada en su totalidad por el <b>Grupo Ceder -Monte Iberico Corredor De Almansa<\/b>, entidad en la que Caudete est\u00e1 representada en su Junta Directiva, mediante un proyecto mancomunado financiado por Fondos Europeos.<\/span><\/p>\n<p style=\"text-align: justify;\" align=\"justify\"><span style=\"font-family: Arial, sans-serif;\">Estos desfibriladores vienen a sumarse a los dispositivos de los que Caudete ya dispone en la mayor\u00eda de los espacios p\u00fablicos y dependencias municipales y, que se encuadran dentro del proyecto \u201c<b>Caudete Cardioprotegido\u201d<\/b>, un proyecto pionero en la comarca y provincia iniciado<\/span><span style=\"font-family: Arial, sans-serif;\">\u00a0en el a\u00f1o 2018 y, continua<\/span><span style=\"font-family: Arial, sans-serif;\">re<\/span><span style=\"font-family: Arial, sans-serif;\">mos con su desarrollo hasta c<\/span><span style=\"font-family: Arial, sans-serif;\">onseguir<\/span><span style=\"font-family: Arial, sans-serif;\"> que todos los espacios municipales puedan disponer de un desfibrilador .<\/span><\/p>\n<p style=\"text-align: justify;\" align=\"justify\"><span style=\"font-family: Arial, sans-serif;\"><i><b>\u00bfQu\u00e9 es un municipio cardioprotegido?<\/b><\/i><\/span><\/p>\n<p style=\"text-align: justify;\" align=\"justify\"><span style=\"font-family: Arial, sans-serif;\">Un municipio cardioprotegido es aque<\/span><span style=\"font-family: Arial, sans-serif;\">l que dispone de desfibriladores semiautom\u00e1ticos, los llamados<\/span><span style=\"font-family: Arial, sans-serif;\"><b> D<\/b><\/span><span style=\"font-family: Arial, sans-serif;\"><b>ESA<\/b><\/span><span style=\"font-family: Arial, sans-serif;\">, en espacios p\u00fablicos y municipales que <\/span><span style=\"font-family: Arial, sans-serif;\"><span lang=\"es-ES\">pued<\/span><\/span><span style=\"font-family: Arial, sans-serif;\"><span lang=\"es-ES\">e<\/span><\/span><span style=\"font-family: Arial, sans-serif;\"><span lang=\"es-ES\">n<\/span><\/span><span style=\"font-family: Arial, sans-serif;\"> ser utilizados en caso de que un ciudadano sufra una parada cardiaca, pudiendo dar as\u00ed una r\u00e1pida respuesta a esta emergencia, porque de esta r\u00e1pida actuaci\u00f3n depende el aumento de las probabilidades de supervivencia y reducci\u00f3n de posibles secuelas .<\/span><\/p>\n<p style=\"text-align: justify;\" align=\"justify\"><span style=\"font-family: Arial, sans-serif;\"><span style=\"font-size: medium;\">Debemos indicar tambi\u00e9n que ,para el uso correcto y efectivo de estos desfibriladores, se deben tener unos conocimientos y una formaci\u00f3n en esta materia.<\/span><\/span><\/p>\n<p style=\"text-align: justify;\" align=\"justify\"><span style=\"font-family: Arial, sans-serif;\"><span style=\"font-size: medium;\">Por ello, en los edificios y espacios municipales donde se han instalado estos desfibriladores, personal que trabaja o es responsable en el mismo, ha sido formado para su correcta utilizaci\u00f3n , lo que garantiza la seguridad de los empleados y usuarios y fomenta la cultura de respuesta r\u00e1pida y solidaridad en la sociedad.<\/span><\/span><\/p>\n<p style=\"text-align: justify;\" align=\"justify\"><span style=\"font-family: Arial, sans-serif;\"><span style=\"font-size: medium;\">En el caso de los \u00faltimos D<\/span><\/span><span style=\"font-family: Arial, sans-serif;\"><span style=\"font-size: medium;\">ESA<\/span><\/span><span style=\"font-family: Arial, sans-serif;\"><span style=\"font-size: medium;\"> , esta formaci\u00f3n te<\/span><\/span><span style=\"font-family: Arial, sans-serif;\"><span style=\"font-size: medium;\">\u00f3<\/span><\/span><span style=\"font-family: Arial, sans-serif;\"><span style=\"font-size: medium;\">rico-pr<\/span><\/span><span style=\"font-family: Arial, sans-serif;\"><span style=\"font-size: medium;\">\u00e1<\/span><\/span><span style=\"font-family: Arial, sans-serif;\"><span style=\"font-size: medium;\">ctica se ha llevado a cabo por expertos en primeros auxilios <\/span><\/span><span style=\"font-family: Arial, sans-serif;\"><span style=\"font-size: medium;\">y profesionales en formaci\u00f3n de este tipo de la <\/span><\/span><span style=\"font-family: Arial, sans-serif;\"><span style=\"font-size: medium;\">U<\/span><\/span><span style=\"font-family: Arial, sans-serif;\"><span style=\"font-size: medium;\">niversidad de <\/span><\/span><span style=\"font-family: Arial, sans-serif;\"><span style=\"font-size: medium;\">E<\/span><\/span><span style=\"font-family: Arial, sans-serif;\"><span style=\"font-size: medium;\">nfermer<\/span><\/span><span style=\"font-family: Arial, sans-serif;\"><span style=\"font-size: medium;\">\u00ed<\/span><\/span><span style=\"font-family: Arial, sans-serif;\"><span style=\"font-size: medium;\">a de <\/span><\/span><span style=\"font-family: Arial, sans-serif;\"><span style=\"font-size: medium;\">A<\/span><\/span><span style=\"font-family: Arial, sans-serif;\"><span style=\"font-size: medium;\">lba<\/span><\/span><span style=\"font-family: Arial, sans-serif;\"><span style=\"font-size: medium;\">cete.<\/span><\/span><\/p>\n<p style=\"text-align: justify;\" align=\"justify\"><span style=\"font-family: Arial, sans-serif;\"><i><b>\u00bfD\u00f3nde podemos encontrar desfibriladores en Caudete en caso de emergencia?<\/b><\/i><\/span><\/p>\n<p style=\"text-align: justify;\" align=\"justify\"><span style=\"font-family: Arial, sans-serif;\">Disponemos de desfibriladores fijos en:<\/span><\/p>\n<ul style=\"text-align: justify;\">\n<li>\n<p align=\"justify\"><span style=\"font-family: Arial, sans-serif;\"><b>Ciudad deportiva <\/b><\/span><span style=\"font-family: Arial, sans-serif;\"><b>A<\/b><\/span><span style=\"font-family: Arial, sans-serif;\"><b>ntonio <\/b><\/span><span style=\"font-family: Arial, sans-serif;\"><b>A<\/b><\/span><span style=\"font-family: Arial, sans-serif;\"><b>mor<\/b><\/span><span style=\"font-family: Arial, sans-serif;\"><b>\u00f3<\/b><\/span><span style=\"font-family: Arial, sans-serif;\"><b>s (1 D<\/b><\/span><span style=\"font-family: Arial, sans-serif;\"><b>ESA <\/b><\/span><span style=\"font-family: Arial, sans-serif;\"><b>en cada pabell<\/b><\/span><span style=\"font-family: Arial, sans-serif;\"><b>\u00f3<\/b><\/span><span style=\"font-family: Arial, sans-serif;\"><b>n)<\/b><\/span> <span style=\"font-family: Arial, sans-serif;\"><i>Avda. Virgen de Gracia<\/i><\/span><\/p>\n<\/li>\n<\/ul>\n<ul style=\"text-align: justify;\">\n<li>\n<p align=\"justify\"><span style=\"font-family: Arial, sans-serif;\"><b>Centro de Mayores (da cobertura al edificio social <\/b><b>Vi<\/b><b>cente <\/b><b>Lil<\/b><b>lo) <\/b> <i>C\/ Atleta Antonio Amor\u00f3s,33<\/i><\/span><\/p>\n<\/li>\n<\/ul>\n<ul style=\"text-align: justify;\">\n<li>\n<p align=\"justify\"><span style=\"font-family: Arial, sans-serif;\"><b>Casa de Cultura<\/b> <i> <\/i><i>C\/ Las Eras, 33<\/i><\/span><\/p>\n<\/li>\n<\/ul>\n<ul style=\"text-align: justify;\">\n<li>\n<p align=\"justify\"><span style=\"font-family: Arial, sans-serif;\"><b>Piscina cubierta<\/b> <i>Paseo Luis Golf, 5 bajo<\/i><\/span><\/p>\n<\/li>\n<\/ul>\n<ul style=\"text-align: justify;\">\n<li>\n<p align=\"justify\"><span style=\"font-family: Arial, sans-serif;\"><b>Colegio Alc\u00e1zar<\/b><b>\u00a0y <\/b><b>S<\/b><b>errano<\/b> <i>Avda. Virgen de Gracia, 66<\/i><\/span><\/p>\n<\/li>\n<\/ul>\n<ul style=\"text-align: justify;\">\n<li>\n<p align=\"justify\"><span style=\"font-family: Arial, sans-serif;\"><b>Colegio El Paseo<\/b> C\/ Echegaray , 21<\/span><\/p>\n<\/li>\n<\/ul>\n<ul style=\"text-align: justify;\">\n<li>\n<p align=\"justify\"><span style=\"font-family: Arial, sans-serif;\"><b>Colegio Gloria Fuertes<\/b> <i>C\/ El Molino, 123<\/i><\/span><\/p>\n<\/li>\n<\/ul>\n<ul style=\"text-align: justify;\">\n<li>\n<p align=\"justify\"><span style=\"font-family: Arial, sans-serif;\"><b>I<\/b><b>ES<\/b><b> <\/b><b>P<\/b><b>intor <\/b><b>R<\/b><b>afael <\/b><b>R<\/b><b>equena<\/b> <i>C\/ Poeta Evaristo Ba\u00f1\u00f3n, 2<\/i><\/span><\/p>\n<\/li>\n<li><span style=\"font-family: Arial, sans-serif;\"><b>Colegio Amor de Dios<\/b> <i>Avda. Virgen de Gracia (adquirido por el AMPA)<\/i><\/span><\/li>\n<\/ul>\n<p style=\"text-align: justify;\" align=\"justify\"><span style=\"font-family: Arial, sans-serif;\">Los desfibriladores m\u00f3viles forman parte de la equipaci\u00f3n de los <b>veh<\/b><b>\u00ed<\/b><b>culos patrulla de la <\/b><b>P<\/b><b>olic<\/b><b>\u00ed<\/b><b>a <\/b><b>L<\/b><b>ocal y el veh<\/b><b>\u00ed<\/b><b>culo de emergencias de <\/b><b>P<\/b><b>rotecci<\/b><b>\u00f3<\/b><b>n <\/b><b>C<\/b><b>ivil.<\/b><\/span><\/p>\n<p style=\"text-align: justify;\" align=\"justify\"><span style=\"font-family: Arial, sans-serif;\">Es necesario que todos los ciudadanos tengamos conocimiento de la existencia de estos desfibriladores, su ubicaci\u00f3n y c\u00f3mo utilizarlos porque ello puede contribuir a salvar vidas.<\/span><\/p>\n","protected":false},"excerpt":{"rendered":"<p>Desde las Concejal\u00edas\u00a0de Promoci\u00f3n y Desarrollo Econ\u00f3mico, y la de Educaci\u00f3n, ponemos en conocimiento de los ciudadanos de Caudete la colocaci\u00f3n de 4 nuevos desfibriladores en 4 centros educativos de la localidad: Colegio Alcazar y Serrano, Colegio Gloria Fuertes, Colegio El Paseo y el IES Pintor Rafael Requena. La adquisici\u00f3n de estos 4 nuevos equipos &hellip;<\/p>\n","protected":false},"author":3,"featured_media":27130,"comment_status":"closed","ping_status":"open","sticky":false,"template":"","format":"standard","meta":{"ngg_post_thumbnail":0,"footnotes":""},"categories":[851],"tags":[],"class_list":["post-27129","post","type-post","status-publish","format-standard","has-post-thumbnail","hentry","category-promocion-y-desarrollo-economico"],"yoast_head":"<!-- This site is optimized with the Yoast SEO plugin v27.4 - https:\/\/yoast.com\/product\/yoast-seo-wordpress\/ -->\n<title>4 nuevos desfibriladores en Colegios e IES se suman a CAUDETE CARDIOPROTEGIDO - MI Ayuntamiento de Caudete<\/title>\n<meta name=\"description\" content=\"P\u00e1gina Oficial del Ayuntamiento de Caudete (Albacete)\" \/>\n<meta name=\"robots\" content=\"index, follow, max-snippet:-1, max-image-preview:large, max-video-preview:-1\" \/>\n<link rel=\"canonical\" href=\"https:\/\/www.caudete.org\/ayuntamiento\/4-nuevos-desfibriladores-en-colegios-e-ies-se-suman-a-caudete-caridoprotegido\/\" \/>\n<meta property=\"og:locale\" content=\"es_ES\" \/>\n<meta property=\"og:type\" content=\"article\" \/>\n<meta property=\"og:title\" content=\"4 nuevos desfibriladores en Colegios e IES se suman a CAUDETE CARDIOPROTEGIDO - MI Ayuntamiento de Caudete\" \/>\n<meta property=\"og:description\" content=\"P\u00e1gina Oficial del Ayuntamiento de Caudete (Albacete)\" \/>\n<meta property=\"og:url\" content=\"https:\/\/www.caudete.org\/ayuntamiento\/4-nuevos-desfibriladores-en-colegios-e-ies-se-suman-a-caudete-caridoprotegido\/\" \/>\n<meta property=\"og:site_name\" content=\"MI Ayuntamiento de Caudete\" \/>\n<meta property=\"article:publisher\" content=\"https:\/\/www.facebook.com\/ayuntamientocaudete\/\" \/>\n<meta property=\"article:published_time\" content=\"2025-01-10T13:15:21+00:00\" \/>\n<meta property=\"article:modified_time\" content=\"2025-01-21T07:16:15+00:00\" \/>\n<meta property=\"og:image\" content=\"https:\/\/www.caudete.org\/ayuntamiento\/wp-content\/uploads\/2025\/01\/WhatsApp-Image-2025-01-10-at-12.32.24.jpeg\" \/>\n\t<meta property=\"og:image:width\" content=\"1599\" \/>\n\t<meta property=\"og:image:height\" content=\"899\" \/>\n\t<meta property=\"og:image:type\" content=\"image\/jpeg\" \/>\n<meta name=\"author\" content=\"alcalde\" \/>\n<meta name=\"twitter:card\" content=\"summary_large_image\" \/>\n<meta name=\"twitter:label1\" content=\"Escrito por\" \/>\n\t<meta name=\"twitter:data1\" content=\"alcalde\" \/>\n\t<meta name=\"twitter:label2\" content=\"Tiempo de lectura\" \/>\n\t<meta name=\"twitter:data2\" content=\"3 minutos\" \/>\n<script type=\"application\/ld+json\" class=\"yoast-schema-graph\">{\"@context\":\"https:\\\/\\\/schema.org\",\"@graph\":[{\"@type\":\"Article\",\"@id\":\"https:\\\/\\\/www.caudete.org\\\/ayuntamiento\\\/4-nuevos-desfibriladores-en-colegios-e-ies-se-suman-a-caudete-caridoprotegido\\\/#article\",\"isPartOf\":{\"@id\":\"https:\\\/\\\/www.caudete.org\\\/ayuntamiento\\\/4-nuevos-desfibriladores-en-colegios-e-ies-se-suman-a-caudete-caridoprotegido\\\/\"},\"author\":{\"name\":\"alcalde\",\"@id\":\"https:\\\/\\\/www.caudete.org\\\/ayuntamiento\\\/#\\\/schema\\\/person\\\/cc646da9133078ee4d8dd47457947253\"},\"headline\":\"4 nuevos desfibriladores en Colegios e IES se suman a CAUDETE CARDIOPROTEGIDO\",\"datePublished\":\"2025-01-10T13:15:21+00:00\",\"dateModified\":\"2025-01-21T07:16:15+00:00\",\"mainEntityOfPage\":{\"@id\":\"https:\\\/\\\/www.caudete.org\\\/ayuntamiento\\\/4-nuevos-desfibriladores-en-colegios-e-ies-se-suman-a-caudete-caridoprotegido\\\/\"},\"wordCount\":561,\"publisher\":{\"@id\":\"https:\\\/\\\/www.caudete.org\\\/ayuntamiento\\\/#organization\"},\"image\":{\"@id\":\"https:\\\/\\\/www.caudete.org\\\/ayuntamiento\\\/4-nuevos-desfibriladores-en-colegios-e-ies-se-suman-a-caudete-caridoprotegido\\\/#primaryimage\"},\"thumbnailUrl\":\"https:\\\/\\\/www.caudete.org\\\/ayuntamiento\\\/wp-content\\\/uploads\\\/2025\\\/01\\\/WhatsApp-Image-2025-01-10-at-12.32.24.jpeg\",\"articleSection\":[\"Promoci\u00f3n y Desarrollo Econ\u00f3mico\"],\"inLanguage\":\"es\"},{\"@type\":\"WebPage\",\"@id\":\"https:\\\/\\\/www.caudete.org\\\/ayuntamiento\\\/4-nuevos-desfibriladores-en-colegios-e-ies-se-suman-a-caudete-caridoprotegido\\\/\",\"url\":\"https:\\\/\\\/www.caudete.org\\\/ayuntamiento\\\/4-nuevos-desfibriladores-en-colegios-e-ies-se-suman-a-caudete-caridoprotegido\\\/\",\"name\":\"4 nuevos desfibriladores en Colegios e IES se suman a CAUDETE CARDIOPROTEGIDO - MI Ayuntamiento de Caudete\",\"isPartOf\":{\"@id\":\"https:\\\/\\\/www.caudete.org\\\/ayuntamiento\\\/#website\"},\"primaryImageOfPage\":{\"@id\":\"https:\\\/\\\/www.caudete.org\\\/ayuntamiento\\\/4-nuevos-desfibriladores-en-colegios-e-ies-se-suman-a-caudete-caridoprotegido\\\/#primaryimage\"},\"image\":{\"@id\":\"https:\\\/\\\/www.caudete.org\\\/ayuntamiento\\\/4-nuevos-desfibriladores-en-colegios-e-ies-se-suman-a-caudete-caridoprotegido\\\/#primaryimage\"},\"thumbnailUrl\":\"https:\\\/\\\/www.caudete.org\\\/ayuntamiento\\\/wp-content\\\/uploads\\\/2025\\\/01\\\/WhatsApp-Image-2025-01-10-at-12.32.24.jpeg\",\"datePublished\":\"2025-01-10T13:15:21+00:00\",\"dateModified\":\"2025-01-21T07:16:15+00:00\",\"description\":\"P\u00e1gina Oficial del Ayuntamiento de Caudete (Albacete)\",\"breadcrumb\":{\"@id\":\"https:\\\/\\\/www.caudete.org\\\/ayuntamiento\\\/4-nuevos-desfibriladores-en-colegios-e-ies-se-suman-a-caudete-caridoprotegido\\\/#breadcrumb\"},\"inLanguage\":\"es\",\"potentialAction\":[{\"@type\":\"ReadAction\",\"target\":[\"https:\\\/\\\/www.caudete.org\\\/ayuntamiento\\\/4-nuevos-desfibriladores-en-colegios-e-ies-se-suman-a-caudete-caridoprotegido\\\/\"]}]},{\"@type\":\"ImageObject\",\"inLanguage\":\"es\",\"@id\":\"https:\\\/\\\/www.caudete.org\\\/ayuntamiento\\\/4-nuevos-desfibriladores-en-colegios-e-ies-se-suman-a-caudete-caridoprotegido\\\/#primaryimage\",\"url\":\"https:\\\/\\\/www.caudete.org\\\/ayuntamiento\\\/wp-content\\\/uploads\\\/2025\\\/01\\\/WhatsApp-Image-2025-01-10-at-12.32.24.jpeg\",\"contentUrl\":\"https:\\\/\\\/www.caudete.org\\\/ayuntamiento\\\/wp-content\\\/uploads\\\/2025\\\/01\\\/WhatsApp-Image-2025-01-10-at-12.32.24.jpeg\",\"width\":1599,\"height\":899},{\"@type\":\"BreadcrumbList\",\"@id\":\"https:\\\/\\\/www.caudete.org\\\/ayuntamiento\\\/4-nuevos-desfibriladores-en-colegios-e-ies-se-suman-a-caudete-caridoprotegido\\\/#breadcrumb\",\"itemListElement\":[{\"@type\":\"ListItem\",\"position\":1,\"name\":\"Inicio\",\"item\":\"https:\\\/\\\/www.caudete.org\\\/ayuntamiento\\\/\"},{\"@type\":\"ListItem\",\"position\":2,\"name\":\"4 nuevos desfibriladores en Colegios e IES se suman a CAUDETE CARDIOPROTEGIDO\"}]},{\"@type\":\"WebSite\",\"@id\":\"https:\\\/\\\/www.caudete.org\\\/ayuntamiento\\\/#website\",\"url\":\"https:\\\/\\\/www.caudete.org\\\/ayuntamiento\\\/\",\"name\":\"MI Ayuntamiento de Caudete\",\"description\":\"P\u00e1gina Oficial del MI Ayuntamiento de Caudete\",\"publisher\":{\"@id\":\"https:\\\/\\\/www.caudete.org\\\/ayuntamiento\\\/#organization\"},\"potentialAction\":[{\"@type\":\"SearchAction\",\"target\":{\"@type\":\"EntryPoint\",\"urlTemplate\":\"https:\\\/\\\/www.caudete.org\\\/ayuntamiento\\\/?s={search_term_string}\"},\"query-input\":{\"@type\":\"PropertyValueSpecification\",\"valueRequired\":true,\"valueName\":\"search_term_string\"}}],\"inLanguage\":\"es\"},{\"@type\":\"Organization\",\"@id\":\"https:\\\/\\\/www.caudete.org\\\/ayuntamiento\\\/#organization\",\"name\":\"Ayuntamiento de Caudete\",\"url\":\"https:\\\/\\\/www.caudete.org\\\/ayuntamiento\\\/\",\"logo\":{\"@type\":\"ImageObject\",\"inLanguage\":\"es\",\"@id\":\"https:\\\/\\\/www.caudete.org\\\/ayuntamiento\\\/#\\\/schema\\\/logo\\\/image\\\/\",\"url\":\"https:\\\/\\\/www.caudete.org\\\/ayuntamiento\\\/wp-content\\\/uploads\\\/2020\\\/11\\\/logo_ayuntamiento_caudete.jpg\",\"contentUrl\":\"https:\\\/\\\/www.caudete.org\\\/ayuntamiento\\\/wp-content\\\/uploads\\\/2020\\\/11\\\/logo_ayuntamiento_caudete.jpg\",\"width\":600,\"height\":150,\"caption\":\"Ayuntamiento de Caudete\"},\"image\":{\"@id\":\"https:\\\/\\\/www.caudete.org\\\/ayuntamiento\\\/#\\\/schema\\\/logo\\\/image\\\/\"},\"sameAs\":[\"https:\\\/\\\/www.facebook.com\\\/ayuntamientocaudete\\\/\",\"https:\\\/\\\/www.youtube.com\\\/channel\\\/UC6VztHaooNsGpw-tNoBEFnQ\"]},{\"@type\":\"Person\",\"@id\":\"https:\\\/\\\/www.caudete.org\\\/ayuntamiento\\\/#\\\/schema\\\/person\\\/cc646da9133078ee4d8dd47457947253\",\"name\":\"alcalde\",\"image\":{\"@type\":\"ImageObject\",\"inLanguage\":\"es\",\"@id\":\"https:\\\/\\\/secure.gravatar.com\\\/avatar\\\/84a817ba065b29ff08d666b215a215f5c79186a645ccb25b14a663d48a130f77?s=96&d=mm&r=g\",\"url\":\"https:\\\/\\\/secure.gravatar.com\\\/avatar\\\/84a817ba065b29ff08d666b215a215f5c79186a645ccb25b14a663d48a130f77?s=96&d=mm&r=g\",\"contentUrl\":\"https:\\\/\\\/secure.gravatar.com\\\/avatar\\\/84a817ba065b29ff08d666b215a215f5c79186a645ccb25b14a663d48a130f77?s=96&d=mm&r=g\",\"caption\":\"alcalde\"},\"url\":\"https:\\\/\\\/www.caudete.org\\\/ayuntamiento\\\/author\\\/alcalde\\\/\"}]}<\/script>\n<!-- \/ Yoast SEO plugin. -->","yoast_head_json":{"title":"4 nuevos desfibriladores en Colegios e IES se suman a CAUDETE CARDIOPROTEGIDO - MI Ayuntamiento de Caudete","description":"P\u00e1gina Oficial del Ayuntamiento de Caudete (Albacete)","robots":{"index":"index","follow":"follow","max-snippet":"max-snippet:-1","max-image-preview":"max-image-preview:large","max-video-preview":"max-video-preview:-1"},"canonical":"https:\/\/www.caudete.org\/ayuntamiento\/4-nuevos-desfibriladores-en-colegios-e-ies-se-suman-a-caudete-caridoprotegido\/","og_locale":"es_ES","og_type":"article","og_title":"4 nuevos desfibriladores en Colegios e IES se suman a CAUDETE CARDIOPROTEGIDO - MI Ayuntamiento de Caudete","og_description":"P\u00e1gina Oficial del Ayuntamiento de Caudete (Albacete)","og_url":"https:\/\/www.caudete.org\/ayuntamiento\/4-nuevos-desfibriladores-en-colegios-e-ies-se-suman-a-caudete-caridoprotegido\/","og_site_name":"MI Ayuntamiento de Caudete","article_publisher":"https:\/\/www.facebook.com\/ayuntamientocaudete\/","article_published_time":"2025-01-10T13:15:21+00:00","article_modified_time":"2025-01-21T07:16:15+00:00","og_image":[{"width":1599,"height":899,"url":"https:\/\/www.caudete.org\/ayuntamiento\/wp-content\/uploads\/2025\/01\/WhatsApp-Image-2025-01-10-at-12.32.24.jpeg","type":"image\/jpeg"}],"author":"alcalde","twitter_card":"summary_large_image","twitter_misc":{"Escrito por":"alcalde","Tiempo de lectura":"3 minutos"},"schema":{"@context":"https:\/\/schema.org","@graph":[{"@type":"Article","@id":"https:\/\/www.caudete.org\/ayuntamiento\/4-nuevos-desfibriladores-en-colegios-e-ies-se-suman-a-caudete-caridoprotegido\/#article","isPartOf":{"@id":"https:\/\/www.caudete.org\/ayuntamiento\/4-nuevos-desfibriladores-en-colegios-e-ies-se-suman-a-caudete-caridoprotegido\/"},"author":{"name":"alcalde","@id":"https:\/\/www.caudete.org\/ayuntamiento\/#\/schema\/person\/cc646da9133078ee4d8dd47457947253"},"headline":"4 nuevos desfibriladores en Colegios e IES se suman a CAUDETE CARDIOPROTEGIDO","datePublished":"2025-01-10T13:15:21+00:00","dateModified":"2025-01-21T07:16:15+00:00","mainEntityOfPage":{"@id":"https:\/\/www.caudete.org\/ayuntamiento\/4-nuevos-desfibriladores-en-colegios-e-ies-se-suman-a-caudete-caridoprotegido\/"},"wordCount":561,"publisher":{"@id":"https:\/\/www.caudete.org\/ayuntamiento\/#organization"},"image":{"@id":"https:\/\/www.caudete.org\/ayuntamiento\/4-nuevos-desfibriladores-en-colegios-e-ies-se-suman-a-caudete-caridoprotegido\/#primaryimage"},"thumbnailUrl":"https:\/\/www.caudete.org\/ayuntamiento\/wp-content\/uploads\/2025\/01\/WhatsApp-Image-2025-01-10-at-12.32.24.jpeg","articleSection":["Promoci\u00f3n y Desarrollo Econ\u00f3mico"],"inLanguage":"es"},{"@type":"WebPage","@id":"https:\/\/www.caudete.org\/ayuntamiento\/4-nuevos-desfibriladores-en-colegios-e-ies-se-suman-a-caudete-caridoprotegido\/","url":"https:\/\/www.caudete.org\/ayuntamiento\/4-nuevos-desfibriladores-en-colegios-e-ies-se-suman-a-caudete-caridoprotegido\/","name":"4 nuevos desfibriladores en Colegios e IES se suman a CAUDETE CARDIOPROTEGIDO - MI Ayuntamiento de Caudete","isPartOf":{"@id":"https:\/\/www.caudete.org\/ayuntamiento\/#website"},"primaryImageOfPage":{"@id":"https:\/\/www.caudete.org\/ayuntamiento\/4-nuevos-desfibriladores-en-colegios-e-ies-se-suman-a-caudete-caridoprotegido\/#primaryimage"},"image":{"@id":"https:\/\/www.caudete.org\/ayuntamiento\/4-nuevos-desfibriladores-en-colegios-e-ies-se-suman-a-caudete-caridoprotegido\/#primaryimage"},"thumbnailUrl":"https:\/\/www.caudete.org\/ayuntamiento\/wp-content\/uploads\/2025\/01\/WhatsApp-Image-2025-01-10-at-12.32.24.jpeg","datePublished":"2025-01-10T13:15:21+00:00","dateModified":"2025-01-21T07:16:15+00:00","description":"P\u00e1gina Oficial del Ayuntamiento de Caudete (Albacete)","breadcrumb":{"@id":"https:\/\/www.caudete.org\/ayuntamiento\/4-nuevos-desfibriladores-en-colegios-e-ies-se-suman-a-caudete-caridoprotegido\/#breadcrumb"},"inLanguage":"es","potentialAction":[{"@type":"ReadAction","target":["https:\/\/www.caudete.org\/ayuntamiento\/4-nuevos-desfibriladores-en-colegios-e-ies-se-suman-a-caudete-caridoprotegido\/"]}]},{"@type":"ImageObject","inLanguage":"es","@id":"https:\/\/www.caudete.org\/ayuntamiento\/4-nuevos-desfibriladores-en-colegios-e-ies-se-suman-a-caudete-caridoprotegido\/#primaryimage","url":"https:\/\/www.caudete.org\/ayuntamiento\/wp-content\/uploads\/2025\/01\/WhatsApp-Image-2025-01-10-at-12.32.24.jpeg","contentUrl":"https:\/\/www.caudete.org\/ayuntamiento\/wp-content\/uploads\/2025\/01\/WhatsApp-Image-2025-01-10-at-12.32.24.jpeg","width":1599,"height":899},{"@type":"BreadcrumbList","@id":"https:\/\/www.caudete.org\/ayuntamiento\/4-nuevos-desfibriladores-en-colegios-e-ies-se-suman-a-caudete-caridoprotegido\/#breadcrumb","itemListElement":[{"@type":"ListItem","position":1,"name":"Inicio","item":"https:\/\/www.caudete.org\/ayuntamiento\/"},{"@type":"ListItem","position":2,"name":"4 nuevos desfibriladores en Colegios e IES se suman a CAUDETE CARDIOPROTEGIDO"}]},{"@type":"WebSite","@id":"https:\/\/www.caudete.org\/ayuntamiento\/#website","url":"https:\/\/www.caudete.org\/ayuntamiento\/","name":"MI Ayuntamiento de Caudete","description":"P\u00e1gina Oficial del MI Ayuntamiento de Caudete","publisher":{"@id":"https:\/\/www.caudete.org\/ayuntamiento\/#organization"},"potentialAction":[{"@type":"SearchAction","target":{"@type":"EntryPoint","urlTemplate":"https:\/\/www.caudete.org\/ayuntamiento\/?s={search_term_string}"},"query-input":{"@type":"PropertyValueSpecification","valueRequired":true,"valueName":"search_term_string"}}],"inLanguage":"es"},{"@type":"Organization","@id":"https:\/\/www.caudete.org\/ayuntamiento\/#organization","name":"Ayuntamiento de Caudete","url":"https:\/\/www.caudete.org\/ayuntamiento\/","logo":{"@type":"ImageObject","inLanguage":"es","@id":"https:\/\/www.caudete.org\/ayuntamiento\/#\/schema\/logo\/image\/","url":"https:\/\/www.caudete.org\/ayuntamiento\/wp-content\/uploads\/2020\/11\/logo_ayuntamiento_caudete.jpg","contentUrl":"https:\/\/www.caudete.org\/ayuntamiento\/wp-content\/uploads\/2020\/11\/logo_ayuntamiento_caudete.jpg","width":600,"height":150,"caption":"Ayuntamiento de Caudete"},"image":{"@id":"https:\/\/www.caudete.org\/ayuntamiento\/#\/schema\/logo\/image\/"},"sameAs":["https:\/\/www.facebook.com\/ayuntamientocaudete\/","https:\/\/www.youtube.com\/channel\/UC6VztHaooNsGpw-tNoBEFnQ"]},{"@type":"Person","@id":"https:\/\/www.caudete.org\/ayuntamiento\/#\/schema\/person\/cc646da9133078ee4d8dd47457947253","name":"alcalde","image":{"@type":"ImageObject","inLanguage":"es","@id":"https:\/\/secure.gravatar.com\/avatar\/84a817ba065b29ff08d666b215a215f5c79186a645ccb25b14a663d48a130f77?s=96&d=mm&r=g","url":"https:\/\/secure.gravatar.com\/avatar\/84a817ba065b29ff08d666b215a215f5c79186a645ccb25b14a663d48a130f77?s=96&d=mm&r=g","contentUrl":"https:\/\/secure.gravatar.com\/avatar\/84a817ba065b29ff08d666b215a215f5c79186a645ccb25b14a663d48a130f77?s=96&d=mm&r=g","caption":"alcalde"},"url":"https:\/\/www.caudete.org\/ayuntamiento\/author\/alcalde\/"}]}},"_links":{"self":[{"href":"https:\/\/www.caudete.org\/ayuntamiento\/wp-json\/wp\/v2\/posts\/27129","targetHints":{"allow":["GET"]}}],"collection":[{"href":"https:\/\/www.caudete.org\/ayuntamiento\/wp-json\/wp\/v2\/posts"}],"about":[{"href":"https:\/\/www.caudete.org\/ayuntamiento\/wp-json\/wp\/v2\/types\/post"}],"author":[{"embeddable":true,"href":"https:\/\/www.caudete.org\/ayuntamiento\/wp-json\/wp\/v2\/users\/3"}],"replies":[{"embeddable":true,"href":"https:\/\/www.caudete.org\/ayuntamiento\/wp-json\/wp\/v2\/comments?post=27129"}],"version-history":[{"count":2,"href":"https:\/\/www.caudete.org\/ayuntamiento\/wp-json\/wp\/v2\/posts\/27129\/revisions"}],"predecessor-version":[{"id":27144,"href":"https:\/\/www.caudete.org\/ayuntamiento\/wp-json\/wp\/v2\/posts\/27129\/revisions\/27144"}],"wp:featuredmedia":[{"embeddable":true,"href":"https:\/\/www.caudete.org\/ayuntamiento\/wp-json\/wp\/v2\/media\/27130"}],"wp:attachment":[{"href":"https:\/\/www.caudete.org\/ayuntamiento\/wp-json\/wp\/v2\/media?parent=27129"}],"wp:term":[{"taxonomy":"category","embeddable":true,"href":"https:\/\/www.caudete.org\/ayuntamiento\/wp-json\/wp\/v2\/categories?post=27129"},{"taxonomy":"post_tag","embeddable":true,"href":"https:\/\/www.caudete.org\/ayuntamiento\/wp-json\/wp\/v2\/tags?post=27129"}],"curies":[{"name":"wp","href":"https:\/\/api.w.org\/{rel}","templated":true}]}}