{"id":27137,"date":"2025-01-10T15:13:09","date_gmt":"2025-01-10T14:13:09","guid":{"rendered":"https:\/\/www.caudete.org\/ayuntamiento\/?p=27137"},"modified":"2025-01-10T19:37:13","modified_gmt":"2025-01-10T18:37:13","slug":"reconocimiento-de-la-calidad-erasmus-2024-salvadora-garcia-algarra","status":"publish","type":"post","link":"https:\/\/www.caudete.org\/ayuntamiento\/reconocimiento-de-la-calidad-erasmus-2024-salvadora-garcia-algarra\/","title":{"rendered":"Reconocimiento de la Calidad Erasmus+ 2024 Salvadora Garc\u00eda Algarra"},"content":{"rendered":"<p>El pasado 17 de diciembre nuestra participante en la movilidad Erasmus+ del Club del Lectura de Teatro de la Biblioteca Ana Mar\u00eda Matute de Caudete, desarrollada en Lecce (Italia) en 2022, Salvadora Garc\u00eda Algarra, recibi\u00f3 el galard\u00f3n \u201cReconocimiento de la Calidad Erasmus+ 2024 en el sector de Educaci\u00f3n de Personas Adultas\u201d, que le fue entregado por la ministra de Ciencia, Diana Morant, el secretario general de Universidades, Francisco Garc\u00eda Pascual, y el director del Servicio Espa\u00f1ol para la Internacionalizaci\u00f3n de la Educaci\u00f3n (SEPIE), Alfonso Gentil \u00c1lvarez-Ossorio, en las Jornadas de Difusi\u00f3n celebradas en el Teatro Real, en Madrid.<\/p>\n<p>El Ayuntamiento de Caudete estuvo representado en este evento por el alcalde Mois\u00e9s L\u00f3pez, la concejal de Desarrollo Local, Mar\u00eda Dolores Requena Azor\u00edn, la concejal de Cultura y Educaci\u00f3n, Mar\u00eda Manuela Gonz\u00e1lez Solera y la t\u00e9cnico municipal responsable de proyectos europeos, Mar\u00eda Elia Lac\u00e1rcel Meg\u00edas.<\/p>\n<p>Asimismo, la participante del club de lectura de Caudete particip\u00f3 en una mesa redonda el d\u00eda 18, en las Jornadas T\u00e9cnicas del sector de Educaci\u00f3n Adultos, que se celebraron en la Facultad de Ciencias F\u00edsicas de la Universidad Complutense de Madrid.<\/p>\n<p>El galard\u00f3n ha reconocido el inter\u00e9s por el aprendizaje a lo largo de la vida de la participante caudetana, que en su itinerario formativo ha aprovechado las oportunidades de enriquecimiento personal del programa Erasmus+.<\/p>\n<p>Tanto las jornadas del d\u00eda 17 como las del d\u00eda 18 se pueden ver a trav\u00e9s del canal de Youtube del SEPIE.<br \/>\nEnlaces a la retransmisi\u00f3n:<\/p>\n<p>&nbsp;<\/p>\n<p>Enlaces a la retransmisi\u00f3n:<\/p>\n<p><strong>Jornada d\u00eda 17\/12<\/strong><br \/>\n<a href=\"https:\/\/www.youtube.com\/live\/RjN3kidtjMQ\" target=\"_blank\" rel=\"nofollow\">https:\/\/www.youtube.com\/live\/RjN3kidtjMQ<\/a><\/p>\n<p><strong>Jornada d\u00eda 18\/12<\/strong><br \/>\n<a href=\"https:\/\/www.youtube.com\/watch?v=aEXOAcf1sqY\" target=\"_blank\" rel=\"nofollow\">https:\/\/www.youtube.com\/watch?v=aEXOAcf1sqY<\/a><\/p>\n<p><a href=\"https:\/\/www.caudete.org\/ayuntamiento\/wp-content\/uploads\/2025\/01\/NdP_JornadasE2024.pdf\" class=\"mtli_attachment mtli_pdf\">Jornadas Erasmus+2024<\/a><\/p>\n<p><a href=\"https:\/\/www.caudete.org\/ayuntamiento\/wp-content\/uploads\/2025\/01\/reconocimientos.pdf\" class=\"mtli_attachment mtli_pdf\">Newsletter RECONOCIMIENTOS A LA CALIDAD DE LOS PROYECTOS ERASMUS+ 2024<\/a><\/p>\n<p><a href=\"https:\/\/www.caudete.org\/ayuntamiento\/wp-content\/uploads\/2025\/01\/IMG_8298.jpg\" rel='prettyPhoto'><img fetchpriority=\"high\" decoding=\"async\" class=\"alignnone size-full wp-image-27141\" src=\"https:\/\/www.caudete.org\/ayuntamiento\/wp-content\/uploads\/2025\/01\/IMG_8298.jpg\" alt=\"\" width=\"640\" height=\"480\" srcset=\"https:\/\/www.caudete.org\/ayuntamiento\/wp-content\/uploads\/2025\/01\/IMG_8298.jpg 640w, https:\/\/www.caudete.org\/ayuntamiento\/wp-content\/uploads\/2025\/01\/IMG_8298-300x225.jpg 300w\" sizes=\"(max-width: 640px) 100vw, 640px\" \/><\/a><\/p>\n<p><a href=\"https:\/\/www.caudete.org\/ayuntamiento\/wp-content\/uploads\/2025\/01\/IMG_8277.jpg\" rel='prettyPhoto'><img decoding=\"async\" class=\"alignnone size-full wp-image-27142\" src=\"https:\/\/www.caudete.org\/ayuntamiento\/wp-content\/uploads\/2025\/01\/IMG_8277.jpg\" alt=\"\" width=\"640\" height=\"480\" srcset=\"https:\/\/www.caudete.org\/ayuntamiento\/wp-content\/uploads\/2025\/01\/IMG_8277.jpg 640w, https:\/\/www.caudete.org\/ayuntamiento\/wp-content\/uploads\/2025\/01\/IMG_8277-300x225.jpg 300w\" sizes=\"(max-width: 640px) 100vw, 640px\" \/><\/a><\/p>\n","protected":false},"excerpt":{"rendered":"<p>El pasado 17 de diciembre nuestra participante en la movilidad Erasmus+ del Club del Lectura de Teatro de la Biblioteca Ana Mar\u00eda Matute de Caudete, desarrollada en Lecce (Italia) en 2022, Salvadora Garc\u00eda Algarra, recibi\u00f3 el galard\u00f3n \u201cReconocimiento de la Calidad Erasmus+ 2024 en el sector de Educaci\u00f3n de Personas Adultas\u201d, que le fue entregado &hellip;<\/p>\n","protected":false},"author":5,"featured_media":27138,"comment_status":"closed","ping_status":"open","sticky":false,"template":"","format":"standard","meta":{"ngg_post_thumbnail":0,"footnotes":""},"categories":[87],"tags":[],"class_list":["post-27137","post","type-post","status-publish","format-standard","has-post-thumbnail","hentry","category-desarrollo-local"],"yoast_head":"<!-- This site is optimized with the Yoast SEO plugin v27.4 - https:\/\/yoast.com\/product\/yoast-seo-wordpress\/ -->\n<title>Reconocimiento de la Calidad Erasmus+ 2024 Salvadora Garc\u00eda Algarra - MI Ayuntamiento de Caudete<\/title>\n<meta name=\"description\" content=\"P\u00e1gina Oficial del Ayuntamiento de Caudete (Albacete)\" \/>\n<meta name=\"robots\" content=\"index, follow, max-snippet:-1, max-image-preview:large, max-video-preview:-1\" \/>\n<link rel=\"canonical\" href=\"https:\/\/www.caudete.org\/ayuntamiento\/reconocimiento-de-la-calidad-erasmus-2024-salvadora-garcia-algarra\/\" \/>\n<meta property=\"og:locale\" content=\"es_ES\" \/>\n<meta property=\"og:type\" content=\"article\" \/>\n<meta property=\"og:title\" content=\"Reconocimiento de la Calidad Erasmus+ 2024 Salvadora Garc\u00eda Algarra - MI Ayuntamiento de Caudete\" \/>\n<meta property=\"og:description\" content=\"P\u00e1gina Oficial del Ayuntamiento de Caudete (Albacete)\" \/>\n<meta property=\"og:url\" content=\"https:\/\/www.caudete.org\/ayuntamiento\/reconocimiento-de-la-calidad-erasmus-2024-salvadora-garcia-algarra\/\" \/>\n<meta property=\"og:site_name\" content=\"MI Ayuntamiento de Caudete\" \/>\n<meta property=\"article:publisher\" content=\"https:\/\/www.facebook.com\/ayuntamientocaudete\/\" \/>\n<meta property=\"article:published_time\" content=\"2025-01-10T14:13:09+00:00\" \/>\n<meta property=\"article:modified_time\" content=\"2025-01-10T18:37:13+00:00\" \/>\n<meta property=\"og:image\" content=\"https:\/\/www.caudete.org\/ayuntamiento\/wp-content\/uploads\/2025\/01\/IMG_8277PORT.jpg\" \/>\n\t<meta property=\"og:image:width\" content=\"637\" \/>\n\t<meta property=\"og:image:height\" content=\"308\" \/>\n\t<meta property=\"og:image:type\" content=\"image\/jpeg\" \/>\n<meta name=\"author\" content=\"Dpto Informatica MI Ayuntamiento de Caudete\" \/>\n<meta name=\"twitter:card\" content=\"summary_large_image\" \/>\n<meta name=\"twitter:label1\" content=\"Escrito por\" \/>\n\t<meta name=\"twitter:data1\" content=\"Dpto Informatica MI Ayuntamiento de Caudete\" \/>\n\t<meta name=\"twitter:label2\" content=\"Tiempo de lectura\" \/>\n\t<meta name=\"twitter:data2\" content=\"2 minutos\" \/>\n<script type=\"application\/ld+json\" class=\"yoast-schema-graph\">{\"@context\":\"https:\\\/\\\/schema.org\",\"@graph\":[{\"@type\":\"Article\",\"@id\":\"https:\\\/\\\/www.caudete.org\\\/ayuntamiento\\\/reconocimiento-de-la-calidad-erasmus-2024-salvadora-garcia-algarra\\\/#article\",\"isPartOf\":{\"@id\":\"https:\\\/\\\/www.caudete.org\\\/ayuntamiento\\\/reconocimiento-de-la-calidad-erasmus-2024-salvadora-garcia-algarra\\\/\"},\"author\":{\"name\":\"Dpto Informatica MI Ayuntamiento de Caudete\",\"@id\":\"https:\\\/\\\/www.caudete.org\\\/ayuntamiento\\\/#\\\/schema\\\/person\\\/4b9eab41761957db9b1bf9c418d1ef46\"},\"headline\":\"Reconocimiento de la Calidad Erasmus+ 2024 Salvadora Garc\u00eda Algarra\",\"datePublished\":\"2025-01-10T14:13:09+00:00\",\"dateModified\":\"2025-01-10T18:37:13+00:00\",\"mainEntityOfPage\":{\"@id\":\"https:\\\/\\\/www.caudete.org\\\/ayuntamiento\\\/reconocimiento-de-la-calidad-erasmus-2024-salvadora-garcia-algarra\\\/\"},\"wordCount\":315,\"publisher\":{\"@id\":\"https:\\\/\\\/www.caudete.org\\\/ayuntamiento\\\/#organization\"},\"image\":{\"@id\":\"https:\\\/\\\/www.caudete.org\\\/ayuntamiento\\\/reconocimiento-de-la-calidad-erasmus-2024-salvadora-garcia-algarra\\\/#primaryimage\"},\"thumbnailUrl\":\"https:\\\/\\\/www.caudete.org\\\/ayuntamiento\\\/wp-content\\\/uploads\\\/2025\\\/01\\\/IMG_8277PORT.jpg\",\"articleSection\":[\"Desarrollo Local\"],\"inLanguage\":\"es\"},{\"@type\":\"WebPage\",\"@id\":\"https:\\\/\\\/www.caudete.org\\\/ayuntamiento\\\/reconocimiento-de-la-calidad-erasmus-2024-salvadora-garcia-algarra\\\/\",\"url\":\"https:\\\/\\\/www.caudete.org\\\/ayuntamiento\\\/reconocimiento-de-la-calidad-erasmus-2024-salvadora-garcia-algarra\\\/\",\"name\":\"Reconocimiento de la Calidad Erasmus+ 2024 Salvadora Garc\u00eda Algarra - MI Ayuntamiento de Caudete\",\"isPartOf\":{\"@id\":\"https:\\\/\\\/www.caudete.org\\\/ayuntamiento\\\/#website\"},\"primaryImageOfPage\":{\"@id\":\"https:\\\/\\\/www.caudete.org\\\/ayuntamiento\\\/reconocimiento-de-la-calidad-erasmus-2024-salvadora-garcia-algarra\\\/#primaryimage\"},\"image\":{\"@id\":\"https:\\\/\\\/www.caudete.org\\\/ayuntamiento\\\/reconocimiento-de-la-calidad-erasmus-2024-salvadora-garcia-algarra\\\/#primaryimage\"},\"thumbnailUrl\":\"https:\\\/\\\/www.caudete.org\\\/ayuntamiento\\\/wp-content\\\/uploads\\\/2025\\\/01\\\/IMG_8277PORT.jpg\",\"datePublished\":\"2025-01-10T14:13:09+00:00\",\"dateModified\":\"2025-01-10T18:37:13+00:00\",\"description\":\"P\u00e1gina Oficial del Ayuntamiento de Caudete (Albacete)\",\"breadcrumb\":{\"@id\":\"https:\\\/\\\/www.caudete.org\\\/ayuntamiento\\\/reconocimiento-de-la-calidad-erasmus-2024-salvadora-garcia-algarra\\\/#breadcrumb\"},\"inLanguage\":\"es\",\"potentialAction\":[{\"@type\":\"ReadAction\",\"target\":[\"https:\\\/\\\/www.caudete.org\\\/ayuntamiento\\\/reconocimiento-de-la-calidad-erasmus-2024-salvadora-garcia-algarra\\\/\"]}]},{\"@type\":\"ImageObject\",\"inLanguage\":\"es\",\"@id\":\"https:\\\/\\\/www.caudete.org\\\/ayuntamiento\\\/reconocimiento-de-la-calidad-erasmus-2024-salvadora-garcia-algarra\\\/#primaryimage\",\"url\":\"https:\\\/\\\/www.caudete.org\\\/ayuntamiento\\\/wp-content\\\/uploads\\\/2025\\\/01\\\/IMG_8277PORT.jpg\",\"contentUrl\":\"https:\\\/\\\/www.caudete.org\\\/ayuntamiento\\\/wp-content\\\/uploads\\\/2025\\\/01\\\/IMG_8277PORT.jpg\",\"width\":637,\"height\":308},{\"@type\":\"BreadcrumbList\",\"@id\":\"https:\\\/\\\/www.caudete.org\\\/ayuntamiento\\\/reconocimiento-de-la-calidad-erasmus-2024-salvadora-garcia-algarra\\\/#breadcrumb\",\"itemListElement\":[{\"@type\":\"ListItem\",\"position\":1,\"name\":\"Inicio\",\"item\":\"https:\\\/\\\/www.caudete.org\\\/ayuntamiento\\\/\"},{\"@type\":\"ListItem\",\"position\":2,\"name\":\"Reconocimiento de la Calidad Erasmus+ 2024 Salvadora Garc\u00eda Algarra\"}]},{\"@type\":\"WebSite\",\"@id\":\"https:\\\/\\\/www.caudete.org\\\/ayuntamiento\\\/#website\",\"url\":\"https:\\\/\\\/www.caudete.org\\\/ayuntamiento\\\/\",\"name\":\"MI Ayuntamiento de Caudete\",\"description\":\"P\u00e1gina Oficial del MI Ayuntamiento de Caudete\",\"publisher\":{\"@id\":\"https:\\\/\\\/www.caudete.org\\\/ayuntamiento\\\/#organization\"},\"potentialAction\":[{\"@type\":\"SearchAction\",\"target\":{\"@type\":\"EntryPoint\",\"urlTemplate\":\"https:\\\/\\\/www.caudete.org\\\/ayuntamiento\\\/?s={search_term_string}\"},\"query-input\":{\"@type\":\"PropertyValueSpecification\",\"valueRequired\":true,\"valueName\":\"search_term_string\"}}],\"inLanguage\":\"es\"},{\"@type\":\"Organization\",\"@id\":\"https:\\\/\\\/www.caudete.org\\\/ayuntamiento\\\/#organization\",\"name\":\"Ayuntamiento de Caudete\",\"url\":\"https:\\\/\\\/www.caudete.org\\\/ayuntamiento\\\/\",\"logo\":{\"@type\":\"ImageObject\",\"inLanguage\":\"es\",\"@id\":\"https:\\\/\\\/www.caudete.org\\\/ayuntamiento\\\/#\\\/schema\\\/logo\\\/image\\\/\",\"url\":\"https:\\\/\\\/www.caudete.org\\\/ayuntamiento\\\/wp-content\\\/uploads\\\/2020\\\/11\\\/logo_ayuntamiento_caudete.jpg\",\"contentUrl\":\"https:\\\/\\\/www.caudete.org\\\/ayuntamiento\\\/wp-content\\\/uploads\\\/2020\\\/11\\\/logo_ayuntamiento_caudete.jpg\",\"width\":600,\"height\":150,\"caption\":\"Ayuntamiento de Caudete\"},\"image\":{\"@id\":\"https:\\\/\\\/www.caudete.org\\\/ayuntamiento\\\/#\\\/schema\\\/logo\\\/image\\\/\"},\"sameAs\":[\"https:\\\/\\\/www.facebook.com\\\/ayuntamientocaudete\\\/\",\"https:\\\/\\\/www.youtube.com\\\/channel\\\/UC6VztHaooNsGpw-tNoBEFnQ\"]},{\"@type\":\"Person\",\"@id\":\"https:\\\/\\\/www.caudete.org\\\/ayuntamiento\\\/#\\\/schema\\\/person\\\/4b9eab41761957db9b1bf9c418d1ef46\",\"name\":\"Dpto Informatica MI Ayuntamiento de Caudete\",\"image\":{\"@type\":\"ImageObject\",\"inLanguage\":\"es\",\"@id\":\"https:\\\/\\\/secure.gravatar.com\\\/avatar\\\/ac0321ee4a0a83e82a253e7b2d348ef539e2c8fe16d06b600bde04de1b364fa7?s=96&d=mm&r=g\",\"url\":\"https:\\\/\\\/secure.gravatar.com\\\/avatar\\\/ac0321ee4a0a83e82a253e7b2d348ef539e2c8fe16d06b600bde04de1b364fa7?s=96&d=mm&r=g\",\"contentUrl\":\"https:\\\/\\\/secure.gravatar.com\\\/avatar\\\/ac0321ee4a0a83e82a253e7b2d348ef539e2c8fe16d06b600bde04de1b364fa7?s=96&d=mm&r=g\",\"caption\":\"Dpto Informatica MI Ayuntamiento de Caudete\"},\"url\":\"https:\\\/\\\/www.caudete.org\\\/ayuntamiento\\\/author\\\/informatica\\\/\"}]}<\/script>\n<!-- \/ Yoast SEO plugin. -->","yoast_head_json":{"title":"Reconocimiento de la Calidad Erasmus+ 2024 Salvadora Garc\u00eda Algarra - MI Ayuntamiento de Caudete","description":"P\u00e1gina Oficial del Ayuntamiento de Caudete (Albacete)","robots":{"index":"index","follow":"follow","max-snippet":"max-snippet:-1","max-image-preview":"max-image-preview:large","max-video-preview":"max-video-preview:-1"},"canonical":"https:\/\/www.caudete.org\/ayuntamiento\/reconocimiento-de-la-calidad-erasmus-2024-salvadora-garcia-algarra\/","og_locale":"es_ES","og_type":"article","og_title":"Reconocimiento de la Calidad Erasmus+ 2024 Salvadora Garc\u00eda Algarra - MI Ayuntamiento de Caudete","og_description":"P\u00e1gina Oficial del Ayuntamiento de Caudete (Albacete)","og_url":"https:\/\/www.caudete.org\/ayuntamiento\/reconocimiento-de-la-calidad-erasmus-2024-salvadora-garcia-algarra\/","og_site_name":"MI Ayuntamiento de Caudete","article_publisher":"https:\/\/www.facebook.com\/ayuntamientocaudete\/","article_published_time":"2025-01-10T14:13:09+00:00","article_modified_time":"2025-01-10T18:37:13+00:00","og_image":[{"width":637,"height":308,"url":"https:\/\/www.caudete.org\/ayuntamiento\/wp-content\/uploads\/2025\/01\/IMG_8277PORT.jpg","type":"image\/jpeg"}],"author":"Dpto Informatica MI Ayuntamiento de Caudete","twitter_card":"summary_large_image","twitter_misc":{"Escrito por":"Dpto Informatica MI Ayuntamiento de Caudete","Tiempo de lectura":"2 minutos"},"schema":{"@context":"https:\/\/schema.org","@graph":[{"@type":"Article","@id":"https:\/\/www.caudete.org\/ayuntamiento\/reconocimiento-de-la-calidad-erasmus-2024-salvadora-garcia-algarra\/#article","isPartOf":{"@id":"https:\/\/www.caudete.org\/ayuntamiento\/reconocimiento-de-la-calidad-erasmus-2024-salvadora-garcia-algarra\/"},"author":{"name":"Dpto Informatica MI Ayuntamiento de Caudete","@id":"https:\/\/www.caudete.org\/ayuntamiento\/#\/schema\/person\/4b9eab41761957db9b1bf9c418d1ef46"},"headline":"Reconocimiento de la Calidad Erasmus+ 2024 Salvadora Garc\u00eda Algarra","datePublished":"2025-01-10T14:13:09+00:00","dateModified":"2025-01-10T18:37:13+00:00","mainEntityOfPage":{"@id":"https:\/\/www.caudete.org\/ayuntamiento\/reconocimiento-de-la-calidad-erasmus-2024-salvadora-garcia-algarra\/"},"wordCount":315,"publisher":{"@id":"https:\/\/www.caudete.org\/ayuntamiento\/#organization"},"image":{"@id":"https:\/\/www.caudete.org\/ayuntamiento\/reconocimiento-de-la-calidad-erasmus-2024-salvadora-garcia-algarra\/#primaryimage"},"thumbnailUrl":"https:\/\/www.caudete.org\/ayuntamiento\/wp-content\/uploads\/2025\/01\/IMG_8277PORT.jpg","articleSection":["Desarrollo Local"],"inLanguage":"es"},{"@type":"WebPage","@id":"https:\/\/www.caudete.org\/ayuntamiento\/reconocimiento-de-la-calidad-erasmus-2024-salvadora-garcia-algarra\/","url":"https:\/\/www.caudete.org\/ayuntamiento\/reconocimiento-de-la-calidad-erasmus-2024-salvadora-garcia-algarra\/","name":"Reconocimiento de la Calidad Erasmus+ 2024 Salvadora Garc\u00eda Algarra - MI Ayuntamiento de Caudete","isPartOf":{"@id":"https:\/\/www.caudete.org\/ayuntamiento\/#website"},"primaryImageOfPage":{"@id":"https:\/\/www.caudete.org\/ayuntamiento\/reconocimiento-de-la-calidad-erasmus-2024-salvadora-garcia-algarra\/#primaryimage"},"image":{"@id":"https:\/\/www.caudete.org\/ayuntamiento\/reconocimiento-de-la-calidad-erasmus-2024-salvadora-garcia-algarra\/#primaryimage"},"thumbnailUrl":"https:\/\/www.caudete.org\/ayuntamiento\/wp-content\/uploads\/2025\/01\/IMG_8277PORT.jpg","datePublished":"2025-01-10T14:13:09+00:00","dateModified":"2025-01-10T18:37:13+00:00","description":"P\u00e1gina Oficial del Ayuntamiento de Caudete (Albacete)","breadcrumb":{"@id":"https:\/\/www.caudete.org\/ayuntamiento\/reconocimiento-de-la-calidad-erasmus-2024-salvadora-garcia-algarra\/#breadcrumb"},"inLanguage":"es","potentialAction":[{"@type":"ReadAction","target":["https:\/\/www.caudete.org\/ayuntamiento\/reconocimiento-de-la-calidad-erasmus-2024-salvadora-garcia-algarra\/"]}]},{"@type":"ImageObject","inLanguage":"es","@id":"https:\/\/www.caudete.org\/ayuntamiento\/reconocimiento-de-la-calidad-erasmus-2024-salvadora-garcia-algarra\/#primaryimage","url":"https:\/\/www.caudete.org\/ayuntamiento\/wp-content\/uploads\/2025\/01\/IMG_8277PORT.jpg","contentUrl":"https:\/\/www.caudete.org\/ayuntamiento\/wp-content\/uploads\/2025\/01\/IMG_8277PORT.jpg","width":637,"height":308},{"@type":"BreadcrumbList","@id":"https:\/\/www.caudete.org\/ayuntamiento\/reconocimiento-de-la-calidad-erasmus-2024-salvadora-garcia-algarra\/#breadcrumb","itemListElement":[{"@type":"ListItem","position":1,"name":"Inicio","item":"https:\/\/www.caudete.org\/ayuntamiento\/"},{"@type":"ListItem","position":2,"name":"Reconocimiento de la Calidad Erasmus+ 2024 Salvadora Garc\u00eda Algarra"}]},{"@type":"WebSite","@id":"https:\/\/www.caudete.org\/ayuntamiento\/#website","url":"https:\/\/www.caudete.org\/ayuntamiento\/","name":"MI Ayuntamiento de Caudete","description":"P\u00e1gina Oficial del MI Ayuntamiento de Caudete","publisher":{"@id":"https:\/\/www.caudete.org\/ayuntamiento\/#organization"},"potentialAction":[{"@type":"SearchAction","target":{"@type":"EntryPoint","urlTemplate":"https:\/\/www.caudete.org\/ayuntamiento\/?s={search_term_string}"},"query-input":{"@type":"PropertyValueSpecification","valueRequired":true,"valueName":"search_term_string"}}],"inLanguage":"es"},{"@type":"Organization","@id":"https:\/\/www.caudete.org\/ayuntamiento\/#organization","name":"Ayuntamiento de Caudete","url":"https:\/\/www.caudete.org\/ayuntamiento\/","logo":{"@type":"ImageObject","inLanguage":"es","@id":"https:\/\/www.caudete.org\/ayuntamiento\/#\/schema\/logo\/image\/","url":"https:\/\/www.caudete.org\/ayuntamiento\/wp-content\/uploads\/2020\/11\/logo_ayuntamiento_caudete.jpg","contentUrl":"https:\/\/www.caudete.org\/ayuntamiento\/wp-content\/uploads\/2020\/11\/logo_ayuntamiento_caudete.jpg","width":600,"height":150,"caption":"Ayuntamiento de Caudete"},"image":{"@id":"https:\/\/www.caudete.org\/ayuntamiento\/#\/schema\/logo\/image\/"},"sameAs":["https:\/\/www.facebook.com\/ayuntamientocaudete\/","https:\/\/www.youtube.com\/channel\/UC6VztHaooNsGpw-tNoBEFnQ"]},{"@type":"Person","@id":"https:\/\/www.caudete.org\/ayuntamiento\/#\/schema\/person\/4b9eab41761957db9b1bf9c418d1ef46","name":"Dpto Informatica MI Ayuntamiento de Caudete","image":{"@type":"ImageObject","inLanguage":"es","@id":"https:\/\/secure.gravatar.com\/avatar\/ac0321ee4a0a83e82a253e7b2d348ef539e2c8fe16d06b600bde04de1b364fa7?s=96&d=mm&r=g","url":"https:\/\/secure.gravatar.com\/avatar\/ac0321ee4a0a83e82a253e7b2d348ef539e2c8fe16d06b600bde04de1b364fa7?s=96&d=mm&r=g","contentUrl":"https:\/\/secure.gravatar.com\/avatar\/ac0321ee4a0a83e82a253e7b2d348ef539e2c8fe16d06b600bde04de1b364fa7?s=96&d=mm&r=g","caption":"Dpto Informatica MI Ayuntamiento de Caudete"},"url":"https:\/\/www.caudete.org\/ayuntamiento\/author\/informatica\/"}]}},"_links":{"self":[{"href":"https:\/\/www.caudete.org\/ayuntamiento\/wp-json\/wp\/v2\/posts\/27137","targetHints":{"allow":["GET"]}}],"collection":[{"href":"https:\/\/www.caudete.org\/ayuntamiento\/wp-json\/wp\/v2\/posts"}],"about":[{"href":"https:\/\/www.caudete.org\/ayuntamiento\/wp-json\/wp\/v2\/types\/post"}],"author":[{"embeddable":true,"href":"https:\/\/www.caudete.org\/ayuntamiento\/wp-json\/wp\/v2\/users\/5"}],"replies":[{"embeddable":true,"href":"https:\/\/www.caudete.org\/ayuntamiento\/wp-json\/wp\/v2\/comments?post=27137"}],"version-history":[{"count":2,"href":"https:\/\/www.caudete.org\/ayuntamiento\/wp-json\/wp\/v2\/posts\/27137\/revisions"}],"predecessor-version":[{"id":27145,"href":"https:\/\/www.caudete.org\/ayuntamiento\/wp-json\/wp\/v2\/posts\/27137\/revisions\/27145"}],"wp:featuredmedia":[{"embeddable":true,"href":"https:\/\/www.caudete.org\/ayuntamiento\/wp-json\/wp\/v2\/media\/27138"}],"wp:attachment":[{"href":"https:\/\/www.caudete.org\/ayuntamiento\/wp-json\/wp\/v2\/media?parent=27137"}],"wp:term":[{"taxonomy":"category","embeddable":true,"href":"https:\/\/www.caudete.org\/ayuntamiento\/wp-json\/wp\/v2\/categories?post=27137"},{"taxonomy":"post_tag","embeddable":true,"href":"https:\/\/www.caudete.org\/ayuntamiento\/wp-json\/wp\/v2\/tags?post=27137"}],"curies":[{"name":"wp","href":"https:\/\/api.w.org\/{rel}","templated":true}]}}