{"id":27147,"date":"2025-01-15T09:25:55","date_gmt":"2025-01-15T08:25:55","guid":{"rendered":"https:\/\/www.caudete.org\/ayuntamiento\/?p=27147"},"modified":"2025-01-15T09:25:55","modified_gmt":"2025-01-15T08:25:55","slug":"actuaciones-para-la-prevencion-de-enfermedades-y-promocion-de-la-salud","status":"publish","type":"post","link":"https:\/\/www.caudete.org\/ayuntamiento\/actuaciones-para-la-prevencion-de-enfermedades-y-promocion-de-la-salud\/","title":{"rendered":"Actuaciones para la prevenci\u00f3n de enfermedades y promoci\u00f3n de la salud"},"content":{"rendered":"<p>La Concejal\u00eda de Sanidad y Bienestar Social en colaboraci\u00f3n con la Supervisora de Continuidad Asistencial que depende de la Gerencia del Hospital de Almansa, desean Impulsar Programas Innovadores para Mejorar la Salud Comunitaria de Caudete.<\/p>\n<p>El 14 de enero de 2025, en un esfuerzo por mejorar la calidad de vida de los ciudadanos de Caudete, la Gerencia del Hospital de Almansa, en colaboraci\u00f3n con la Concejal\u00eda de Sanidad y Bienestar Social, ha iniciado un conjunto de reuniones destinadas a dise\u00f1ar programas innovadores de prevenci\u00f3n de enfermedades y promoci\u00f3n de la salud en general.<\/p>\n<p>Con la presencia de Minerva \u00c1vila Lluch, Supervisora \u200b\u200bde Continuidad Asistencial, y representantes de diversos sectores educativos y socio-sanitarios, los encuentros han sentado las bases para una estrategia conjunta que busca promover programas innovadores para la mejora de la Salud Comunitaria.<\/p>\n<p>El primer encuentro, se ha realizado en el IES Pintor Rafael Requena, reuniendo no s\u00f3lo a t\u00e9cnicos del Ayuntamiento, si no tambi\u00e9n a profesores y representantes de la comisi\u00f3n educativa intercentros para identificar las necesidades de salud prioritarias entre los j\u00f3venes. Posteriormente, en el Centro Social Vicente Lillo, se ha mantenido otra reuni\u00f3n con las asociaciones que trabajan en \u00e1mbitos como la salud, la exclusi\u00f3n social, el cuidado de la mujer y otros temas de relevancia social compartiendo ideas y propuestas para enriquecer la planificaci\u00f3n con el objetivo de escuchar las necesidades de estas asociaciones socio-sanitarias.<\/p>\n<p>Mar\u00eda Mart\u00ednez, Concejal de Sanidad, ha destacado la importancia de iniciativas como estas, afirmando: \u201cNuestro objetivo es colaborar en construir una comunidad m\u00e1s saludable y resiliente. Vam\u00f3s a trabajar apoyando estas iniciativas para que la ciudadan\u00eda no solo reciba atenci\u00f3n primaria y en momentos de urgencia, sino que cuente con herramientas y conocimientos para prevenir enfermedades y mejorar su bienestar de manera integral.\u201d<\/p>\n<p>&nbsp;<\/p>\n","protected":false},"excerpt":{"rendered":"<p>La Concejal\u00eda de Sanidad y Bienestar Social en colaboraci\u00f3n con la Supervisora de Continuidad Asistencial que depende de la Gerencia del Hospital de Almansa, desean Impulsar Programas Innovadores para Mejorar la Salud Comunitaria de Caudete. El 14 de enero de 2025, en un esfuerzo por mejorar la calidad de vida de los ciudadanos de Caudete, &hellip;<\/p>\n","protected":false},"author":5,"featured_media":27149,"comment_status":"closed","ping_status":"open","sticky":false,"template":"","format":"standard","meta":{"ngg_post_thumbnail":0,"footnotes":""},"categories":[16],"tags":[],"class_list":["post-27147","post","type-post","status-publish","format-standard","has-post-thumbnail","hentry","category-sanidad"],"yoast_head":"<!-- This site is optimized with the Yoast SEO plugin v27.5 - https:\/\/yoast.com\/product\/yoast-seo-wordpress\/ -->\n<title>Actuaciones para la prevenci\u00f3n de enfermedades y promoci\u00f3n de la salud - MI Ayuntamiento de Caudete<\/title>\n<meta name=\"description\" content=\"P\u00e1gina Oficial del Ayuntamiento de Caudete (Albacete)\" \/>\n<meta name=\"robots\" content=\"index, follow, max-snippet:-1, max-image-preview:large, max-video-preview:-1\" \/>\n<link rel=\"canonical\" href=\"https:\/\/www.caudete.org\/ayuntamiento\/actuaciones-para-la-prevencion-de-enfermedades-y-promocion-de-la-salud\/\" \/>\n<meta property=\"og:locale\" content=\"es_ES\" \/>\n<meta property=\"og:type\" content=\"article\" \/>\n<meta property=\"og:title\" content=\"Actuaciones para la prevenci\u00f3n de enfermedades y promoci\u00f3n de la salud - MI Ayuntamiento de Caudete\" \/>\n<meta property=\"og:description\" content=\"P\u00e1gina Oficial del Ayuntamiento de Caudete (Albacete)\" \/>\n<meta property=\"og:url\" content=\"https:\/\/www.caudete.org\/ayuntamiento\/actuaciones-para-la-prevencion-de-enfermedades-y-promocion-de-la-salud\/\" \/>\n<meta property=\"og:site_name\" content=\"MI Ayuntamiento de Caudete\" \/>\n<meta property=\"article:publisher\" content=\"https:\/\/www.facebook.com\/ayuntamientocaudete\/\" \/>\n<meta property=\"article:published_time\" content=\"2025-01-15T08:25:55+00:00\" \/>\n<meta property=\"og:image\" content=\"https:\/\/www.caudete.org\/ayuntamiento\/wp-content\/uploads\/2025\/01\/1736858739015-1.jpg\" \/>\n\t<meta property=\"og:image:width\" content=\"1000\" \/>\n\t<meta property=\"og:image:height\" content=\"563\" \/>\n\t<meta property=\"og:image:type\" content=\"image\/jpeg\" \/>\n<meta name=\"author\" content=\"Dpto Informatica MI Ayuntamiento de Caudete\" \/>\n<meta name=\"twitter:card\" content=\"summary_large_image\" \/>\n<meta name=\"twitter:label1\" content=\"Escrito por\" \/>\n\t<meta name=\"twitter:data1\" content=\"Dpto Informatica MI Ayuntamiento de Caudete\" \/>\n\t<meta name=\"twitter:label2\" content=\"Tiempo de lectura\" \/>\n\t<meta name=\"twitter:data2\" content=\"2 minutos\" \/>\n<script type=\"application\/ld+json\" class=\"yoast-schema-graph\">{\"@context\":\"https:\\\/\\\/schema.org\",\"@graph\":[{\"@type\":\"Article\",\"@id\":\"https:\\\/\\\/www.caudete.org\\\/ayuntamiento\\\/actuaciones-para-la-prevencion-de-enfermedades-y-promocion-de-la-salud\\\/#article\",\"isPartOf\":{\"@id\":\"https:\\\/\\\/www.caudete.org\\\/ayuntamiento\\\/actuaciones-para-la-prevencion-de-enfermedades-y-promocion-de-la-salud\\\/\"},\"author\":{\"name\":\"Dpto Informatica MI Ayuntamiento de Caudete\",\"@id\":\"https:\\\/\\\/www.caudete.org\\\/ayuntamiento\\\/#\\\/schema\\\/person\\\/4b9eab41761957db9b1bf9c418d1ef46\"},\"headline\":\"Actuaciones para la prevenci\u00f3n de enfermedades y promoci\u00f3n de la salud\",\"datePublished\":\"2025-01-15T08:25:55+00:00\",\"mainEntityOfPage\":{\"@id\":\"https:\\\/\\\/www.caudete.org\\\/ayuntamiento\\\/actuaciones-para-la-prevencion-de-enfermedades-y-promocion-de-la-salud\\\/\"},\"wordCount\":326,\"image\":{\"@id\":\"https:\\\/\\\/www.caudete.org\\\/ayuntamiento\\\/actuaciones-para-la-prevencion-de-enfermedades-y-promocion-de-la-salud\\\/#primaryimage\"},\"thumbnailUrl\":\"https:\\\/\\\/www.caudete.org\\\/ayuntamiento\\\/wp-content\\\/uploads\\\/2025\\\/01\\\/1736858739015-1.jpg\",\"articleSection\":[\"Sanidad\"],\"inLanguage\":\"es\"},{\"@type\":\"WebPage\",\"@id\":\"https:\\\/\\\/www.caudete.org\\\/ayuntamiento\\\/actuaciones-para-la-prevencion-de-enfermedades-y-promocion-de-la-salud\\\/\",\"url\":\"https:\\\/\\\/www.caudete.org\\\/ayuntamiento\\\/actuaciones-para-la-prevencion-de-enfermedades-y-promocion-de-la-salud\\\/\",\"name\":\"Actuaciones para la prevenci\u00f3n de enfermedades y promoci\u00f3n de la salud - MI Ayuntamiento de Caudete\",\"isPartOf\":{\"@id\":\"https:\\\/\\\/www.caudete.org\\\/ayuntamiento\\\/#website\"},\"primaryImageOfPage\":{\"@id\":\"https:\\\/\\\/www.caudete.org\\\/ayuntamiento\\\/actuaciones-para-la-prevencion-de-enfermedades-y-promocion-de-la-salud\\\/#primaryimage\"},\"image\":{\"@id\":\"https:\\\/\\\/www.caudete.org\\\/ayuntamiento\\\/actuaciones-para-la-prevencion-de-enfermedades-y-promocion-de-la-salud\\\/#primaryimage\"},\"thumbnailUrl\":\"https:\\\/\\\/www.caudete.org\\\/ayuntamiento\\\/wp-content\\\/uploads\\\/2025\\\/01\\\/1736858739015-1.jpg\",\"datePublished\":\"2025-01-15T08:25:55+00:00\",\"author\":{\"@id\":\"https:\\\/\\\/www.caudete.org\\\/ayuntamiento\\\/#\\\/schema\\\/person\\\/4b9eab41761957db9b1bf9c418d1ef46\"},\"description\":\"P\u00e1gina Oficial del Ayuntamiento de Caudete (Albacete)\",\"breadcrumb\":{\"@id\":\"https:\\\/\\\/www.caudete.org\\\/ayuntamiento\\\/actuaciones-para-la-prevencion-de-enfermedades-y-promocion-de-la-salud\\\/#breadcrumb\"},\"inLanguage\":\"es\",\"potentialAction\":[{\"@type\":\"ReadAction\",\"target\":[\"https:\\\/\\\/www.caudete.org\\\/ayuntamiento\\\/actuaciones-para-la-prevencion-de-enfermedades-y-promocion-de-la-salud\\\/\"]}]},{\"@type\":\"ImageObject\",\"inLanguage\":\"es\",\"@id\":\"https:\\\/\\\/www.caudete.org\\\/ayuntamiento\\\/actuaciones-para-la-prevencion-de-enfermedades-y-promocion-de-la-salud\\\/#primaryimage\",\"url\":\"https:\\\/\\\/www.caudete.org\\\/ayuntamiento\\\/wp-content\\\/uploads\\\/2025\\\/01\\\/1736858739015-1.jpg\",\"contentUrl\":\"https:\\\/\\\/www.caudete.org\\\/ayuntamiento\\\/wp-content\\\/uploads\\\/2025\\\/01\\\/1736858739015-1.jpg\",\"width\":1000,\"height\":563},{\"@type\":\"BreadcrumbList\",\"@id\":\"https:\\\/\\\/www.caudete.org\\\/ayuntamiento\\\/actuaciones-para-la-prevencion-de-enfermedades-y-promocion-de-la-salud\\\/#breadcrumb\",\"itemListElement\":[{\"@type\":\"ListItem\",\"position\":1,\"name\":\"Inicio\",\"item\":\"https:\\\/\\\/www.caudete.org\\\/ayuntamiento\\\/\"},{\"@type\":\"ListItem\",\"position\":2,\"name\":\"Actuaciones para la prevenci\u00f3n de enfermedades y promoci\u00f3n de la salud\"}]},{\"@type\":\"WebSite\",\"@id\":\"https:\\\/\\\/www.caudete.org\\\/ayuntamiento\\\/#website\",\"url\":\"https:\\\/\\\/www.caudete.org\\\/ayuntamiento\\\/\",\"name\":\"MI Ayuntamiento de Caudete\",\"description\":\"P\u00e1gina Oficial del MI Ayuntamiento de Caudete\",\"potentialAction\":[{\"@type\":\"SearchAction\",\"target\":{\"@type\":\"EntryPoint\",\"urlTemplate\":\"https:\\\/\\\/www.caudete.org\\\/ayuntamiento\\\/?s={search_term_string}\"},\"query-input\":{\"@type\":\"PropertyValueSpecification\",\"valueRequired\":true,\"valueName\":\"search_term_string\"}}],\"inLanguage\":\"es\"},{\"@type\":\"Person\",\"@id\":\"https:\\\/\\\/www.caudete.org\\\/ayuntamiento\\\/#\\\/schema\\\/person\\\/4b9eab41761957db9b1bf9c418d1ef46\",\"name\":\"Dpto Informatica MI Ayuntamiento de Caudete\",\"image\":{\"@type\":\"ImageObject\",\"inLanguage\":\"es\",\"@id\":\"https:\\\/\\\/secure.gravatar.com\\\/avatar\\\/ac0321ee4a0a83e82a253e7b2d348ef539e2c8fe16d06b600bde04de1b364fa7?s=96&d=mm&r=g\",\"url\":\"https:\\\/\\\/secure.gravatar.com\\\/avatar\\\/ac0321ee4a0a83e82a253e7b2d348ef539e2c8fe16d06b600bde04de1b364fa7?s=96&d=mm&r=g\",\"contentUrl\":\"https:\\\/\\\/secure.gravatar.com\\\/avatar\\\/ac0321ee4a0a83e82a253e7b2d348ef539e2c8fe16d06b600bde04de1b364fa7?s=96&d=mm&r=g\",\"caption\":\"Dpto Informatica MI Ayuntamiento de Caudete\"},\"url\":\"https:\\\/\\\/www.caudete.org\\\/ayuntamiento\\\/author\\\/informatica\\\/\"}]}<\/script>\n<!-- \/ Yoast SEO plugin. -->","yoast_head_json":{"title":"Actuaciones para la prevenci\u00f3n de enfermedades y promoci\u00f3n de la salud - MI Ayuntamiento de Caudete","description":"P\u00e1gina Oficial del Ayuntamiento de Caudete (Albacete)","robots":{"index":"index","follow":"follow","max-snippet":"max-snippet:-1","max-image-preview":"max-image-preview:large","max-video-preview":"max-video-preview:-1"},"canonical":"https:\/\/www.caudete.org\/ayuntamiento\/actuaciones-para-la-prevencion-de-enfermedades-y-promocion-de-la-salud\/","og_locale":"es_ES","og_type":"article","og_title":"Actuaciones para la prevenci\u00f3n de enfermedades y promoci\u00f3n de la salud - MI Ayuntamiento de Caudete","og_description":"P\u00e1gina Oficial del Ayuntamiento de Caudete (Albacete)","og_url":"https:\/\/www.caudete.org\/ayuntamiento\/actuaciones-para-la-prevencion-de-enfermedades-y-promocion-de-la-salud\/","og_site_name":"MI Ayuntamiento de Caudete","article_publisher":"https:\/\/www.facebook.com\/ayuntamientocaudete\/","article_published_time":"2025-01-15T08:25:55+00:00","og_image":[{"width":1000,"height":563,"url":"https:\/\/www.caudete.org\/ayuntamiento\/wp-content\/uploads\/2025\/01\/1736858739015-1.jpg","type":"image\/jpeg"}],"author":"Dpto Informatica MI Ayuntamiento de Caudete","twitter_card":"summary_large_image","twitter_misc":{"Escrito por":"Dpto Informatica MI Ayuntamiento de Caudete","Tiempo de lectura":"2 minutos"},"schema":{"@context":"https:\/\/schema.org","@graph":[{"@type":"Article","@id":"https:\/\/www.caudete.org\/ayuntamiento\/actuaciones-para-la-prevencion-de-enfermedades-y-promocion-de-la-salud\/#article","isPartOf":{"@id":"https:\/\/www.caudete.org\/ayuntamiento\/actuaciones-para-la-prevencion-de-enfermedades-y-promocion-de-la-salud\/"},"author":{"name":"Dpto Informatica MI Ayuntamiento de Caudete","@id":"https:\/\/www.caudete.org\/ayuntamiento\/#\/schema\/person\/4b9eab41761957db9b1bf9c418d1ef46"},"headline":"Actuaciones para la prevenci\u00f3n de enfermedades y promoci\u00f3n de la salud","datePublished":"2025-01-15T08:25:55+00:00","mainEntityOfPage":{"@id":"https:\/\/www.caudete.org\/ayuntamiento\/actuaciones-para-la-prevencion-de-enfermedades-y-promocion-de-la-salud\/"},"wordCount":326,"image":{"@id":"https:\/\/www.caudete.org\/ayuntamiento\/actuaciones-para-la-prevencion-de-enfermedades-y-promocion-de-la-salud\/#primaryimage"},"thumbnailUrl":"https:\/\/www.caudete.org\/ayuntamiento\/wp-content\/uploads\/2025\/01\/1736858739015-1.jpg","articleSection":["Sanidad"],"inLanguage":"es"},{"@type":"WebPage","@id":"https:\/\/www.caudete.org\/ayuntamiento\/actuaciones-para-la-prevencion-de-enfermedades-y-promocion-de-la-salud\/","url":"https:\/\/www.caudete.org\/ayuntamiento\/actuaciones-para-la-prevencion-de-enfermedades-y-promocion-de-la-salud\/","name":"Actuaciones para la prevenci\u00f3n de enfermedades y promoci\u00f3n de la salud - MI Ayuntamiento de Caudete","isPartOf":{"@id":"https:\/\/www.caudete.org\/ayuntamiento\/#website"},"primaryImageOfPage":{"@id":"https:\/\/www.caudete.org\/ayuntamiento\/actuaciones-para-la-prevencion-de-enfermedades-y-promocion-de-la-salud\/#primaryimage"},"image":{"@id":"https:\/\/www.caudete.org\/ayuntamiento\/actuaciones-para-la-prevencion-de-enfermedades-y-promocion-de-la-salud\/#primaryimage"},"thumbnailUrl":"https:\/\/www.caudete.org\/ayuntamiento\/wp-content\/uploads\/2025\/01\/1736858739015-1.jpg","datePublished":"2025-01-15T08:25:55+00:00","author":{"@id":"https:\/\/www.caudete.org\/ayuntamiento\/#\/schema\/person\/4b9eab41761957db9b1bf9c418d1ef46"},"description":"P\u00e1gina Oficial del Ayuntamiento de Caudete (Albacete)","breadcrumb":{"@id":"https:\/\/www.caudete.org\/ayuntamiento\/actuaciones-para-la-prevencion-de-enfermedades-y-promocion-de-la-salud\/#breadcrumb"},"inLanguage":"es","potentialAction":[{"@type":"ReadAction","target":["https:\/\/www.caudete.org\/ayuntamiento\/actuaciones-para-la-prevencion-de-enfermedades-y-promocion-de-la-salud\/"]}]},{"@type":"ImageObject","inLanguage":"es","@id":"https:\/\/www.caudete.org\/ayuntamiento\/actuaciones-para-la-prevencion-de-enfermedades-y-promocion-de-la-salud\/#primaryimage","url":"https:\/\/www.caudete.org\/ayuntamiento\/wp-content\/uploads\/2025\/01\/1736858739015-1.jpg","contentUrl":"https:\/\/www.caudete.org\/ayuntamiento\/wp-content\/uploads\/2025\/01\/1736858739015-1.jpg","width":1000,"height":563},{"@type":"BreadcrumbList","@id":"https:\/\/www.caudete.org\/ayuntamiento\/actuaciones-para-la-prevencion-de-enfermedades-y-promocion-de-la-salud\/#breadcrumb","itemListElement":[{"@type":"ListItem","position":1,"name":"Inicio","item":"https:\/\/www.caudete.org\/ayuntamiento\/"},{"@type":"ListItem","position":2,"name":"Actuaciones para la prevenci\u00f3n de enfermedades y promoci\u00f3n de la salud"}]},{"@type":"WebSite","@id":"https:\/\/www.caudete.org\/ayuntamiento\/#website","url":"https:\/\/www.caudete.org\/ayuntamiento\/","name":"MI Ayuntamiento de Caudete","description":"P\u00e1gina Oficial del MI Ayuntamiento de Caudete","potentialAction":[{"@type":"SearchAction","target":{"@type":"EntryPoint","urlTemplate":"https:\/\/www.caudete.org\/ayuntamiento\/?s={search_term_string}"},"query-input":{"@type":"PropertyValueSpecification","valueRequired":true,"valueName":"search_term_string"}}],"inLanguage":"es"},{"@type":"Person","@id":"https:\/\/www.caudete.org\/ayuntamiento\/#\/schema\/person\/4b9eab41761957db9b1bf9c418d1ef46","name":"Dpto Informatica MI Ayuntamiento de Caudete","image":{"@type":"ImageObject","inLanguage":"es","@id":"https:\/\/secure.gravatar.com\/avatar\/ac0321ee4a0a83e82a253e7b2d348ef539e2c8fe16d06b600bde04de1b364fa7?s=96&d=mm&r=g","url":"https:\/\/secure.gravatar.com\/avatar\/ac0321ee4a0a83e82a253e7b2d348ef539e2c8fe16d06b600bde04de1b364fa7?s=96&d=mm&r=g","contentUrl":"https:\/\/secure.gravatar.com\/avatar\/ac0321ee4a0a83e82a253e7b2d348ef539e2c8fe16d06b600bde04de1b364fa7?s=96&d=mm&r=g","caption":"Dpto Informatica MI Ayuntamiento de Caudete"},"url":"https:\/\/www.caudete.org\/ayuntamiento\/author\/informatica\/"}]}},"_links":{"self":[{"href":"https:\/\/www.caudete.org\/ayuntamiento\/wp-json\/wp\/v2\/posts\/27147","targetHints":{"allow":["GET"]}}],"collection":[{"href":"https:\/\/www.caudete.org\/ayuntamiento\/wp-json\/wp\/v2\/posts"}],"about":[{"href":"https:\/\/www.caudete.org\/ayuntamiento\/wp-json\/wp\/v2\/types\/post"}],"author":[{"embeddable":true,"href":"https:\/\/www.caudete.org\/ayuntamiento\/wp-json\/wp\/v2\/users\/5"}],"replies":[{"embeddable":true,"href":"https:\/\/www.caudete.org\/ayuntamiento\/wp-json\/wp\/v2\/comments?post=27147"}],"version-history":[{"count":1,"href":"https:\/\/www.caudete.org\/ayuntamiento\/wp-json\/wp\/v2\/posts\/27147\/revisions"}],"predecessor-version":[{"id":27150,"href":"https:\/\/www.caudete.org\/ayuntamiento\/wp-json\/wp\/v2\/posts\/27147\/revisions\/27150"}],"wp:featuredmedia":[{"embeddable":true,"href":"https:\/\/www.caudete.org\/ayuntamiento\/wp-json\/wp\/v2\/media\/27149"}],"wp:attachment":[{"href":"https:\/\/www.caudete.org\/ayuntamiento\/wp-json\/wp\/v2\/media?parent=27147"}],"wp:term":[{"taxonomy":"category","embeddable":true,"href":"https:\/\/www.caudete.org\/ayuntamiento\/wp-json\/wp\/v2\/categories?post=27147"},{"taxonomy":"post_tag","embeddable":true,"href":"https:\/\/www.caudete.org\/ayuntamiento\/wp-json\/wp\/v2\/tags?post=27147"}],"curies":[{"name":"wp","href":"https:\/\/api.w.org\/{rel}","templated":true}]}}