{"id":27159,"date":"2025-01-15T14:13:31","date_gmt":"2025-01-15T13:13:31","guid":{"rendered":"https:\/\/www.caudete.org\/ayuntamiento\/?p=27159"},"modified":"2025-01-15T14:51:49","modified_gmt":"2025-01-15T13:51:49","slug":"la-concejalia-de-medio-ambiente-colaborara-con-la-cofradia-de-san-anton-en-la-bendicion-de-animales","status":"publish","type":"post","link":"https:\/\/www.caudete.org\/ayuntamiento\/la-concejalia-de-medio-ambiente-colaborara-con-la-cofradia-de-san-anton-en-la-bendicion-de-animales\/","title":{"rendered":"La Concejal\u00eda de Medio Ambiente colaborara con la Cofrad\u00eda de San Ant\u00f3n obsequiando con un detalle en la bendici\u00f3n de animales"},"content":{"rendered":"<p>La Concejal\u00eda de Medio Ambiente del Ayuntamiento de Caudete, con su concejal Francisco Jos\u00e9 Castell\u00f3, estar\u00e1 presente por segundo a\u00f1o consecutivo en la bendici\u00f3n de animales que se celebrar\u00e1 este domingo 19 de enero en el barrio de San Francisco, organizada por la Cofrad\u00eda de San Ant\u00f3n.<\/p>\n<p>En este evento, se obsequiara a todos los vecinos que lleven a bendecir su mascota con un kit de limpieza, compuesto por huesito con bolsitas para recoger los excrementos, una botella para la limpieza de orines y un folleto informativo.<\/p>\n<p>Con este detalle, nos gustar\u00eda concienciar a los ciudadanos sobre las responsabilidades que acarrea tener una mascota, siendo una de ellas recoger sus necesidades.<\/p>\n<p>Es por ello que desde la Concejal\u00eda de Medio Ambiente esperamos que este kit de limpieza sirva para tener unas calles limpias de excrementos y orines.<\/p>\n<p>Presume de calles limpias presume de Caudete.<\/p>\n","protected":false},"excerpt":{"rendered":"<p>La Concejal\u00eda de Medio Ambiente del Ayuntamiento de Caudete, con su concejal Francisco Jos\u00e9 Castell\u00f3, estar\u00e1 presente por segundo a\u00f1o consecutivo en la bendici\u00f3n de animales que se celebrar\u00e1 este domingo 19 de enero en el barrio de San Francisco, organizada por la Cofrad\u00eda de San Ant\u00f3n. En este evento, se obsequiara a todos los &hellip;<\/p>\n","protected":false},"author":5,"featured_media":11613,"comment_status":"closed","ping_status":"open","sticky":false,"template":"","format":"standard","meta":{"ngg_post_thumbnail":0,"footnotes":""},"categories":[29],"tags":[],"class_list":["post-27159","post","type-post","status-publish","format-standard","has-post-thumbnail","hentry","category-medio-ambiente"],"yoast_head":"<!-- This site is optimized with the Yoast SEO plugin v27.5 - https:\/\/yoast.com\/product\/yoast-seo-wordpress\/ -->\n<title>La Concejal\u00eda de Medio Ambiente colaborara con la Cofrad\u00eda de San Ant\u00f3n obsequiando con un detalle en la bendici\u00f3n de animales - MI Ayuntamiento de Caudete<\/title>\n<meta name=\"description\" content=\"P\u00e1gina Oficial del Ayuntamiento de Caudete (Albacete)\" \/>\n<meta name=\"robots\" content=\"index, follow, max-snippet:-1, max-image-preview:large, max-video-preview:-1\" \/>\n<link rel=\"canonical\" href=\"https:\/\/www.caudete.org\/ayuntamiento\/la-concejalia-de-medio-ambiente-colaborara-con-la-cofradia-de-san-anton-en-la-bendicion-de-animales\/\" \/>\n<meta property=\"og:locale\" content=\"es_ES\" \/>\n<meta property=\"og:type\" content=\"article\" \/>\n<meta property=\"og:title\" content=\"La Concejal\u00eda de Medio Ambiente colaborara con la Cofrad\u00eda de San Ant\u00f3n obsequiando con un detalle en la bendici\u00f3n de animales - MI Ayuntamiento de Caudete\" \/>\n<meta property=\"og:description\" content=\"P\u00e1gina Oficial del Ayuntamiento de Caudete (Albacete)\" \/>\n<meta property=\"og:url\" content=\"https:\/\/www.caudete.org\/ayuntamiento\/la-concejalia-de-medio-ambiente-colaborara-con-la-cofradia-de-san-anton-en-la-bendicion-de-animales\/\" \/>\n<meta property=\"og:site_name\" content=\"MI Ayuntamiento de Caudete\" \/>\n<meta property=\"article:publisher\" content=\"https:\/\/www.facebook.com\/ayuntamientocaudete\/\" \/>\n<meta property=\"article:published_time\" content=\"2025-01-15T13:13:31+00:00\" \/>\n<meta property=\"article:modified_time\" content=\"2025-01-15T13:51:49+00:00\" \/>\n<meta property=\"og:image\" content=\"https:\/\/www.caudete.org\/ayuntamiento\/wp-content\/uploads\/2021\/01\/san_anton_caudete.jpg\" \/>\n\t<meta property=\"og:image:width\" content=\"375\" \/>\n\t<meta property=\"og:image:height\" content=\"250\" \/>\n\t<meta property=\"og:image:type\" content=\"image\/jpeg\" \/>\n<meta name=\"author\" content=\"Dpto Informatica MI Ayuntamiento de Caudete\" \/>\n<meta name=\"twitter:card\" content=\"summary_large_image\" \/>\n<meta name=\"twitter:label1\" content=\"Escrito por\" \/>\n\t<meta name=\"twitter:data1\" content=\"Dpto Informatica MI Ayuntamiento de Caudete\" \/>\n\t<meta name=\"twitter:label2\" content=\"Tiempo de lectura\" \/>\n\t<meta name=\"twitter:data2\" content=\"1 minuto\" \/>\n<script type=\"application\/ld+json\" class=\"yoast-schema-graph\">{\"@context\":\"https:\\\/\\\/schema.org\",\"@graph\":[{\"@type\":\"Article\",\"@id\":\"https:\\\/\\\/www.caudete.org\\\/ayuntamiento\\\/la-concejalia-de-medio-ambiente-colaborara-con-la-cofradia-de-san-anton-en-la-bendicion-de-animales\\\/#article\",\"isPartOf\":{\"@id\":\"https:\\\/\\\/www.caudete.org\\\/ayuntamiento\\\/la-concejalia-de-medio-ambiente-colaborara-con-la-cofradia-de-san-anton-en-la-bendicion-de-animales\\\/\"},\"author\":{\"name\":\"Dpto Informatica MI Ayuntamiento de Caudete\",\"@id\":\"https:\\\/\\\/www.caudete.org\\\/ayuntamiento\\\/#\\\/schema\\\/person\\\/4b9eab41761957db9b1bf9c418d1ef46\"},\"headline\":\"La Concejal\u00eda de Medio Ambiente colaborara con la Cofrad\u00eda de San Ant\u00f3n obsequiando con un detalle en la bendici\u00f3n de animales\",\"datePublished\":\"2025-01-15T13:13:31+00:00\",\"dateModified\":\"2025-01-15T13:51:49+00:00\",\"mainEntityOfPage\":{\"@id\":\"https:\\\/\\\/www.caudete.org\\\/ayuntamiento\\\/la-concejalia-de-medio-ambiente-colaborara-con-la-cofradia-de-san-anton-en-la-bendicion-de-animales\\\/\"},\"wordCount\":175,\"image\":{\"@id\":\"https:\\\/\\\/www.caudete.org\\\/ayuntamiento\\\/la-concejalia-de-medio-ambiente-colaborara-con-la-cofradia-de-san-anton-en-la-bendicion-de-animales\\\/#primaryimage\"},\"thumbnailUrl\":\"https:\\\/\\\/www.caudete.org\\\/ayuntamiento\\\/wp-content\\\/uploads\\\/2021\\\/01\\\/san_anton_caudete.jpg\",\"articleSection\":[\"Medio Ambiente\"],\"inLanguage\":\"es\"},{\"@type\":\"WebPage\",\"@id\":\"https:\\\/\\\/www.caudete.org\\\/ayuntamiento\\\/la-concejalia-de-medio-ambiente-colaborara-con-la-cofradia-de-san-anton-en-la-bendicion-de-animales\\\/\",\"url\":\"https:\\\/\\\/www.caudete.org\\\/ayuntamiento\\\/la-concejalia-de-medio-ambiente-colaborara-con-la-cofradia-de-san-anton-en-la-bendicion-de-animales\\\/\",\"name\":\"La Concejal\u00eda de Medio Ambiente colaborara con la Cofrad\u00eda de San Ant\u00f3n obsequiando con un detalle en la bendici\u00f3n de animales - MI Ayuntamiento de Caudete\",\"isPartOf\":{\"@id\":\"https:\\\/\\\/www.caudete.org\\\/ayuntamiento\\\/#website\"},\"primaryImageOfPage\":{\"@id\":\"https:\\\/\\\/www.caudete.org\\\/ayuntamiento\\\/la-concejalia-de-medio-ambiente-colaborara-con-la-cofradia-de-san-anton-en-la-bendicion-de-animales\\\/#primaryimage\"},\"image\":{\"@id\":\"https:\\\/\\\/www.caudete.org\\\/ayuntamiento\\\/la-concejalia-de-medio-ambiente-colaborara-con-la-cofradia-de-san-anton-en-la-bendicion-de-animales\\\/#primaryimage\"},\"thumbnailUrl\":\"https:\\\/\\\/www.caudete.org\\\/ayuntamiento\\\/wp-content\\\/uploads\\\/2021\\\/01\\\/san_anton_caudete.jpg\",\"datePublished\":\"2025-01-15T13:13:31+00:00\",\"dateModified\":\"2025-01-15T13:51:49+00:00\",\"author\":{\"@id\":\"https:\\\/\\\/www.caudete.org\\\/ayuntamiento\\\/#\\\/schema\\\/person\\\/4b9eab41761957db9b1bf9c418d1ef46\"},\"description\":\"P\u00e1gina Oficial del Ayuntamiento de Caudete (Albacete)\",\"breadcrumb\":{\"@id\":\"https:\\\/\\\/www.caudete.org\\\/ayuntamiento\\\/la-concejalia-de-medio-ambiente-colaborara-con-la-cofradia-de-san-anton-en-la-bendicion-de-animales\\\/#breadcrumb\"},\"inLanguage\":\"es\",\"potentialAction\":[{\"@type\":\"ReadAction\",\"target\":[\"https:\\\/\\\/www.caudete.org\\\/ayuntamiento\\\/la-concejalia-de-medio-ambiente-colaborara-con-la-cofradia-de-san-anton-en-la-bendicion-de-animales\\\/\"]}]},{\"@type\":\"ImageObject\",\"inLanguage\":\"es\",\"@id\":\"https:\\\/\\\/www.caudete.org\\\/ayuntamiento\\\/la-concejalia-de-medio-ambiente-colaborara-con-la-cofradia-de-san-anton-en-la-bendicion-de-animales\\\/#primaryimage\",\"url\":\"https:\\\/\\\/www.caudete.org\\\/ayuntamiento\\\/wp-content\\\/uploads\\\/2021\\\/01\\\/san_anton_caudete.jpg\",\"contentUrl\":\"https:\\\/\\\/www.caudete.org\\\/ayuntamiento\\\/wp-content\\\/uploads\\\/2021\\\/01\\\/san_anton_caudete.jpg\",\"width\":375,\"height\":250},{\"@type\":\"BreadcrumbList\",\"@id\":\"https:\\\/\\\/www.caudete.org\\\/ayuntamiento\\\/la-concejalia-de-medio-ambiente-colaborara-con-la-cofradia-de-san-anton-en-la-bendicion-de-animales\\\/#breadcrumb\",\"itemListElement\":[{\"@type\":\"ListItem\",\"position\":1,\"name\":\"Inicio\",\"item\":\"https:\\\/\\\/www.caudete.org\\\/ayuntamiento\\\/\"},{\"@type\":\"ListItem\",\"position\":2,\"name\":\"La Concejal\u00eda de Medio Ambiente colaborara con la Cofrad\u00eda de San Ant\u00f3n obsequiando con un detalle en la bendici\u00f3n de animales\"}]},{\"@type\":\"WebSite\",\"@id\":\"https:\\\/\\\/www.caudete.org\\\/ayuntamiento\\\/#website\",\"url\":\"https:\\\/\\\/www.caudete.org\\\/ayuntamiento\\\/\",\"name\":\"MI Ayuntamiento de Caudete\",\"description\":\"P\u00e1gina Oficial del MI Ayuntamiento de Caudete\",\"potentialAction\":[{\"@type\":\"SearchAction\",\"target\":{\"@type\":\"EntryPoint\",\"urlTemplate\":\"https:\\\/\\\/www.caudete.org\\\/ayuntamiento\\\/?s={search_term_string}\"},\"query-input\":{\"@type\":\"PropertyValueSpecification\",\"valueRequired\":true,\"valueName\":\"search_term_string\"}}],\"inLanguage\":\"es\"},{\"@type\":\"Person\",\"@id\":\"https:\\\/\\\/www.caudete.org\\\/ayuntamiento\\\/#\\\/schema\\\/person\\\/4b9eab41761957db9b1bf9c418d1ef46\",\"name\":\"Dpto Informatica MI Ayuntamiento de Caudete\",\"image\":{\"@type\":\"ImageObject\",\"inLanguage\":\"es\",\"@id\":\"https:\\\/\\\/secure.gravatar.com\\\/avatar\\\/ac0321ee4a0a83e82a253e7b2d348ef539e2c8fe16d06b600bde04de1b364fa7?s=96&d=mm&r=g\",\"url\":\"https:\\\/\\\/secure.gravatar.com\\\/avatar\\\/ac0321ee4a0a83e82a253e7b2d348ef539e2c8fe16d06b600bde04de1b364fa7?s=96&d=mm&r=g\",\"contentUrl\":\"https:\\\/\\\/secure.gravatar.com\\\/avatar\\\/ac0321ee4a0a83e82a253e7b2d348ef539e2c8fe16d06b600bde04de1b364fa7?s=96&d=mm&r=g\",\"caption\":\"Dpto Informatica MI Ayuntamiento de Caudete\"},\"url\":\"https:\\\/\\\/www.caudete.org\\\/ayuntamiento\\\/author\\\/informatica\\\/\"}]}<\/script>\n<!-- \/ Yoast SEO plugin. -->","yoast_head_json":{"title":"La Concejal\u00eda de Medio Ambiente colaborara con la Cofrad\u00eda de San Ant\u00f3n obsequiando con un detalle en la bendici\u00f3n de animales - MI Ayuntamiento de Caudete","description":"P\u00e1gina Oficial del Ayuntamiento de Caudete (Albacete)","robots":{"index":"index","follow":"follow","max-snippet":"max-snippet:-1","max-image-preview":"max-image-preview:large","max-video-preview":"max-video-preview:-1"},"canonical":"https:\/\/www.caudete.org\/ayuntamiento\/la-concejalia-de-medio-ambiente-colaborara-con-la-cofradia-de-san-anton-en-la-bendicion-de-animales\/","og_locale":"es_ES","og_type":"article","og_title":"La Concejal\u00eda de Medio Ambiente colaborara con la Cofrad\u00eda de San Ant\u00f3n obsequiando con un detalle en la bendici\u00f3n de animales - MI Ayuntamiento de Caudete","og_description":"P\u00e1gina Oficial del Ayuntamiento de Caudete (Albacete)","og_url":"https:\/\/www.caudete.org\/ayuntamiento\/la-concejalia-de-medio-ambiente-colaborara-con-la-cofradia-de-san-anton-en-la-bendicion-de-animales\/","og_site_name":"MI Ayuntamiento de Caudete","article_publisher":"https:\/\/www.facebook.com\/ayuntamientocaudete\/","article_published_time":"2025-01-15T13:13:31+00:00","article_modified_time":"2025-01-15T13:51:49+00:00","og_image":[{"width":375,"height":250,"url":"https:\/\/www.caudete.org\/ayuntamiento\/wp-content\/uploads\/2021\/01\/san_anton_caudete.jpg","type":"image\/jpeg"}],"author":"Dpto Informatica MI Ayuntamiento de Caudete","twitter_card":"summary_large_image","twitter_misc":{"Escrito por":"Dpto Informatica MI Ayuntamiento de Caudete","Tiempo de lectura":"1 minuto"},"schema":{"@context":"https:\/\/schema.org","@graph":[{"@type":"Article","@id":"https:\/\/www.caudete.org\/ayuntamiento\/la-concejalia-de-medio-ambiente-colaborara-con-la-cofradia-de-san-anton-en-la-bendicion-de-animales\/#article","isPartOf":{"@id":"https:\/\/www.caudete.org\/ayuntamiento\/la-concejalia-de-medio-ambiente-colaborara-con-la-cofradia-de-san-anton-en-la-bendicion-de-animales\/"},"author":{"name":"Dpto Informatica MI Ayuntamiento de Caudete","@id":"https:\/\/www.caudete.org\/ayuntamiento\/#\/schema\/person\/4b9eab41761957db9b1bf9c418d1ef46"},"headline":"La Concejal\u00eda de Medio Ambiente colaborara con la Cofrad\u00eda de San Ant\u00f3n obsequiando con un detalle en la bendici\u00f3n de animales","datePublished":"2025-01-15T13:13:31+00:00","dateModified":"2025-01-15T13:51:49+00:00","mainEntityOfPage":{"@id":"https:\/\/www.caudete.org\/ayuntamiento\/la-concejalia-de-medio-ambiente-colaborara-con-la-cofradia-de-san-anton-en-la-bendicion-de-animales\/"},"wordCount":175,"image":{"@id":"https:\/\/www.caudete.org\/ayuntamiento\/la-concejalia-de-medio-ambiente-colaborara-con-la-cofradia-de-san-anton-en-la-bendicion-de-animales\/#primaryimage"},"thumbnailUrl":"https:\/\/www.caudete.org\/ayuntamiento\/wp-content\/uploads\/2021\/01\/san_anton_caudete.jpg","articleSection":["Medio Ambiente"],"inLanguage":"es"},{"@type":"WebPage","@id":"https:\/\/www.caudete.org\/ayuntamiento\/la-concejalia-de-medio-ambiente-colaborara-con-la-cofradia-de-san-anton-en-la-bendicion-de-animales\/","url":"https:\/\/www.caudete.org\/ayuntamiento\/la-concejalia-de-medio-ambiente-colaborara-con-la-cofradia-de-san-anton-en-la-bendicion-de-animales\/","name":"La Concejal\u00eda de Medio Ambiente colaborara con la Cofrad\u00eda de San Ant\u00f3n obsequiando con un detalle en la bendici\u00f3n de animales - MI Ayuntamiento de Caudete","isPartOf":{"@id":"https:\/\/www.caudete.org\/ayuntamiento\/#website"},"primaryImageOfPage":{"@id":"https:\/\/www.caudete.org\/ayuntamiento\/la-concejalia-de-medio-ambiente-colaborara-con-la-cofradia-de-san-anton-en-la-bendicion-de-animales\/#primaryimage"},"image":{"@id":"https:\/\/www.caudete.org\/ayuntamiento\/la-concejalia-de-medio-ambiente-colaborara-con-la-cofradia-de-san-anton-en-la-bendicion-de-animales\/#primaryimage"},"thumbnailUrl":"https:\/\/www.caudete.org\/ayuntamiento\/wp-content\/uploads\/2021\/01\/san_anton_caudete.jpg","datePublished":"2025-01-15T13:13:31+00:00","dateModified":"2025-01-15T13:51:49+00:00","author":{"@id":"https:\/\/www.caudete.org\/ayuntamiento\/#\/schema\/person\/4b9eab41761957db9b1bf9c418d1ef46"},"description":"P\u00e1gina Oficial del Ayuntamiento de Caudete (Albacete)","breadcrumb":{"@id":"https:\/\/www.caudete.org\/ayuntamiento\/la-concejalia-de-medio-ambiente-colaborara-con-la-cofradia-de-san-anton-en-la-bendicion-de-animales\/#breadcrumb"},"inLanguage":"es","potentialAction":[{"@type":"ReadAction","target":["https:\/\/www.caudete.org\/ayuntamiento\/la-concejalia-de-medio-ambiente-colaborara-con-la-cofradia-de-san-anton-en-la-bendicion-de-animales\/"]}]},{"@type":"ImageObject","inLanguage":"es","@id":"https:\/\/www.caudete.org\/ayuntamiento\/la-concejalia-de-medio-ambiente-colaborara-con-la-cofradia-de-san-anton-en-la-bendicion-de-animales\/#primaryimage","url":"https:\/\/www.caudete.org\/ayuntamiento\/wp-content\/uploads\/2021\/01\/san_anton_caudete.jpg","contentUrl":"https:\/\/www.caudete.org\/ayuntamiento\/wp-content\/uploads\/2021\/01\/san_anton_caudete.jpg","width":375,"height":250},{"@type":"BreadcrumbList","@id":"https:\/\/www.caudete.org\/ayuntamiento\/la-concejalia-de-medio-ambiente-colaborara-con-la-cofradia-de-san-anton-en-la-bendicion-de-animales\/#breadcrumb","itemListElement":[{"@type":"ListItem","position":1,"name":"Inicio","item":"https:\/\/www.caudete.org\/ayuntamiento\/"},{"@type":"ListItem","position":2,"name":"La Concejal\u00eda de Medio Ambiente colaborara con la Cofrad\u00eda de San Ant\u00f3n obsequiando con un detalle en la bendici\u00f3n de animales"}]},{"@type":"WebSite","@id":"https:\/\/www.caudete.org\/ayuntamiento\/#website","url":"https:\/\/www.caudete.org\/ayuntamiento\/","name":"MI Ayuntamiento de Caudete","description":"P\u00e1gina Oficial del MI Ayuntamiento de Caudete","potentialAction":[{"@type":"SearchAction","target":{"@type":"EntryPoint","urlTemplate":"https:\/\/www.caudete.org\/ayuntamiento\/?s={search_term_string}"},"query-input":{"@type":"PropertyValueSpecification","valueRequired":true,"valueName":"search_term_string"}}],"inLanguage":"es"},{"@type":"Person","@id":"https:\/\/www.caudete.org\/ayuntamiento\/#\/schema\/person\/4b9eab41761957db9b1bf9c418d1ef46","name":"Dpto Informatica MI Ayuntamiento de Caudete","image":{"@type":"ImageObject","inLanguage":"es","@id":"https:\/\/secure.gravatar.com\/avatar\/ac0321ee4a0a83e82a253e7b2d348ef539e2c8fe16d06b600bde04de1b364fa7?s=96&d=mm&r=g","url":"https:\/\/secure.gravatar.com\/avatar\/ac0321ee4a0a83e82a253e7b2d348ef539e2c8fe16d06b600bde04de1b364fa7?s=96&d=mm&r=g","contentUrl":"https:\/\/secure.gravatar.com\/avatar\/ac0321ee4a0a83e82a253e7b2d348ef539e2c8fe16d06b600bde04de1b364fa7?s=96&d=mm&r=g","caption":"Dpto Informatica MI Ayuntamiento de Caudete"},"url":"https:\/\/www.caudete.org\/ayuntamiento\/author\/informatica\/"}]}},"_links":{"self":[{"href":"https:\/\/www.caudete.org\/ayuntamiento\/wp-json\/wp\/v2\/posts\/27159","targetHints":{"allow":["GET"]}}],"collection":[{"href":"https:\/\/www.caudete.org\/ayuntamiento\/wp-json\/wp\/v2\/posts"}],"about":[{"href":"https:\/\/www.caudete.org\/ayuntamiento\/wp-json\/wp\/v2\/types\/post"}],"author":[{"embeddable":true,"href":"https:\/\/www.caudete.org\/ayuntamiento\/wp-json\/wp\/v2\/users\/5"}],"replies":[{"embeddable":true,"href":"https:\/\/www.caudete.org\/ayuntamiento\/wp-json\/wp\/v2\/comments?post=27159"}],"version-history":[{"count":3,"href":"https:\/\/www.caudete.org\/ayuntamiento\/wp-json\/wp\/v2\/posts\/27159\/revisions"}],"predecessor-version":[{"id":27162,"href":"https:\/\/www.caudete.org\/ayuntamiento\/wp-json\/wp\/v2\/posts\/27159\/revisions\/27162"}],"wp:featuredmedia":[{"embeddable":true,"href":"https:\/\/www.caudete.org\/ayuntamiento\/wp-json\/wp\/v2\/media\/11613"}],"wp:attachment":[{"href":"https:\/\/www.caudete.org\/ayuntamiento\/wp-json\/wp\/v2\/media?parent=27159"}],"wp:term":[{"taxonomy":"category","embeddable":true,"href":"https:\/\/www.caudete.org\/ayuntamiento\/wp-json\/wp\/v2\/categories?post=27159"},{"taxonomy":"post_tag","embeddable":true,"href":"https:\/\/www.caudete.org\/ayuntamiento\/wp-json\/wp\/v2\/tags?post=27159"}],"curies":[{"name":"wp","href":"https:\/\/api.w.org\/{rel}","templated":true}]}}