{"id":27178,"date":"2025-01-16T16:43:02","date_gmt":"2025-01-16T15:43:02","guid":{"rendered":"https:\/\/www.caudete.org\/ayuntamiento\/?p=27178"},"modified":"2025-01-16T16:43:02","modified_gmt":"2025-01-16T15:43:02","slug":"las-inhumaciones-en-2024-descienden-a-74-un-31-menos-de-la-media-de-los-ultimos-7-anos","status":"publish","type":"post","link":"https:\/\/www.caudete.org\/ayuntamiento\/las-inhumaciones-en-2024-descienden-a-74-un-31-menos-de-la-media-de-los-ultimos-7-anos\/","title":{"rendered":"Las inhumaciones en 2024 descienden a 74, un 31% menos de la media de los \u00faltimos 7 a\u00f1os"},"content":{"rendered":"<p style=\"text-align: justify;\">El Alcalde Mois\u00e9s L\u00f3pez, y a su vez responsable del servicio de Cementerio, ha dado a conocer esta ma\u00f1ana la estad\u00edstica que anualmente publica el Consistorio sobre la gesti\u00f3n del a\u00f1o 2024 realizada por el Departamento de Cementerio, mostrando la comparativa que desde 2018 se viene haciendo p\u00fablica, momento en el cual la actual Ordenanza Reguladora del recinto establece la ejecuci\u00f3n de la medici\u00f3n.<\/p>\n<table style=\"width: 100%; border-collapse: collapse; border-style: solid;\">\n<tbody>\n<tr>\n<td style=\"width: 12.5%;\"><\/td>\n<td style=\"width: 12.5%;\"><strong>2024<\/strong><\/td>\n<td style=\"width: 12.5%;\"><strong>2023<\/strong><\/td>\n<td style=\"width: 12.5%;\"><strong>2022<\/strong><\/td>\n<td style=\"width: 12.5%;\"><strong>2021<\/strong><\/td>\n<td style=\"width: 12.5%;\"><strong>2020<\/strong><\/td>\n<td style=\"width: 12.5%;\"><strong>2019<\/strong><\/td>\n<td style=\"width: 12.5%;\"><strong>2018<\/strong><\/td>\n<\/tr>\n<tr>\n<td style=\"width: 12.5%;\"><strong>Inhumaciones\u00a0<\/strong><\/td>\n<td style=\"width: 12.5%;\">74<\/td>\n<td style=\"width: 12.5%;\">98<\/td>\n<td style=\"width: 12.5%;\">105<\/td>\n<td style=\"width: 12.5%;\">79<\/td>\n<td style=\"width: 12.5%;\">89<\/td>\n<td style=\"width: 12.5%;\">97<\/td>\n<td style=\"width: 12.5%;\">111<\/td>\n<\/tr>\n<\/tbody>\n<\/table>\n<p style=\"text-align: justify;\">Con estos datos generales, observamos como el reci\u00e9n cerrado ejercicio 2024 ha registrado el n\u00famero m\u00e1s bajo de inhumaciones de la serie hist\u00f3rica (\u00faltimos 7 a\u00f1os) hasta quedar en 74 inhumaciones practicadas, lo que significa un descenso del 31%, ya que la media era de 108 inhumaciones\/a\u00f1o, quedando ahora en 93.<\/p>\n<p style=\"text-align: justify;\">De forma pormenorizada, y como viene siendo habitual, ha dado tambi\u00e9n los datos relativos al modo de inhumaci\u00f3n, tipolog\u00eda de unidad de enterramiento o localizaci\u00f3n en el Cementerio, e incluso el n\u00famero de unidades de enterramiento nuevas que se conceden o las que se usan por una segunda o sucesivas veces.<\/p>\n<table style=\"width: 98.0394%;\">\n<tbody>\n<tr>\n<td style=\"width: 19.8573%;\"><\/td>\n<td style=\"width: 16.6469%;\"><\/td>\n<td style=\"width: 9.63139%; text-align: center;\"><strong>A\u00f1o 2024<\/strong><\/td>\n<td style=\"width: 8.79905%; text-align: center;\"><strong>A\u00f1o 2023<\/strong><\/td>\n<td style=\"width: 8.79905%; text-align: center;\"><strong>A\u00f1o 2022<\/strong><\/td>\n<td style=\"width: 8.44233%; text-align: center;\"><strong>A\u00f1o 2021<\/strong><\/td>\n<td style=\"width: 8.91795%; text-align: center;\"><strong>A\u00f1o 2020<\/strong><\/td>\n<td style=\"width: 8.56124%; text-align: center;\"><strong>A\u00f1o 2019<\/strong><\/td>\n<td style=\"width: 8.56124%; text-align: center;\"><strong>A\u00f1o 2018<\/strong><\/td>\n<\/tr>\n<tr>\n<td style=\"width: 19.8573%;\" rowspan=\"2\"><strong>F\u00d3RMULA INHUMACI\u00d3N<\/strong><\/td>\n<td style=\"width: 16.6469%;\"><strong>Tradicional<\/strong><\/td>\n<td style=\"width: 9.63139%; text-align: center;\">\u00a067<\/td>\n<td style=\"width: 8.79905%; text-align: center;\">90<\/td>\n<td style=\"width: 8.79905%; text-align: center;\">95<\/td>\n<td style=\"width: 8.44233%; text-align: center;\">73<\/td>\n<td style=\"width: 8.91795%; text-align: center;\">79<\/td>\n<td style=\"width: 8.56124%; text-align: center;\">97<\/td>\n<td style=\"width: 8.56124%; text-align: center;\">104<\/td>\n<\/tr>\n<tr>\n<td style=\"width: 16.6469%;\"><strong>Cenizas<\/strong><\/td>\n<td style=\"width: 9.63139%; text-align: center;\">\u00a07<\/td>\n<td style=\"width: 8.79905%; text-align: center;\">8<\/td>\n<td style=\"width: 8.79905%; text-align: center;\">10<\/td>\n<td style=\"width: 8.44233%; text-align: center;\">6<\/td>\n<td style=\"width: 8.91795%; text-align: center;\">10<\/td>\n<td style=\"width: 8.56124%; text-align: center;\">0<\/td>\n<td style=\"width: 8.56124%; text-align: center;\">7<\/td>\n<\/tr>\n<tr>\n<td style=\"width: 19.8573%;\"><\/td>\n<td style=\"width: 16.6469%;\"><\/td>\n<td style=\"width: 9.63139%; text-align: center;\"><\/td>\n<td style=\"width: 8.79905%; text-align: center;\"><\/td>\n<td style=\"width: 8.79905%; text-align: center;\"><\/td>\n<td style=\"width: 8.44233%; text-align: center;\"><\/td>\n<td style=\"width: 8.91795%; text-align: center;\"><\/td>\n<td style=\"width: 8.56124%; text-align: center;\"><\/td>\n<td style=\"width: 8.56124%; text-align: center;\"><\/td>\n<\/tr>\n<tr>\n<td style=\"width: 19.8573%;\" rowspan=\"4\"><strong><br \/>\n<\/strong><strong>TIPOLOG\u00cdA DE ENTERRAMIENTO<\/strong><\/td>\n<td style=\"width: 16.6469%;\"><strong>Columbario<\/strong><\/td>\n<td style=\"width: 9.63139%; text-align: center;\">\u00a03<\/td>\n<td style=\"width: 8.79905%; text-align: center;\">2<\/td>\n<td style=\"width: 8.79905%; text-align: center;\">2<\/td>\n<td style=\"width: 8.44233%; text-align: center;\">0<\/td>\n<td style=\"width: 8.91795%; text-align: center;\">9<\/td>\n<td style=\"width: 8.56124%; text-align: center;\">0<\/td>\n<td style=\"width: 8.56124%; text-align: center;\">1<\/td>\n<\/tr>\n<tr>\n<td style=\"width: 16.6469%;\"><strong>Pante\u00f3n<\/strong><\/td>\n<td style=\"width: 9.63139%; text-align: center;\">\u00a01<\/td>\n<td style=\"width: 8.79905%; text-align: center;\">1<\/td>\n<td style=\"width: 8.79905%; text-align: center;\">0<\/td>\n<td style=\"width: 8.44233%; text-align: center;\">0<\/td>\n<td style=\"width: 8.91795%; text-align: center;\">2<\/td>\n<td style=\"width: 8.56124%; text-align: center;\">2<\/td>\n<td style=\"width: 8.56124%; text-align: center;\">2<\/td>\n<\/tr>\n<tr>\n<td style=\"width: 16.6469%;\"><strong>Fosa\/ Sepultura<\/strong><\/td>\n<td style=\"width: 9.63139%; text-align: center;\">\u00a09<\/td>\n<td style=\"width: 8.79905%; text-align: center;\">8<\/td>\n<td style=\"width: 8.79905%; text-align: center;\">16<\/td>\n<td style=\"width: 8.44233%; text-align: center;\">14<\/td>\n<td style=\"width: 8.91795%; text-align: center;\">12<\/td>\n<td style=\"width: 8.56124%; text-align: center;\">15<\/td>\n<td style=\"width: 8.56124%; text-align: center;\">15<\/td>\n<\/tr>\n<tr>\n<td style=\"width: 16.6469%;\"><strong>Nicho<\/strong><\/td>\n<td style=\"width: 9.63139%; text-align: center;\">\u00a061<\/td>\n<td style=\"width: 8.79905%; text-align: center;\">87<\/td>\n<td style=\"width: 8.79905%; text-align: center;\">85<\/td>\n<td style=\"width: 8.44233%; text-align: center;\">65<\/td>\n<td style=\"width: 8.91795%; text-align: center;\">66<\/td>\n<td style=\"width: 8.56124%; text-align: center;\">80<\/td>\n<td style=\"width: 8.56124%; text-align: center;\">93<\/td>\n<\/tr>\n<tr>\n<td style=\"width: 19.8573%;\"><\/td>\n<td style=\"width: 16.6469%;\"><strong>TOTALES<\/strong><\/td>\n<td style=\"width: 9.63139%; text-align: center;\">\u00a074<\/td>\n<td style=\"width: 8.79905%; text-align: center;\">98<\/td>\n<td style=\"width: 8.79905%; text-align: center;\">105<\/td>\n<td style=\"width: 8.44233%; text-align: center;\">79<\/td>\n<td style=\"width: 8.91795%; text-align: center;\">89<\/td>\n<td style=\"width: 8.56124%; text-align: center;\">97<\/td>\n<td style=\"width: 8.56124%; text-align: center;\">111<\/td>\n<\/tr>\n<tr>\n<td style=\"width: 19.8573%;\"><\/td>\n<td style=\"width: 16.6469%;\"><\/td>\n<td style=\"width: 9.63139%; text-align: center;\"><\/td>\n<td style=\"width: 8.79905%; text-align: center;\"><\/td>\n<td style=\"width: 8.79905%; text-align: center;\"><\/td>\n<td style=\"width: 8.44233%; text-align: center;\"><\/td>\n<td style=\"width: 8.91795%; text-align: center;\"><\/td>\n<td style=\"width: 8.56124%; text-align: center;\"><\/td>\n<td style=\"width: 8.56124%; text-align: center;\"><\/td>\n<\/tr>\n<tr>\n<td style=\"width: 19.8573%;\" rowspan=\"2\"><strong>LOCALIZACI\u00d3N<\/strong><\/td>\n<td style=\"width: 16.6469%;\"><strong>Patio Antiguo<\/strong><\/td>\n<td style=\"width: 9.63139%; text-align: center;\">\u00a026<\/td>\n<td style=\"width: 8.79905%; text-align: center;\">38<\/td>\n<td style=\"width: 8.79905%; text-align: center;\">38<\/td>\n<td style=\"width: 8.44233%; text-align: center;\">37<\/td>\n<td style=\"width: 8.91795%; text-align: center;\">34<\/td>\n<td style=\"width: 8.56124%; text-align: center;\">40<\/td>\n<td style=\"width: 8.56124%; text-align: center;\">56<\/td>\n<\/tr>\n<tr>\n<td style=\"width: 16.6469%;\"><strong>Patio Nuevo<\/strong><\/td>\n<td style=\"width: 9.63139%; text-align: center;\">\u00a048<\/td>\n<td style=\"width: 8.79905%; text-align: center;\">60<\/td>\n<td style=\"width: 8.79905%; text-align: center;\">67<\/td>\n<td style=\"width: 8.44233%; text-align: center;\">42<\/td>\n<td style=\"width: 8.91795%; text-align: center;\">55<\/td>\n<td style=\"width: 8.56124%; text-align: center;\">57<\/td>\n<td style=\"width: 8.56124%; text-align: center;\">55<\/td>\n<\/tr>\n<tr>\n<td style=\"width: 19.8573%;\"><\/td>\n<td style=\"width: 16.6469%;\"><strong>TOTALES<\/strong><\/td>\n<td style=\"width: 9.63139%; text-align: center;\">\u00a074<\/td>\n<td style=\"width: 8.79905%; text-align: center;\">98<\/td>\n<td style=\"width: 8.79905%; text-align: center;\">105<\/td>\n<td style=\"width: 8.44233%; text-align: center;\">79<\/td>\n<td style=\"width: 8.91795%; text-align: center;\">89<\/td>\n<td style=\"width: 8.56124%; text-align: center;\">97<\/td>\n<td style=\"width: 8.56124%; text-align: center;\">111<\/td>\n<\/tr>\n<\/tbody>\n<\/table>\n<p><a href=\"https:\/\/www.caudete.org\/ayuntamiento\/wp-content\/uploads\/2024\/03\/IMG_20201028_095236.jpg\" rel='prettyPhoto'><img fetchpriority=\"high\" decoding=\"async\" class=\"alignnone wp-image-24560 size-full\" src=\"https:\/\/www.caudete.org\/ayuntamiento\/wp-content\/uploads\/2024\/03\/IMG_20201028_095236.jpg\" alt=\"\" width=\"1800\" height=\"1194\" srcset=\"https:\/\/www.caudete.org\/ayuntamiento\/wp-content\/uploads\/2024\/03\/IMG_20201028_095236.jpg 1800w, https:\/\/www.caudete.org\/ayuntamiento\/wp-content\/uploads\/2024\/03\/IMG_20201028_095236-300x199.jpg 300w, https:\/\/www.caudete.org\/ayuntamiento\/wp-content\/uploads\/2024\/03\/IMG_20201028_095236-1024x679.jpg 1024w, https:\/\/www.caudete.org\/ayuntamiento\/wp-content\/uploads\/2024\/03\/IMG_20201028_095236-768x509.jpg 768w, https:\/\/www.caudete.org\/ayuntamiento\/wp-content\/uploads\/2024\/03\/IMG_20201028_095236-1536x1019.jpg 1536w\" sizes=\"(max-width: 1800px) 100vw, 1800px\" \/><\/a><\/p>\n","protected":false},"excerpt":{"rendered":"<p>El Alcalde Mois\u00e9s L\u00f3pez, y a su vez responsable del servicio de Cementerio, ha dado a conocer esta ma\u00f1ana la estad\u00edstica que anualmente publica el Consistorio sobre la gesti\u00f3n del a\u00f1o 2024 realizada por el Departamento de Cementerio, mostrando la comparativa que desde 2018 se viene haciendo p\u00fablica, momento en el cual la actual Ordenanza &hellip;<\/p>\n","protected":false},"author":3,"featured_media":24560,"comment_status":"closed","ping_status":"open","sticky":false,"template":"","format":"standard","meta":{"ngg_post_thumbnail":0,"footnotes":""},"categories":[30],"tags":[],"class_list":["post-27178","post","type-post","status-publish","format-standard","has-post-thumbnail","hentry","category-cementerio"],"yoast_head":"<!-- This site is optimized with the Yoast SEO plugin v27.5 - https:\/\/yoast.com\/product\/yoast-seo-wordpress\/ -->\n<title>Las inhumaciones en 2024 descienden a 74, un 31% menos de la media de los \u00faltimos 7 a\u00f1os - MI Ayuntamiento de Caudete<\/title>\n<meta name=\"description\" content=\"P\u00e1gina Oficial del Ayuntamiento de Caudete (Albacete)\" \/>\n<meta name=\"robots\" content=\"index, follow, max-snippet:-1, max-image-preview:large, max-video-preview:-1\" \/>\n<link rel=\"canonical\" href=\"https:\/\/www.caudete.org\/ayuntamiento\/las-inhumaciones-en-2024-descienden-a-74-un-31-menos-de-la-media-de-los-ultimos-7-anos\/\" \/>\n<meta property=\"og:locale\" content=\"es_ES\" \/>\n<meta property=\"og:type\" content=\"article\" \/>\n<meta property=\"og:title\" content=\"Las inhumaciones en 2024 descienden a 74, un 31% menos de la media de los \u00faltimos 7 a\u00f1os - MI Ayuntamiento de Caudete\" \/>\n<meta property=\"og:description\" content=\"P\u00e1gina Oficial del Ayuntamiento de Caudete (Albacete)\" \/>\n<meta property=\"og:url\" content=\"https:\/\/www.caudete.org\/ayuntamiento\/las-inhumaciones-en-2024-descienden-a-74-un-31-menos-de-la-media-de-los-ultimos-7-anos\/\" \/>\n<meta property=\"og:site_name\" content=\"MI Ayuntamiento de Caudete\" \/>\n<meta property=\"article:publisher\" content=\"https:\/\/www.facebook.com\/ayuntamientocaudete\/\" \/>\n<meta property=\"article:published_time\" content=\"2025-01-16T15:43:02+00:00\" \/>\n<meta property=\"og:image\" content=\"https:\/\/www.caudete.org\/ayuntamiento\/wp-content\/uploads\/2024\/03\/IMG_20201028_095236.jpg\" \/>\n\t<meta property=\"og:image:width\" content=\"1800\" \/>\n\t<meta property=\"og:image:height\" content=\"1194\" \/>\n\t<meta property=\"og:image:type\" content=\"image\/jpeg\" \/>\n<meta name=\"author\" content=\"alcalde\" \/>\n<meta name=\"twitter:card\" content=\"summary_large_image\" \/>\n<meta name=\"twitter:label1\" content=\"Escrito por\" \/>\n\t<meta name=\"twitter:data1\" content=\"alcalde\" \/>\n\t<meta name=\"twitter:label2\" content=\"Tiempo de lectura\" \/>\n\t<meta name=\"twitter:data2\" content=\"2 minutos\" \/>\n<script type=\"application\/ld+json\" class=\"yoast-schema-graph\">{\"@context\":\"https:\\\/\\\/schema.org\",\"@graph\":[{\"@type\":\"Article\",\"@id\":\"https:\\\/\\\/www.caudete.org\\\/ayuntamiento\\\/las-inhumaciones-en-2024-descienden-a-74-un-31-menos-de-la-media-de-los-ultimos-7-anos\\\/#article\",\"isPartOf\":{\"@id\":\"https:\\\/\\\/www.caudete.org\\\/ayuntamiento\\\/las-inhumaciones-en-2024-descienden-a-74-un-31-menos-de-la-media-de-los-ultimos-7-anos\\\/\"},\"author\":{\"name\":\"alcalde\",\"@id\":\"https:\\\/\\\/www.caudete.org\\\/ayuntamiento\\\/#\\\/schema\\\/person\\\/cc646da9133078ee4d8dd47457947253\"},\"headline\":\"Las inhumaciones en 2024 descienden a 74, un 31% menos de la media de los \u00faltimos 7 a\u00f1os\",\"datePublished\":\"2025-01-16T15:43:02+00:00\",\"mainEntityOfPage\":{\"@id\":\"https:\\\/\\\/www.caudete.org\\\/ayuntamiento\\\/las-inhumaciones-en-2024-descienden-a-74-un-31-menos-de-la-media-de-los-ultimos-7-anos\\\/\"},\"wordCount\":233,\"publisher\":{\"@id\":\"https:\\\/\\\/www.caudete.org\\\/ayuntamiento\\\/#organization\"},\"image\":{\"@id\":\"https:\\\/\\\/www.caudete.org\\\/ayuntamiento\\\/las-inhumaciones-en-2024-descienden-a-74-un-31-menos-de-la-media-de-los-ultimos-7-anos\\\/#primaryimage\"},\"thumbnailUrl\":\"https:\\\/\\\/www.caudete.org\\\/ayuntamiento\\\/wp-content\\\/uploads\\\/2024\\\/03\\\/IMG_20201028_095236.jpg\",\"articleSection\":[\"Cementerio\"],\"inLanguage\":\"es\"},{\"@type\":\"WebPage\",\"@id\":\"https:\\\/\\\/www.caudete.org\\\/ayuntamiento\\\/las-inhumaciones-en-2024-descienden-a-74-un-31-menos-de-la-media-de-los-ultimos-7-anos\\\/\",\"url\":\"https:\\\/\\\/www.caudete.org\\\/ayuntamiento\\\/las-inhumaciones-en-2024-descienden-a-74-un-31-menos-de-la-media-de-los-ultimos-7-anos\\\/\",\"name\":\"Las inhumaciones en 2024 descienden a 74, un 31% menos de la media de los \u00faltimos 7 a\u00f1os - MI Ayuntamiento de Caudete\",\"isPartOf\":{\"@id\":\"https:\\\/\\\/www.caudete.org\\\/ayuntamiento\\\/#website\"},\"primaryImageOfPage\":{\"@id\":\"https:\\\/\\\/www.caudete.org\\\/ayuntamiento\\\/las-inhumaciones-en-2024-descienden-a-74-un-31-menos-de-la-media-de-los-ultimos-7-anos\\\/#primaryimage\"},\"image\":{\"@id\":\"https:\\\/\\\/www.caudete.org\\\/ayuntamiento\\\/las-inhumaciones-en-2024-descienden-a-74-un-31-menos-de-la-media-de-los-ultimos-7-anos\\\/#primaryimage\"},\"thumbnailUrl\":\"https:\\\/\\\/www.caudete.org\\\/ayuntamiento\\\/wp-content\\\/uploads\\\/2024\\\/03\\\/IMG_20201028_095236.jpg\",\"datePublished\":\"2025-01-16T15:43:02+00:00\",\"description\":\"P\u00e1gina Oficial del Ayuntamiento de Caudete (Albacete)\",\"breadcrumb\":{\"@id\":\"https:\\\/\\\/www.caudete.org\\\/ayuntamiento\\\/las-inhumaciones-en-2024-descienden-a-74-un-31-menos-de-la-media-de-los-ultimos-7-anos\\\/#breadcrumb\"},\"inLanguage\":\"es\",\"potentialAction\":[{\"@type\":\"ReadAction\",\"target\":[\"https:\\\/\\\/www.caudete.org\\\/ayuntamiento\\\/las-inhumaciones-en-2024-descienden-a-74-un-31-menos-de-la-media-de-los-ultimos-7-anos\\\/\"]}]},{\"@type\":\"ImageObject\",\"inLanguage\":\"es\",\"@id\":\"https:\\\/\\\/www.caudete.org\\\/ayuntamiento\\\/las-inhumaciones-en-2024-descienden-a-74-un-31-menos-de-la-media-de-los-ultimos-7-anos\\\/#primaryimage\",\"url\":\"https:\\\/\\\/www.caudete.org\\\/ayuntamiento\\\/wp-content\\\/uploads\\\/2024\\\/03\\\/IMG_20201028_095236.jpg\",\"contentUrl\":\"https:\\\/\\\/www.caudete.org\\\/ayuntamiento\\\/wp-content\\\/uploads\\\/2024\\\/03\\\/IMG_20201028_095236.jpg\",\"width\":1800,\"height\":1194},{\"@type\":\"BreadcrumbList\",\"@id\":\"https:\\\/\\\/www.caudete.org\\\/ayuntamiento\\\/las-inhumaciones-en-2024-descienden-a-74-un-31-menos-de-la-media-de-los-ultimos-7-anos\\\/#breadcrumb\",\"itemListElement\":[{\"@type\":\"ListItem\",\"position\":1,\"name\":\"Inicio\",\"item\":\"https:\\\/\\\/www.caudete.org\\\/ayuntamiento\\\/\"},{\"@type\":\"ListItem\",\"position\":2,\"name\":\"Las inhumaciones en 2024 descienden a 74, un 31% menos de la media de los \u00faltimos 7 a\u00f1os\"}]},{\"@type\":\"WebSite\",\"@id\":\"https:\\\/\\\/www.caudete.org\\\/ayuntamiento\\\/#website\",\"url\":\"https:\\\/\\\/www.caudete.org\\\/ayuntamiento\\\/\",\"name\":\"MI Ayuntamiento de Caudete\",\"description\":\"P\u00e1gina Oficial del MI Ayuntamiento de Caudete\",\"publisher\":{\"@id\":\"https:\\\/\\\/www.caudete.org\\\/ayuntamiento\\\/#organization\"},\"potentialAction\":[{\"@type\":\"SearchAction\",\"target\":{\"@type\":\"EntryPoint\",\"urlTemplate\":\"https:\\\/\\\/www.caudete.org\\\/ayuntamiento\\\/?s={search_term_string}\"},\"query-input\":{\"@type\":\"PropertyValueSpecification\",\"valueRequired\":true,\"valueName\":\"search_term_string\"}}],\"inLanguage\":\"es\"},{\"@type\":\"Organization\",\"@id\":\"https:\\\/\\\/www.caudete.org\\\/ayuntamiento\\\/#organization\",\"name\":\"Ayuntamiento de Caudete\",\"url\":\"https:\\\/\\\/www.caudete.org\\\/ayuntamiento\\\/\",\"logo\":{\"@type\":\"ImageObject\",\"inLanguage\":\"es\",\"@id\":\"https:\\\/\\\/www.caudete.org\\\/ayuntamiento\\\/#\\\/schema\\\/logo\\\/image\\\/\",\"url\":\"https:\\\/\\\/www.caudete.org\\\/ayuntamiento\\\/wp-content\\\/uploads\\\/2020\\\/11\\\/logo_ayuntamiento_caudete.jpg\",\"contentUrl\":\"https:\\\/\\\/www.caudete.org\\\/ayuntamiento\\\/wp-content\\\/uploads\\\/2020\\\/11\\\/logo_ayuntamiento_caudete.jpg\",\"width\":600,\"height\":150,\"caption\":\"Ayuntamiento de Caudete\"},\"image\":{\"@id\":\"https:\\\/\\\/www.caudete.org\\\/ayuntamiento\\\/#\\\/schema\\\/logo\\\/image\\\/\"},\"sameAs\":[\"https:\\\/\\\/www.facebook.com\\\/ayuntamientocaudete\\\/\",\"https:\\\/\\\/www.youtube.com\\\/channel\\\/UC6VztHaooNsGpw-tNoBEFnQ\"]},{\"@type\":\"Person\",\"@id\":\"https:\\\/\\\/www.caudete.org\\\/ayuntamiento\\\/#\\\/schema\\\/person\\\/cc646da9133078ee4d8dd47457947253\",\"name\":\"alcalde\",\"image\":{\"@type\":\"ImageObject\",\"inLanguage\":\"es\",\"@id\":\"https:\\\/\\\/secure.gravatar.com\\\/avatar\\\/84a817ba065b29ff08d666b215a215f5c79186a645ccb25b14a663d48a130f77?s=96&d=mm&r=g\",\"url\":\"https:\\\/\\\/secure.gravatar.com\\\/avatar\\\/84a817ba065b29ff08d666b215a215f5c79186a645ccb25b14a663d48a130f77?s=96&d=mm&r=g\",\"contentUrl\":\"https:\\\/\\\/secure.gravatar.com\\\/avatar\\\/84a817ba065b29ff08d666b215a215f5c79186a645ccb25b14a663d48a130f77?s=96&d=mm&r=g\",\"caption\":\"alcalde\"},\"url\":\"https:\\\/\\\/www.caudete.org\\\/ayuntamiento\\\/author\\\/alcalde\\\/\"}]}<\/script>\n<!-- \/ Yoast SEO plugin. -->","yoast_head_json":{"title":"Las inhumaciones en 2024 descienden a 74, un 31% menos de la media de los \u00faltimos 7 a\u00f1os - MI Ayuntamiento de Caudete","description":"P\u00e1gina Oficial del Ayuntamiento de Caudete (Albacete)","robots":{"index":"index","follow":"follow","max-snippet":"max-snippet:-1","max-image-preview":"max-image-preview:large","max-video-preview":"max-video-preview:-1"},"canonical":"https:\/\/www.caudete.org\/ayuntamiento\/las-inhumaciones-en-2024-descienden-a-74-un-31-menos-de-la-media-de-los-ultimos-7-anos\/","og_locale":"es_ES","og_type":"article","og_title":"Las inhumaciones en 2024 descienden a 74, un 31% menos de la media de los \u00faltimos 7 a\u00f1os - MI Ayuntamiento de Caudete","og_description":"P\u00e1gina Oficial del Ayuntamiento de Caudete (Albacete)","og_url":"https:\/\/www.caudete.org\/ayuntamiento\/las-inhumaciones-en-2024-descienden-a-74-un-31-menos-de-la-media-de-los-ultimos-7-anos\/","og_site_name":"MI Ayuntamiento de Caudete","article_publisher":"https:\/\/www.facebook.com\/ayuntamientocaudete\/","article_published_time":"2025-01-16T15:43:02+00:00","og_image":[{"width":1800,"height":1194,"url":"https:\/\/www.caudete.org\/ayuntamiento\/wp-content\/uploads\/2024\/03\/IMG_20201028_095236.jpg","type":"image\/jpeg"}],"author":"alcalde","twitter_card":"summary_large_image","twitter_misc":{"Escrito por":"alcalde","Tiempo de lectura":"2 minutos"},"schema":{"@context":"https:\/\/schema.org","@graph":[{"@type":"Article","@id":"https:\/\/www.caudete.org\/ayuntamiento\/las-inhumaciones-en-2024-descienden-a-74-un-31-menos-de-la-media-de-los-ultimos-7-anos\/#article","isPartOf":{"@id":"https:\/\/www.caudete.org\/ayuntamiento\/las-inhumaciones-en-2024-descienden-a-74-un-31-menos-de-la-media-de-los-ultimos-7-anos\/"},"author":{"name":"alcalde","@id":"https:\/\/www.caudete.org\/ayuntamiento\/#\/schema\/person\/cc646da9133078ee4d8dd47457947253"},"headline":"Las inhumaciones en 2024 descienden a 74, un 31% menos de la media de los \u00faltimos 7 a\u00f1os","datePublished":"2025-01-16T15:43:02+00:00","mainEntityOfPage":{"@id":"https:\/\/www.caudete.org\/ayuntamiento\/las-inhumaciones-en-2024-descienden-a-74-un-31-menos-de-la-media-de-los-ultimos-7-anos\/"},"wordCount":233,"publisher":{"@id":"https:\/\/www.caudete.org\/ayuntamiento\/#organization"},"image":{"@id":"https:\/\/www.caudete.org\/ayuntamiento\/las-inhumaciones-en-2024-descienden-a-74-un-31-menos-de-la-media-de-los-ultimos-7-anos\/#primaryimage"},"thumbnailUrl":"https:\/\/www.caudete.org\/ayuntamiento\/wp-content\/uploads\/2024\/03\/IMG_20201028_095236.jpg","articleSection":["Cementerio"],"inLanguage":"es"},{"@type":"WebPage","@id":"https:\/\/www.caudete.org\/ayuntamiento\/las-inhumaciones-en-2024-descienden-a-74-un-31-menos-de-la-media-de-los-ultimos-7-anos\/","url":"https:\/\/www.caudete.org\/ayuntamiento\/las-inhumaciones-en-2024-descienden-a-74-un-31-menos-de-la-media-de-los-ultimos-7-anos\/","name":"Las inhumaciones en 2024 descienden a 74, un 31% menos de la media de los \u00faltimos 7 a\u00f1os - MI Ayuntamiento de Caudete","isPartOf":{"@id":"https:\/\/www.caudete.org\/ayuntamiento\/#website"},"primaryImageOfPage":{"@id":"https:\/\/www.caudete.org\/ayuntamiento\/las-inhumaciones-en-2024-descienden-a-74-un-31-menos-de-la-media-de-los-ultimos-7-anos\/#primaryimage"},"image":{"@id":"https:\/\/www.caudete.org\/ayuntamiento\/las-inhumaciones-en-2024-descienden-a-74-un-31-menos-de-la-media-de-los-ultimos-7-anos\/#primaryimage"},"thumbnailUrl":"https:\/\/www.caudete.org\/ayuntamiento\/wp-content\/uploads\/2024\/03\/IMG_20201028_095236.jpg","datePublished":"2025-01-16T15:43:02+00:00","description":"P\u00e1gina Oficial del Ayuntamiento de Caudete (Albacete)","breadcrumb":{"@id":"https:\/\/www.caudete.org\/ayuntamiento\/las-inhumaciones-en-2024-descienden-a-74-un-31-menos-de-la-media-de-los-ultimos-7-anos\/#breadcrumb"},"inLanguage":"es","potentialAction":[{"@type":"ReadAction","target":["https:\/\/www.caudete.org\/ayuntamiento\/las-inhumaciones-en-2024-descienden-a-74-un-31-menos-de-la-media-de-los-ultimos-7-anos\/"]}]},{"@type":"ImageObject","inLanguage":"es","@id":"https:\/\/www.caudete.org\/ayuntamiento\/las-inhumaciones-en-2024-descienden-a-74-un-31-menos-de-la-media-de-los-ultimos-7-anos\/#primaryimage","url":"https:\/\/www.caudete.org\/ayuntamiento\/wp-content\/uploads\/2024\/03\/IMG_20201028_095236.jpg","contentUrl":"https:\/\/www.caudete.org\/ayuntamiento\/wp-content\/uploads\/2024\/03\/IMG_20201028_095236.jpg","width":1800,"height":1194},{"@type":"BreadcrumbList","@id":"https:\/\/www.caudete.org\/ayuntamiento\/las-inhumaciones-en-2024-descienden-a-74-un-31-menos-de-la-media-de-los-ultimos-7-anos\/#breadcrumb","itemListElement":[{"@type":"ListItem","position":1,"name":"Inicio","item":"https:\/\/www.caudete.org\/ayuntamiento\/"},{"@type":"ListItem","position":2,"name":"Las inhumaciones en 2024 descienden a 74, un 31% menos de la media de los \u00faltimos 7 a\u00f1os"}]},{"@type":"WebSite","@id":"https:\/\/www.caudete.org\/ayuntamiento\/#website","url":"https:\/\/www.caudete.org\/ayuntamiento\/","name":"MI Ayuntamiento de Caudete","description":"P\u00e1gina Oficial del MI Ayuntamiento de Caudete","publisher":{"@id":"https:\/\/www.caudete.org\/ayuntamiento\/#organization"},"potentialAction":[{"@type":"SearchAction","target":{"@type":"EntryPoint","urlTemplate":"https:\/\/www.caudete.org\/ayuntamiento\/?s={search_term_string}"},"query-input":{"@type":"PropertyValueSpecification","valueRequired":true,"valueName":"search_term_string"}}],"inLanguage":"es"},{"@type":"Organization","@id":"https:\/\/www.caudete.org\/ayuntamiento\/#organization","name":"Ayuntamiento de Caudete","url":"https:\/\/www.caudete.org\/ayuntamiento\/","logo":{"@type":"ImageObject","inLanguage":"es","@id":"https:\/\/www.caudete.org\/ayuntamiento\/#\/schema\/logo\/image\/","url":"https:\/\/www.caudete.org\/ayuntamiento\/wp-content\/uploads\/2020\/11\/logo_ayuntamiento_caudete.jpg","contentUrl":"https:\/\/www.caudete.org\/ayuntamiento\/wp-content\/uploads\/2020\/11\/logo_ayuntamiento_caudete.jpg","width":600,"height":150,"caption":"Ayuntamiento de Caudete"},"image":{"@id":"https:\/\/www.caudete.org\/ayuntamiento\/#\/schema\/logo\/image\/"},"sameAs":["https:\/\/www.facebook.com\/ayuntamientocaudete\/","https:\/\/www.youtube.com\/channel\/UC6VztHaooNsGpw-tNoBEFnQ"]},{"@type":"Person","@id":"https:\/\/www.caudete.org\/ayuntamiento\/#\/schema\/person\/cc646da9133078ee4d8dd47457947253","name":"alcalde","image":{"@type":"ImageObject","inLanguage":"es","@id":"https:\/\/secure.gravatar.com\/avatar\/84a817ba065b29ff08d666b215a215f5c79186a645ccb25b14a663d48a130f77?s=96&d=mm&r=g","url":"https:\/\/secure.gravatar.com\/avatar\/84a817ba065b29ff08d666b215a215f5c79186a645ccb25b14a663d48a130f77?s=96&d=mm&r=g","contentUrl":"https:\/\/secure.gravatar.com\/avatar\/84a817ba065b29ff08d666b215a215f5c79186a645ccb25b14a663d48a130f77?s=96&d=mm&r=g","caption":"alcalde"},"url":"https:\/\/www.caudete.org\/ayuntamiento\/author\/alcalde\/"}]}},"_links":{"self":[{"href":"https:\/\/www.caudete.org\/ayuntamiento\/wp-json\/wp\/v2\/posts\/27178","targetHints":{"allow":["GET"]}}],"collection":[{"href":"https:\/\/www.caudete.org\/ayuntamiento\/wp-json\/wp\/v2\/posts"}],"about":[{"href":"https:\/\/www.caudete.org\/ayuntamiento\/wp-json\/wp\/v2\/types\/post"}],"author":[{"embeddable":true,"href":"https:\/\/www.caudete.org\/ayuntamiento\/wp-json\/wp\/v2\/users\/3"}],"replies":[{"embeddable":true,"href":"https:\/\/www.caudete.org\/ayuntamiento\/wp-json\/wp\/v2\/comments?post=27178"}],"version-history":[{"count":2,"href":"https:\/\/www.caudete.org\/ayuntamiento\/wp-json\/wp\/v2\/posts\/27178\/revisions"}],"predecessor-version":[{"id":27180,"href":"https:\/\/www.caudete.org\/ayuntamiento\/wp-json\/wp\/v2\/posts\/27178\/revisions\/27180"}],"wp:featuredmedia":[{"embeddable":true,"href":"https:\/\/www.caudete.org\/ayuntamiento\/wp-json\/wp\/v2\/media\/24560"}],"wp:attachment":[{"href":"https:\/\/www.caudete.org\/ayuntamiento\/wp-json\/wp\/v2\/media?parent=27178"}],"wp:term":[{"taxonomy":"category","embeddable":true,"href":"https:\/\/www.caudete.org\/ayuntamiento\/wp-json\/wp\/v2\/categories?post=27178"},{"taxonomy":"post_tag","embeddable":true,"href":"https:\/\/www.caudete.org\/ayuntamiento\/wp-json\/wp\/v2\/tags?post=27178"}],"curies":[{"name":"wp","href":"https:\/\/api.w.org\/{rel}","templated":true}]}}