{"id":27191,"date":"2025-01-17T17:44:16","date_gmt":"2025-01-17T16:44:16","guid":{"rendered":"https:\/\/www.caudete.org\/ayuntamiento\/?p=27191"},"modified":"2025-03-04T08:27:02","modified_gmt":"2025-03-04T07:27:02","slug":"la-iv-edicion-del-conde-san-carlos-premiara-trabajos-universitarios-tfg-tfm-td-de-categoria-local-y-general","status":"publish","type":"post","link":"https:\/\/www.caudete.org\/ayuntamiento\/la-iv-edicion-del-conde-san-carlos-premiara-trabajos-universitarios-tfg-tfm-td-de-categoria-local-y-general\/","title":{"rendered":"La IV Edici\u00f3n del CONDE SAN CARLOS premiar\u00e1 trabajos universitarios (TFG, TFM, TD) de categor\u00eda local y general"},"content":{"rendered":"<p style=\"text-align: justify;\">Manuela Gonz\u00e1lez, Concejal de Educaci\u00f3n ha recordado que se encamina a cerrar el plazo de presentaci\u00f3n de trabajos del Premio Conde de San Carlos en su IV Edici\u00f3n. Reconocimientos que busca premiar y dar visibilidad a la excelencia acad\u00e9mica universitaria de aquellos estudiantes que consiguieron excelentes resultados en sus trabajos final de grado o m\u00e1ster, as\u00ed como Tesis Doctoral, dentro de dos categor\u00edas bien diferenciadas: la de tem\u00e1tica local y la de tem\u00e1tica general.<\/p>\n<p style=\"text-align: justify;\">El viernes 28 de Febrero de 2025, a las 23.59h quedar\u00e1 cerrado el plazo de inscripciones de la IV Edici\u00f3n seg\u00fan establecen las Bases Reguladoras, disponibles en el Tabl\u00f3n de Anuncios Municipal.<\/p>\n<p style=\"text-align: justify;\">Se establece un Premio \u00fanico por cada una de las categor\u00edas, pudiendo dar hasta un acc\u00e9sit por cada categor\u00eda, quienes \u00fanicamente tendr\u00e1n galard\u00f3n conmemorativo.:<\/p>\n<p style=\"text-align: justify; padding-left: 40px;\">a) Tem\u00e1tica Local, dotado con 600 \u20ac y galard\u00f3n conmemorativo.<br \/>\nb) Tem\u00e1tica General, dotado con 400 \u20ac y galard\u00f3n conmemorativo.<\/p>\n<p style=\"text-align: center;\"><a href=\"https:\/\/caudete.sedipualba.es\/tablondeanuncios\/anuncio.aspx?id=55603\" target=\"_blank\" rel=\"nofollow\">ACCESO A LAS BASES REGULADORAS Y CONVOCATORIA<\/a><\/p>\n<p style=\"text-align: center;\"><a href=\"https:\/\/www.caudete.org\/ayuntamiento\/wp-content\/uploads\/2025\/01\/Anexo_I_solicitud_premios_san_carlos.pdf\" class=\"mtli_attachment mtli_pdf\">Solicitud inscripci\u00f3n premios &#8220;Conde San Carlos&#8221;<\/a><\/p>\n<p style=\"text-align: justify;\">\n","protected":false},"excerpt":{"rendered":"<p>Manuela Gonz\u00e1lez, Concejal de Educaci\u00f3n ha recordado que se encamina a cerrar el plazo de presentaci\u00f3n de trabajos del Premio Conde de San Carlos en su IV Edici\u00f3n. Reconocimientos que busca premiar y dar visibilidad a la excelencia acad\u00e9mica universitaria de aquellos estudiantes que consiguieron excelentes resultados en sus trabajos final de grado o m\u00e1ster, &hellip;<\/p>\n","protected":false},"author":3,"featured_media":23924,"comment_status":"closed","ping_status":"open","sticky":false,"template":"","format":"standard","meta":{"ngg_post_thumbnail":0,"footnotes":""},"categories":[25],"tags":[],"class_list":["post-27191","post","type-post","status-publish","format-standard","has-post-thumbnail","hentry","category-educacion"],"yoast_head":"<!-- This site is optimized with the Yoast SEO plugin v27.4 - https:\/\/yoast.com\/product\/yoast-seo-wordpress\/ -->\n<title>La IV Edici\u00f3n del CONDE SAN CARLOS premiar\u00e1 trabajos universitarios (TFG, TFM, TD) de categor\u00eda local y general - MI Ayuntamiento de Caudete<\/title>\n<meta name=\"description\" content=\"P\u00e1gina Oficial del Ayuntamiento de Caudete (Albacete)\" \/>\n<meta name=\"robots\" content=\"index, follow, max-snippet:-1, max-image-preview:large, max-video-preview:-1\" \/>\n<link rel=\"canonical\" href=\"https:\/\/www.caudete.org\/ayuntamiento\/la-iv-edicion-del-conde-san-carlos-premiara-trabajos-universitarios-tfg-tfm-td-de-categoria-local-y-general\/\" \/>\n<meta property=\"og:locale\" content=\"es_ES\" \/>\n<meta property=\"og:type\" content=\"article\" \/>\n<meta property=\"og:title\" content=\"La IV Edici\u00f3n del CONDE SAN CARLOS premiar\u00e1 trabajos universitarios (TFG, TFM, TD) de categor\u00eda local y general - MI Ayuntamiento de Caudete\" \/>\n<meta property=\"og:description\" content=\"P\u00e1gina Oficial del Ayuntamiento de Caudete (Albacete)\" \/>\n<meta property=\"og:url\" content=\"https:\/\/www.caudete.org\/ayuntamiento\/la-iv-edicion-del-conde-san-carlos-premiara-trabajos-universitarios-tfg-tfm-td-de-categoria-local-y-general\/\" \/>\n<meta property=\"og:site_name\" content=\"MI Ayuntamiento de Caudete\" \/>\n<meta property=\"article:publisher\" content=\"https:\/\/www.facebook.com\/ayuntamientocaudete\/\" \/>\n<meta property=\"article:published_time\" content=\"2025-01-17T16:44:16+00:00\" \/>\n<meta property=\"article:modified_time\" content=\"2025-03-04T07:27:02+00:00\" \/>\n<meta property=\"og:image\" content=\"https:\/\/www.caudete.org\/ayuntamiento\/wp-content\/uploads\/2023\/12\/PREMIOS-CONDE-SAN-CARLOS.jpg\" \/>\n\t<meta property=\"og:image:width\" content=\"801\" \/>\n\t<meta property=\"og:image:height\" content=\"612\" \/>\n\t<meta property=\"og:image:type\" content=\"image\/jpeg\" \/>\n<meta name=\"author\" content=\"alcalde\" \/>\n<meta name=\"twitter:card\" content=\"summary_large_image\" \/>\n<meta name=\"twitter:label1\" content=\"Escrito por\" \/>\n\t<meta name=\"twitter:data1\" content=\"alcalde\" \/>\n\t<meta name=\"twitter:label2\" content=\"Tiempo de lectura\" \/>\n\t<meta name=\"twitter:data2\" content=\"1 minuto\" \/>\n<script type=\"application\/ld+json\" class=\"yoast-schema-graph\">{\"@context\":\"https:\\\/\\\/schema.org\",\"@graph\":[{\"@type\":\"Article\",\"@id\":\"https:\\\/\\\/www.caudete.org\\\/ayuntamiento\\\/la-iv-edicion-del-conde-san-carlos-premiara-trabajos-universitarios-tfg-tfm-td-de-categoria-local-y-general\\\/#article\",\"isPartOf\":{\"@id\":\"https:\\\/\\\/www.caudete.org\\\/ayuntamiento\\\/la-iv-edicion-del-conde-san-carlos-premiara-trabajos-universitarios-tfg-tfm-td-de-categoria-local-y-general\\\/\"},\"author\":{\"name\":\"alcalde\",\"@id\":\"https:\\\/\\\/www.caudete.org\\\/ayuntamiento\\\/#\\\/schema\\\/person\\\/cc646da9133078ee4d8dd47457947253\"},\"headline\":\"La IV Edici\u00f3n del CONDE SAN CARLOS premiar\u00e1 trabajos universitarios (TFG, TFM, TD) de categor\u00eda local y general\",\"datePublished\":\"2025-01-17T16:44:16+00:00\",\"dateModified\":\"2025-03-04T07:27:02+00:00\",\"mainEntityOfPage\":{\"@id\":\"https:\\\/\\\/www.caudete.org\\\/ayuntamiento\\\/la-iv-edicion-del-conde-san-carlos-premiara-trabajos-universitarios-tfg-tfm-td-de-categoria-local-y-general\\\/\"},\"wordCount\":199,\"publisher\":{\"@id\":\"https:\\\/\\\/www.caudete.org\\\/ayuntamiento\\\/#organization\"},\"image\":{\"@id\":\"https:\\\/\\\/www.caudete.org\\\/ayuntamiento\\\/la-iv-edicion-del-conde-san-carlos-premiara-trabajos-universitarios-tfg-tfm-td-de-categoria-local-y-general\\\/#primaryimage\"},\"thumbnailUrl\":\"https:\\\/\\\/www.caudete.org\\\/ayuntamiento\\\/wp-content\\\/uploads\\\/2023\\\/12\\\/PREMIOS-CONDE-SAN-CARLOS.jpg\",\"articleSection\":[\"Educaci\u00f3n\"],\"inLanguage\":\"es\"},{\"@type\":\"WebPage\",\"@id\":\"https:\\\/\\\/www.caudete.org\\\/ayuntamiento\\\/la-iv-edicion-del-conde-san-carlos-premiara-trabajos-universitarios-tfg-tfm-td-de-categoria-local-y-general\\\/\",\"url\":\"https:\\\/\\\/www.caudete.org\\\/ayuntamiento\\\/la-iv-edicion-del-conde-san-carlos-premiara-trabajos-universitarios-tfg-tfm-td-de-categoria-local-y-general\\\/\",\"name\":\"La IV Edici\u00f3n del CONDE SAN CARLOS premiar\u00e1 trabajos universitarios (TFG, TFM, TD) de categor\u00eda local y general - MI Ayuntamiento de Caudete\",\"isPartOf\":{\"@id\":\"https:\\\/\\\/www.caudete.org\\\/ayuntamiento\\\/#website\"},\"primaryImageOfPage\":{\"@id\":\"https:\\\/\\\/www.caudete.org\\\/ayuntamiento\\\/la-iv-edicion-del-conde-san-carlos-premiara-trabajos-universitarios-tfg-tfm-td-de-categoria-local-y-general\\\/#primaryimage\"},\"image\":{\"@id\":\"https:\\\/\\\/www.caudete.org\\\/ayuntamiento\\\/la-iv-edicion-del-conde-san-carlos-premiara-trabajos-universitarios-tfg-tfm-td-de-categoria-local-y-general\\\/#primaryimage\"},\"thumbnailUrl\":\"https:\\\/\\\/www.caudete.org\\\/ayuntamiento\\\/wp-content\\\/uploads\\\/2023\\\/12\\\/PREMIOS-CONDE-SAN-CARLOS.jpg\",\"datePublished\":\"2025-01-17T16:44:16+00:00\",\"dateModified\":\"2025-03-04T07:27:02+00:00\",\"description\":\"P\u00e1gina Oficial del Ayuntamiento de Caudete (Albacete)\",\"breadcrumb\":{\"@id\":\"https:\\\/\\\/www.caudete.org\\\/ayuntamiento\\\/la-iv-edicion-del-conde-san-carlos-premiara-trabajos-universitarios-tfg-tfm-td-de-categoria-local-y-general\\\/#breadcrumb\"},\"inLanguage\":\"es\",\"potentialAction\":[{\"@type\":\"ReadAction\",\"target\":[\"https:\\\/\\\/www.caudete.org\\\/ayuntamiento\\\/la-iv-edicion-del-conde-san-carlos-premiara-trabajos-universitarios-tfg-tfm-td-de-categoria-local-y-general\\\/\"]}]},{\"@type\":\"ImageObject\",\"inLanguage\":\"es\",\"@id\":\"https:\\\/\\\/www.caudete.org\\\/ayuntamiento\\\/la-iv-edicion-del-conde-san-carlos-premiara-trabajos-universitarios-tfg-tfm-td-de-categoria-local-y-general\\\/#primaryimage\",\"url\":\"https:\\\/\\\/www.caudete.org\\\/ayuntamiento\\\/wp-content\\\/uploads\\\/2023\\\/12\\\/PREMIOS-CONDE-SAN-CARLOS.jpg\",\"contentUrl\":\"https:\\\/\\\/www.caudete.org\\\/ayuntamiento\\\/wp-content\\\/uploads\\\/2023\\\/12\\\/PREMIOS-CONDE-SAN-CARLOS.jpg\",\"width\":801,\"height\":612},{\"@type\":\"BreadcrumbList\",\"@id\":\"https:\\\/\\\/www.caudete.org\\\/ayuntamiento\\\/la-iv-edicion-del-conde-san-carlos-premiara-trabajos-universitarios-tfg-tfm-td-de-categoria-local-y-general\\\/#breadcrumb\",\"itemListElement\":[{\"@type\":\"ListItem\",\"position\":1,\"name\":\"Inicio\",\"item\":\"https:\\\/\\\/www.caudete.org\\\/ayuntamiento\\\/\"},{\"@type\":\"ListItem\",\"position\":2,\"name\":\"La IV Edici\u00f3n del CONDE SAN CARLOS premiar\u00e1 trabajos universitarios (TFG, TFM, TD) de categor\u00eda local y general\"}]},{\"@type\":\"WebSite\",\"@id\":\"https:\\\/\\\/www.caudete.org\\\/ayuntamiento\\\/#website\",\"url\":\"https:\\\/\\\/www.caudete.org\\\/ayuntamiento\\\/\",\"name\":\"MI Ayuntamiento de Caudete\",\"description\":\"P\u00e1gina Oficial del MI Ayuntamiento de Caudete\",\"publisher\":{\"@id\":\"https:\\\/\\\/www.caudete.org\\\/ayuntamiento\\\/#organization\"},\"potentialAction\":[{\"@type\":\"SearchAction\",\"target\":{\"@type\":\"EntryPoint\",\"urlTemplate\":\"https:\\\/\\\/www.caudete.org\\\/ayuntamiento\\\/?s={search_term_string}\"},\"query-input\":{\"@type\":\"PropertyValueSpecification\",\"valueRequired\":true,\"valueName\":\"search_term_string\"}}],\"inLanguage\":\"es\"},{\"@type\":\"Organization\",\"@id\":\"https:\\\/\\\/www.caudete.org\\\/ayuntamiento\\\/#organization\",\"name\":\"Ayuntamiento de Caudete\",\"url\":\"https:\\\/\\\/www.caudete.org\\\/ayuntamiento\\\/\",\"logo\":{\"@type\":\"ImageObject\",\"inLanguage\":\"es\",\"@id\":\"https:\\\/\\\/www.caudete.org\\\/ayuntamiento\\\/#\\\/schema\\\/logo\\\/image\\\/\",\"url\":\"https:\\\/\\\/www.caudete.org\\\/ayuntamiento\\\/wp-content\\\/uploads\\\/2020\\\/11\\\/logo_ayuntamiento_caudete.jpg\",\"contentUrl\":\"https:\\\/\\\/www.caudete.org\\\/ayuntamiento\\\/wp-content\\\/uploads\\\/2020\\\/11\\\/logo_ayuntamiento_caudete.jpg\",\"width\":600,\"height\":150,\"caption\":\"Ayuntamiento de Caudete\"},\"image\":{\"@id\":\"https:\\\/\\\/www.caudete.org\\\/ayuntamiento\\\/#\\\/schema\\\/logo\\\/image\\\/\"},\"sameAs\":[\"https:\\\/\\\/www.facebook.com\\\/ayuntamientocaudete\\\/\",\"https:\\\/\\\/www.youtube.com\\\/channel\\\/UC6VztHaooNsGpw-tNoBEFnQ\"]},{\"@type\":\"Person\",\"@id\":\"https:\\\/\\\/www.caudete.org\\\/ayuntamiento\\\/#\\\/schema\\\/person\\\/cc646da9133078ee4d8dd47457947253\",\"name\":\"alcalde\",\"image\":{\"@type\":\"ImageObject\",\"inLanguage\":\"es\",\"@id\":\"https:\\\/\\\/secure.gravatar.com\\\/avatar\\\/84a817ba065b29ff08d666b215a215f5c79186a645ccb25b14a663d48a130f77?s=96&d=mm&r=g\",\"url\":\"https:\\\/\\\/secure.gravatar.com\\\/avatar\\\/84a817ba065b29ff08d666b215a215f5c79186a645ccb25b14a663d48a130f77?s=96&d=mm&r=g\",\"contentUrl\":\"https:\\\/\\\/secure.gravatar.com\\\/avatar\\\/84a817ba065b29ff08d666b215a215f5c79186a645ccb25b14a663d48a130f77?s=96&d=mm&r=g\",\"caption\":\"alcalde\"},\"url\":\"https:\\\/\\\/www.caudete.org\\\/ayuntamiento\\\/author\\\/alcalde\\\/\"}]}<\/script>\n<!-- \/ Yoast SEO plugin. -->","yoast_head_json":{"title":"La IV Edici\u00f3n del CONDE SAN CARLOS premiar\u00e1 trabajos universitarios (TFG, TFM, TD) de categor\u00eda local y general - MI Ayuntamiento de Caudete","description":"P\u00e1gina Oficial del Ayuntamiento de Caudete (Albacete)","robots":{"index":"index","follow":"follow","max-snippet":"max-snippet:-1","max-image-preview":"max-image-preview:large","max-video-preview":"max-video-preview:-1"},"canonical":"https:\/\/www.caudete.org\/ayuntamiento\/la-iv-edicion-del-conde-san-carlos-premiara-trabajos-universitarios-tfg-tfm-td-de-categoria-local-y-general\/","og_locale":"es_ES","og_type":"article","og_title":"La IV Edici\u00f3n del CONDE SAN CARLOS premiar\u00e1 trabajos universitarios (TFG, TFM, TD) de categor\u00eda local y general - MI Ayuntamiento de Caudete","og_description":"P\u00e1gina Oficial del Ayuntamiento de Caudete (Albacete)","og_url":"https:\/\/www.caudete.org\/ayuntamiento\/la-iv-edicion-del-conde-san-carlos-premiara-trabajos-universitarios-tfg-tfm-td-de-categoria-local-y-general\/","og_site_name":"MI Ayuntamiento de Caudete","article_publisher":"https:\/\/www.facebook.com\/ayuntamientocaudete\/","article_published_time":"2025-01-17T16:44:16+00:00","article_modified_time":"2025-03-04T07:27:02+00:00","og_image":[{"width":801,"height":612,"url":"https:\/\/www.caudete.org\/ayuntamiento\/wp-content\/uploads\/2023\/12\/PREMIOS-CONDE-SAN-CARLOS.jpg","type":"image\/jpeg"}],"author":"alcalde","twitter_card":"summary_large_image","twitter_misc":{"Escrito por":"alcalde","Tiempo de lectura":"1 minuto"},"schema":{"@context":"https:\/\/schema.org","@graph":[{"@type":"Article","@id":"https:\/\/www.caudete.org\/ayuntamiento\/la-iv-edicion-del-conde-san-carlos-premiara-trabajos-universitarios-tfg-tfm-td-de-categoria-local-y-general\/#article","isPartOf":{"@id":"https:\/\/www.caudete.org\/ayuntamiento\/la-iv-edicion-del-conde-san-carlos-premiara-trabajos-universitarios-tfg-tfm-td-de-categoria-local-y-general\/"},"author":{"name":"alcalde","@id":"https:\/\/www.caudete.org\/ayuntamiento\/#\/schema\/person\/cc646da9133078ee4d8dd47457947253"},"headline":"La IV Edici\u00f3n del CONDE SAN CARLOS premiar\u00e1 trabajos universitarios (TFG, TFM, TD) de categor\u00eda local y general","datePublished":"2025-01-17T16:44:16+00:00","dateModified":"2025-03-04T07:27:02+00:00","mainEntityOfPage":{"@id":"https:\/\/www.caudete.org\/ayuntamiento\/la-iv-edicion-del-conde-san-carlos-premiara-trabajos-universitarios-tfg-tfm-td-de-categoria-local-y-general\/"},"wordCount":199,"publisher":{"@id":"https:\/\/www.caudete.org\/ayuntamiento\/#organization"},"image":{"@id":"https:\/\/www.caudete.org\/ayuntamiento\/la-iv-edicion-del-conde-san-carlos-premiara-trabajos-universitarios-tfg-tfm-td-de-categoria-local-y-general\/#primaryimage"},"thumbnailUrl":"https:\/\/www.caudete.org\/ayuntamiento\/wp-content\/uploads\/2023\/12\/PREMIOS-CONDE-SAN-CARLOS.jpg","articleSection":["Educaci\u00f3n"],"inLanguage":"es"},{"@type":"WebPage","@id":"https:\/\/www.caudete.org\/ayuntamiento\/la-iv-edicion-del-conde-san-carlos-premiara-trabajos-universitarios-tfg-tfm-td-de-categoria-local-y-general\/","url":"https:\/\/www.caudete.org\/ayuntamiento\/la-iv-edicion-del-conde-san-carlos-premiara-trabajos-universitarios-tfg-tfm-td-de-categoria-local-y-general\/","name":"La IV Edici\u00f3n del CONDE SAN CARLOS premiar\u00e1 trabajos universitarios (TFG, TFM, TD) de categor\u00eda local y general - MI Ayuntamiento de Caudete","isPartOf":{"@id":"https:\/\/www.caudete.org\/ayuntamiento\/#website"},"primaryImageOfPage":{"@id":"https:\/\/www.caudete.org\/ayuntamiento\/la-iv-edicion-del-conde-san-carlos-premiara-trabajos-universitarios-tfg-tfm-td-de-categoria-local-y-general\/#primaryimage"},"image":{"@id":"https:\/\/www.caudete.org\/ayuntamiento\/la-iv-edicion-del-conde-san-carlos-premiara-trabajos-universitarios-tfg-tfm-td-de-categoria-local-y-general\/#primaryimage"},"thumbnailUrl":"https:\/\/www.caudete.org\/ayuntamiento\/wp-content\/uploads\/2023\/12\/PREMIOS-CONDE-SAN-CARLOS.jpg","datePublished":"2025-01-17T16:44:16+00:00","dateModified":"2025-03-04T07:27:02+00:00","description":"P\u00e1gina Oficial del Ayuntamiento de Caudete (Albacete)","breadcrumb":{"@id":"https:\/\/www.caudete.org\/ayuntamiento\/la-iv-edicion-del-conde-san-carlos-premiara-trabajos-universitarios-tfg-tfm-td-de-categoria-local-y-general\/#breadcrumb"},"inLanguage":"es","potentialAction":[{"@type":"ReadAction","target":["https:\/\/www.caudete.org\/ayuntamiento\/la-iv-edicion-del-conde-san-carlos-premiara-trabajos-universitarios-tfg-tfm-td-de-categoria-local-y-general\/"]}]},{"@type":"ImageObject","inLanguage":"es","@id":"https:\/\/www.caudete.org\/ayuntamiento\/la-iv-edicion-del-conde-san-carlos-premiara-trabajos-universitarios-tfg-tfm-td-de-categoria-local-y-general\/#primaryimage","url":"https:\/\/www.caudete.org\/ayuntamiento\/wp-content\/uploads\/2023\/12\/PREMIOS-CONDE-SAN-CARLOS.jpg","contentUrl":"https:\/\/www.caudete.org\/ayuntamiento\/wp-content\/uploads\/2023\/12\/PREMIOS-CONDE-SAN-CARLOS.jpg","width":801,"height":612},{"@type":"BreadcrumbList","@id":"https:\/\/www.caudete.org\/ayuntamiento\/la-iv-edicion-del-conde-san-carlos-premiara-trabajos-universitarios-tfg-tfm-td-de-categoria-local-y-general\/#breadcrumb","itemListElement":[{"@type":"ListItem","position":1,"name":"Inicio","item":"https:\/\/www.caudete.org\/ayuntamiento\/"},{"@type":"ListItem","position":2,"name":"La IV Edici\u00f3n del CONDE SAN CARLOS premiar\u00e1 trabajos universitarios (TFG, TFM, TD) de categor\u00eda local y general"}]},{"@type":"WebSite","@id":"https:\/\/www.caudete.org\/ayuntamiento\/#website","url":"https:\/\/www.caudete.org\/ayuntamiento\/","name":"MI Ayuntamiento de Caudete","description":"P\u00e1gina Oficial del MI Ayuntamiento de Caudete","publisher":{"@id":"https:\/\/www.caudete.org\/ayuntamiento\/#organization"},"potentialAction":[{"@type":"SearchAction","target":{"@type":"EntryPoint","urlTemplate":"https:\/\/www.caudete.org\/ayuntamiento\/?s={search_term_string}"},"query-input":{"@type":"PropertyValueSpecification","valueRequired":true,"valueName":"search_term_string"}}],"inLanguage":"es"},{"@type":"Organization","@id":"https:\/\/www.caudete.org\/ayuntamiento\/#organization","name":"Ayuntamiento de Caudete","url":"https:\/\/www.caudete.org\/ayuntamiento\/","logo":{"@type":"ImageObject","inLanguage":"es","@id":"https:\/\/www.caudete.org\/ayuntamiento\/#\/schema\/logo\/image\/","url":"https:\/\/www.caudete.org\/ayuntamiento\/wp-content\/uploads\/2020\/11\/logo_ayuntamiento_caudete.jpg","contentUrl":"https:\/\/www.caudete.org\/ayuntamiento\/wp-content\/uploads\/2020\/11\/logo_ayuntamiento_caudete.jpg","width":600,"height":150,"caption":"Ayuntamiento de Caudete"},"image":{"@id":"https:\/\/www.caudete.org\/ayuntamiento\/#\/schema\/logo\/image\/"},"sameAs":["https:\/\/www.facebook.com\/ayuntamientocaudete\/","https:\/\/www.youtube.com\/channel\/UC6VztHaooNsGpw-tNoBEFnQ"]},{"@type":"Person","@id":"https:\/\/www.caudete.org\/ayuntamiento\/#\/schema\/person\/cc646da9133078ee4d8dd47457947253","name":"alcalde","image":{"@type":"ImageObject","inLanguage":"es","@id":"https:\/\/secure.gravatar.com\/avatar\/84a817ba065b29ff08d666b215a215f5c79186a645ccb25b14a663d48a130f77?s=96&d=mm&r=g","url":"https:\/\/secure.gravatar.com\/avatar\/84a817ba065b29ff08d666b215a215f5c79186a645ccb25b14a663d48a130f77?s=96&d=mm&r=g","contentUrl":"https:\/\/secure.gravatar.com\/avatar\/84a817ba065b29ff08d666b215a215f5c79186a645ccb25b14a663d48a130f77?s=96&d=mm&r=g","caption":"alcalde"},"url":"https:\/\/www.caudete.org\/ayuntamiento\/author\/alcalde\/"}]}},"_links":{"self":[{"href":"https:\/\/www.caudete.org\/ayuntamiento\/wp-json\/wp\/v2\/posts\/27191","targetHints":{"allow":["GET"]}}],"collection":[{"href":"https:\/\/www.caudete.org\/ayuntamiento\/wp-json\/wp\/v2\/posts"}],"about":[{"href":"https:\/\/www.caudete.org\/ayuntamiento\/wp-json\/wp\/v2\/types\/post"}],"author":[{"embeddable":true,"href":"https:\/\/www.caudete.org\/ayuntamiento\/wp-json\/wp\/v2\/users\/3"}],"replies":[{"embeddable":true,"href":"https:\/\/www.caudete.org\/ayuntamiento\/wp-json\/wp\/v2\/comments?post=27191"}],"version-history":[{"count":5,"href":"https:\/\/www.caudete.org\/ayuntamiento\/wp-json\/wp\/v2\/posts\/27191\/revisions"}],"predecessor-version":[{"id":27250,"href":"https:\/\/www.caudete.org\/ayuntamiento\/wp-json\/wp\/v2\/posts\/27191\/revisions\/27250"}],"wp:featuredmedia":[{"embeddable":true,"href":"https:\/\/www.caudete.org\/ayuntamiento\/wp-json\/wp\/v2\/media\/23924"}],"wp:attachment":[{"href":"https:\/\/www.caudete.org\/ayuntamiento\/wp-json\/wp\/v2\/media?parent=27191"}],"wp:term":[{"taxonomy":"category","embeddable":true,"href":"https:\/\/www.caudete.org\/ayuntamiento\/wp-json\/wp\/v2\/categories?post=27191"},{"taxonomy":"post_tag","embeddable":true,"href":"https:\/\/www.caudete.org\/ayuntamiento\/wp-json\/wp\/v2\/tags?post=27191"}],"curies":[{"name":"wp","href":"https:\/\/api.w.org\/{rel}","templated":true}]}}