{"id":27268,"date":"2025-01-24T08:00:38","date_gmt":"2025-01-24T07:00:38","guid":{"rendered":"https:\/\/www.caudete.org\/ayuntamiento\/?p=27268"},"modified":"2025-01-24T14:42:54","modified_gmt":"2025-01-24T13:42:54","slug":"recordatorio-de-la-unidad-movil-de-deteccion-precoz-de-cancer-de-mama-2024","status":"publish","type":"post","link":"https:\/\/www.caudete.org\/ayuntamiento\/recordatorio-de-la-unidad-movil-de-deteccion-precoz-de-cancer-de-mama-2024\/","title":{"rendered":"Recordatorio de la unidad m\u00f3vil de detecci\u00f3n precoz de c\u00e1ncer de mama 2024"},"content":{"rendered":"<p style=\"text-align: justify;\" align=\"justify\"><span style=\"font-family: georgia, palatino, serif;\">Mar\u00eda Mart\u00ednez Garc\u00eda Concejal de Sanidad, informa y recuerda que sigue en marcha la unidad m\u00f3vil para la detecci\u00f3n del c\u00e1ncer de mama e informamos de algunas dificultades<\/span><\/p>\n<p style=\"text-align: justify;\" align=\"justify\"><span style=\"font-family: georgia, palatino, serif;\">Hasta el 31 de enero de 2025, la unidad m\u00f3vil sigue con sus citas y exploraciones, para mujeres de entre 45 y 70 a\u00f1os. Dicha acci\u00f3n forma parte de un programa regional impulsado por salud p\u00fablica, y que en este caso est\u00e1 conveniado con Quir\u00f3nSalud. Se<span style=\"font-size: medium;\"> trata de una unidad m\u00f3vil ubicada junto al antiguo Centro de Salud en <\/span><span style=\"font-size: medium;\">C<\/span><span style=\"font-size: medium;\">alle Jos\u00e9 Ruiz y Ruiz <\/span><span style=\"font-size: medium;\">de Caudete.<\/span><\/span><\/p>\n<p style=\"text-align: justify;\" align=\"justify\"><span style=\"font-family: georgia, palatino, serif;\">Un programa destinado a una poblaci\u00f3n diana de 1.500 mujeres de Caudete, que esperemos ayude a la prevenci\u00f3n y a la detecci\u00f3n precoz de este tipo de c\u00e1ncer, para poder abordar cualquier diagn\u00f3stico y tratamiento con mayores garant\u00edas.<\/span><\/p>\n<p style=\"text-align: justify;\" align=\"justify\"><span style=\"font-family: georgia, palatino, serif;\"><span style=\"font-size: medium;\">R<\/span><span style=\"font-size: medium;\">ecordar que las mujeres recibir\u00e1n en breve una carta personalizada con el d\u00eda y la hora de la cita. Y que en caso de duda, se puede pasar por la <\/span><span style=\"font-size: medium;\">unidad m\u00f3vil entre las 9h-1<\/span><span style=\"font-size: medium;\">4<\/span><span style=\"font-size: medium;\">h o las 1<\/span><span style=\"font-size: medium;\">6<\/span><span style=\"font-size: medium;\">&#8211;<\/span><span style=\"font-size: medium;\">20<\/span><span style=\"font-size: medium;\">h <\/span><span style=\"font-size: medium;\">para solicitar in situ<\/span><span style=\"font-size: medium;\">. O bien llamar al <\/span><span style=\"font-size: medium;\">967190410<\/span><span style=\"font-size: medium;\">. Todas las pruebas se desarrollan con la m\u00e1xima discreci\u00f3n, <\/span><span style=\"font-size: medium;\">con buenos profesionales especializados<\/span><span style=\"font-size: medium;\"> y son gratuitas. <\/span><\/span><\/p>\n<p style=\"text-align: justify;\" align=\"justify\"><span style=\"font-family: georgia, palatino, serif;\"><span style=\"font-size: medium;\">Desde la Concejal\u00eda de Sanidad informamos que se han dado<\/span><span style=\"font-size: medium;\"> determinados retrasos<\/span> <span style=\"font-size: medium;\">en la recepci\u00f3n de las cartas<\/span> <span style=\"font-size: medium;\">en muchas mujeres. <\/span><span style=\"font-size: medium;\">Puestos en contacto con el <\/span><span style=\"font-size: medium;\">Servicio de Correos<\/span><span style=\"font-size: medium;\">, confirman que hay unos d\u00edas de demora por cuestiones de organizaci\u00f3n interna, <\/span><span style=\"font-size: medium;\">que intentar\u00e1n subsanar <\/span><span style=\"font-size: medium;\">en breve<\/span><span style=\"font-size: medium;\">. No obstante, desde Quir\u00f3n<\/span><span style=\"font-size: medium;\">Salud instan a cualquier mujer que, ante la duda, pidan cita en la propia unidad m\u00f3vil. <\/span><\/span><\/p>\n<p align=\"justify\"><a href=\"https:\/\/www.caudete.org\/ayuntamiento\/wp-content\/uploads\/2025\/01\/CARTEL-CAUDETE-UNIDAD-MOVIL-CANCER-DE-MAMA.jpg\" rel='prettyPhoto'><img fetchpriority=\"high\" decoding=\"async\" class=\"alignnone size-full wp-image-27269\" src=\"https:\/\/www.caudete.org\/ayuntamiento\/wp-content\/uploads\/2025\/01\/CARTEL-CAUDETE-UNIDAD-MOVIL-CANCER-DE-MAMA.jpg\" alt=\"\" width=\"706\" height=\"1000\" srcset=\"https:\/\/www.caudete.org\/ayuntamiento\/wp-content\/uploads\/2025\/01\/CARTEL-CAUDETE-UNIDAD-MOVIL-CANCER-DE-MAMA.jpg 706w, https:\/\/www.caudete.org\/ayuntamiento\/wp-content\/uploads\/2025\/01\/CARTEL-CAUDETE-UNIDAD-MOVIL-CANCER-DE-MAMA-212x300.jpg 212w\" sizes=\"(max-width: 706px) 100vw, 706px\" \/><\/a><\/p>\n","protected":false},"excerpt":{"rendered":"<p>Mar\u00eda Mart\u00ednez Garc\u00eda Concejal de Sanidad, informa y recuerda que sigue en marcha la unidad m\u00f3vil para la detecci\u00f3n del c\u00e1ncer de mama e informamos de algunas dificultades Hasta el 31 de enero de 2025, la unidad m\u00f3vil sigue con sus citas y exploraciones, para mujeres de entre 45 y 70 a\u00f1os. Dicha acci\u00f3n forma &hellip;<\/p>\n","protected":false},"author":5,"featured_media":27270,"comment_status":"closed","ping_status":"open","sticky":false,"template":"","format":"standard","meta":{"ngg_post_thumbnail":0,"footnotes":""},"categories":[16],"tags":[],"class_list":["post-27268","post","type-post","status-publish","format-standard","has-post-thumbnail","hentry","category-sanidad"],"yoast_head":"<!-- This site is optimized with the Yoast SEO plugin v27.5 - https:\/\/yoast.com\/product\/yoast-seo-wordpress\/ -->\n<title>Recordatorio de la unidad m\u00f3vil de detecci\u00f3n precoz de c\u00e1ncer de mama 2024 - MI Ayuntamiento de Caudete<\/title>\n<meta name=\"description\" content=\"P\u00e1gina Oficial del Ayuntamiento de Caudete (Albacete)\" \/>\n<meta name=\"robots\" content=\"index, follow, max-snippet:-1, max-image-preview:large, max-video-preview:-1\" \/>\n<link rel=\"canonical\" href=\"https:\/\/www.caudete.org\/ayuntamiento\/recordatorio-de-la-unidad-movil-de-deteccion-precoz-de-cancer-de-mama-2024\/\" \/>\n<meta property=\"og:locale\" content=\"es_ES\" \/>\n<meta property=\"og:type\" content=\"article\" \/>\n<meta property=\"og:title\" content=\"Recordatorio de la unidad m\u00f3vil de detecci\u00f3n precoz de c\u00e1ncer de mama 2024 - MI Ayuntamiento de Caudete\" \/>\n<meta property=\"og:description\" content=\"P\u00e1gina Oficial del Ayuntamiento de Caudete (Albacete)\" \/>\n<meta property=\"og:url\" content=\"https:\/\/www.caudete.org\/ayuntamiento\/recordatorio-de-la-unidad-movil-de-deteccion-precoz-de-cancer-de-mama-2024\/\" \/>\n<meta property=\"og:site_name\" content=\"MI Ayuntamiento de Caudete\" \/>\n<meta property=\"article:publisher\" content=\"https:\/\/www.facebook.com\/ayuntamientocaudete\/\" \/>\n<meta property=\"article:published_time\" content=\"2025-01-24T07:00:38+00:00\" \/>\n<meta property=\"article:modified_time\" content=\"2025-01-24T13:42:54+00:00\" \/>\n<meta property=\"og:image\" content=\"https:\/\/www.caudete.org\/ayuntamiento\/wp-content\/uploads\/2025\/01\/CARTEL-CAUDETE-UNIDAD-MOVIL-CANCER-DE-MAMA-port.jpg\" \/>\n\t<meta property=\"og:image:width\" content=\"1000\" \/>\n\t<meta property=\"og:image:height\" content=\"429\" \/>\n\t<meta property=\"og:image:type\" content=\"image\/jpeg\" \/>\n<meta name=\"author\" content=\"Dpto Informatica MI Ayuntamiento de Caudete\" \/>\n<meta name=\"twitter:card\" content=\"summary_large_image\" \/>\n<meta name=\"twitter:label1\" content=\"Escrito por\" \/>\n\t<meta name=\"twitter:data1\" content=\"Dpto Informatica MI Ayuntamiento de Caudete\" \/>\n\t<meta name=\"twitter:label2\" content=\"Tiempo de lectura\" \/>\n\t<meta name=\"twitter:data2\" content=\"2 minutos\" \/>\n<script type=\"application\/ld+json\" class=\"yoast-schema-graph\">{\"@context\":\"https:\\\/\\\/schema.org\",\"@graph\":[{\"@type\":\"Article\",\"@id\":\"https:\\\/\\\/www.caudete.org\\\/ayuntamiento\\\/recordatorio-de-la-unidad-movil-de-deteccion-precoz-de-cancer-de-mama-2024\\\/#article\",\"isPartOf\":{\"@id\":\"https:\\\/\\\/www.caudete.org\\\/ayuntamiento\\\/recordatorio-de-la-unidad-movil-de-deteccion-precoz-de-cancer-de-mama-2024\\\/\"},\"author\":{\"name\":\"Dpto Informatica MI Ayuntamiento de Caudete\",\"@id\":\"https:\\\/\\\/www.caudete.org\\\/ayuntamiento\\\/#\\\/schema\\\/person\\\/4b9eab41761957db9b1bf9c418d1ef46\"},\"headline\":\"Recordatorio de la unidad m\u00f3vil de detecci\u00f3n precoz de c\u00e1ncer de mama 2024\",\"datePublished\":\"2025-01-24T07:00:38+00:00\",\"dateModified\":\"2025-01-24T13:42:54+00:00\",\"mainEntityOfPage\":{\"@id\":\"https:\\\/\\\/www.caudete.org\\\/ayuntamiento\\\/recordatorio-de-la-unidad-movil-de-deteccion-precoz-de-cancer-de-mama-2024\\\/\"},\"wordCount\":304,\"image\":{\"@id\":\"https:\\\/\\\/www.caudete.org\\\/ayuntamiento\\\/recordatorio-de-la-unidad-movil-de-deteccion-precoz-de-cancer-de-mama-2024\\\/#primaryimage\"},\"thumbnailUrl\":\"https:\\\/\\\/www.caudete.org\\\/ayuntamiento\\\/wp-content\\\/uploads\\\/2025\\\/01\\\/CARTEL-CAUDETE-UNIDAD-MOVIL-CANCER-DE-MAMA-port.jpg\",\"articleSection\":[\"Sanidad\"],\"inLanguage\":\"es\"},{\"@type\":\"WebPage\",\"@id\":\"https:\\\/\\\/www.caudete.org\\\/ayuntamiento\\\/recordatorio-de-la-unidad-movil-de-deteccion-precoz-de-cancer-de-mama-2024\\\/\",\"url\":\"https:\\\/\\\/www.caudete.org\\\/ayuntamiento\\\/recordatorio-de-la-unidad-movil-de-deteccion-precoz-de-cancer-de-mama-2024\\\/\",\"name\":\"Recordatorio de la unidad m\u00f3vil de detecci\u00f3n precoz de c\u00e1ncer de mama 2024 - MI Ayuntamiento de Caudete\",\"isPartOf\":{\"@id\":\"https:\\\/\\\/www.caudete.org\\\/ayuntamiento\\\/#website\"},\"primaryImageOfPage\":{\"@id\":\"https:\\\/\\\/www.caudete.org\\\/ayuntamiento\\\/recordatorio-de-la-unidad-movil-de-deteccion-precoz-de-cancer-de-mama-2024\\\/#primaryimage\"},\"image\":{\"@id\":\"https:\\\/\\\/www.caudete.org\\\/ayuntamiento\\\/recordatorio-de-la-unidad-movil-de-deteccion-precoz-de-cancer-de-mama-2024\\\/#primaryimage\"},\"thumbnailUrl\":\"https:\\\/\\\/www.caudete.org\\\/ayuntamiento\\\/wp-content\\\/uploads\\\/2025\\\/01\\\/CARTEL-CAUDETE-UNIDAD-MOVIL-CANCER-DE-MAMA-port.jpg\",\"datePublished\":\"2025-01-24T07:00:38+00:00\",\"dateModified\":\"2025-01-24T13:42:54+00:00\",\"author\":{\"@id\":\"https:\\\/\\\/www.caudete.org\\\/ayuntamiento\\\/#\\\/schema\\\/person\\\/4b9eab41761957db9b1bf9c418d1ef46\"},\"description\":\"P\u00e1gina Oficial del Ayuntamiento de Caudete (Albacete)\",\"breadcrumb\":{\"@id\":\"https:\\\/\\\/www.caudete.org\\\/ayuntamiento\\\/recordatorio-de-la-unidad-movil-de-deteccion-precoz-de-cancer-de-mama-2024\\\/#breadcrumb\"},\"inLanguage\":\"es\",\"potentialAction\":[{\"@type\":\"ReadAction\",\"target\":[\"https:\\\/\\\/www.caudete.org\\\/ayuntamiento\\\/recordatorio-de-la-unidad-movil-de-deteccion-precoz-de-cancer-de-mama-2024\\\/\"]}]},{\"@type\":\"ImageObject\",\"inLanguage\":\"es\",\"@id\":\"https:\\\/\\\/www.caudete.org\\\/ayuntamiento\\\/recordatorio-de-la-unidad-movil-de-deteccion-precoz-de-cancer-de-mama-2024\\\/#primaryimage\",\"url\":\"https:\\\/\\\/www.caudete.org\\\/ayuntamiento\\\/wp-content\\\/uploads\\\/2025\\\/01\\\/CARTEL-CAUDETE-UNIDAD-MOVIL-CANCER-DE-MAMA-port.jpg\",\"contentUrl\":\"https:\\\/\\\/www.caudete.org\\\/ayuntamiento\\\/wp-content\\\/uploads\\\/2025\\\/01\\\/CARTEL-CAUDETE-UNIDAD-MOVIL-CANCER-DE-MAMA-port.jpg\",\"width\":1000,\"height\":429},{\"@type\":\"BreadcrumbList\",\"@id\":\"https:\\\/\\\/www.caudete.org\\\/ayuntamiento\\\/recordatorio-de-la-unidad-movil-de-deteccion-precoz-de-cancer-de-mama-2024\\\/#breadcrumb\",\"itemListElement\":[{\"@type\":\"ListItem\",\"position\":1,\"name\":\"Inicio\",\"item\":\"https:\\\/\\\/www.caudete.org\\\/ayuntamiento\\\/\"},{\"@type\":\"ListItem\",\"position\":2,\"name\":\"Recordatorio de la unidad m\u00f3vil de detecci\u00f3n precoz de c\u00e1ncer de mama 2024\"}]},{\"@type\":\"WebSite\",\"@id\":\"https:\\\/\\\/www.caudete.org\\\/ayuntamiento\\\/#website\",\"url\":\"https:\\\/\\\/www.caudete.org\\\/ayuntamiento\\\/\",\"name\":\"MI Ayuntamiento de Caudete\",\"description\":\"P\u00e1gina Oficial del MI Ayuntamiento de Caudete\",\"potentialAction\":[{\"@type\":\"SearchAction\",\"target\":{\"@type\":\"EntryPoint\",\"urlTemplate\":\"https:\\\/\\\/www.caudete.org\\\/ayuntamiento\\\/?s={search_term_string}\"},\"query-input\":{\"@type\":\"PropertyValueSpecification\",\"valueRequired\":true,\"valueName\":\"search_term_string\"}}],\"inLanguage\":\"es\"},{\"@type\":\"Person\",\"@id\":\"https:\\\/\\\/www.caudete.org\\\/ayuntamiento\\\/#\\\/schema\\\/person\\\/4b9eab41761957db9b1bf9c418d1ef46\",\"name\":\"Dpto Informatica MI Ayuntamiento de Caudete\",\"image\":{\"@type\":\"ImageObject\",\"inLanguage\":\"es\",\"@id\":\"https:\\\/\\\/secure.gravatar.com\\\/avatar\\\/ac0321ee4a0a83e82a253e7b2d348ef539e2c8fe16d06b600bde04de1b364fa7?s=96&d=mm&r=g\",\"url\":\"https:\\\/\\\/secure.gravatar.com\\\/avatar\\\/ac0321ee4a0a83e82a253e7b2d348ef539e2c8fe16d06b600bde04de1b364fa7?s=96&d=mm&r=g\",\"contentUrl\":\"https:\\\/\\\/secure.gravatar.com\\\/avatar\\\/ac0321ee4a0a83e82a253e7b2d348ef539e2c8fe16d06b600bde04de1b364fa7?s=96&d=mm&r=g\",\"caption\":\"Dpto Informatica MI Ayuntamiento de Caudete\"},\"url\":\"https:\\\/\\\/www.caudete.org\\\/ayuntamiento\\\/author\\\/informatica\\\/\"}]}<\/script>\n<!-- \/ Yoast SEO plugin. -->","yoast_head_json":{"title":"Recordatorio de la unidad m\u00f3vil de detecci\u00f3n precoz de c\u00e1ncer de mama 2024 - MI Ayuntamiento de Caudete","description":"P\u00e1gina Oficial del Ayuntamiento de Caudete (Albacete)","robots":{"index":"index","follow":"follow","max-snippet":"max-snippet:-1","max-image-preview":"max-image-preview:large","max-video-preview":"max-video-preview:-1"},"canonical":"https:\/\/www.caudete.org\/ayuntamiento\/recordatorio-de-la-unidad-movil-de-deteccion-precoz-de-cancer-de-mama-2024\/","og_locale":"es_ES","og_type":"article","og_title":"Recordatorio de la unidad m\u00f3vil de detecci\u00f3n precoz de c\u00e1ncer de mama 2024 - MI Ayuntamiento de Caudete","og_description":"P\u00e1gina Oficial del Ayuntamiento de Caudete (Albacete)","og_url":"https:\/\/www.caudete.org\/ayuntamiento\/recordatorio-de-la-unidad-movil-de-deteccion-precoz-de-cancer-de-mama-2024\/","og_site_name":"MI Ayuntamiento de Caudete","article_publisher":"https:\/\/www.facebook.com\/ayuntamientocaudete\/","article_published_time":"2025-01-24T07:00:38+00:00","article_modified_time":"2025-01-24T13:42:54+00:00","og_image":[{"width":1000,"height":429,"url":"https:\/\/www.caudete.org\/ayuntamiento\/wp-content\/uploads\/2025\/01\/CARTEL-CAUDETE-UNIDAD-MOVIL-CANCER-DE-MAMA-port.jpg","type":"image\/jpeg"}],"author":"Dpto Informatica MI Ayuntamiento de Caudete","twitter_card":"summary_large_image","twitter_misc":{"Escrito por":"Dpto Informatica MI Ayuntamiento de Caudete","Tiempo de lectura":"2 minutos"},"schema":{"@context":"https:\/\/schema.org","@graph":[{"@type":"Article","@id":"https:\/\/www.caudete.org\/ayuntamiento\/recordatorio-de-la-unidad-movil-de-deteccion-precoz-de-cancer-de-mama-2024\/#article","isPartOf":{"@id":"https:\/\/www.caudete.org\/ayuntamiento\/recordatorio-de-la-unidad-movil-de-deteccion-precoz-de-cancer-de-mama-2024\/"},"author":{"name":"Dpto Informatica MI Ayuntamiento de Caudete","@id":"https:\/\/www.caudete.org\/ayuntamiento\/#\/schema\/person\/4b9eab41761957db9b1bf9c418d1ef46"},"headline":"Recordatorio de la unidad m\u00f3vil de detecci\u00f3n precoz de c\u00e1ncer de mama 2024","datePublished":"2025-01-24T07:00:38+00:00","dateModified":"2025-01-24T13:42:54+00:00","mainEntityOfPage":{"@id":"https:\/\/www.caudete.org\/ayuntamiento\/recordatorio-de-la-unidad-movil-de-deteccion-precoz-de-cancer-de-mama-2024\/"},"wordCount":304,"image":{"@id":"https:\/\/www.caudete.org\/ayuntamiento\/recordatorio-de-la-unidad-movil-de-deteccion-precoz-de-cancer-de-mama-2024\/#primaryimage"},"thumbnailUrl":"https:\/\/www.caudete.org\/ayuntamiento\/wp-content\/uploads\/2025\/01\/CARTEL-CAUDETE-UNIDAD-MOVIL-CANCER-DE-MAMA-port.jpg","articleSection":["Sanidad"],"inLanguage":"es"},{"@type":"WebPage","@id":"https:\/\/www.caudete.org\/ayuntamiento\/recordatorio-de-la-unidad-movil-de-deteccion-precoz-de-cancer-de-mama-2024\/","url":"https:\/\/www.caudete.org\/ayuntamiento\/recordatorio-de-la-unidad-movil-de-deteccion-precoz-de-cancer-de-mama-2024\/","name":"Recordatorio de la unidad m\u00f3vil de detecci\u00f3n precoz de c\u00e1ncer de mama 2024 - MI Ayuntamiento de Caudete","isPartOf":{"@id":"https:\/\/www.caudete.org\/ayuntamiento\/#website"},"primaryImageOfPage":{"@id":"https:\/\/www.caudete.org\/ayuntamiento\/recordatorio-de-la-unidad-movil-de-deteccion-precoz-de-cancer-de-mama-2024\/#primaryimage"},"image":{"@id":"https:\/\/www.caudete.org\/ayuntamiento\/recordatorio-de-la-unidad-movil-de-deteccion-precoz-de-cancer-de-mama-2024\/#primaryimage"},"thumbnailUrl":"https:\/\/www.caudete.org\/ayuntamiento\/wp-content\/uploads\/2025\/01\/CARTEL-CAUDETE-UNIDAD-MOVIL-CANCER-DE-MAMA-port.jpg","datePublished":"2025-01-24T07:00:38+00:00","dateModified":"2025-01-24T13:42:54+00:00","author":{"@id":"https:\/\/www.caudete.org\/ayuntamiento\/#\/schema\/person\/4b9eab41761957db9b1bf9c418d1ef46"},"description":"P\u00e1gina Oficial del Ayuntamiento de Caudete (Albacete)","breadcrumb":{"@id":"https:\/\/www.caudete.org\/ayuntamiento\/recordatorio-de-la-unidad-movil-de-deteccion-precoz-de-cancer-de-mama-2024\/#breadcrumb"},"inLanguage":"es","potentialAction":[{"@type":"ReadAction","target":["https:\/\/www.caudete.org\/ayuntamiento\/recordatorio-de-la-unidad-movil-de-deteccion-precoz-de-cancer-de-mama-2024\/"]}]},{"@type":"ImageObject","inLanguage":"es","@id":"https:\/\/www.caudete.org\/ayuntamiento\/recordatorio-de-la-unidad-movil-de-deteccion-precoz-de-cancer-de-mama-2024\/#primaryimage","url":"https:\/\/www.caudete.org\/ayuntamiento\/wp-content\/uploads\/2025\/01\/CARTEL-CAUDETE-UNIDAD-MOVIL-CANCER-DE-MAMA-port.jpg","contentUrl":"https:\/\/www.caudete.org\/ayuntamiento\/wp-content\/uploads\/2025\/01\/CARTEL-CAUDETE-UNIDAD-MOVIL-CANCER-DE-MAMA-port.jpg","width":1000,"height":429},{"@type":"BreadcrumbList","@id":"https:\/\/www.caudete.org\/ayuntamiento\/recordatorio-de-la-unidad-movil-de-deteccion-precoz-de-cancer-de-mama-2024\/#breadcrumb","itemListElement":[{"@type":"ListItem","position":1,"name":"Inicio","item":"https:\/\/www.caudete.org\/ayuntamiento\/"},{"@type":"ListItem","position":2,"name":"Recordatorio de la unidad m\u00f3vil de detecci\u00f3n precoz de c\u00e1ncer de mama 2024"}]},{"@type":"WebSite","@id":"https:\/\/www.caudete.org\/ayuntamiento\/#website","url":"https:\/\/www.caudete.org\/ayuntamiento\/","name":"MI Ayuntamiento de Caudete","description":"P\u00e1gina Oficial del MI Ayuntamiento de Caudete","potentialAction":[{"@type":"SearchAction","target":{"@type":"EntryPoint","urlTemplate":"https:\/\/www.caudete.org\/ayuntamiento\/?s={search_term_string}"},"query-input":{"@type":"PropertyValueSpecification","valueRequired":true,"valueName":"search_term_string"}}],"inLanguage":"es"},{"@type":"Person","@id":"https:\/\/www.caudete.org\/ayuntamiento\/#\/schema\/person\/4b9eab41761957db9b1bf9c418d1ef46","name":"Dpto Informatica MI Ayuntamiento de Caudete","image":{"@type":"ImageObject","inLanguage":"es","@id":"https:\/\/secure.gravatar.com\/avatar\/ac0321ee4a0a83e82a253e7b2d348ef539e2c8fe16d06b600bde04de1b364fa7?s=96&d=mm&r=g","url":"https:\/\/secure.gravatar.com\/avatar\/ac0321ee4a0a83e82a253e7b2d348ef539e2c8fe16d06b600bde04de1b364fa7?s=96&d=mm&r=g","contentUrl":"https:\/\/secure.gravatar.com\/avatar\/ac0321ee4a0a83e82a253e7b2d348ef539e2c8fe16d06b600bde04de1b364fa7?s=96&d=mm&r=g","caption":"Dpto Informatica MI Ayuntamiento de Caudete"},"url":"https:\/\/www.caudete.org\/ayuntamiento\/author\/informatica\/"}]}},"_links":{"self":[{"href":"https:\/\/www.caudete.org\/ayuntamiento\/wp-json\/wp\/v2\/posts\/27268","targetHints":{"allow":["GET"]}}],"collection":[{"href":"https:\/\/www.caudete.org\/ayuntamiento\/wp-json\/wp\/v2\/posts"}],"about":[{"href":"https:\/\/www.caudete.org\/ayuntamiento\/wp-json\/wp\/v2\/types\/post"}],"author":[{"embeddable":true,"href":"https:\/\/www.caudete.org\/ayuntamiento\/wp-json\/wp\/v2\/users\/5"}],"replies":[{"embeddable":true,"href":"https:\/\/www.caudete.org\/ayuntamiento\/wp-json\/wp\/v2\/comments?post=27268"}],"version-history":[{"count":3,"href":"https:\/\/www.caudete.org\/ayuntamiento\/wp-json\/wp\/v2\/posts\/27268\/revisions"}],"predecessor-version":[{"id":27286,"href":"https:\/\/www.caudete.org\/ayuntamiento\/wp-json\/wp\/v2\/posts\/27268\/revisions\/27286"}],"wp:featuredmedia":[{"embeddable":true,"href":"https:\/\/www.caudete.org\/ayuntamiento\/wp-json\/wp\/v2\/media\/27270"}],"wp:attachment":[{"href":"https:\/\/www.caudete.org\/ayuntamiento\/wp-json\/wp\/v2\/media?parent=27268"}],"wp:term":[{"taxonomy":"category","embeddable":true,"href":"https:\/\/www.caudete.org\/ayuntamiento\/wp-json\/wp\/v2\/categories?post=27268"},{"taxonomy":"post_tag","embeddable":true,"href":"https:\/\/www.caudete.org\/ayuntamiento\/wp-json\/wp\/v2\/tags?post=27268"}],"curies":[{"name":"wp","href":"https:\/\/api.w.org\/{rel}","templated":true}]}}