{"id":27287,"date":"2025-01-25T08:00:35","date_gmt":"2025-01-25T07:00:35","guid":{"rendered":"https:\/\/www.caudete.org\/ayuntamiento\/?p=27287"},"modified":"2025-01-24T19:33:05","modified_gmt":"2025-01-24T18:33:05","slug":"identificados-y-sancionados-3-vecinos-de-caudete-por-vertidos-ilegales","status":"publish","type":"post","link":"https:\/\/www.caudete.org\/ayuntamiento\/identificados-y-sancionados-3-vecinos-de-caudete-por-vertidos-ilegales\/","title":{"rendered":"Identificados y sancionados 3 vecinos de Caudete por vertidos ilegales"},"content":{"rendered":"<p style=\"text-align: justify;\">Desde las Concejal\u00edas de Medio Ambiente y la de Seguridad Ciudadana queremos informar de la proliferaci\u00f3n de vertidos en el extrarradio de la localidad, que est\u00e1 siendo un autentico problema tanto econ\u00f3mico como medioambiental.<\/p>\n<p style=\"text-align: justify;\">Es por ello que se ha intensificado el trabajo de la Polic\u00eda Local patrullando las zonas m\u00e1s conflictivas. Con el resultado de 3 vecinos pillados &#8220;in fraganti&#8221; mientras vert\u00edan residuos en zonas no habilitadas. Y s\u00ed, es ir\u00f3nico que estos vertidos sucedieran en lugares alejados del casco urbano, en pleno horario de apertura del ecoparque, lo que, casualmente, deja claro que no se trat\u00f3 de un error de c\u00e1lculo por parte de los susodichos, sino de una acci\u00f3n completamente intencionada.<\/p>\n<p style=\"text-align: justify;\">Esperamos que estas sanciones surtan el efecto esperado y nos ahorren al resto de Caudetanos tener que ver como se ensucian nuestras ramblas, parajes y caminos, con enseres electrodom\u00e9sticos y otros materiales, que recogerlos supone un alto coste econ\u00f3mico y horas de personal<\/p>\n<p style=\"text-align: justify;\">Recordar que , Caudete dispone de un Ecoparque al servicio de todos los ciudadanos totalmente gratuito, de martes a s\u00e1bado y pr\u00f3ximamente tambi\u00e9n abrir\u00e1 los domingos y, que para retirar mayores cantidades se puede solicitar a la empresa Municipal de recogida de basuras (Fobesa) tel\u00e9fono 965395221 y se los recoger\u00e1n gratis.<\/p>\n<p style=\"text-align: justify;\">Por \u00faltimo, felicitamos a los agentes que han hecho posible esta identificaci\u00f3n, y agradecemos a los vecinos que han colaborado con informaci\u00f3n, porque, como bien sabemos, en Caudete todo el mundo tiene un ojo afilado para los asuntos de &#8220;limpieza&#8221;.<\/p>\n","protected":false},"excerpt":{"rendered":"<p>Desde las Concejal\u00edas de Medio Ambiente y la de Seguridad Ciudadana queremos informar de la proliferaci\u00f3n de vertidos en el extrarradio de la localidad, que est\u00e1 siendo un autentico problema tanto econ\u00f3mico como medioambiental. Es por ello que se ha intensificado el trabajo de la Polic\u00eda Local patrullando las zonas m\u00e1s conflictivas. Con el resultado &hellip;<\/p>\n","protected":false},"author":5,"featured_media":27288,"comment_status":"closed","ping_status":"open","sticky":false,"template":"","format":"standard","meta":{"ngg_post_thumbnail":0,"footnotes":""},"categories":[29],"tags":[],"class_list":["post-27287","post","type-post","status-publish","format-standard","has-post-thumbnail","hentry","category-medio-ambiente"],"yoast_head":"<!-- This site is optimized with the Yoast SEO plugin v27.5 - https:\/\/yoast.com\/product\/yoast-seo-wordpress\/ -->\n<title>Identificados y sancionados 3 vecinos de Caudete por vertidos ilegales - MI Ayuntamiento de Caudete<\/title>\n<meta name=\"description\" content=\"P\u00e1gina Oficial del Ayuntamiento de Caudete (Albacete)\" \/>\n<meta name=\"robots\" content=\"index, follow, max-snippet:-1, max-image-preview:large, max-video-preview:-1\" \/>\n<link rel=\"canonical\" href=\"https:\/\/www.caudete.org\/ayuntamiento\/identificados-y-sancionados-3-vecinos-de-caudete-por-vertidos-ilegales\/\" \/>\n<meta property=\"og:locale\" content=\"es_ES\" \/>\n<meta property=\"og:type\" content=\"article\" \/>\n<meta property=\"og:title\" content=\"Identificados y sancionados 3 vecinos de Caudete por vertidos ilegales - MI Ayuntamiento de Caudete\" \/>\n<meta property=\"og:description\" content=\"P\u00e1gina Oficial del Ayuntamiento de Caudete (Albacete)\" \/>\n<meta property=\"og:url\" content=\"https:\/\/www.caudete.org\/ayuntamiento\/identificados-y-sancionados-3-vecinos-de-caudete-por-vertidos-ilegales\/\" \/>\n<meta property=\"og:site_name\" content=\"MI Ayuntamiento de Caudete\" \/>\n<meta property=\"article:publisher\" content=\"https:\/\/www.facebook.com\/ayuntamientocaudete\/\" \/>\n<meta property=\"article:published_time\" content=\"2025-01-25T07:00:35+00:00\" \/>\n<meta property=\"og:image\" content=\"https:\/\/www.caudete.org\/ayuntamiento\/wp-content\/uploads\/2025\/01\/MedioAmbienteSeguridad.jpg\" \/>\n\t<meta property=\"og:image:width\" content=\"1600\" \/>\n\t<meta property=\"og:image:height\" content=\"900\" \/>\n\t<meta property=\"og:image:type\" content=\"image\/jpeg\" \/>\n<meta name=\"author\" content=\"Dpto Informatica MI Ayuntamiento de Caudete\" \/>\n<meta name=\"twitter:card\" content=\"summary_large_image\" \/>\n<meta name=\"twitter:label1\" content=\"Escrito por\" \/>\n\t<meta name=\"twitter:data1\" content=\"Dpto Informatica MI Ayuntamiento de Caudete\" \/>\n\t<meta name=\"twitter:label2\" content=\"Tiempo de lectura\" \/>\n\t<meta name=\"twitter:data2\" content=\"2 minutos\" \/>\n<script type=\"application\/ld+json\" class=\"yoast-schema-graph\">{\"@context\":\"https:\\\/\\\/schema.org\",\"@graph\":[{\"@type\":\"Article\",\"@id\":\"https:\\\/\\\/www.caudete.org\\\/ayuntamiento\\\/identificados-y-sancionados-3-vecinos-de-caudete-por-vertidos-ilegales\\\/#article\",\"isPartOf\":{\"@id\":\"https:\\\/\\\/www.caudete.org\\\/ayuntamiento\\\/identificados-y-sancionados-3-vecinos-de-caudete-por-vertidos-ilegales\\\/\"},\"author\":{\"name\":\"Dpto Informatica MI Ayuntamiento de Caudete\",\"@id\":\"https:\\\/\\\/www.caudete.org\\\/ayuntamiento\\\/#\\\/schema\\\/person\\\/4b9eab41761957db9b1bf9c418d1ef46\"},\"headline\":\"Identificados y sancionados 3 vecinos de Caudete por vertidos ilegales\",\"datePublished\":\"2025-01-25T07:00:35+00:00\",\"mainEntityOfPage\":{\"@id\":\"https:\\\/\\\/www.caudete.org\\\/ayuntamiento\\\/identificados-y-sancionados-3-vecinos-de-caudete-por-vertidos-ilegales\\\/\"},\"wordCount\":272,\"image\":{\"@id\":\"https:\\\/\\\/www.caudete.org\\\/ayuntamiento\\\/identificados-y-sancionados-3-vecinos-de-caudete-por-vertidos-ilegales\\\/#primaryimage\"},\"thumbnailUrl\":\"https:\\\/\\\/www.caudete.org\\\/ayuntamiento\\\/wp-content\\\/uploads\\\/2025\\\/01\\\/MedioAmbienteSeguridad.jpg\",\"articleSection\":[\"Medio Ambiente\"],\"inLanguage\":\"es\"},{\"@type\":\"WebPage\",\"@id\":\"https:\\\/\\\/www.caudete.org\\\/ayuntamiento\\\/identificados-y-sancionados-3-vecinos-de-caudete-por-vertidos-ilegales\\\/\",\"url\":\"https:\\\/\\\/www.caudete.org\\\/ayuntamiento\\\/identificados-y-sancionados-3-vecinos-de-caudete-por-vertidos-ilegales\\\/\",\"name\":\"Identificados y sancionados 3 vecinos de Caudete por vertidos ilegales - MI Ayuntamiento de Caudete\",\"isPartOf\":{\"@id\":\"https:\\\/\\\/www.caudete.org\\\/ayuntamiento\\\/#website\"},\"primaryImageOfPage\":{\"@id\":\"https:\\\/\\\/www.caudete.org\\\/ayuntamiento\\\/identificados-y-sancionados-3-vecinos-de-caudete-por-vertidos-ilegales\\\/#primaryimage\"},\"image\":{\"@id\":\"https:\\\/\\\/www.caudete.org\\\/ayuntamiento\\\/identificados-y-sancionados-3-vecinos-de-caudete-por-vertidos-ilegales\\\/#primaryimage\"},\"thumbnailUrl\":\"https:\\\/\\\/www.caudete.org\\\/ayuntamiento\\\/wp-content\\\/uploads\\\/2025\\\/01\\\/MedioAmbienteSeguridad.jpg\",\"datePublished\":\"2025-01-25T07:00:35+00:00\",\"author\":{\"@id\":\"https:\\\/\\\/www.caudete.org\\\/ayuntamiento\\\/#\\\/schema\\\/person\\\/4b9eab41761957db9b1bf9c418d1ef46\"},\"description\":\"P\u00e1gina Oficial del Ayuntamiento de Caudete (Albacete)\",\"breadcrumb\":{\"@id\":\"https:\\\/\\\/www.caudete.org\\\/ayuntamiento\\\/identificados-y-sancionados-3-vecinos-de-caudete-por-vertidos-ilegales\\\/#breadcrumb\"},\"inLanguage\":\"es\",\"potentialAction\":[{\"@type\":\"ReadAction\",\"target\":[\"https:\\\/\\\/www.caudete.org\\\/ayuntamiento\\\/identificados-y-sancionados-3-vecinos-de-caudete-por-vertidos-ilegales\\\/\"]}]},{\"@type\":\"ImageObject\",\"inLanguage\":\"es\",\"@id\":\"https:\\\/\\\/www.caudete.org\\\/ayuntamiento\\\/identificados-y-sancionados-3-vecinos-de-caudete-por-vertidos-ilegales\\\/#primaryimage\",\"url\":\"https:\\\/\\\/www.caudete.org\\\/ayuntamiento\\\/wp-content\\\/uploads\\\/2025\\\/01\\\/MedioAmbienteSeguridad.jpg\",\"contentUrl\":\"https:\\\/\\\/www.caudete.org\\\/ayuntamiento\\\/wp-content\\\/uploads\\\/2025\\\/01\\\/MedioAmbienteSeguridad.jpg\",\"width\":1600,\"height\":900},{\"@type\":\"BreadcrumbList\",\"@id\":\"https:\\\/\\\/www.caudete.org\\\/ayuntamiento\\\/identificados-y-sancionados-3-vecinos-de-caudete-por-vertidos-ilegales\\\/#breadcrumb\",\"itemListElement\":[{\"@type\":\"ListItem\",\"position\":1,\"name\":\"Inicio\",\"item\":\"https:\\\/\\\/www.caudete.org\\\/ayuntamiento\\\/\"},{\"@type\":\"ListItem\",\"position\":2,\"name\":\"Identificados y sancionados 3 vecinos de Caudete por vertidos ilegales\"}]},{\"@type\":\"WebSite\",\"@id\":\"https:\\\/\\\/www.caudete.org\\\/ayuntamiento\\\/#website\",\"url\":\"https:\\\/\\\/www.caudete.org\\\/ayuntamiento\\\/\",\"name\":\"MI Ayuntamiento de Caudete\",\"description\":\"P\u00e1gina Oficial del MI Ayuntamiento de Caudete\",\"potentialAction\":[{\"@type\":\"SearchAction\",\"target\":{\"@type\":\"EntryPoint\",\"urlTemplate\":\"https:\\\/\\\/www.caudete.org\\\/ayuntamiento\\\/?s={search_term_string}\"},\"query-input\":{\"@type\":\"PropertyValueSpecification\",\"valueRequired\":true,\"valueName\":\"search_term_string\"}}],\"inLanguage\":\"es\"},{\"@type\":\"Person\",\"@id\":\"https:\\\/\\\/www.caudete.org\\\/ayuntamiento\\\/#\\\/schema\\\/person\\\/4b9eab41761957db9b1bf9c418d1ef46\",\"name\":\"Dpto Informatica MI Ayuntamiento de Caudete\",\"image\":{\"@type\":\"ImageObject\",\"inLanguage\":\"es\",\"@id\":\"https:\\\/\\\/secure.gravatar.com\\\/avatar\\\/ac0321ee4a0a83e82a253e7b2d348ef539e2c8fe16d06b600bde04de1b364fa7?s=96&d=mm&r=g\",\"url\":\"https:\\\/\\\/secure.gravatar.com\\\/avatar\\\/ac0321ee4a0a83e82a253e7b2d348ef539e2c8fe16d06b600bde04de1b364fa7?s=96&d=mm&r=g\",\"contentUrl\":\"https:\\\/\\\/secure.gravatar.com\\\/avatar\\\/ac0321ee4a0a83e82a253e7b2d348ef539e2c8fe16d06b600bde04de1b364fa7?s=96&d=mm&r=g\",\"caption\":\"Dpto Informatica MI Ayuntamiento de Caudete\"},\"url\":\"https:\\\/\\\/www.caudete.org\\\/ayuntamiento\\\/author\\\/informatica\\\/\"}]}<\/script>\n<!-- \/ Yoast SEO plugin. -->","yoast_head_json":{"title":"Identificados y sancionados 3 vecinos de Caudete por vertidos ilegales - MI Ayuntamiento de Caudete","description":"P\u00e1gina Oficial del Ayuntamiento de Caudete (Albacete)","robots":{"index":"index","follow":"follow","max-snippet":"max-snippet:-1","max-image-preview":"max-image-preview:large","max-video-preview":"max-video-preview:-1"},"canonical":"https:\/\/www.caudete.org\/ayuntamiento\/identificados-y-sancionados-3-vecinos-de-caudete-por-vertidos-ilegales\/","og_locale":"es_ES","og_type":"article","og_title":"Identificados y sancionados 3 vecinos de Caudete por vertidos ilegales - MI Ayuntamiento de Caudete","og_description":"P\u00e1gina Oficial del Ayuntamiento de Caudete (Albacete)","og_url":"https:\/\/www.caudete.org\/ayuntamiento\/identificados-y-sancionados-3-vecinos-de-caudete-por-vertidos-ilegales\/","og_site_name":"MI Ayuntamiento de Caudete","article_publisher":"https:\/\/www.facebook.com\/ayuntamientocaudete\/","article_published_time":"2025-01-25T07:00:35+00:00","og_image":[{"width":1600,"height":900,"url":"https:\/\/www.caudete.org\/ayuntamiento\/wp-content\/uploads\/2025\/01\/MedioAmbienteSeguridad.jpg","type":"image\/jpeg"}],"author":"Dpto Informatica MI Ayuntamiento de Caudete","twitter_card":"summary_large_image","twitter_misc":{"Escrito por":"Dpto Informatica MI Ayuntamiento de Caudete","Tiempo de lectura":"2 minutos"},"schema":{"@context":"https:\/\/schema.org","@graph":[{"@type":"Article","@id":"https:\/\/www.caudete.org\/ayuntamiento\/identificados-y-sancionados-3-vecinos-de-caudete-por-vertidos-ilegales\/#article","isPartOf":{"@id":"https:\/\/www.caudete.org\/ayuntamiento\/identificados-y-sancionados-3-vecinos-de-caudete-por-vertidos-ilegales\/"},"author":{"name":"Dpto Informatica MI Ayuntamiento de Caudete","@id":"https:\/\/www.caudete.org\/ayuntamiento\/#\/schema\/person\/4b9eab41761957db9b1bf9c418d1ef46"},"headline":"Identificados y sancionados 3 vecinos de Caudete por vertidos ilegales","datePublished":"2025-01-25T07:00:35+00:00","mainEntityOfPage":{"@id":"https:\/\/www.caudete.org\/ayuntamiento\/identificados-y-sancionados-3-vecinos-de-caudete-por-vertidos-ilegales\/"},"wordCount":272,"image":{"@id":"https:\/\/www.caudete.org\/ayuntamiento\/identificados-y-sancionados-3-vecinos-de-caudete-por-vertidos-ilegales\/#primaryimage"},"thumbnailUrl":"https:\/\/www.caudete.org\/ayuntamiento\/wp-content\/uploads\/2025\/01\/MedioAmbienteSeguridad.jpg","articleSection":["Medio Ambiente"],"inLanguage":"es"},{"@type":"WebPage","@id":"https:\/\/www.caudete.org\/ayuntamiento\/identificados-y-sancionados-3-vecinos-de-caudete-por-vertidos-ilegales\/","url":"https:\/\/www.caudete.org\/ayuntamiento\/identificados-y-sancionados-3-vecinos-de-caudete-por-vertidos-ilegales\/","name":"Identificados y sancionados 3 vecinos de Caudete por vertidos ilegales - MI Ayuntamiento de Caudete","isPartOf":{"@id":"https:\/\/www.caudete.org\/ayuntamiento\/#website"},"primaryImageOfPage":{"@id":"https:\/\/www.caudete.org\/ayuntamiento\/identificados-y-sancionados-3-vecinos-de-caudete-por-vertidos-ilegales\/#primaryimage"},"image":{"@id":"https:\/\/www.caudete.org\/ayuntamiento\/identificados-y-sancionados-3-vecinos-de-caudete-por-vertidos-ilegales\/#primaryimage"},"thumbnailUrl":"https:\/\/www.caudete.org\/ayuntamiento\/wp-content\/uploads\/2025\/01\/MedioAmbienteSeguridad.jpg","datePublished":"2025-01-25T07:00:35+00:00","author":{"@id":"https:\/\/www.caudete.org\/ayuntamiento\/#\/schema\/person\/4b9eab41761957db9b1bf9c418d1ef46"},"description":"P\u00e1gina Oficial del Ayuntamiento de Caudete (Albacete)","breadcrumb":{"@id":"https:\/\/www.caudete.org\/ayuntamiento\/identificados-y-sancionados-3-vecinos-de-caudete-por-vertidos-ilegales\/#breadcrumb"},"inLanguage":"es","potentialAction":[{"@type":"ReadAction","target":["https:\/\/www.caudete.org\/ayuntamiento\/identificados-y-sancionados-3-vecinos-de-caudete-por-vertidos-ilegales\/"]}]},{"@type":"ImageObject","inLanguage":"es","@id":"https:\/\/www.caudete.org\/ayuntamiento\/identificados-y-sancionados-3-vecinos-de-caudete-por-vertidos-ilegales\/#primaryimage","url":"https:\/\/www.caudete.org\/ayuntamiento\/wp-content\/uploads\/2025\/01\/MedioAmbienteSeguridad.jpg","contentUrl":"https:\/\/www.caudete.org\/ayuntamiento\/wp-content\/uploads\/2025\/01\/MedioAmbienteSeguridad.jpg","width":1600,"height":900},{"@type":"BreadcrumbList","@id":"https:\/\/www.caudete.org\/ayuntamiento\/identificados-y-sancionados-3-vecinos-de-caudete-por-vertidos-ilegales\/#breadcrumb","itemListElement":[{"@type":"ListItem","position":1,"name":"Inicio","item":"https:\/\/www.caudete.org\/ayuntamiento\/"},{"@type":"ListItem","position":2,"name":"Identificados y sancionados 3 vecinos de Caudete por vertidos ilegales"}]},{"@type":"WebSite","@id":"https:\/\/www.caudete.org\/ayuntamiento\/#website","url":"https:\/\/www.caudete.org\/ayuntamiento\/","name":"MI Ayuntamiento de Caudete","description":"P\u00e1gina Oficial del MI Ayuntamiento de Caudete","potentialAction":[{"@type":"SearchAction","target":{"@type":"EntryPoint","urlTemplate":"https:\/\/www.caudete.org\/ayuntamiento\/?s={search_term_string}"},"query-input":{"@type":"PropertyValueSpecification","valueRequired":true,"valueName":"search_term_string"}}],"inLanguage":"es"},{"@type":"Person","@id":"https:\/\/www.caudete.org\/ayuntamiento\/#\/schema\/person\/4b9eab41761957db9b1bf9c418d1ef46","name":"Dpto Informatica MI Ayuntamiento de Caudete","image":{"@type":"ImageObject","inLanguage":"es","@id":"https:\/\/secure.gravatar.com\/avatar\/ac0321ee4a0a83e82a253e7b2d348ef539e2c8fe16d06b600bde04de1b364fa7?s=96&d=mm&r=g","url":"https:\/\/secure.gravatar.com\/avatar\/ac0321ee4a0a83e82a253e7b2d348ef539e2c8fe16d06b600bde04de1b364fa7?s=96&d=mm&r=g","contentUrl":"https:\/\/secure.gravatar.com\/avatar\/ac0321ee4a0a83e82a253e7b2d348ef539e2c8fe16d06b600bde04de1b364fa7?s=96&d=mm&r=g","caption":"Dpto Informatica MI Ayuntamiento de Caudete"},"url":"https:\/\/www.caudete.org\/ayuntamiento\/author\/informatica\/"}]}},"_links":{"self":[{"href":"https:\/\/www.caudete.org\/ayuntamiento\/wp-json\/wp\/v2\/posts\/27287","targetHints":{"allow":["GET"]}}],"collection":[{"href":"https:\/\/www.caudete.org\/ayuntamiento\/wp-json\/wp\/v2\/posts"}],"about":[{"href":"https:\/\/www.caudete.org\/ayuntamiento\/wp-json\/wp\/v2\/types\/post"}],"author":[{"embeddable":true,"href":"https:\/\/www.caudete.org\/ayuntamiento\/wp-json\/wp\/v2\/users\/5"}],"replies":[{"embeddable":true,"href":"https:\/\/www.caudete.org\/ayuntamiento\/wp-json\/wp\/v2\/comments?post=27287"}],"version-history":[{"count":4,"href":"https:\/\/www.caudete.org\/ayuntamiento\/wp-json\/wp\/v2\/posts\/27287\/revisions"}],"predecessor-version":[{"id":27297,"href":"https:\/\/www.caudete.org\/ayuntamiento\/wp-json\/wp\/v2\/posts\/27287\/revisions\/27297"}],"wp:featuredmedia":[{"embeddable":true,"href":"https:\/\/www.caudete.org\/ayuntamiento\/wp-json\/wp\/v2\/media\/27288"}],"wp:attachment":[{"href":"https:\/\/www.caudete.org\/ayuntamiento\/wp-json\/wp\/v2\/media?parent=27287"}],"wp:term":[{"taxonomy":"category","embeddable":true,"href":"https:\/\/www.caudete.org\/ayuntamiento\/wp-json\/wp\/v2\/categories?post=27287"},{"taxonomy":"post_tag","embeddable":true,"href":"https:\/\/www.caudete.org\/ayuntamiento\/wp-json\/wp\/v2\/tags?post=27287"}],"curies":[{"name":"wp","href":"https:\/\/api.w.org\/{rel}","templated":true}]}}