{"id":27299,"date":"2025-01-27T14:39:35","date_gmt":"2025-01-27T13:39:35","guid":{"rendered":"https:\/\/www.caudete.org\/ayuntamiento\/?p=27299"},"modified":"2025-02-14T10:12:32","modified_gmt":"2025-02-14T09:12:32","slug":"oferta-de-curso-de-formador-de-formadores","status":"publish","type":"post","link":"https:\/\/www.caudete.org\/ayuntamiento\/oferta-de-curso-de-formador-de-formadores\/","title":{"rendered":"Oferta de curso de Formador de formadores &#8220;HABILITACI\u00d3N PARA LA DOCENCIA EN GRADOS A, B Y C&#8221;"},"content":{"rendered":"<p align=\"justify\"><span style=\"font-family: Arial, sans-serif;\"><span style=\"font-size: large;\">Desde la Concejal\u00eda de Promoci\u00f3n y Desarrollo Local, a trav\u00e9s de su \u00e1rea de Formaci\u00f3n, se informa de la realizaci\u00f3n del curso denominado<\/span> <span style=\"font-size: large;\"><b>\u201cHABILITACI\u00d3N PARA LA DOCENCIA EN GRADOS A, B Y C DEL SISTEMA <\/b><\/span><span style=\"font-size: large;\"><b>DE FORMACI\u00d3N PROFESIONAL\u201d <\/b><\/span><span style=\"font-size: large;\">el cual conlleva la obtenci\u00f3n de Certificado de profesionalidad correspondiente tras la finalizaci\u00f3n del mismo.<\/span><\/span><\/p>\n<p align=\"justify\"><span style=\"font-family: Arial, sans-serif;\"><span style=\"font-size: large;\">Este curso se impartir\u00e1 en el <\/span><span style=\"font-size: large;\"><i>Centro de Formaci\u00f3n<\/i><\/span><span style=\"font-size: large;\"> durante los meses de <\/span><span style=\"font-size: large;\"><b>marzo a julio de 2025.<\/b><\/span><\/span><\/p>\n<p align=\"justify\"><span style=\"font-family: Arial, sans-serif;\"><span style=\"font-size: large;\"><span style=\"color: #383838;\">Este certificado acredita al alumnado con los conocimientos necesarios para impartir formaci\u00f3n no <\/span><span style=\"color: #383838;\">reglada, formaci\u00f3n profesional para el empleo (FPE), formaci\u00f3n bonificada y formaci\u00f3n de car\u00e1cter privado.<\/span><\/span><\/span><\/p>\n<p align=\"justify\"><span style=\"color: #383838;\"><span style=\"font-family: Arial, sans-serif;\"><span style=\"font-size: large;\">Con este certificado, se adquieren habilidades para programar, impartir, llevar tutor\u00edas y evaluar acciones formativas dentro del subsistema de formaci\u00f3n profesional para el empleo.<\/span><\/span><\/span><\/p>\n<p align=\"justify\"><span style=\"color: #383838;\"><span style=\"font-family: Arial, sans-serif;\"><span style=\"font-size: large;\">Se aprende a elaborar y utilizar materiales, medios y recursos did\u00e1cticos, as\u00ed como a orientar sobre los itinerarios formativos y salidas profesionales en la especialidad correspondiente.<\/span><\/span><\/span><\/p>\n<p align=\"justify\"><span style=\"font-family: Arial, sans-serif;\"><span style=\"font-size: large;\"><span style=\"color: #000000;\">Adem\u00e1s t<\/span><span style=\"color: #000000;\">a<\/span><span style=\"color: #000000;\">mbi<\/span><span style=\"color: #000000;\">\u00e9<\/span><span style=\"color: #000000;\">n se impartir\u00e1n los siguientes m\u00f3dulos:<\/span> <\/span><\/span><\/p>\n<p align=\"justify\"><span style=\"color: #000000;\">\u201c<span style=\"font-family: Arial, sans-serif;\"><span style=\"font-size: large;\"><b>B\u00c1SICO DE PREVENCI\u00d3N DE RIESGOS LABORALES\u201d<\/b><\/span><\/span><\/span><\/p>\n<p align=\"justify\"><span style=\"color: #000000;\">\u201c<span style=\"font-family: Arial, sans-serif;\"><span style=\"font-size: large;\"><b>HABILIDADES Y HERRAMIENTAS PARA LA MEJORA PROFESIONAL\u201d<\/b><\/span><\/span><\/span><\/p>\n<p align=\"justify\"><span style=\"color: #000000;\"><span style=\"font-family: Arial, sans-serif;\"><span style=\"font-size: large;\"><b>Requisitos:<\/b><\/span><\/span><\/span><\/p>\n<p align=\"justify\"><span style=\"color: #000000;\">\u2022 <\/span><span style=\"font-family: Arial, sans-serif;\"><span style=\"font-size: large;\"><span style=\"color: #000000;\"><b>estar inscrito, al inicio de la formaci\u00f3n como desempleadas en alguna de las oficinas que forman parte de la red de Oficinas Emplea de Castilla-La Mancha<\/b><\/span><\/span><\/span><\/p>\n<p align=\"justify\"><span style=\"color: #000000;\">\u2022 <\/span><span style=\"font-family: Arial, sans-serif;\"><span style=\"font-size: large;\"><span style=\"color: #000000;\"><b>Personas trabajadoras, con un porcentaje m\u00e1ximo del 30%, que habiten o trabajen en Castilla -La Mancha.<\/b><\/span><\/span><\/span><\/p>\n<p align=\"justify\"><span style=\"color: #000000;\"><span style=\"font-family: Arial, sans-serif;\"><span style=\"font-size: large;\"><b>IMPORTANTE:<\/b><\/span><\/span><\/span><\/p>\n<p align=\"justify\"><span style=\"font-family: Arial, sans-serif;\"><span style=\"font-size: large;\"><span style=\"color: #000000;\"><b>La Selecci\u00f3n ser\u00e1 el <\/b><\/span><span style=\"color: #000000;\"><u><b>d\u00eda 13 de Febrero<\/b><\/u><\/span><\/span><\/span><\/p>\n<p align=\"justify\"><span style=\"font-family: Arial, sans-serif;\"><span style=\"font-size: large;\"><span style=\"color: #000000;\"><b>Para poder participar en las acciones formativas, deber\u00e1n cumplimentar la solicitud de <\/b><\/span><span style=\"color: #000000;\"><b>inscripci\u00f3n durante el mes anterior a la fecha de selecci\u00f3n del curso, <\/b><\/span><span style=\"color: #000000;\">present\u00e1ndola de acuerdo con las siguientes modalidades:<\/span><\/span><\/span><\/p>\n<p align=\"justify\"><span style=\"font-family: Arial, sans-serif;\"><span style=\"font-size: large;\"><span style=\"color: #000000;\">a) <\/span><span style=\"color: #000000;\"><u>Preferentemente de forma telem\u00e1tica con firma electr\u00f3nica<\/u><\/span><span style=\"color: #000000;\">, a trav\u00e9s del formulario incluido en la sede electr\u00f3nica de la Administraci\u00f3n de la Junta de Comunidades de Castilla-La Mancha (<\/span><a href=\"https:\/\/www.jccm.es\/\" target=\"_blank\" rel=\"nofollow\"><span style=\"color: #000081;\">https:\/\/www.jccm.es<\/span><\/a><span style=\"color: #000000;\">).<\/span><\/span><\/span><\/p>\n<p align=\"justify\"><span style=\"color: #000000;\"><span style=\"font-family: Arial, sans-serif;\"><span style=\"font-size: large;\">b) Mediante su presentaci\u00f3n en el Registro de la Consejer\u00eda competente en materia de formaci\u00f3n profesional para el empleo en el \u00e1mbito laboral, en sus Delegaciones Provinciales o en cualquiera de los registros y por los medios previstos en el art. 16.4 de la Ley 39\/2015, de 1 de octubre, del<\/span><\/span><\/span><\/p>\n<p align=\"justify\"><span style=\"color: #000000;\"><span style=\"font-family: Arial, sans-serif;\"><span style=\"font-size: large;\">Procedimiento Administrativo Com\u00fan de las Administraciones P\u00fablicas.<\/span><\/span><\/span><\/p>\n<p align=\"justify\"><span style=\"font-family: Arial, sans-serif;\"><span style=\"font-size: large;\"><span style=\"color: #000000;\">La informaci\u00f3n sobre la oferta formativa y las condiciones de solicitud se encontrar\u00e1n actualizadas y a disposici\u00f3n de las personas interesadas en la p\u00e1gina web de la Consejer\u00eda competente en materia de formaci\u00f3n profesional para <\/span><span style=\"color: #000000;\"><b>el empleo en el \u00e1mbito laboral (http:\/\/empleoyformacion.jccm.es\/ )<\/b><\/span><\/span><\/span><\/p>\n<p align=\"justify\"><span style=\"color: #000000;\"><span style=\"font-family: Arial, sans-serif;\"><span style=\"font-size: large;\"><b>Informaci\u00f3n:<\/b><\/span><\/span><\/span><\/p>\n<p align=\"justify\"><span style=\"color: #000000;\"><span style=\"font-family: Arial, sans-serif;\"><span style=\"font-size: large;\"><b>Ayuntamiento de Caudete.<\/b><\/span><\/span><\/span><\/p>\n<p align=\"justify\"><span style=\"color: #000000;\"><span style=\"font-family: Arial, sans-serif;\"><span style=\"font-size: large;\"><b>965827000 ext. 700<\/b><\/span><\/span><\/span><\/p>\n<p align=\"justify\"><span style=\"color: #000000;\"><span style=\"font-family: Arial, sans-serif;\"><span style=\"font-size: large;\"><b>administracion@formacion.caudete.org<\/b><\/span><\/span><\/span><\/p>\n<p align=\"justify\"><a href=\"https:\/\/www.caudete.org\/ayuntamiento\/wp-content\/uploads\/2025\/01\/Cartel-1.jpg\" rel='prettyPhoto'><img fetchpriority=\"high\" decoding=\"async\" class=\"alignnone size-full wp-image-27304\" src=\"https:\/\/www.caudete.org\/ayuntamiento\/wp-content\/uploads\/2025\/01\/Cartel-1.jpg\" alt=\"\" width=\"707\" height=\"1000\" srcset=\"https:\/\/www.caudete.org\/ayuntamiento\/wp-content\/uploads\/2025\/01\/Cartel-1.jpg 707w, https:\/\/www.caudete.org\/ayuntamiento\/wp-content\/uploads\/2025\/01\/Cartel-1-212x300.jpg 212w\" sizes=\"(max-width: 707px) 100vw, 707px\" \/><\/a><\/p>\n<p align=\"justify\"><a href=\"https:\/\/www.caudete.org\/ayuntamiento\/wp-content\/uploads\/2025\/01\/cartel2.jpg\" rel='prettyPhoto'><img decoding=\"async\" class=\"alignnone size-full wp-image-27300\" src=\"https:\/\/www.caudete.org\/ayuntamiento\/wp-content\/uploads\/2025\/01\/cartel2.jpg\" alt=\"\" width=\"842\" height=\"789\" srcset=\"https:\/\/www.caudete.org\/ayuntamiento\/wp-content\/uploads\/2025\/01\/cartel2.jpg 842w, https:\/\/www.caudete.org\/ayuntamiento\/wp-content\/uploads\/2025\/01\/cartel2-300x281.jpg 300w, https:\/\/www.caudete.org\/ayuntamiento\/wp-content\/uploads\/2025\/01\/cartel2-768x720.jpg 768w\" sizes=\"(max-width: 842px) 100vw, 842px\" \/><\/a><\/p>\n","protected":false},"excerpt":{"rendered":"<p>Desde la Concejal\u00eda de Promoci\u00f3n y Desarrollo Local, a trav\u00e9s de su \u00e1rea de Formaci\u00f3n, se informa de la realizaci\u00f3n del curso denominado \u201cHABILITACI\u00d3N PARA LA DOCENCIA EN GRADOS A, B Y C DEL SISTEMA DE FORMACI\u00d3N PROFESIONAL\u201d el cual conlleva la obtenci\u00f3n de Certificado de profesionalidad correspondiente tras la finalizaci\u00f3n del mismo. Este curso &hellip;<\/p>\n","protected":false},"author":5,"featured_media":27306,"comment_status":"closed","ping_status":"open","sticky":false,"template":"","format":"standard","meta":{"ngg_post_thumbnail":0,"footnotes":""},"categories":[87,850],"tags":[],"class_list":["post-27299","post","type-post","status-publish","format-standard","has-post-thumbnail","hentry","category-desarrollo-local","category-educacion-y-formacion"],"yoast_head":"<!-- This site is optimized with the Yoast SEO plugin v27.4 - https:\/\/yoast.com\/product\/yoast-seo-wordpress\/ -->\n<title>Oferta de curso de Formador de formadores &quot;HABILITACI\u00d3N PARA LA DOCENCIA EN GRADOS A, B Y C&quot; - MI Ayuntamiento de Caudete<\/title>\n<meta name=\"description\" content=\"P\u00e1gina Oficial del Ayuntamiento de Caudete (Albacete)\" \/>\n<meta name=\"robots\" content=\"index, follow, max-snippet:-1, max-image-preview:large, max-video-preview:-1\" \/>\n<link rel=\"canonical\" href=\"https:\/\/www.caudete.org\/ayuntamiento\/oferta-de-curso-de-formador-de-formadores\/\" \/>\n<meta property=\"og:locale\" content=\"es_ES\" \/>\n<meta property=\"og:type\" content=\"article\" \/>\n<meta property=\"og:title\" content=\"Oferta de curso de Formador de formadores &quot;HABILITACI\u00d3N PARA LA DOCENCIA EN GRADOS A, B Y C&quot; - MI Ayuntamiento de Caudete\" \/>\n<meta property=\"og:description\" content=\"P\u00e1gina Oficial del Ayuntamiento de Caudete (Albacete)\" \/>\n<meta property=\"og:url\" content=\"https:\/\/www.caudete.org\/ayuntamiento\/oferta-de-curso-de-formador-de-formadores\/\" \/>\n<meta property=\"og:site_name\" content=\"MI Ayuntamiento de Caudete\" \/>\n<meta property=\"article:publisher\" content=\"https:\/\/www.facebook.com\/ayuntamientocaudete\/\" \/>\n<meta property=\"article:published_time\" content=\"2025-01-27T13:39:35+00:00\" \/>\n<meta property=\"article:modified_time\" content=\"2025-02-14T09:12:32+00:00\" \/>\n<meta property=\"og:image\" content=\"https:\/\/www.caudete.org\/ayuntamiento\/wp-content\/uploads\/2025\/01\/Cartel-1-port.jpg\" \/>\n\t<meta property=\"og:image:width\" content=\"707\" \/>\n\t<meta property=\"og:image:height\" content=\"465\" \/>\n\t<meta property=\"og:image:type\" content=\"image\/jpeg\" \/>\n<meta name=\"author\" content=\"Dpto Informatica MI Ayuntamiento de Caudete\" \/>\n<meta name=\"twitter:card\" content=\"summary_large_image\" \/>\n<meta name=\"twitter:label1\" content=\"Escrito por\" \/>\n\t<meta name=\"twitter:data1\" content=\"Dpto Informatica MI Ayuntamiento de Caudete\" \/>\n\t<meta name=\"twitter:label2\" content=\"Tiempo de lectura\" \/>\n\t<meta name=\"twitter:data2\" content=\"3 minutos\" \/>\n<script type=\"application\/ld+json\" class=\"yoast-schema-graph\">{\"@context\":\"https:\\\/\\\/schema.org\",\"@graph\":[{\"@type\":\"Article\",\"@id\":\"https:\\\/\\\/www.caudete.org\\\/ayuntamiento\\\/oferta-de-curso-de-formador-de-formadores\\\/#article\",\"isPartOf\":{\"@id\":\"https:\\\/\\\/www.caudete.org\\\/ayuntamiento\\\/oferta-de-curso-de-formador-de-formadores\\\/\"},\"author\":{\"name\":\"Dpto Informatica MI Ayuntamiento de Caudete\",\"@id\":\"https:\\\/\\\/www.caudete.org\\\/ayuntamiento\\\/#\\\/schema\\\/person\\\/4b9eab41761957db9b1bf9c418d1ef46\"},\"headline\":\"Oferta de curso de Formador de formadores &#8220;HABILITACI\u00d3N PARA LA DOCENCIA EN GRADOS A, B Y C&#8221;\",\"datePublished\":\"2025-01-27T13:39:35+00:00\",\"dateModified\":\"2025-02-14T09:12:32+00:00\",\"mainEntityOfPage\":{\"@id\":\"https:\\\/\\\/www.caudete.org\\\/ayuntamiento\\\/oferta-de-curso-de-formador-de-formadores\\\/\"},\"wordCount\":458,\"publisher\":{\"@id\":\"https:\\\/\\\/www.caudete.org\\\/ayuntamiento\\\/#organization\"},\"image\":{\"@id\":\"https:\\\/\\\/www.caudete.org\\\/ayuntamiento\\\/oferta-de-curso-de-formador-de-formadores\\\/#primaryimage\"},\"thumbnailUrl\":\"https:\\\/\\\/www.caudete.org\\\/ayuntamiento\\\/wp-content\\\/uploads\\\/2025\\\/01\\\/Cartel-1-port.jpg\",\"articleSection\":[\"Desarrollo Local\",\"Educaci\u00f3n y Formaci\u00f3n\"],\"inLanguage\":\"es\"},{\"@type\":\"WebPage\",\"@id\":\"https:\\\/\\\/www.caudete.org\\\/ayuntamiento\\\/oferta-de-curso-de-formador-de-formadores\\\/\",\"url\":\"https:\\\/\\\/www.caudete.org\\\/ayuntamiento\\\/oferta-de-curso-de-formador-de-formadores\\\/\",\"name\":\"Oferta de curso de Formador de formadores \\\"HABILITACI\u00d3N PARA LA DOCENCIA EN GRADOS A, B Y C\\\" - MI Ayuntamiento de Caudete\",\"isPartOf\":{\"@id\":\"https:\\\/\\\/www.caudete.org\\\/ayuntamiento\\\/#website\"},\"primaryImageOfPage\":{\"@id\":\"https:\\\/\\\/www.caudete.org\\\/ayuntamiento\\\/oferta-de-curso-de-formador-de-formadores\\\/#primaryimage\"},\"image\":{\"@id\":\"https:\\\/\\\/www.caudete.org\\\/ayuntamiento\\\/oferta-de-curso-de-formador-de-formadores\\\/#primaryimage\"},\"thumbnailUrl\":\"https:\\\/\\\/www.caudete.org\\\/ayuntamiento\\\/wp-content\\\/uploads\\\/2025\\\/01\\\/Cartel-1-port.jpg\",\"datePublished\":\"2025-01-27T13:39:35+00:00\",\"dateModified\":\"2025-02-14T09:12:32+00:00\",\"description\":\"P\u00e1gina Oficial del Ayuntamiento de Caudete (Albacete)\",\"breadcrumb\":{\"@id\":\"https:\\\/\\\/www.caudete.org\\\/ayuntamiento\\\/oferta-de-curso-de-formador-de-formadores\\\/#breadcrumb\"},\"inLanguage\":\"es\",\"potentialAction\":[{\"@type\":\"ReadAction\",\"target\":[\"https:\\\/\\\/www.caudete.org\\\/ayuntamiento\\\/oferta-de-curso-de-formador-de-formadores\\\/\"]}]},{\"@type\":\"ImageObject\",\"inLanguage\":\"es\",\"@id\":\"https:\\\/\\\/www.caudete.org\\\/ayuntamiento\\\/oferta-de-curso-de-formador-de-formadores\\\/#primaryimage\",\"url\":\"https:\\\/\\\/www.caudete.org\\\/ayuntamiento\\\/wp-content\\\/uploads\\\/2025\\\/01\\\/Cartel-1-port.jpg\",\"contentUrl\":\"https:\\\/\\\/www.caudete.org\\\/ayuntamiento\\\/wp-content\\\/uploads\\\/2025\\\/01\\\/Cartel-1-port.jpg\",\"width\":707,\"height\":465},{\"@type\":\"BreadcrumbList\",\"@id\":\"https:\\\/\\\/www.caudete.org\\\/ayuntamiento\\\/oferta-de-curso-de-formador-de-formadores\\\/#breadcrumb\",\"itemListElement\":[{\"@type\":\"ListItem\",\"position\":1,\"name\":\"Inicio\",\"item\":\"https:\\\/\\\/www.caudete.org\\\/ayuntamiento\\\/\"},{\"@type\":\"ListItem\",\"position\":2,\"name\":\"Oferta de curso de Formador de formadores &#8220;HABILITACI\u00d3N PARA LA DOCENCIA EN GRADOS A, B Y C&#8221;\"}]},{\"@type\":\"WebSite\",\"@id\":\"https:\\\/\\\/www.caudete.org\\\/ayuntamiento\\\/#website\",\"url\":\"https:\\\/\\\/www.caudete.org\\\/ayuntamiento\\\/\",\"name\":\"MI Ayuntamiento de Caudete\",\"description\":\"P\u00e1gina Oficial del MI Ayuntamiento de Caudete\",\"publisher\":{\"@id\":\"https:\\\/\\\/www.caudete.org\\\/ayuntamiento\\\/#organization\"},\"potentialAction\":[{\"@type\":\"SearchAction\",\"target\":{\"@type\":\"EntryPoint\",\"urlTemplate\":\"https:\\\/\\\/www.caudete.org\\\/ayuntamiento\\\/?s={search_term_string}\"},\"query-input\":{\"@type\":\"PropertyValueSpecification\",\"valueRequired\":true,\"valueName\":\"search_term_string\"}}],\"inLanguage\":\"es\"},{\"@type\":\"Organization\",\"@id\":\"https:\\\/\\\/www.caudete.org\\\/ayuntamiento\\\/#organization\",\"name\":\"Ayuntamiento de Caudete\",\"url\":\"https:\\\/\\\/www.caudete.org\\\/ayuntamiento\\\/\",\"logo\":{\"@type\":\"ImageObject\",\"inLanguage\":\"es\",\"@id\":\"https:\\\/\\\/www.caudete.org\\\/ayuntamiento\\\/#\\\/schema\\\/logo\\\/image\\\/\",\"url\":\"https:\\\/\\\/www.caudete.org\\\/ayuntamiento\\\/wp-content\\\/uploads\\\/2020\\\/11\\\/logo_ayuntamiento_caudete.jpg\",\"contentUrl\":\"https:\\\/\\\/www.caudete.org\\\/ayuntamiento\\\/wp-content\\\/uploads\\\/2020\\\/11\\\/logo_ayuntamiento_caudete.jpg\",\"width\":600,\"height\":150,\"caption\":\"Ayuntamiento de Caudete\"},\"image\":{\"@id\":\"https:\\\/\\\/www.caudete.org\\\/ayuntamiento\\\/#\\\/schema\\\/logo\\\/image\\\/\"},\"sameAs\":[\"https:\\\/\\\/www.facebook.com\\\/ayuntamientocaudete\\\/\",\"https:\\\/\\\/www.youtube.com\\\/channel\\\/UC6VztHaooNsGpw-tNoBEFnQ\"]},{\"@type\":\"Person\",\"@id\":\"https:\\\/\\\/www.caudete.org\\\/ayuntamiento\\\/#\\\/schema\\\/person\\\/4b9eab41761957db9b1bf9c418d1ef46\",\"name\":\"Dpto Informatica MI Ayuntamiento de Caudete\",\"image\":{\"@type\":\"ImageObject\",\"inLanguage\":\"es\",\"@id\":\"https:\\\/\\\/secure.gravatar.com\\\/avatar\\\/ac0321ee4a0a83e82a253e7b2d348ef539e2c8fe16d06b600bde04de1b364fa7?s=96&d=mm&r=g\",\"url\":\"https:\\\/\\\/secure.gravatar.com\\\/avatar\\\/ac0321ee4a0a83e82a253e7b2d348ef539e2c8fe16d06b600bde04de1b364fa7?s=96&d=mm&r=g\",\"contentUrl\":\"https:\\\/\\\/secure.gravatar.com\\\/avatar\\\/ac0321ee4a0a83e82a253e7b2d348ef539e2c8fe16d06b600bde04de1b364fa7?s=96&d=mm&r=g\",\"caption\":\"Dpto Informatica MI Ayuntamiento de Caudete\"},\"url\":\"https:\\\/\\\/www.caudete.org\\\/ayuntamiento\\\/author\\\/informatica\\\/\"}]}<\/script>\n<!-- \/ Yoast SEO plugin. -->","yoast_head_json":{"title":"Oferta de curso de Formador de formadores \"HABILITACI\u00d3N PARA LA DOCENCIA EN GRADOS A, B Y C\" - MI Ayuntamiento de Caudete","description":"P\u00e1gina Oficial del Ayuntamiento de Caudete (Albacete)","robots":{"index":"index","follow":"follow","max-snippet":"max-snippet:-1","max-image-preview":"max-image-preview:large","max-video-preview":"max-video-preview:-1"},"canonical":"https:\/\/www.caudete.org\/ayuntamiento\/oferta-de-curso-de-formador-de-formadores\/","og_locale":"es_ES","og_type":"article","og_title":"Oferta de curso de Formador de formadores \"HABILITACI\u00d3N PARA LA DOCENCIA EN GRADOS A, B Y C\" - MI Ayuntamiento de Caudete","og_description":"P\u00e1gina Oficial del Ayuntamiento de Caudete (Albacete)","og_url":"https:\/\/www.caudete.org\/ayuntamiento\/oferta-de-curso-de-formador-de-formadores\/","og_site_name":"MI Ayuntamiento de Caudete","article_publisher":"https:\/\/www.facebook.com\/ayuntamientocaudete\/","article_published_time":"2025-01-27T13:39:35+00:00","article_modified_time":"2025-02-14T09:12:32+00:00","og_image":[{"width":707,"height":465,"url":"https:\/\/www.caudete.org\/ayuntamiento\/wp-content\/uploads\/2025\/01\/Cartel-1-port.jpg","type":"image\/jpeg"}],"author":"Dpto Informatica MI Ayuntamiento de Caudete","twitter_card":"summary_large_image","twitter_misc":{"Escrito por":"Dpto Informatica MI Ayuntamiento de Caudete","Tiempo de lectura":"3 minutos"},"schema":{"@context":"https:\/\/schema.org","@graph":[{"@type":"Article","@id":"https:\/\/www.caudete.org\/ayuntamiento\/oferta-de-curso-de-formador-de-formadores\/#article","isPartOf":{"@id":"https:\/\/www.caudete.org\/ayuntamiento\/oferta-de-curso-de-formador-de-formadores\/"},"author":{"name":"Dpto Informatica MI Ayuntamiento de Caudete","@id":"https:\/\/www.caudete.org\/ayuntamiento\/#\/schema\/person\/4b9eab41761957db9b1bf9c418d1ef46"},"headline":"Oferta de curso de Formador de formadores &#8220;HABILITACI\u00d3N PARA LA DOCENCIA EN GRADOS A, B Y C&#8221;","datePublished":"2025-01-27T13:39:35+00:00","dateModified":"2025-02-14T09:12:32+00:00","mainEntityOfPage":{"@id":"https:\/\/www.caudete.org\/ayuntamiento\/oferta-de-curso-de-formador-de-formadores\/"},"wordCount":458,"publisher":{"@id":"https:\/\/www.caudete.org\/ayuntamiento\/#organization"},"image":{"@id":"https:\/\/www.caudete.org\/ayuntamiento\/oferta-de-curso-de-formador-de-formadores\/#primaryimage"},"thumbnailUrl":"https:\/\/www.caudete.org\/ayuntamiento\/wp-content\/uploads\/2025\/01\/Cartel-1-port.jpg","articleSection":["Desarrollo Local","Educaci\u00f3n y Formaci\u00f3n"],"inLanguage":"es"},{"@type":"WebPage","@id":"https:\/\/www.caudete.org\/ayuntamiento\/oferta-de-curso-de-formador-de-formadores\/","url":"https:\/\/www.caudete.org\/ayuntamiento\/oferta-de-curso-de-formador-de-formadores\/","name":"Oferta de curso de Formador de formadores \"HABILITACI\u00d3N PARA LA DOCENCIA EN GRADOS A, B Y C\" - MI Ayuntamiento de Caudete","isPartOf":{"@id":"https:\/\/www.caudete.org\/ayuntamiento\/#website"},"primaryImageOfPage":{"@id":"https:\/\/www.caudete.org\/ayuntamiento\/oferta-de-curso-de-formador-de-formadores\/#primaryimage"},"image":{"@id":"https:\/\/www.caudete.org\/ayuntamiento\/oferta-de-curso-de-formador-de-formadores\/#primaryimage"},"thumbnailUrl":"https:\/\/www.caudete.org\/ayuntamiento\/wp-content\/uploads\/2025\/01\/Cartel-1-port.jpg","datePublished":"2025-01-27T13:39:35+00:00","dateModified":"2025-02-14T09:12:32+00:00","description":"P\u00e1gina Oficial del Ayuntamiento de Caudete (Albacete)","breadcrumb":{"@id":"https:\/\/www.caudete.org\/ayuntamiento\/oferta-de-curso-de-formador-de-formadores\/#breadcrumb"},"inLanguage":"es","potentialAction":[{"@type":"ReadAction","target":["https:\/\/www.caudete.org\/ayuntamiento\/oferta-de-curso-de-formador-de-formadores\/"]}]},{"@type":"ImageObject","inLanguage":"es","@id":"https:\/\/www.caudete.org\/ayuntamiento\/oferta-de-curso-de-formador-de-formadores\/#primaryimage","url":"https:\/\/www.caudete.org\/ayuntamiento\/wp-content\/uploads\/2025\/01\/Cartel-1-port.jpg","contentUrl":"https:\/\/www.caudete.org\/ayuntamiento\/wp-content\/uploads\/2025\/01\/Cartel-1-port.jpg","width":707,"height":465},{"@type":"BreadcrumbList","@id":"https:\/\/www.caudete.org\/ayuntamiento\/oferta-de-curso-de-formador-de-formadores\/#breadcrumb","itemListElement":[{"@type":"ListItem","position":1,"name":"Inicio","item":"https:\/\/www.caudete.org\/ayuntamiento\/"},{"@type":"ListItem","position":2,"name":"Oferta de curso de Formador de formadores &#8220;HABILITACI\u00d3N PARA LA DOCENCIA EN GRADOS A, B Y C&#8221;"}]},{"@type":"WebSite","@id":"https:\/\/www.caudete.org\/ayuntamiento\/#website","url":"https:\/\/www.caudete.org\/ayuntamiento\/","name":"MI Ayuntamiento de Caudete","description":"P\u00e1gina Oficial del MI Ayuntamiento de Caudete","publisher":{"@id":"https:\/\/www.caudete.org\/ayuntamiento\/#organization"},"potentialAction":[{"@type":"SearchAction","target":{"@type":"EntryPoint","urlTemplate":"https:\/\/www.caudete.org\/ayuntamiento\/?s={search_term_string}"},"query-input":{"@type":"PropertyValueSpecification","valueRequired":true,"valueName":"search_term_string"}}],"inLanguage":"es"},{"@type":"Organization","@id":"https:\/\/www.caudete.org\/ayuntamiento\/#organization","name":"Ayuntamiento de Caudete","url":"https:\/\/www.caudete.org\/ayuntamiento\/","logo":{"@type":"ImageObject","inLanguage":"es","@id":"https:\/\/www.caudete.org\/ayuntamiento\/#\/schema\/logo\/image\/","url":"https:\/\/www.caudete.org\/ayuntamiento\/wp-content\/uploads\/2020\/11\/logo_ayuntamiento_caudete.jpg","contentUrl":"https:\/\/www.caudete.org\/ayuntamiento\/wp-content\/uploads\/2020\/11\/logo_ayuntamiento_caudete.jpg","width":600,"height":150,"caption":"Ayuntamiento de Caudete"},"image":{"@id":"https:\/\/www.caudete.org\/ayuntamiento\/#\/schema\/logo\/image\/"},"sameAs":["https:\/\/www.facebook.com\/ayuntamientocaudete\/","https:\/\/www.youtube.com\/channel\/UC6VztHaooNsGpw-tNoBEFnQ"]},{"@type":"Person","@id":"https:\/\/www.caudete.org\/ayuntamiento\/#\/schema\/person\/4b9eab41761957db9b1bf9c418d1ef46","name":"Dpto Informatica MI Ayuntamiento de Caudete","image":{"@type":"ImageObject","inLanguage":"es","@id":"https:\/\/secure.gravatar.com\/avatar\/ac0321ee4a0a83e82a253e7b2d348ef539e2c8fe16d06b600bde04de1b364fa7?s=96&d=mm&r=g","url":"https:\/\/secure.gravatar.com\/avatar\/ac0321ee4a0a83e82a253e7b2d348ef539e2c8fe16d06b600bde04de1b364fa7?s=96&d=mm&r=g","contentUrl":"https:\/\/secure.gravatar.com\/avatar\/ac0321ee4a0a83e82a253e7b2d348ef539e2c8fe16d06b600bde04de1b364fa7?s=96&d=mm&r=g","caption":"Dpto Informatica MI Ayuntamiento de Caudete"},"url":"https:\/\/www.caudete.org\/ayuntamiento\/author\/informatica\/"}]}},"_links":{"self":[{"href":"https:\/\/www.caudete.org\/ayuntamiento\/wp-json\/wp\/v2\/posts\/27299","targetHints":{"allow":["GET"]}}],"collection":[{"href":"https:\/\/www.caudete.org\/ayuntamiento\/wp-json\/wp\/v2\/posts"}],"about":[{"href":"https:\/\/www.caudete.org\/ayuntamiento\/wp-json\/wp\/v2\/types\/post"}],"author":[{"embeddable":true,"href":"https:\/\/www.caudete.org\/ayuntamiento\/wp-json\/wp\/v2\/users\/5"}],"replies":[{"embeddable":true,"href":"https:\/\/www.caudete.org\/ayuntamiento\/wp-json\/wp\/v2\/comments?post=27299"}],"version-history":[{"count":4,"href":"https:\/\/www.caudete.org\/ayuntamiento\/wp-json\/wp\/v2\/posts\/27299\/revisions"}],"predecessor-version":[{"id":27305,"href":"https:\/\/www.caudete.org\/ayuntamiento\/wp-json\/wp\/v2\/posts\/27299\/revisions\/27305"}],"wp:featuredmedia":[{"embeddable":true,"href":"https:\/\/www.caudete.org\/ayuntamiento\/wp-json\/wp\/v2\/media\/27306"}],"wp:attachment":[{"href":"https:\/\/www.caudete.org\/ayuntamiento\/wp-json\/wp\/v2\/media?parent=27299"}],"wp:term":[{"taxonomy":"category","embeddable":true,"href":"https:\/\/www.caudete.org\/ayuntamiento\/wp-json\/wp\/v2\/categories?post=27299"},{"taxonomy":"post_tag","embeddable":true,"href":"https:\/\/www.caudete.org\/ayuntamiento\/wp-json\/wp\/v2\/tags?post=27299"}],"curies":[{"name":"wp","href":"https:\/\/api.w.org\/{rel}","templated":true}]}}