{"id":27315,"date":"2025-01-28T13:39:24","date_gmt":"2025-01-28T12:39:24","guid":{"rendered":"https:\/\/www.caudete.org\/ayuntamiento\/?p=27315"},"modified":"2025-01-28T13:39:24","modified_gmt":"2025-01-28T12:39:24","slug":"convocada-una-bolsa-de-trabajo-de-conserje-pudiendo-presentar-solicitudes-hasta-el-lunes-3-febrero","status":"publish","type":"post","link":"https:\/\/www.caudete.org\/ayuntamiento\/convocada-una-bolsa-de-trabajo-de-conserje-pudiendo-presentar-solicitudes-hasta-el-lunes-3-febrero\/","title":{"rendered":"Convocada una Bolsa de Trabajo de CONSERJE, pudiendo presentar solicitudes hasta el lunes 3 Febrero"},"content":{"rendered":"<p style=\"text-align: justify;\">Pilar Egea, Concejal de Recursos Humanos informa de la publicaci\u00f3n de las Bases Rectoras y Convocatoria que regir\u00e1n el proceso selectivo para la creaci\u00f3n de una Bolsa de Trabajo de Conserjes.<\/p>\n<p style=\"text-align: justify;\">El plazo de presentaci\u00f3n de solicitudes quedar\u00e1 abierto desde ayer lunes, por un periodo de 5 d\u00edas h\u00e1biles, pudiendo ser\u00a0 consultadas las mismas en el Tabl\u00f3n de Anuncios Municipal, accediendo al enlace siguiente: <a href=\"https:\/\/caudete.sedipualba.es\/tablondeanuncios\/anuncio.aspx?id=60305\" target=\"_blank\" rel=\"nofollow noopener\">ACCEDER AL TABL\u00d3N DE ANUNCIOS<\/a><\/p>\n<p style=\"text-align: justify;\">Entre otros requisitos fijados, cualquier ciudadano con nacionalidad espa\u00f1ola, mayor de 16 a\u00f1os, y en posesi\u00f3n del carnet de conducir B y de certificado de escolaridad puede optar al proceso selectivo, presentando la documentaci\u00f3n establecida y realizando el abono de las tasas aplicables.<\/p>\n<p style=\"text-align: justify;\">Un total de dos ejercicios ser\u00e1n los puntuables en el proceso, tal y como establecen las bases. El primero, una prueba de conocimientos te\u00f3ricos, en cuestionario tipo test, que es obligatorio y eliminatorio. Le seguir\u00e1 un segundo ejercicio, consistente en una prueba de conocimientos pr\u00e1cticos, y que como en el caso anterior, es obligatorio y eliminatorio para quienes no obtengan la calificaci\u00f3n de Apto.<\/p>\n<p style=\"text-align: justify;\">\n","protected":false},"excerpt":{"rendered":"<p>Pilar Egea, Concejal de Recursos Humanos informa de la publicaci\u00f3n de las Bases Rectoras y Convocatoria que regir\u00e1n el proceso selectivo para la creaci\u00f3n de una Bolsa de Trabajo de Conserjes. El plazo de presentaci\u00f3n de solicitudes quedar\u00e1 abierto desde ayer lunes, por un periodo de 5 d\u00edas h\u00e1biles, pudiendo ser\u00a0 consultadas las mismas en &hellip;<\/p>\n","protected":false},"author":3,"featured_media":27316,"comment_status":"closed","ping_status":"open","sticky":false,"template":"","format":"standard","meta":{"ngg_post_thumbnail":0,"footnotes":""},"categories":[33],"tags":[],"class_list":["post-27315","post","type-post","status-publish","format-standard","has-post-thumbnail","hentry","category-recursos-humanos"],"yoast_head":"<!-- This site is optimized with the Yoast SEO plugin v27.5 - https:\/\/yoast.com\/product\/yoast-seo-wordpress\/ -->\n<title>Convocada una Bolsa de Trabajo de CONSERJE, pudiendo presentar solicitudes hasta el lunes 3 Febrero - MI Ayuntamiento de Caudete<\/title>\n<meta name=\"description\" content=\"P\u00e1gina Oficial del Ayuntamiento de Caudete (Albacete)\" \/>\n<meta name=\"robots\" content=\"index, follow, max-snippet:-1, max-image-preview:large, max-video-preview:-1\" \/>\n<link rel=\"canonical\" href=\"https:\/\/www.caudete.org\/ayuntamiento\/convocada-una-bolsa-de-trabajo-de-conserje-pudiendo-presentar-solicitudes-hasta-el-lunes-3-febrero\/\" \/>\n<meta property=\"og:locale\" content=\"es_ES\" \/>\n<meta property=\"og:type\" content=\"article\" \/>\n<meta property=\"og:title\" content=\"Convocada una Bolsa de Trabajo de CONSERJE, pudiendo presentar solicitudes hasta el lunes 3 Febrero - MI Ayuntamiento de Caudete\" \/>\n<meta property=\"og:description\" content=\"P\u00e1gina Oficial del Ayuntamiento de Caudete (Albacete)\" \/>\n<meta property=\"og:url\" content=\"https:\/\/www.caudete.org\/ayuntamiento\/convocada-una-bolsa-de-trabajo-de-conserje-pudiendo-presentar-solicitudes-hasta-el-lunes-3-febrero\/\" \/>\n<meta property=\"og:site_name\" content=\"MI Ayuntamiento de Caudete\" \/>\n<meta property=\"article:publisher\" content=\"https:\/\/www.facebook.com\/ayuntamientocaudete\/\" \/>\n<meta property=\"article:published_time\" content=\"2025-01-28T12:39:24+00:00\" \/>\n<meta property=\"og:image\" content=\"https:\/\/www.caudete.org\/ayuntamiento\/wp-content\/uploads\/2025\/01\/BOLSA-CONSERJES.jpg\" \/>\n\t<meta property=\"og:image:width\" content=\"917\" \/>\n\t<meta property=\"og:image:height\" content=\"717\" \/>\n\t<meta property=\"og:image:type\" content=\"image\/jpeg\" \/>\n<meta name=\"author\" content=\"alcalde\" \/>\n<meta name=\"twitter:card\" content=\"summary_large_image\" \/>\n<meta name=\"twitter:label1\" content=\"Escrito por\" \/>\n\t<meta name=\"twitter:data1\" content=\"alcalde\" \/>\n\t<meta name=\"twitter:label2\" content=\"Tiempo de lectura\" \/>\n\t<meta name=\"twitter:data2\" content=\"2 minutos\" \/>\n<script type=\"application\/ld+json\" class=\"yoast-schema-graph\">{\"@context\":\"https:\\\/\\\/schema.org\",\"@graph\":[{\"@type\":\"Article\",\"@id\":\"https:\\\/\\\/www.caudete.org\\\/ayuntamiento\\\/convocada-una-bolsa-de-trabajo-de-conserje-pudiendo-presentar-solicitudes-hasta-el-lunes-3-febrero\\\/#article\",\"isPartOf\":{\"@id\":\"https:\\\/\\\/www.caudete.org\\\/ayuntamiento\\\/convocada-una-bolsa-de-trabajo-de-conserje-pudiendo-presentar-solicitudes-hasta-el-lunes-3-febrero\\\/\"},\"author\":{\"name\":\"alcalde\",\"@id\":\"https:\\\/\\\/www.caudete.org\\\/ayuntamiento\\\/#\\\/schema\\\/person\\\/cc646da9133078ee4d8dd47457947253\"},\"headline\":\"Convocada una Bolsa de Trabajo de CONSERJE, pudiendo presentar solicitudes hasta el lunes 3 Febrero\",\"datePublished\":\"2025-01-28T12:39:24+00:00\",\"mainEntityOfPage\":{\"@id\":\"https:\\\/\\\/www.caudete.org\\\/ayuntamiento\\\/convocada-una-bolsa-de-trabajo-de-conserje-pudiendo-presentar-solicitudes-hasta-el-lunes-3-febrero\\\/\"},\"wordCount\":204,\"image\":{\"@id\":\"https:\\\/\\\/www.caudete.org\\\/ayuntamiento\\\/convocada-una-bolsa-de-trabajo-de-conserje-pudiendo-presentar-solicitudes-hasta-el-lunes-3-febrero\\\/#primaryimage\"},\"thumbnailUrl\":\"https:\\\/\\\/www.caudete.org\\\/ayuntamiento\\\/wp-content\\\/uploads\\\/2025\\\/01\\\/BOLSA-CONSERJES.jpg\",\"articleSection\":[\"Recursos Humanos\"],\"inLanguage\":\"es\"},{\"@type\":\"WebPage\",\"@id\":\"https:\\\/\\\/www.caudete.org\\\/ayuntamiento\\\/convocada-una-bolsa-de-trabajo-de-conserje-pudiendo-presentar-solicitudes-hasta-el-lunes-3-febrero\\\/\",\"url\":\"https:\\\/\\\/www.caudete.org\\\/ayuntamiento\\\/convocada-una-bolsa-de-trabajo-de-conserje-pudiendo-presentar-solicitudes-hasta-el-lunes-3-febrero\\\/\",\"name\":\"Convocada una Bolsa de Trabajo de CONSERJE, pudiendo presentar solicitudes hasta el lunes 3 Febrero - MI Ayuntamiento de Caudete\",\"isPartOf\":{\"@id\":\"https:\\\/\\\/www.caudete.org\\\/ayuntamiento\\\/#website\"},\"primaryImageOfPage\":{\"@id\":\"https:\\\/\\\/www.caudete.org\\\/ayuntamiento\\\/convocada-una-bolsa-de-trabajo-de-conserje-pudiendo-presentar-solicitudes-hasta-el-lunes-3-febrero\\\/#primaryimage\"},\"image\":{\"@id\":\"https:\\\/\\\/www.caudete.org\\\/ayuntamiento\\\/convocada-una-bolsa-de-trabajo-de-conserje-pudiendo-presentar-solicitudes-hasta-el-lunes-3-febrero\\\/#primaryimage\"},\"thumbnailUrl\":\"https:\\\/\\\/www.caudete.org\\\/ayuntamiento\\\/wp-content\\\/uploads\\\/2025\\\/01\\\/BOLSA-CONSERJES.jpg\",\"datePublished\":\"2025-01-28T12:39:24+00:00\",\"author\":{\"@id\":\"https:\\\/\\\/www.caudete.org\\\/ayuntamiento\\\/#\\\/schema\\\/person\\\/cc646da9133078ee4d8dd47457947253\"},\"description\":\"P\u00e1gina Oficial del Ayuntamiento de Caudete (Albacete)\",\"breadcrumb\":{\"@id\":\"https:\\\/\\\/www.caudete.org\\\/ayuntamiento\\\/convocada-una-bolsa-de-trabajo-de-conserje-pudiendo-presentar-solicitudes-hasta-el-lunes-3-febrero\\\/#breadcrumb\"},\"inLanguage\":\"es\",\"potentialAction\":[{\"@type\":\"ReadAction\",\"target\":[\"https:\\\/\\\/www.caudete.org\\\/ayuntamiento\\\/convocada-una-bolsa-de-trabajo-de-conserje-pudiendo-presentar-solicitudes-hasta-el-lunes-3-febrero\\\/\"]}]},{\"@type\":\"ImageObject\",\"inLanguage\":\"es\",\"@id\":\"https:\\\/\\\/www.caudete.org\\\/ayuntamiento\\\/convocada-una-bolsa-de-trabajo-de-conserje-pudiendo-presentar-solicitudes-hasta-el-lunes-3-febrero\\\/#primaryimage\",\"url\":\"https:\\\/\\\/www.caudete.org\\\/ayuntamiento\\\/wp-content\\\/uploads\\\/2025\\\/01\\\/BOLSA-CONSERJES.jpg\",\"contentUrl\":\"https:\\\/\\\/www.caudete.org\\\/ayuntamiento\\\/wp-content\\\/uploads\\\/2025\\\/01\\\/BOLSA-CONSERJES.jpg\",\"width\":917,\"height\":717},{\"@type\":\"BreadcrumbList\",\"@id\":\"https:\\\/\\\/www.caudete.org\\\/ayuntamiento\\\/convocada-una-bolsa-de-trabajo-de-conserje-pudiendo-presentar-solicitudes-hasta-el-lunes-3-febrero\\\/#breadcrumb\",\"itemListElement\":[{\"@type\":\"ListItem\",\"position\":1,\"name\":\"Inicio\",\"item\":\"https:\\\/\\\/www.caudete.org\\\/ayuntamiento\\\/\"},{\"@type\":\"ListItem\",\"position\":2,\"name\":\"Convocada una Bolsa de Trabajo de CONSERJE, pudiendo presentar solicitudes hasta el lunes 3 Febrero\"}]},{\"@type\":\"WebSite\",\"@id\":\"https:\\\/\\\/www.caudete.org\\\/ayuntamiento\\\/#website\",\"url\":\"https:\\\/\\\/www.caudete.org\\\/ayuntamiento\\\/\",\"name\":\"MI Ayuntamiento de Caudete\",\"description\":\"P\u00e1gina Oficial del MI Ayuntamiento de Caudete\",\"potentialAction\":[{\"@type\":\"SearchAction\",\"target\":{\"@type\":\"EntryPoint\",\"urlTemplate\":\"https:\\\/\\\/www.caudete.org\\\/ayuntamiento\\\/?s={search_term_string}\"},\"query-input\":{\"@type\":\"PropertyValueSpecification\",\"valueRequired\":true,\"valueName\":\"search_term_string\"}}],\"inLanguage\":\"es\"},{\"@type\":\"Person\",\"@id\":\"https:\\\/\\\/www.caudete.org\\\/ayuntamiento\\\/#\\\/schema\\\/person\\\/cc646da9133078ee4d8dd47457947253\",\"name\":\"alcalde\",\"image\":{\"@type\":\"ImageObject\",\"inLanguage\":\"es\",\"@id\":\"https:\\\/\\\/secure.gravatar.com\\\/avatar\\\/84a817ba065b29ff08d666b215a215f5c79186a645ccb25b14a663d48a130f77?s=96&d=mm&r=g\",\"url\":\"https:\\\/\\\/secure.gravatar.com\\\/avatar\\\/84a817ba065b29ff08d666b215a215f5c79186a645ccb25b14a663d48a130f77?s=96&d=mm&r=g\",\"contentUrl\":\"https:\\\/\\\/secure.gravatar.com\\\/avatar\\\/84a817ba065b29ff08d666b215a215f5c79186a645ccb25b14a663d48a130f77?s=96&d=mm&r=g\",\"caption\":\"alcalde\"},\"url\":\"https:\\\/\\\/www.caudete.org\\\/ayuntamiento\\\/author\\\/alcalde\\\/\"}]}<\/script>\n<!-- \/ Yoast SEO plugin. -->","yoast_head_json":{"title":"Convocada una Bolsa de Trabajo de CONSERJE, pudiendo presentar solicitudes hasta el lunes 3 Febrero - MI Ayuntamiento de Caudete","description":"P\u00e1gina Oficial del Ayuntamiento de Caudete (Albacete)","robots":{"index":"index","follow":"follow","max-snippet":"max-snippet:-1","max-image-preview":"max-image-preview:large","max-video-preview":"max-video-preview:-1"},"canonical":"https:\/\/www.caudete.org\/ayuntamiento\/convocada-una-bolsa-de-trabajo-de-conserje-pudiendo-presentar-solicitudes-hasta-el-lunes-3-febrero\/","og_locale":"es_ES","og_type":"article","og_title":"Convocada una Bolsa de Trabajo de CONSERJE, pudiendo presentar solicitudes hasta el lunes 3 Febrero - MI Ayuntamiento de Caudete","og_description":"P\u00e1gina Oficial del Ayuntamiento de Caudete (Albacete)","og_url":"https:\/\/www.caudete.org\/ayuntamiento\/convocada-una-bolsa-de-trabajo-de-conserje-pudiendo-presentar-solicitudes-hasta-el-lunes-3-febrero\/","og_site_name":"MI Ayuntamiento de Caudete","article_publisher":"https:\/\/www.facebook.com\/ayuntamientocaudete\/","article_published_time":"2025-01-28T12:39:24+00:00","og_image":[{"width":917,"height":717,"url":"https:\/\/www.caudete.org\/ayuntamiento\/wp-content\/uploads\/2025\/01\/BOLSA-CONSERJES.jpg","type":"image\/jpeg"}],"author":"alcalde","twitter_card":"summary_large_image","twitter_misc":{"Escrito por":"alcalde","Tiempo de lectura":"2 minutos"},"schema":{"@context":"https:\/\/schema.org","@graph":[{"@type":"Article","@id":"https:\/\/www.caudete.org\/ayuntamiento\/convocada-una-bolsa-de-trabajo-de-conserje-pudiendo-presentar-solicitudes-hasta-el-lunes-3-febrero\/#article","isPartOf":{"@id":"https:\/\/www.caudete.org\/ayuntamiento\/convocada-una-bolsa-de-trabajo-de-conserje-pudiendo-presentar-solicitudes-hasta-el-lunes-3-febrero\/"},"author":{"name":"alcalde","@id":"https:\/\/www.caudete.org\/ayuntamiento\/#\/schema\/person\/cc646da9133078ee4d8dd47457947253"},"headline":"Convocada una Bolsa de Trabajo de CONSERJE, pudiendo presentar solicitudes hasta el lunes 3 Febrero","datePublished":"2025-01-28T12:39:24+00:00","mainEntityOfPage":{"@id":"https:\/\/www.caudete.org\/ayuntamiento\/convocada-una-bolsa-de-trabajo-de-conserje-pudiendo-presentar-solicitudes-hasta-el-lunes-3-febrero\/"},"wordCount":204,"image":{"@id":"https:\/\/www.caudete.org\/ayuntamiento\/convocada-una-bolsa-de-trabajo-de-conserje-pudiendo-presentar-solicitudes-hasta-el-lunes-3-febrero\/#primaryimage"},"thumbnailUrl":"https:\/\/www.caudete.org\/ayuntamiento\/wp-content\/uploads\/2025\/01\/BOLSA-CONSERJES.jpg","articleSection":["Recursos Humanos"],"inLanguage":"es"},{"@type":"WebPage","@id":"https:\/\/www.caudete.org\/ayuntamiento\/convocada-una-bolsa-de-trabajo-de-conserje-pudiendo-presentar-solicitudes-hasta-el-lunes-3-febrero\/","url":"https:\/\/www.caudete.org\/ayuntamiento\/convocada-una-bolsa-de-trabajo-de-conserje-pudiendo-presentar-solicitudes-hasta-el-lunes-3-febrero\/","name":"Convocada una Bolsa de Trabajo de CONSERJE, pudiendo presentar solicitudes hasta el lunes 3 Febrero - MI Ayuntamiento de Caudete","isPartOf":{"@id":"https:\/\/www.caudete.org\/ayuntamiento\/#website"},"primaryImageOfPage":{"@id":"https:\/\/www.caudete.org\/ayuntamiento\/convocada-una-bolsa-de-trabajo-de-conserje-pudiendo-presentar-solicitudes-hasta-el-lunes-3-febrero\/#primaryimage"},"image":{"@id":"https:\/\/www.caudete.org\/ayuntamiento\/convocada-una-bolsa-de-trabajo-de-conserje-pudiendo-presentar-solicitudes-hasta-el-lunes-3-febrero\/#primaryimage"},"thumbnailUrl":"https:\/\/www.caudete.org\/ayuntamiento\/wp-content\/uploads\/2025\/01\/BOLSA-CONSERJES.jpg","datePublished":"2025-01-28T12:39:24+00:00","author":{"@id":"https:\/\/www.caudete.org\/ayuntamiento\/#\/schema\/person\/cc646da9133078ee4d8dd47457947253"},"description":"P\u00e1gina Oficial del Ayuntamiento de Caudete (Albacete)","breadcrumb":{"@id":"https:\/\/www.caudete.org\/ayuntamiento\/convocada-una-bolsa-de-trabajo-de-conserje-pudiendo-presentar-solicitudes-hasta-el-lunes-3-febrero\/#breadcrumb"},"inLanguage":"es","potentialAction":[{"@type":"ReadAction","target":["https:\/\/www.caudete.org\/ayuntamiento\/convocada-una-bolsa-de-trabajo-de-conserje-pudiendo-presentar-solicitudes-hasta-el-lunes-3-febrero\/"]}]},{"@type":"ImageObject","inLanguage":"es","@id":"https:\/\/www.caudete.org\/ayuntamiento\/convocada-una-bolsa-de-trabajo-de-conserje-pudiendo-presentar-solicitudes-hasta-el-lunes-3-febrero\/#primaryimage","url":"https:\/\/www.caudete.org\/ayuntamiento\/wp-content\/uploads\/2025\/01\/BOLSA-CONSERJES.jpg","contentUrl":"https:\/\/www.caudete.org\/ayuntamiento\/wp-content\/uploads\/2025\/01\/BOLSA-CONSERJES.jpg","width":917,"height":717},{"@type":"BreadcrumbList","@id":"https:\/\/www.caudete.org\/ayuntamiento\/convocada-una-bolsa-de-trabajo-de-conserje-pudiendo-presentar-solicitudes-hasta-el-lunes-3-febrero\/#breadcrumb","itemListElement":[{"@type":"ListItem","position":1,"name":"Inicio","item":"https:\/\/www.caudete.org\/ayuntamiento\/"},{"@type":"ListItem","position":2,"name":"Convocada una Bolsa de Trabajo de CONSERJE, pudiendo presentar solicitudes hasta el lunes 3 Febrero"}]},{"@type":"WebSite","@id":"https:\/\/www.caudete.org\/ayuntamiento\/#website","url":"https:\/\/www.caudete.org\/ayuntamiento\/","name":"MI Ayuntamiento de Caudete","description":"P\u00e1gina Oficial del MI Ayuntamiento de Caudete","potentialAction":[{"@type":"SearchAction","target":{"@type":"EntryPoint","urlTemplate":"https:\/\/www.caudete.org\/ayuntamiento\/?s={search_term_string}"},"query-input":{"@type":"PropertyValueSpecification","valueRequired":true,"valueName":"search_term_string"}}],"inLanguage":"es"},{"@type":"Person","@id":"https:\/\/www.caudete.org\/ayuntamiento\/#\/schema\/person\/cc646da9133078ee4d8dd47457947253","name":"alcalde","image":{"@type":"ImageObject","inLanguage":"es","@id":"https:\/\/secure.gravatar.com\/avatar\/84a817ba065b29ff08d666b215a215f5c79186a645ccb25b14a663d48a130f77?s=96&d=mm&r=g","url":"https:\/\/secure.gravatar.com\/avatar\/84a817ba065b29ff08d666b215a215f5c79186a645ccb25b14a663d48a130f77?s=96&d=mm&r=g","contentUrl":"https:\/\/secure.gravatar.com\/avatar\/84a817ba065b29ff08d666b215a215f5c79186a645ccb25b14a663d48a130f77?s=96&d=mm&r=g","caption":"alcalde"},"url":"https:\/\/www.caudete.org\/ayuntamiento\/author\/alcalde\/"}]}},"_links":{"self":[{"href":"https:\/\/www.caudete.org\/ayuntamiento\/wp-json\/wp\/v2\/posts\/27315","targetHints":{"allow":["GET"]}}],"collection":[{"href":"https:\/\/www.caudete.org\/ayuntamiento\/wp-json\/wp\/v2\/posts"}],"about":[{"href":"https:\/\/www.caudete.org\/ayuntamiento\/wp-json\/wp\/v2\/types\/post"}],"author":[{"embeddable":true,"href":"https:\/\/www.caudete.org\/ayuntamiento\/wp-json\/wp\/v2\/users\/3"}],"replies":[{"embeddable":true,"href":"https:\/\/www.caudete.org\/ayuntamiento\/wp-json\/wp\/v2\/comments?post=27315"}],"version-history":[{"count":1,"href":"https:\/\/www.caudete.org\/ayuntamiento\/wp-json\/wp\/v2\/posts\/27315\/revisions"}],"predecessor-version":[{"id":27317,"href":"https:\/\/www.caudete.org\/ayuntamiento\/wp-json\/wp\/v2\/posts\/27315\/revisions\/27317"}],"wp:featuredmedia":[{"embeddable":true,"href":"https:\/\/www.caudete.org\/ayuntamiento\/wp-json\/wp\/v2\/media\/27316"}],"wp:attachment":[{"href":"https:\/\/www.caudete.org\/ayuntamiento\/wp-json\/wp\/v2\/media?parent=27315"}],"wp:term":[{"taxonomy":"category","embeddable":true,"href":"https:\/\/www.caudete.org\/ayuntamiento\/wp-json\/wp\/v2\/categories?post=27315"},{"taxonomy":"post_tag","embeddable":true,"href":"https:\/\/www.caudete.org\/ayuntamiento\/wp-json\/wp\/v2\/tags?post=27315"}],"curies":[{"name":"wp","href":"https:\/\/api.w.org\/{rel}","templated":true}]}}