{"id":27318,"date":"2025-01-28T13:57:12","date_gmt":"2025-01-28T12:57:12","guid":{"rendered":"https:\/\/www.caudete.org\/ayuntamiento\/?p=27318"},"modified":"2025-01-28T13:57:12","modified_gmt":"2025-01-28T12:57:12","slug":"12-agentes-de-la-policia-local-de-caudete-han-participado-colaborando-con-municipios-afectados-por-la-dana","status":"publish","type":"post","link":"https:\/\/www.caudete.org\/ayuntamiento\/12-agentes-de-la-policia-local-de-caudete-han-participado-colaborando-con-municipios-afectados-por-la-dana\/","title":{"rendered":"12 Agentes de la POLICIA LOCAL de Caudete han participado colaborando con municipios afectados por la DANA"},"content":{"rendered":"<p><a href=\"https:\/\/www.caudete.org\/ayuntamiento\/wp-content\/uploads\/2025\/01\/1737617153193.jpg\" rel='prettyPhoto'><img fetchpriority=\"high\" decoding=\"async\" class=\"alignnone wp-image-27319 size-full\" src=\"https:\/\/www.caudete.org\/ayuntamiento\/wp-content\/uploads\/2025\/01\/1737617153193.jpg\" alt=\"\" width=\"1200\" height=\"1600\" srcset=\"https:\/\/www.caudete.org\/ayuntamiento\/wp-content\/uploads\/2025\/01\/1737617153193.jpg 1200w, https:\/\/www.caudete.org\/ayuntamiento\/wp-content\/uploads\/2025\/01\/1737617153193-225x300.jpg 225w, https:\/\/www.caudete.org\/ayuntamiento\/wp-content\/uploads\/2025\/01\/1737617153193-768x1024.jpg 768w, https:\/\/www.caudete.org\/ayuntamiento\/wp-content\/uploads\/2025\/01\/1737617153193-1152x1536.jpg 1152w\" sizes=\"(max-width: 1200px) 100vw, 1200px\" \/><\/a><\/p>\n<p style=\"text-align: justify;\">Un total de 12 agentes de la Polic\u00eda Local de Caudete han participado en el dispositivo especial organizado con motivo de la DANA que asol\u00f3 los municipios de la Comunidad Valenciana el d\u00eda 29 de Octubre de 2024 en apoyo a las Polic\u00edas Locales de los municipios afectados.<\/p>\n<p style=\"text-align: justify;\">\nDesde los primeros d\u00edas posteriores a la cat\u00e1strofe desde la Jefatura de Polic\u00eda se iniciaron las labores de tramitaci\u00f3n y coordinaci\u00f3n con la Agencia Valenciana de Seguridad y Respuesta en Emergencias AVSRE con el fin de ofrecer la colaboraci\u00f3n de la Polic\u00eda Local de Caudete en dicha cat\u00e1strofe, al igual que otras muchas polic\u00edas locales de toda Espa\u00f1a. Fruto de ello, el d\u00eda 8 de Noviembre mediante decreto de alcald\u00eda se autorizaba la intervenci\u00f3n fuera del t\u00e9rmino municipal de Caudete, inic\u00edandose la primera intervenci\u00f3n el d\u00eda 10 de Noviembre en Aldaia.<\/p>\n<p style=\"text-align: justify;\">\nSe han realizado un total de 9 servicios de 12 horas de duraci\u00f3n durante los meses de noviembre y diciembre de 2024 en los municipios de Aldaia, Picanya, Sedav\u00ed y Benetusser, prestando apoyo y colaboraci\u00f3n a las polic\u00edas de dichas localidades, realizando funciones de cortes y regulaci\u00f3n del tr\u00e1fico durante las labores de rescate, control de accesos a las zonas afectadas y vigilancia de la seguridad ciudadana, adem\u00e1s de otras tareas de apoyo.<\/p>\n<p style=\"text-align: justify;\">\nDichos servicios han sido realizados de forma totalmente voluntaria y altruista, siendo prestados durante los turnos de descanso o de vacaciones de los agentes.<\/p>\n<p style=\"text-align: justify;\">\nDesde la Jefatura de Polic\u00eda se valora de forma muy positiva dicha actuaci\u00f3n, porque adem\u00e1s de haber aportado nuestra ayuda a los municipios afectados, nos ha servido para aprender como se trabaja en un escenario de una gran emergencia y nos ha permitido conocer y trabajar codo con codo con agentes de polic\u00eda local de otras comunidades aut\u00f3nomas.<\/p>\n<p><a href=\"https:\/\/www.caudete.org\/ayuntamiento\/wp-content\/uploads\/2025\/01\/1737617128931-scaled.jpg\" rel='prettyPhoto'><img decoding=\"async\" class=\"alignnone wp-image-27320 size-full\" src=\"https:\/\/www.caudete.org\/ayuntamiento\/wp-content\/uploads\/2025\/01\/1737617128931-scaled.jpg\" alt=\"\" width=\"2560\" height=\"1920\" srcset=\"https:\/\/www.caudete.org\/ayuntamiento\/wp-content\/uploads\/2025\/01\/1737617128931-scaled.jpg 2560w, https:\/\/www.caudete.org\/ayuntamiento\/wp-content\/uploads\/2025\/01\/1737617128931-300x225.jpg 300w, https:\/\/www.caudete.org\/ayuntamiento\/wp-content\/uploads\/2025\/01\/1737617128931-1024x768.jpg 1024w, https:\/\/www.caudete.org\/ayuntamiento\/wp-content\/uploads\/2025\/01\/1737617128931-768x576.jpg 768w, https:\/\/www.caudete.org\/ayuntamiento\/wp-content\/uploads\/2025\/01\/1737617128931-1536x1152.jpg 1536w, https:\/\/www.caudete.org\/ayuntamiento\/wp-content\/uploads\/2025\/01\/1737617128931-2048x1536.jpg 2048w\" sizes=\"(max-width: 2560px) 100vw, 2560px\" \/><\/a><\/p>\n","protected":false},"excerpt":{"rendered":"<p>Un total de 12 agentes de la Polic\u00eda Local de Caudete han participado en el dispositivo especial organizado con motivo de la DANA que asol\u00f3 los municipios de la Comunidad Valenciana el d\u00eda 29 de Octubre de 2024 en apoyo a las Polic\u00edas Locales de los municipios afectados. Desde los primeros d\u00edas posteriores a la &hellip;<\/p>\n","protected":false},"author":3,"featured_media":27319,"comment_status":"closed","ping_status":"open","sticky":false,"template":"","format":"standard","meta":{"ngg_post_thumbnail":0,"footnotes":""},"categories":[35],"tags":[],"class_list":["post-27318","post","type-post","status-publish","format-standard","has-post-thumbnail","hentry","category-policia-local"],"yoast_head":"<!-- This site is optimized with the Yoast SEO plugin v27.5 - https:\/\/yoast.com\/product\/yoast-seo-wordpress\/ -->\n<title>12 Agentes de la POLICIA LOCAL de Caudete han participado colaborando con municipios afectados por la DANA - MI Ayuntamiento de Caudete<\/title>\n<meta name=\"description\" content=\"P\u00e1gina Oficial del Ayuntamiento de Caudete (Albacete)\" \/>\n<meta name=\"robots\" content=\"index, follow, max-snippet:-1, max-image-preview:large, max-video-preview:-1\" \/>\n<link rel=\"canonical\" href=\"https:\/\/www.caudete.org\/ayuntamiento\/12-agentes-de-la-policia-local-de-caudete-han-participado-colaborando-con-municipios-afectados-por-la-dana\/\" \/>\n<meta property=\"og:locale\" content=\"es_ES\" \/>\n<meta property=\"og:type\" content=\"article\" \/>\n<meta property=\"og:title\" content=\"12 Agentes de la POLICIA LOCAL de Caudete han participado colaborando con municipios afectados por la DANA - MI Ayuntamiento de Caudete\" \/>\n<meta property=\"og:description\" content=\"P\u00e1gina Oficial del Ayuntamiento de Caudete (Albacete)\" \/>\n<meta property=\"og:url\" content=\"https:\/\/www.caudete.org\/ayuntamiento\/12-agentes-de-la-policia-local-de-caudete-han-participado-colaborando-con-municipios-afectados-por-la-dana\/\" \/>\n<meta property=\"og:site_name\" content=\"MI Ayuntamiento de Caudete\" \/>\n<meta property=\"article:publisher\" content=\"https:\/\/www.facebook.com\/ayuntamientocaudete\/\" \/>\n<meta property=\"article:published_time\" content=\"2025-01-28T12:57:12+00:00\" \/>\n<meta property=\"og:image\" content=\"https:\/\/www.caudete.org\/ayuntamiento\/wp-content\/uploads\/2025\/01\/1737617153193.jpg\" \/>\n\t<meta property=\"og:image:width\" content=\"1200\" \/>\n\t<meta property=\"og:image:height\" content=\"1600\" \/>\n\t<meta property=\"og:image:type\" content=\"image\/jpeg\" \/>\n<meta name=\"author\" content=\"alcalde\" \/>\n<meta name=\"twitter:card\" content=\"summary_large_image\" \/>\n<meta name=\"twitter:label1\" content=\"Escrito por\" \/>\n\t<meta name=\"twitter:data1\" content=\"alcalde\" \/>\n\t<meta name=\"twitter:label2\" content=\"Tiempo de lectura\" \/>\n\t<meta name=\"twitter:data2\" content=\"2 minutos\" \/>\n<script type=\"application\/ld+json\" class=\"yoast-schema-graph\">{\"@context\":\"https:\\\/\\\/schema.org\",\"@graph\":[{\"@type\":\"Article\",\"@id\":\"https:\\\/\\\/www.caudete.org\\\/ayuntamiento\\\/12-agentes-de-la-policia-local-de-caudete-han-participado-colaborando-con-municipios-afectados-por-la-dana\\\/#article\",\"isPartOf\":{\"@id\":\"https:\\\/\\\/www.caudete.org\\\/ayuntamiento\\\/12-agentes-de-la-policia-local-de-caudete-han-participado-colaborando-con-municipios-afectados-por-la-dana\\\/\"},\"author\":{\"name\":\"alcalde\",\"@id\":\"https:\\\/\\\/www.caudete.org\\\/ayuntamiento\\\/#\\\/schema\\\/person\\\/cc646da9133078ee4d8dd47457947253\"},\"headline\":\"12 Agentes de la POLICIA LOCAL de Caudete han participado colaborando con municipios afectados por la DANA\",\"datePublished\":\"2025-01-28T12:57:12+00:00\",\"mainEntityOfPage\":{\"@id\":\"https:\\\/\\\/www.caudete.org\\\/ayuntamiento\\\/12-agentes-de-la-policia-local-de-caudete-han-participado-colaborando-con-municipios-afectados-por-la-dana\\\/\"},\"wordCount\":333,\"image\":{\"@id\":\"https:\\\/\\\/www.caudete.org\\\/ayuntamiento\\\/12-agentes-de-la-policia-local-de-caudete-han-participado-colaborando-con-municipios-afectados-por-la-dana\\\/#primaryimage\"},\"thumbnailUrl\":\"https:\\\/\\\/www.caudete.org\\\/ayuntamiento\\\/wp-content\\\/uploads\\\/2025\\\/01\\\/1737617153193.jpg\",\"articleSection\":[\"Polic\u00eda Local\"],\"inLanguage\":\"es\"},{\"@type\":\"WebPage\",\"@id\":\"https:\\\/\\\/www.caudete.org\\\/ayuntamiento\\\/12-agentes-de-la-policia-local-de-caudete-han-participado-colaborando-con-municipios-afectados-por-la-dana\\\/\",\"url\":\"https:\\\/\\\/www.caudete.org\\\/ayuntamiento\\\/12-agentes-de-la-policia-local-de-caudete-han-participado-colaborando-con-municipios-afectados-por-la-dana\\\/\",\"name\":\"12 Agentes de la POLICIA LOCAL de Caudete han participado colaborando con municipios afectados por la DANA - MI Ayuntamiento de Caudete\",\"isPartOf\":{\"@id\":\"https:\\\/\\\/www.caudete.org\\\/ayuntamiento\\\/#website\"},\"primaryImageOfPage\":{\"@id\":\"https:\\\/\\\/www.caudete.org\\\/ayuntamiento\\\/12-agentes-de-la-policia-local-de-caudete-han-participado-colaborando-con-municipios-afectados-por-la-dana\\\/#primaryimage\"},\"image\":{\"@id\":\"https:\\\/\\\/www.caudete.org\\\/ayuntamiento\\\/12-agentes-de-la-policia-local-de-caudete-han-participado-colaborando-con-municipios-afectados-por-la-dana\\\/#primaryimage\"},\"thumbnailUrl\":\"https:\\\/\\\/www.caudete.org\\\/ayuntamiento\\\/wp-content\\\/uploads\\\/2025\\\/01\\\/1737617153193.jpg\",\"datePublished\":\"2025-01-28T12:57:12+00:00\",\"author\":{\"@id\":\"https:\\\/\\\/www.caudete.org\\\/ayuntamiento\\\/#\\\/schema\\\/person\\\/cc646da9133078ee4d8dd47457947253\"},\"description\":\"P\u00e1gina Oficial del Ayuntamiento de Caudete (Albacete)\",\"breadcrumb\":{\"@id\":\"https:\\\/\\\/www.caudete.org\\\/ayuntamiento\\\/12-agentes-de-la-policia-local-de-caudete-han-participado-colaborando-con-municipios-afectados-por-la-dana\\\/#breadcrumb\"},\"inLanguage\":\"es\",\"potentialAction\":[{\"@type\":\"ReadAction\",\"target\":[\"https:\\\/\\\/www.caudete.org\\\/ayuntamiento\\\/12-agentes-de-la-policia-local-de-caudete-han-participado-colaborando-con-municipios-afectados-por-la-dana\\\/\"]}]},{\"@type\":\"ImageObject\",\"inLanguage\":\"es\",\"@id\":\"https:\\\/\\\/www.caudete.org\\\/ayuntamiento\\\/12-agentes-de-la-policia-local-de-caudete-han-participado-colaborando-con-municipios-afectados-por-la-dana\\\/#primaryimage\",\"url\":\"https:\\\/\\\/www.caudete.org\\\/ayuntamiento\\\/wp-content\\\/uploads\\\/2025\\\/01\\\/1737617153193.jpg\",\"contentUrl\":\"https:\\\/\\\/www.caudete.org\\\/ayuntamiento\\\/wp-content\\\/uploads\\\/2025\\\/01\\\/1737617153193.jpg\",\"width\":1200,\"height\":1600},{\"@type\":\"BreadcrumbList\",\"@id\":\"https:\\\/\\\/www.caudete.org\\\/ayuntamiento\\\/12-agentes-de-la-policia-local-de-caudete-han-participado-colaborando-con-municipios-afectados-por-la-dana\\\/#breadcrumb\",\"itemListElement\":[{\"@type\":\"ListItem\",\"position\":1,\"name\":\"Inicio\",\"item\":\"https:\\\/\\\/www.caudete.org\\\/ayuntamiento\\\/\"},{\"@type\":\"ListItem\",\"position\":2,\"name\":\"12 Agentes de la POLICIA LOCAL de Caudete han participado colaborando con municipios afectados por la DANA\"}]},{\"@type\":\"WebSite\",\"@id\":\"https:\\\/\\\/www.caudete.org\\\/ayuntamiento\\\/#website\",\"url\":\"https:\\\/\\\/www.caudete.org\\\/ayuntamiento\\\/\",\"name\":\"MI Ayuntamiento de Caudete\",\"description\":\"P\u00e1gina Oficial del MI Ayuntamiento de Caudete\",\"potentialAction\":[{\"@type\":\"SearchAction\",\"target\":{\"@type\":\"EntryPoint\",\"urlTemplate\":\"https:\\\/\\\/www.caudete.org\\\/ayuntamiento\\\/?s={search_term_string}\"},\"query-input\":{\"@type\":\"PropertyValueSpecification\",\"valueRequired\":true,\"valueName\":\"search_term_string\"}}],\"inLanguage\":\"es\"},{\"@type\":\"Person\",\"@id\":\"https:\\\/\\\/www.caudete.org\\\/ayuntamiento\\\/#\\\/schema\\\/person\\\/cc646da9133078ee4d8dd47457947253\",\"name\":\"alcalde\",\"image\":{\"@type\":\"ImageObject\",\"inLanguage\":\"es\",\"@id\":\"https:\\\/\\\/secure.gravatar.com\\\/avatar\\\/84a817ba065b29ff08d666b215a215f5c79186a645ccb25b14a663d48a130f77?s=96&d=mm&r=g\",\"url\":\"https:\\\/\\\/secure.gravatar.com\\\/avatar\\\/84a817ba065b29ff08d666b215a215f5c79186a645ccb25b14a663d48a130f77?s=96&d=mm&r=g\",\"contentUrl\":\"https:\\\/\\\/secure.gravatar.com\\\/avatar\\\/84a817ba065b29ff08d666b215a215f5c79186a645ccb25b14a663d48a130f77?s=96&d=mm&r=g\",\"caption\":\"alcalde\"},\"url\":\"https:\\\/\\\/www.caudete.org\\\/ayuntamiento\\\/author\\\/alcalde\\\/\"}]}<\/script>\n<!-- \/ Yoast SEO plugin. -->","yoast_head_json":{"title":"12 Agentes de la POLICIA LOCAL de Caudete han participado colaborando con municipios afectados por la DANA - MI Ayuntamiento de Caudete","description":"P\u00e1gina Oficial del Ayuntamiento de Caudete (Albacete)","robots":{"index":"index","follow":"follow","max-snippet":"max-snippet:-1","max-image-preview":"max-image-preview:large","max-video-preview":"max-video-preview:-1"},"canonical":"https:\/\/www.caudete.org\/ayuntamiento\/12-agentes-de-la-policia-local-de-caudete-han-participado-colaborando-con-municipios-afectados-por-la-dana\/","og_locale":"es_ES","og_type":"article","og_title":"12 Agentes de la POLICIA LOCAL de Caudete han participado colaborando con municipios afectados por la DANA - MI Ayuntamiento de Caudete","og_description":"P\u00e1gina Oficial del Ayuntamiento de Caudete (Albacete)","og_url":"https:\/\/www.caudete.org\/ayuntamiento\/12-agentes-de-la-policia-local-de-caudete-han-participado-colaborando-con-municipios-afectados-por-la-dana\/","og_site_name":"MI Ayuntamiento de Caudete","article_publisher":"https:\/\/www.facebook.com\/ayuntamientocaudete\/","article_published_time":"2025-01-28T12:57:12+00:00","og_image":[{"width":1200,"height":1600,"url":"https:\/\/www.caudete.org\/ayuntamiento\/wp-content\/uploads\/2025\/01\/1737617153193.jpg","type":"image\/jpeg"}],"author":"alcalde","twitter_card":"summary_large_image","twitter_misc":{"Escrito por":"alcalde","Tiempo de lectura":"2 minutos"},"schema":{"@context":"https:\/\/schema.org","@graph":[{"@type":"Article","@id":"https:\/\/www.caudete.org\/ayuntamiento\/12-agentes-de-la-policia-local-de-caudete-han-participado-colaborando-con-municipios-afectados-por-la-dana\/#article","isPartOf":{"@id":"https:\/\/www.caudete.org\/ayuntamiento\/12-agentes-de-la-policia-local-de-caudete-han-participado-colaborando-con-municipios-afectados-por-la-dana\/"},"author":{"name":"alcalde","@id":"https:\/\/www.caudete.org\/ayuntamiento\/#\/schema\/person\/cc646da9133078ee4d8dd47457947253"},"headline":"12 Agentes de la POLICIA LOCAL de Caudete han participado colaborando con municipios afectados por la DANA","datePublished":"2025-01-28T12:57:12+00:00","mainEntityOfPage":{"@id":"https:\/\/www.caudete.org\/ayuntamiento\/12-agentes-de-la-policia-local-de-caudete-han-participado-colaborando-con-municipios-afectados-por-la-dana\/"},"wordCount":333,"image":{"@id":"https:\/\/www.caudete.org\/ayuntamiento\/12-agentes-de-la-policia-local-de-caudete-han-participado-colaborando-con-municipios-afectados-por-la-dana\/#primaryimage"},"thumbnailUrl":"https:\/\/www.caudete.org\/ayuntamiento\/wp-content\/uploads\/2025\/01\/1737617153193.jpg","articleSection":["Polic\u00eda Local"],"inLanguage":"es"},{"@type":"WebPage","@id":"https:\/\/www.caudete.org\/ayuntamiento\/12-agentes-de-la-policia-local-de-caudete-han-participado-colaborando-con-municipios-afectados-por-la-dana\/","url":"https:\/\/www.caudete.org\/ayuntamiento\/12-agentes-de-la-policia-local-de-caudete-han-participado-colaborando-con-municipios-afectados-por-la-dana\/","name":"12 Agentes de la POLICIA LOCAL de Caudete han participado colaborando con municipios afectados por la DANA - MI Ayuntamiento de Caudete","isPartOf":{"@id":"https:\/\/www.caudete.org\/ayuntamiento\/#website"},"primaryImageOfPage":{"@id":"https:\/\/www.caudete.org\/ayuntamiento\/12-agentes-de-la-policia-local-de-caudete-han-participado-colaborando-con-municipios-afectados-por-la-dana\/#primaryimage"},"image":{"@id":"https:\/\/www.caudete.org\/ayuntamiento\/12-agentes-de-la-policia-local-de-caudete-han-participado-colaborando-con-municipios-afectados-por-la-dana\/#primaryimage"},"thumbnailUrl":"https:\/\/www.caudete.org\/ayuntamiento\/wp-content\/uploads\/2025\/01\/1737617153193.jpg","datePublished":"2025-01-28T12:57:12+00:00","author":{"@id":"https:\/\/www.caudete.org\/ayuntamiento\/#\/schema\/person\/cc646da9133078ee4d8dd47457947253"},"description":"P\u00e1gina Oficial del Ayuntamiento de Caudete (Albacete)","breadcrumb":{"@id":"https:\/\/www.caudete.org\/ayuntamiento\/12-agentes-de-la-policia-local-de-caudete-han-participado-colaborando-con-municipios-afectados-por-la-dana\/#breadcrumb"},"inLanguage":"es","potentialAction":[{"@type":"ReadAction","target":["https:\/\/www.caudete.org\/ayuntamiento\/12-agentes-de-la-policia-local-de-caudete-han-participado-colaborando-con-municipios-afectados-por-la-dana\/"]}]},{"@type":"ImageObject","inLanguage":"es","@id":"https:\/\/www.caudete.org\/ayuntamiento\/12-agentes-de-la-policia-local-de-caudete-han-participado-colaborando-con-municipios-afectados-por-la-dana\/#primaryimage","url":"https:\/\/www.caudete.org\/ayuntamiento\/wp-content\/uploads\/2025\/01\/1737617153193.jpg","contentUrl":"https:\/\/www.caudete.org\/ayuntamiento\/wp-content\/uploads\/2025\/01\/1737617153193.jpg","width":1200,"height":1600},{"@type":"BreadcrumbList","@id":"https:\/\/www.caudete.org\/ayuntamiento\/12-agentes-de-la-policia-local-de-caudete-han-participado-colaborando-con-municipios-afectados-por-la-dana\/#breadcrumb","itemListElement":[{"@type":"ListItem","position":1,"name":"Inicio","item":"https:\/\/www.caudete.org\/ayuntamiento\/"},{"@type":"ListItem","position":2,"name":"12 Agentes de la POLICIA LOCAL de Caudete han participado colaborando con municipios afectados por la DANA"}]},{"@type":"WebSite","@id":"https:\/\/www.caudete.org\/ayuntamiento\/#website","url":"https:\/\/www.caudete.org\/ayuntamiento\/","name":"MI Ayuntamiento de Caudete","description":"P\u00e1gina Oficial del MI Ayuntamiento de Caudete","potentialAction":[{"@type":"SearchAction","target":{"@type":"EntryPoint","urlTemplate":"https:\/\/www.caudete.org\/ayuntamiento\/?s={search_term_string}"},"query-input":{"@type":"PropertyValueSpecification","valueRequired":true,"valueName":"search_term_string"}}],"inLanguage":"es"},{"@type":"Person","@id":"https:\/\/www.caudete.org\/ayuntamiento\/#\/schema\/person\/cc646da9133078ee4d8dd47457947253","name":"alcalde","image":{"@type":"ImageObject","inLanguage":"es","@id":"https:\/\/secure.gravatar.com\/avatar\/84a817ba065b29ff08d666b215a215f5c79186a645ccb25b14a663d48a130f77?s=96&d=mm&r=g","url":"https:\/\/secure.gravatar.com\/avatar\/84a817ba065b29ff08d666b215a215f5c79186a645ccb25b14a663d48a130f77?s=96&d=mm&r=g","contentUrl":"https:\/\/secure.gravatar.com\/avatar\/84a817ba065b29ff08d666b215a215f5c79186a645ccb25b14a663d48a130f77?s=96&d=mm&r=g","caption":"alcalde"},"url":"https:\/\/www.caudete.org\/ayuntamiento\/author\/alcalde\/"}]}},"_links":{"self":[{"href":"https:\/\/www.caudete.org\/ayuntamiento\/wp-json\/wp\/v2\/posts\/27318","targetHints":{"allow":["GET"]}}],"collection":[{"href":"https:\/\/www.caudete.org\/ayuntamiento\/wp-json\/wp\/v2\/posts"}],"about":[{"href":"https:\/\/www.caudete.org\/ayuntamiento\/wp-json\/wp\/v2\/types\/post"}],"author":[{"embeddable":true,"href":"https:\/\/www.caudete.org\/ayuntamiento\/wp-json\/wp\/v2\/users\/3"}],"replies":[{"embeddable":true,"href":"https:\/\/www.caudete.org\/ayuntamiento\/wp-json\/wp\/v2\/comments?post=27318"}],"version-history":[{"count":1,"href":"https:\/\/www.caudete.org\/ayuntamiento\/wp-json\/wp\/v2\/posts\/27318\/revisions"}],"predecessor-version":[{"id":27321,"href":"https:\/\/www.caudete.org\/ayuntamiento\/wp-json\/wp\/v2\/posts\/27318\/revisions\/27321"}],"wp:featuredmedia":[{"embeddable":true,"href":"https:\/\/www.caudete.org\/ayuntamiento\/wp-json\/wp\/v2\/media\/27319"}],"wp:attachment":[{"href":"https:\/\/www.caudete.org\/ayuntamiento\/wp-json\/wp\/v2\/media?parent=27318"}],"wp:term":[{"taxonomy":"category","embeddable":true,"href":"https:\/\/www.caudete.org\/ayuntamiento\/wp-json\/wp\/v2\/categories?post=27318"},{"taxonomy":"post_tag","embeddable":true,"href":"https:\/\/www.caudete.org\/ayuntamiento\/wp-json\/wp\/v2\/tags?post=27318"}],"curies":[{"name":"wp","href":"https:\/\/api.w.org\/{rel}","templated":true}]}}