{"id":27331,"date":"2025-01-30T09:51:46","date_gmt":"2025-01-30T08:51:46","guid":{"rendered":"https:\/\/www.caudete.org\/ayuntamiento\/?p=27331"},"modified":"2025-01-31T14:14:13","modified_gmt":"2025-01-31T13:14:13","slug":"casi-1-000m2-permitiran-la-construccion-de-nichos-panteones-sepulturas-y-osario-general","status":"publish","type":"post","link":"https:\/\/www.caudete.org\/ayuntamiento\/casi-1-000m2-permitiran-la-construccion-de-nichos-panteones-sepulturas-y-osario-general\/","title":{"rendered":"Casi 1.000 m\u00b2 permitir\u00e1n la construcci\u00f3n de Nichos, Panteones, Sepulturas y Osario General"},"content":{"rendered":"<p><a href=\"https:\/\/www.caudete.org\/ayuntamiento\/wp-content\/uploads\/2025\/01\/DJI_0032-scaled.jpg\" rel='prettyPhoto'><img fetchpriority=\"high\" decoding=\"async\" class=\"alignnone wp-image-27332 size-full\" src=\"https:\/\/www.caudete.org\/ayuntamiento\/wp-content\/uploads\/2025\/01\/DJI_0032-scaled.jpg\" alt=\"\" width=\"2560\" height=\"1920\" srcset=\"https:\/\/www.caudete.org\/ayuntamiento\/wp-content\/uploads\/2025\/01\/DJI_0032-scaled.jpg 2560w, https:\/\/www.caudete.org\/ayuntamiento\/wp-content\/uploads\/2025\/01\/DJI_0032-300x225.jpg 300w, https:\/\/www.caudete.org\/ayuntamiento\/wp-content\/uploads\/2025\/01\/DJI_0032-1024x768.jpg 1024w, https:\/\/www.caudete.org\/ayuntamiento\/wp-content\/uploads\/2025\/01\/DJI_0032-768x576.jpg 768w, https:\/\/www.caudete.org\/ayuntamiento\/wp-content\/uploads\/2025\/01\/DJI_0032-1536x1152.jpg 1536w, https:\/\/www.caudete.org\/ayuntamiento\/wp-content\/uploads\/2025\/01\/DJI_0032-2048x1536.jpg 2048w\" sizes=\"(max-width: 2560px) 100vw, 2560px\" \/><\/a><\/p>\n<p style=\"text-align: justify;\">La nueva ampliaci\u00f3n de espacio en el Cementerio Municipal, con casi 1.000 m<sup>2<\/sup> asegura la disponibilidad para continuar prestando el servicio al menos en la pr\u00f3xima d\u00e9cada.<\/p>\n<p style=\"text-align: justify;\">Las obras de urbanizaci\u00f3n ya finalizadas, contratadas y ejecutadas el pasado a\u00f1o 2024 gracias al Plan &#8220;Dipualba Responde&#8221; por un importe de 36.231\u201908\u20ac y llevadas a cabo por una empresa constructora del municipio, va a permitir desarrollar en el espacio la construcci\u00f3n de Nichos, Panteones, Sepulturas y Osario, tal y como se proyect\u00f3 por los Servicios T\u00e9cnicos y el propio Departamento de Cementerio.<\/p>\n<p><a href=\"https:\/\/www.caudete.org\/ayuntamiento\/wp-content\/uploads\/2024\/11\/esquema-urbanizacion-cementerio.jpg\" rel='prettyPhoto'><img decoding=\"async\" class=\"alignnone wp-image-26610 size-full\" src=\"https:\/\/www.caudete.org\/ayuntamiento\/wp-content\/uploads\/2024\/11\/esquema-urbanizacion-cementerio.jpg\" alt=\"\" width=\"1113\" height=\"737\" srcset=\"https:\/\/www.caudete.org\/ayuntamiento\/wp-content\/uploads\/2024\/11\/esquema-urbanizacion-cementerio.jpg 1113w, https:\/\/www.caudete.org\/ayuntamiento\/wp-content\/uploads\/2024\/11\/esquema-urbanizacion-cementerio-300x199.jpg 300w, https:\/\/www.caudete.org\/ayuntamiento\/wp-content\/uploads\/2024\/11\/esquema-urbanizacion-cementerio-1024x678.jpg 1024w, https:\/\/www.caudete.org\/ayuntamiento\/wp-content\/uploads\/2024\/11\/esquema-urbanizacion-cementerio-768x509.jpg 768w\" sizes=\"(max-width: 1113px) 100vw, 1113px\" \/><\/a><\/p>\n<p style=\"text-align: justify;\">Con esta actuaci\u00f3n, se completa la urbanizaci\u00f3n sobre el terreno disponible cercado en 1996, fecha de la \u00faltima fase de crecimiento del recinto. No obstante, recordaba el Alcalde que en los \u00faltimos a\u00f1os se ha estado trabajando para poder ampliar los terrenos municipales que permita poder proyectar el suelo necesario para los pr\u00f3ximos 25 a\u00f1os, tal y como establece la normativa auton\u00f3mica. Aun as\u00ed, con las obras ahora ejecutadas, se podr\u00e1 atender los servicios que a priori y en condiciones normales puedan producirse en la pr\u00f3xima d\u00e9cada.<\/p>\n<p style=\"text-align: justify;\">La novedad principal de la actuaci\u00f3n radica en que se pone a disposici\u00f3n dos modelos de enterramiento que hasta la fecha, por falta de espacio, no era posible, como lo son las Sepulturas y los Panteones. Es decir, aquellos caudetanos que lo deseen, podran solicitar bien la concesi\u00f3n de suelo para la edificaci\u00f3n de un Pante\u00f3n, o bien solicitar la concesi\u00f3n de una Sepultura, y no \u00fanicamente Nicho como hasta ahora.<\/p>\n<p style=\"text-align: justify;\">En ambos casos, cuando se aperture el procedimiento, se dar\u00e1 p\u00fablica informaci\u00f3n para que los caudetanos conozcan los detalles, ya que entre otras cosas, requiere de unos ajustes normativos que ser\u00e1n objeto de la aprobaci\u00f3n del Pleno Municipal.<\/p>\n<p style=\"text-align: justify;\">Otra novedad, aunque menor, es la habilitaci\u00f3n de un Osario General en superficie, que sustituir\u00e1 al actual (bajo rasante), y el dise\u00f1o del espacio, que aun siguiendo alineaciones y estructura general, cambia el aspecto visual de la zona, ya que incorpora zonas verdes, y sustituye las manzanas aisladas de nichos por las de sepulturas, quedando \u00e9stos (los Nichos) al igual que los Panteones, localizados de forma adosada al muro perimetral.<\/p>\n<p style=\"text-align: justify;\">Por \u00faltimo, se ha ejecutado en previsi\u00f3n de la futura ampliaci\u00f3n que sufrir\u00e1 el Camposanto, lo que significa que la zona urbanizada con este dise\u00f1o no est\u00e1 completa al 100%, ya que le faltar\u00eda aproximadamente un 10-15% que quedar\u00eda pendiente de ejecutar cuando se elimine el muro que linda con el aparcamiento para llevar a cabo dicha ampliaci\u00f3n.<\/p>\n<p>&nbsp;<\/p>\n<p><a href=\"https:\/\/www.caudete.org\/ayuntamiento\/wp-content\/uploads\/2025\/01\/DJI_0033-scaled.jpg\" rel='prettyPhoto'><img decoding=\"async\" class=\"alignnone wp-image-27333 size-full\" src=\"https:\/\/www.caudete.org\/ayuntamiento\/wp-content\/uploads\/2025\/01\/DJI_0033-scaled-e1738227043364.jpg\" alt=\"\" width=\"2560\" height=\"1365\" srcset=\"https:\/\/www.caudete.org\/ayuntamiento\/wp-content\/uploads\/2025\/01\/DJI_0033-scaled-e1738227043364.jpg 2560w, https:\/\/www.caudete.org\/ayuntamiento\/wp-content\/uploads\/2025\/01\/DJI_0033-scaled-e1738227043364-300x160.jpg 300w, https:\/\/www.caudete.org\/ayuntamiento\/wp-content\/uploads\/2025\/01\/DJI_0033-scaled-e1738227043364-1024x546.jpg 1024w, https:\/\/www.caudete.org\/ayuntamiento\/wp-content\/uploads\/2025\/01\/DJI_0033-scaled-e1738227043364-768x410.jpg 768w, https:\/\/www.caudete.org\/ayuntamiento\/wp-content\/uploads\/2025\/01\/DJI_0033-scaled-e1738227043364-1536x819.jpg 1536w, https:\/\/www.caudete.org\/ayuntamiento\/wp-content\/uploads\/2025\/01\/DJI_0033-scaled-e1738227043364-2048x1092.jpg 2048w\" sizes=\"(max-width: 2560px) 100vw, 2560px\" \/><\/a><\/p>\n<p>&nbsp;<\/p>\n","protected":false},"excerpt":{"rendered":"<p>La nueva ampliaci\u00f3n de espacio en el Cementerio Municipal, con casi 1.000 m2 asegura la disponibilidad para continuar prestando el servicio al menos en la pr\u00f3xima d\u00e9cada. Las obras de urbanizaci\u00f3n ya finalizadas, contratadas y ejecutadas el pasado a\u00f1o 2024 gracias al Plan &#8220;Dipualba Responde&#8221; por un importe de 36.231\u201908\u20ac y llevadas a cabo por &hellip;<\/p>\n","protected":false},"author":3,"featured_media":27332,"comment_status":"closed","ping_status":"open","sticky":false,"template":"","format":"standard","meta":{"ngg_post_thumbnail":0,"footnotes":""},"categories":[30],"tags":[],"class_list":["post-27331","post","type-post","status-publish","format-standard","has-post-thumbnail","hentry","category-cementerio"],"yoast_head":"<!-- This site is optimized with the Yoast SEO plugin v27.5 - https:\/\/yoast.com\/product\/yoast-seo-wordpress\/ -->\n<title>Casi 1.000 m\u00b2 permitir\u00e1n la construcci\u00f3n de Nichos, Panteones, Sepulturas y Osario General - MI Ayuntamiento de Caudete<\/title>\n<meta name=\"description\" content=\"P\u00e1gina Oficial del Ayuntamiento de Caudete (Albacete)\" \/>\n<meta name=\"robots\" content=\"index, follow, max-snippet:-1, max-image-preview:large, max-video-preview:-1\" \/>\n<link rel=\"canonical\" href=\"https:\/\/www.caudete.org\/ayuntamiento\/casi-1-000m2-permitiran-la-construccion-de-nichos-panteones-sepulturas-y-osario-general\/\" \/>\n<meta property=\"og:locale\" content=\"es_ES\" \/>\n<meta property=\"og:type\" content=\"article\" \/>\n<meta property=\"og:title\" content=\"Casi 1.000 m\u00b2 permitir\u00e1n la construcci\u00f3n de Nichos, Panteones, Sepulturas y Osario General - MI Ayuntamiento de Caudete\" \/>\n<meta property=\"og:description\" content=\"P\u00e1gina Oficial del Ayuntamiento de Caudete (Albacete)\" \/>\n<meta property=\"og:url\" content=\"https:\/\/www.caudete.org\/ayuntamiento\/casi-1-000m2-permitiran-la-construccion-de-nichos-panteones-sepulturas-y-osario-general\/\" \/>\n<meta property=\"og:site_name\" content=\"MI Ayuntamiento de Caudete\" \/>\n<meta property=\"article:publisher\" content=\"https:\/\/www.facebook.com\/ayuntamientocaudete\/\" \/>\n<meta property=\"article:published_time\" content=\"2025-01-30T08:51:46+00:00\" \/>\n<meta property=\"article:modified_time\" content=\"2025-01-31T13:14:13+00:00\" \/>\n<meta property=\"og:image\" content=\"https:\/\/www.caudete.org\/ayuntamiento\/wp-content\/uploads\/2025\/01\/DJI_0032-scaled.jpg\" \/>\n\t<meta property=\"og:image:width\" content=\"2560\" \/>\n\t<meta property=\"og:image:height\" content=\"1920\" \/>\n\t<meta property=\"og:image:type\" content=\"image\/jpeg\" \/>\n<meta name=\"author\" content=\"alcalde\" \/>\n<meta name=\"twitter:card\" content=\"summary_large_image\" \/>\n<meta name=\"twitter:label1\" content=\"Escrito por\" \/>\n\t<meta name=\"twitter:data1\" content=\"alcalde\" \/>\n\t<meta name=\"twitter:label2\" content=\"Tiempo de lectura\" \/>\n\t<meta name=\"twitter:data2\" content=\"3 minutos\" \/>\n<script type=\"application\/ld+json\" class=\"yoast-schema-graph\">{\"@context\":\"https:\\\/\\\/schema.org\",\"@graph\":[{\"@type\":\"Article\",\"@id\":\"https:\\\/\\\/www.caudete.org\\\/ayuntamiento\\\/casi-1-000m2-permitiran-la-construccion-de-nichos-panteones-sepulturas-y-osario-general\\\/#article\",\"isPartOf\":{\"@id\":\"https:\\\/\\\/www.caudete.org\\\/ayuntamiento\\\/casi-1-000m2-permitiran-la-construccion-de-nichos-panteones-sepulturas-y-osario-general\\\/\"},\"author\":{\"name\":\"alcalde\",\"@id\":\"https:\\\/\\\/www.caudete.org\\\/ayuntamiento\\\/#\\\/schema\\\/person\\\/cc646da9133078ee4d8dd47457947253\"},\"headline\":\"Casi 1.000 m\u00b2 permitir\u00e1n la construcci\u00f3n de Nichos, Panteones, Sepulturas y Osario General\",\"datePublished\":\"2025-01-30T08:51:46+00:00\",\"dateModified\":\"2025-01-31T13:14:13+00:00\",\"mainEntityOfPage\":{\"@id\":\"https:\\\/\\\/www.caudete.org\\\/ayuntamiento\\\/casi-1-000m2-permitiran-la-construccion-de-nichos-panteones-sepulturas-y-osario-general\\\/\"},\"wordCount\":457,\"publisher\":{\"@id\":\"https:\\\/\\\/www.caudete.org\\\/ayuntamiento\\\/#organization\"},\"image\":{\"@id\":\"https:\\\/\\\/www.caudete.org\\\/ayuntamiento\\\/casi-1-000m2-permitiran-la-construccion-de-nichos-panteones-sepulturas-y-osario-general\\\/#primaryimage\"},\"thumbnailUrl\":\"https:\\\/\\\/www.caudete.org\\\/ayuntamiento\\\/wp-content\\\/uploads\\\/2025\\\/01\\\/DJI_0032-scaled.jpg\",\"articleSection\":[\"Cementerio\"],\"inLanguage\":\"es\"},{\"@type\":\"WebPage\",\"@id\":\"https:\\\/\\\/www.caudete.org\\\/ayuntamiento\\\/casi-1-000m2-permitiran-la-construccion-de-nichos-panteones-sepulturas-y-osario-general\\\/\",\"url\":\"https:\\\/\\\/www.caudete.org\\\/ayuntamiento\\\/casi-1-000m2-permitiran-la-construccion-de-nichos-panteones-sepulturas-y-osario-general\\\/\",\"name\":\"Casi 1.000 m\u00b2 permitir\u00e1n la construcci\u00f3n de Nichos, Panteones, Sepulturas y Osario General - MI Ayuntamiento de Caudete\",\"isPartOf\":{\"@id\":\"https:\\\/\\\/www.caudete.org\\\/ayuntamiento\\\/#website\"},\"primaryImageOfPage\":{\"@id\":\"https:\\\/\\\/www.caudete.org\\\/ayuntamiento\\\/casi-1-000m2-permitiran-la-construccion-de-nichos-panteones-sepulturas-y-osario-general\\\/#primaryimage\"},\"image\":{\"@id\":\"https:\\\/\\\/www.caudete.org\\\/ayuntamiento\\\/casi-1-000m2-permitiran-la-construccion-de-nichos-panteones-sepulturas-y-osario-general\\\/#primaryimage\"},\"thumbnailUrl\":\"https:\\\/\\\/www.caudete.org\\\/ayuntamiento\\\/wp-content\\\/uploads\\\/2025\\\/01\\\/DJI_0032-scaled.jpg\",\"datePublished\":\"2025-01-30T08:51:46+00:00\",\"dateModified\":\"2025-01-31T13:14:13+00:00\",\"description\":\"P\u00e1gina Oficial del Ayuntamiento de Caudete (Albacete)\",\"breadcrumb\":{\"@id\":\"https:\\\/\\\/www.caudete.org\\\/ayuntamiento\\\/casi-1-000m2-permitiran-la-construccion-de-nichos-panteones-sepulturas-y-osario-general\\\/#breadcrumb\"},\"inLanguage\":\"es\",\"potentialAction\":[{\"@type\":\"ReadAction\",\"target\":[\"https:\\\/\\\/www.caudete.org\\\/ayuntamiento\\\/casi-1-000m2-permitiran-la-construccion-de-nichos-panteones-sepulturas-y-osario-general\\\/\"]}]},{\"@type\":\"ImageObject\",\"inLanguage\":\"es\",\"@id\":\"https:\\\/\\\/www.caudete.org\\\/ayuntamiento\\\/casi-1-000m2-permitiran-la-construccion-de-nichos-panteones-sepulturas-y-osario-general\\\/#primaryimage\",\"url\":\"https:\\\/\\\/www.caudete.org\\\/ayuntamiento\\\/wp-content\\\/uploads\\\/2025\\\/01\\\/DJI_0032-scaled.jpg\",\"contentUrl\":\"https:\\\/\\\/www.caudete.org\\\/ayuntamiento\\\/wp-content\\\/uploads\\\/2025\\\/01\\\/DJI_0032-scaled.jpg\",\"width\":2560,\"height\":1920},{\"@type\":\"BreadcrumbList\",\"@id\":\"https:\\\/\\\/www.caudete.org\\\/ayuntamiento\\\/casi-1-000m2-permitiran-la-construccion-de-nichos-panteones-sepulturas-y-osario-general\\\/#breadcrumb\",\"itemListElement\":[{\"@type\":\"ListItem\",\"position\":1,\"name\":\"Inicio\",\"item\":\"https:\\\/\\\/www.caudete.org\\\/ayuntamiento\\\/\"},{\"@type\":\"ListItem\",\"position\":2,\"name\":\"Casi 1.000 m\u00b2 permitir\u00e1n la construcci\u00f3n de Nichos, Panteones, Sepulturas y Osario General\"}]},{\"@type\":\"WebSite\",\"@id\":\"https:\\\/\\\/www.caudete.org\\\/ayuntamiento\\\/#website\",\"url\":\"https:\\\/\\\/www.caudete.org\\\/ayuntamiento\\\/\",\"name\":\"MI Ayuntamiento de Caudete\",\"description\":\"P\u00e1gina Oficial del MI Ayuntamiento de Caudete\",\"publisher\":{\"@id\":\"https:\\\/\\\/www.caudete.org\\\/ayuntamiento\\\/#organization\"},\"potentialAction\":[{\"@type\":\"SearchAction\",\"target\":{\"@type\":\"EntryPoint\",\"urlTemplate\":\"https:\\\/\\\/www.caudete.org\\\/ayuntamiento\\\/?s={search_term_string}\"},\"query-input\":{\"@type\":\"PropertyValueSpecification\",\"valueRequired\":true,\"valueName\":\"search_term_string\"}}],\"inLanguage\":\"es\"},{\"@type\":\"Organization\",\"@id\":\"https:\\\/\\\/www.caudete.org\\\/ayuntamiento\\\/#organization\",\"name\":\"Ayuntamiento de Caudete\",\"url\":\"https:\\\/\\\/www.caudete.org\\\/ayuntamiento\\\/\",\"logo\":{\"@type\":\"ImageObject\",\"inLanguage\":\"es\",\"@id\":\"https:\\\/\\\/www.caudete.org\\\/ayuntamiento\\\/#\\\/schema\\\/logo\\\/image\\\/\",\"url\":\"https:\\\/\\\/www.caudete.org\\\/ayuntamiento\\\/wp-content\\\/uploads\\\/2020\\\/11\\\/logo_ayuntamiento_caudete.jpg\",\"contentUrl\":\"https:\\\/\\\/www.caudete.org\\\/ayuntamiento\\\/wp-content\\\/uploads\\\/2020\\\/11\\\/logo_ayuntamiento_caudete.jpg\",\"width\":600,\"height\":150,\"caption\":\"Ayuntamiento de Caudete\"},\"image\":{\"@id\":\"https:\\\/\\\/www.caudete.org\\\/ayuntamiento\\\/#\\\/schema\\\/logo\\\/image\\\/\"},\"sameAs\":[\"https:\\\/\\\/www.facebook.com\\\/ayuntamientocaudete\\\/\",\"https:\\\/\\\/www.youtube.com\\\/channel\\\/UC6VztHaooNsGpw-tNoBEFnQ\"]},{\"@type\":\"Person\",\"@id\":\"https:\\\/\\\/www.caudete.org\\\/ayuntamiento\\\/#\\\/schema\\\/person\\\/cc646da9133078ee4d8dd47457947253\",\"name\":\"alcalde\",\"image\":{\"@type\":\"ImageObject\",\"inLanguage\":\"es\",\"@id\":\"https:\\\/\\\/secure.gravatar.com\\\/avatar\\\/84a817ba065b29ff08d666b215a215f5c79186a645ccb25b14a663d48a130f77?s=96&d=mm&r=g\",\"url\":\"https:\\\/\\\/secure.gravatar.com\\\/avatar\\\/84a817ba065b29ff08d666b215a215f5c79186a645ccb25b14a663d48a130f77?s=96&d=mm&r=g\",\"contentUrl\":\"https:\\\/\\\/secure.gravatar.com\\\/avatar\\\/84a817ba065b29ff08d666b215a215f5c79186a645ccb25b14a663d48a130f77?s=96&d=mm&r=g\",\"caption\":\"alcalde\"},\"url\":\"https:\\\/\\\/www.caudete.org\\\/ayuntamiento\\\/author\\\/alcalde\\\/\"}]}<\/script>\n<!-- \/ Yoast SEO plugin. -->","yoast_head_json":{"title":"Casi 1.000 m\u00b2 permitir\u00e1n la construcci\u00f3n de Nichos, Panteones, Sepulturas y Osario General - MI Ayuntamiento de Caudete","description":"P\u00e1gina Oficial del Ayuntamiento de Caudete (Albacete)","robots":{"index":"index","follow":"follow","max-snippet":"max-snippet:-1","max-image-preview":"max-image-preview:large","max-video-preview":"max-video-preview:-1"},"canonical":"https:\/\/www.caudete.org\/ayuntamiento\/casi-1-000m2-permitiran-la-construccion-de-nichos-panteones-sepulturas-y-osario-general\/","og_locale":"es_ES","og_type":"article","og_title":"Casi 1.000 m\u00b2 permitir\u00e1n la construcci\u00f3n de Nichos, Panteones, Sepulturas y Osario General - MI Ayuntamiento de Caudete","og_description":"P\u00e1gina Oficial del Ayuntamiento de Caudete (Albacete)","og_url":"https:\/\/www.caudete.org\/ayuntamiento\/casi-1-000m2-permitiran-la-construccion-de-nichos-panteones-sepulturas-y-osario-general\/","og_site_name":"MI Ayuntamiento de Caudete","article_publisher":"https:\/\/www.facebook.com\/ayuntamientocaudete\/","article_published_time":"2025-01-30T08:51:46+00:00","article_modified_time":"2025-01-31T13:14:13+00:00","og_image":[{"width":2560,"height":1920,"url":"https:\/\/www.caudete.org\/ayuntamiento\/wp-content\/uploads\/2025\/01\/DJI_0032-scaled.jpg","type":"image\/jpeg"}],"author":"alcalde","twitter_card":"summary_large_image","twitter_misc":{"Escrito por":"alcalde","Tiempo de lectura":"3 minutos"},"schema":{"@context":"https:\/\/schema.org","@graph":[{"@type":"Article","@id":"https:\/\/www.caudete.org\/ayuntamiento\/casi-1-000m2-permitiran-la-construccion-de-nichos-panteones-sepulturas-y-osario-general\/#article","isPartOf":{"@id":"https:\/\/www.caudete.org\/ayuntamiento\/casi-1-000m2-permitiran-la-construccion-de-nichos-panteones-sepulturas-y-osario-general\/"},"author":{"name":"alcalde","@id":"https:\/\/www.caudete.org\/ayuntamiento\/#\/schema\/person\/cc646da9133078ee4d8dd47457947253"},"headline":"Casi 1.000 m\u00b2 permitir\u00e1n la construcci\u00f3n de Nichos, Panteones, Sepulturas y Osario General","datePublished":"2025-01-30T08:51:46+00:00","dateModified":"2025-01-31T13:14:13+00:00","mainEntityOfPage":{"@id":"https:\/\/www.caudete.org\/ayuntamiento\/casi-1-000m2-permitiran-la-construccion-de-nichos-panteones-sepulturas-y-osario-general\/"},"wordCount":457,"publisher":{"@id":"https:\/\/www.caudete.org\/ayuntamiento\/#organization"},"image":{"@id":"https:\/\/www.caudete.org\/ayuntamiento\/casi-1-000m2-permitiran-la-construccion-de-nichos-panteones-sepulturas-y-osario-general\/#primaryimage"},"thumbnailUrl":"https:\/\/www.caudete.org\/ayuntamiento\/wp-content\/uploads\/2025\/01\/DJI_0032-scaled.jpg","articleSection":["Cementerio"],"inLanguage":"es"},{"@type":"WebPage","@id":"https:\/\/www.caudete.org\/ayuntamiento\/casi-1-000m2-permitiran-la-construccion-de-nichos-panteones-sepulturas-y-osario-general\/","url":"https:\/\/www.caudete.org\/ayuntamiento\/casi-1-000m2-permitiran-la-construccion-de-nichos-panteones-sepulturas-y-osario-general\/","name":"Casi 1.000 m\u00b2 permitir\u00e1n la construcci\u00f3n de Nichos, Panteones, Sepulturas y Osario General - MI Ayuntamiento de Caudete","isPartOf":{"@id":"https:\/\/www.caudete.org\/ayuntamiento\/#website"},"primaryImageOfPage":{"@id":"https:\/\/www.caudete.org\/ayuntamiento\/casi-1-000m2-permitiran-la-construccion-de-nichos-panteones-sepulturas-y-osario-general\/#primaryimage"},"image":{"@id":"https:\/\/www.caudete.org\/ayuntamiento\/casi-1-000m2-permitiran-la-construccion-de-nichos-panteones-sepulturas-y-osario-general\/#primaryimage"},"thumbnailUrl":"https:\/\/www.caudete.org\/ayuntamiento\/wp-content\/uploads\/2025\/01\/DJI_0032-scaled.jpg","datePublished":"2025-01-30T08:51:46+00:00","dateModified":"2025-01-31T13:14:13+00:00","description":"P\u00e1gina Oficial del Ayuntamiento de Caudete (Albacete)","breadcrumb":{"@id":"https:\/\/www.caudete.org\/ayuntamiento\/casi-1-000m2-permitiran-la-construccion-de-nichos-panteones-sepulturas-y-osario-general\/#breadcrumb"},"inLanguage":"es","potentialAction":[{"@type":"ReadAction","target":["https:\/\/www.caudete.org\/ayuntamiento\/casi-1-000m2-permitiran-la-construccion-de-nichos-panteones-sepulturas-y-osario-general\/"]}]},{"@type":"ImageObject","inLanguage":"es","@id":"https:\/\/www.caudete.org\/ayuntamiento\/casi-1-000m2-permitiran-la-construccion-de-nichos-panteones-sepulturas-y-osario-general\/#primaryimage","url":"https:\/\/www.caudete.org\/ayuntamiento\/wp-content\/uploads\/2025\/01\/DJI_0032-scaled.jpg","contentUrl":"https:\/\/www.caudete.org\/ayuntamiento\/wp-content\/uploads\/2025\/01\/DJI_0032-scaled.jpg","width":2560,"height":1920},{"@type":"BreadcrumbList","@id":"https:\/\/www.caudete.org\/ayuntamiento\/casi-1-000m2-permitiran-la-construccion-de-nichos-panteones-sepulturas-y-osario-general\/#breadcrumb","itemListElement":[{"@type":"ListItem","position":1,"name":"Inicio","item":"https:\/\/www.caudete.org\/ayuntamiento\/"},{"@type":"ListItem","position":2,"name":"Casi 1.000 m\u00b2 permitir\u00e1n la construcci\u00f3n de Nichos, Panteones, Sepulturas y Osario General"}]},{"@type":"WebSite","@id":"https:\/\/www.caudete.org\/ayuntamiento\/#website","url":"https:\/\/www.caudete.org\/ayuntamiento\/","name":"MI Ayuntamiento de Caudete","description":"P\u00e1gina Oficial del MI Ayuntamiento de Caudete","publisher":{"@id":"https:\/\/www.caudete.org\/ayuntamiento\/#organization"},"potentialAction":[{"@type":"SearchAction","target":{"@type":"EntryPoint","urlTemplate":"https:\/\/www.caudete.org\/ayuntamiento\/?s={search_term_string}"},"query-input":{"@type":"PropertyValueSpecification","valueRequired":true,"valueName":"search_term_string"}}],"inLanguage":"es"},{"@type":"Organization","@id":"https:\/\/www.caudete.org\/ayuntamiento\/#organization","name":"Ayuntamiento de Caudete","url":"https:\/\/www.caudete.org\/ayuntamiento\/","logo":{"@type":"ImageObject","inLanguage":"es","@id":"https:\/\/www.caudete.org\/ayuntamiento\/#\/schema\/logo\/image\/","url":"https:\/\/www.caudete.org\/ayuntamiento\/wp-content\/uploads\/2020\/11\/logo_ayuntamiento_caudete.jpg","contentUrl":"https:\/\/www.caudete.org\/ayuntamiento\/wp-content\/uploads\/2020\/11\/logo_ayuntamiento_caudete.jpg","width":600,"height":150,"caption":"Ayuntamiento de Caudete"},"image":{"@id":"https:\/\/www.caudete.org\/ayuntamiento\/#\/schema\/logo\/image\/"},"sameAs":["https:\/\/www.facebook.com\/ayuntamientocaudete\/","https:\/\/www.youtube.com\/channel\/UC6VztHaooNsGpw-tNoBEFnQ"]},{"@type":"Person","@id":"https:\/\/www.caudete.org\/ayuntamiento\/#\/schema\/person\/cc646da9133078ee4d8dd47457947253","name":"alcalde","image":{"@type":"ImageObject","inLanguage":"es","@id":"https:\/\/secure.gravatar.com\/avatar\/84a817ba065b29ff08d666b215a215f5c79186a645ccb25b14a663d48a130f77?s=96&d=mm&r=g","url":"https:\/\/secure.gravatar.com\/avatar\/84a817ba065b29ff08d666b215a215f5c79186a645ccb25b14a663d48a130f77?s=96&d=mm&r=g","contentUrl":"https:\/\/secure.gravatar.com\/avatar\/84a817ba065b29ff08d666b215a215f5c79186a645ccb25b14a663d48a130f77?s=96&d=mm&r=g","caption":"alcalde"},"url":"https:\/\/www.caudete.org\/ayuntamiento\/author\/alcalde\/"}]}},"_links":{"self":[{"href":"https:\/\/www.caudete.org\/ayuntamiento\/wp-json\/wp\/v2\/posts\/27331","targetHints":{"allow":["GET"]}}],"collection":[{"href":"https:\/\/www.caudete.org\/ayuntamiento\/wp-json\/wp\/v2\/posts"}],"about":[{"href":"https:\/\/www.caudete.org\/ayuntamiento\/wp-json\/wp\/v2\/types\/post"}],"author":[{"embeddable":true,"href":"https:\/\/www.caudete.org\/ayuntamiento\/wp-json\/wp\/v2\/users\/3"}],"replies":[{"embeddable":true,"href":"https:\/\/www.caudete.org\/ayuntamiento\/wp-json\/wp\/v2\/comments?post=27331"}],"version-history":[{"count":2,"href":"https:\/\/www.caudete.org\/ayuntamiento\/wp-json\/wp\/v2\/posts\/27331\/revisions"}],"predecessor-version":[{"id":27338,"href":"https:\/\/www.caudete.org\/ayuntamiento\/wp-json\/wp\/v2\/posts\/27331\/revisions\/27338"}],"wp:featuredmedia":[{"embeddable":true,"href":"https:\/\/www.caudete.org\/ayuntamiento\/wp-json\/wp\/v2\/media\/27332"}],"wp:attachment":[{"href":"https:\/\/www.caudete.org\/ayuntamiento\/wp-json\/wp\/v2\/media?parent=27331"}],"wp:term":[{"taxonomy":"category","embeddable":true,"href":"https:\/\/www.caudete.org\/ayuntamiento\/wp-json\/wp\/v2\/categories?post=27331"},{"taxonomy":"post_tag","embeddable":true,"href":"https:\/\/www.caudete.org\/ayuntamiento\/wp-json\/wp\/v2\/tags?post=27331"}],"curies":[{"name":"wp","href":"https:\/\/api.w.org\/{rel}","templated":true}]}}