{"id":27386,"date":"2025-02-06T09:00:18","date_gmt":"2025-02-06T08:00:18","guid":{"rendered":"https:\/\/www.caudete.org\/ayuntamiento\/?p=27386"},"modified":"2025-02-06T00:02:05","modified_gmt":"2025-02-05T23:02:05","slug":"el-suelo-industrial-de-caudete-presente-en-el-proyecto-dinamiza-que-impulsan-zincaman-y-la-diputacion","status":"publish","type":"post","link":"https:\/\/www.caudete.org\/ayuntamiento\/el-suelo-industrial-de-caudete-presente-en-el-proyecto-dinamiza-que-impulsan-zincaman-y-la-diputacion\/","title":{"rendered":"El suelo industrial de Caudete, presente en el proyecto DINAMIZA que impulsan ZINCAMAN y la Diputaci\u00f3n"},"content":{"rendered":"<p><a href=\"https:\/\/www.caudete.org\/ayuntamiento\/wp-content\/uploads\/2025\/02\/WhatsApp-Image-2025-02-05-at-23.23.58.jpeg\" rel='prettyPhoto'><img fetchpriority=\"high\" decoding=\"async\" class=\"alignnone wp-image-27392 size-full\" src=\"https:\/\/www.caudete.org\/ayuntamiento\/wp-content\/uploads\/2025\/02\/WhatsApp-Image-2025-02-05-at-23.23.58.jpeg\" alt=\"\" width=\"1080\" height=\"715\" srcset=\"https:\/\/www.caudete.org\/ayuntamiento\/wp-content\/uploads\/2025\/02\/WhatsApp-Image-2025-02-05-at-23.23.58.jpeg 1080w, https:\/\/www.caudete.org\/ayuntamiento\/wp-content\/uploads\/2025\/02\/WhatsApp-Image-2025-02-05-at-23.23.58-300x199.jpeg 300w, https:\/\/www.caudete.org\/ayuntamiento\/wp-content\/uploads\/2025\/02\/WhatsApp-Image-2025-02-05-at-23.23.58-1024x678.jpeg 1024w, https:\/\/www.caudete.org\/ayuntamiento\/wp-content\/uploads\/2025\/02\/WhatsApp-Image-2025-02-05-at-23.23.58-768x508.jpeg 768w\" sizes=\"(max-width: 1080px) 100vw, 1080px\" \/><\/a><\/p>\n<p><a href=\"https:\/\/www.caudete.org\/ayuntamiento\/wp-content\/uploads\/2025\/02\/WhatsApp-Image-2025-02-05-at-23.23.59-1.jpeg\" rel='prettyPhoto'><img decoding=\"async\" class=\"alignnone wp-image-27390 size-full\" src=\"https:\/\/www.caudete.org\/ayuntamiento\/wp-content\/uploads\/2025\/02\/WhatsApp-Image-2025-02-05-at-23.23.59-1.jpeg\" alt=\"\" width=\"1080\" height=\"608\" srcset=\"https:\/\/www.caudete.org\/ayuntamiento\/wp-content\/uploads\/2025\/02\/WhatsApp-Image-2025-02-05-at-23.23.59-1.jpeg 1080w, https:\/\/www.caudete.org\/ayuntamiento\/wp-content\/uploads\/2025\/02\/WhatsApp-Image-2025-02-05-at-23.23.59-1-300x169.jpeg 300w, https:\/\/www.caudete.org\/ayuntamiento\/wp-content\/uploads\/2025\/02\/WhatsApp-Image-2025-02-05-at-23.23.59-1-1024x576.jpeg 1024w, https:\/\/www.caudete.org\/ayuntamiento\/wp-content\/uploads\/2025\/02\/WhatsApp-Image-2025-02-05-at-23.23.59-1-768x432.jpeg 768w\" sizes=\"(max-width: 1080px) 100vw, 1080px\" \/><\/a> <a href=\"https:\/\/www.caudete.org\/ayuntamiento\/wp-content\/uploads\/2025\/02\/WhatsApp-Image-2025-02-05-at-23.23.59.jpeg\" rel='prettyPhoto'><img decoding=\"async\" class=\"alignnone wp-image-27391 size-full\" src=\"https:\/\/www.caudete.org\/ayuntamiento\/wp-content\/uploads\/2025\/02\/WhatsApp-Image-2025-02-05-at-23.23.59.jpeg\" alt=\"\" width=\"1080\" height=\"608\" srcset=\"https:\/\/www.caudete.org\/ayuntamiento\/wp-content\/uploads\/2025\/02\/WhatsApp-Image-2025-02-05-at-23.23.59.jpeg 1080w, https:\/\/www.caudete.org\/ayuntamiento\/wp-content\/uploads\/2025\/02\/WhatsApp-Image-2025-02-05-at-23.23.59-300x169.jpeg 300w, https:\/\/www.caudete.org\/ayuntamiento\/wp-content\/uploads\/2025\/02\/WhatsApp-Image-2025-02-05-at-23.23.59-1024x576.jpeg 1024w, https:\/\/www.caudete.org\/ayuntamiento\/wp-content\/uploads\/2025\/02\/WhatsApp-Image-2025-02-05-at-23.23.59-768x432.jpeg 768w\" sizes=\"(max-width: 1080px) 100vw, 1080px\" \/><\/a><\/p>\n<p style=\"text-align: justify;\">El proyecto DINAMIZA que impulsa la Asociaci\u00f3n Regional de Zonas Industriales (ZINCAMAN) fue objeto de reuni\u00f3n el pasado martes en la Diputaci\u00f3n de Albacete, acto al que asistieron el Alcalde Mois\u00e9s L\u00f3pez y la Concejal de Promoci\u00f3n y Desarrollo Econ\u00f3mico M\u00aa Dolores Requena.<\/p>\n<p style=\"text-align: justify;\">En 2022 la Diputaci\u00f3n firm\u00f3 un convenio de colaboraci\u00f3n con ZINCAMAN. El objetivo de ese convenio era la dinamizaci\u00f3n de las \u00e1reas industriales de la provincia, con el objetivo de detectar las necesidades de las \u00e1reas industriales, hace run mapa del suelo industrial de la provincia, y ayudar a su impulso y promoci\u00f3n.<\/p>\n<p style=\"text-align: justify;\">Caudete, integrante de ZINCAMAN desde el momento de su fundaci\u00f3n en 2018, forma parte de la Junta Directiva, teniendo representado todo el suelo industrial en la misma, tanto el Pol\u00edgono Industrial &#8220;Los Villares&#8221; como del Parque Tecnol\u00f3gico Empresarial.<\/p>\n<p style=\"text-align: justify;\">En la provincia hay 47 n\u00facleos industriales que conforman 20.000.000 metros cuadrados de suelo industrial, permitiendo la atracci\u00f3n de m\u00e1s de 15 millones de personas a todos los niveles.<\/p>\n<p><a href=\"https:\/\/www.caudete.org\/ayuntamiento\/wp-content\/uploads\/2025\/02\/dinamiza3.jpg\" rel='prettyPhoto'><img loading=\"lazy\" decoding=\"async\" class=\"alignnone wp-image-27389 size-full\" src=\"https:\/\/www.caudete.org\/ayuntamiento\/wp-content\/uploads\/2025\/02\/dinamiza3.jpg\" alt=\"\" width=\"1340\" height=\"471\" srcset=\"https:\/\/www.caudete.org\/ayuntamiento\/wp-content\/uploads\/2025\/02\/dinamiza3.jpg 1340w, https:\/\/www.caudete.org\/ayuntamiento\/wp-content\/uploads\/2025\/02\/dinamiza3-300x105.jpg 300w, https:\/\/www.caudete.org\/ayuntamiento\/wp-content\/uploads\/2025\/02\/dinamiza3-1024x360.jpg 1024w, https:\/\/www.caudete.org\/ayuntamiento\/wp-content\/uploads\/2025\/02\/dinamiza3-768x270.jpg 768w\" sizes=\"(max-width: 1340px) 100vw, 1340px\" \/><\/a><\/p>\n<p><a href=\"https:\/\/www.caudete.org\/ayuntamiento\/wp-content\/uploads\/2025\/02\/dinamiza1.jpg\" rel='prettyPhoto'><img loading=\"lazy\" decoding=\"async\" class=\"alignnone wp-image-27387 size-full\" src=\"https:\/\/www.caudete.org\/ayuntamiento\/wp-content\/uploads\/2025\/02\/dinamiza1.jpg\" alt=\"\" width=\"1771\" height=\"786\" srcset=\"https:\/\/www.caudete.org\/ayuntamiento\/wp-content\/uploads\/2025\/02\/dinamiza1.jpg 1771w, https:\/\/www.caudete.org\/ayuntamiento\/wp-content\/uploads\/2025\/02\/dinamiza1-300x133.jpg 300w, https:\/\/www.caudete.org\/ayuntamiento\/wp-content\/uploads\/2025\/02\/dinamiza1-1024x454.jpg 1024w, https:\/\/www.caudete.org\/ayuntamiento\/wp-content\/uploads\/2025\/02\/dinamiza1-768x341.jpg 768w, https:\/\/www.caudete.org\/ayuntamiento\/wp-content\/uploads\/2025\/02\/dinamiza1-1536x682.jpg 1536w\" sizes=\"(max-width: 1771px) 100vw, 1771px\" \/><\/a> <a href=\"https:\/\/www.caudete.org\/ayuntamiento\/wp-content\/uploads\/2025\/02\/dinamiza2.jpg\" rel='prettyPhoto'><img loading=\"lazy\" decoding=\"async\" class=\"alignnone wp-image-27388 size-full\" src=\"https:\/\/www.caudete.org\/ayuntamiento\/wp-content\/uploads\/2025\/02\/dinamiza2.jpg\" alt=\"\" width=\"1706\" height=\"717\" srcset=\"https:\/\/www.caudete.org\/ayuntamiento\/wp-content\/uploads\/2025\/02\/dinamiza2.jpg 1706w, https:\/\/www.caudete.org\/ayuntamiento\/wp-content\/uploads\/2025\/02\/dinamiza2-300x126.jpg 300w, https:\/\/www.caudete.org\/ayuntamiento\/wp-content\/uploads\/2025\/02\/dinamiza2-1024x430.jpg 1024w, https:\/\/www.caudete.org\/ayuntamiento\/wp-content\/uploads\/2025\/02\/dinamiza2-768x323.jpg 768w, https:\/\/www.caudete.org\/ayuntamiento\/wp-content\/uploads\/2025\/02\/dinamiza2-1536x646.jpg 1536w\" sizes=\"(max-width: 1706px) 100vw, 1706px\" \/><\/a><\/p>\n","protected":false},"excerpt":{"rendered":"<p>El proyecto DINAMIZA que impulsa la Asociaci\u00f3n Regional de Zonas Industriales (ZINCAMAN) fue objeto de reuni\u00f3n el pasado martes en la Diputaci\u00f3n de Albacete, acto al que asistieron el Alcalde Mois\u00e9s L\u00f3pez y la Concejal de Promoci\u00f3n y Desarrollo Econ\u00f3mico M\u00aa Dolores Requena. En 2022 la Diputaci\u00f3n firm\u00f3 un convenio de colaboraci\u00f3n con ZINCAMAN. El &hellip;<\/p>\n","protected":false},"author":3,"featured_media":27392,"comment_status":"closed","ping_status":"open","sticky":false,"template":"","format":"standard","meta":{"ngg_post_thumbnail":0,"footnotes":""},"categories":[851],"tags":[],"class_list":["post-27386","post","type-post","status-publish","format-standard","has-post-thumbnail","hentry","category-promocion-y-desarrollo-economico"],"yoast_head":"<!-- This site is optimized with the Yoast SEO plugin v27.4 - https:\/\/yoast.com\/product\/yoast-seo-wordpress\/ -->\n<title>El suelo industrial de Caudete, presente en el proyecto DINAMIZA que impulsan ZINCAMAN y la Diputaci\u00f3n - MI Ayuntamiento de Caudete<\/title>\n<meta name=\"description\" content=\"P\u00e1gina Oficial del Ayuntamiento de Caudete (Albacete)\" \/>\n<meta name=\"robots\" content=\"index, follow, max-snippet:-1, max-image-preview:large, max-video-preview:-1\" \/>\n<link rel=\"canonical\" href=\"https:\/\/www.caudete.org\/ayuntamiento\/el-suelo-industrial-de-caudete-presente-en-el-proyecto-dinamiza-que-impulsan-zincaman-y-la-diputacion\/\" \/>\n<meta property=\"og:locale\" content=\"es_ES\" \/>\n<meta property=\"og:type\" content=\"article\" \/>\n<meta property=\"og:title\" content=\"El suelo industrial de Caudete, presente en el proyecto DINAMIZA que impulsan ZINCAMAN y la Diputaci\u00f3n - MI Ayuntamiento de Caudete\" \/>\n<meta property=\"og:description\" content=\"P\u00e1gina Oficial del Ayuntamiento de Caudete (Albacete)\" \/>\n<meta property=\"og:url\" content=\"https:\/\/www.caudete.org\/ayuntamiento\/el-suelo-industrial-de-caudete-presente-en-el-proyecto-dinamiza-que-impulsan-zincaman-y-la-diputacion\/\" \/>\n<meta property=\"og:site_name\" content=\"MI Ayuntamiento de Caudete\" \/>\n<meta property=\"article:publisher\" content=\"https:\/\/www.facebook.com\/ayuntamientocaudete\/\" \/>\n<meta property=\"article:published_time\" content=\"2025-02-06T08:00:18+00:00\" \/>\n<meta property=\"og:image\" content=\"https:\/\/www.caudete.org\/ayuntamiento\/wp-content\/uploads\/2025\/02\/WhatsApp-Image-2025-02-05-at-23.23.58.jpeg\" \/>\n\t<meta property=\"og:image:width\" content=\"1080\" \/>\n\t<meta property=\"og:image:height\" content=\"715\" \/>\n\t<meta property=\"og:image:type\" content=\"image\/jpeg\" \/>\n<meta name=\"author\" content=\"alcalde\" \/>\n<meta name=\"twitter:card\" content=\"summary_large_image\" \/>\n<meta name=\"twitter:label1\" content=\"Escrito por\" \/>\n\t<meta name=\"twitter:data1\" content=\"alcalde\" \/>\n\t<meta name=\"twitter:label2\" content=\"Tiempo de lectura\" \/>\n\t<meta name=\"twitter:data2\" content=\"3 minutos\" \/>\n<script type=\"application\/ld+json\" class=\"yoast-schema-graph\">{\"@context\":\"https:\\\/\\\/schema.org\",\"@graph\":[{\"@type\":\"Article\",\"@id\":\"https:\\\/\\\/www.caudete.org\\\/ayuntamiento\\\/el-suelo-industrial-de-caudete-presente-en-el-proyecto-dinamiza-que-impulsan-zincaman-y-la-diputacion\\\/#article\",\"isPartOf\":{\"@id\":\"https:\\\/\\\/www.caudete.org\\\/ayuntamiento\\\/el-suelo-industrial-de-caudete-presente-en-el-proyecto-dinamiza-que-impulsan-zincaman-y-la-diputacion\\\/\"},\"author\":{\"name\":\"alcalde\",\"@id\":\"https:\\\/\\\/www.caudete.org\\\/ayuntamiento\\\/#\\\/schema\\\/person\\\/cc646da9133078ee4d8dd47457947253\"},\"headline\":\"El suelo industrial de Caudete, presente en el proyecto DINAMIZA que impulsan ZINCAMAN y la Diputaci\u00f3n\",\"datePublished\":\"2025-02-06T08:00:18+00:00\",\"mainEntityOfPage\":{\"@id\":\"https:\\\/\\\/www.caudete.org\\\/ayuntamiento\\\/el-suelo-industrial-de-caudete-presente-en-el-proyecto-dinamiza-que-impulsan-zincaman-y-la-diputacion\\\/\"},\"wordCount\":192,\"publisher\":{\"@id\":\"https:\\\/\\\/www.caudete.org\\\/ayuntamiento\\\/#organization\"},\"image\":{\"@id\":\"https:\\\/\\\/www.caudete.org\\\/ayuntamiento\\\/el-suelo-industrial-de-caudete-presente-en-el-proyecto-dinamiza-que-impulsan-zincaman-y-la-diputacion\\\/#primaryimage\"},\"thumbnailUrl\":\"https:\\\/\\\/www.caudete.org\\\/ayuntamiento\\\/wp-content\\\/uploads\\\/2025\\\/02\\\/WhatsApp-Image-2025-02-05-at-23.23.58.jpeg\",\"articleSection\":[\"Promoci\u00f3n y Desarrollo Econ\u00f3mico\"],\"inLanguage\":\"es\"},{\"@type\":\"WebPage\",\"@id\":\"https:\\\/\\\/www.caudete.org\\\/ayuntamiento\\\/el-suelo-industrial-de-caudete-presente-en-el-proyecto-dinamiza-que-impulsan-zincaman-y-la-diputacion\\\/\",\"url\":\"https:\\\/\\\/www.caudete.org\\\/ayuntamiento\\\/el-suelo-industrial-de-caudete-presente-en-el-proyecto-dinamiza-que-impulsan-zincaman-y-la-diputacion\\\/\",\"name\":\"El suelo industrial de Caudete, presente en el proyecto DINAMIZA que impulsan ZINCAMAN y la Diputaci\u00f3n - MI Ayuntamiento de Caudete\",\"isPartOf\":{\"@id\":\"https:\\\/\\\/www.caudete.org\\\/ayuntamiento\\\/#website\"},\"primaryImageOfPage\":{\"@id\":\"https:\\\/\\\/www.caudete.org\\\/ayuntamiento\\\/el-suelo-industrial-de-caudete-presente-en-el-proyecto-dinamiza-que-impulsan-zincaman-y-la-diputacion\\\/#primaryimage\"},\"image\":{\"@id\":\"https:\\\/\\\/www.caudete.org\\\/ayuntamiento\\\/el-suelo-industrial-de-caudete-presente-en-el-proyecto-dinamiza-que-impulsan-zincaman-y-la-diputacion\\\/#primaryimage\"},\"thumbnailUrl\":\"https:\\\/\\\/www.caudete.org\\\/ayuntamiento\\\/wp-content\\\/uploads\\\/2025\\\/02\\\/WhatsApp-Image-2025-02-05-at-23.23.58.jpeg\",\"datePublished\":\"2025-02-06T08:00:18+00:00\",\"description\":\"P\u00e1gina Oficial del Ayuntamiento de Caudete (Albacete)\",\"breadcrumb\":{\"@id\":\"https:\\\/\\\/www.caudete.org\\\/ayuntamiento\\\/el-suelo-industrial-de-caudete-presente-en-el-proyecto-dinamiza-que-impulsan-zincaman-y-la-diputacion\\\/#breadcrumb\"},\"inLanguage\":\"es\",\"potentialAction\":[{\"@type\":\"ReadAction\",\"target\":[\"https:\\\/\\\/www.caudete.org\\\/ayuntamiento\\\/el-suelo-industrial-de-caudete-presente-en-el-proyecto-dinamiza-que-impulsan-zincaman-y-la-diputacion\\\/\"]}]},{\"@type\":\"ImageObject\",\"inLanguage\":\"es\",\"@id\":\"https:\\\/\\\/www.caudete.org\\\/ayuntamiento\\\/el-suelo-industrial-de-caudete-presente-en-el-proyecto-dinamiza-que-impulsan-zincaman-y-la-diputacion\\\/#primaryimage\",\"url\":\"https:\\\/\\\/www.caudete.org\\\/ayuntamiento\\\/wp-content\\\/uploads\\\/2025\\\/02\\\/WhatsApp-Image-2025-02-05-at-23.23.58.jpeg\",\"contentUrl\":\"https:\\\/\\\/www.caudete.org\\\/ayuntamiento\\\/wp-content\\\/uploads\\\/2025\\\/02\\\/WhatsApp-Image-2025-02-05-at-23.23.58.jpeg\",\"width\":1080,\"height\":715},{\"@type\":\"BreadcrumbList\",\"@id\":\"https:\\\/\\\/www.caudete.org\\\/ayuntamiento\\\/el-suelo-industrial-de-caudete-presente-en-el-proyecto-dinamiza-que-impulsan-zincaman-y-la-diputacion\\\/#breadcrumb\",\"itemListElement\":[{\"@type\":\"ListItem\",\"position\":1,\"name\":\"Inicio\",\"item\":\"https:\\\/\\\/www.caudete.org\\\/ayuntamiento\\\/\"},{\"@type\":\"ListItem\",\"position\":2,\"name\":\"El suelo industrial de Caudete, presente en el proyecto DINAMIZA que impulsan ZINCAMAN y la Diputaci\u00f3n\"}]},{\"@type\":\"WebSite\",\"@id\":\"https:\\\/\\\/www.caudete.org\\\/ayuntamiento\\\/#website\",\"url\":\"https:\\\/\\\/www.caudete.org\\\/ayuntamiento\\\/\",\"name\":\"MI Ayuntamiento de Caudete\",\"description\":\"P\u00e1gina Oficial del MI Ayuntamiento de Caudete\",\"publisher\":{\"@id\":\"https:\\\/\\\/www.caudete.org\\\/ayuntamiento\\\/#organization\"},\"potentialAction\":[{\"@type\":\"SearchAction\",\"target\":{\"@type\":\"EntryPoint\",\"urlTemplate\":\"https:\\\/\\\/www.caudete.org\\\/ayuntamiento\\\/?s={search_term_string}\"},\"query-input\":{\"@type\":\"PropertyValueSpecification\",\"valueRequired\":true,\"valueName\":\"search_term_string\"}}],\"inLanguage\":\"es\"},{\"@type\":\"Organization\",\"@id\":\"https:\\\/\\\/www.caudete.org\\\/ayuntamiento\\\/#organization\",\"name\":\"Ayuntamiento de Caudete\",\"url\":\"https:\\\/\\\/www.caudete.org\\\/ayuntamiento\\\/\",\"logo\":{\"@type\":\"ImageObject\",\"inLanguage\":\"es\",\"@id\":\"https:\\\/\\\/www.caudete.org\\\/ayuntamiento\\\/#\\\/schema\\\/logo\\\/image\\\/\",\"url\":\"https:\\\/\\\/www.caudete.org\\\/ayuntamiento\\\/wp-content\\\/uploads\\\/2020\\\/11\\\/logo_ayuntamiento_caudete.jpg\",\"contentUrl\":\"https:\\\/\\\/www.caudete.org\\\/ayuntamiento\\\/wp-content\\\/uploads\\\/2020\\\/11\\\/logo_ayuntamiento_caudete.jpg\",\"width\":600,\"height\":150,\"caption\":\"Ayuntamiento de Caudete\"},\"image\":{\"@id\":\"https:\\\/\\\/www.caudete.org\\\/ayuntamiento\\\/#\\\/schema\\\/logo\\\/image\\\/\"},\"sameAs\":[\"https:\\\/\\\/www.facebook.com\\\/ayuntamientocaudete\\\/\",\"https:\\\/\\\/www.youtube.com\\\/channel\\\/UC6VztHaooNsGpw-tNoBEFnQ\"]},{\"@type\":\"Person\",\"@id\":\"https:\\\/\\\/www.caudete.org\\\/ayuntamiento\\\/#\\\/schema\\\/person\\\/cc646da9133078ee4d8dd47457947253\",\"name\":\"alcalde\",\"image\":{\"@type\":\"ImageObject\",\"inLanguage\":\"es\",\"@id\":\"https:\\\/\\\/secure.gravatar.com\\\/avatar\\\/84a817ba065b29ff08d666b215a215f5c79186a645ccb25b14a663d48a130f77?s=96&d=mm&r=g\",\"url\":\"https:\\\/\\\/secure.gravatar.com\\\/avatar\\\/84a817ba065b29ff08d666b215a215f5c79186a645ccb25b14a663d48a130f77?s=96&d=mm&r=g\",\"contentUrl\":\"https:\\\/\\\/secure.gravatar.com\\\/avatar\\\/84a817ba065b29ff08d666b215a215f5c79186a645ccb25b14a663d48a130f77?s=96&d=mm&r=g\",\"caption\":\"alcalde\"},\"url\":\"https:\\\/\\\/www.caudete.org\\\/ayuntamiento\\\/author\\\/alcalde\\\/\"}]}<\/script>\n<!-- \/ Yoast SEO plugin. -->","yoast_head_json":{"title":"El suelo industrial de Caudete, presente en el proyecto DINAMIZA que impulsan ZINCAMAN y la Diputaci\u00f3n - MI Ayuntamiento de Caudete","description":"P\u00e1gina Oficial del Ayuntamiento de Caudete (Albacete)","robots":{"index":"index","follow":"follow","max-snippet":"max-snippet:-1","max-image-preview":"max-image-preview:large","max-video-preview":"max-video-preview:-1"},"canonical":"https:\/\/www.caudete.org\/ayuntamiento\/el-suelo-industrial-de-caudete-presente-en-el-proyecto-dinamiza-que-impulsan-zincaman-y-la-diputacion\/","og_locale":"es_ES","og_type":"article","og_title":"El suelo industrial de Caudete, presente en el proyecto DINAMIZA que impulsan ZINCAMAN y la Diputaci\u00f3n - MI Ayuntamiento de Caudete","og_description":"P\u00e1gina Oficial del Ayuntamiento de Caudete (Albacete)","og_url":"https:\/\/www.caudete.org\/ayuntamiento\/el-suelo-industrial-de-caudete-presente-en-el-proyecto-dinamiza-que-impulsan-zincaman-y-la-diputacion\/","og_site_name":"MI Ayuntamiento de Caudete","article_publisher":"https:\/\/www.facebook.com\/ayuntamientocaudete\/","article_published_time":"2025-02-06T08:00:18+00:00","og_image":[{"width":1080,"height":715,"url":"https:\/\/www.caudete.org\/ayuntamiento\/wp-content\/uploads\/2025\/02\/WhatsApp-Image-2025-02-05-at-23.23.58.jpeg","type":"image\/jpeg"}],"author":"alcalde","twitter_card":"summary_large_image","twitter_misc":{"Escrito por":"alcalde","Tiempo de lectura":"3 minutos"},"schema":{"@context":"https:\/\/schema.org","@graph":[{"@type":"Article","@id":"https:\/\/www.caudete.org\/ayuntamiento\/el-suelo-industrial-de-caudete-presente-en-el-proyecto-dinamiza-que-impulsan-zincaman-y-la-diputacion\/#article","isPartOf":{"@id":"https:\/\/www.caudete.org\/ayuntamiento\/el-suelo-industrial-de-caudete-presente-en-el-proyecto-dinamiza-que-impulsan-zincaman-y-la-diputacion\/"},"author":{"name":"alcalde","@id":"https:\/\/www.caudete.org\/ayuntamiento\/#\/schema\/person\/cc646da9133078ee4d8dd47457947253"},"headline":"El suelo industrial de Caudete, presente en el proyecto DINAMIZA que impulsan ZINCAMAN y la Diputaci\u00f3n","datePublished":"2025-02-06T08:00:18+00:00","mainEntityOfPage":{"@id":"https:\/\/www.caudete.org\/ayuntamiento\/el-suelo-industrial-de-caudete-presente-en-el-proyecto-dinamiza-que-impulsan-zincaman-y-la-diputacion\/"},"wordCount":192,"publisher":{"@id":"https:\/\/www.caudete.org\/ayuntamiento\/#organization"},"image":{"@id":"https:\/\/www.caudete.org\/ayuntamiento\/el-suelo-industrial-de-caudete-presente-en-el-proyecto-dinamiza-que-impulsan-zincaman-y-la-diputacion\/#primaryimage"},"thumbnailUrl":"https:\/\/www.caudete.org\/ayuntamiento\/wp-content\/uploads\/2025\/02\/WhatsApp-Image-2025-02-05-at-23.23.58.jpeg","articleSection":["Promoci\u00f3n y Desarrollo Econ\u00f3mico"],"inLanguage":"es"},{"@type":"WebPage","@id":"https:\/\/www.caudete.org\/ayuntamiento\/el-suelo-industrial-de-caudete-presente-en-el-proyecto-dinamiza-que-impulsan-zincaman-y-la-diputacion\/","url":"https:\/\/www.caudete.org\/ayuntamiento\/el-suelo-industrial-de-caudete-presente-en-el-proyecto-dinamiza-que-impulsan-zincaman-y-la-diputacion\/","name":"El suelo industrial de Caudete, presente en el proyecto DINAMIZA que impulsan ZINCAMAN y la Diputaci\u00f3n - MI Ayuntamiento de Caudete","isPartOf":{"@id":"https:\/\/www.caudete.org\/ayuntamiento\/#website"},"primaryImageOfPage":{"@id":"https:\/\/www.caudete.org\/ayuntamiento\/el-suelo-industrial-de-caudete-presente-en-el-proyecto-dinamiza-que-impulsan-zincaman-y-la-diputacion\/#primaryimage"},"image":{"@id":"https:\/\/www.caudete.org\/ayuntamiento\/el-suelo-industrial-de-caudete-presente-en-el-proyecto-dinamiza-que-impulsan-zincaman-y-la-diputacion\/#primaryimage"},"thumbnailUrl":"https:\/\/www.caudete.org\/ayuntamiento\/wp-content\/uploads\/2025\/02\/WhatsApp-Image-2025-02-05-at-23.23.58.jpeg","datePublished":"2025-02-06T08:00:18+00:00","description":"P\u00e1gina Oficial del Ayuntamiento de Caudete (Albacete)","breadcrumb":{"@id":"https:\/\/www.caudete.org\/ayuntamiento\/el-suelo-industrial-de-caudete-presente-en-el-proyecto-dinamiza-que-impulsan-zincaman-y-la-diputacion\/#breadcrumb"},"inLanguage":"es","potentialAction":[{"@type":"ReadAction","target":["https:\/\/www.caudete.org\/ayuntamiento\/el-suelo-industrial-de-caudete-presente-en-el-proyecto-dinamiza-que-impulsan-zincaman-y-la-diputacion\/"]}]},{"@type":"ImageObject","inLanguage":"es","@id":"https:\/\/www.caudete.org\/ayuntamiento\/el-suelo-industrial-de-caudete-presente-en-el-proyecto-dinamiza-que-impulsan-zincaman-y-la-diputacion\/#primaryimage","url":"https:\/\/www.caudete.org\/ayuntamiento\/wp-content\/uploads\/2025\/02\/WhatsApp-Image-2025-02-05-at-23.23.58.jpeg","contentUrl":"https:\/\/www.caudete.org\/ayuntamiento\/wp-content\/uploads\/2025\/02\/WhatsApp-Image-2025-02-05-at-23.23.58.jpeg","width":1080,"height":715},{"@type":"BreadcrumbList","@id":"https:\/\/www.caudete.org\/ayuntamiento\/el-suelo-industrial-de-caudete-presente-en-el-proyecto-dinamiza-que-impulsan-zincaman-y-la-diputacion\/#breadcrumb","itemListElement":[{"@type":"ListItem","position":1,"name":"Inicio","item":"https:\/\/www.caudete.org\/ayuntamiento\/"},{"@type":"ListItem","position":2,"name":"El suelo industrial de Caudete, presente en el proyecto DINAMIZA que impulsan ZINCAMAN y la Diputaci\u00f3n"}]},{"@type":"WebSite","@id":"https:\/\/www.caudete.org\/ayuntamiento\/#website","url":"https:\/\/www.caudete.org\/ayuntamiento\/","name":"MI Ayuntamiento de Caudete","description":"P\u00e1gina Oficial del MI Ayuntamiento de Caudete","publisher":{"@id":"https:\/\/www.caudete.org\/ayuntamiento\/#organization"},"potentialAction":[{"@type":"SearchAction","target":{"@type":"EntryPoint","urlTemplate":"https:\/\/www.caudete.org\/ayuntamiento\/?s={search_term_string}"},"query-input":{"@type":"PropertyValueSpecification","valueRequired":true,"valueName":"search_term_string"}}],"inLanguage":"es"},{"@type":"Organization","@id":"https:\/\/www.caudete.org\/ayuntamiento\/#organization","name":"Ayuntamiento de Caudete","url":"https:\/\/www.caudete.org\/ayuntamiento\/","logo":{"@type":"ImageObject","inLanguage":"es","@id":"https:\/\/www.caudete.org\/ayuntamiento\/#\/schema\/logo\/image\/","url":"https:\/\/www.caudete.org\/ayuntamiento\/wp-content\/uploads\/2020\/11\/logo_ayuntamiento_caudete.jpg","contentUrl":"https:\/\/www.caudete.org\/ayuntamiento\/wp-content\/uploads\/2020\/11\/logo_ayuntamiento_caudete.jpg","width":600,"height":150,"caption":"Ayuntamiento de Caudete"},"image":{"@id":"https:\/\/www.caudete.org\/ayuntamiento\/#\/schema\/logo\/image\/"},"sameAs":["https:\/\/www.facebook.com\/ayuntamientocaudete\/","https:\/\/www.youtube.com\/channel\/UC6VztHaooNsGpw-tNoBEFnQ"]},{"@type":"Person","@id":"https:\/\/www.caudete.org\/ayuntamiento\/#\/schema\/person\/cc646da9133078ee4d8dd47457947253","name":"alcalde","image":{"@type":"ImageObject","inLanguage":"es","@id":"https:\/\/secure.gravatar.com\/avatar\/84a817ba065b29ff08d666b215a215f5c79186a645ccb25b14a663d48a130f77?s=96&d=mm&r=g","url":"https:\/\/secure.gravatar.com\/avatar\/84a817ba065b29ff08d666b215a215f5c79186a645ccb25b14a663d48a130f77?s=96&d=mm&r=g","contentUrl":"https:\/\/secure.gravatar.com\/avatar\/84a817ba065b29ff08d666b215a215f5c79186a645ccb25b14a663d48a130f77?s=96&d=mm&r=g","caption":"alcalde"},"url":"https:\/\/www.caudete.org\/ayuntamiento\/author\/alcalde\/"}]}},"_links":{"self":[{"href":"https:\/\/www.caudete.org\/ayuntamiento\/wp-json\/wp\/v2\/posts\/27386","targetHints":{"allow":["GET"]}}],"collection":[{"href":"https:\/\/www.caudete.org\/ayuntamiento\/wp-json\/wp\/v2\/posts"}],"about":[{"href":"https:\/\/www.caudete.org\/ayuntamiento\/wp-json\/wp\/v2\/types\/post"}],"author":[{"embeddable":true,"href":"https:\/\/www.caudete.org\/ayuntamiento\/wp-json\/wp\/v2\/users\/3"}],"replies":[{"embeddable":true,"href":"https:\/\/www.caudete.org\/ayuntamiento\/wp-json\/wp\/v2\/comments?post=27386"}],"version-history":[{"count":1,"href":"https:\/\/www.caudete.org\/ayuntamiento\/wp-json\/wp\/v2\/posts\/27386\/revisions"}],"predecessor-version":[{"id":27393,"href":"https:\/\/www.caudete.org\/ayuntamiento\/wp-json\/wp\/v2\/posts\/27386\/revisions\/27393"}],"wp:featuredmedia":[{"embeddable":true,"href":"https:\/\/www.caudete.org\/ayuntamiento\/wp-json\/wp\/v2\/media\/27392"}],"wp:attachment":[{"href":"https:\/\/www.caudete.org\/ayuntamiento\/wp-json\/wp\/v2\/media?parent=27386"}],"wp:term":[{"taxonomy":"category","embeddable":true,"href":"https:\/\/www.caudete.org\/ayuntamiento\/wp-json\/wp\/v2\/categories?post=27386"},{"taxonomy":"post_tag","embeddable":true,"href":"https:\/\/www.caudete.org\/ayuntamiento\/wp-json\/wp\/v2\/tags?post=27386"}],"curies":[{"name":"wp","href":"https:\/\/api.w.org\/{rel}","templated":true}]}}