{"id":27394,"date":"2025-02-07T09:00:37","date_gmt":"2025-02-07T08:00:37","guid":{"rendered":"https:\/\/www.caudete.org\/ayuntamiento\/?p=27394"},"modified":"2025-02-06T17:51:04","modified_gmt":"2025-02-06T16:51:04","slug":"la-3a-fase-del-suelo-industrial-del-ptec-avanza-con-la-publicacion-del-proyecto-de-reparcelacion","status":"publish","type":"post","link":"https:\/\/www.caudete.org\/ayuntamiento\/la-3a-fase-del-suelo-industrial-del-ptec-avanza-con-la-publicacion-del-proyecto-de-reparcelacion\/","title":{"rendered":"La 3\u00aa Fase del Suelo Industrial del PTEC avanza con la publicaci\u00f3n del Proyecto de Reparcelaci\u00f3n"},"content":{"rendered":"<p><a href=\"https:\/\/www.caudete.org\/ayuntamiento\/wp-content\/uploads\/2025\/02\/ptec-caudete.jpg\" rel='prettyPhoto'><img fetchpriority=\"high\" decoding=\"async\" class=\"alignnone wp-image-27396 size-full\" src=\"https:\/\/www.caudete.org\/ayuntamiento\/wp-content\/uploads\/2025\/02\/ptec-caudete.jpg\" alt=\"\" width=\"1156\" height=\"191\" srcset=\"https:\/\/www.caudete.org\/ayuntamiento\/wp-content\/uploads\/2025\/02\/ptec-caudete.jpg 1156w, https:\/\/www.caudete.org\/ayuntamiento\/wp-content\/uploads\/2025\/02\/ptec-caudete-300x50.jpg 300w, https:\/\/www.caudete.org\/ayuntamiento\/wp-content\/uploads\/2025\/02\/ptec-caudete-1024x169.jpg 1024w, https:\/\/www.caudete.org\/ayuntamiento\/wp-content\/uploads\/2025\/02\/ptec-caudete-768x127.jpg 768w\" sizes=\"(max-width: 1156px) 100vw, 1156px\" \/><\/a> <a href=\"https:\/\/www.caudete.org\/ayuntamiento\/wp-content\/uploads\/2025\/02\/ptec.jpg\" rel='prettyPhoto'><img decoding=\"async\" class=\"alignnone wp-image-27397 size-full\" src=\"https:\/\/www.caudete.org\/ayuntamiento\/wp-content\/uploads\/2025\/02\/ptec.jpg\" alt=\"\" width=\"1618\" height=\"825\" srcset=\"https:\/\/www.caudete.org\/ayuntamiento\/wp-content\/uploads\/2025\/02\/ptec.jpg 1618w, https:\/\/www.caudete.org\/ayuntamiento\/wp-content\/uploads\/2025\/02\/ptec-300x153.jpg 300w, https:\/\/www.caudete.org\/ayuntamiento\/wp-content\/uploads\/2025\/02\/ptec-1024x522.jpg 1024w, https:\/\/www.caudete.org\/ayuntamiento\/wp-content\/uploads\/2025\/02\/ptec-768x392.jpg 768w, https:\/\/www.caudete.org\/ayuntamiento\/wp-content\/uploads\/2025\/02\/ptec-1536x783.jpg 1536w\" sizes=\"(max-width: 1618px) 100vw, 1618px\" \/><\/a><\/p>\n<p style=\"text-align: justify;\">El DOCM de fecha 15\/01\/2025 publicaba el anuncio por el que se somete a tr\u00e1mite de informaci\u00f3n p\u00fablica, por plazo de un mes, el proyecto de reparcelaci\u00f3n voluntaria de la unidad de actuaci\u00f3n UA 3 del Parque Tecnol\u00f3gico de Caudete, presentada de oficio por el propio Consistorio como propietario de los terrenos.<\/p>\n<p style=\"text-align: justify;\">As\u00ed lo han trasladado a los medios el Alcalde, Mois\u00e9s L\u00f3pez y la Concejal de Promoci\u00f3n y Desarrollo Econ\u00f3mico, M\u00aa Dolores Requena, quienes remarcaban la importancia de la acci\u00f3n, que supone un paso m\u00e1s en la pol\u00edtica de creaci\u00f3n de empleo y riqueza mediante la implantaci\u00f3n de industria en el municipio, y que tiene como objetivo hacer realidad la disponibilidad de suelo municipal que poder ofrecer a las empresas que se interesan por nuestro municipio.<\/p>\n<p style=\"text-align: justify;\">Al respecto, manifestaban que la la particularidad de que el 100% del suelo en la UA-3 sea de titularidad municipal, supone unas mayores garant\u00edas en cuanto a facilidad para la tramitaci\u00f3n del expediente en el proceso, permitiendo adem\u00e1s poder gestionar en todo momento el suelo disponible.<\/p>\n<p style=\"text-align: justify;\">Destacaban adem\u00e1s que la actual fase, la UA-1, urbanizada hace m\u00e1s de 15 a\u00f1os, recae mayoritariamente en propiedad privada, salvo dos parcelas de titularidad municipal, con la particularidad de ser parcelas de peque\u00f1a superficie, algo que en la actualidad no demandan las empresas interesadas, buscando suelo de mayores proporciones, lo que s\u00ed podr\u00e1 ofrecer la nueva fase UA-3.<\/p>\n<p style=\"text-align: justify;\">Igualmente, hac\u00edan incapi\u00e9 en que tanto la ubicaci\u00f3n estrat\u00e9gica del municipio, as\u00ed como las infraestructuras con las que cuenta (A-31 y A-33) y las proyectadas (Corredor Mediterr\u00e1neo y Puerto Seco), est\u00e1n siendo polos de atracci\u00f3n, siendo diversas las empresas que muestran inter\u00e9s por el suelo de Caudete.<\/p>\n<p style=\"text-align: justify;\">As\u00ed las cosas, consideran no solo un proyecto ilusionante y con grandes expectativas, sino que adem\u00e1s es necesario para poder conseguir que Caudete avance en el progreso, en la creaci\u00f3n de riqueza y empleo, y en fijar y atraer poblaci\u00f3n.<\/p>\n<p style=\"text-align: justify;\">Por \u00faltimo, han querido tambien mostrar que el proyecto forma parte de una carrera de fondo, iniciada en la pasada legislatura, y que necesitar\u00e1 del esfuerzo y apoyo de la actual para poder llegar con \u00e9xito al objetivo, para lo que adelantaban, es imprescindible la unidad y firmeza de todos los representantes pol\u00edticos del municipio en un proyecto de presente y futuro como lo es materializar suelo en el que nuevas empresas puedan instalarse.<\/p>\n<p><a href=\"https:\/\/www.caudete.org\/ayuntamiento\/wp-content\/uploads\/2025\/02\/REPARCELACION-UA3-DOCM.jpg\" rel='prettyPhoto'><img decoding=\"async\" class=\"alignnone wp-image-27395 size-full\" src=\"https:\/\/www.caudete.org\/ayuntamiento\/wp-content\/uploads\/2025\/02\/REPARCELACION-UA3-DOCM.jpg\" alt=\"\" width=\"977\" height=\"775\" srcset=\"https:\/\/www.caudete.org\/ayuntamiento\/wp-content\/uploads\/2025\/02\/REPARCELACION-UA3-DOCM.jpg 977w, https:\/\/www.caudete.org\/ayuntamiento\/wp-content\/uploads\/2025\/02\/REPARCELACION-UA3-DOCM-300x238.jpg 300w, https:\/\/www.caudete.org\/ayuntamiento\/wp-content\/uploads\/2025\/02\/REPARCELACION-UA3-DOCM-768x609.jpg 768w\" sizes=\"(max-width: 977px) 100vw, 977px\" \/><\/a><\/p>\n","protected":false},"excerpt":{"rendered":"<p>El DOCM de fecha 15\/01\/2025 publicaba el anuncio por el que se somete a tr\u00e1mite de informaci\u00f3n p\u00fablica, por plazo de un mes, el proyecto de reparcelaci\u00f3n voluntaria de la unidad de actuaci\u00f3n UA 3 del Parque Tecnol\u00f3gico de Caudete, presentada de oficio por el propio Consistorio como propietario de los terrenos. As\u00ed lo han &hellip;<\/p>\n","protected":false},"author":3,"featured_media":27397,"comment_status":"closed","ping_status":"open","sticky":false,"template":"","format":"standard","meta":{"ngg_post_thumbnail":0,"footnotes":""},"categories":[851],"tags":[],"class_list":["post-27394","post","type-post","status-publish","format-standard","has-post-thumbnail","hentry","category-promocion-y-desarrollo-economico"],"yoast_head":"<!-- This site is optimized with the Yoast SEO plugin v27.4 - https:\/\/yoast.com\/product\/yoast-seo-wordpress\/ -->\n<title>La 3\u00aa Fase del Suelo Industrial del PTEC avanza con la publicaci\u00f3n del Proyecto de Reparcelaci\u00f3n - MI Ayuntamiento de Caudete<\/title>\n<meta name=\"description\" content=\"P\u00e1gina Oficial del Ayuntamiento de Caudete (Albacete)\" \/>\n<meta name=\"robots\" content=\"index, follow, max-snippet:-1, max-image-preview:large, max-video-preview:-1\" \/>\n<link rel=\"canonical\" href=\"https:\/\/www.caudete.org\/ayuntamiento\/la-3a-fase-del-suelo-industrial-del-ptec-avanza-con-la-publicacion-del-proyecto-de-reparcelacion\/\" \/>\n<meta property=\"og:locale\" content=\"es_ES\" \/>\n<meta property=\"og:type\" content=\"article\" \/>\n<meta property=\"og:title\" content=\"La 3\u00aa Fase del Suelo Industrial del PTEC avanza con la publicaci\u00f3n del Proyecto de Reparcelaci\u00f3n - MI Ayuntamiento de Caudete\" \/>\n<meta property=\"og:description\" content=\"P\u00e1gina Oficial del Ayuntamiento de Caudete (Albacete)\" \/>\n<meta property=\"og:url\" content=\"https:\/\/www.caudete.org\/ayuntamiento\/la-3a-fase-del-suelo-industrial-del-ptec-avanza-con-la-publicacion-del-proyecto-de-reparcelacion\/\" \/>\n<meta property=\"og:site_name\" content=\"MI Ayuntamiento de Caudete\" \/>\n<meta property=\"article:publisher\" content=\"https:\/\/www.facebook.com\/ayuntamientocaudete\/\" \/>\n<meta property=\"article:published_time\" content=\"2025-02-07T08:00:37+00:00\" \/>\n<meta property=\"og:image\" content=\"https:\/\/www.caudete.org\/ayuntamiento\/wp-content\/uploads\/2025\/02\/ptec.jpg\" \/>\n\t<meta property=\"og:image:width\" content=\"1618\" \/>\n\t<meta property=\"og:image:height\" content=\"825\" \/>\n\t<meta property=\"og:image:type\" content=\"image\/jpeg\" \/>\n<meta name=\"author\" content=\"alcalde\" \/>\n<meta name=\"twitter:card\" content=\"summary_large_image\" \/>\n<meta name=\"twitter:label1\" content=\"Escrito por\" \/>\n\t<meta name=\"twitter:data1\" content=\"alcalde\" \/>\n\t<meta name=\"twitter:label2\" content=\"Tiempo de lectura\" \/>\n\t<meta name=\"twitter:data2\" content=\"3 minutos\" \/>\n<script type=\"application\/ld+json\" class=\"yoast-schema-graph\">{\"@context\":\"https:\\\/\\\/schema.org\",\"@graph\":[{\"@type\":\"Article\",\"@id\":\"https:\\\/\\\/www.caudete.org\\\/ayuntamiento\\\/la-3a-fase-del-suelo-industrial-del-ptec-avanza-con-la-publicacion-del-proyecto-de-reparcelacion\\\/#article\",\"isPartOf\":{\"@id\":\"https:\\\/\\\/www.caudete.org\\\/ayuntamiento\\\/la-3a-fase-del-suelo-industrial-del-ptec-avanza-con-la-publicacion-del-proyecto-de-reparcelacion\\\/\"},\"author\":{\"name\":\"alcalde\",\"@id\":\"https:\\\/\\\/www.caudete.org\\\/ayuntamiento\\\/#\\\/schema\\\/person\\\/cc646da9133078ee4d8dd47457947253\"},\"headline\":\"La 3\u00aa Fase del Suelo Industrial del PTEC avanza con la publicaci\u00f3n del Proyecto de Reparcelaci\u00f3n\",\"datePublished\":\"2025-02-07T08:00:37+00:00\",\"mainEntityOfPage\":{\"@id\":\"https:\\\/\\\/www.caudete.org\\\/ayuntamiento\\\/la-3a-fase-del-suelo-industrial-del-ptec-avanza-con-la-publicacion-del-proyecto-de-reparcelacion\\\/\"},\"wordCount\":438,\"publisher\":{\"@id\":\"https:\\\/\\\/www.caudete.org\\\/ayuntamiento\\\/#organization\"},\"image\":{\"@id\":\"https:\\\/\\\/www.caudete.org\\\/ayuntamiento\\\/la-3a-fase-del-suelo-industrial-del-ptec-avanza-con-la-publicacion-del-proyecto-de-reparcelacion\\\/#primaryimage\"},\"thumbnailUrl\":\"https:\\\/\\\/www.caudete.org\\\/ayuntamiento\\\/wp-content\\\/uploads\\\/2025\\\/02\\\/ptec.jpg\",\"articleSection\":[\"Promoci\u00f3n y Desarrollo Econ\u00f3mico\"],\"inLanguage\":\"es\"},{\"@type\":\"WebPage\",\"@id\":\"https:\\\/\\\/www.caudete.org\\\/ayuntamiento\\\/la-3a-fase-del-suelo-industrial-del-ptec-avanza-con-la-publicacion-del-proyecto-de-reparcelacion\\\/\",\"url\":\"https:\\\/\\\/www.caudete.org\\\/ayuntamiento\\\/la-3a-fase-del-suelo-industrial-del-ptec-avanza-con-la-publicacion-del-proyecto-de-reparcelacion\\\/\",\"name\":\"La 3\u00aa Fase del Suelo Industrial del PTEC avanza con la publicaci\u00f3n del Proyecto de Reparcelaci\u00f3n - MI Ayuntamiento de Caudete\",\"isPartOf\":{\"@id\":\"https:\\\/\\\/www.caudete.org\\\/ayuntamiento\\\/#website\"},\"primaryImageOfPage\":{\"@id\":\"https:\\\/\\\/www.caudete.org\\\/ayuntamiento\\\/la-3a-fase-del-suelo-industrial-del-ptec-avanza-con-la-publicacion-del-proyecto-de-reparcelacion\\\/#primaryimage\"},\"image\":{\"@id\":\"https:\\\/\\\/www.caudete.org\\\/ayuntamiento\\\/la-3a-fase-del-suelo-industrial-del-ptec-avanza-con-la-publicacion-del-proyecto-de-reparcelacion\\\/#primaryimage\"},\"thumbnailUrl\":\"https:\\\/\\\/www.caudete.org\\\/ayuntamiento\\\/wp-content\\\/uploads\\\/2025\\\/02\\\/ptec.jpg\",\"datePublished\":\"2025-02-07T08:00:37+00:00\",\"description\":\"P\u00e1gina Oficial del Ayuntamiento de Caudete (Albacete)\",\"breadcrumb\":{\"@id\":\"https:\\\/\\\/www.caudete.org\\\/ayuntamiento\\\/la-3a-fase-del-suelo-industrial-del-ptec-avanza-con-la-publicacion-del-proyecto-de-reparcelacion\\\/#breadcrumb\"},\"inLanguage\":\"es\",\"potentialAction\":[{\"@type\":\"ReadAction\",\"target\":[\"https:\\\/\\\/www.caudete.org\\\/ayuntamiento\\\/la-3a-fase-del-suelo-industrial-del-ptec-avanza-con-la-publicacion-del-proyecto-de-reparcelacion\\\/\"]}]},{\"@type\":\"ImageObject\",\"inLanguage\":\"es\",\"@id\":\"https:\\\/\\\/www.caudete.org\\\/ayuntamiento\\\/la-3a-fase-del-suelo-industrial-del-ptec-avanza-con-la-publicacion-del-proyecto-de-reparcelacion\\\/#primaryimage\",\"url\":\"https:\\\/\\\/www.caudete.org\\\/ayuntamiento\\\/wp-content\\\/uploads\\\/2025\\\/02\\\/ptec.jpg\",\"contentUrl\":\"https:\\\/\\\/www.caudete.org\\\/ayuntamiento\\\/wp-content\\\/uploads\\\/2025\\\/02\\\/ptec.jpg\",\"width\":1618,\"height\":825},{\"@type\":\"BreadcrumbList\",\"@id\":\"https:\\\/\\\/www.caudete.org\\\/ayuntamiento\\\/la-3a-fase-del-suelo-industrial-del-ptec-avanza-con-la-publicacion-del-proyecto-de-reparcelacion\\\/#breadcrumb\",\"itemListElement\":[{\"@type\":\"ListItem\",\"position\":1,\"name\":\"Inicio\",\"item\":\"https:\\\/\\\/www.caudete.org\\\/ayuntamiento\\\/\"},{\"@type\":\"ListItem\",\"position\":2,\"name\":\"La 3\u00aa Fase del Suelo Industrial del PTEC avanza con la publicaci\u00f3n del Proyecto de Reparcelaci\u00f3n\"}]},{\"@type\":\"WebSite\",\"@id\":\"https:\\\/\\\/www.caudete.org\\\/ayuntamiento\\\/#website\",\"url\":\"https:\\\/\\\/www.caudete.org\\\/ayuntamiento\\\/\",\"name\":\"MI Ayuntamiento de Caudete\",\"description\":\"P\u00e1gina Oficial del MI Ayuntamiento de Caudete\",\"publisher\":{\"@id\":\"https:\\\/\\\/www.caudete.org\\\/ayuntamiento\\\/#organization\"},\"potentialAction\":[{\"@type\":\"SearchAction\",\"target\":{\"@type\":\"EntryPoint\",\"urlTemplate\":\"https:\\\/\\\/www.caudete.org\\\/ayuntamiento\\\/?s={search_term_string}\"},\"query-input\":{\"@type\":\"PropertyValueSpecification\",\"valueRequired\":true,\"valueName\":\"search_term_string\"}}],\"inLanguage\":\"es\"},{\"@type\":\"Organization\",\"@id\":\"https:\\\/\\\/www.caudete.org\\\/ayuntamiento\\\/#organization\",\"name\":\"Ayuntamiento de Caudete\",\"url\":\"https:\\\/\\\/www.caudete.org\\\/ayuntamiento\\\/\",\"logo\":{\"@type\":\"ImageObject\",\"inLanguage\":\"es\",\"@id\":\"https:\\\/\\\/www.caudete.org\\\/ayuntamiento\\\/#\\\/schema\\\/logo\\\/image\\\/\",\"url\":\"https:\\\/\\\/www.caudete.org\\\/ayuntamiento\\\/wp-content\\\/uploads\\\/2020\\\/11\\\/logo_ayuntamiento_caudete.jpg\",\"contentUrl\":\"https:\\\/\\\/www.caudete.org\\\/ayuntamiento\\\/wp-content\\\/uploads\\\/2020\\\/11\\\/logo_ayuntamiento_caudete.jpg\",\"width\":600,\"height\":150,\"caption\":\"Ayuntamiento de Caudete\"},\"image\":{\"@id\":\"https:\\\/\\\/www.caudete.org\\\/ayuntamiento\\\/#\\\/schema\\\/logo\\\/image\\\/\"},\"sameAs\":[\"https:\\\/\\\/www.facebook.com\\\/ayuntamientocaudete\\\/\",\"https:\\\/\\\/www.youtube.com\\\/channel\\\/UC6VztHaooNsGpw-tNoBEFnQ\"]},{\"@type\":\"Person\",\"@id\":\"https:\\\/\\\/www.caudete.org\\\/ayuntamiento\\\/#\\\/schema\\\/person\\\/cc646da9133078ee4d8dd47457947253\",\"name\":\"alcalde\",\"image\":{\"@type\":\"ImageObject\",\"inLanguage\":\"es\",\"@id\":\"https:\\\/\\\/secure.gravatar.com\\\/avatar\\\/84a817ba065b29ff08d666b215a215f5c79186a645ccb25b14a663d48a130f77?s=96&d=mm&r=g\",\"url\":\"https:\\\/\\\/secure.gravatar.com\\\/avatar\\\/84a817ba065b29ff08d666b215a215f5c79186a645ccb25b14a663d48a130f77?s=96&d=mm&r=g\",\"contentUrl\":\"https:\\\/\\\/secure.gravatar.com\\\/avatar\\\/84a817ba065b29ff08d666b215a215f5c79186a645ccb25b14a663d48a130f77?s=96&d=mm&r=g\",\"caption\":\"alcalde\"},\"url\":\"https:\\\/\\\/www.caudete.org\\\/ayuntamiento\\\/author\\\/alcalde\\\/\"}]}<\/script>\n<!-- \/ Yoast SEO plugin. -->","yoast_head_json":{"title":"La 3\u00aa Fase del Suelo Industrial del PTEC avanza con la publicaci\u00f3n del Proyecto de Reparcelaci\u00f3n - MI Ayuntamiento de Caudete","description":"P\u00e1gina Oficial del Ayuntamiento de Caudete (Albacete)","robots":{"index":"index","follow":"follow","max-snippet":"max-snippet:-1","max-image-preview":"max-image-preview:large","max-video-preview":"max-video-preview:-1"},"canonical":"https:\/\/www.caudete.org\/ayuntamiento\/la-3a-fase-del-suelo-industrial-del-ptec-avanza-con-la-publicacion-del-proyecto-de-reparcelacion\/","og_locale":"es_ES","og_type":"article","og_title":"La 3\u00aa Fase del Suelo Industrial del PTEC avanza con la publicaci\u00f3n del Proyecto de Reparcelaci\u00f3n - MI Ayuntamiento de Caudete","og_description":"P\u00e1gina Oficial del Ayuntamiento de Caudete (Albacete)","og_url":"https:\/\/www.caudete.org\/ayuntamiento\/la-3a-fase-del-suelo-industrial-del-ptec-avanza-con-la-publicacion-del-proyecto-de-reparcelacion\/","og_site_name":"MI Ayuntamiento de Caudete","article_publisher":"https:\/\/www.facebook.com\/ayuntamientocaudete\/","article_published_time":"2025-02-07T08:00:37+00:00","og_image":[{"width":1618,"height":825,"url":"https:\/\/www.caudete.org\/ayuntamiento\/wp-content\/uploads\/2025\/02\/ptec.jpg","type":"image\/jpeg"}],"author":"alcalde","twitter_card":"summary_large_image","twitter_misc":{"Escrito por":"alcalde","Tiempo de lectura":"3 minutos"},"schema":{"@context":"https:\/\/schema.org","@graph":[{"@type":"Article","@id":"https:\/\/www.caudete.org\/ayuntamiento\/la-3a-fase-del-suelo-industrial-del-ptec-avanza-con-la-publicacion-del-proyecto-de-reparcelacion\/#article","isPartOf":{"@id":"https:\/\/www.caudete.org\/ayuntamiento\/la-3a-fase-del-suelo-industrial-del-ptec-avanza-con-la-publicacion-del-proyecto-de-reparcelacion\/"},"author":{"name":"alcalde","@id":"https:\/\/www.caudete.org\/ayuntamiento\/#\/schema\/person\/cc646da9133078ee4d8dd47457947253"},"headline":"La 3\u00aa Fase del Suelo Industrial del PTEC avanza con la publicaci\u00f3n del Proyecto de Reparcelaci\u00f3n","datePublished":"2025-02-07T08:00:37+00:00","mainEntityOfPage":{"@id":"https:\/\/www.caudete.org\/ayuntamiento\/la-3a-fase-del-suelo-industrial-del-ptec-avanza-con-la-publicacion-del-proyecto-de-reparcelacion\/"},"wordCount":438,"publisher":{"@id":"https:\/\/www.caudete.org\/ayuntamiento\/#organization"},"image":{"@id":"https:\/\/www.caudete.org\/ayuntamiento\/la-3a-fase-del-suelo-industrial-del-ptec-avanza-con-la-publicacion-del-proyecto-de-reparcelacion\/#primaryimage"},"thumbnailUrl":"https:\/\/www.caudete.org\/ayuntamiento\/wp-content\/uploads\/2025\/02\/ptec.jpg","articleSection":["Promoci\u00f3n y Desarrollo Econ\u00f3mico"],"inLanguage":"es"},{"@type":"WebPage","@id":"https:\/\/www.caudete.org\/ayuntamiento\/la-3a-fase-del-suelo-industrial-del-ptec-avanza-con-la-publicacion-del-proyecto-de-reparcelacion\/","url":"https:\/\/www.caudete.org\/ayuntamiento\/la-3a-fase-del-suelo-industrial-del-ptec-avanza-con-la-publicacion-del-proyecto-de-reparcelacion\/","name":"La 3\u00aa Fase del Suelo Industrial del PTEC avanza con la publicaci\u00f3n del Proyecto de Reparcelaci\u00f3n - MI Ayuntamiento de Caudete","isPartOf":{"@id":"https:\/\/www.caudete.org\/ayuntamiento\/#website"},"primaryImageOfPage":{"@id":"https:\/\/www.caudete.org\/ayuntamiento\/la-3a-fase-del-suelo-industrial-del-ptec-avanza-con-la-publicacion-del-proyecto-de-reparcelacion\/#primaryimage"},"image":{"@id":"https:\/\/www.caudete.org\/ayuntamiento\/la-3a-fase-del-suelo-industrial-del-ptec-avanza-con-la-publicacion-del-proyecto-de-reparcelacion\/#primaryimage"},"thumbnailUrl":"https:\/\/www.caudete.org\/ayuntamiento\/wp-content\/uploads\/2025\/02\/ptec.jpg","datePublished":"2025-02-07T08:00:37+00:00","description":"P\u00e1gina Oficial del Ayuntamiento de Caudete (Albacete)","breadcrumb":{"@id":"https:\/\/www.caudete.org\/ayuntamiento\/la-3a-fase-del-suelo-industrial-del-ptec-avanza-con-la-publicacion-del-proyecto-de-reparcelacion\/#breadcrumb"},"inLanguage":"es","potentialAction":[{"@type":"ReadAction","target":["https:\/\/www.caudete.org\/ayuntamiento\/la-3a-fase-del-suelo-industrial-del-ptec-avanza-con-la-publicacion-del-proyecto-de-reparcelacion\/"]}]},{"@type":"ImageObject","inLanguage":"es","@id":"https:\/\/www.caudete.org\/ayuntamiento\/la-3a-fase-del-suelo-industrial-del-ptec-avanza-con-la-publicacion-del-proyecto-de-reparcelacion\/#primaryimage","url":"https:\/\/www.caudete.org\/ayuntamiento\/wp-content\/uploads\/2025\/02\/ptec.jpg","contentUrl":"https:\/\/www.caudete.org\/ayuntamiento\/wp-content\/uploads\/2025\/02\/ptec.jpg","width":1618,"height":825},{"@type":"BreadcrumbList","@id":"https:\/\/www.caudete.org\/ayuntamiento\/la-3a-fase-del-suelo-industrial-del-ptec-avanza-con-la-publicacion-del-proyecto-de-reparcelacion\/#breadcrumb","itemListElement":[{"@type":"ListItem","position":1,"name":"Inicio","item":"https:\/\/www.caudete.org\/ayuntamiento\/"},{"@type":"ListItem","position":2,"name":"La 3\u00aa Fase del Suelo Industrial del PTEC avanza con la publicaci\u00f3n del Proyecto de Reparcelaci\u00f3n"}]},{"@type":"WebSite","@id":"https:\/\/www.caudete.org\/ayuntamiento\/#website","url":"https:\/\/www.caudete.org\/ayuntamiento\/","name":"MI Ayuntamiento de Caudete","description":"P\u00e1gina Oficial del MI Ayuntamiento de Caudete","publisher":{"@id":"https:\/\/www.caudete.org\/ayuntamiento\/#organization"},"potentialAction":[{"@type":"SearchAction","target":{"@type":"EntryPoint","urlTemplate":"https:\/\/www.caudete.org\/ayuntamiento\/?s={search_term_string}"},"query-input":{"@type":"PropertyValueSpecification","valueRequired":true,"valueName":"search_term_string"}}],"inLanguage":"es"},{"@type":"Organization","@id":"https:\/\/www.caudete.org\/ayuntamiento\/#organization","name":"Ayuntamiento de Caudete","url":"https:\/\/www.caudete.org\/ayuntamiento\/","logo":{"@type":"ImageObject","inLanguage":"es","@id":"https:\/\/www.caudete.org\/ayuntamiento\/#\/schema\/logo\/image\/","url":"https:\/\/www.caudete.org\/ayuntamiento\/wp-content\/uploads\/2020\/11\/logo_ayuntamiento_caudete.jpg","contentUrl":"https:\/\/www.caudete.org\/ayuntamiento\/wp-content\/uploads\/2020\/11\/logo_ayuntamiento_caudete.jpg","width":600,"height":150,"caption":"Ayuntamiento de Caudete"},"image":{"@id":"https:\/\/www.caudete.org\/ayuntamiento\/#\/schema\/logo\/image\/"},"sameAs":["https:\/\/www.facebook.com\/ayuntamientocaudete\/","https:\/\/www.youtube.com\/channel\/UC6VztHaooNsGpw-tNoBEFnQ"]},{"@type":"Person","@id":"https:\/\/www.caudete.org\/ayuntamiento\/#\/schema\/person\/cc646da9133078ee4d8dd47457947253","name":"alcalde","image":{"@type":"ImageObject","inLanguage":"es","@id":"https:\/\/secure.gravatar.com\/avatar\/84a817ba065b29ff08d666b215a215f5c79186a645ccb25b14a663d48a130f77?s=96&d=mm&r=g","url":"https:\/\/secure.gravatar.com\/avatar\/84a817ba065b29ff08d666b215a215f5c79186a645ccb25b14a663d48a130f77?s=96&d=mm&r=g","contentUrl":"https:\/\/secure.gravatar.com\/avatar\/84a817ba065b29ff08d666b215a215f5c79186a645ccb25b14a663d48a130f77?s=96&d=mm&r=g","caption":"alcalde"},"url":"https:\/\/www.caudete.org\/ayuntamiento\/author\/alcalde\/"}]}},"_links":{"self":[{"href":"https:\/\/www.caudete.org\/ayuntamiento\/wp-json\/wp\/v2\/posts\/27394","targetHints":{"allow":["GET"]}}],"collection":[{"href":"https:\/\/www.caudete.org\/ayuntamiento\/wp-json\/wp\/v2\/posts"}],"about":[{"href":"https:\/\/www.caudete.org\/ayuntamiento\/wp-json\/wp\/v2\/types\/post"}],"author":[{"embeddable":true,"href":"https:\/\/www.caudete.org\/ayuntamiento\/wp-json\/wp\/v2\/users\/3"}],"replies":[{"embeddable":true,"href":"https:\/\/www.caudete.org\/ayuntamiento\/wp-json\/wp\/v2\/comments?post=27394"}],"version-history":[{"count":1,"href":"https:\/\/www.caudete.org\/ayuntamiento\/wp-json\/wp\/v2\/posts\/27394\/revisions"}],"predecessor-version":[{"id":27398,"href":"https:\/\/www.caudete.org\/ayuntamiento\/wp-json\/wp\/v2\/posts\/27394\/revisions\/27398"}],"wp:featuredmedia":[{"embeddable":true,"href":"https:\/\/www.caudete.org\/ayuntamiento\/wp-json\/wp\/v2\/media\/27397"}],"wp:attachment":[{"href":"https:\/\/www.caudete.org\/ayuntamiento\/wp-json\/wp\/v2\/media?parent=27394"}],"wp:term":[{"taxonomy":"category","embeddable":true,"href":"https:\/\/www.caudete.org\/ayuntamiento\/wp-json\/wp\/v2\/categories?post=27394"},{"taxonomy":"post_tag","embeddable":true,"href":"https:\/\/www.caudete.org\/ayuntamiento\/wp-json\/wp\/v2\/tags?post=27394"}],"curies":[{"name":"wp","href":"https:\/\/api.w.org\/{rel}","templated":true}]}}