{"id":27399,"date":"2025-02-07T09:06:09","date_gmt":"2025-02-07T08:06:09","guid":{"rendered":"https:\/\/www.caudete.org\/ayuntamiento\/?p=27399"},"modified":"2025-02-11T09:56:53","modified_gmt":"2025-02-11T08:56:53","slug":"alicante-valencia-y-murcia-los-800-turistas-que-en-2024-eligieron-caudete-en-15-viajes-programados","status":"publish","type":"post","link":"https:\/\/www.caudete.org\/ayuntamiento\/alicante-valencia-y-murcia-los-800-turistas-que-en-2024-eligieron-caudete-en-15-viajes-programados\/","title":{"rendered":"Alicante, Valencia y Murcia, los 800 turistas que en 2024 eligieron Caudete en 15 viajes programados"},"content":{"rendered":"<p style=\"text-align: center;\"><a href=\"https:\/\/www.caudete.org\/ayuntamiento\/wp-content\/uploads\/2025\/02\/caudete_turismo_horizontal-1.jpg\" rel='prettyPhoto'><img fetchpriority=\"high\" decoding=\"async\" class=\"alignnone wp-image-27403 size-full\" src=\"https:\/\/www.caudete.org\/ayuntamiento\/wp-content\/uploads\/2025\/02\/caudete_turismo_horizontal-1.jpg\" alt=\"\" width=\"625\" height=\"157\" srcset=\"https:\/\/www.caudete.org\/ayuntamiento\/wp-content\/uploads\/2025\/02\/caudete_turismo_horizontal-1.jpg 625w, https:\/\/www.caudete.org\/ayuntamiento\/wp-content\/uploads\/2025\/02\/caudete_turismo_horizontal-1-300x75.jpg 300w\" sizes=\"(max-width: 625px) 100vw, 625px\" \/><\/a><\/p>\n<p style=\"text-align: justify;\">La Concejal\u00eda de Turismo sigue haciendo balance del pasado a\u00f1o 2024 con excelentes resultados que vienen a remarcar que los recursos y esfuerzos centrados en la promoci\u00f3n tur\u00edstica del municipio van en buen camino.<\/p>\n<p style=\"text-align: justify;\">El Alcalde Mois\u00e9s L\u00f3pez, y el Edil de Turismo Diego Cuenca detallaban en esta ocasi\u00f3n la gesti\u00f3n de las visitas grupales organizadas que entre Marzo y Noviembre de 2024 &#8220;Caudete Turismo&#8221; ha englobado.<\/p>\n<p style=\"text-align: justify;\">Las provincias de Alicante, Valencia y Murcia han sido las originarias de los turistas que han visitado nuestro municipio en un total de 15 citas, y que suponen m\u00e1s de 800 personas. En su mayor\u00eda, responden a grupos organizados por agencias de viajes, aunque tambi\u00e9n los hay a nivel asociativo u otro tipo de colectivos.<\/p>\n<p style=\"text-align: justify;\">A ello, se suman las visitas organizadas por la propia Oficina de Turismo en fechas concretas como la Feria de San Miguel o la Festividad de Todos los Santos, o las realizadas con motivo del acogimiento de los programas Erasmus en el municipio.<\/p>\n<p style=\"text-align: justify;\">En total, durante 2024 se han producido un total de 21 visitas guiadas que suponen cerca de 900 turistas, a lo que hay que sumar los visitantes que a nivel particular visitan el municipio y se interesan por los recursos que se ofrecen desde Caudete Turismo, y que han supuesto en el reci\u00e9n cerrado ejercicio 2024 la cifra de 5.000 turistas contabilizados.<\/p>\n<p style=\"text-align: justify;\">Adelantaban que el presente 2025 se encamina a ser un buen a\u00f1o en cuanto al turismo, pues las previsiones de Enero a Abril arrojan unas cifras de 7 visitas programadas solicitadas (de las que hasta la fecha ya se han producido 3, con un total de 400 turistas aproximadamente, quedando por delante toda la campa\u00f1a de primavera y verano, que es la que m\u00e1s turistas ofrece, sin tener en cuenta fechas especiales como las Fiestas Patronales o la Feria de San Miguel.<\/p>\n<p style=\"text-align: justify;\">Estos buenos resultados, remarcaban, es fruto del trabajo no visible realizado d\u00eda tras d\u00eda desde hace bastante tiempo, en el que han participado trabajadores del Plan de Empleo destinados a la Oficina de Turismo, y del trabajo y coordinaci\u00f3n de la Informadora Tur\u00edstica, dentro de las pol\u00edticas marcadas por el Gobierno Municipal en aplicaci\u00f3n del Plan Tur\u00edstico aprobado por el Pleno Municipal en Agosto de 2021.<\/p>\n<p><a href=\"https:\/\/www.caudete.org\/ayuntamiento\/wp-content\/uploads\/2025\/02\/476358270_1033742335440806_7714375447739630949_n-1.jpg\" rel='prettyPhoto'><img decoding=\"async\" class=\"alignnone wp-image-27402 size-full\" src=\"https:\/\/www.caudete.org\/ayuntamiento\/wp-content\/uploads\/2025\/02\/476358270_1033742335440806_7714375447739630949_n-1.jpg\" alt=\"\" width=\"1536\" height=\"1145\" srcset=\"https:\/\/www.caudete.org\/ayuntamiento\/wp-content\/uploads\/2025\/02\/476358270_1033742335440806_7714375447739630949_n-1.jpg 1536w, https:\/\/www.caudete.org\/ayuntamiento\/wp-content\/uploads\/2025\/02\/476358270_1033742335440806_7714375447739630949_n-1-300x224.jpg 300w, https:\/\/www.caudete.org\/ayuntamiento\/wp-content\/uploads\/2025\/02\/476358270_1033742335440806_7714375447739630949_n-1-1024x763.jpg 1024w, https:\/\/www.caudete.org\/ayuntamiento\/wp-content\/uploads\/2025\/02\/476358270_1033742335440806_7714375447739630949_n-1-768x573.jpg 768w\" sizes=\"(max-width: 1536px) 100vw, 1536px\" \/><\/a><\/p>\n","protected":false},"excerpt":{"rendered":"<p>La Concejal\u00eda de Turismo sigue haciendo balance del pasado a\u00f1o 2024 con excelentes resultados que vienen a remarcar que los recursos y esfuerzos centrados en la promoci\u00f3n tur\u00edstica del municipio van en buen camino. El Alcalde Mois\u00e9s L\u00f3pez, y el Edil de Turismo Diego Cuenca detallaban en esta ocasi\u00f3n la gesti\u00f3n de las visitas grupales &hellip;<\/p>\n","protected":false},"author":3,"featured_media":27402,"comment_status":"closed","ping_status":"open","sticky":false,"template":"","format":"standard","meta":{"ngg_post_thumbnail":0,"footnotes":""},"categories":[43],"tags":[],"class_list":["post-27399","post","type-post","status-publish","format-standard","has-post-thumbnail","hentry","category-turismo"],"yoast_head":"<!-- This site is optimized with the Yoast SEO plugin v27.5 - https:\/\/yoast.com\/product\/yoast-seo-wordpress\/ -->\n<title>Alicante, Valencia y Murcia, los 800 turistas que en 2024 eligieron Caudete en 15 viajes programados - MI Ayuntamiento de Caudete<\/title>\n<meta name=\"description\" content=\"P\u00e1gina Oficial del Ayuntamiento de Caudete (Albacete)\" \/>\n<meta name=\"robots\" content=\"index, follow, max-snippet:-1, max-image-preview:large, max-video-preview:-1\" \/>\n<link rel=\"canonical\" href=\"https:\/\/www.caudete.org\/ayuntamiento\/alicante-valencia-y-murcia-los-800-turistas-que-en-2024-eligieron-caudete-en-15-viajes-programados\/\" \/>\n<meta property=\"og:locale\" content=\"es_ES\" \/>\n<meta property=\"og:type\" content=\"article\" \/>\n<meta property=\"og:title\" content=\"Alicante, Valencia y Murcia, los 800 turistas que en 2024 eligieron Caudete en 15 viajes programados - MI Ayuntamiento de Caudete\" \/>\n<meta property=\"og:description\" content=\"P\u00e1gina Oficial del Ayuntamiento de Caudete (Albacete)\" \/>\n<meta property=\"og:url\" content=\"https:\/\/www.caudete.org\/ayuntamiento\/alicante-valencia-y-murcia-los-800-turistas-que-en-2024-eligieron-caudete-en-15-viajes-programados\/\" \/>\n<meta property=\"og:site_name\" content=\"MI Ayuntamiento de Caudete\" \/>\n<meta property=\"article:publisher\" content=\"https:\/\/www.facebook.com\/ayuntamientocaudete\/\" \/>\n<meta property=\"article:published_time\" content=\"2025-02-07T08:06:09+00:00\" \/>\n<meta property=\"article:modified_time\" content=\"2025-02-11T08:56:53+00:00\" \/>\n<meta property=\"og:image\" content=\"https:\/\/www.caudete.org\/ayuntamiento\/wp-content\/uploads\/2025\/02\/476358270_1033742335440806_7714375447739630949_n-1.jpg\" \/>\n\t<meta property=\"og:image:width\" content=\"1536\" \/>\n\t<meta property=\"og:image:height\" content=\"1145\" \/>\n\t<meta property=\"og:image:type\" content=\"image\/jpeg\" \/>\n<meta name=\"author\" content=\"alcalde\" \/>\n<meta name=\"twitter:card\" content=\"summary_large_image\" \/>\n<meta name=\"twitter:label1\" content=\"Escrito por\" \/>\n\t<meta name=\"twitter:data1\" content=\"alcalde\" \/>\n\t<meta name=\"twitter:label2\" content=\"Tiempo de lectura\" \/>\n\t<meta name=\"twitter:data2\" content=\"3 minutos\" \/>\n<script type=\"application\/ld+json\" class=\"yoast-schema-graph\">{\"@context\":\"https:\\\/\\\/schema.org\",\"@graph\":[{\"@type\":\"Article\",\"@id\":\"https:\\\/\\\/www.caudete.org\\\/ayuntamiento\\\/alicante-valencia-y-murcia-los-800-turistas-que-en-2024-eligieron-caudete-en-15-viajes-programados\\\/#article\",\"isPartOf\":{\"@id\":\"https:\\\/\\\/www.caudete.org\\\/ayuntamiento\\\/alicante-valencia-y-murcia-los-800-turistas-que-en-2024-eligieron-caudete-en-15-viajes-programados\\\/\"},\"author\":{\"name\":\"alcalde\",\"@id\":\"https:\\\/\\\/www.caudete.org\\\/ayuntamiento\\\/#\\\/schema\\\/person\\\/cc646da9133078ee4d8dd47457947253\"},\"headline\":\"Alicante, Valencia y Murcia, los 800 turistas que en 2024 eligieron Caudete en 15 viajes programados\",\"datePublished\":\"2025-02-07T08:06:09+00:00\",\"dateModified\":\"2025-02-11T08:56:53+00:00\",\"mainEntityOfPage\":{\"@id\":\"https:\\\/\\\/www.caudete.org\\\/ayuntamiento\\\/alicante-valencia-y-murcia-los-800-turistas-que-en-2024-eligieron-caudete-en-15-viajes-programados\\\/\"},\"wordCount\":396,\"image\":{\"@id\":\"https:\\\/\\\/www.caudete.org\\\/ayuntamiento\\\/alicante-valencia-y-murcia-los-800-turistas-que-en-2024-eligieron-caudete-en-15-viajes-programados\\\/#primaryimage\"},\"thumbnailUrl\":\"https:\\\/\\\/www.caudete.org\\\/ayuntamiento\\\/wp-content\\\/uploads\\\/2025\\\/02\\\/476358270_1033742335440806_7714375447739630949_n-1.jpg\",\"articleSection\":[\"Turismo\"],\"inLanguage\":\"es\"},{\"@type\":\"WebPage\",\"@id\":\"https:\\\/\\\/www.caudete.org\\\/ayuntamiento\\\/alicante-valencia-y-murcia-los-800-turistas-que-en-2024-eligieron-caudete-en-15-viajes-programados\\\/\",\"url\":\"https:\\\/\\\/www.caudete.org\\\/ayuntamiento\\\/alicante-valencia-y-murcia-los-800-turistas-que-en-2024-eligieron-caudete-en-15-viajes-programados\\\/\",\"name\":\"Alicante, Valencia y Murcia, los 800 turistas que en 2024 eligieron Caudete en 15 viajes programados - MI Ayuntamiento de Caudete\",\"isPartOf\":{\"@id\":\"https:\\\/\\\/www.caudete.org\\\/ayuntamiento\\\/#website\"},\"primaryImageOfPage\":{\"@id\":\"https:\\\/\\\/www.caudete.org\\\/ayuntamiento\\\/alicante-valencia-y-murcia-los-800-turistas-que-en-2024-eligieron-caudete-en-15-viajes-programados\\\/#primaryimage\"},\"image\":{\"@id\":\"https:\\\/\\\/www.caudete.org\\\/ayuntamiento\\\/alicante-valencia-y-murcia-los-800-turistas-que-en-2024-eligieron-caudete-en-15-viajes-programados\\\/#primaryimage\"},\"thumbnailUrl\":\"https:\\\/\\\/www.caudete.org\\\/ayuntamiento\\\/wp-content\\\/uploads\\\/2025\\\/02\\\/476358270_1033742335440806_7714375447739630949_n-1.jpg\",\"datePublished\":\"2025-02-07T08:06:09+00:00\",\"dateModified\":\"2025-02-11T08:56:53+00:00\",\"author\":{\"@id\":\"https:\\\/\\\/www.caudete.org\\\/ayuntamiento\\\/#\\\/schema\\\/person\\\/cc646da9133078ee4d8dd47457947253\"},\"description\":\"P\u00e1gina Oficial del Ayuntamiento de Caudete (Albacete)\",\"breadcrumb\":{\"@id\":\"https:\\\/\\\/www.caudete.org\\\/ayuntamiento\\\/alicante-valencia-y-murcia-los-800-turistas-que-en-2024-eligieron-caudete-en-15-viajes-programados\\\/#breadcrumb\"},\"inLanguage\":\"es\",\"potentialAction\":[{\"@type\":\"ReadAction\",\"target\":[\"https:\\\/\\\/www.caudete.org\\\/ayuntamiento\\\/alicante-valencia-y-murcia-los-800-turistas-que-en-2024-eligieron-caudete-en-15-viajes-programados\\\/\"]}]},{\"@type\":\"ImageObject\",\"inLanguage\":\"es\",\"@id\":\"https:\\\/\\\/www.caudete.org\\\/ayuntamiento\\\/alicante-valencia-y-murcia-los-800-turistas-que-en-2024-eligieron-caudete-en-15-viajes-programados\\\/#primaryimage\",\"url\":\"https:\\\/\\\/www.caudete.org\\\/ayuntamiento\\\/wp-content\\\/uploads\\\/2025\\\/02\\\/476358270_1033742335440806_7714375447739630949_n-1.jpg\",\"contentUrl\":\"https:\\\/\\\/www.caudete.org\\\/ayuntamiento\\\/wp-content\\\/uploads\\\/2025\\\/02\\\/476358270_1033742335440806_7714375447739630949_n-1.jpg\",\"width\":1536,\"height\":1145},{\"@type\":\"BreadcrumbList\",\"@id\":\"https:\\\/\\\/www.caudete.org\\\/ayuntamiento\\\/alicante-valencia-y-murcia-los-800-turistas-que-en-2024-eligieron-caudete-en-15-viajes-programados\\\/#breadcrumb\",\"itemListElement\":[{\"@type\":\"ListItem\",\"position\":1,\"name\":\"Inicio\",\"item\":\"https:\\\/\\\/www.caudete.org\\\/ayuntamiento\\\/\"},{\"@type\":\"ListItem\",\"position\":2,\"name\":\"Alicante, Valencia y Murcia, los 800 turistas que en 2024 eligieron Caudete en 15 viajes programados\"}]},{\"@type\":\"WebSite\",\"@id\":\"https:\\\/\\\/www.caudete.org\\\/ayuntamiento\\\/#website\",\"url\":\"https:\\\/\\\/www.caudete.org\\\/ayuntamiento\\\/\",\"name\":\"MI Ayuntamiento de Caudete\",\"description\":\"P\u00e1gina Oficial del MI Ayuntamiento de Caudete\",\"potentialAction\":[{\"@type\":\"SearchAction\",\"target\":{\"@type\":\"EntryPoint\",\"urlTemplate\":\"https:\\\/\\\/www.caudete.org\\\/ayuntamiento\\\/?s={search_term_string}\"},\"query-input\":{\"@type\":\"PropertyValueSpecification\",\"valueRequired\":true,\"valueName\":\"search_term_string\"}}],\"inLanguage\":\"es\"},{\"@type\":\"Person\",\"@id\":\"https:\\\/\\\/www.caudete.org\\\/ayuntamiento\\\/#\\\/schema\\\/person\\\/cc646da9133078ee4d8dd47457947253\",\"name\":\"alcalde\",\"image\":{\"@type\":\"ImageObject\",\"inLanguage\":\"es\",\"@id\":\"https:\\\/\\\/secure.gravatar.com\\\/avatar\\\/84a817ba065b29ff08d666b215a215f5c79186a645ccb25b14a663d48a130f77?s=96&d=mm&r=g\",\"url\":\"https:\\\/\\\/secure.gravatar.com\\\/avatar\\\/84a817ba065b29ff08d666b215a215f5c79186a645ccb25b14a663d48a130f77?s=96&d=mm&r=g\",\"contentUrl\":\"https:\\\/\\\/secure.gravatar.com\\\/avatar\\\/84a817ba065b29ff08d666b215a215f5c79186a645ccb25b14a663d48a130f77?s=96&d=mm&r=g\",\"caption\":\"alcalde\"},\"url\":\"https:\\\/\\\/www.caudete.org\\\/ayuntamiento\\\/author\\\/alcalde\\\/\"}]}<\/script>\n<!-- \/ Yoast SEO plugin. -->","yoast_head_json":{"title":"Alicante, Valencia y Murcia, los 800 turistas que en 2024 eligieron Caudete en 15 viajes programados - MI Ayuntamiento de Caudete","description":"P\u00e1gina Oficial del Ayuntamiento de Caudete (Albacete)","robots":{"index":"index","follow":"follow","max-snippet":"max-snippet:-1","max-image-preview":"max-image-preview:large","max-video-preview":"max-video-preview:-1"},"canonical":"https:\/\/www.caudete.org\/ayuntamiento\/alicante-valencia-y-murcia-los-800-turistas-que-en-2024-eligieron-caudete-en-15-viajes-programados\/","og_locale":"es_ES","og_type":"article","og_title":"Alicante, Valencia y Murcia, los 800 turistas que en 2024 eligieron Caudete en 15 viajes programados - MI Ayuntamiento de Caudete","og_description":"P\u00e1gina Oficial del Ayuntamiento de Caudete (Albacete)","og_url":"https:\/\/www.caudete.org\/ayuntamiento\/alicante-valencia-y-murcia-los-800-turistas-que-en-2024-eligieron-caudete-en-15-viajes-programados\/","og_site_name":"MI Ayuntamiento de Caudete","article_publisher":"https:\/\/www.facebook.com\/ayuntamientocaudete\/","article_published_time":"2025-02-07T08:06:09+00:00","article_modified_time":"2025-02-11T08:56:53+00:00","og_image":[{"width":1536,"height":1145,"url":"https:\/\/www.caudete.org\/ayuntamiento\/wp-content\/uploads\/2025\/02\/476358270_1033742335440806_7714375447739630949_n-1.jpg","type":"image\/jpeg"}],"author":"alcalde","twitter_card":"summary_large_image","twitter_misc":{"Escrito por":"alcalde","Tiempo de lectura":"3 minutos"},"schema":{"@context":"https:\/\/schema.org","@graph":[{"@type":"Article","@id":"https:\/\/www.caudete.org\/ayuntamiento\/alicante-valencia-y-murcia-los-800-turistas-que-en-2024-eligieron-caudete-en-15-viajes-programados\/#article","isPartOf":{"@id":"https:\/\/www.caudete.org\/ayuntamiento\/alicante-valencia-y-murcia-los-800-turistas-que-en-2024-eligieron-caudete-en-15-viajes-programados\/"},"author":{"name":"alcalde","@id":"https:\/\/www.caudete.org\/ayuntamiento\/#\/schema\/person\/cc646da9133078ee4d8dd47457947253"},"headline":"Alicante, Valencia y Murcia, los 800 turistas que en 2024 eligieron Caudete en 15 viajes programados","datePublished":"2025-02-07T08:06:09+00:00","dateModified":"2025-02-11T08:56:53+00:00","mainEntityOfPage":{"@id":"https:\/\/www.caudete.org\/ayuntamiento\/alicante-valencia-y-murcia-los-800-turistas-que-en-2024-eligieron-caudete-en-15-viajes-programados\/"},"wordCount":396,"image":{"@id":"https:\/\/www.caudete.org\/ayuntamiento\/alicante-valencia-y-murcia-los-800-turistas-que-en-2024-eligieron-caudete-en-15-viajes-programados\/#primaryimage"},"thumbnailUrl":"https:\/\/www.caudete.org\/ayuntamiento\/wp-content\/uploads\/2025\/02\/476358270_1033742335440806_7714375447739630949_n-1.jpg","articleSection":["Turismo"],"inLanguage":"es"},{"@type":"WebPage","@id":"https:\/\/www.caudete.org\/ayuntamiento\/alicante-valencia-y-murcia-los-800-turistas-que-en-2024-eligieron-caudete-en-15-viajes-programados\/","url":"https:\/\/www.caudete.org\/ayuntamiento\/alicante-valencia-y-murcia-los-800-turistas-que-en-2024-eligieron-caudete-en-15-viajes-programados\/","name":"Alicante, Valencia y Murcia, los 800 turistas que en 2024 eligieron Caudete en 15 viajes programados - MI Ayuntamiento de Caudete","isPartOf":{"@id":"https:\/\/www.caudete.org\/ayuntamiento\/#website"},"primaryImageOfPage":{"@id":"https:\/\/www.caudete.org\/ayuntamiento\/alicante-valencia-y-murcia-los-800-turistas-que-en-2024-eligieron-caudete-en-15-viajes-programados\/#primaryimage"},"image":{"@id":"https:\/\/www.caudete.org\/ayuntamiento\/alicante-valencia-y-murcia-los-800-turistas-que-en-2024-eligieron-caudete-en-15-viajes-programados\/#primaryimage"},"thumbnailUrl":"https:\/\/www.caudete.org\/ayuntamiento\/wp-content\/uploads\/2025\/02\/476358270_1033742335440806_7714375447739630949_n-1.jpg","datePublished":"2025-02-07T08:06:09+00:00","dateModified":"2025-02-11T08:56:53+00:00","author":{"@id":"https:\/\/www.caudete.org\/ayuntamiento\/#\/schema\/person\/cc646da9133078ee4d8dd47457947253"},"description":"P\u00e1gina Oficial del Ayuntamiento de Caudete (Albacete)","breadcrumb":{"@id":"https:\/\/www.caudete.org\/ayuntamiento\/alicante-valencia-y-murcia-los-800-turistas-que-en-2024-eligieron-caudete-en-15-viajes-programados\/#breadcrumb"},"inLanguage":"es","potentialAction":[{"@type":"ReadAction","target":["https:\/\/www.caudete.org\/ayuntamiento\/alicante-valencia-y-murcia-los-800-turistas-que-en-2024-eligieron-caudete-en-15-viajes-programados\/"]}]},{"@type":"ImageObject","inLanguage":"es","@id":"https:\/\/www.caudete.org\/ayuntamiento\/alicante-valencia-y-murcia-los-800-turistas-que-en-2024-eligieron-caudete-en-15-viajes-programados\/#primaryimage","url":"https:\/\/www.caudete.org\/ayuntamiento\/wp-content\/uploads\/2025\/02\/476358270_1033742335440806_7714375447739630949_n-1.jpg","contentUrl":"https:\/\/www.caudete.org\/ayuntamiento\/wp-content\/uploads\/2025\/02\/476358270_1033742335440806_7714375447739630949_n-1.jpg","width":1536,"height":1145},{"@type":"BreadcrumbList","@id":"https:\/\/www.caudete.org\/ayuntamiento\/alicante-valencia-y-murcia-los-800-turistas-que-en-2024-eligieron-caudete-en-15-viajes-programados\/#breadcrumb","itemListElement":[{"@type":"ListItem","position":1,"name":"Inicio","item":"https:\/\/www.caudete.org\/ayuntamiento\/"},{"@type":"ListItem","position":2,"name":"Alicante, Valencia y Murcia, los 800 turistas que en 2024 eligieron Caudete en 15 viajes programados"}]},{"@type":"WebSite","@id":"https:\/\/www.caudete.org\/ayuntamiento\/#website","url":"https:\/\/www.caudete.org\/ayuntamiento\/","name":"MI Ayuntamiento de Caudete","description":"P\u00e1gina Oficial del MI Ayuntamiento de Caudete","potentialAction":[{"@type":"SearchAction","target":{"@type":"EntryPoint","urlTemplate":"https:\/\/www.caudete.org\/ayuntamiento\/?s={search_term_string}"},"query-input":{"@type":"PropertyValueSpecification","valueRequired":true,"valueName":"search_term_string"}}],"inLanguage":"es"},{"@type":"Person","@id":"https:\/\/www.caudete.org\/ayuntamiento\/#\/schema\/person\/cc646da9133078ee4d8dd47457947253","name":"alcalde","image":{"@type":"ImageObject","inLanguage":"es","@id":"https:\/\/secure.gravatar.com\/avatar\/84a817ba065b29ff08d666b215a215f5c79186a645ccb25b14a663d48a130f77?s=96&d=mm&r=g","url":"https:\/\/secure.gravatar.com\/avatar\/84a817ba065b29ff08d666b215a215f5c79186a645ccb25b14a663d48a130f77?s=96&d=mm&r=g","contentUrl":"https:\/\/secure.gravatar.com\/avatar\/84a817ba065b29ff08d666b215a215f5c79186a645ccb25b14a663d48a130f77?s=96&d=mm&r=g","caption":"alcalde"},"url":"https:\/\/www.caudete.org\/ayuntamiento\/author\/alcalde\/"}]}},"_links":{"self":[{"href":"https:\/\/www.caudete.org\/ayuntamiento\/wp-json\/wp\/v2\/posts\/27399","targetHints":{"allow":["GET"]}}],"collection":[{"href":"https:\/\/www.caudete.org\/ayuntamiento\/wp-json\/wp\/v2\/posts"}],"about":[{"href":"https:\/\/www.caudete.org\/ayuntamiento\/wp-json\/wp\/v2\/types\/post"}],"author":[{"embeddable":true,"href":"https:\/\/www.caudete.org\/ayuntamiento\/wp-json\/wp\/v2\/users\/3"}],"replies":[{"embeddable":true,"href":"https:\/\/www.caudete.org\/ayuntamiento\/wp-json\/wp\/v2\/comments?post=27399"}],"version-history":[{"count":2,"href":"https:\/\/www.caudete.org\/ayuntamiento\/wp-json\/wp\/v2\/posts\/27399\/revisions"}],"predecessor-version":[{"id":27404,"href":"https:\/\/www.caudete.org\/ayuntamiento\/wp-json\/wp\/v2\/posts\/27399\/revisions\/27404"}],"wp:featuredmedia":[{"embeddable":true,"href":"https:\/\/www.caudete.org\/ayuntamiento\/wp-json\/wp\/v2\/media\/27402"}],"wp:attachment":[{"href":"https:\/\/www.caudete.org\/ayuntamiento\/wp-json\/wp\/v2\/media?parent=27399"}],"wp:term":[{"taxonomy":"category","embeddable":true,"href":"https:\/\/www.caudete.org\/ayuntamiento\/wp-json\/wp\/v2\/categories?post=27399"},{"taxonomy":"post_tag","embeddable":true,"href":"https:\/\/www.caudete.org\/ayuntamiento\/wp-json\/wp\/v2\/tags?post=27399"}],"curies":[{"name":"wp","href":"https:\/\/api.w.org\/{rel}","templated":true}]}}