{"id":27423,"date":"2025-02-06T17:37:28","date_gmt":"2025-02-06T16:37:28","guid":{"rendered":"https:\/\/www.caudete.org\/ayuntamiento\/?p=27423"},"modified":"2025-02-06T17:37:28","modified_gmt":"2025-02-06T16:37:28","slug":"juan-jose-pereira-ha-tomado-posesion-como-funcionario-policia-local-de-caudete","status":"publish","type":"post","link":"https:\/\/www.caudete.org\/ayuntamiento\/juan-jose-pereira-ha-tomado-posesion-como-funcionario-policia-local-de-caudete\/","title":{"rendered":"Juan Jos\u00e9 Pereira ha tomado posesi\u00f3n como funcionario POLIC\u00cdA LOCAL de Caudete"},"content":{"rendered":"<p><a href=\"https:\/\/www.caudete.org\/ayuntamiento\/wp-content\/uploads\/2025\/02\/WhatsApp-Image-2025-02-06-at-14.32.06.jpeg\" rel='prettyPhoto'><img fetchpriority=\"high\" decoding=\"async\" class=\"alignnone wp-image-27426 size-full\" src=\"https:\/\/www.caudete.org\/ayuntamiento\/wp-content\/uploads\/2025\/02\/WhatsApp-Image-2025-02-06-at-14.32.06.jpeg\" alt=\"\" width=\"2048\" height=\"1152\" srcset=\"https:\/\/www.caudete.org\/ayuntamiento\/wp-content\/uploads\/2025\/02\/WhatsApp-Image-2025-02-06-at-14.32.06.jpeg 2048w, https:\/\/www.caudete.org\/ayuntamiento\/wp-content\/uploads\/2025\/02\/WhatsApp-Image-2025-02-06-at-14.32.06-300x169.jpeg 300w, https:\/\/www.caudete.org\/ayuntamiento\/wp-content\/uploads\/2025\/02\/WhatsApp-Image-2025-02-06-at-14.32.06-1024x576.jpeg 1024w, https:\/\/www.caudete.org\/ayuntamiento\/wp-content\/uploads\/2025\/02\/WhatsApp-Image-2025-02-06-at-14.32.06-768x432.jpeg 768w, https:\/\/www.caudete.org\/ayuntamiento\/wp-content\/uploads\/2025\/02\/WhatsApp-Image-2025-02-06-at-14.32.06-1536x864.jpeg 1536w\" sizes=\"(max-width: 2048px) 100vw, 2048px\" \/><\/a><\/p>\n<p style=\"text-align: justify;\">El Sal\u00f3n de Plenos ha acogido esta ma\u00f1ana el acto de toma de posesi\u00f3n de un nuevo funcionario del Consistorio, en el cual el cuerpo de la Polic\u00eda Local era protagonista.<\/p>\n<p style=\"text-align: justify;\">Juan Jos\u00e9 Pereira ha firmado el acta como Agente de Polic\u00eda Local, tras jurar el cargo con la f\u00f3rmula legalmente establecida. As\u00ed pues, quien hasta ahora formaba parte del cuerpo en calidad de Comisi\u00f3n de Servicios, proveniente de San Vicente de Alc\u00e1ntara (Badajoz), se convierte desde hoy en Agente de pleno derecho de la plantilla caudetana.<\/p>\n<p style=\"text-align: justify;\">El \u00faltimo proceso selectivo, en el que se ofert\u00f3 una plaza de Agente, y que finalizaba hace unas semanas congreg\u00f3 a un total de 44 aspirantes, del que sali\u00f3 ganador JJPereira.<\/p>\n<p style=\"text-align: justify;\">Al acto, presidido por el Alcalde, Mois\u00e9s L\u00f3pez, han asistido miembros del Gobierno Municipal, de los grupos de la oposici\u00f3n y empleados municipales que han querido acompa\u00f1ar en este momento. El primer Edil rese\u00f1\u00f3 el esfuerzo y compromiso del Gobierno Municipal con los caudetanos en materia de seguridad, y m\u00e1s concretamente con la Polic\u00eda Local, que se materializa en 7 a\u00f1os de trabajo constante para mejorar la plantilla de la Polic\u00eda en m\u00e1s agentes, y dotarles de los mejores medios materiales y recursos para prestar el servicio.<\/p>\n<p style=\"text-align: justify;\">Al nuevo agente, le ha felicitado por el resultado obtenido, fruto del trabajo y esfuerzo que todo proceso selectivo conlleva, agradeci\u00e9ndole que haya elegido Caudete para desarrollar su carrera profesional, lo que demuestra el buen ambiente de trabajo entre compa\u00f1eros y con el Gobierno Municipal, as\u00ed como con el pueblo de Caudete, dese\u00e1ndole \u00e9xito en su vocaci\u00f3n de servicio p\u00fablico a los caudetanos.<\/p>\n<p style=\"text-align: justify;\">Por \u00faltimo, ha agradecido y puesto en valor el trabajo y la firmeza que tanto el Departamento de Secretar\u00eda, como los diferentes Concejales de RRHH y Seguridad Ciudadana e Interior han tenido para la mejora del cuerpo de la Polic\u00eda Local a lo largo de los \u00faltimos 7 a\u00f1os.<\/p>\n<p><a href=\"https:\/\/www.caudete.org\/ayuntamiento\/wp-content\/uploads\/2021\/04\/Policia-Local-web.jpg\" rel='prettyPhoto'><img decoding=\"async\" class=\"alignnone wp-image-13833 size-full\" src=\"https:\/\/www.caudete.org\/ayuntamiento\/wp-content\/uploads\/2021\/04\/Policia-Local-web.jpg\" alt=\"\" width=\"864\" height=\"378\" srcset=\"https:\/\/www.caudete.org\/ayuntamiento\/wp-content\/uploads\/2021\/04\/Policia-Local-web.jpg 864w, https:\/\/www.caudete.org\/ayuntamiento\/wp-content\/uploads\/2021\/04\/Policia-Local-web-300x131.jpg 300w, https:\/\/www.caudete.org\/ayuntamiento\/wp-content\/uploads\/2021\/04\/Policia-Local-web-768x336.jpg 768w, https:\/\/www.caudete.org\/ayuntamiento\/wp-content\/uploads\/2021\/04\/Policia-Local-web-411x180.jpg 411w\" sizes=\"(max-width: 864px) 100vw, 864px\" \/><\/a><\/p>\n","protected":false},"excerpt":{"rendered":"<p>El Sal\u00f3n de Plenos ha acogido esta ma\u00f1ana el acto de toma de posesi\u00f3n de un nuevo funcionario del Consistorio, en el cual el cuerpo de la Polic\u00eda Local era protagonista. Juan Jos\u00e9 Pereira ha firmado el acta como Agente de Polic\u00eda Local, tras jurar el cargo con la f\u00f3rmula legalmente establecida. As\u00ed pues, quien &hellip;<\/p>\n","protected":false},"author":3,"featured_media":27426,"comment_status":"closed","ping_status":"open","sticky":false,"template":"","format":"standard","meta":{"ngg_post_thumbnail":0,"footnotes":""},"categories":[33],"tags":[],"class_list":["post-27423","post","type-post","status-publish","format-standard","has-post-thumbnail","hentry","category-recursos-humanos"],"yoast_head":"<!-- This site is optimized with the Yoast SEO plugin v27.5 - https:\/\/yoast.com\/product\/yoast-seo-wordpress\/ -->\n<title>Juan Jos\u00e9 Pereira ha tomado posesi\u00f3n como funcionario POLIC\u00cdA LOCAL de Caudete - MI Ayuntamiento de Caudete<\/title>\n<meta name=\"description\" content=\"P\u00e1gina Oficial del Ayuntamiento de Caudete (Albacete)\" \/>\n<meta name=\"robots\" content=\"index, follow, max-snippet:-1, max-image-preview:large, max-video-preview:-1\" \/>\n<link rel=\"canonical\" href=\"https:\/\/www.caudete.org\/ayuntamiento\/juan-jose-pereira-ha-tomado-posesion-como-funcionario-policia-local-de-caudete\/\" \/>\n<meta property=\"og:locale\" content=\"es_ES\" \/>\n<meta property=\"og:type\" content=\"article\" \/>\n<meta property=\"og:title\" content=\"Juan Jos\u00e9 Pereira ha tomado posesi\u00f3n como funcionario POLIC\u00cdA LOCAL de Caudete - MI Ayuntamiento de Caudete\" \/>\n<meta property=\"og:description\" content=\"P\u00e1gina Oficial del Ayuntamiento de Caudete (Albacete)\" \/>\n<meta property=\"og:url\" content=\"https:\/\/www.caudete.org\/ayuntamiento\/juan-jose-pereira-ha-tomado-posesion-como-funcionario-policia-local-de-caudete\/\" \/>\n<meta property=\"og:site_name\" content=\"MI Ayuntamiento de Caudete\" \/>\n<meta property=\"article:publisher\" content=\"https:\/\/www.facebook.com\/ayuntamientocaudete\/\" \/>\n<meta property=\"article:published_time\" content=\"2025-02-06T16:37:28+00:00\" \/>\n<meta property=\"og:image\" content=\"https:\/\/www.caudete.org\/ayuntamiento\/wp-content\/uploads\/2025\/02\/WhatsApp-Image-2025-02-06-at-14.32.06.jpeg\" \/>\n\t<meta property=\"og:image:width\" content=\"2048\" \/>\n\t<meta property=\"og:image:height\" content=\"1152\" \/>\n\t<meta property=\"og:image:type\" content=\"image\/jpeg\" \/>\n<meta name=\"author\" content=\"alcalde\" \/>\n<meta name=\"twitter:card\" content=\"summary_large_image\" \/>\n<meta name=\"twitter:label1\" content=\"Escrito por\" \/>\n\t<meta name=\"twitter:data1\" content=\"alcalde\" \/>\n\t<meta name=\"twitter:label2\" content=\"Tiempo de lectura\" \/>\n\t<meta name=\"twitter:data2\" content=\"3 minutos\" \/>\n<script type=\"application\/ld+json\" class=\"yoast-schema-graph\">{\"@context\":\"https:\\\/\\\/schema.org\",\"@graph\":[{\"@type\":\"Article\",\"@id\":\"https:\\\/\\\/www.caudete.org\\\/ayuntamiento\\\/juan-jose-pereira-ha-tomado-posesion-como-funcionario-policia-local-de-caudete\\\/#article\",\"isPartOf\":{\"@id\":\"https:\\\/\\\/www.caudete.org\\\/ayuntamiento\\\/juan-jose-pereira-ha-tomado-posesion-como-funcionario-policia-local-de-caudete\\\/\"},\"author\":{\"name\":\"alcalde\",\"@id\":\"https:\\\/\\\/www.caudete.org\\\/ayuntamiento\\\/#\\\/schema\\\/person\\\/cc646da9133078ee4d8dd47457947253\"},\"headline\":\"Juan Jos\u00e9 Pereira ha tomado posesi\u00f3n como funcionario POLIC\u00cdA LOCAL de Caudete\",\"datePublished\":\"2025-02-06T16:37:28+00:00\",\"mainEntityOfPage\":{\"@id\":\"https:\\\/\\\/www.caudete.org\\\/ayuntamiento\\\/juan-jose-pereira-ha-tomado-posesion-como-funcionario-policia-local-de-caudete\\\/\"},\"wordCount\":353,\"image\":{\"@id\":\"https:\\\/\\\/www.caudete.org\\\/ayuntamiento\\\/juan-jose-pereira-ha-tomado-posesion-como-funcionario-policia-local-de-caudete\\\/#primaryimage\"},\"thumbnailUrl\":\"https:\\\/\\\/www.caudete.org\\\/ayuntamiento\\\/wp-content\\\/uploads\\\/2025\\\/02\\\/WhatsApp-Image-2025-02-06-at-14.32.06.jpeg\",\"articleSection\":[\"Recursos Humanos\"],\"inLanguage\":\"es\"},{\"@type\":\"WebPage\",\"@id\":\"https:\\\/\\\/www.caudete.org\\\/ayuntamiento\\\/juan-jose-pereira-ha-tomado-posesion-como-funcionario-policia-local-de-caudete\\\/\",\"url\":\"https:\\\/\\\/www.caudete.org\\\/ayuntamiento\\\/juan-jose-pereira-ha-tomado-posesion-como-funcionario-policia-local-de-caudete\\\/\",\"name\":\"Juan Jos\u00e9 Pereira ha tomado posesi\u00f3n como funcionario POLIC\u00cdA LOCAL de Caudete - MI Ayuntamiento de Caudete\",\"isPartOf\":{\"@id\":\"https:\\\/\\\/www.caudete.org\\\/ayuntamiento\\\/#website\"},\"primaryImageOfPage\":{\"@id\":\"https:\\\/\\\/www.caudete.org\\\/ayuntamiento\\\/juan-jose-pereira-ha-tomado-posesion-como-funcionario-policia-local-de-caudete\\\/#primaryimage\"},\"image\":{\"@id\":\"https:\\\/\\\/www.caudete.org\\\/ayuntamiento\\\/juan-jose-pereira-ha-tomado-posesion-como-funcionario-policia-local-de-caudete\\\/#primaryimage\"},\"thumbnailUrl\":\"https:\\\/\\\/www.caudete.org\\\/ayuntamiento\\\/wp-content\\\/uploads\\\/2025\\\/02\\\/WhatsApp-Image-2025-02-06-at-14.32.06.jpeg\",\"datePublished\":\"2025-02-06T16:37:28+00:00\",\"author\":{\"@id\":\"https:\\\/\\\/www.caudete.org\\\/ayuntamiento\\\/#\\\/schema\\\/person\\\/cc646da9133078ee4d8dd47457947253\"},\"description\":\"P\u00e1gina Oficial del Ayuntamiento de Caudete (Albacete)\",\"breadcrumb\":{\"@id\":\"https:\\\/\\\/www.caudete.org\\\/ayuntamiento\\\/juan-jose-pereira-ha-tomado-posesion-como-funcionario-policia-local-de-caudete\\\/#breadcrumb\"},\"inLanguage\":\"es\",\"potentialAction\":[{\"@type\":\"ReadAction\",\"target\":[\"https:\\\/\\\/www.caudete.org\\\/ayuntamiento\\\/juan-jose-pereira-ha-tomado-posesion-como-funcionario-policia-local-de-caudete\\\/\"]}]},{\"@type\":\"ImageObject\",\"inLanguage\":\"es\",\"@id\":\"https:\\\/\\\/www.caudete.org\\\/ayuntamiento\\\/juan-jose-pereira-ha-tomado-posesion-como-funcionario-policia-local-de-caudete\\\/#primaryimage\",\"url\":\"https:\\\/\\\/www.caudete.org\\\/ayuntamiento\\\/wp-content\\\/uploads\\\/2025\\\/02\\\/WhatsApp-Image-2025-02-06-at-14.32.06.jpeg\",\"contentUrl\":\"https:\\\/\\\/www.caudete.org\\\/ayuntamiento\\\/wp-content\\\/uploads\\\/2025\\\/02\\\/WhatsApp-Image-2025-02-06-at-14.32.06.jpeg\",\"width\":2048,\"height\":1152},{\"@type\":\"BreadcrumbList\",\"@id\":\"https:\\\/\\\/www.caudete.org\\\/ayuntamiento\\\/juan-jose-pereira-ha-tomado-posesion-como-funcionario-policia-local-de-caudete\\\/#breadcrumb\",\"itemListElement\":[{\"@type\":\"ListItem\",\"position\":1,\"name\":\"Inicio\",\"item\":\"https:\\\/\\\/www.caudete.org\\\/ayuntamiento\\\/\"},{\"@type\":\"ListItem\",\"position\":2,\"name\":\"Juan Jos\u00e9 Pereira ha tomado posesi\u00f3n como funcionario POLIC\u00cdA LOCAL de Caudete\"}]},{\"@type\":\"WebSite\",\"@id\":\"https:\\\/\\\/www.caudete.org\\\/ayuntamiento\\\/#website\",\"url\":\"https:\\\/\\\/www.caudete.org\\\/ayuntamiento\\\/\",\"name\":\"MI Ayuntamiento de Caudete\",\"description\":\"P\u00e1gina Oficial del MI Ayuntamiento de Caudete\",\"potentialAction\":[{\"@type\":\"SearchAction\",\"target\":{\"@type\":\"EntryPoint\",\"urlTemplate\":\"https:\\\/\\\/www.caudete.org\\\/ayuntamiento\\\/?s={search_term_string}\"},\"query-input\":{\"@type\":\"PropertyValueSpecification\",\"valueRequired\":true,\"valueName\":\"search_term_string\"}}],\"inLanguage\":\"es\"},{\"@type\":\"Person\",\"@id\":\"https:\\\/\\\/www.caudete.org\\\/ayuntamiento\\\/#\\\/schema\\\/person\\\/cc646da9133078ee4d8dd47457947253\",\"name\":\"alcalde\",\"image\":{\"@type\":\"ImageObject\",\"inLanguage\":\"es\",\"@id\":\"https:\\\/\\\/secure.gravatar.com\\\/avatar\\\/84a817ba065b29ff08d666b215a215f5c79186a645ccb25b14a663d48a130f77?s=96&d=mm&r=g\",\"url\":\"https:\\\/\\\/secure.gravatar.com\\\/avatar\\\/84a817ba065b29ff08d666b215a215f5c79186a645ccb25b14a663d48a130f77?s=96&d=mm&r=g\",\"contentUrl\":\"https:\\\/\\\/secure.gravatar.com\\\/avatar\\\/84a817ba065b29ff08d666b215a215f5c79186a645ccb25b14a663d48a130f77?s=96&d=mm&r=g\",\"caption\":\"alcalde\"},\"url\":\"https:\\\/\\\/www.caudete.org\\\/ayuntamiento\\\/author\\\/alcalde\\\/\"}]}<\/script>\n<!-- \/ Yoast SEO plugin. -->","yoast_head_json":{"title":"Juan Jos\u00e9 Pereira ha tomado posesi\u00f3n como funcionario POLIC\u00cdA LOCAL de Caudete - MI Ayuntamiento de Caudete","description":"P\u00e1gina Oficial del Ayuntamiento de Caudete (Albacete)","robots":{"index":"index","follow":"follow","max-snippet":"max-snippet:-1","max-image-preview":"max-image-preview:large","max-video-preview":"max-video-preview:-1"},"canonical":"https:\/\/www.caudete.org\/ayuntamiento\/juan-jose-pereira-ha-tomado-posesion-como-funcionario-policia-local-de-caudete\/","og_locale":"es_ES","og_type":"article","og_title":"Juan Jos\u00e9 Pereira ha tomado posesi\u00f3n como funcionario POLIC\u00cdA LOCAL de Caudete - MI Ayuntamiento de Caudete","og_description":"P\u00e1gina Oficial del Ayuntamiento de Caudete (Albacete)","og_url":"https:\/\/www.caudete.org\/ayuntamiento\/juan-jose-pereira-ha-tomado-posesion-como-funcionario-policia-local-de-caudete\/","og_site_name":"MI Ayuntamiento de Caudete","article_publisher":"https:\/\/www.facebook.com\/ayuntamientocaudete\/","article_published_time":"2025-02-06T16:37:28+00:00","og_image":[{"width":2048,"height":1152,"url":"https:\/\/www.caudete.org\/ayuntamiento\/wp-content\/uploads\/2025\/02\/WhatsApp-Image-2025-02-06-at-14.32.06.jpeg","type":"image\/jpeg"}],"author":"alcalde","twitter_card":"summary_large_image","twitter_misc":{"Escrito por":"alcalde","Tiempo de lectura":"3 minutos"},"schema":{"@context":"https:\/\/schema.org","@graph":[{"@type":"Article","@id":"https:\/\/www.caudete.org\/ayuntamiento\/juan-jose-pereira-ha-tomado-posesion-como-funcionario-policia-local-de-caudete\/#article","isPartOf":{"@id":"https:\/\/www.caudete.org\/ayuntamiento\/juan-jose-pereira-ha-tomado-posesion-como-funcionario-policia-local-de-caudete\/"},"author":{"name":"alcalde","@id":"https:\/\/www.caudete.org\/ayuntamiento\/#\/schema\/person\/cc646da9133078ee4d8dd47457947253"},"headline":"Juan Jos\u00e9 Pereira ha tomado posesi\u00f3n como funcionario POLIC\u00cdA LOCAL de Caudete","datePublished":"2025-02-06T16:37:28+00:00","mainEntityOfPage":{"@id":"https:\/\/www.caudete.org\/ayuntamiento\/juan-jose-pereira-ha-tomado-posesion-como-funcionario-policia-local-de-caudete\/"},"wordCount":353,"image":{"@id":"https:\/\/www.caudete.org\/ayuntamiento\/juan-jose-pereira-ha-tomado-posesion-como-funcionario-policia-local-de-caudete\/#primaryimage"},"thumbnailUrl":"https:\/\/www.caudete.org\/ayuntamiento\/wp-content\/uploads\/2025\/02\/WhatsApp-Image-2025-02-06-at-14.32.06.jpeg","articleSection":["Recursos Humanos"],"inLanguage":"es"},{"@type":"WebPage","@id":"https:\/\/www.caudete.org\/ayuntamiento\/juan-jose-pereira-ha-tomado-posesion-como-funcionario-policia-local-de-caudete\/","url":"https:\/\/www.caudete.org\/ayuntamiento\/juan-jose-pereira-ha-tomado-posesion-como-funcionario-policia-local-de-caudete\/","name":"Juan Jos\u00e9 Pereira ha tomado posesi\u00f3n como funcionario POLIC\u00cdA LOCAL de Caudete - MI Ayuntamiento de Caudete","isPartOf":{"@id":"https:\/\/www.caudete.org\/ayuntamiento\/#website"},"primaryImageOfPage":{"@id":"https:\/\/www.caudete.org\/ayuntamiento\/juan-jose-pereira-ha-tomado-posesion-como-funcionario-policia-local-de-caudete\/#primaryimage"},"image":{"@id":"https:\/\/www.caudete.org\/ayuntamiento\/juan-jose-pereira-ha-tomado-posesion-como-funcionario-policia-local-de-caudete\/#primaryimage"},"thumbnailUrl":"https:\/\/www.caudete.org\/ayuntamiento\/wp-content\/uploads\/2025\/02\/WhatsApp-Image-2025-02-06-at-14.32.06.jpeg","datePublished":"2025-02-06T16:37:28+00:00","author":{"@id":"https:\/\/www.caudete.org\/ayuntamiento\/#\/schema\/person\/cc646da9133078ee4d8dd47457947253"},"description":"P\u00e1gina Oficial del Ayuntamiento de Caudete (Albacete)","breadcrumb":{"@id":"https:\/\/www.caudete.org\/ayuntamiento\/juan-jose-pereira-ha-tomado-posesion-como-funcionario-policia-local-de-caudete\/#breadcrumb"},"inLanguage":"es","potentialAction":[{"@type":"ReadAction","target":["https:\/\/www.caudete.org\/ayuntamiento\/juan-jose-pereira-ha-tomado-posesion-como-funcionario-policia-local-de-caudete\/"]}]},{"@type":"ImageObject","inLanguage":"es","@id":"https:\/\/www.caudete.org\/ayuntamiento\/juan-jose-pereira-ha-tomado-posesion-como-funcionario-policia-local-de-caudete\/#primaryimage","url":"https:\/\/www.caudete.org\/ayuntamiento\/wp-content\/uploads\/2025\/02\/WhatsApp-Image-2025-02-06-at-14.32.06.jpeg","contentUrl":"https:\/\/www.caudete.org\/ayuntamiento\/wp-content\/uploads\/2025\/02\/WhatsApp-Image-2025-02-06-at-14.32.06.jpeg","width":2048,"height":1152},{"@type":"BreadcrumbList","@id":"https:\/\/www.caudete.org\/ayuntamiento\/juan-jose-pereira-ha-tomado-posesion-como-funcionario-policia-local-de-caudete\/#breadcrumb","itemListElement":[{"@type":"ListItem","position":1,"name":"Inicio","item":"https:\/\/www.caudete.org\/ayuntamiento\/"},{"@type":"ListItem","position":2,"name":"Juan Jos\u00e9 Pereira ha tomado posesi\u00f3n como funcionario POLIC\u00cdA LOCAL de Caudete"}]},{"@type":"WebSite","@id":"https:\/\/www.caudete.org\/ayuntamiento\/#website","url":"https:\/\/www.caudete.org\/ayuntamiento\/","name":"MI Ayuntamiento de Caudete","description":"P\u00e1gina Oficial del MI Ayuntamiento de Caudete","potentialAction":[{"@type":"SearchAction","target":{"@type":"EntryPoint","urlTemplate":"https:\/\/www.caudete.org\/ayuntamiento\/?s={search_term_string}"},"query-input":{"@type":"PropertyValueSpecification","valueRequired":true,"valueName":"search_term_string"}}],"inLanguage":"es"},{"@type":"Person","@id":"https:\/\/www.caudete.org\/ayuntamiento\/#\/schema\/person\/cc646da9133078ee4d8dd47457947253","name":"alcalde","image":{"@type":"ImageObject","inLanguage":"es","@id":"https:\/\/secure.gravatar.com\/avatar\/84a817ba065b29ff08d666b215a215f5c79186a645ccb25b14a663d48a130f77?s=96&d=mm&r=g","url":"https:\/\/secure.gravatar.com\/avatar\/84a817ba065b29ff08d666b215a215f5c79186a645ccb25b14a663d48a130f77?s=96&d=mm&r=g","contentUrl":"https:\/\/secure.gravatar.com\/avatar\/84a817ba065b29ff08d666b215a215f5c79186a645ccb25b14a663d48a130f77?s=96&d=mm&r=g","caption":"alcalde"},"url":"https:\/\/www.caudete.org\/ayuntamiento\/author\/alcalde\/"}]}},"_links":{"self":[{"href":"https:\/\/www.caudete.org\/ayuntamiento\/wp-json\/wp\/v2\/posts\/27423","targetHints":{"allow":["GET"]}}],"collection":[{"href":"https:\/\/www.caudete.org\/ayuntamiento\/wp-json\/wp\/v2\/posts"}],"about":[{"href":"https:\/\/www.caudete.org\/ayuntamiento\/wp-json\/wp\/v2\/types\/post"}],"author":[{"embeddable":true,"href":"https:\/\/www.caudete.org\/ayuntamiento\/wp-json\/wp\/v2\/users\/3"}],"replies":[{"embeddable":true,"href":"https:\/\/www.caudete.org\/ayuntamiento\/wp-json\/wp\/v2\/comments?post=27423"}],"version-history":[{"count":1,"href":"https:\/\/www.caudete.org\/ayuntamiento\/wp-json\/wp\/v2\/posts\/27423\/revisions"}],"predecessor-version":[{"id":27428,"href":"https:\/\/www.caudete.org\/ayuntamiento\/wp-json\/wp\/v2\/posts\/27423\/revisions\/27428"}],"wp:featuredmedia":[{"embeddable":true,"href":"https:\/\/www.caudete.org\/ayuntamiento\/wp-json\/wp\/v2\/media\/27426"}],"wp:attachment":[{"href":"https:\/\/www.caudete.org\/ayuntamiento\/wp-json\/wp\/v2\/media?parent=27423"}],"wp:term":[{"taxonomy":"category","embeddable":true,"href":"https:\/\/www.caudete.org\/ayuntamiento\/wp-json\/wp\/v2\/categories?post=27423"},{"taxonomy":"post_tag","embeddable":true,"href":"https:\/\/www.caudete.org\/ayuntamiento\/wp-json\/wp\/v2\/tags?post=27423"}],"curies":[{"name":"wp","href":"https:\/\/api.w.org\/{rel}","templated":true}]}}