{"id":27488,"date":"2025-02-10T14:03:11","date_gmt":"2025-02-10T13:03:11","guid":{"rendered":"https:\/\/www.caudete.org\/ayuntamiento\/?p=27488"},"modified":"2025-02-11T09:56:05","modified_gmt":"2025-02-11T08:56:05","slug":"curso-competencias-digitales-para-la-infancia-aprende-a-conectarte","status":"publish","type":"post","link":"https:\/\/www.caudete.org\/ayuntamiento\/curso-competencias-digitales-para-la-infancia-aprende-a-conectarte\/","title":{"rendered":"Curso Competencias Digitales para la Infancia: APRENDE A CONECTARTE"},"content":{"rendered":"<p style=\"text-align: justify;\">La Concejal\u00eda de Promoci\u00f3n y Desarrollo, junto a la de Juventud, las cuales gestiona la Edil M\u00aaDolores Requena, presenta el Proyecto CODI (Competencias Digitales para la Infancia), un proyecto formativo innovador que tiene como finalidad el capacitar a los ni\u00f1os y adolescentes entre los 9 y los 17 a\u00f1os, as\u00ed como a j\u00f3venes mayores de 18 a\u00f1os procedentes del sistema de protecci\u00f3n y\/o que han cumplido medidas socioeducativas.<\/p>\n<p style=\"text-align: justify;\">\u2022 Ni\u00f1os de 9 a 13 a\u00f1os, dividido a su vez en dos grupos:<\/p>\n<p style=\"padding-left: 40px; text-align: justify;\">o De 9 a 11 a\u00f1os: Los contenidos del curso para este grupo, se centrar\u00e1n en \u201cb\u00fasqueda segura en internet, uso de internet en el estudio y<br \/>\nprivacidad y protecci\u00f3n de datos en la red\u201d.<\/p>\n<p style=\"padding-left: 40px; text-align: justify;\">o De 12 a 13 a\u00f1os: Los contenidos del curso para este grupo, se centrar\u00e1n en \u201cla adicci\u00f3n a la tecnolog\u00eda, el ciberbullying, las redes sociales<br \/>\ny su uso correcto, la identidad digital, realizar b\u00fasquedas en internet y protecci\u00f3n de dispositivos y datos personales\u201d.<\/p>\n<p style=\"text-align: justify;\">\u2022 Competencias digitales avanzadas para adolescentes de 14 a 17 a\u00f1os:<\/p>\n<p style=\"padding-left: 40px; text-align: justify;\">los contenidos se centrar\u00e1n en &#8220;comportamiento en la red, gesti\u00f3n de la identidad digital, privacidad en la red, desarrollo de contenido digital y desarrollo de<br \/>\ncontenidos\u201d<\/p>\n<p style=\"text-align: justify;\">La formaci\u00f3n se impartir\u00e1 en horarios y periodos no lectivos y vacacionales, organiz\u00e1ndose de la siguiente manera:<\/p>\n<p style=\"padding-left: 40px; text-align: justify;\">\u2022 Duraci\u00f3n total: 30 horas repartidas a lo largo de 6 semanas.<\/p>\n<p style=\"padding-left: 40px; text-align: justify;\">\u2022 Los horarios de impartici\u00f3n son los siguientes:<br \/>\n&#8211; De lunes a jueves o viernes: Entre las 16:00 y las 21:00 horas, divididos en 4<br \/>\ngrupos de alumnos\/as con los siguientes horarios:<\/p>\n<p style=\"padding-left: 120px; text-align: justify;\">\u25cf 1\u00ba grupo: 16:00 a 17:15 horas.<br \/>\n\u25cf 2\u00ba grupo: 17:15 a 18:30 horas.<br \/>\n\u25cf 3\u00ba grupo: 18:30 a 19:45 horas<br \/>\n\u25cf 4\u00ba grupo: 19:45 a 21:00 horas<\/p>\n<p style=\"padding-left: 40px; text-align: justify;\">&#8211; Viernes o s\u00e1bados: Con un \u00fanico grupo de alumnos\/as<\/p>\n<p style=\"padding-left: 120px; text-align: justify;\">\u25cf Viernes: Horario intensivo entre las 16:00 y las 21:00 horas.<br \/>\n\u25cf S\u00e1bados: Horario intensivo entre las 09:00 y las 14:00 horas.<\/p>\n<p style=\"text-align: justify;\">Para cada grupo de alumnos\/as, los cursos comenzar\u00e1n en las siguientes fechas:<\/p>\n<p style=\"padding-left: 120px; text-align: justify;\">\u25cf Primeros 5 grupos: Comenzar\u00e1n el 17 de febrero de 2025<br \/>\n\u25cf Segundos 5 grupos: Comenzar\u00e1n el 27 de marzo de 2025<br \/>\n\u25cf Terceros 5 grupos: Comenzar\u00e1n el 19 de mayo de 2025<br \/>\n\u25cf Cuartos 5 grupos: Comenzar\u00e1n el 30 de junio de 2025<br \/>\n\u25cf Quintos 5 grupos: Comenzar\u00e1n el 21 de julio de 2025<br \/>\n\u25cf Sextos 5 grupos: Comenzar\u00e1n el 15 de septiembre de 2025<br \/>\n\u25cf S\u00e9ptimos 5 grupos: Comenzar\u00e1n el 27 de octubre de 2025<\/p>\n<p style=\"text-align: justify;\">Las inscripciones podr\u00e1n realizarse v\u00eda telef\u00f3nica\/whatsapp en el 675 957 264 o v\u00eda email a jdgarcia@grupomainjobs.com<br \/>\nPersona de contacto: Jos\u00e9 Daniel Garc\u00eda<\/p>\n<p><a href=\"https:\/\/www.caudete.org\/ayuntamiento\/wp-content\/uploads\/2025\/02\/CODI_-Caudete.png\" rel='prettyPhoto'><img fetchpriority=\"high\" decoding=\"async\" class=\"size-full wp-image-27489 aligncenter\" src=\"https:\/\/www.caudete.org\/ayuntamiento\/wp-content\/uploads\/2025\/02\/CODI_-Caudete.png\" alt=\"\" width=\"826\" height=\"1169\" srcset=\"https:\/\/www.caudete.org\/ayuntamiento\/wp-content\/uploads\/2025\/02\/CODI_-Caudete.png 826w, https:\/\/www.caudete.org\/ayuntamiento\/wp-content\/uploads\/2025\/02\/CODI_-Caudete-212x300.png 212w, https:\/\/www.caudete.org\/ayuntamiento\/wp-content\/uploads\/2025\/02\/CODI_-Caudete-724x1024.png 724w, https:\/\/www.caudete.org\/ayuntamiento\/wp-content\/uploads\/2025\/02\/CODI_-Caudete-768x1087.png 768w\" sizes=\"(max-width: 826px) 100vw, 826px\" \/><\/a><\/p>\n","protected":false},"excerpt":{"rendered":"<p>La Concejal\u00eda de Promoci\u00f3n y Desarrollo, junto a la de Juventud, las cuales gestiona la Edil M\u00aaDolores Requena, presenta el Proyecto CODI (Competencias Digitales para la Infancia), un proyecto formativo innovador que tiene como finalidad el capacitar a los ni\u00f1os y adolescentes entre los 9 y los 17 a\u00f1os, as\u00ed como a j\u00f3venes mayores de &hellip;<\/p>\n","protected":false},"author":5,"featured_media":27490,"comment_status":"closed","ping_status":"open","sticky":false,"template":"","format":"standard","meta":{"ngg_post_thumbnail":0,"footnotes":""},"categories":[851],"tags":[],"class_list":["post-27488","post","type-post","status-publish","format-standard","has-post-thumbnail","hentry","category-promocion-y-desarrollo-economico"],"yoast_head":"<!-- This site is optimized with the Yoast SEO plugin v27.4 - https:\/\/yoast.com\/product\/yoast-seo-wordpress\/ -->\n<title>Curso Competencias Digitales para la Infancia: APRENDE A CONECTARTE - MI Ayuntamiento de Caudete<\/title>\n<meta name=\"description\" content=\"P\u00e1gina Oficial del Ayuntamiento de Caudete (Albacete)\" \/>\n<meta name=\"robots\" content=\"index, follow, max-snippet:-1, max-image-preview:large, max-video-preview:-1\" \/>\n<link rel=\"canonical\" href=\"https:\/\/www.caudete.org\/ayuntamiento\/curso-competencias-digitales-para-la-infancia-aprende-a-conectarte\/\" \/>\n<meta property=\"og:locale\" content=\"es_ES\" \/>\n<meta property=\"og:type\" content=\"article\" \/>\n<meta property=\"og:title\" content=\"Curso Competencias Digitales para la Infancia: APRENDE A CONECTARTE - MI Ayuntamiento de Caudete\" \/>\n<meta property=\"og:description\" content=\"P\u00e1gina Oficial del Ayuntamiento de Caudete (Albacete)\" \/>\n<meta property=\"og:url\" content=\"https:\/\/www.caudete.org\/ayuntamiento\/curso-competencias-digitales-para-la-infancia-aprende-a-conectarte\/\" \/>\n<meta property=\"og:site_name\" content=\"MI Ayuntamiento de Caudete\" \/>\n<meta property=\"article:publisher\" content=\"https:\/\/www.facebook.com\/ayuntamientocaudete\/\" \/>\n<meta property=\"article:published_time\" content=\"2025-02-10T13:03:11+00:00\" \/>\n<meta property=\"article:modified_time\" content=\"2025-02-11T08:56:05+00:00\" \/>\n<meta property=\"og:image\" content=\"https:\/\/www.caudete.org\/ayuntamiento\/wp-content\/uploads\/2025\/02\/CODI-port.jpg\" \/>\n\t<meta property=\"og:image:width\" content=\"783\" \/>\n\t<meta property=\"og:image:height\" content=\"330\" \/>\n\t<meta property=\"og:image:type\" content=\"image\/jpeg\" \/>\n<meta name=\"author\" content=\"Dpto Informatica MI Ayuntamiento de Caudete\" \/>\n<meta name=\"twitter:card\" content=\"summary_large_image\" \/>\n<meta name=\"twitter:label1\" content=\"Escrito por\" \/>\n\t<meta name=\"twitter:data1\" content=\"Dpto Informatica MI Ayuntamiento de Caudete\" \/>\n\t<meta name=\"twitter:label2\" content=\"Tiempo de lectura\" \/>\n\t<meta name=\"twitter:data2\" content=\"3 minutos\" \/>\n<script type=\"application\/ld+json\" class=\"yoast-schema-graph\">{\"@context\":\"https:\\\/\\\/schema.org\",\"@graph\":[{\"@type\":\"Article\",\"@id\":\"https:\\\/\\\/www.caudete.org\\\/ayuntamiento\\\/curso-competencias-digitales-para-la-infancia-aprende-a-conectarte\\\/#article\",\"isPartOf\":{\"@id\":\"https:\\\/\\\/www.caudete.org\\\/ayuntamiento\\\/curso-competencias-digitales-para-la-infancia-aprende-a-conectarte\\\/\"},\"author\":{\"name\":\"Dpto Informatica MI Ayuntamiento de Caudete\",\"@id\":\"https:\\\/\\\/www.caudete.org\\\/ayuntamiento\\\/#\\\/schema\\\/person\\\/4b9eab41761957db9b1bf9c418d1ef46\"},\"headline\":\"Curso Competencias Digitales para la Infancia: APRENDE A CONECTARTE\",\"datePublished\":\"2025-02-10T13:03:11+00:00\",\"dateModified\":\"2025-02-11T08:56:05+00:00\",\"mainEntityOfPage\":{\"@id\":\"https:\\\/\\\/www.caudete.org\\\/ayuntamiento\\\/curso-competencias-digitales-para-la-infancia-aprende-a-conectarte\\\/\"},\"wordCount\":416,\"publisher\":{\"@id\":\"https:\\\/\\\/www.caudete.org\\\/ayuntamiento\\\/#organization\"},\"image\":{\"@id\":\"https:\\\/\\\/www.caudete.org\\\/ayuntamiento\\\/curso-competencias-digitales-para-la-infancia-aprende-a-conectarte\\\/#primaryimage\"},\"thumbnailUrl\":\"https:\\\/\\\/www.caudete.org\\\/ayuntamiento\\\/wp-content\\\/uploads\\\/2025\\\/02\\\/CODI-port.jpg\",\"articleSection\":[\"Promoci\u00f3n y Desarrollo Econ\u00f3mico\"],\"inLanguage\":\"es\"},{\"@type\":\"WebPage\",\"@id\":\"https:\\\/\\\/www.caudete.org\\\/ayuntamiento\\\/curso-competencias-digitales-para-la-infancia-aprende-a-conectarte\\\/\",\"url\":\"https:\\\/\\\/www.caudete.org\\\/ayuntamiento\\\/curso-competencias-digitales-para-la-infancia-aprende-a-conectarte\\\/\",\"name\":\"Curso Competencias Digitales para la Infancia: APRENDE A CONECTARTE - MI Ayuntamiento de Caudete\",\"isPartOf\":{\"@id\":\"https:\\\/\\\/www.caudete.org\\\/ayuntamiento\\\/#website\"},\"primaryImageOfPage\":{\"@id\":\"https:\\\/\\\/www.caudete.org\\\/ayuntamiento\\\/curso-competencias-digitales-para-la-infancia-aprende-a-conectarte\\\/#primaryimage\"},\"image\":{\"@id\":\"https:\\\/\\\/www.caudete.org\\\/ayuntamiento\\\/curso-competencias-digitales-para-la-infancia-aprende-a-conectarte\\\/#primaryimage\"},\"thumbnailUrl\":\"https:\\\/\\\/www.caudete.org\\\/ayuntamiento\\\/wp-content\\\/uploads\\\/2025\\\/02\\\/CODI-port.jpg\",\"datePublished\":\"2025-02-10T13:03:11+00:00\",\"dateModified\":\"2025-02-11T08:56:05+00:00\",\"description\":\"P\u00e1gina Oficial del Ayuntamiento de Caudete (Albacete)\",\"breadcrumb\":{\"@id\":\"https:\\\/\\\/www.caudete.org\\\/ayuntamiento\\\/curso-competencias-digitales-para-la-infancia-aprende-a-conectarte\\\/#breadcrumb\"},\"inLanguage\":\"es\",\"potentialAction\":[{\"@type\":\"ReadAction\",\"target\":[\"https:\\\/\\\/www.caudete.org\\\/ayuntamiento\\\/curso-competencias-digitales-para-la-infancia-aprende-a-conectarte\\\/\"]}]},{\"@type\":\"ImageObject\",\"inLanguage\":\"es\",\"@id\":\"https:\\\/\\\/www.caudete.org\\\/ayuntamiento\\\/curso-competencias-digitales-para-la-infancia-aprende-a-conectarte\\\/#primaryimage\",\"url\":\"https:\\\/\\\/www.caudete.org\\\/ayuntamiento\\\/wp-content\\\/uploads\\\/2025\\\/02\\\/CODI-port.jpg\",\"contentUrl\":\"https:\\\/\\\/www.caudete.org\\\/ayuntamiento\\\/wp-content\\\/uploads\\\/2025\\\/02\\\/CODI-port.jpg\",\"width\":783,\"height\":330},{\"@type\":\"BreadcrumbList\",\"@id\":\"https:\\\/\\\/www.caudete.org\\\/ayuntamiento\\\/curso-competencias-digitales-para-la-infancia-aprende-a-conectarte\\\/#breadcrumb\",\"itemListElement\":[{\"@type\":\"ListItem\",\"position\":1,\"name\":\"Inicio\",\"item\":\"https:\\\/\\\/www.caudete.org\\\/ayuntamiento\\\/\"},{\"@type\":\"ListItem\",\"position\":2,\"name\":\"Curso Competencias Digitales para la Infancia: APRENDE A CONECTARTE\"}]},{\"@type\":\"WebSite\",\"@id\":\"https:\\\/\\\/www.caudete.org\\\/ayuntamiento\\\/#website\",\"url\":\"https:\\\/\\\/www.caudete.org\\\/ayuntamiento\\\/\",\"name\":\"MI Ayuntamiento de Caudete\",\"description\":\"P\u00e1gina Oficial del MI Ayuntamiento de Caudete\",\"publisher\":{\"@id\":\"https:\\\/\\\/www.caudete.org\\\/ayuntamiento\\\/#organization\"},\"potentialAction\":[{\"@type\":\"SearchAction\",\"target\":{\"@type\":\"EntryPoint\",\"urlTemplate\":\"https:\\\/\\\/www.caudete.org\\\/ayuntamiento\\\/?s={search_term_string}\"},\"query-input\":{\"@type\":\"PropertyValueSpecification\",\"valueRequired\":true,\"valueName\":\"search_term_string\"}}],\"inLanguage\":\"es\"},{\"@type\":\"Organization\",\"@id\":\"https:\\\/\\\/www.caudete.org\\\/ayuntamiento\\\/#organization\",\"name\":\"Ayuntamiento de Caudete\",\"url\":\"https:\\\/\\\/www.caudete.org\\\/ayuntamiento\\\/\",\"logo\":{\"@type\":\"ImageObject\",\"inLanguage\":\"es\",\"@id\":\"https:\\\/\\\/www.caudete.org\\\/ayuntamiento\\\/#\\\/schema\\\/logo\\\/image\\\/\",\"url\":\"https:\\\/\\\/www.caudete.org\\\/ayuntamiento\\\/wp-content\\\/uploads\\\/2020\\\/11\\\/logo_ayuntamiento_caudete.jpg\",\"contentUrl\":\"https:\\\/\\\/www.caudete.org\\\/ayuntamiento\\\/wp-content\\\/uploads\\\/2020\\\/11\\\/logo_ayuntamiento_caudete.jpg\",\"width\":600,\"height\":150,\"caption\":\"Ayuntamiento de Caudete\"},\"image\":{\"@id\":\"https:\\\/\\\/www.caudete.org\\\/ayuntamiento\\\/#\\\/schema\\\/logo\\\/image\\\/\"},\"sameAs\":[\"https:\\\/\\\/www.facebook.com\\\/ayuntamientocaudete\\\/\",\"https:\\\/\\\/www.youtube.com\\\/channel\\\/UC6VztHaooNsGpw-tNoBEFnQ\"]},{\"@type\":\"Person\",\"@id\":\"https:\\\/\\\/www.caudete.org\\\/ayuntamiento\\\/#\\\/schema\\\/person\\\/4b9eab41761957db9b1bf9c418d1ef46\",\"name\":\"Dpto Informatica MI Ayuntamiento de Caudete\",\"image\":{\"@type\":\"ImageObject\",\"inLanguage\":\"es\",\"@id\":\"https:\\\/\\\/secure.gravatar.com\\\/avatar\\\/ac0321ee4a0a83e82a253e7b2d348ef539e2c8fe16d06b600bde04de1b364fa7?s=96&d=mm&r=g\",\"url\":\"https:\\\/\\\/secure.gravatar.com\\\/avatar\\\/ac0321ee4a0a83e82a253e7b2d348ef539e2c8fe16d06b600bde04de1b364fa7?s=96&d=mm&r=g\",\"contentUrl\":\"https:\\\/\\\/secure.gravatar.com\\\/avatar\\\/ac0321ee4a0a83e82a253e7b2d348ef539e2c8fe16d06b600bde04de1b364fa7?s=96&d=mm&r=g\",\"caption\":\"Dpto Informatica MI Ayuntamiento de Caudete\"},\"url\":\"https:\\\/\\\/www.caudete.org\\\/ayuntamiento\\\/author\\\/informatica\\\/\"}]}<\/script>\n<!-- \/ Yoast SEO plugin. -->","yoast_head_json":{"title":"Curso Competencias Digitales para la Infancia: APRENDE A CONECTARTE - MI Ayuntamiento de Caudete","description":"P\u00e1gina Oficial del Ayuntamiento de Caudete (Albacete)","robots":{"index":"index","follow":"follow","max-snippet":"max-snippet:-1","max-image-preview":"max-image-preview:large","max-video-preview":"max-video-preview:-1"},"canonical":"https:\/\/www.caudete.org\/ayuntamiento\/curso-competencias-digitales-para-la-infancia-aprende-a-conectarte\/","og_locale":"es_ES","og_type":"article","og_title":"Curso Competencias Digitales para la Infancia: APRENDE A CONECTARTE - MI Ayuntamiento de Caudete","og_description":"P\u00e1gina Oficial del Ayuntamiento de Caudete (Albacete)","og_url":"https:\/\/www.caudete.org\/ayuntamiento\/curso-competencias-digitales-para-la-infancia-aprende-a-conectarte\/","og_site_name":"MI Ayuntamiento de Caudete","article_publisher":"https:\/\/www.facebook.com\/ayuntamientocaudete\/","article_published_time":"2025-02-10T13:03:11+00:00","article_modified_time":"2025-02-11T08:56:05+00:00","og_image":[{"width":783,"height":330,"url":"https:\/\/www.caudete.org\/ayuntamiento\/wp-content\/uploads\/2025\/02\/CODI-port.jpg","type":"image\/jpeg"}],"author":"Dpto Informatica MI Ayuntamiento de Caudete","twitter_card":"summary_large_image","twitter_misc":{"Escrito por":"Dpto Informatica MI Ayuntamiento de Caudete","Tiempo de lectura":"3 minutos"},"schema":{"@context":"https:\/\/schema.org","@graph":[{"@type":"Article","@id":"https:\/\/www.caudete.org\/ayuntamiento\/curso-competencias-digitales-para-la-infancia-aprende-a-conectarte\/#article","isPartOf":{"@id":"https:\/\/www.caudete.org\/ayuntamiento\/curso-competencias-digitales-para-la-infancia-aprende-a-conectarte\/"},"author":{"name":"Dpto Informatica MI Ayuntamiento de Caudete","@id":"https:\/\/www.caudete.org\/ayuntamiento\/#\/schema\/person\/4b9eab41761957db9b1bf9c418d1ef46"},"headline":"Curso Competencias Digitales para la Infancia: APRENDE A CONECTARTE","datePublished":"2025-02-10T13:03:11+00:00","dateModified":"2025-02-11T08:56:05+00:00","mainEntityOfPage":{"@id":"https:\/\/www.caudete.org\/ayuntamiento\/curso-competencias-digitales-para-la-infancia-aprende-a-conectarte\/"},"wordCount":416,"publisher":{"@id":"https:\/\/www.caudete.org\/ayuntamiento\/#organization"},"image":{"@id":"https:\/\/www.caudete.org\/ayuntamiento\/curso-competencias-digitales-para-la-infancia-aprende-a-conectarte\/#primaryimage"},"thumbnailUrl":"https:\/\/www.caudete.org\/ayuntamiento\/wp-content\/uploads\/2025\/02\/CODI-port.jpg","articleSection":["Promoci\u00f3n y Desarrollo Econ\u00f3mico"],"inLanguage":"es"},{"@type":"WebPage","@id":"https:\/\/www.caudete.org\/ayuntamiento\/curso-competencias-digitales-para-la-infancia-aprende-a-conectarte\/","url":"https:\/\/www.caudete.org\/ayuntamiento\/curso-competencias-digitales-para-la-infancia-aprende-a-conectarte\/","name":"Curso Competencias Digitales para la Infancia: APRENDE A CONECTARTE - MI Ayuntamiento de Caudete","isPartOf":{"@id":"https:\/\/www.caudete.org\/ayuntamiento\/#website"},"primaryImageOfPage":{"@id":"https:\/\/www.caudete.org\/ayuntamiento\/curso-competencias-digitales-para-la-infancia-aprende-a-conectarte\/#primaryimage"},"image":{"@id":"https:\/\/www.caudete.org\/ayuntamiento\/curso-competencias-digitales-para-la-infancia-aprende-a-conectarte\/#primaryimage"},"thumbnailUrl":"https:\/\/www.caudete.org\/ayuntamiento\/wp-content\/uploads\/2025\/02\/CODI-port.jpg","datePublished":"2025-02-10T13:03:11+00:00","dateModified":"2025-02-11T08:56:05+00:00","description":"P\u00e1gina Oficial del Ayuntamiento de Caudete (Albacete)","breadcrumb":{"@id":"https:\/\/www.caudete.org\/ayuntamiento\/curso-competencias-digitales-para-la-infancia-aprende-a-conectarte\/#breadcrumb"},"inLanguage":"es","potentialAction":[{"@type":"ReadAction","target":["https:\/\/www.caudete.org\/ayuntamiento\/curso-competencias-digitales-para-la-infancia-aprende-a-conectarte\/"]}]},{"@type":"ImageObject","inLanguage":"es","@id":"https:\/\/www.caudete.org\/ayuntamiento\/curso-competencias-digitales-para-la-infancia-aprende-a-conectarte\/#primaryimage","url":"https:\/\/www.caudete.org\/ayuntamiento\/wp-content\/uploads\/2025\/02\/CODI-port.jpg","contentUrl":"https:\/\/www.caudete.org\/ayuntamiento\/wp-content\/uploads\/2025\/02\/CODI-port.jpg","width":783,"height":330},{"@type":"BreadcrumbList","@id":"https:\/\/www.caudete.org\/ayuntamiento\/curso-competencias-digitales-para-la-infancia-aprende-a-conectarte\/#breadcrumb","itemListElement":[{"@type":"ListItem","position":1,"name":"Inicio","item":"https:\/\/www.caudete.org\/ayuntamiento\/"},{"@type":"ListItem","position":2,"name":"Curso Competencias Digitales para la Infancia: APRENDE A CONECTARTE"}]},{"@type":"WebSite","@id":"https:\/\/www.caudete.org\/ayuntamiento\/#website","url":"https:\/\/www.caudete.org\/ayuntamiento\/","name":"MI Ayuntamiento de Caudete","description":"P\u00e1gina Oficial del MI Ayuntamiento de Caudete","publisher":{"@id":"https:\/\/www.caudete.org\/ayuntamiento\/#organization"},"potentialAction":[{"@type":"SearchAction","target":{"@type":"EntryPoint","urlTemplate":"https:\/\/www.caudete.org\/ayuntamiento\/?s={search_term_string}"},"query-input":{"@type":"PropertyValueSpecification","valueRequired":true,"valueName":"search_term_string"}}],"inLanguage":"es"},{"@type":"Organization","@id":"https:\/\/www.caudete.org\/ayuntamiento\/#organization","name":"Ayuntamiento de Caudete","url":"https:\/\/www.caudete.org\/ayuntamiento\/","logo":{"@type":"ImageObject","inLanguage":"es","@id":"https:\/\/www.caudete.org\/ayuntamiento\/#\/schema\/logo\/image\/","url":"https:\/\/www.caudete.org\/ayuntamiento\/wp-content\/uploads\/2020\/11\/logo_ayuntamiento_caudete.jpg","contentUrl":"https:\/\/www.caudete.org\/ayuntamiento\/wp-content\/uploads\/2020\/11\/logo_ayuntamiento_caudete.jpg","width":600,"height":150,"caption":"Ayuntamiento de Caudete"},"image":{"@id":"https:\/\/www.caudete.org\/ayuntamiento\/#\/schema\/logo\/image\/"},"sameAs":["https:\/\/www.facebook.com\/ayuntamientocaudete\/","https:\/\/www.youtube.com\/channel\/UC6VztHaooNsGpw-tNoBEFnQ"]},{"@type":"Person","@id":"https:\/\/www.caudete.org\/ayuntamiento\/#\/schema\/person\/4b9eab41761957db9b1bf9c418d1ef46","name":"Dpto Informatica MI Ayuntamiento de Caudete","image":{"@type":"ImageObject","inLanguage":"es","@id":"https:\/\/secure.gravatar.com\/avatar\/ac0321ee4a0a83e82a253e7b2d348ef539e2c8fe16d06b600bde04de1b364fa7?s=96&d=mm&r=g","url":"https:\/\/secure.gravatar.com\/avatar\/ac0321ee4a0a83e82a253e7b2d348ef539e2c8fe16d06b600bde04de1b364fa7?s=96&d=mm&r=g","contentUrl":"https:\/\/secure.gravatar.com\/avatar\/ac0321ee4a0a83e82a253e7b2d348ef539e2c8fe16d06b600bde04de1b364fa7?s=96&d=mm&r=g","caption":"Dpto Informatica MI Ayuntamiento de Caudete"},"url":"https:\/\/www.caudete.org\/ayuntamiento\/author\/informatica\/"}]}},"_links":{"self":[{"href":"https:\/\/www.caudete.org\/ayuntamiento\/wp-json\/wp\/v2\/posts\/27488","targetHints":{"allow":["GET"]}}],"collection":[{"href":"https:\/\/www.caudete.org\/ayuntamiento\/wp-json\/wp\/v2\/posts"}],"about":[{"href":"https:\/\/www.caudete.org\/ayuntamiento\/wp-json\/wp\/v2\/types\/post"}],"author":[{"embeddable":true,"href":"https:\/\/www.caudete.org\/ayuntamiento\/wp-json\/wp\/v2\/users\/5"}],"replies":[{"embeddable":true,"href":"https:\/\/www.caudete.org\/ayuntamiento\/wp-json\/wp\/v2\/comments?post=27488"}],"version-history":[{"count":6,"href":"https:\/\/www.caudete.org\/ayuntamiento\/wp-json\/wp\/v2\/posts\/27488\/revisions"}],"predecessor-version":[{"id":27500,"href":"https:\/\/www.caudete.org\/ayuntamiento\/wp-json\/wp\/v2\/posts\/27488\/revisions\/27500"}],"wp:featuredmedia":[{"embeddable":true,"href":"https:\/\/www.caudete.org\/ayuntamiento\/wp-json\/wp\/v2\/media\/27490"}],"wp:attachment":[{"href":"https:\/\/www.caudete.org\/ayuntamiento\/wp-json\/wp\/v2\/media?parent=27488"}],"wp:term":[{"taxonomy":"category","embeddable":true,"href":"https:\/\/www.caudete.org\/ayuntamiento\/wp-json\/wp\/v2\/categories?post=27488"},{"taxonomy":"post_tag","embeddable":true,"href":"https:\/\/www.caudete.org\/ayuntamiento\/wp-json\/wp\/v2\/tags?post=27488"}],"curies":[{"name":"wp","href":"https:\/\/api.w.org\/{rel}","templated":true}]}}