{"id":27519,"date":"2025-02-12T15:36:03","date_gmt":"2025-02-12T14:36:03","guid":{"rendered":"https:\/\/www.caudete.org\/ayuntamiento\/?p=27519"},"modified":"2025-02-12T15:36:03","modified_gmt":"2025-02-12T14:36:03","slug":"cati-agullo-asciende-a-administrativa-tras-superar-el-proceso-selectivo-de-promocion-interna","status":"publish","type":"post","link":"https:\/\/www.caudete.org\/ayuntamiento\/cati-agullo-asciende-a-administrativa-tras-superar-el-proceso-selectivo-de-promocion-interna\/","title":{"rendered":"Cati Agull\u00f3, asciende a Administrativa tras superar el proceso selectivo de promoci\u00f3n interna"},"content":{"rendered":"<p style=\"text-align: justify;\">El Sal\u00f3n de Plenos sigue siendo el escenario que acoge el acto de toma de posesi\u00f3n de los funcionarios, en este caso donde el cuerpo administrativo del Ayuntamiento es el protagonista mediante el ascenso por promoci\u00f3n interna de uno de sus empleados municipales.<\/p>\n<p style=\"text-align: justify;\">Catalina Agull\u00f3 Benito, auxiliar administrativa desde 1998 en el Departamento de Recaudaci\u00f3n y Tesorer\u00eda, ha firmado el acta como funcionaria Administrativo, grupo C1, tras jurar el cargo con la f\u00f3rmula legalmente establecida. As\u00ed pues, se materializa la pol\u00edtica de recursos humanos lanzada por el Gobierno Municipal, de promocionar profesionalmente a sus empleados, una muestra de confianza y apuesta por quienes son el motor del Ayuntamiento.<\/p>\n<p style=\"text-align: justify;\">Al acto, presidido por el Alcalde, Mois\u00e9s L\u00f3pez, han asistido miembros del Gobierno Municipal, de los grupos de la oposici\u00f3n y empleados municipales que han querido acompa\u00f1ar en este momento. El primer Edil rese\u00f1\u00f3 el esfuerzo y compromiso del Gobierno Municipal los empleados municipales, y por ende, por una mejor prestaci\u00f3n del servicio p\u00fablico a los caudetanos, que ha supuesto en los \u00faltimos a\u00f1os ampliar profesionales en las \u00e1reas que lo han precisado, y mejorar la formaci\u00f3n de los empleados municipales, lo que se materializa en 7 a\u00f1os de trabajo constante en el que han trabajo por ello dos Concejales de Recursos Humanos, que han llevado a cabo los compromisos fruto de la escucha de los representantes de los empleados.<\/p>\n<p style=\"text-align: justify;\">A Cati, le ha felicitado el Alcalde por el resultado obtenido, fruto del trabajo y esfuerzo que todo proceso selectivo conlleva, dese\u00e1ndole que pueda seguir creciendo profesionalmente en la que hasta ahora es su casa, el Ayuntamiento, donde tiene la confianza en que seguir\u00e1 prestando su vocaci\u00f3n de servicio p\u00fablico con total entrega, empat\u00eda y profesionalidad.<\/p>\n<p><a href=\"https:\/\/www.caudete.org\/ayuntamiento\/wp-content\/uploads\/2025\/02\/WhatsApp-Image-2025-02-06-at-14.23.19-e1739370424314.jpeg\" rel='prettyPhoto'><img fetchpriority=\"high\" decoding=\"async\" class=\"alignnone wp-image-27427 size-full\" src=\"https:\/\/www.caudete.org\/ayuntamiento\/wp-content\/uploads\/2025\/02\/WhatsApp-Image-2025-02-06-at-14.23.19-e1739370424314.jpeg\" alt=\"\" width=\"1294\" height=\"980\" srcset=\"https:\/\/www.caudete.org\/ayuntamiento\/wp-content\/uploads\/2025\/02\/WhatsApp-Image-2025-02-06-at-14.23.19-e1739370424314.jpeg 1294w, https:\/\/www.caudete.org\/ayuntamiento\/wp-content\/uploads\/2025\/02\/WhatsApp-Image-2025-02-06-at-14.23.19-e1739370424314-300x227.jpeg 300w, https:\/\/www.caudete.org\/ayuntamiento\/wp-content\/uploads\/2025\/02\/WhatsApp-Image-2025-02-06-at-14.23.19-e1739370424314-1024x776.jpeg 1024w, https:\/\/www.caudete.org\/ayuntamiento\/wp-content\/uploads\/2025\/02\/WhatsApp-Image-2025-02-06-at-14.23.19-e1739370424314-768x582.jpeg 768w\" sizes=\"(max-width: 1294px) 100vw, 1294px\" \/><\/a><\/p>\n<p>&nbsp;<\/p>\n","protected":false},"excerpt":{"rendered":"<p>El Sal\u00f3n de Plenos sigue siendo el escenario que acoge el acto de toma de posesi\u00f3n de los funcionarios, en este caso donde el cuerpo administrativo del Ayuntamiento es el protagonista mediante el ascenso por promoci\u00f3n interna de uno de sus empleados municipales. Catalina Agull\u00f3 Benito, auxiliar administrativa desde 1998 en el Departamento de Recaudaci\u00f3n &hellip;<\/p>\n","protected":false},"author":3,"featured_media":27427,"comment_status":"closed","ping_status":"open","sticky":false,"template":"","format":"standard","meta":{"ngg_post_thumbnail":0,"footnotes":""},"categories":[33],"tags":[],"class_list":["post-27519","post","type-post","status-publish","format-standard","has-post-thumbnail","hentry","category-recursos-humanos"],"yoast_head":"<!-- This site is optimized with the Yoast SEO plugin v27.5 - https:\/\/yoast.com\/product\/yoast-seo-wordpress\/ -->\n<title>Cati Agull\u00f3, asciende a Administrativa tras superar el proceso selectivo de promoci\u00f3n interna - MI Ayuntamiento de Caudete<\/title>\n<meta name=\"description\" content=\"P\u00e1gina Oficial del Ayuntamiento de Caudete (Albacete)\" \/>\n<meta name=\"robots\" content=\"index, follow, max-snippet:-1, max-image-preview:large, max-video-preview:-1\" \/>\n<link rel=\"canonical\" href=\"https:\/\/www.caudete.org\/ayuntamiento\/cati-agullo-asciende-a-administrativa-tras-superar-el-proceso-selectivo-de-promocion-interna\/\" \/>\n<meta property=\"og:locale\" content=\"es_ES\" \/>\n<meta property=\"og:type\" content=\"article\" \/>\n<meta property=\"og:title\" content=\"Cati Agull\u00f3, asciende a Administrativa tras superar el proceso selectivo de promoci\u00f3n interna - MI Ayuntamiento de Caudete\" \/>\n<meta property=\"og:description\" content=\"P\u00e1gina Oficial del Ayuntamiento de Caudete (Albacete)\" \/>\n<meta property=\"og:url\" content=\"https:\/\/www.caudete.org\/ayuntamiento\/cati-agullo-asciende-a-administrativa-tras-superar-el-proceso-selectivo-de-promocion-interna\/\" \/>\n<meta property=\"og:site_name\" content=\"MI Ayuntamiento de Caudete\" \/>\n<meta property=\"article:publisher\" content=\"https:\/\/www.facebook.com\/ayuntamientocaudete\/\" \/>\n<meta property=\"article:published_time\" content=\"2025-02-12T14:36:03+00:00\" \/>\n<meta property=\"og:image\" content=\"https:\/\/www.caudete.org\/ayuntamiento\/wp-content\/uploads\/2025\/02\/WhatsApp-Image-2025-02-06-at-14.23.19-e1739370424314.jpeg\" \/>\n\t<meta property=\"og:image:width\" content=\"1294\" \/>\n\t<meta property=\"og:image:height\" content=\"980\" \/>\n\t<meta property=\"og:image:type\" content=\"image\/jpeg\" \/>\n<meta name=\"author\" content=\"alcalde\" \/>\n<meta name=\"twitter:card\" content=\"summary_large_image\" \/>\n<meta name=\"twitter:label1\" content=\"Escrito por\" \/>\n\t<meta name=\"twitter:data1\" content=\"alcalde\" \/>\n\t<meta name=\"twitter:label2\" content=\"Tiempo de lectura\" \/>\n\t<meta name=\"twitter:data2\" content=\"2 minutos\" \/>\n<script type=\"application\/ld+json\" class=\"yoast-schema-graph\">{\"@context\":\"https:\\\/\\\/schema.org\",\"@graph\":[{\"@type\":\"Article\",\"@id\":\"https:\\\/\\\/www.caudete.org\\\/ayuntamiento\\\/cati-agullo-asciende-a-administrativa-tras-superar-el-proceso-selectivo-de-promocion-interna\\\/#article\",\"isPartOf\":{\"@id\":\"https:\\\/\\\/www.caudete.org\\\/ayuntamiento\\\/cati-agullo-asciende-a-administrativa-tras-superar-el-proceso-selectivo-de-promocion-interna\\\/\"},\"author\":{\"name\":\"alcalde\",\"@id\":\"https:\\\/\\\/www.caudete.org\\\/ayuntamiento\\\/#\\\/schema\\\/person\\\/cc646da9133078ee4d8dd47457947253\"},\"headline\":\"Cati Agull\u00f3, asciende a Administrativa tras superar el proceso selectivo de promoci\u00f3n interna\",\"datePublished\":\"2025-02-12T14:36:03+00:00\",\"mainEntityOfPage\":{\"@id\":\"https:\\\/\\\/www.caudete.org\\\/ayuntamiento\\\/cati-agullo-asciende-a-administrativa-tras-superar-el-proceso-selectivo-de-promocion-interna\\\/\"},\"wordCount\":317,\"image\":{\"@id\":\"https:\\\/\\\/www.caudete.org\\\/ayuntamiento\\\/cati-agullo-asciende-a-administrativa-tras-superar-el-proceso-selectivo-de-promocion-interna\\\/#primaryimage\"},\"thumbnailUrl\":\"https:\\\/\\\/www.caudete.org\\\/ayuntamiento\\\/wp-content\\\/uploads\\\/2025\\\/02\\\/WhatsApp-Image-2025-02-06-at-14.23.19-e1739370424314.jpeg\",\"articleSection\":[\"Recursos Humanos\"],\"inLanguage\":\"es\"},{\"@type\":\"WebPage\",\"@id\":\"https:\\\/\\\/www.caudete.org\\\/ayuntamiento\\\/cati-agullo-asciende-a-administrativa-tras-superar-el-proceso-selectivo-de-promocion-interna\\\/\",\"url\":\"https:\\\/\\\/www.caudete.org\\\/ayuntamiento\\\/cati-agullo-asciende-a-administrativa-tras-superar-el-proceso-selectivo-de-promocion-interna\\\/\",\"name\":\"Cati Agull\u00f3, asciende a Administrativa tras superar el proceso selectivo de promoci\u00f3n interna - MI Ayuntamiento de Caudete\",\"isPartOf\":{\"@id\":\"https:\\\/\\\/www.caudete.org\\\/ayuntamiento\\\/#website\"},\"primaryImageOfPage\":{\"@id\":\"https:\\\/\\\/www.caudete.org\\\/ayuntamiento\\\/cati-agullo-asciende-a-administrativa-tras-superar-el-proceso-selectivo-de-promocion-interna\\\/#primaryimage\"},\"image\":{\"@id\":\"https:\\\/\\\/www.caudete.org\\\/ayuntamiento\\\/cati-agullo-asciende-a-administrativa-tras-superar-el-proceso-selectivo-de-promocion-interna\\\/#primaryimage\"},\"thumbnailUrl\":\"https:\\\/\\\/www.caudete.org\\\/ayuntamiento\\\/wp-content\\\/uploads\\\/2025\\\/02\\\/WhatsApp-Image-2025-02-06-at-14.23.19-e1739370424314.jpeg\",\"datePublished\":\"2025-02-12T14:36:03+00:00\",\"author\":{\"@id\":\"https:\\\/\\\/www.caudete.org\\\/ayuntamiento\\\/#\\\/schema\\\/person\\\/cc646da9133078ee4d8dd47457947253\"},\"description\":\"P\u00e1gina Oficial del Ayuntamiento de Caudete (Albacete)\",\"breadcrumb\":{\"@id\":\"https:\\\/\\\/www.caudete.org\\\/ayuntamiento\\\/cati-agullo-asciende-a-administrativa-tras-superar-el-proceso-selectivo-de-promocion-interna\\\/#breadcrumb\"},\"inLanguage\":\"es\",\"potentialAction\":[{\"@type\":\"ReadAction\",\"target\":[\"https:\\\/\\\/www.caudete.org\\\/ayuntamiento\\\/cati-agullo-asciende-a-administrativa-tras-superar-el-proceso-selectivo-de-promocion-interna\\\/\"]}]},{\"@type\":\"ImageObject\",\"inLanguage\":\"es\",\"@id\":\"https:\\\/\\\/www.caudete.org\\\/ayuntamiento\\\/cati-agullo-asciende-a-administrativa-tras-superar-el-proceso-selectivo-de-promocion-interna\\\/#primaryimage\",\"url\":\"https:\\\/\\\/www.caudete.org\\\/ayuntamiento\\\/wp-content\\\/uploads\\\/2025\\\/02\\\/WhatsApp-Image-2025-02-06-at-14.23.19-e1739370424314.jpeg\",\"contentUrl\":\"https:\\\/\\\/www.caudete.org\\\/ayuntamiento\\\/wp-content\\\/uploads\\\/2025\\\/02\\\/WhatsApp-Image-2025-02-06-at-14.23.19-e1739370424314.jpeg\",\"width\":1294,\"height\":980},{\"@type\":\"BreadcrumbList\",\"@id\":\"https:\\\/\\\/www.caudete.org\\\/ayuntamiento\\\/cati-agullo-asciende-a-administrativa-tras-superar-el-proceso-selectivo-de-promocion-interna\\\/#breadcrumb\",\"itemListElement\":[{\"@type\":\"ListItem\",\"position\":1,\"name\":\"Inicio\",\"item\":\"https:\\\/\\\/www.caudete.org\\\/ayuntamiento\\\/\"},{\"@type\":\"ListItem\",\"position\":2,\"name\":\"Cati Agull\u00f3, asciende a Administrativa tras superar el proceso selectivo de promoci\u00f3n interna\"}]},{\"@type\":\"WebSite\",\"@id\":\"https:\\\/\\\/www.caudete.org\\\/ayuntamiento\\\/#website\",\"url\":\"https:\\\/\\\/www.caudete.org\\\/ayuntamiento\\\/\",\"name\":\"MI Ayuntamiento de Caudete\",\"description\":\"P\u00e1gina Oficial del MI Ayuntamiento de Caudete\",\"potentialAction\":[{\"@type\":\"SearchAction\",\"target\":{\"@type\":\"EntryPoint\",\"urlTemplate\":\"https:\\\/\\\/www.caudete.org\\\/ayuntamiento\\\/?s={search_term_string}\"},\"query-input\":{\"@type\":\"PropertyValueSpecification\",\"valueRequired\":true,\"valueName\":\"search_term_string\"}}],\"inLanguage\":\"es\"},{\"@type\":\"Person\",\"@id\":\"https:\\\/\\\/www.caudete.org\\\/ayuntamiento\\\/#\\\/schema\\\/person\\\/cc646da9133078ee4d8dd47457947253\",\"name\":\"alcalde\",\"image\":{\"@type\":\"ImageObject\",\"inLanguage\":\"es\",\"@id\":\"https:\\\/\\\/secure.gravatar.com\\\/avatar\\\/84a817ba065b29ff08d666b215a215f5c79186a645ccb25b14a663d48a130f77?s=96&d=mm&r=g\",\"url\":\"https:\\\/\\\/secure.gravatar.com\\\/avatar\\\/84a817ba065b29ff08d666b215a215f5c79186a645ccb25b14a663d48a130f77?s=96&d=mm&r=g\",\"contentUrl\":\"https:\\\/\\\/secure.gravatar.com\\\/avatar\\\/84a817ba065b29ff08d666b215a215f5c79186a645ccb25b14a663d48a130f77?s=96&d=mm&r=g\",\"caption\":\"alcalde\"},\"url\":\"https:\\\/\\\/www.caudete.org\\\/ayuntamiento\\\/author\\\/alcalde\\\/\"}]}<\/script>\n<!-- \/ Yoast SEO plugin. -->","yoast_head_json":{"title":"Cati Agull\u00f3, asciende a Administrativa tras superar el proceso selectivo de promoci\u00f3n interna - MI Ayuntamiento de Caudete","description":"P\u00e1gina Oficial del Ayuntamiento de Caudete (Albacete)","robots":{"index":"index","follow":"follow","max-snippet":"max-snippet:-1","max-image-preview":"max-image-preview:large","max-video-preview":"max-video-preview:-1"},"canonical":"https:\/\/www.caudete.org\/ayuntamiento\/cati-agullo-asciende-a-administrativa-tras-superar-el-proceso-selectivo-de-promocion-interna\/","og_locale":"es_ES","og_type":"article","og_title":"Cati Agull\u00f3, asciende a Administrativa tras superar el proceso selectivo de promoci\u00f3n interna - MI Ayuntamiento de Caudete","og_description":"P\u00e1gina Oficial del Ayuntamiento de Caudete (Albacete)","og_url":"https:\/\/www.caudete.org\/ayuntamiento\/cati-agullo-asciende-a-administrativa-tras-superar-el-proceso-selectivo-de-promocion-interna\/","og_site_name":"MI Ayuntamiento de Caudete","article_publisher":"https:\/\/www.facebook.com\/ayuntamientocaudete\/","article_published_time":"2025-02-12T14:36:03+00:00","og_image":[{"width":1294,"height":980,"url":"https:\/\/www.caudete.org\/ayuntamiento\/wp-content\/uploads\/2025\/02\/WhatsApp-Image-2025-02-06-at-14.23.19-e1739370424314.jpeg","type":"image\/jpeg"}],"author":"alcalde","twitter_card":"summary_large_image","twitter_misc":{"Escrito por":"alcalde","Tiempo de lectura":"2 minutos"},"schema":{"@context":"https:\/\/schema.org","@graph":[{"@type":"Article","@id":"https:\/\/www.caudete.org\/ayuntamiento\/cati-agullo-asciende-a-administrativa-tras-superar-el-proceso-selectivo-de-promocion-interna\/#article","isPartOf":{"@id":"https:\/\/www.caudete.org\/ayuntamiento\/cati-agullo-asciende-a-administrativa-tras-superar-el-proceso-selectivo-de-promocion-interna\/"},"author":{"name":"alcalde","@id":"https:\/\/www.caudete.org\/ayuntamiento\/#\/schema\/person\/cc646da9133078ee4d8dd47457947253"},"headline":"Cati Agull\u00f3, asciende a Administrativa tras superar el proceso selectivo de promoci\u00f3n interna","datePublished":"2025-02-12T14:36:03+00:00","mainEntityOfPage":{"@id":"https:\/\/www.caudete.org\/ayuntamiento\/cati-agullo-asciende-a-administrativa-tras-superar-el-proceso-selectivo-de-promocion-interna\/"},"wordCount":317,"image":{"@id":"https:\/\/www.caudete.org\/ayuntamiento\/cati-agullo-asciende-a-administrativa-tras-superar-el-proceso-selectivo-de-promocion-interna\/#primaryimage"},"thumbnailUrl":"https:\/\/www.caudete.org\/ayuntamiento\/wp-content\/uploads\/2025\/02\/WhatsApp-Image-2025-02-06-at-14.23.19-e1739370424314.jpeg","articleSection":["Recursos Humanos"],"inLanguage":"es"},{"@type":"WebPage","@id":"https:\/\/www.caudete.org\/ayuntamiento\/cati-agullo-asciende-a-administrativa-tras-superar-el-proceso-selectivo-de-promocion-interna\/","url":"https:\/\/www.caudete.org\/ayuntamiento\/cati-agullo-asciende-a-administrativa-tras-superar-el-proceso-selectivo-de-promocion-interna\/","name":"Cati Agull\u00f3, asciende a Administrativa tras superar el proceso selectivo de promoci\u00f3n interna - MI Ayuntamiento de Caudete","isPartOf":{"@id":"https:\/\/www.caudete.org\/ayuntamiento\/#website"},"primaryImageOfPage":{"@id":"https:\/\/www.caudete.org\/ayuntamiento\/cati-agullo-asciende-a-administrativa-tras-superar-el-proceso-selectivo-de-promocion-interna\/#primaryimage"},"image":{"@id":"https:\/\/www.caudete.org\/ayuntamiento\/cati-agullo-asciende-a-administrativa-tras-superar-el-proceso-selectivo-de-promocion-interna\/#primaryimage"},"thumbnailUrl":"https:\/\/www.caudete.org\/ayuntamiento\/wp-content\/uploads\/2025\/02\/WhatsApp-Image-2025-02-06-at-14.23.19-e1739370424314.jpeg","datePublished":"2025-02-12T14:36:03+00:00","author":{"@id":"https:\/\/www.caudete.org\/ayuntamiento\/#\/schema\/person\/cc646da9133078ee4d8dd47457947253"},"description":"P\u00e1gina Oficial del Ayuntamiento de Caudete (Albacete)","breadcrumb":{"@id":"https:\/\/www.caudete.org\/ayuntamiento\/cati-agullo-asciende-a-administrativa-tras-superar-el-proceso-selectivo-de-promocion-interna\/#breadcrumb"},"inLanguage":"es","potentialAction":[{"@type":"ReadAction","target":["https:\/\/www.caudete.org\/ayuntamiento\/cati-agullo-asciende-a-administrativa-tras-superar-el-proceso-selectivo-de-promocion-interna\/"]}]},{"@type":"ImageObject","inLanguage":"es","@id":"https:\/\/www.caudete.org\/ayuntamiento\/cati-agullo-asciende-a-administrativa-tras-superar-el-proceso-selectivo-de-promocion-interna\/#primaryimage","url":"https:\/\/www.caudete.org\/ayuntamiento\/wp-content\/uploads\/2025\/02\/WhatsApp-Image-2025-02-06-at-14.23.19-e1739370424314.jpeg","contentUrl":"https:\/\/www.caudete.org\/ayuntamiento\/wp-content\/uploads\/2025\/02\/WhatsApp-Image-2025-02-06-at-14.23.19-e1739370424314.jpeg","width":1294,"height":980},{"@type":"BreadcrumbList","@id":"https:\/\/www.caudete.org\/ayuntamiento\/cati-agullo-asciende-a-administrativa-tras-superar-el-proceso-selectivo-de-promocion-interna\/#breadcrumb","itemListElement":[{"@type":"ListItem","position":1,"name":"Inicio","item":"https:\/\/www.caudete.org\/ayuntamiento\/"},{"@type":"ListItem","position":2,"name":"Cati Agull\u00f3, asciende a Administrativa tras superar el proceso selectivo de promoci\u00f3n interna"}]},{"@type":"WebSite","@id":"https:\/\/www.caudete.org\/ayuntamiento\/#website","url":"https:\/\/www.caudete.org\/ayuntamiento\/","name":"MI Ayuntamiento de Caudete","description":"P\u00e1gina Oficial del MI Ayuntamiento de Caudete","potentialAction":[{"@type":"SearchAction","target":{"@type":"EntryPoint","urlTemplate":"https:\/\/www.caudete.org\/ayuntamiento\/?s={search_term_string}"},"query-input":{"@type":"PropertyValueSpecification","valueRequired":true,"valueName":"search_term_string"}}],"inLanguage":"es"},{"@type":"Person","@id":"https:\/\/www.caudete.org\/ayuntamiento\/#\/schema\/person\/cc646da9133078ee4d8dd47457947253","name":"alcalde","image":{"@type":"ImageObject","inLanguage":"es","@id":"https:\/\/secure.gravatar.com\/avatar\/84a817ba065b29ff08d666b215a215f5c79186a645ccb25b14a663d48a130f77?s=96&d=mm&r=g","url":"https:\/\/secure.gravatar.com\/avatar\/84a817ba065b29ff08d666b215a215f5c79186a645ccb25b14a663d48a130f77?s=96&d=mm&r=g","contentUrl":"https:\/\/secure.gravatar.com\/avatar\/84a817ba065b29ff08d666b215a215f5c79186a645ccb25b14a663d48a130f77?s=96&d=mm&r=g","caption":"alcalde"},"url":"https:\/\/www.caudete.org\/ayuntamiento\/author\/alcalde\/"}]}},"_links":{"self":[{"href":"https:\/\/www.caudete.org\/ayuntamiento\/wp-json\/wp\/v2\/posts\/27519","targetHints":{"allow":["GET"]}}],"collection":[{"href":"https:\/\/www.caudete.org\/ayuntamiento\/wp-json\/wp\/v2\/posts"}],"about":[{"href":"https:\/\/www.caudete.org\/ayuntamiento\/wp-json\/wp\/v2\/types\/post"}],"author":[{"embeddable":true,"href":"https:\/\/www.caudete.org\/ayuntamiento\/wp-json\/wp\/v2\/users\/3"}],"replies":[{"embeddable":true,"href":"https:\/\/www.caudete.org\/ayuntamiento\/wp-json\/wp\/v2\/comments?post=27519"}],"version-history":[{"count":1,"href":"https:\/\/www.caudete.org\/ayuntamiento\/wp-json\/wp\/v2\/posts\/27519\/revisions"}],"predecessor-version":[{"id":27520,"href":"https:\/\/www.caudete.org\/ayuntamiento\/wp-json\/wp\/v2\/posts\/27519\/revisions\/27520"}],"wp:featuredmedia":[{"embeddable":true,"href":"https:\/\/www.caudete.org\/ayuntamiento\/wp-json\/wp\/v2\/media\/27427"}],"wp:attachment":[{"href":"https:\/\/www.caudete.org\/ayuntamiento\/wp-json\/wp\/v2\/media?parent=27519"}],"wp:term":[{"taxonomy":"category","embeddable":true,"href":"https:\/\/www.caudete.org\/ayuntamiento\/wp-json\/wp\/v2\/categories?post=27519"},{"taxonomy":"post_tag","embeddable":true,"href":"https:\/\/www.caudete.org\/ayuntamiento\/wp-json\/wp\/v2\/tags?post=27519"}],"curies":[{"name":"wp","href":"https:\/\/api.w.org\/{rel}","templated":true}]}}