{"id":27534,"date":"2025-02-13T10:23:09","date_gmt":"2025-02-13T09:23:09","guid":{"rendered":"https:\/\/www.caudete.org\/ayuntamiento\/?p=27534"},"modified":"2025-02-13T10:23:09","modified_gmt":"2025-02-13T09:23:09","slug":"caudete-recibira-10-carpas-gracias-a-un-convenio-con-el-gdr-de-la-mancomunidad-monte-iberico-corredor-de-almansa","status":"publish","type":"post","link":"https:\/\/www.caudete.org\/ayuntamiento\/caudete-recibira-10-carpas-gracias-a-un-convenio-con-el-gdr-de-la-mancomunidad-monte-iberico-corredor-de-almansa\/","title":{"rendered":"Caudete recibir\u00e1 10 Carpas gracias a un Convenio con el GDR de la Mancomunidad Monte Ib\u00e9rico-Corredor de Almansa"},"content":{"rendered":"<p style=\"text-align: center;\"><a href=\"https:\/\/www.caudete.org\/ayuntamiento\/wp-content\/uploads\/2025\/02\/logo-2.png\" rel='prettyPhoto'><img fetchpriority=\"high\" decoding=\"async\" class=\"alignnone wp-image-27535 size-full\" src=\"https:\/\/www.caudete.org\/ayuntamiento\/wp-content\/uploads\/2025\/02\/logo-2.png\" alt=\"\" width=\"347\" height=\"167\" srcset=\"https:\/\/www.caudete.org\/ayuntamiento\/wp-content\/uploads\/2025\/02\/logo-2.png 347w, https:\/\/www.caudete.org\/ayuntamiento\/wp-content\/uploads\/2025\/02\/logo-2-300x144.png 300w\" sizes=\"(max-width: 347px) 100vw, 347px\" \/><\/a><\/p>\n<p style=\"text-align: justify;\">M\u00aa Dolores Requena, Concejal de Promoci\u00f3n y Desarrollo Econ\u00f3mico y representante municipal en el Grupo de Desarrollo Rural de la Mancomunidad Monte Ib\u00e9rico-Corredor de Almansa, ha informado de la reciente celebraci\u00f3n de un convenio entre los 11 municipios integrantes de la misma, entre los que se encuentra Caudete, y que permitir\u00e1 la cesi\u00f3n de 10 carpas a favor de nuestro municipio.<\/p>\n<p style=\"text-align: justify;\">El G.D.R. Monte Ib\u00e9rico-Corredor de Almansa ha adquirido 60 carpas plegables de 3&#215;3 m, a trav\u00e9s de un proyecto de promoci\u00f3n territorial para eventos comarcales, con financiaci\u00f3n de la Uni\u00f3n Europea a trav\u00e9s de los fondos del Programa de Desarrollo Rural de Castilla-La Mancha 2014-2024, medida 19 LEADER, cofinanciadas a trav\u00e9s del Instrumento de Recuperaci\u00f3n de la Uni\u00f3n Europea ( Fondos IRUE), el fondo Europeo Agr\u00edcola de Desarrollo Rural ( FEADER) 77,78% y por la Junta de Comunidades de Castilla-La Mancha 22,52 %.<\/p>\n<p style=\"text-align: justify;\">El objetivo de la adquisici\u00f3n de dichos bienes, y su cesi\u00f3n gratuita a los Ayuntamientos, se basa en la promoci\u00f3n comarcal y la celebraci\u00f3n de eventos a realizar durante todo el a\u00f1o en los diferentes pueblos, el G.D.R ha adquirido, mediante un proyecto de promoci\u00f3n territorial LEADER, 60 carpas completas con estructura de aluminio plegables, techo desmontable y<br \/>\nlaterales para el cierre de estas.<\/p>\n<p style=\"text-align: center;\"><a href=\"https:\/\/www.caudete.org\/ayuntamiento\/wp-content\/uploads\/2025\/02\/elite1-1.png\" rel='prettyPhoto'><img decoding=\"async\" class=\"alignnone wp-image-27536 size-full\" src=\"https:\/\/www.caudete.org\/ayuntamiento\/wp-content\/uploads\/2025\/02\/elite1-1.png\" alt=\"\" width=\"1000\" height=\"600\" srcset=\"https:\/\/www.caudete.org\/ayuntamiento\/wp-content\/uploads\/2025\/02\/elite1-1.png 1000w, https:\/\/www.caudete.org\/ayuntamiento\/wp-content\/uploads\/2025\/02\/elite1-1-300x180.png 300w, https:\/\/www.caudete.org\/ayuntamiento\/wp-content\/uploads\/2025\/02\/elite1-1-768x461.png 768w\" sizes=\"(max-width: 1000px) 100vw, 1000px\" \/><\/a><\/p>\n","protected":false},"excerpt":{"rendered":"<p>M\u00aa Dolores Requena, Concejal de Promoci\u00f3n y Desarrollo Econ\u00f3mico y representante municipal en el Grupo de Desarrollo Rural de la Mancomunidad Monte Ib\u00e9rico-Corredor de Almansa, ha informado de la reciente celebraci\u00f3n de un convenio entre los 11 municipios integrantes de la misma, entre los que se encuentra Caudete, y que permitir\u00e1 la cesi\u00f3n de 10 &hellip;<\/p>\n","protected":false},"author":3,"featured_media":27537,"comment_status":"closed","ping_status":"open","sticky":false,"template":"","format":"standard","meta":{"ngg_post_thumbnail":0,"footnotes":""},"categories":[851],"tags":[],"class_list":["post-27534","post","type-post","status-publish","format-standard","has-post-thumbnail","hentry","category-promocion-y-desarrollo-economico"],"yoast_head":"<!-- This site is optimized with the Yoast SEO plugin v27.4 - https:\/\/yoast.com\/product\/yoast-seo-wordpress\/ -->\n<title>Caudete recibir\u00e1 10 Carpas gracias a un Convenio con el GDR de la Mancomunidad Monte Ib\u00e9rico-Corredor de Almansa - MI Ayuntamiento de Caudete<\/title>\n<meta name=\"description\" content=\"P\u00e1gina Oficial del Ayuntamiento de Caudete (Albacete)\" \/>\n<meta name=\"robots\" content=\"index, follow, max-snippet:-1, max-image-preview:large, max-video-preview:-1\" \/>\n<link rel=\"canonical\" href=\"https:\/\/www.caudete.org\/ayuntamiento\/caudete-recibira-10-carpas-gracias-a-un-convenio-con-el-gdr-de-la-mancomunidad-monte-iberico-corredor-de-almansa\/\" \/>\n<meta property=\"og:locale\" content=\"es_ES\" \/>\n<meta property=\"og:type\" content=\"article\" \/>\n<meta property=\"og:title\" content=\"Caudete recibir\u00e1 10 Carpas gracias a un Convenio con el GDR de la Mancomunidad Monte Ib\u00e9rico-Corredor de Almansa - MI Ayuntamiento de Caudete\" \/>\n<meta property=\"og:description\" content=\"P\u00e1gina Oficial del Ayuntamiento de Caudete (Albacete)\" \/>\n<meta property=\"og:url\" content=\"https:\/\/www.caudete.org\/ayuntamiento\/caudete-recibira-10-carpas-gracias-a-un-convenio-con-el-gdr-de-la-mancomunidad-monte-iberico-corredor-de-almansa\/\" \/>\n<meta property=\"og:site_name\" content=\"MI Ayuntamiento de Caudete\" \/>\n<meta property=\"article:publisher\" content=\"https:\/\/www.facebook.com\/ayuntamientocaudete\/\" \/>\n<meta property=\"article:published_time\" content=\"2025-02-13T09:23:09+00:00\" \/>\n<meta property=\"og:image\" content=\"https:\/\/www.caudete.org\/ayuntamiento\/wp-content\/uploads\/2025\/02\/carpas-mancomunidad.jpg\" \/>\n\t<meta property=\"og:image:width\" content=\"1145\" \/>\n\t<meta property=\"og:image:height\" content=\"747\" \/>\n\t<meta property=\"og:image:type\" content=\"image\/jpeg\" \/>\n<meta name=\"author\" content=\"alcalde\" \/>\n<meta name=\"twitter:card\" content=\"summary_large_image\" \/>\n<meta name=\"twitter:label1\" content=\"Escrito por\" \/>\n\t<meta name=\"twitter:data1\" content=\"alcalde\" \/>\n\t<meta name=\"twitter:label2\" content=\"Tiempo de lectura\" \/>\n\t<meta name=\"twitter:data2\" content=\"2 minutos\" \/>\n<script type=\"application\/ld+json\" class=\"yoast-schema-graph\">{\"@context\":\"https:\\\/\\\/schema.org\",\"@graph\":[{\"@type\":\"Article\",\"@id\":\"https:\\\/\\\/www.caudete.org\\\/ayuntamiento\\\/caudete-recibira-10-carpas-gracias-a-un-convenio-con-el-gdr-de-la-mancomunidad-monte-iberico-corredor-de-almansa\\\/#article\",\"isPartOf\":{\"@id\":\"https:\\\/\\\/www.caudete.org\\\/ayuntamiento\\\/caudete-recibira-10-carpas-gracias-a-un-convenio-con-el-gdr-de-la-mancomunidad-monte-iberico-corredor-de-almansa\\\/\"},\"author\":{\"name\":\"alcalde\",\"@id\":\"https:\\\/\\\/www.caudete.org\\\/ayuntamiento\\\/#\\\/schema\\\/person\\\/cc646da9133078ee4d8dd47457947253\"},\"headline\":\"Caudete recibir\u00e1 10 Carpas gracias a un Convenio con el GDR de la Mancomunidad Monte Ib\u00e9rico-Corredor de Almansa\",\"datePublished\":\"2025-02-13T09:23:09+00:00\",\"mainEntityOfPage\":{\"@id\":\"https:\\\/\\\/www.caudete.org\\\/ayuntamiento\\\/caudete-recibira-10-carpas-gracias-a-un-convenio-con-el-gdr-de-la-mancomunidad-monte-iberico-corredor-de-almansa\\\/\"},\"wordCount\":241,\"publisher\":{\"@id\":\"https:\\\/\\\/www.caudete.org\\\/ayuntamiento\\\/#organization\"},\"image\":{\"@id\":\"https:\\\/\\\/www.caudete.org\\\/ayuntamiento\\\/caudete-recibira-10-carpas-gracias-a-un-convenio-con-el-gdr-de-la-mancomunidad-monte-iberico-corredor-de-almansa\\\/#primaryimage\"},\"thumbnailUrl\":\"https:\\\/\\\/www.caudete.org\\\/ayuntamiento\\\/wp-content\\\/uploads\\\/2025\\\/02\\\/carpas-mancomunidad.jpg\",\"articleSection\":[\"Promoci\u00f3n y Desarrollo Econ\u00f3mico\"],\"inLanguage\":\"es\"},{\"@type\":\"WebPage\",\"@id\":\"https:\\\/\\\/www.caudete.org\\\/ayuntamiento\\\/caudete-recibira-10-carpas-gracias-a-un-convenio-con-el-gdr-de-la-mancomunidad-monte-iberico-corredor-de-almansa\\\/\",\"url\":\"https:\\\/\\\/www.caudete.org\\\/ayuntamiento\\\/caudete-recibira-10-carpas-gracias-a-un-convenio-con-el-gdr-de-la-mancomunidad-monte-iberico-corredor-de-almansa\\\/\",\"name\":\"Caudete recibir\u00e1 10 Carpas gracias a un Convenio con el GDR de la Mancomunidad Monte Ib\u00e9rico-Corredor de Almansa - MI Ayuntamiento de Caudete\",\"isPartOf\":{\"@id\":\"https:\\\/\\\/www.caudete.org\\\/ayuntamiento\\\/#website\"},\"primaryImageOfPage\":{\"@id\":\"https:\\\/\\\/www.caudete.org\\\/ayuntamiento\\\/caudete-recibira-10-carpas-gracias-a-un-convenio-con-el-gdr-de-la-mancomunidad-monte-iberico-corredor-de-almansa\\\/#primaryimage\"},\"image\":{\"@id\":\"https:\\\/\\\/www.caudete.org\\\/ayuntamiento\\\/caudete-recibira-10-carpas-gracias-a-un-convenio-con-el-gdr-de-la-mancomunidad-monte-iberico-corredor-de-almansa\\\/#primaryimage\"},\"thumbnailUrl\":\"https:\\\/\\\/www.caudete.org\\\/ayuntamiento\\\/wp-content\\\/uploads\\\/2025\\\/02\\\/carpas-mancomunidad.jpg\",\"datePublished\":\"2025-02-13T09:23:09+00:00\",\"description\":\"P\u00e1gina Oficial del Ayuntamiento de Caudete (Albacete)\",\"breadcrumb\":{\"@id\":\"https:\\\/\\\/www.caudete.org\\\/ayuntamiento\\\/caudete-recibira-10-carpas-gracias-a-un-convenio-con-el-gdr-de-la-mancomunidad-monte-iberico-corredor-de-almansa\\\/#breadcrumb\"},\"inLanguage\":\"es\",\"potentialAction\":[{\"@type\":\"ReadAction\",\"target\":[\"https:\\\/\\\/www.caudete.org\\\/ayuntamiento\\\/caudete-recibira-10-carpas-gracias-a-un-convenio-con-el-gdr-de-la-mancomunidad-monte-iberico-corredor-de-almansa\\\/\"]}]},{\"@type\":\"ImageObject\",\"inLanguage\":\"es\",\"@id\":\"https:\\\/\\\/www.caudete.org\\\/ayuntamiento\\\/caudete-recibira-10-carpas-gracias-a-un-convenio-con-el-gdr-de-la-mancomunidad-monte-iberico-corredor-de-almansa\\\/#primaryimage\",\"url\":\"https:\\\/\\\/www.caudete.org\\\/ayuntamiento\\\/wp-content\\\/uploads\\\/2025\\\/02\\\/carpas-mancomunidad.jpg\",\"contentUrl\":\"https:\\\/\\\/www.caudete.org\\\/ayuntamiento\\\/wp-content\\\/uploads\\\/2025\\\/02\\\/carpas-mancomunidad.jpg\",\"width\":1145,\"height\":747},{\"@type\":\"BreadcrumbList\",\"@id\":\"https:\\\/\\\/www.caudete.org\\\/ayuntamiento\\\/caudete-recibira-10-carpas-gracias-a-un-convenio-con-el-gdr-de-la-mancomunidad-monte-iberico-corredor-de-almansa\\\/#breadcrumb\",\"itemListElement\":[{\"@type\":\"ListItem\",\"position\":1,\"name\":\"Inicio\",\"item\":\"https:\\\/\\\/www.caudete.org\\\/ayuntamiento\\\/\"},{\"@type\":\"ListItem\",\"position\":2,\"name\":\"Caudete recibir\u00e1 10 Carpas gracias a un Convenio con el GDR de la Mancomunidad Monte Ib\u00e9rico-Corredor de Almansa\"}]},{\"@type\":\"WebSite\",\"@id\":\"https:\\\/\\\/www.caudete.org\\\/ayuntamiento\\\/#website\",\"url\":\"https:\\\/\\\/www.caudete.org\\\/ayuntamiento\\\/\",\"name\":\"MI Ayuntamiento de Caudete\",\"description\":\"P\u00e1gina Oficial del MI Ayuntamiento de Caudete\",\"publisher\":{\"@id\":\"https:\\\/\\\/www.caudete.org\\\/ayuntamiento\\\/#organization\"},\"potentialAction\":[{\"@type\":\"SearchAction\",\"target\":{\"@type\":\"EntryPoint\",\"urlTemplate\":\"https:\\\/\\\/www.caudete.org\\\/ayuntamiento\\\/?s={search_term_string}\"},\"query-input\":{\"@type\":\"PropertyValueSpecification\",\"valueRequired\":true,\"valueName\":\"search_term_string\"}}],\"inLanguage\":\"es\"},{\"@type\":\"Organization\",\"@id\":\"https:\\\/\\\/www.caudete.org\\\/ayuntamiento\\\/#organization\",\"name\":\"Ayuntamiento de Caudete\",\"url\":\"https:\\\/\\\/www.caudete.org\\\/ayuntamiento\\\/\",\"logo\":{\"@type\":\"ImageObject\",\"inLanguage\":\"es\",\"@id\":\"https:\\\/\\\/www.caudete.org\\\/ayuntamiento\\\/#\\\/schema\\\/logo\\\/image\\\/\",\"url\":\"https:\\\/\\\/www.caudete.org\\\/ayuntamiento\\\/wp-content\\\/uploads\\\/2020\\\/11\\\/logo_ayuntamiento_caudete.jpg\",\"contentUrl\":\"https:\\\/\\\/www.caudete.org\\\/ayuntamiento\\\/wp-content\\\/uploads\\\/2020\\\/11\\\/logo_ayuntamiento_caudete.jpg\",\"width\":600,\"height\":150,\"caption\":\"Ayuntamiento de Caudete\"},\"image\":{\"@id\":\"https:\\\/\\\/www.caudete.org\\\/ayuntamiento\\\/#\\\/schema\\\/logo\\\/image\\\/\"},\"sameAs\":[\"https:\\\/\\\/www.facebook.com\\\/ayuntamientocaudete\\\/\",\"https:\\\/\\\/www.youtube.com\\\/channel\\\/UC6VztHaooNsGpw-tNoBEFnQ\"]},{\"@type\":\"Person\",\"@id\":\"https:\\\/\\\/www.caudete.org\\\/ayuntamiento\\\/#\\\/schema\\\/person\\\/cc646da9133078ee4d8dd47457947253\",\"name\":\"alcalde\",\"image\":{\"@type\":\"ImageObject\",\"inLanguage\":\"es\",\"@id\":\"https:\\\/\\\/secure.gravatar.com\\\/avatar\\\/84a817ba065b29ff08d666b215a215f5c79186a645ccb25b14a663d48a130f77?s=96&d=mm&r=g\",\"url\":\"https:\\\/\\\/secure.gravatar.com\\\/avatar\\\/84a817ba065b29ff08d666b215a215f5c79186a645ccb25b14a663d48a130f77?s=96&d=mm&r=g\",\"contentUrl\":\"https:\\\/\\\/secure.gravatar.com\\\/avatar\\\/84a817ba065b29ff08d666b215a215f5c79186a645ccb25b14a663d48a130f77?s=96&d=mm&r=g\",\"caption\":\"alcalde\"},\"url\":\"https:\\\/\\\/www.caudete.org\\\/ayuntamiento\\\/author\\\/alcalde\\\/\"}]}<\/script>\n<!-- \/ Yoast SEO plugin. -->","yoast_head_json":{"title":"Caudete recibir\u00e1 10 Carpas gracias a un Convenio con el GDR de la Mancomunidad Monte Ib\u00e9rico-Corredor de Almansa - MI Ayuntamiento de Caudete","description":"P\u00e1gina Oficial del Ayuntamiento de Caudete (Albacete)","robots":{"index":"index","follow":"follow","max-snippet":"max-snippet:-1","max-image-preview":"max-image-preview:large","max-video-preview":"max-video-preview:-1"},"canonical":"https:\/\/www.caudete.org\/ayuntamiento\/caudete-recibira-10-carpas-gracias-a-un-convenio-con-el-gdr-de-la-mancomunidad-monte-iberico-corredor-de-almansa\/","og_locale":"es_ES","og_type":"article","og_title":"Caudete recibir\u00e1 10 Carpas gracias a un Convenio con el GDR de la Mancomunidad Monte Ib\u00e9rico-Corredor de Almansa - MI Ayuntamiento de Caudete","og_description":"P\u00e1gina Oficial del Ayuntamiento de Caudete (Albacete)","og_url":"https:\/\/www.caudete.org\/ayuntamiento\/caudete-recibira-10-carpas-gracias-a-un-convenio-con-el-gdr-de-la-mancomunidad-monte-iberico-corredor-de-almansa\/","og_site_name":"MI Ayuntamiento de Caudete","article_publisher":"https:\/\/www.facebook.com\/ayuntamientocaudete\/","article_published_time":"2025-02-13T09:23:09+00:00","og_image":[{"width":1145,"height":747,"url":"https:\/\/www.caudete.org\/ayuntamiento\/wp-content\/uploads\/2025\/02\/carpas-mancomunidad.jpg","type":"image\/jpeg"}],"author":"alcalde","twitter_card":"summary_large_image","twitter_misc":{"Escrito por":"alcalde","Tiempo de lectura":"2 minutos"},"schema":{"@context":"https:\/\/schema.org","@graph":[{"@type":"Article","@id":"https:\/\/www.caudete.org\/ayuntamiento\/caudete-recibira-10-carpas-gracias-a-un-convenio-con-el-gdr-de-la-mancomunidad-monte-iberico-corredor-de-almansa\/#article","isPartOf":{"@id":"https:\/\/www.caudete.org\/ayuntamiento\/caudete-recibira-10-carpas-gracias-a-un-convenio-con-el-gdr-de-la-mancomunidad-monte-iberico-corredor-de-almansa\/"},"author":{"name":"alcalde","@id":"https:\/\/www.caudete.org\/ayuntamiento\/#\/schema\/person\/cc646da9133078ee4d8dd47457947253"},"headline":"Caudete recibir\u00e1 10 Carpas gracias a un Convenio con el GDR de la Mancomunidad Monte Ib\u00e9rico-Corredor de Almansa","datePublished":"2025-02-13T09:23:09+00:00","mainEntityOfPage":{"@id":"https:\/\/www.caudete.org\/ayuntamiento\/caudete-recibira-10-carpas-gracias-a-un-convenio-con-el-gdr-de-la-mancomunidad-monte-iberico-corredor-de-almansa\/"},"wordCount":241,"publisher":{"@id":"https:\/\/www.caudete.org\/ayuntamiento\/#organization"},"image":{"@id":"https:\/\/www.caudete.org\/ayuntamiento\/caudete-recibira-10-carpas-gracias-a-un-convenio-con-el-gdr-de-la-mancomunidad-monte-iberico-corredor-de-almansa\/#primaryimage"},"thumbnailUrl":"https:\/\/www.caudete.org\/ayuntamiento\/wp-content\/uploads\/2025\/02\/carpas-mancomunidad.jpg","articleSection":["Promoci\u00f3n y Desarrollo Econ\u00f3mico"],"inLanguage":"es"},{"@type":"WebPage","@id":"https:\/\/www.caudete.org\/ayuntamiento\/caudete-recibira-10-carpas-gracias-a-un-convenio-con-el-gdr-de-la-mancomunidad-monte-iberico-corredor-de-almansa\/","url":"https:\/\/www.caudete.org\/ayuntamiento\/caudete-recibira-10-carpas-gracias-a-un-convenio-con-el-gdr-de-la-mancomunidad-monte-iberico-corredor-de-almansa\/","name":"Caudete recibir\u00e1 10 Carpas gracias a un Convenio con el GDR de la Mancomunidad Monte Ib\u00e9rico-Corredor de Almansa - MI Ayuntamiento de Caudete","isPartOf":{"@id":"https:\/\/www.caudete.org\/ayuntamiento\/#website"},"primaryImageOfPage":{"@id":"https:\/\/www.caudete.org\/ayuntamiento\/caudete-recibira-10-carpas-gracias-a-un-convenio-con-el-gdr-de-la-mancomunidad-monte-iberico-corredor-de-almansa\/#primaryimage"},"image":{"@id":"https:\/\/www.caudete.org\/ayuntamiento\/caudete-recibira-10-carpas-gracias-a-un-convenio-con-el-gdr-de-la-mancomunidad-monte-iberico-corredor-de-almansa\/#primaryimage"},"thumbnailUrl":"https:\/\/www.caudete.org\/ayuntamiento\/wp-content\/uploads\/2025\/02\/carpas-mancomunidad.jpg","datePublished":"2025-02-13T09:23:09+00:00","description":"P\u00e1gina Oficial del Ayuntamiento de Caudete (Albacete)","breadcrumb":{"@id":"https:\/\/www.caudete.org\/ayuntamiento\/caudete-recibira-10-carpas-gracias-a-un-convenio-con-el-gdr-de-la-mancomunidad-monte-iberico-corredor-de-almansa\/#breadcrumb"},"inLanguage":"es","potentialAction":[{"@type":"ReadAction","target":["https:\/\/www.caudete.org\/ayuntamiento\/caudete-recibira-10-carpas-gracias-a-un-convenio-con-el-gdr-de-la-mancomunidad-monte-iberico-corredor-de-almansa\/"]}]},{"@type":"ImageObject","inLanguage":"es","@id":"https:\/\/www.caudete.org\/ayuntamiento\/caudete-recibira-10-carpas-gracias-a-un-convenio-con-el-gdr-de-la-mancomunidad-monte-iberico-corredor-de-almansa\/#primaryimage","url":"https:\/\/www.caudete.org\/ayuntamiento\/wp-content\/uploads\/2025\/02\/carpas-mancomunidad.jpg","contentUrl":"https:\/\/www.caudete.org\/ayuntamiento\/wp-content\/uploads\/2025\/02\/carpas-mancomunidad.jpg","width":1145,"height":747},{"@type":"BreadcrumbList","@id":"https:\/\/www.caudete.org\/ayuntamiento\/caudete-recibira-10-carpas-gracias-a-un-convenio-con-el-gdr-de-la-mancomunidad-monte-iberico-corredor-de-almansa\/#breadcrumb","itemListElement":[{"@type":"ListItem","position":1,"name":"Inicio","item":"https:\/\/www.caudete.org\/ayuntamiento\/"},{"@type":"ListItem","position":2,"name":"Caudete recibir\u00e1 10 Carpas gracias a un Convenio con el GDR de la Mancomunidad Monte Ib\u00e9rico-Corredor de Almansa"}]},{"@type":"WebSite","@id":"https:\/\/www.caudete.org\/ayuntamiento\/#website","url":"https:\/\/www.caudete.org\/ayuntamiento\/","name":"MI Ayuntamiento de Caudete","description":"P\u00e1gina Oficial del MI Ayuntamiento de Caudete","publisher":{"@id":"https:\/\/www.caudete.org\/ayuntamiento\/#organization"},"potentialAction":[{"@type":"SearchAction","target":{"@type":"EntryPoint","urlTemplate":"https:\/\/www.caudete.org\/ayuntamiento\/?s={search_term_string}"},"query-input":{"@type":"PropertyValueSpecification","valueRequired":true,"valueName":"search_term_string"}}],"inLanguage":"es"},{"@type":"Organization","@id":"https:\/\/www.caudete.org\/ayuntamiento\/#organization","name":"Ayuntamiento de Caudete","url":"https:\/\/www.caudete.org\/ayuntamiento\/","logo":{"@type":"ImageObject","inLanguage":"es","@id":"https:\/\/www.caudete.org\/ayuntamiento\/#\/schema\/logo\/image\/","url":"https:\/\/www.caudete.org\/ayuntamiento\/wp-content\/uploads\/2020\/11\/logo_ayuntamiento_caudete.jpg","contentUrl":"https:\/\/www.caudete.org\/ayuntamiento\/wp-content\/uploads\/2020\/11\/logo_ayuntamiento_caudete.jpg","width":600,"height":150,"caption":"Ayuntamiento de Caudete"},"image":{"@id":"https:\/\/www.caudete.org\/ayuntamiento\/#\/schema\/logo\/image\/"},"sameAs":["https:\/\/www.facebook.com\/ayuntamientocaudete\/","https:\/\/www.youtube.com\/channel\/UC6VztHaooNsGpw-tNoBEFnQ"]},{"@type":"Person","@id":"https:\/\/www.caudete.org\/ayuntamiento\/#\/schema\/person\/cc646da9133078ee4d8dd47457947253","name":"alcalde","image":{"@type":"ImageObject","inLanguage":"es","@id":"https:\/\/secure.gravatar.com\/avatar\/84a817ba065b29ff08d666b215a215f5c79186a645ccb25b14a663d48a130f77?s=96&d=mm&r=g","url":"https:\/\/secure.gravatar.com\/avatar\/84a817ba065b29ff08d666b215a215f5c79186a645ccb25b14a663d48a130f77?s=96&d=mm&r=g","contentUrl":"https:\/\/secure.gravatar.com\/avatar\/84a817ba065b29ff08d666b215a215f5c79186a645ccb25b14a663d48a130f77?s=96&d=mm&r=g","caption":"alcalde"},"url":"https:\/\/www.caudete.org\/ayuntamiento\/author\/alcalde\/"}]}},"_links":{"self":[{"href":"https:\/\/www.caudete.org\/ayuntamiento\/wp-json\/wp\/v2\/posts\/27534","targetHints":{"allow":["GET"]}}],"collection":[{"href":"https:\/\/www.caudete.org\/ayuntamiento\/wp-json\/wp\/v2\/posts"}],"about":[{"href":"https:\/\/www.caudete.org\/ayuntamiento\/wp-json\/wp\/v2\/types\/post"}],"author":[{"embeddable":true,"href":"https:\/\/www.caudete.org\/ayuntamiento\/wp-json\/wp\/v2\/users\/3"}],"replies":[{"embeddable":true,"href":"https:\/\/www.caudete.org\/ayuntamiento\/wp-json\/wp\/v2\/comments?post=27534"}],"version-history":[{"count":1,"href":"https:\/\/www.caudete.org\/ayuntamiento\/wp-json\/wp\/v2\/posts\/27534\/revisions"}],"predecessor-version":[{"id":27538,"href":"https:\/\/www.caudete.org\/ayuntamiento\/wp-json\/wp\/v2\/posts\/27534\/revisions\/27538"}],"wp:featuredmedia":[{"embeddable":true,"href":"https:\/\/www.caudete.org\/ayuntamiento\/wp-json\/wp\/v2\/media\/27537"}],"wp:attachment":[{"href":"https:\/\/www.caudete.org\/ayuntamiento\/wp-json\/wp\/v2\/media?parent=27534"}],"wp:term":[{"taxonomy":"category","embeddable":true,"href":"https:\/\/www.caudete.org\/ayuntamiento\/wp-json\/wp\/v2\/categories?post=27534"},{"taxonomy":"post_tag","embeddable":true,"href":"https:\/\/www.caudete.org\/ayuntamiento\/wp-json\/wp\/v2\/tags?post=27534"}],"curies":[{"name":"wp","href":"https:\/\/api.w.org\/{rel}","templated":true}]}}