{"id":27546,"date":"2025-02-14T09:45:44","date_gmt":"2025-02-14T08:45:44","guid":{"rendered":"https:\/\/www.caudete.org\/ayuntamiento\/?p=27546"},"modified":"2025-02-14T09:49:10","modified_gmt":"2025-02-14T08:49:10","slug":"la-oficina-de-turismo-adapta-su-horario-de-atencion-al-publico-abriendo-tambien-en-fin-de-semana","status":"publish","type":"post","link":"https:\/\/www.caudete.org\/ayuntamiento\/la-oficina-de-turismo-adapta-su-horario-de-atencion-al-publico-abriendo-tambien-en-fin-de-semana\/","title":{"rendered":"La Oficina de Turismo adapta su horario de atenci\u00f3n al p\u00fablico, abriendo tambi\u00e9n en fin de semana"},"content":{"rendered":"<p><a href=\"https:\/\/www.caudete.org\/ayuntamiento\/wp-content\/uploads\/2023\/03\/caudete_turismo_texto_derecha.jpg\" rel='prettyPhoto'><img fetchpriority=\"high\" decoding=\"async\" class=\"wp-image-21881 size-full aligncenter\" src=\"https:\/\/www.caudete.org\/ayuntamiento\/wp-content\/uploads\/2023\/03\/caudete_turismo_texto_derecha.jpg\" alt=\"\" width=\"424\" height=\"192\" srcset=\"https:\/\/www.caudete.org\/ayuntamiento\/wp-content\/uploads\/2023\/03\/caudete_turismo_texto_derecha.jpg 424w, https:\/\/www.caudete.org\/ayuntamiento\/wp-content\/uploads\/2023\/03\/caudete_turismo_texto_derecha-300x136.jpg 300w\" sizes=\"(max-width: 424px) 100vw, 424px\" \/><\/a><\/p>\n<p>&nbsp;<\/p>\n<p>La Oficina de Turismo de Caudete ha establecido un nuevo horario de apertura de sus instalaciones y de atenci\u00f3n al p\u00fablico, tal y como han informado el Alcalde Mois\u00e9s L\u00f3pez y el Concejal de Turismo Diego Cuenca, y que ser\u00e1 el siguiente:<\/p>\n<p style=\"padding-left: 360px;\"><span style=\"text-decoration: underline;\"><strong>Mi\u00e9rcoles, Jueves y Viernes (MA\u00d1ANAS)<\/strong><\/span><\/p>\n<p style=\"padding-left: 360px;\"><strong>de 10:00-13:30h<\/strong><\/p>\n<p>&nbsp;<\/p>\n<p style=\"padding-left: 360px;\"><span style=\"text-decoration: underline;\"><strong>S\u00e1bados, (MA\u00d1ANA Y TARDE)<\/strong><\/span><\/p>\n<p style=\"padding-left: 360px;\"><strong>de 10:00-14:00h y de 16:00 a 19:00h<\/strong><\/p>\n<p>&nbsp;<\/p>\n<p>Con este ajuste, se consigue mejorar el servicio y adaptarlo a la demanda del visitante, pudiendo ofrecer una mejor atenci\u00f3n y acoger as\u00ed a una mayor cantidad de turistas, teniendo en cuenta que los mayores flujos se producen en el fin de semana y d\u00edas previos.<\/p>\n","protected":false},"excerpt":{"rendered":"<p>&nbsp; La Oficina de Turismo de Caudete ha establecido un nuevo horario de apertura de sus instalaciones y de atenci\u00f3n al p\u00fablico, tal y como han informado el Alcalde Mois\u00e9s L\u00f3pez y el Concejal de Turismo Diego Cuenca, y que ser\u00e1 el siguiente: Mi\u00e9rcoles, Jueves y Viernes (MA\u00d1ANAS) de 10:00-13:30h &nbsp; S\u00e1bados, (MA\u00d1ANA Y TARDE) &hellip;<\/p>\n","protected":false},"author":3,"featured_media":21669,"comment_status":"closed","ping_status":"open","sticky":false,"template":"","format":"standard","meta":{"ngg_post_thumbnail":0,"footnotes":""},"categories":[43],"tags":[],"class_list":["post-27546","post","type-post","status-publish","format-standard","has-post-thumbnail","hentry","category-turismo"],"yoast_head":"<!-- This site is optimized with the Yoast SEO plugin v27.5 - https:\/\/yoast.com\/product\/yoast-seo-wordpress\/ -->\n<title>La Oficina de Turismo adapta su horario de atenci\u00f3n al p\u00fablico, abriendo tambi\u00e9n en fin de semana - MI Ayuntamiento de Caudete<\/title>\n<meta name=\"description\" content=\"P\u00e1gina Oficial del Ayuntamiento de Caudete (Albacete)\" \/>\n<meta name=\"robots\" content=\"index, follow, max-snippet:-1, max-image-preview:large, max-video-preview:-1\" \/>\n<link rel=\"canonical\" href=\"https:\/\/www.caudete.org\/ayuntamiento\/la-oficina-de-turismo-adapta-su-horario-de-atencion-al-publico-abriendo-tambien-en-fin-de-semana\/\" \/>\n<meta property=\"og:locale\" content=\"es_ES\" \/>\n<meta property=\"og:type\" content=\"article\" \/>\n<meta property=\"og:title\" content=\"La Oficina de Turismo adapta su horario de atenci\u00f3n al p\u00fablico, abriendo tambi\u00e9n en fin de semana - MI Ayuntamiento de Caudete\" \/>\n<meta property=\"og:description\" content=\"P\u00e1gina Oficial del Ayuntamiento de Caudete (Albacete)\" \/>\n<meta property=\"og:url\" content=\"https:\/\/www.caudete.org\/ayuntamiento\/la-oficina-de-turismo-adapta-su-horario-de-atencion-al-publico-abriendo-tambien-en-fin-de-semana\/\" \/>\n<meta property=\"og:site_name\" content=\"MI Ayuntamiento de Caudete\" \/>\n<meta property=\"article:publisher\" content=\"https:\/\/www.facebook.com\/ayuntamientocaudete\/\" \/>\n<meta property=\"article:published_time\" content=\"2025-02-14T08:45:44+00:00\" \/>\n<meta property=\"article:modified_time\" content=\"2025-02-14T08:49:10+00:00\" \/>\n<meta property=\"og:image\" content=\"https:\/\/www.caudete.org\/ayuntamiento\/wp-content\/uploads\/2023\/03\/oficina-turismo-con-logo.png\" \/>\n\t<meta property=\"og:image:width\" content=\"1054\" \/>\n\t<meta property=\"og:image:height\" content=\"772\" \/>\n\t<meta property=\"og:image:type\" content=\"image\/png\" \/>\n<meta name=\"author\" content=\"alcalde\" \/>\n<meta name=\"twitter:card\" content=\"summary_large_image\" \/>\n<meta name=\"twitter:label1\" content=\"Escrito por\" \/>\n\t<meta name=\"twitter:data1\" content=\"alcalde\" \/>\n\t<meta name=\"twitter:label2\" content=\"Tiempo de lectura\" \/>\n\t<meta name=\"twitter:data2\" content=\"1 minuto\" \/>\n<script type=\"application\/ld+json\" class=\"yoast-schema-graph\">{\"@context\":\"https:\\\/\\\/schema.org\",\"@graph\":[{\"@type\":\"Article\",\"@id\":\"https:\\\/\\\/www.caudete.org\\\/ayuntamiento\\\/la-oficina-de-turismo-adapta-su-horario-de-atencion-al-publico-abriendo-tambien-en-fin-de-semana\\\/#article\",\"isPartOf\":{\"@id\":\"https:\\\/\\\/www.caudete.org\\\/ayuntamiento\\\/la-oficina-de-turismo-adapta-su-horario-de-atencion-al-publico-abriendo-tambien-en-fin-de-semana\\\/\"},\"author\":{\"name\":\"alcalde\",\"@id\":\"https:\\\/\\\/www.caudete.org\\\/ayuntamiento\\\/#\\\/schema\\\/person\\\/cc646da9133078ee4d8dd47457947253\"},\"headline\":\"La Oficina de Turismo adapta su horario de atenci\u00f3n al p\u00fablico, abriendo tambi\u00e9n en fin de semana\",\"datePublished\":\"2025-02-14T08:45:44+00:00\",\"dateModified\":\"2025-02-14T08:49:10+00:00\",\"mainEntityOfPage\":{\"@id\":\"https:\\\/\\\/www.caudete.org\\\/ayuntamiento\\\/la-oficina-de-turismo-adapta-su-horario-de-atencion-al-publico-abriendo-tambien-en-fin-de-semana\\\/\"},\"wordCount\":140,\"image\":{\"@id\":\"https:\\\/\\\/www.caudete.org\\\/ayuntamiento\\\/la-oficina-de-turismo-adapta-su-horario-de-atencion-al-publico-abriendo-tambien-en-fin-de-semana\\\/#primaryimage\"},\"thumbnailUrl\":\"https:\\\/\\\/www.caudete.org\\\/ayuntamiento\\\/wp-content\\\/uploads\\\/2023\\\/03\\\/oficina-turismo-con-logo.png\",\"articleSection\":[\"Turismo\"],\"inLanguage\":\"es\"},{\"@type\":\"WebPage\",\"@id\":\"https:\\\/\\\/www.caudete.org\\\/ayuntamiento\\\/la-oficina-de-turismo-adapta-su-horario-de-atencion-al-publico-abriendo-tambien-en-fin-de-semana\\\/\",\"url\":\"https:\\\/\\\/www.caudete.org\\\/ayuntamiento\\\/la-oficina-de-turismo-adapta-su-horario-de-atencion-al-publico-abriendo-tambien-en-fin-de-semana\\\/\",\"name\":\"La Oficina de Turismo adapta su horario de atenci\u00f3n al p\u00fablico, abriendo tambi\u00e9n en fin de semana - MI Ayuntamiento de Caudete\",\"isPartOf\":{\"@id\":\"https:\\\/\\\/www.caudete.org\\\/ayuntamiento\\\/#website\"},\"primaryImageOfPage\":{\"@id\":\"https:\\\/\\\/www.caudete.org\\\/ayuntamiento\\\/la-oficina-de-turismo-adapta-su-horario-de-atencion-al-publico-abriendo-tambien-en-fin-de-semana\\\/#primaryimage\"},\"image\":{\"@id\":\"https:\\\/\\\/www.caudete.org\\\/ayuntamiento\\\/la-oficina-de-turismo-adapta-su-horario-de-atencion-al-publico-abriendo-tambien-en-fin-de-semana\\\/#primaryimage\"},\"thumbnailUrl\":\"https:\\\/\\\/www.caudete.org\\\/ayuntamiento\\\/wp-content\\\/uploads\\\/2023\\\/03\\\/oficina-turismo-con-logo.png\",\"datePublished\":\"2025-02-14T08:45:44+00:00\",\"dateModified\":\"2025-02-14T08:49:10+00:00\",\"author\":{\"@id\":\"https:\\\/\\\/www.caudete.org\\\/ayuntamiento\\\/#\\\/schema\\\/person\\\/cc646da9133078ee4d8dd47457947253\"},\"description\":\"P\u00e1gina Oficial del Ayuntamiento de Caudete (Albacete)\",\"breadcrumb\":{\"@id\":\"https:\\\/\\\/www.caudete.org\\\/ayuntamiento\\\/la-oficina-de-turismo-adapta-su-horario-de-atencion-al-publico-abriendo-tambien-en-fin-de-semana\\\/#breadcrumb\"},\"inLanguage\":\"es\",\"potentialAction\":[{\"@type\":\"ReadAction\",\"target\":[\"https:\\\/\\\/www.caudete.org\\\/ayuntamiento\\\/la-oficina-de-turismo-adapta-su-horario-de-atencion-al-publico-abriendo-tambien-en-fin-de-semana\\\/\"]}]},{\"@type\":\"ImageObject\",\"inLanguage\":\"es\",\"@id\":\"https:\\\/\\\/www.caudete.org\\\/ayuntamiento\\\/la-oficina-de-turismo-adapta-su-horario-de-atencion-al-publico-abriendo-tambien-en-fin-de-semana\\\/#primaryimage\",\"url\":\"https:\\\/\\\/www.caudete.org\\\/ayuntamiento\\\/wp-content\\\/uploads\\\/2023\\\/03\\\/oficina-turismo-con-logo.png\",\"contentUrl\":\"https:\\\/\\\/www.caudete.org\\\/ayuntamiento\\\/wp-content\\\/uploads\\\/2023\\\/03\\\/oficina-turismo-con-logo.png\",\"width\":1054,\"height\":772},{\"@type\":\"BreadcrumbList\",\"@id\":\"https:\\\/\\\/www.caudete.org\\\/ayuntamiento\\\/la-oficina-de-turismo-adapta-su-horario-de-atencion-al-publico-abriendo-tambien-en-fin-de-semana\\\/#breadcrumb\",\"itemListElement\":[{\"@type\":\"ListItem\",\"position\":1,\"name\":\"Inicio\",\"item\":\"https:\\\/\\\/www.caudete.org\\\/ayuntamiento\\\/\"},{\"@type\":\"ListItem\",\"position\":2,\"name\":\"La Oficina de Turismo adapta su horario de atenci\u00f3n al p\u00fablico, abriendo tambi\u00e9n en fin de semana\"}]},{\"@type\":\"WebSite\",\"@id\":\"https:\\\/\\\/www.caudete.org\\\/ayuntamiento\\\/#website\",\"url\":\"https:\\\/\\\/www.caudete.org\\\/ayuntamiento\\\/\",\"name\":\"MI Ayuntamiento de Caudete\",\"description\":\"P\u00e1gina Oficial del MI Ayuntamiento de Caudete\",\"potentialAction\":[{\"@type\":\"SearchAction\",\"target\":{\"@type\":\"EntryPoint\",\"urlTemplate\":\"https:\\\/\\\/www.caudete.org\\\/ayuntamiento\\\/?s={search_term_string}\"},\"query-input\":{\"@type\":\"PropertyValueSpecification\",\"valueRequired\":true,\"valueName\":\"search_term_string\"}}],\"inLanguage\":\"es\"},{\"@type\":\"Person\",\"@id\":\"https:\\\/\\\/www.caudete.org\\\/ayuntamiento\\\/#\\\/schema\\\/person\\\/cc646da9133078ee4d8dd47457947253\",\"name\":\"alcalde\",\"image\":{\"@type\":\"ImageObject\",\"inLanguage\":\"es\",\"@id\":\"https:\\\/\\\/secure.gravatar.com\\\/avatar\\\/84a817ba065b29ff08d666b215a215f5c79186a645ccb25b14a663d48a130f77?s=96&d=mm&r=g\",\"url\":\"https:\\\/\\\/secure.gravatar.com\\\/avatar\\\/84a817ba065b29ff08d666b215a215f5c79186a645ccb25b14a663d48a130f77?s=96&d=mm&r=g\",\"contentUrl\":\"https:\\\/\\\/secure.gravatar.com\\\/avatar\\\/84a817ba065b29ff08d666b215a215f5c79186a645ccb25b14a663d48a130f77?s=96&d=mm&r=g\",\"caption\":\"alcalde\"},\"url\":\"https:\\\/\\\/www.caudete.org\\\/ayuntamiento\\\/author\\\/alcalde\\\/\"}]}<\/script>\n<!-- \/ Yoast SEO plugin. -->","yoast_head_json":{"title":"La Oficina de Turismo adapta su horario de atenci\u00f3n al p\u00fablico, abriendo tambi\u00e9n en fin de semana - MI Ayuntamiento de Caudete","description":"P\u00e1gina Oficial del Ayuntamiento de Caudete (Albacete)","robots":{"index":"index","follow":"follow","max-snippet":"max-snippet:-1","max-image-preview":"max-image-preview:large","max-video-preview":"max-video-preview:-1"},"canonical":"https:\/\/www.caudete.org\/ayuntamiento\/la-oficina-de-turismo-adapta-su-horario-de-atencion-al-publico-abriendo-tambien-en-fin-de-semana\/","og_locale":"es_ES","og_type":"article","og_title":"La Oficina de Turismo adapta su horario de atenci\u00f3n al p\u00fablico, abriendo tambi\u00e9n en fin de semana - MI Ayuntamiento de Caudete","og_description":"P\u00e1gina Oficial del Ayuntamiento de Caudete (Albacete)","og_url":"https:\/\/www.caudete.org\/ayuntamiento\/la-oficina-de-turismo-adapta-su-horario-de-atencion-al-publico-abriendo-tambien-en-fin-de-semana\/","og_site_name":"MI Ayuntamiento de Caudete","article_publisher":"https:\/\/www.facebook.com\/ayuntamientocaudete\/","article_published_time":"2025-02-14T08:45:44+00:00","article_modified_time":"2025-02-14T08:49:10+00:00","og_image":[{"width":1054,"height":772,"url":"https:\/\/www.caudete.org\/ayuntamiento\/wp-content\/uploads\/2023\/03\/oficina-turismo-con-logo.png","type":"image\/png"}],"author":"alcalde","twitter_card":"summary_large_image","twitter_misc":{"Escrito por":"alcalde","Tiempo de lectura":"1 minuto"},"schema":{"@context":"https:\/\/schema.org","@graph":[{"@type":"Article","@id":"https:\/\/www.caudete.org\/ayuntamiento\/la-oficina-de-turismo-adapta-su-horario-de-atencion-al-publico-abriendo-tambien-en-fin-de-semana\/#article","isPartOf":{"@id":"https:\/\/www.caudete.org\/ayuntamiento\/la-oficina-de-turismo-adapta-su-horario-de-atencion-al-publico-abriendo-tambien-en-fin-de-semana\/"},"author":{"name":"alcalde","@id":"https:\/\/www.caudete.org\/ayuntamiento\/#\/schema\/person\/cc646da9133078ee4d8dd47457947253"},"headline":"La Oficina de Turismo adapta su horario de atenci\u00f3n al p\u00fablico, abriendo tambi\u00e9n en fin de semana","datePublished":"2025-02-14T08:45:44+00:00","dateModified":"2025-02-14T08:49:10+00:00","mainEntityOfPage":{"@id":"https:\/\/www.caudete.org\/ayuntamiento\/la-oficina-de-turismo-adapta-su-horario-de-atencion-al-publico-abriendo-tambien-en-fin-de-semana\/"},"wordCount":140,"image":{"@id":"https:\/\/www.caudete.org\/ayuntamiento\/la-oficina-de-turismo-adapta-su-horario-de-atencion-al-publico-abriendo-tambien-en-fin-de-semana\/#primaryimage"},"thumbnailUrl":"https:\/\/www.caudete.org\/ayuntamiento\/wp-content\/uploads\/2023\/03\/oficina-turismo-con-logo.png","articleSection":["Turismo"],"inLanguage":"es"},{"@type":"WebPage","@id":"https:\/\/www.caudete.org\/ayuntamiento\/la-oficina-de-turismo-adapta-su-horario-de-atencion-al-publico-abriendo-tambien-en-fin-de-semana\/","url":"https:\/\/www.caudete.org\/ayuntamiento\/la-oficina-de-turismo-adapta-su-horario-de-atencion-al-publico-abriendo-tambien-en-fin-de-semana\/","name":"La Oficina de Turismo adapta su horario de atenci\u00f3n al p\u00fablico, abriendo tambi\u00e9n en fin de semana - MI Ayuntamiento de Caudete","isPartOf":{"@id":"https:\/\/www.caudete.org\/ayuntamiento\/#website"},"primaryImageOfPage":{"@id":"https:\/\/www.caudete.org\/ayuntamiento\/la-oficina-de-turismo-adapta-su-horario-de-atencion-al-publico-abriendo-tambien-en-fin-de-semana\/#primaryimage"},"image":{"@id":"https:\/\/www.caudete.org\/ayuntamiento\/la-oficina-de-turismo-adapta-su-horario-de-atencion-al-publico-abriendo-tambien-en-fin-de-semana\/#primaryimage"},"thumbnailUrl":"https:\/\/www.caudete.org\/ayuntamiento\/wp-content\/uploads\/2023\/03\/oficina-turismo-con-logo.png","datePublished":"2025-02-14T08:45:44+00:00","dateModified":"2025-02-14T08:49:10+00:00","author":{"@id":"https:\/\/www.caudete.org\/ayuntamiento\/#\/schema\/person\/cc646da9133078ee4d8dd47457947253"},"description":"P\u00e1gina Oficial del Ayuntamiento de Caudete (Albacete)","breadcrumb":{"@id":"https:\/\/www.caudete.org\/ayuntamiento\/la-oficina-de-turismo-adapta-su-horario-de-atencion-al-publico-abriendo-tambien-en-fin-de-semana\/#breadcrumb"},"inLanguage":"es","potentialAction":[{"@type":"ReadAction","target":["https:\/\/www.caudete.org\/ayuntamiento\/la-oficina-de-turismo-adapta-su-horario-de-atencion-al-publico-abriendo-tambien-en-fin-de-semana\/"]}]},{"@type":"ImageObject","inLanguage":"es","@id":"https:\/\/www.caudete.org\/ayuntamiento\/la-oficina-de-turismo-adapta-su-horario-de-atencion-al-publico-abriendo-tambien-en-fin-de-semana\/#primaryimage","url":"https:\/\/www.caudete.org\/ayuntamiento\/wp-content\/uploads\/2023\/03\/oficina-turismo-con-logo.png","contentUrl":"https:\/\/www.caudete.org\/ayuntamiento\/wp-content\/uploads\/2023\/03\/oficina-turismo-con-logo.png","width":1054,"height":772},{"@type":"BreadcrumbList","@id":"https:\/\/www.caudete.org\/ayuntamiento\/la-oficina-de-turismo-adapta-su-horario-de-atencion-al-publico-abriendo-tambien-en-fin-de-semana\/#breadcrumb","itemListElement":[{"@type":"ListItem","position":1,"name":"Inicio","item":"https:\/\/www.caudete.org\/ayuntamiento\/"},{"@type":"ListItem","position":2,"name":"La Oficina de Turismo adapta su horario de atenci\u00f3n al p\u00fablico, abriendo tambi\u00e9n en fin de semana"}]},{"@type":"WebSite","@id":"https:\/\/www.caudete.org\/ayuntamiento\/#website","url":"https:\/\/www.caudete.org\/ayuntamiento\/","name":"MI Ayuntamiento de Caudete","description":"P\u00e1gina Oficial del MI Ayuntamiento de Caudete","potentialAction":[{"@type":"SearchAction","target":{"@type":"EntryPoint","urlTemplate":"https:\/\/www.caudete.org\/ayuntamiento\/?s={search_term_string}"},"query-input":{"@type":"PropertyValueSpecification","valueRequired":true,"valueName":"search_term_string"}}],"inLanguage":"es"},{"@type":"Person","@id":"https:\/\/www.caudete.org\/ayuntamiento\/#\/schema\/person\/cc646da9133078ee4d8dd47457947253","name":"alcalde","image":{"@type":"ImageObject","inLanguage":"es","@id":"https:\/\/secure.gravatar.com\/avatar\/84a817ba065b29ff08d666b215a215f5c79186a645ccb25b14a663d48a130f77?s=96&d=mm&r=g","url":"https:\/\/secure.gravatar.com\/avatar\/84a817ba065b29ff08d666b215a215f5c79186a645ccb25b14a663d48a130f77?s=96&d=mm&r=g","contentUrl":"https:\/\/secure.gravatar.com\/avatar\/84a817ba065b29ff08d666b215a215f5c79186a645ccb25b14a663d48a130f77?s=96&d=mm&r=g","caption":"alcalde"},"url":"https:\/\/www.caudete.org\/ayuntamiento\/author\/alcalde\/"}]}},"_links":{"self":[{"href":"https:\/\/www.caudete.org\/ayuntamiento\/wp-json\/wp\/v2\/posts\/27546","targetHints":{"allow":["GET"]}}],"collection":[{"href":"https:\/\/www.caudete.org\/ayuntamiento\/wp-json\/wp\/v2\/posts"}],"about":[{"href":"https:\/\/www.caudete.org\/ayuntamiento\/wp-json\/wp\/v2\/types\/post"}],"author":[{"embeddable":true,"href":"https:\/\/www.caudete.org\/ayuntamiento\/wp-json\/wp\/v2\/users\/3"}],"replies":[{"embeddable":true,"href":"https:\/\/www.caudete.org\/ayuntamiento\/wp-json\/wp\/v2\/comments?post=27546"}],"version-history":[{"count":3,"href":"https:\/\/www.caudete.org\/ayuntamiento\/wp-json\/wp\/v2\/posts\/27546\/revisions"}],"predecessor-version":[{"id":27549,"href":"https:\/\/www.caudete.org\/ayuntamiento\/wp-json\/wp\/v2\/posts\/27546\/revisions\/27549"}],"wp:featuredmedia":[{"embeddable":true,"href":"https:\/\/www.caudete.org\/ayuntamiento\/wp-json\/wp\/v2\/media\/21669"}],"wp:attachment":[{"href":"https:\/\/www.caudete.org\/ayuntamiento\/wp-json\/wp\/v2\/media?parent=27546"}],"wp:term":[{"taxonomy":"category","embeddable":true,"href":"https:\/\/www.caudete.org\/ayuntamiento\/wp-json\/wp\/v2\/categories?post=27546"},{"taxonomy":"post_tag","embeddable":true,"href":"https:\/\/www.caudete.org\/ayuntamiento\/wp-json\/wp\/v2\/tags?post=27546"}],"curies":[{"name":"wp","href":"https:\/\/api.w.org\/{rel}","templated":true}]}}