{"id":27583,"date":"2025-02-20T09:28:48","date_gmt":"2025-02-20T08:28:48","guid":{"rendered":"https:\/\/www.caudete.org\/ayuntamiento\/?p=27583"},"modified":"2025-02-20T09:33:39","modified_gmt":"2025-02-20T08:33:39","slug":"la-atleta-caudetana-cristina-asensio-participara-en-el-campeonato-de-espana-de-atletismo-en-pista-cubierta","status":"publish","type":"post","link":"https:\/\/www.caudete.org\/ayuntamiento\/la-atleta-caudetana-cristina-asensio-participara-en-el-campeonato-de-espana-de-atletismo-en-pista-cubierta\/","title":{"rendered":"La atleta caudetana Cristina Asensio participar\u00e1 en el Campeonato de Espa\u00f1a de Atletismo en pista cubierta"},"content":{"rendered":"<p>La Concejal\u00eda de Deportes del Ayuntamiento de Caudete, en nombre de la Concejal de Deportes, Pilar Egea, quiere felicitar a la atleta Cristina Asensio, perteneciente a las Escuelas Deportivas Municipales de Caudete, por su brillante participaci\u00f3n en la prueba de atletismo de 200 metros lisos en pista, celebrada el pasado s\u00e1bado 15 de febrero en Torrevieja.<\/p>\n<p>A pesar de ser atleta sub-18, Cristina Asensio compiti\u00f3 en la categor\u00eda absoluta, ganado la prueba con un tiempo de 25\u00b4\u00b432, marca m\u00ednima que le permitir\u00e1 participar en los Campeonatos de Espa\u00f1a de pista cubierta, que se celebrar\u00e1n en la ciudad de Valencia los pr\u00f3ximos 1 y 2 de marzo.<\/p>\n<p>Este logro es un gran orgullo para el deporte caudetano y un reconocimiento al esfuerzo y la dedicaci\u00f3n de Cristina Asensio. Su participaci\u00f3n en el Campeonato de Espa\u00f1a vuelve a marcar otro hito hist\u00f3rico para las Escuelas Deportivas Municipales de Caudete y un ejemplo a seguir para todos los j\u00f3venes deportistas de la localidad.<\/p>\n<p>Con esta marca, Cristina Asensio se sit\u00faa en el puesto decimoquinto del ranking nacional de Espa\u00f1a en su categor\u00eda, lo que demuestra su gran potencial y su proyecci\u00f3n como atleta de \u00e9lite.<\/p>\n<p>Desde la Concejal\u00eda de Deportes del Ayuntamiento de Caudete, queremos reiterar nuestra enhorabuena a Cristina Asensio y a su entrenador, y desearle mucho \u00e9xito en el Campeonato de Espa\u00f1a de pista cubierta.<\/p>\n","protected":false},"excerpt":{"rendered":"<p>La Concejal\u00eda de Deportes del Ayuntamiento de Caudete, en nombre de la Concejal de Deportes, Pilar Egea, quiere felicitar a la atleta Cristina Asensio, perteneciente a las Escuelas Deportivas Municipales de Caudete, por su brillante participaci\u00f3n en la prueba de atletismo de 200 metros lisos en pista, celebrada el pasado s\u00e1bado 15 de febrero en &hellip;<\/p>\n","protected":false},"author":5,"featured_media":27586,"comment_status":"closed","ping_status":"open","sticky":false,"template":"","format":"standard","meta":{"ngg_post_thumbnail":0,"footnotes":""},"categories":[23],"tags":[],"class_list":["post-27583","post","type-post","status-publish","format-standard","has-post-thumbnail","hentry","category-deportes"],"yoast_head":"<!-- This site is optimized with the Yoast SEO plugin v27.5 - https:\/\/yoast.com\/product\/yoast-seo-wordpress\/ -->\n<title>La atleta caudetana Cristina Asensio participar\u00e1 en el Campeonato de Espa\u00f1a de Atletismo en pista cubierta - MI Ayuntamiento de Caudete<\/title>\n<meta name=\"description\" content=\"P\u00e1gina Oficial del Ayuntamiento de Caudete (Albacete)\" \/>\n<meta name=\"robots\" content=\"index, follow, max-snippet:-1, max-image-preview:large, max-video-preview:-1\" \/>\n<link rel=\"canonical\" href=\"https:\/\/www.caudete.org\/ayuntamiento\/la-atleta-caudetana-cristina-asensio-participara-en-el-campeonato-de-espana-de-atletismo-en-pista-cubierta\/\" \/>\n<meta property=\"og:locale\" content=\"es_ES\" \/>\n<meta property=\"og:type\" content=\"article\" \/>\n<meta property=\"og:title\" content=\"La atleta caudetana Cristina Asensio participar\u00e1 en el Campeonato de Espa\u00f1a de Atletismo en pista cubierta - MI Ayuntamiento de Caudete\" \/>\n<meta property=\"og:description\" content=\"P\u00e1gina Oficial del Ayuntamiento de Caudete (Albacete)\" \/>\n<meta property=\"og:url\" content=\"https:\/\/www.caudete.org\/ayuntamiento\/la-atleta-caudetana-cristina-asensio-participara-en-el-campeonato-de-espana-de-atletismo-en-pista-cubierta\/\" \/>\n<meta property=\"og:site_name\" content=\"MI Ayuntamiento de Caudete\" \/>\n<meta property=\"article:publisher\" content=\"https:\/\/www.facebook.com\/ayuntamientocaudete\/\" \/>\n<meta property=\"article:published_time\" content=\"2025-02-20T08:28:48+00:00\" \/>\n<meta property=\"article:modified_time\" content=\"2025-02-20T08:33:39+00:00\" \/>\n<meta property=\"og:image\" content=\"https:\/\/www.caudete.org\/ayuntamiento\/wp-content\/uploads\/2025\/02\/Cristina-Asensio-Port.jpg\" \/>\n\t<meta property=\"og:image:width\" content=\"999\" \/>\n\t<meta property=\"og:image:height\" content=\"436\" \/>\n\t<meta property=\"og:image:type\" content=\"image\/jpeg\" \/>\n<meta name=\"author\" content=\"Dpto Informatica MI Ayuntamiento de Caudete\" \/>\n<meta name=\"twitter:card\" content=\"summary_large_image\" \/>\n<meta name=\"twitter:label1\" content=\"Escrito por\" \/>\n\t<meta name=\"twitter:data1\" content=\"Dpto Informatica MI Ayuntamiento de Caudete\" \/>\n\t<meta name=\"twitter:label2\" content=\"Tiempo de lectura\" \/>\n\t<meta name=\"twitter:data2\" content=\"2 minutos\" \/>\n<script type=\"application\/ld+json\" class=\"yoast-schema-graph\">{\"@context\":\"https:\\\/\\\/schema.org\",\"@graph\":[{\"@type\":\"Article\",\"@id\":\"https:\\\/\\\/www.caudete.org\\\/ayuntamiento\\\/la-atleta-caudetana-cristina-asensio-participara-en-el-campeonato-de-espana-de-atletismo-en-pista-cubierta\\\/#article\",\"isPartOf\":{\"@id\":\"https:\\\/\\\/www.caudete.org\\\/ayuntamiento\\\/la-atleta-caudetana-cristina-asensio-participara-en-el-campeonato-de-espana-de-atletismo-en-pista-cubierta\\\/\"},\"author\":{\"name\":\"Dpto Informatica MI Ayuntamiento de Caudete\",\"@id\":\"https:\\\/\\\/www.caudete.org\\\/ayuntamiento\\\/#\\\/schema\\\/person\\\/4b9eab41761957db9b1bf9c418d1ef46\"},\"headline\":\"La atleta caudetana Cristina Asensio participar\u00e1 en el Campeonato de Espa\u00f1a de Atletismo en pista cubierta\",\"datePublished\":\"2025-02-20T08:28:48+00:00\",\"dateModified\":\"2025-02-20T08:33:39+00:00\",\"mainEntityOfPage\":{\"@id\":\"https:\\\/\\\/www.caudete.org\\\/ayuntamiento\\\/la-atleta-caudetana-cristina-asensio-participara-en-el-campeonato-de-espana-de-atletismo-en-pista-cubierta\\\/\"},\"wordCount\":255,\"image\":{\"@id\":\"https:\\\/\\\/www.caudete.org\\\/ayuntamiento\\\/la-atleta-caudetana-cristina-asensio-participara-en-el-campeonato-de-espana-de-atletismo-en-pista-cubierta\\\/#primaryimage\"},\"thumbnailUrl\":\"https:\\\/\\\/www.caudete.org\\\/ayuntamiento\\\/wp-content\\\/uploads\\\/2025\\\/02\\\/Cristina-Asensio-Port.jpg\",\"articleSection\":[\"Deportes\"],\"inLanguage\":\"es\"},{\"@type\":\"WebPage\",\"@id\":\"https:\\\/\\\/www.caudete.org\\\/ayuntamiento\\\/la-atleta-caudetana-cristina-asensio-participara-en-el-campeonato-de-espana-de-atletismo-en-pista-cubierta\\\/\",\"url\":\"https:\\\/\\\/www.caudete.org\\\/ayuntamiento\\\/la-atleta-caudetana-cristina-asensio-participara-en-el-campeonato-de-espana-de-atletismo-en-pista-cubierta\\\/\",\"name\":\"La atleta caudetana Cristina Asensio participar\u00e1 en el Campeonato de Espa\u00f1a de Atletismo en pista cubierta - MI Ayuntamiento de Caudete\",\"isPartOf\":{\"@id\":\"https:\\\/\\\/www.caudete.org\\\/ayuntamiento\\\/#website\"},\"primaryImageOfPage\":{\"@id\":\"https:\\\/\\\/www.caudete.org\\\/ayuntamiento\\\/la-atleta-caudetana-cristina-asensio-participara-en-el-campeonato-de-espana-de-atletismo-en-pista-cubierta\\\/#primaryimage\"},\"image\":{\"@id\":\"https:\\\/\\\/www.caudete.org\\\/ayuntamiento\\\/la-atleta-caudetana-cristina-asensio-participara-en-el-campeonato-de-espana-de-atletismo-en-pista-cubierta\\\/#primaryimage\"},\"thumbnailUrl\":\"https:\\\/\\\/www.caudete.org\\\/ayuntamiento\\\/wp-content\\\/uploads\\\/2025\\\/02\\\/Cristina-Asensio-Port.jpg\",\"datePublished\":\"2025-02-20T08:28:48+00:00\",\"dateModified\":\"2025-02-20T08:33:39+00:00\",\"author\":{\"@id\":\"https:\\\/\\\/www.caudete.org\\\/ayuntamiento\\\/#\\\/schema\\\/person\\\/4b9eab41761957db9b1bf9c418d1ef46\"},\"description\":\"P\u00e1gina Oficial del Ayuntamiento de Caudete (Albacete)\",\"breadcrumb\":{\"@id\":\"https:\\\/\\\/www.caudete.org\\\/ayuntamiento\\\/la-atleta-caudetana-cristina-asensio-participara-en-el-campeonato-de-espana-de-atletismo-en-pista-cubierta\\\/#breadcrumb\"},\"inLanguage\":\"es\",\"potentialAction\":[{\"@type\":\"ReadAction\",\"target\":[\"https:\\\/\\\/www.caudete.org\\\/ayuntamiento\\\/la-atleta-caudetana-cristina-asensio-participara-en-el-campeonato-de-espana-de-atletismo-en-pista-cubierta\\\/\"]}]},{\"@type\":\"ImageObject\",\"inLanguage\":\"es\",\"@id\":\"https:\\\/\\\/www.caudete.org\\\/ayuntamiento\\\/la-atleta-caudetana-cristina-asensio-participara-en-el-campeonato-de-espana-de-atletismo-en-pista-cubierta\\\/#primaryimage\",\"url\":\"https:\\\/\\\/www.caudete.org\\\/ayuntamiento\\\/wp-content\\\/uploads\\\/2025\\\/02\\\/Cristina-Asensio-Port.jpg\",\"contentUrl\":\"https:\\\/\\\/www.caudete.org\\\/ayuntamiento\\\/wp-content\\\/uploads\\\/2025\\\/02\\\/Cristina-Asensio-Port.jpg\",\"width\":999,\"height\":436},{\"@type\":\"BreadcrumbList\",\"@id\":\"https:\\\/\\\/www.caudete.org\\\/ayuntamiento\\\/la-atleta-caudetana-cristina-asensio-participara-en-el-campeonato-de-espana-de-atletismo-en-pista-cubierta\\\/#breadcrumb\",\"itemListElement\":[{\"@type\":\"ListItem\",\"position\":1,\"name\":\"Inicio\",\"item\":\"https:\\\/\\\/www.caudete.org\\\/ayuntamiento\\\/\"},{\"@type\":\"ListItem\",\"position\":2,\"name\":\"La atleta caudetana Cristina Asensio participar\u00e1 en el Campeonato de Espa\u00f1a de Atletismo en pista cubierta\"}]},{\"@type\":\"WebSite\",\"@id\":\"https:\\\/\\\/www.caudete.org\\\/ayuntamiento\\\/#website\",\"url\":\"https:\\\/\\\/www.caudete.org\\\/ayuntamiento\\\/\",\"name\":\"MI Ayuntamiento de Caudete\",\"description\":\"P\u00e1gina Oficial del MI Ayuntamiento de Caudete\",\"potentialAction\":[{\"@type\":\"SearchAction\",\"target\":{\"@type\":\"EntryPoint\",\"urlTemplate\":\"https:\\\/\\\/www.caudete.org\\\/ayuntamiento\\\/?s={search_term_string}\"},\"query-input\":{\"@type\":\"PropertyValueSpecification\",\"valueRequired\":true,\"valueName\":\"search_term_string\"}}],\"inLanguage\":\"es\"},{\"@type\":\"Person\",\"@id\":\"https:\\\/\\\/www.caudete.org\\\/ayuntamiento\\\/#\\\/schema\\\/person\\\/4b9eab41761957db9b1bf9c418d1ef46\",\"name\":\"Dpto Informatica MI Ayuntamiento de Caudete\",\"image\":{\"@type\":\"ImageObject\",\"inLanguage\":\"es\",\"@id\":\"https:\\\/\\\/secure.gravatar.com\\\/avatar\\\/ac0321ee4a0a83e82a253e7b2d348ef539e2c8fe16d06b600bde04de1b364fa7?s=96&d=mm&r=g\",\"url\":\"https:\\\/\\\/secure.gravatar.com\\\/avatar\\\/ac0321ee4a0a83e82a253e7b2d348ef539e2c8fe16d06b600bde04de1b364fa7?s=96&d=mm&r=g\",\"contentUrl\":\"https:\\\/\\\/secure.gravatar.com\\\/avatar\\\/ac0321ee4a0a83e82a253e7b2d348ef539e2c8fe16d06b600bde04de1b364fa7?s=96&d=mm&r=g\",\"caption\":\"Dpto Informatica MI Ayuntamiento de Caudete\"},\"url\":\"https:\\\/\\\/www.caudete.org\\\/ayuntamiento\\\/author\\\/informatica\\\/\"}]}<\/script>\n<!-- \/ Yoast SEO plugin. -->","yoast_head_json":{"title":"La atleta caudetana Cristina Asensio participar\u00e1 en el Campeonato de Espa\u00f1a de Atletismo en pista cubierta - MI Ayuntamiento de Caudete","description":"P\u00e1gina Oficial del Ayuntamiento de Caudete (Albacete)","robots":{"index":"index","follow":"follow","max-snippet":"max-snippet:-1","max-image-preview":"max-image-preview:large","max-video-preview":"max-video-preview:-1"},"canonical":"https:\/\/www.caudete.org\/ayuntamiento\/la-atleta-caudetana-cristina-asensio-participara-en-el-campeonato-de-espana-de-atletismo-en-pista-cubierta\/","og_locale":"es_ES","og_type":"article","og_title":"La atleta caudetana Cristina Asensio participar\u00e1 en el Campeonato de Espa\u00f1a de Atletismo en pista cubierta - MI Ayuntamiento de Caudete","og_description":"P\u00e1gina Oficial del Ayuntamiento de Caudete (Albacete)","og_url":"https:\/\/www.caudete.org\/ayuntamiento\/la-atleta-caudetana-cristina-asensio-participara-en-el-campeonato-de-espana-de-atletismo-en-pista-cubierta\/","og_site_name":"MI Ayuntamiento de Caudete","article_publisher":"https:\/\/www.facebook.com\/ayuntamientocaudete\/","article_published_time":"2025-02-20T08:28:48+00:00","article_modified_time":"2025-02-20T08:33:39+00:00","og_image":[{"width":999,"height":436,"url":"https:\/\/www.caudete.org\/ayuntamiento\/wp-content\/uploads\/2025\/02\/Cristina-Asensio-Port.jpg","type":"image\/jpeg"}],"author":"Dpto Informatica MI Ayuntamiento de Caudete","twitter_card":"summary_large_image","twitter_misc":{"Escrito por":"Dpto Informatica MI Ayuntamiento de Caudete","Tiempo de lectura":"2 minutos"},"schema":{"@context":"https:\/\/schema.org","@graph":[{"@type":"Article","@id":"https:\/\/www.caudete.org\/ayuntamiento\/la-atleta-caudetana-cristina-asensio-participara-en-el-campeonato-de-espana-de-atletismo-en-pista-cubierta\/#article","isPartOf":{"@id":"https:\/\/www.caudete.org\/ayuntamiento\/la-atleta-caudetana-cristina-asensio-participara-en-el-campeonato-de-espana-de-atletismo-en-pista-cubierta\/"},"author":{"name":"Dpto Informatica MI Ayuntamiento de Caudete","@id":"https:\/\/www.caudete.org\/ayuntamiento\/#\/schema\/person\/4b9eab41761957db9b1bf9c418d1ef46"},"headline":"La atleta caudetana Cristina Asensio participar\u00e1 en el Campeonato de Espa\u00f1a de Atletismo en pista cubierta","datePublished":"2025-02-20T08:28:48+00:00","dateModified":"2025-02-20T08:33:39+00:00","mainEntityOfPage":{"@id":"https:\/\/www.caudete.org\/ayuntamiento\/la-atleta-caudetana-cristina-asensio-participara-en-el-campeonato-de-espana-de-atletismo-en-pista-cubierta\/"},"wordCount":255,"image":{"@id":"https:\/\/www.caudete.org\/ayuntamiento\/la-atleta-caudetana-cristina-asensio-participara-en-el-campeonato-de-espana-de-atletismo-en-pista-cubierta\/#primaryimage"},"thumbnailUrl":"https:\/\/www.caudete.org\/ayuntamiento\/wp-content\/uploads\/2025\/02\/Cristina-Asensio-Port.jpg","articleSection":["Deportes"],"inLanguage":"es"},{"@type":"WebPage","@id":"https:\/\/www.caudete.org\/ayuntamiento\/la-atleta-caudetana-cristina-asensio-participara-en-el-campeonato-de-espana-de-atletismo-en-pista-cubierta\/","url":"https:\/\/www.caudete.org\/ayuntamiento\/la-atleta-caudetana-cristina-asensio-participara-en-el-campeonato-de-espana-de-atletismo-en-pista-cubierta\/","name":"La atleta caudetana Cristina Asensio participar\u00e1 en el Campeonato de Espa\u00f1a de Atletismo en pista cubierta - MI Ayuntamiento de Caudete","isPartOf":{"@id":"https:\/\/www.caudete.org\/ayuntamiento\/#website"},"primaryImageOfPage":{"@id":"https:\/\/www.caudete.org\/ayuntamiento\/la-atleta-caudetana-cristina-asensio-participara-en-el-campeonato-de-espana-de-atletismo-en-pista-cubierta\/#primaryimage"},"image":{"@id":"https:\/\/www.caudete.org\/ayuntamiento\/la-atleta-caudetana-cristina-asensio-participara-en-el-campeonato-de-espana-de-atletismo-en-pista-cubierta\/#primaryimage"},"thumbnailUrl":"https:\/\/www.caudete.org\/ayuntamiento\/wp-content\/uploads\/2025\/02\/Cristina-Asensio-Port.jpg","datePublished":"2025-02-20T08:28:48+00:00","dateModified":"2025-02-20T08:33:39+00:00","author":{"@id":"https:\/\/www.caudete.org\/ayuntamiento\/#\/schema\/person\/4b9eab41761957db9b1bf9c418d1ef46"},"description":"P\u00e1gina Oficial del Ayuntamiento de Caudete (Albacete)","breadcrumb":{"@id":"https:\/\/www.caudete.org\/ayuntamiento\/la-atleta-caudetana-cristina-asensio-participara-en-el-campeonato-de-espana-de-atletismo-en-pista-cubierta\/#breadcrumb"},"inLanguage":"es","potentialAction":[{"@type":"ReadAction","target":["https:\/\/www.caudete.org\/ayuntamiento\/la-atleta-caudetana-cristina-asensio-participara-en-el-campeonato-de-espana-de-atletismo-en-pista-cubierta\/"]}]},{"@type":"ImageObject","inLanguage":"es","@id":"https:\/\/www.caudete.org\/ayuntamiento\/la-atleta-caudetana-cristina-asensio-participara-en-el-campeonato-de-espana-de-atletismo-en-pista-cubierta\/#primaryimage","url":"https:\/\/www.caudete.org\/ayuntamiento\/wp-content\/uploads\/2025\/02\/Cristina-Asensio-Port.jpg","contentUrl":"https:\/\/www.caudete.org\/ayuntamiento\/wp-content\/uploads\/2025\/02\/Cristina-Asensio-Port.jpg","width":999,"height":436},{"@type":"BreadcrumbList","@id":"https:\/\/www.caudete.org\/ayuntamiento\/la-atleta-caudetana-cristina-asensio-participara-en-el-campeonato-de-espana-de-atletismo-en-pista-cubierta\/#breadcrumb","itemListElement":[{"@type":"ListItem","position":1,"name":"Inicio","item":"https:\/\/www.caudete.org\/ayuntamiento\/"},{"@type":"ListItem","position":2,"name":"La atleta caudetana Cristina Asensio participar\u00e1 en el Campeonato de Espa\u00f1a de Atletismo en pista cubierta"}]},{"@type":"WebSite","@id":"https:\/\/www.caudete.org\/ayuntamiento\/#website","url":"https:\/\/www.caudete.org\/ayuntamiento\/","name":"MI Ayuntamiento de Caudete","description":"P\u00e1gina Oficial del MI Ayuntamiento de Caudete","potentialAction":[{"@type":"SearchAction","target":{"@type":"EntryPoint","urlTemplate":"https:\/\/www.caudete.org\/ayuntamiento\/?s={search_term_string}"},"query-input":{"@type":"PropertyValueSpecification","valueRequired":true,"valueName":"search_term_string"}}],"inLanguage":"es"},{"@type":"Person","@id":"https:\/\/www.caudete.org\/ayuntamiento\/#\/schema\/person\/4b9eab41761957db9b1bf9c418d1ef46","name":"Dpto Informatica MI Ayuntamiento de Caudete","image":{"@type":"ImageObject","inLanguage":"es","@id":"https:\/\/secure.gravatar.com\/avatar\/ac0321ee4a0a83e82a253e7b2d348ef539e2c8fe16d06b600bde04de1b364fa7?s=96&d=mm&r=g","url":"https:\/\/secure.gravatar.com\/avatar\/ac0321ee4a0a83e82a253e7b2d348ef539e2c8fe16d06b600bde04de1b364fa7?s=96&d=mm&r=g","contentUrl":"https:\/\/secure.gravatar.com\/avatar\/ac0321ee4a0a83e82a253e7b2d348ef539e2c8fe16d06b600bde04de1b364fa7?s=96&d=mm&r=g","caption":"Dpto Informatica MI Ayuntamiento de Caudete"},"url":"https:\/\/www.caudete.org\/ayuntamiento\/author\/informatica\/"}]}},"_links":{"self":[{"href":"https:\/\/www.caudete.org\/ayuntamiento\/wp-json\/wp\/v2\/posts\/27583","targetHints":{"allow":["GET"]}}],"collection":[{"href":"https:\/\/www.caudete.org\/ayuntamiento\/wp-json\/wp\/v2\/posts"}],"about":[{"href":"https:\/\/www.caudete.org\/ayuntamiento\/wp-json\/wp\/v2\/types\/post"}],"author":[{"embeddable":true,"href":"https:\/\/www.caudete.org\/ayuntamiento\/wp-json\/wp\/v2\/users\/5"}],"replies":[{"embeddable":true,"href":"https:\/\/www.caudete.org\/ayuntamiento\/wp-json\/wp\/v2\/comments?post=27583"}],"version-history":[{"count":1,"href":"https:\/\/www.caudete.org\/ayuntamiento\/wp-json\/wp\/v2\/posts\/27583\/revisions"}],"predecessor-version":[{"id":27585,"href":"https:\/\/www.caudete.org\/ayuntamiento\/wp-json\/wp\/v2\/posts\/27583\/revisions\/27585"}],"wp:featuredmedia":[{"embeddable":true,"href":"https:\/\/www.caudete.org\/ayuntamiento\/wp-json\/wp\/v2\/media\/27586"}],"wp:attachment":[{"href":"https:\/\/www.caudete.org\/ayuntamiento\/wp-json\/wp\/v2\/media?parent=27583"}],"wp:term":[{"taxonomy":"category","embeddable":true,"href":"https:\/\/www.caudete.org\/ayuntamiento\/wp-json\/wp\/v2\/categories?post=27583"},{"taxonomy":"post_tag","embeddable":true,"href":"https:\/\/www.caudete.org\/ayuntamiento\/wp-json\/wp\/v2\/tags?post=27583"}],"curies":[{"name":"wp","href":"https:\/\/api.w.org\/{rel}","templated":true}]}}