{"id":27589,"date":"2025-02-20T14:58:40","date_gmt":"2025-02-20T13:58:40","guid":{"rendered":"https:\/\/www.caudete.org\/ayuntamiento\/?p=27589"},"modified":"2025-02-20T14:58:40","modified_gmt":"2025-02-20T13:58:40","slug":"manana-se-llevara-a-cabo-las-jornadas-de-empleabilidad-entre-zincaman-y-el-ayuntamiento-de-caudete","status":"publish","type":"post","link":"https:\/\/www.caudete.org\/ayuntamiento\/manana-se-llevara-a-cabo-las-jornadas-de-empleabilidad-entre-zincaman-y-el-ayuntamiento-de-caudete\/","title":{"rendered":"Ma\u00f1ana se llevar\u00e1 a cabo las Jornadas de Empleabilidad, entre ZINCAMAN y el Ayuntamiento de Caudete"},"content":{"rendered":"<p style=\"text-align: justify;\">\n<p style=\"text-align: justify;\"><strong>M\u00aa Dolores Requena, Concejal de Promoci\u00f3n y Desarrollo Econ\u00f3mico, ha informado que la Asociaci\u00f3n Regional de Zonas Industriales de Castilla-La Mancha (ZINCAMAN) y el Ayuntamiento de Caudete organizan un encuentro para promover la empleabilidad en j\u00f3venes menores de 30 a\u00f1os<\/strong><\/p>\n<ul style=\"text-align: justify;\">\n<li><strong>El objetivo de esta jornada, en el marco del proyecto \u2018Auxiliares de Mantenimiento de \u00c1reas Industriales\u2019 (AMAI), es favorecer la formaci\u00f3n y empleo de j\u00f3venes de entre 16 y 29 a\u00f1os en siete localidades castellanomanchegas, entre las que se encuentra Caudete<\/strong><\/li>\n<li><strong>El proyecto, que lleva un a\u00f1o en marcha y se encuentra en su fase final, incluye a ocho alumnos de la localidad que han realizado importantes mejoras en el P.I. Los Villares y el Parque Tecnol\u00f3gico de Caudete<\/strong><\/li>\n<li><strong>Este programa est\u00e1 dotado de 2.133.331 euros de presupuesto financiado por los fondos europeos Next Generation EU con la colaboraci\u00f3n del Servicio P\u00fablico de Empleo Estatal (SEPE)<\/strong><\/li>\n<\/ul>\n<p style=\"text-align: justify;\"><strong>\u00a0<\/strong><\/p>\n<p style=\"text-align: justify;\"><strong>Caudete, 21 de febrero de 2025.<\/strong> La apuesta por la empleabilidad ha sido el tema protagonista de la jornada que ha reunido a las principales empresas de Caudete con los alumnos del proyecto \u2018Auxiliares de Mantenimiento de \u00c1reas Industriales\u2019(AMAI). Se trata de un proyecto puesto en marcha por ZINCAMAN que aglutina a un total de 64 alumnos en siete localidades y ocho \u00e1reas industriales de Castilla-La Mancha: P.I. Campollano y Romica (en Albacete),P.I. Montearag\u00f3n (en Chinchilla), P.I. El Mugr\u00f3n (en Almansa), P.I. de Manzanares (en Ciudad Real), P.I. La Veredilla (de Illescas, en Toledo), P.I. El Salvador (de La Roda, Albacete):\u201cEstamos muy orgullosos de ser una de las localidades que ha colaborado en esta iniciativa y de haber acogido la primera de estas jornadas de empleabilidad, de la mano de una entidad con tanto conocimiento y experiencia en gesti\u00f3n industrial como ZINCAMAN. El resultado, en cuanto al mantenimiento y mejora de nuestras \u00e1reas industriales, no ha podido ser m\u00e1s positivo. Por ello, queremos dar las gracias tambi\u00e9n a los profesionales y alumnos implicados por su trabajo\u201d, recalca Mois\u00e9s L\u00f3pez, alcalde del ayuntamiento de Caudete.<\/p>\n<p style=\"text-align: justify;\">El proyecto AMAI, dentro del programa TandEM, \u00abTransici\u00f3n y Empoderamiento para el Empleo\u00bb del SEPE, tiene un inter\u00e9s p\u00fablico en cuanto al buen mantenimiento de las zonas industriales, en forma de arreglo de desperfectos, limpieza de estas zonas u otras tareas de adecuaci\u00f3n, tal y como destaca Miguel \u00c1ngel Cuartero, director gerente de ZINCAMAN: \u201cCon este tipo de iniciativas pretendemos contribuir a la mejora, revitalizaci\u00f3n y gesti\u00f3n de las zonas industriales, a trav\u00e9s de la colaboraci\u00f3n p\u00fablico-privada. Nuestro objetivo es seguir posicionando a los pol\u00edgonos como una infraestructura imprescindible para el desarrollo de la econom\u00eda y el empleo, para lo cual es necesario formar a t\u00e9cnicos especialistas en estas materias y dotarles de herramientas para su inclusi\u00f3n laboral\u201d.<\/p>\n<p style=\"text-align: justify;\">En este sentido, el programa tambi\u00e9n tiene un inter\u00e9s social al ir dirigido a j\u00f3venes menores de 30 a\u00f1os con poca cualificaci\u00f3n y menos oportunidades que, en la actualidad, son uno de los colectivos con m\u00e1s dificultades para la obtenci\u00f3n de un trabajo. Por ello, los contenidos se centran en el desarrollo de habilidades esenciales para la doble transici\u00f3n: la transici\u00f3n educativa y la transici\u00f3n al mundo laboral. Adem\u00e1s, se presta una especial atenci\u00f3n a la asistencia social y la cohesi\u00f3n territorial, creando as\u00ed un impacto significativo en las comunidades locales.<\/p>\n<p style=\"text-align: justify;\">El proyecto AMAI tiene una duraci\u00f3n de durante quince meses: comenz\u00f3 en febrero de 2024 y est\u00e1 previsto que acabe en mayo de este a\u00f1o. Durante estos meses se ha compaginado la formaci\u00f3n presencial y online con un contrato de trabajo, por lo que los alumnos obtendr\u00e1n al finalizar el curso dos Certificados de Profesionalidad: \u2018Limpieza en Espacios Abiertos e Instalaciones Industriales\u2019 e \u2018Instalaci\u00f3n y Mantenimiento de Jardines y Zonas Verdes\u2019, y tambi\u00e9n el carnet de \u2018Aplicador de Productos Fitosanitarios\u2019 (nivel cualificado).<\/p>\n<p style=\"text-align: justify;\">El programa cuenta con un presupuesto de 2.133.331 de euros y est\u00e1 financiado por los fondos europeos Next Generation EU con la colaboraci\u00f3n del Servicio P\u00fablico de Empleo Estatal (SEPE).<\/p>\n<p style=\"text-align: justify;\">\n<p style=\"text-align: justify;\">\n","protected":false},"excerpt":{"rendered":"<p>M\u00aa Dolores Requena, Concejal de Promoci\u00f3n y Desarrollo Econ\u00f3mico, ha informado que la Asociaci\u00f3n Regional de Zonas Industriales de Castilla-La Mancha (ZINCAMAN) y el Ayuntamiento de Caudete organizan un encuentro para promover la empleabilidad en j\u00f3venes menores de 30 a\u00f1os El objetivo de esta jornada, en el marco del proyecto \u2018Auxiliares de Mantenimiento de \u00c1reas &hellip;<\/p>\n","protected":false},"author":3,"featured_media":27590,"comment_status":"closed","ping_status":"open","sticky":false,"template":"","format":"standard","meta":{"ngg_post_thumbnail":0,"footnotes":""},"categories":[851],"tags":[],"class_list":["post-27589","post","type-post","status-publish","format-standard","has-post-thumbnail","hentry","category-promocion-y-desarrollo-economico"],"yoast_head":"<!-- This site is optimized with the Yoast SEO plugin v27.4 - https:\/\/yoast.com\/product\/yoast-seo-wordpress\/ -->\n<title>Ma\u00f1ana se llevar\u00e1 a cabo las Jornadas de Empleabilidad, entre ZINCAMAN y el Ayuntamiento de Caudete - MI Ayuntamiento de Caudete<\/title>\n<meta name=\"description\" content=\"P\u00e1gina Oficial del Ayuntamiento de Caudete (Albacete)\" \/>\n<meta name=\"robots\" content=\"index, follow, max-snippet:-1, max-image-preview:large, max-video-preview:-1\" \/>\n<link rel=\"canonical\" href=\"https:\/\/www.caudete.org\/ayuntamiento\/manana-se-llevara-a-cabo-las-jornadas-de-empleabilidad-entre-zincaman-y-el-ayuntamiento-de-caudete\/\" \/>\n<meta property=\"og:locale\" content=\"es_ES\" \/>\n<meta property=\"og:type\" content=\"article\" \/>\n<meta property=\"og:title\" content=\"Ma\u00f1ana se llevar\u00e1 a cabo las Jornadas de Empleabilidad, entre ZINCAMAN y el Ayuntamiento de Caudete - MI Ayuntamiento de Caudete\" \/>\n<meta property=\"og:description\" content=\"P\u00e1gina Oficial del Ayuntamiento de Caudete (Albacete)\" \/>\n<meta property=\"og:url\" content=\"https:\/\/www.caudete.org\/ayuntamiento\/manana-se-llevara-a-cabo-las-jornadas-de-empleabilidad-entre-zincaman-y-el-ayuntamiento-de-caudete\/\" \/>\n<meta property=\"og:site_name\" content=\"MI Ayuntamiento de Caudete\" \/>\n<meta property=\"article:publisher\" content=\"https:\/\/www.facebook.com\/ayuntamientocaudete\/\" \/>\n<meta property=\"article:published_time\" content=\"2025-02-20T13:58:40+00:00\" \/>\n<meta property=\"og:image\" content=\"https:\/\/www.caudete.org\/ayuntamiento\/wp-content\/uploads\/2025\/02\/zincaman.jpg\" \/>\n\t<meta property=\"og:image:width\" content=\"1162\" \/>\n\t<meta property=\"og:image:height\" content=\"651\" \/>\n\t<meta property=\"og:image:type\" content=\"image\/jpeg\" \/>\n<meta name=\"author\" content=\"alcalde\" \/>\n<meta name=\"twitter:card\" content=\"summary_large_image\" \/>\n<meta name=\"twitter:label1\" content=\"Escrito por\" \/>\n\t<meta name=\"twitter:data1\" content=\"alcalde\" \/>\n\t<meta name=\"twitter:label2\" content=\"Tiempo de lectura\" \/>\n\t<meta name=\"twitter:data2\" content=\"4 minutos\" \/>\n<script type=\"application\/ld+json\" class=\"yoast-schema-graph\">{\"@context\":\"https:\\\/\\\/schema.org\",\"@graph\":[{\"@type\":\"Article\",\"@id\":\"https:\\\/\\\/www.caudete.org\\\/ayuntamiento\\\/manana-se-llevara-a-cabo-las-jornadas-de-empleabilidad-entre-zincaman-y-el-ayuntamiento-de-caudete\\\/#article\",\"isPartOf\":{\"@id\":\"https:\\\/\\\/www.caudete.org\\\/ayuntamiento\\\/manana-se-llevara-a-cabo-las-jornadas-de-empleabilidad-entre-zincaman-y-el-ayuntamiento-de-caudete\\\/\"},\"author\":{\"name\":\"alcalde\",\"@id\":\"https:\\\/\\\/www.caudete.org\\\/ayuntamiento\\\/#\\\/schema\\\/person\\\/cc646da9133078ee4d8dd47457947253\"},\"headline\":\"Ma\u00f1ana se llevar\u00e1 a cabo las Jornadas de Empleabilidad, entre ZINCAMAN y el Ayuntamiento de Caudete\",\"datePublished\":\"2025-02-20T13:58:40+00:00\",\"mainEntityOfPage\":{\"@id\":\"https:\\\/\\\/www.caudete.org\\\/ayuntamiento\\\/manana-se-llevara-a-cabo-las-jornadas-de-empleabilidad-entre-zincaman-y-el-ayuntamiento-de-caudete\\\/\"},\"wordCount\":721,\"publisher\":{\"@id\":\"https:\\\/\\\/www.caudete.org\\\/ayuntamiento\\\/#organization\"},\"image\":{\"@id\":\"https:\\\/\\\/www.caudete.org\\\/ayuntamiento\\\/manana-se-llevara-a-cabo-las-jornadas-de-empleabilidad-entre-zincaman-y-el-ayuntamiento-de-caudete\\\/#primaryimage\"},\"thumbnailUrl\":\"https:\\\/\\\/www.caudete.org\\\/ayuntamiento\\\/wp-content\\\/uploads\\\/2025\\\/02\\\/zincaman.jpg\",\"articleSection\":[\"Promoci\u00f3n y Desarrollo Econ\u00f3mico\"],\"inLanguage\":\"es\"},{\"@type\":\"WebPage\",\"@id\":\"https:\\\/\\\/www.caudete.org\\\/ayuntamiento\\\/manana-se-llevara-a-cabo-las-jornadas-de-empleabilidad-entre-zincaman-y-el-ayuntamiento-de-caudete\\\/\",\"url\":\"https:\\\/\\\/www.caudete.org\\\/ayuntamiento\\\/manana-se-llevara-a-cabo-las-jornadas-de-empleabilidad-entre-zincaman-y-el-ayuntamiento-de-caudete\\\/\",\"name\":\"Ma\u00f1ana se llevar\u00e1 a cabo las Jornadas de Empleabilidad, entre ZINCAMAN y el Ayuntamiento de Caudete - MI Ayuntamiento de Caudete\",\"isPartOf\":{\"@id\":\"https:\\\/\\\/www.caudete.org\\\/ayuntamiento\\\/#website\"},\"primaryImageOfPage\":{\"@id\":\"https:\\\/\\\/www.caudete.org\\\/ayuntamiento\\\/manana-se-llevara-a-cabo-las-jornadas-de-empleabilidad-entre-zincaman-y-el-ayuntamiento-de-caudete\\\/#primaryimage\"},\"image\":{\"@id\":\"https:\\\/\\\/www.caudete.org\\\/ayuntamiento\\\/manana-se-llevara-a-cabo-las-jornadas-de-empleabilidad-entre-zincaman-y-el-ayuntamiento-de-caudete\\\/#primaryimage\"},\"thumbnailUrl\":\"https:\\\/\\\/www.caudete.org\\\/ayuntamiento\\\/wp-content\\\/uploads\\\/2025\\\/02\\\/zincaman.jpg\",\"datePublished\":\"2025-02-20T13:58:40+00:00\",\"description\":\"P\u00e1gina Oficial del Ayuntamiento de Caudete (Albacete)\",\"breadcrumb\":{\"@id\":\"https:\\\/\\\/www.caudete.org\\\/ayuntamiento\\\/manana-se-llevara-a-cabo-las-jornadas-de-empleabilidad-entre-zincaman-y-el-ayuntamiento-de-caudete\\\/#breadcrumb\"},\"inLanguage\":\"es\",\"potentialAction\":[{\"@type\":\"ReadAction\",\"target\":[\"https:\\\/\\\/www.caudete.org\\\/ayuntamiento\\\/manana-se-llevara-a-cabo-las-jornadas-de-empleabilidad-entre-zincaman-y-el-ayuntamiento-de-caudete\\\/\"]}]},{\"@type\":\"ImageObject\",\"inLanguage\":\"es\",\"@id\":\"https:\\\/\\\/www.caudete.org\\\/ayuntamiento\\\/manana-se-llevara-a-cabo-las-jornadas-de-empleabilidad-entre-zincaman-y-el-ayuntamiento-de-caudete\\\/#primaryimage\",\"url\":\"https:\\\/\\\/www.caudete.org\\\/ayuntamiento\\\/wp-content\\\/uploads\\\/2025\\\/02\\\/zincaman.jpg\",\"contentUrl\":\"https:\\\/\\\/www.caudete.org\\\/ayuntamiento\\\/wp-content\\\/uploads\\\/2025\\\/02\\\/zincaman.jpg\",\"width\":1162,\"height\":651},{\"@type\":\"BreadcrumbList\",\"@id\":\"https:\\\/\\\/www.caudete.org\\\/ayuntamiento\\\/manana-se-llevara-a-cabo-las-jornadas-de-empleabilidad-entre-zincaman-y-el-ayuntamiento-de-caudete\\\/#breadcrumb\",\"itemListElement\":[{\"@type\":\"ListItem\",\"position\":1,\"name\":\"Inicio\",\"item\":\"https:\\\/\\\/www.caudete.org\\\/ayuntamiento\\\/\"},{\"@type\":\"ListItem\",\"position\":2,\"name\":\"Ma\u00f1ana se llevar\u00e1 a cabo las Jornadas de Empleabilidad, entre ZINCAMAN y el Ayuntamiento de Caudete\"}]},{\"@type\":\"WebSite\",\"@id\":\"https:\\\/\\\/www.caudete.org\\\/ayuntamiento\\\/#website\",\"url\":\"https:\\\/\\\/www.caudete.org\\\/ayuntamiento\\\/\",\"name\":\"MI Ayuntamiento de Caudete\",\"description\":\"P\u00e1gina Oficial del MI Ayuntamiento de Caudete\",\"publisher\":{\"@id\":\"https:\\\/\\\/www.caudete.org\\\/ayuntamiento\\\/#organization\"},\"potentialAction\":[{\"@type\":\"SearchAction\",\"target\":{\"@type\":\"EntryPoint\",\"urlTemplate\":\"https:\\\/\\\/www.caudete.org\\\/ayuntamiento\\\/?s={search_term_string}\"},\"query-input\":{\"@type\":\"PropertyValueSpecification\",\"valueRequired\":true,\"valueName\":\"search_term_string\"}}],\"inLanguage\":\"es\"},{\"@type\":\"Organization\",\"@id\":\"https:\\\/\\\/www.caudete.org\\\/ayuntamiento\\\/#organization\",\"name\":\"Ayuntamiento de Caudete\",\"url\":\"https:\\\/\\\/www.caudete.org\\\/ayuntamiento\\\/\",\"logo\":{\"@type\":\"ImageObject\",\"inLanguage\":\"es\",\"@id\":\"https:\\\/\\\/www.caudete.org\\\/ayuntamiento\\\/#\\\/schema\\\/logo\\\/image\\\/\",\"url\":\"https:\\\/\\\/www.caudete.org\\\/ayuntamiento\\\/wp-content\\\/uploads\\\/2020\\\/11\\\/logo_ayuntamiento_caudete.jpg\",\"contentUrl\":\"https:\\\/\\\/www.caudete.org\\\/ayuntamiento\\\/wp-content\\\/uploads\\\/2020\\\/11\\\/logo_ayuntamiento_caudete.jpg\",\"width\":600,\"height\":150,\"caption\":\"Ayuntamiento de Caudete\"},\"image\":{\"@id\":\"https:\\\/\\\/www.caudete.org\\\/ayuntamiento\\\/#\\\/schema\\\/logo\\\/image\\\/\"},\"sameAs\":[\"https:\\\/\\\/www.facebook.com\\\/ayuntamientocaudete\\\/\",\"https:\\\/\\\/www.youtube.com\\\/channel\\\/UC6VztHaooNsGpw-tNoBEFnQ\"]},{\"@type\":\"Person\",\"@id\":\"https:\\\/\\\/www.caudete.org\\\/ayuntamiento\\\/#\\\/schema\\\/person\\\/cc646da9133078ee4d8dd47457947253\",\"name\":\"alcalde\",\"image\":{\"@type\":\"ImageObject\",\"inLanguage\":\"es\",\"@id\":\"https:\\\/\\\/secure.gravatar.com\\\/avatar\\\/84a817ba065b29ff08d666b215a215f5c79186a645ccb25b14a663d48a130f77?s=96&d=mm&r=g\",\"url\":\"https:\\\/\\\/secure.gravatar.com\\\/avatar\\\/84a817ba065b29ff08d666b215a215f5c79186a645ccb25b14a663d48a130f77?s=96&d=mm&r=g\",\"contentUrl\":\"https:\\\/\\\/secure.gravatar.com\\\/avatar\\\/84a817ba065b29ff08d666b215a215f5c79186a645ccb25b14a663d48a130f77?s=96&d=mm&r=g\",\"caption\":\"alcalde\"},\"url\":\"https:\\\/\\\/www.caudete.org\\\/ayuntamiento\\\/author\\\/alcalde\\\/\"}]}<\/script>\n<!-- \/ Yoast SEO plugin. -->","yoast_head_json":{"title":"Ma\u00f1ana se llevar\u00e1 a cabo las Jornadas de Empleabilidad, entre ZINCAMAN y el Ayuntamiento de Caudete - MI Ayuntamiento de Caudete","description":"P\u00e1gina Oficial del Ayuntamiento de Caudete (Albacete)","robots":{"index":"index","follow":"follow","max-snippet":"max-snippet:-1","max-image-preview":"max-image-preview:large","max-video-preview":"max-video-preview:-1"},"canonical":"https:\/\/www.caudete.org\/ayuntamiento\/manana-se-llevara-a-cabo-las-jornadas-de-empleabilidad-entre-zincaman-y-el-ayuntamiento-de-caudete\/","og_locale":"es_ES","og_type":"article","og_title":"Ma\u00f1ana se llevar\u00e1 a cabo las Jornadas de Empleabilidad, entre ZINCAMAN y el Ayuntamiento de Caudete - MI Ayuntamiento de Caudete","og_description":"P\u00e1gina Oficial del Ayuntamiento de Caudete (Albacete)","og_url":"https:\/\/www.caudete.org\/ayuntamiento\/manana-se-llevara-a-cabo-las-jornadas-de-empleabilidad-entre-zincaman-y-el-ayuntamiento-de-caudete\/","og_site_name":"MI Ayuntamiento de Caudete","article_publisher":"https:\/\/www.facebook.com\/ayuntamientocaudete\/","article_published_time":"2025-02-20T13:58:40+00:00","og_image":[{"width":1162,"height":651,"url":"https:\/\/www.caudete.org\/ayuntamiento\/wp-content\/uploads\/2025\/02\/zincaman.jpg","type":"image\/jpeg"}],"author":"alcalde","twitter_card":"summary_large_image","twitter_misc":{"Escrito por":"alcalde","Tiempo de lectura":"4 minutos"},"schema":{"@context":"https:\/\/schema.org","@graph":[{"@type":"Article","@id":"https:\/\/www.caudete.org\/ayuntamiento\/manana-se-llevara-a-cabo-las-jornadas-de-empleabilidad-entre-zincaman-y-el-ayuntamiento-de-caudete\/#article","isPartOf":{"@id":"https:\/\/www.caudete.org\/ayuntamiento\/manana-se-llevara-a-cabo-las-jornadas-de-empleabilidad-entre-zincaman-y-el-ayuntamiento-de-caudete\/"},"author":{"name":"alcalde","@id":"https:\/\/www.caudete.org\/ayuntamiento\/#\/schema\/person\/cc646da9133078ee4d8dd47457947253"},"headline":"Ma\u00f1ana se llevar\u00e1 a cabo las Jornadas de Empleabilidad, entre ZINCAMAN y el Ayuntamiento de Caudete","datePublished":"2025-02-20T13:58:40+00:00","mainEntityOfPage":{"@id":"https:\/\/www.caudete.org\/ayuntamiento\/manana-se-llevara-a-cabo-las-jornadas-de-empleabilidad-entre-zincaman-y-el-ayuntamiento-de-caudete\/"},"wordCount":721,"publisher":{"@id":"https:\/\/www.caudete.org\/ayuntamiento\/#organization"},"image":{"@id":"https:\/\/www.caudete.org\/ayuntamiento\/manana-se-llevara-a-cabo-las-jornadas-de-empleabilidad-entre-zincaman-y-el-ayuntamiento-de-caudete\/#primaryimage"},"thumbnailUrl":"https:\/\/www.caudete.org\/ayuntamiento\/wp-content\/uploads\/2025\/02\/zincaman.jpg","articleSection":["Promoci\u00f3n y Desarrollo Econ\u00f3mico"],"inLanguage":"es"},{"@type":"WebPage","@id":"https:\/\/www.caudete.org\/ayuntamiento\/manana-se-llevara-a-cabo-las-jornadas-de-empleabilidad-entre-zincaman-y-el-ayuntamiento-de-caudete\/","url":"https:\/\/www.caudete.org\/ayuntamiento\/manana-se-llevara-a-cabo-las-jornadas-de-empleabilidad-entre-zincaman-y-el-ayuntamiento-de-caudete\/","name":"Ma\u00f1ana se llevar\u00e1 a cabo las Jornadas de Empleabilidad, entre ZINCAMAN y el Ayuntamiento de Caudete - MI Ayuntamiento de Caudete","isPartOf":{"@id":"https:\/\/www.caudete.org\/ayuntamiento\/#website"},"primaryImageOfPage":{"@id":"https:\/\/www.caudete.org\/ayuntamiento\/manana-se-llevara-a-cabo-las-jornadas-de-empleabilidad-entre-zincaman-y-el-ayuntamiento-de-caudete\/#primaryimage"},"image":{"@id":"https:\/\/www.caudete.org\/ayuntamiento\/manana-se-llevara-a-cabo-las-jornadas-de-empleabilidad-entre-zincaman-y-el-ayuntamiento-de-caudete\/#primaryimage"},"thumbnailUrl":"https:\/\/www.caudete.org\/ayuntamiento\/wp-content\/uploads\/2025\/02\/zincaman.jpg","datePublished":"2025-02-20T13:58:40+00:00","description":"P\u00e1gina Oficial del Ayuntamiento de Caudete (Albacete)","breadcrumb":{"@id":"https:\/\/www.caudete.org\/ayuntamiento\/manana-se-llevara-a-cabo-las-jornadas-de-empleabilidad-entre-zincaman-y-el-ayuntamiento-de-caudete\/#breadcrumb"},"inLanguage":"es","potentialAction":[{"@type":"ReadAction","target":["https:\/\/www.caudete.org\/ayuntamiento\/manana-se-llevara-a-cabo-las-jornadas-de-empleabilidad-entre-zincaman-y-el-ayuntamiento-de-caudete\/"]}]},{"@type":"ImageObject","inLanguage":"es","@id":"https:\/\/www.caudete.org\/ayuntamiento\/manana-se-llevara-a-cabo-las-jornadas-de-empleabilidad-entre-zincaman-y-el-ayuntamiento-de-caudete\/#primaryimage","url":"https:\/\/www.caudete.org\/ayuntamiento\/wp-content\/uploads\/2025\/02\/zincaman.jpg","contentUrl":"https:\/\/www.caudete.org\/ayuntamiento\/wp-content\/uploads\/2025\/02\/zincaman.jpg","width":1162,"height":651},{"@type":"BreadcrumbList","@id":"https:\/\/www.caudete.org\/ayuntamiento\/manana-se-llevara-a-cabo-las-jornadas-de-empleabilidad-entre-zincaman-y-el-ayuntamiento-de-caudete\/#breadcrumb","itemListElement":[{"@type":"ListItem","position":1,"name":"Inicio","item":"https:\/\/www.caudete.org\/ayuntamiento\/"},{"@type":"ListItem","position":2,"name":"Ma\u00f1ana se llevar\u00e1 a cabo las Jornadas de Empleabilidad, entre ZINCAMAN y el Ayuntamiento de Caudete"}]},{"@type":"WebSite","@id":"https:\/\/www.caudete.org\/ayuntamiento\/#website","url":"https:\/\/www.caudete.org\/ayuntamiento\/","name":"MI Ayuntamiento de Caudete","description":"P\u00e1gina Oficial del MI Ayuntamiento de Caudete","publisher":{"@id":"https:\/\/www.caudete.org\/ayuntamiento\/#organization"},"potentialAction":[{"@type":"SearchAction","target":{"@type":"EntryPoint","urlTemplate":"https:\/\/www.caudete.org\/ayuntamiento\/?s={search_term_string}"},"query-input":{"@type":"PropertyValueSpecification","valueRequired":true,"valueName":"search_term_string"}}],"inLanguage":"es"},{"@type":"Organization","@id":"https:\/\/www.caudete.org\/ayuntamiento\/#organization","name":"Ayuntamiento de Caudete","url":"https:\/\/www.caudete.org\/ayuntamiento\/","logo":{"@type":"ImageObject","inLanguage":"es","@id":"https:\/\/www.caudete.org\/ayuntamiento\/#\/schema\/logo\/image\/","url":"https:\/\/www.caudete.org\/ayuntamiento\/wp-content\/uploads\/2020\/11\/logo_ayuntamiento_caudete.jpg","contentUrl":"https:\/\/www.caudete.org\/ayuntamiento\/wp-content\/uploads\/2020\/11\/logo_ayuntamiento_caudete.jpg","width":600,"height":150,"caption":"Ayuntamiento de Caudete"},"image":{"@id":"https:\/\/www.caudete.org\/ayuntamiento\/#\/schema\/logo\/image\/"},"sameAs":["https:\/\/www.facebook.com\/ayuntamientocaudete\/","https:\/\/www.youtube.com\/channel\/UC6VztHaooNsGpw-tNoBEFnQ"]},{"@type":"Person","@id":"https:\/\/www.caudete.org\/ayuntamiento\/#\/schema\/person\/cc646da9133078ee4d8dd47457947253","name":"alcalde","image":{"@type":"ImageObject","inLanguage":"es","@id":"https:\/\/secure.gravatar.com\/avatar\/84a817ba065b29ff08d666b215a215f5c79186a645ccb25b14a663d48a130f77?s=96&d=mm&r=g","url":"https:\/\/secure.gravatar.com\/avatar\/84a817ba065b29ff08d666b215a215f5c79186a645ccb25b14a663d48a130f77?s=96&d=mm&r=g","contentUrl":"https:\/\/secure.gravatar.com\/avatar\/84a817ba065b29ff08d666b215a215f5c79186a645ccb25b14a663d48a130f77?s=96&d=mm&r=g","caption":"alcalde"},"url":"https:\/\/www.caudete.org\/ayuntamiento\/author\/alcalde\/"}]}},"_links":{"self":[{"href":"https:\/\/www.caudete.org\/ayuntamiento\/wp-json\/wp\/v2\/posts\/27589","targetHints":{"allow":["GET"]}}],"collection":[{"href":"https:\/\/www.caudete.org\/ayuntamiento\/wp-json\/wp\/v2\/posts"}],"about":[{"href":"https:\/\/www.caudete.org\/ayuntamiento\/wp-json\/wp\/v2\/types\/post"}],"author":[{"embeddable":true,"href":"https:\/\/www.caudete.org\/ayuntamiento\/wp-json\/wp\/v2\/users\/3"}],"replies":[{"embeddable":true,"href":"https:\/\/www.caudete.org\/ayuntamiento\/wp-json\/wp\/v2\/comments?post=27589"}],"version-history":[{"count":1,"href":"https:\/\/www.caudete.org\/ayuntamiento\/wp-json\/wp\/v2\/posts\/27589\/revisions"}],"predecessor-version":[{"id":27591,"href":"https:\/\/www.caudete.org\/ayuntamiento\/wp-json\/wp\/v2\/posts\/27589\/revisions\/27591"}],"wp:featuredmedia":[{"embeddable":true,"href":"https:\/\/www.caudete.org\/ayuntamiento\/wp-json\/wp\/v2\/media\/27590"}],"wp:attachment":[{"href":"https:\/\/www.caudete.org\/ayuntamiento\/wp-json\/wp\/v2\/media?parent=27589"}],"wp:term":[{"taxonomy":"category","embeddable":true,"href":"https:\/\/www.caudete.org\/ayuntamiento\/wp-json\/wp\/v2\/categories?post=27589"},{"taxonomy":"post_tag","embeddable":true,"href":"https:\/\/www.caudete.org\/ayuntamiento\/wp-json\/wp\/v2\/tags?post=27589"}],"curies":[{"name":"wp","href":"https:\/\/api.w.org\/{rel}","templated":true}]}}