{"id":27645,"date":"2025-02-27T01:00:54","date_gmt":"2025-02-27T00:00:54","guid":{"rendered":"https:\/\/www.caudete.org\/ayuntamiento\/?p=27645"},"modified":"2025-02-27T01:29:02","modified_gmt":"2025-02-27T00:29:02","slug":"la-brigada-de-obras-esencial-e-imprescindible-los-365-dias-del-ano","status":"publish","type":"post","link":"https:\/\/www.caudete.org\/ayuntamiento\/la-brigada-de-obras-esencial-e-imprescindible-los-365-dias-del-ano\/","title":{"rendered":"La Brigada de Obras y Limpieza, esencial e imprescindible los 365 d\u00edas del a\u00f1o"},"content":{"rendered":"<p style=\"text-align: justify;\">El Alcalde Mois\u00e9s L\u00f3pez, encargado del \u00e1rea de Obras (entre otras) ha manifestado su <strong>agradecimiento p\u00fablico a la Brigada de Obras y Limpieza en su conjunto<\/strong> por la profesionalidad y entrega incondicional que tienen al servicio del Ayuntamiento y por tanto de todos los caudetanos.<\/p>\n<p style=\"text-align: justify;\">Un <strong>equipo humano de trabajadores incansables y siempre dispuestos<\/strong> a toda necesidad, urgencia y proyecto que precise el Ayuntamiento, sea de su competencia propia y directa, como ajena, pero que suponga dar respuesta y soluci\u00f3n a los caudetanos, a los diferentes servicios que presta el Ayuntamiento desde cualquier Concejal\u00eda, y por tanto, mejorar el municipio.<\/p>\n<p style=\"text-align: justify;\">La <strong>Brigada de Obras<\/strong>, bajo la direcci\u00f3n del Encargado-Jefe y del Jefe del Servicio, est\u00e1 bajo la tutela de la Concejal\u00eda de Obras, y tiene entre su personal a <strong>4 grupos de trabajo<\/strong> que son esenciales e imprescindibles los 365 d\u00edas del a\u00f1o: <strong>Peones y Oficiales de Obras, Fontaneros, Electricistas y Limpieza.<\/strong><\/p>\n<p style=\"text-align: justify;\">Presentes <strong>a cualquier hora<\/strong>, en cualquier lugar y cualquier d\u00eda de la semana, siendo <strong>laborable o festivo<\/strong>, atendiendo la llamada de urgencia surgida o la necesidad de solventar problemas surgidos, de prevenir situaciones, y de coordinar acciones para que nuestros <strong>espacios y edificios p\u00fablicos est\u00e9n en \u00f3ptimas garant\u00edas<\/strong> durante todo el a\u00f1o, para el mayor beneficio de la ciudadan\u00eda y de la prestaci\u00f3n de servicios del Ayuntamiento, para eventos propios como para aquellos que celebran asociaciones.<\/p>\n<p style=\"text-align: justify;\">Un Departamento que en malos momentos vi\u00f3 mermada su plantilla, sus recursos materiales y equipos, y hasta asumidas competencias que no le son propias, y que aun as\u00ed, por compa\u00f1erismo y por plena vocaci\u00f3n de servicio p\u00fablico siempre han estado trabajando con ah\u00ednco, algo que hay que no solo agradecer, sino tambi\u00e9n reconocer.<\/p>\n<p style=\"text-align: justify;\">En los \u00faltimos 8 a\u00f1os, se han ido incrementando sus medios de trabajo, renovando flota de veh\u00edculos, y adquiriendo maquinaria y herramientas de trabajo, mejorando sus partidas para la adquisici\u00f3n de materiales y contrataci\u00f3n de servicios externos, acciones que deben de continuar para seguir garantizando mayor seguridad en la ejecuci\u00f3n de sus labores, y en la optimizaci\u00f3n de los tiempos de trabajo.<\/p>\n<p style=\"text-align: justify;\">Igualmente, y abordando la plantilla de empleados, se ha comenzado, para dar respuesta a la necesidad operativa ante la excesiva carga de trabajo, a prever la ampliaci\u00f3n de plantilla, recuperando as\u00ed plazas amortizadas desde hace algo m\u00e1s de 8 a\u00f1os, a la vez que permitiendo la promoci\u00f3n interna de sus empleados para permitirles su desarrollo profesional dentro del Ayuntamiento. Acciones que para este a\u00f1o 2025 tendr\u00e1n continuidad con la pr\u00f3xima Oferta de Empleo P\u00fablico.<\/p>\n<p style=\"text-align: justify;\">Por tanto, es justo reconocer la inmensa colaboraci\u00f3n que desde 2013 la Brigada de Obras, y en concreto el \u00e1rea de Peones y Oficiales est\u00e1 teniendo con el \u00e1rea de Fontaneros, pues a d\u00eda de hoy m\u00e1s del 75% de sus jornadas se dedican a ayudar a sus compa\u00f1eros a solucionar problemas surgidos por las frecuentes aver\u00edas de la red de agua potable, quedando un rid\u00edculo 25% para atender sus tareas propias del mantenimiento urbano de calles y espacios p\u00fablicos, as\u00ed como de edificios, adem\u00e1s de atender la solicitud de colaboraci\u00f3n de numerosas asociaciones y entidades para el desarrollo de eventos de inter\u00e9s general de la ciudadan\u00eda. Adem\u00e1s, atienden la apertura, cierre, mantenimiento y operatividad del servicio del Cementerio de unos meses a esta parte. Un trabajo de \u00e9ste \u00e1rea, en definitiva, que no entiende de horas, que precisa de guardias, y que dan respuesta a situaciones de urgencia, y que quienes han tenido y tienen el encargo de la coordinaci\u00f3n como Encargados-Jefes, han sufrido y sufren.<\/p>\n<p style=\"text-align: justify;\">El \u00e1rea de Electricistas, desde que el Ayuntamiento entr\u00f3 a formar parte del Proyecto Clime, con el que el mantenimiento del alumbrado p\u00fablico de calles y edificios (no todos) corre a cargo de Elecnor ha visto disminuida notablemente su carga de carga de trabajo, pero ha seguido asumiendo el mantenimiento de todos aquellos espacios y edificios que no forman parte del proyecto Clime, o que han sido aperturados con posterioridad, as\u00ed como hacerse cargo de aquellas mejoras o nuevas instalaciones en edificios existentes, adem\u00e1s de ser los encargados de colocar y retirar parte de los alumbrados extraordinarios, prestando colaboraci\u00f3n a sus compa\u00f1eros de la Brigada de Obras, cada vez que la situaci\u00f3n lo requiere. \u00c1rea que tambi\u00e9n precisa de guardias y no entiende de horas.<\/p>\n<p style=\"text-align: justify;\">El \u00e1rea de Fontaneros, se sum\u00f3 a la Brigada en 2013 cuando el Ayuntamiento asume como propia la gesti\u00f3n del servicio del agua potable. Lo hizo subrogando el personal proveniente de la empresa adjudicataria. Tras la jubilaci\u00f3n de uno de sus miembros, incorpor\u00f3 de facto a un operario de Peones y Oficiales de Obras para las tareas de fontanero, sufriendo \u00e9ste \u00e1rea la merma, y el pasado 2024, desde la Concejal\u00eda de Recursos Humanos, se dot\u00f3 de un nuevo fontanero al equipo para poder aliviar la carga de trabajo, la cual, como antes hemos expresado, es solidaria con el resto de empleados del \u00e1rea de Fontaneros. Este equipo, es tambi\u00e9n, como sus compa\u00f1eros de Peones y Oficiales de Obras, imprescindible y esencial, que precisa de disponibilidad y r\u00e1pida actuaci\u00f3n.<\/p>\n<p style=\"text-align: justify;\">El \u00e1rea de limpieza, es el m\u00e1s numeroso, y atiende con total profesionalidad la higiene, salubridad y ornato de todos los edificios municipales. Colegios, espacios Deportivos, espacios Formativos, espacios Culturales, espacios Tur\u00edsticos, espacios de Ocio, espacios Administrativos, etc., as\u00ed como la atenci\u00f3n de determinados actos y momentos festivos del municipio, son su menester. En 2020 se les descarg\u00f3 de sus tareas en lo relativo a la Piscina Cubierta, al licitar el servicio a empresa externa, lo que ha permitido un desahogo en la carga de trabajo, ante la imposibilidad de incremento de su plantilla, situaci\u00f3n que sufren el resto de compa\u00f1eros de la Brigada de Obras y Limpieza, y del resto de Departamentos Municipales, debido principalmente a la reducci\u00f3n de la temporalidad, y a la existencia de la tasa de reposici\u00f3n (coeficiente que permite o no la ampliaci\u00f3n de la plantilla municipal, en funci\u00f3n de las bajas sufridas).<\/p>\n<p style=\"text-align: justify;\">Todas estas \u00e1reas, adem\u00e1s, suman personal de forma extraordinaria gracias a Planes de Empleo de diferente naturaleza, de forma que le son distribuidos para intentar ayudar en las tareas ordinarias as\u00ed como poder afrontar aquellas acciones que durante el a\u00f1o les son pr\u00e1cticamente imposibles de acometer, aun siendo de su naturaleza, por estar volcados por compa\u00f1erismo y responsabilidad con Caudete en la gesti\u00f3n de acciones que no les son propias, como lo puede ser atender las urgencias surgidas en la red de agua potable.<\/p>\n<p style=\"text-align: justify;\">Por tanto, la Brigada de Obras y Limpieza, en su conjunto, y sin ning\u00fan tipo de distinci\u00f3n, son merecedores del agradecimiento y reconocimiento de sus responsables pol\u00edticos, por lo que el Alcalde Mois\u00e9s L\u00f3pez, como responsable de la misma, y cabeza del Gobierno Municipal, quiere hacer visible hacia los caudetanos.<\/p>\n<p style=\"text-align: justify;\"><a href=\"https:\/\/www.caudete.org\/ayuntamiento\/wp-content\/uploads\/2021\/03\/WhatsApp-Image-2021-03-02-at-21.15.13.jpeg\" rel='prettyPhoto'><img fetchpriority=\"high\" decoding=\"async\" class=\"alignnone wp-image-12687 size-full\" src=\"https:\/\/www.caudete.org\/ayuntamiento\/wp-content\/uploads\/2021\/03\/WhatsApp-Image-2021-03-02-at-21.15.13.jpeg\" alt=\"\" width=\"2048\" height=\"1536\" srcset=\"https:\/\/www.caudete.org\/ayuntamiento\/wp-content\/uploads\/2021\/03\/WhatsApp-Image-2021-03-02-at-21.15.13.jpeg 2048w, https:\/\/www.caudete.org\/ayuntamiento\/wp-content\/uploads\/2021\/03\/WhatsApp-Image-2021-03-02-at-21.15.13-300x225.jpeg 300w, https:\/\/www.caudete.org\/ayuntamiento\/wp-content\/uploads\/2021\/03\/WhatsApp-Image-2021-03-02-at-21.15.13-1024x768.jpeg 1024w, https:\/\/www.caudete.org\/ayuntamiento\/wp-content\/uploads\/2021\/03\/WhatsApp-Image-2021-03-02-at-21.15.13-768x576.jpeg 768w, https:\/\/www.caudete.org\/ayuntamiento\/wp-content\/uploads\/2021\/03\/WhatsApp-Image-2021-03-02-at-21.15.13-1536x1152.jpeg 1536w\" sizes=\"(max-width: 2048px) 100vw, 2048px\" \/><\/a><\/p>\n","protected":false},"excerpt":{"rendered":"<p>El Alcalde Mois\u00e9s L\u00f3pez, encargado del \u00e1rea de Obras (entre otras) ha manifestado su agradecimiento p\u00fablico a la Brigada de Obras y Limpieza en su conjunto por la profesionalidad y entrega incondicional que tienen al servicio del Ayuntamiento y por tanto de todos los caudetanos. Un equipo humano de trabajadores incansables y siempre dispuestos a &hellip;<\/p>\n","protected":false},"author":3,"featured_media":12687,"comment_status":"closed","ping_status":"open","sticky":false,"template":"","format":"standard","meta":{"ngg_post_thumbnail":0,"footnotes":""},"categories":[675],"tags":[],"class_list":["post-27645","post","type-post","status-publish","format-standard","has-post-thumbnail","hentry","category-obras"],"yoast_head":"<!-- This site is optimized with the Yoast SEO plugin v27.5 - https:\/\/yoast.com\/product\/yoast-seo-wordpress\/ -->\n<title>La Brigada de Obras y Limpieza, esencial e imprescindible los 365 d\u00edas del a\u00f1o - MI Ayuntamiento de Caudete<\/title>\n<meta name=\"description\" content=\"P\u00e1gina Oficial del Ayuntamiento de Caudete (Albacete)\" \/>\n<meta name=\"robots\" content=\"index, follow, max-snippet:-1, max-image-preview:large, max-video-preview:-1\" \/>\n<link rel=\"canonical\" href=\"https:\/\/www.caudete.org\/ayuntamiento\/la-brigada-de-obras-esencial-e-imprescindible-los-365-dias-del-ano\/\" \/>\n<meta property=\"og:locale\" content=\"es_ES\" \/>\n<meta property=\"og:type\" content=\"article\" \/>\n<meta property=\"og:title\" content=\"La Brigada de Obras y Limpieza, esencial e imprescindible los 365 d\u00edas del a\u00f1o - MI Ayuntamiento de Caudete\" \/>\n<meta property=\"og:description\" content=\"P\u00e1gina Oficial del Ayuntamiento de Caudete (Albacete)\" \/>\n<meta property=\"og:url\" content=\"https:\/\/www.caudete.org\/ayuntamiento\/la-brigada-de-obras-esencial-e-imprescindible-los-365-dias-del-ano\/\" \/>\n<meta property=\"og:site_name\" content=\"MI Ayuntamiento de Caudete\" \/>\n<meta property=\"article:publisher\" content=\"https:\/\/www.facebook.com\/ayuntamientocaudete\/\" \/>\n<meta property=\"article:published_time\" content=\"2025-02-27T00:00:54+00:00\" \/>\n<meta property=\"article:modified_time\" content=\"2025-02-27T00:29:02+00:00\" \/>\n<meta property=\"og:image\" content=\"https:\/\/www.caudete.org\/ayuntamiento\/wp-content\/uploads\/2021\/03\/WhatsApp-Image-2021-03-02-at-21.15.13.jpeg\" \/>\n\t<meta property=\"og:image:width\" content=\"2048\" \/>\n\t<meta property=\"og:image:height\" content=\"1536\" \/>\n\t<meta property=\"og:image:type\" content=\"image\/jpeg\" \/>\n<meta name=\"author\" content=\"alcalde\" \/>\n<meta name=\"twitter:card\" content=\"summary_large_image\" \/>\n<meta name=\"twitter:label1\" content=\"Escrito por\" \/>\n\t<meta name=\"twitter:data1\" content=\"alcalde\" \/>\n\t<meta name=\"twitter:label2\" content=\"Tiempo de lectura\" \/>\n\t<meta name=\"twitter:data2\" content=\"6 minutos\" \/>\n<script type=\"application\/ld+json\" class=\"yoast-schema-graph\">{\"@context\":\"https:\\\/\\\/schema.org\",\"@graph\":[{\"@type\":\"Article\",\"@id\":\"https:\\\/\\\/www.caudete.org\\\/ayuntamiento\\\/la-brigada-de-obras-esencial-e-imprescindible-los-365-dias-del-ano\\\/#article\",\"isPartOf\":{\"@id\":\"https:\\\/\\\/www.caudete.org\\\/ayuntamiento\\\/la-brigada-de-obras-esencial-e-imprescindible-los-365-dias-del-ano\\\/\"},\"author\":{\"name\":\"alcalde\",\"@id\":\"https:\\\/\\\/www.caudete.org\\\/ayuntamiento\\\/#\\\/schema\\\/person\\\/cc646da9133078ee4d8dd47457947253\"},\"headline\":\"La Brigada de Obras y Limpieza, esencial e imprescindible los 365 d\u00edas del a\u00f1o\",\"datePublished\":\"2025-02-27T00:00:54+00:00\",\"dateModified\":\"2025-02-27T00:29:02+00:00\",\"mainEntityOfPage\":{\"@id\":\"https:\\\/\\\/www.caudete.org\\\/ayuntamiento\\\/la-brigada-de-obras-esencial-e-imprescindible-los-365-dias-del-ano\\\/\"},\"wordCount\":1204,\"image\":{\"@id\":\"https:\\\/\\\/www.caudete.org\\\/ayuntamiento\\\/la-brigada-de-obras-esencial-e-imprescindible-los-365-dias-del-ano\\\/#primaryimage\"},\"thumbnailUrl\":\"https:\\\/\\\/www.caudete.org\\\/ayuntamiento\\\/wp-content\\\/uploads\\\/2021\\\/03\\\/WhatsApp-Image-2021-03-02-at-21.15.13.jpeg\",\"articleSection\":[\"Obras\"],\"inLanguage\":\"es\"},{\"@type\":\"WebPage\",\"@id\":\"https:\\\/\\\/www.caudete.org\\\/ayuntamiento\\\/la-brigada-de-obras-esencial-e-imprescindible-los-365-dias-del-ano\\\/\",\"url\":\"https:\\\/\\\/www.caudete.org\\\/ayuntamiento\\\/la-brigada-de-obras-esencial-e-imprescindible-los-365-dias-del-ano\\\/\",\"name\":\"La Brigada de Obras y Limpieza, esencial e imprescindible los 365 d\u00edas del a\u00f1o - MI Ayuntamiento de Caudete\",\"isPartOf\":{\"@id\":\"https:\\\/\\\/www.caudete.org\\\/ayuntamiento\\\/#website\"},\"primaryImageOfPage\":{\"@id\":\"https:\\\/\\\/www.caudete.org\\\/ayuntamiento\\\/la-brigada-de-obras-esencial-e-imprescindible-los-365-dias-del-ano\\\/#primaryimage\"},\"image\":{\"@id\":\"https:\\\/\\\/www.caudete.org\\\/ayuntamiento\\\/la-brigada-de-obras-esencial-e-imprescindible-los-365-dias-del-ano\\\/#primaryimage\"},\"thumbnailUrl\":\"https:\\\/\\\/www.caudete.org\\\/ayuntamiento\\\/wp-content\\\/uploads\\\/2021\\\/03\\\/WhatsApp-Image-2021-03-02-at-21.15.13.jpeg\",\"datePublished\":\"2025-02-27T00:00:54+00:00\",\"dateModified\":\"2025-02-27T00:29:02+00:00\",\"author\":{\"@id\":\"https:\\\/\\\/www.caudete.org\\\/ayuntamiento\\\/#\\\/schema\\\/person\\\/cc646da9133078ee4d8dd47457947253\"},\"description\":\"P\u00e1gina Oficial del Ayuntamiento de Caudete (Albacete)\",\"breadcrumb\":{\"@id\":\"https:\\\/\\\/www.caudete.org\\\/ayuntamiento\\\/la-brigada-de-obras-esencial-e-imprescindible-los-365-dias-del-ano\\\/#breadcrumb\"},\"inLanguage\":\"es\",\"potentialAction\":[{\"@type\":\"ReadAction\",\"target\":[\"https:\\\/\\\/www.caudete.org\\\/ayuntamiento\\\/la-brigada-de-obras-esencial-e-imprescindible-los-365-dias-del-ano\\\/\"]}]},{\"@type\":\"ImageObject\",\"inLanguage\":\"es\",\"@id\":\"https:\\\/\\\/www.caudete.org\\\/ayuntamiento\\\/la-brigada-de-obras-esencial-e-imprescindible-los-365-dias-del-ano\\\/#primaryimage\",\"url\":\"https:\\\/\\\/www.caudete.org\\\/ayuntamiento\\\/wp-content\\\/uploads\\\/2021\\\/03\\\/WhatsApp-Image-2021-03-02-at-21.15.13.jpeg\",\"contentUrl\":\"https:\\\/\\\/www.caudete.org\\\/ayuntamiento\\\/wp-content\\\/uploads\\\/2021\\\/03\\\/WhatsApp-Image-2021-03-02-at-21.15.13.jpeg\",\"width\":2048,\"height\":1536},{\"@type\":\"BreadcrumbList\",\"@id\":\"https:\\\/\\\/www.caudete.org\\\/ayuntamiento\\\/la-brigada-de-obras-esencial-e-imprescindible-los-365-dias-del-ano\\\/#breadcrumb\",\"itemListElement\":[{\"@type\":\"ListItem\",\"position\":1,\"name\":\"Inicio\",\"item\":\"https:\\\/\\\/www.caudete.org\\\/ayuntamiento\\\/\"},{\"@type\":\"ListItem\",\"position\":2,\"name\":\"La Brigada de Obras y Limpieza, esencial e imprescindible los 365 d\u00edas del a\u00f1o\"}]},{\"@type\":\"WebSite\",\"@id\":\"https:\\\/\\\/www.caudete.org\\\/ayuntamiento\\\/#website\",\"url\":\"https:\\\/\\\/www.caudete.org\\\/ayuntamiento\\\/\",\"name\":\"MI Ayuntamiento de Caudete\",\"description\":\"P\u00e1gina Oficial del MI Ayuntamiento de Caudete\",\"potentialAction\":[{\"@type\":\"SearchAction\",\"target\":{\"@type\":\"EntryPoint\",\"urlTemplate\":\"https:\\\/\\\/www.caudete.org\\\/ayuntamiento\\\/?s={search_term_string}\"},\"query-input\":{\"@type\":\"PropertyValueSpecification\",\"valueRequired\":true,\"valueName\":\"search_term_string\"}}],\"inLanguage\":\"es\"},{\"@type\":\"Person\",\"@id\":\"https:\\\/\\\/www.caudete.org\\\/ayuntamiento\\\/#\\\/schema\\\/person\\\/cc646da9133078ee4d8dd47457947253\",\"name\":\"alcalde\",\"image\":{\"@type\":\"ImageObject\",\"inLanguage\":\"es\",\"@id\":\"https:\\\/\\\/secure.gravatar.com\\\/avatar\\\/84a817ba065b29ff08d666b215a215f5c79186a645ccb25b14a663d48a130f77?s=96&d=mm&r=g\",\"url\":\"https:\\\/\\\/secure.gravatar.com\\\/avatar\\\/84a817ba065b29ff08d666b215a215f5c79186a645ccb25b14a663d48a130f77?s=96&d=mm&r=g\",\"contentUrl\":\"https:\\\/\\\/secure.gravatar.com\\\/avatar\\\/84a817ba065b29ff08d666b215a215f5c79186a645ccb25b14a663d48a130f77?s=96&d=mm&r=g\",\"caption\":\"alcalde\"},\"url\":\"https:\\\/\\\/www.caudete.org\\\/ayuntamiento\\\/author\\\/alcalde\\\/\"}]}<\/script>\n<!-- \/ Yoast SEO plugin. -->","yoast_head_json":{"title":"La Brigada de Obras y Limpieza, esencial e imprescindible los 365 d\u00edas del a\u00f1o - MI Ayuntamiento de Caudete","description":"P\u00e1gina Oficial del Ayuntamiento de Caudete (Albacete)","robots":{"index":"index","follow":"follow","max-snippet":"max-snippet:-1","max-image-preview":"max-image-preview:large","max-video-preview":"max-video-preview:-1"},"canonical":"https:\/\/www.caudete.org\/ayuntamiento\/la-brigada-de-obras-esencial-e-imprescindible-los-365-dias-del-ano\/","og_locale":"es_ES","og_type":"article","og_title":"La Brigada de Obras y Limpieza, esencial e imprescindible los 365 d\u00edas del a\u00f1o - MI Ayuntamiento de Caudete","og_description":"P\u00e1gina Oficial del Ayuntamiento de Caudete (Albacete)","og_url":"https:\/\/www.caudete.org\/ayuntamiento\/la-brigada-de-obras-esencial-e-imprescindible-los-365-dias-del-ano\/","og_site_name":"MI Ayuntamiento de Caudete","article_publisher":"https:\/\/www.facebook.com\/ayuntamientocaudete\/","article_published_time":"2025-02-27T00:00:54+00:00","article_modified_time":"2025-02-27T00:29:02+00:00","og_image":[{"width":2048,"height":1536,"url":"https:\/\/www.caudete.org\/ayuntamiento\/wp-content\/uploads\/2021\/03\/WhatsApp-Image-2021-03-02-at-21.15.13.jpeg","type":"image\/jpeg"}],"author":"alcalde","twitter_card":"summary_large_image","twitter_misc":{"Escrito por":"alcalde","Tiempo de lectura":"6 minutos"},"schema":{"@context":"https:\/\/schema.org","@graph":[{"@type":"Article","@id":"https:\/\/www.caudete.org\/ayuntamiento\/la-brigada-de-obras-esencial-e-imprescindible-los-365-dias-del-ano\/#article","isPartOf":{"@id":"https:\/\/www.caudete.org\/ayuntamiento\/la-brigada-de-obras-esencial-e-imprescindible-los-365-dias-del-ano\/"},"author":{"name":"alcalde","@id":"https:\/\/www.caudete.org\/ayuntamiento\/#\/schema\/person\/cc646da9133078ee4d8dd47457947253"},"headline":"La Brigada de Obras y Limpieza, esencial e imprescindible los 365 d\u00edas del a\u00f1o","datePublished":"2025-02-27T00:00:54+00:00","dateModified":"2025-02-27T00:29:02+00:00","mainEntityOfPage":{"@id":"https:\/\/www.caudete.org\/ayuntamiento\/la-brigada-de-obras-esencial-e-imprescindible-los-365-dias-del-ano\/"},"wordCount":1204,"image":{"@id":"https:\/\/www.caudete.org\/ayuntamiento\/la-brigada-de-obras-esencial-e-imprescindible-los-365-dias-del-ano\/#primaryimage"},"thumbnailUrl":"https:\/\/www.caudete.org\/ayuntamiento\/wp-content\/uploads\/2021\/03\/WhatsApp-Image-2021-03-02-at-21.15.13.jpeg","articleSection":["Obras"],"inLanguage":"es"},{"@type":"WebPage","@id":"https:\/\/www.caudete.org\/ayuntamiento\/la-brigada-de-obras-esencial-e-imprescindible-los-365-dias-del-ano\/","url":"https:\/\/www.caudete.org\/ayuntamiento\/la-brigada-de-obras-esencial-e-imprescindible-los-365-dias-del-ano\/","name":"La Brigada de Obras y Limpieza, esencial e imprescindible los 365 d\u00edas del a\u00f1o - MI Ayuntamiento de Caudete","isPartOf":{"@id":"https:\/\/www.caudete.org\/ayuntamiento\/#website"},"primaryImageOfPage":{"@id":"https:\/\/www.caudete.org\/ayuntamiento\/la-brigada-de-obras-esencial-e-imprescindible-los-365-dias-del-ano\/#primaryimage"},"image":{"@id":"https:\/\/www.caudete.org\/ayuntamiento\/la-brigada-de-obras-esencial-e-imprescindible-los-365-dias-del-ano\/#primaryimage"},"thumbnailUrl":"https:\/\/www.caudete.org\/ayuntamiento\/wp-content\/uploads\/2021\/03\/WhatsApp-Image-2021-03-02-at-21.15.13.jpeg","datePublished":"2025-02-27T00:00:54+00:00","dateModified":"2025-02-27T00:29:02+00:00","author":{"@id":"https:\/\/www.caudete.org\/ayuntamiento\/#\/schema\/person\/cc646da9133078ee4d8dd47457947253"},"description":"P\u00e1gina Oficial del Ayuntamiento de Caudete (Albacete)","breadcrumb":{"@id":"https:\/\/www.caudete.org\/ayuntamiento\/la-brigada-de-obras-esencial-e-imprescindible-los-365-dias-del-ano\/#breadcrumb"},"inLanguage":"es","potentialAction":[{"@type":"ReadAction","target":["https:\/\/www.caudete.org\/ayuntamiento\/la-brigada-de-obras-esencial-e-imprescindible-los-365-dias-del-ano\/"]}]},{"@type":"ImageObject","inLanguage":"es","@id":"https:\/\/www.caudete.org\/ayuntamiento\/la-brigada-de-obras-esencial-e-imprescindible-los-365-dias-del-ano\/#primaryimage","url":"https:\/\/www.caudete.org\/ayuntamiento\/wp-content\/uploads\/2021\/03\/WhatsApp-Image-2021-03-02-at-21.15.13.jpeg","contentUrl":"https:\/\/www.caudete.org\/ayuntamiento\/wp-content\/uploads\/2021\/03\/WhatsApp-Image-2021-03-02-at-21.15.13.jpeg","width":2048,"height":1536},{"@type":"BreadcrumbList","@id":"https:\/\/www.caudete.org\/ayuntamiento\/la-brigada-de-obras-esencial-e-imprescindible-los-365-dias-del-ano\/#breadcrumb","itemListElement":[{"@type":"ListItem","position":1,"name":"Inicio","item":"https:\/\/www.caudete.org\/ayuntamiento\/"},{"@type":"ListItem","position":2,"name":"La Brigada de Obras y Limpieza, esencial e imprescindible los 365 d\u00edas del a\u00f1o"}]},{"@type":"WebSite","@id":"https:\/\/www.caudete.org\/ayuntamiento\/#website","url":"https:\/\/www.caudete.org\/ayuntamiento\/","name":"MI Ayuntamiento de Caudete","description":"P\u00e1gina Oficial del MI Ayuntamiento de Caudete","potentialAction":[{"@type":"SearchAction","target":{"@type":"EntryPoint","urlTemplate":"https:\/\/www.caudete.org\/ayuntamiento\/?s={search_term_string}"},"query-input":{"@type":"PropertyValueSpecification","valueRequired":true,"valueName":"search_term_string"}}],"inLanguage":"es"},{"@type":"Person","@id":"https:\/\/www.caudete.org\/ayuntamiento\/#\/schema\/person\/cc646da9133078ee4d8dd47457947253","name":"alcalde","image":{"@type":"ImageObject","inLanguage":"es","@id":"https:\/\/secure.gravatar.com\/avatar\/84a817ba065b29ff08d666b215a215f5c79186a645ccb25b14a663d48a130f77?s=96&d=mm&r=g","url":"https:\/\/secure.gravatar.com\/avatar\/84a817ba065b29ff08d666b215a215f5c79186a645ccb25b14a663d48a130f77?s=96&d=mm&r=g","contentUrl":"https:\/\/secure.gravatar.com\/avatar\/84a817ba065b29ff08d666b215a215f5c79186a645ccb25b14a663d48a130f77?s=96&d=mm&r=g","caption":"alcalde"},"url":"https:\/\/www.caudete.org\/ayuntamiento\/author\/alcalde\/"}]}},"_links":{"self":[{"href":"https:\/\/www.caudete.org\/ayuntamiento\/wp-json\/wp\/v2\/posts\/27645","targetHints":{"allow":["GET"]}}],"collection":[{"href":"https:\/\/www.caudete.org\/ayuntamiento\/wp-json\/wp\/v2\/posts"}],"about":[{"href":"https:\/\/www.caudete.org\/ayuntamiento\/wp-json\/wp\/v2\/types\/post"}],"author":[{"embeddable":true,"href":"https:\/\/www.caudete.org\/ayuntamiento\/wp-json\/wp\/v2\/users\/3"}],"replies":[{"embeddable":true,"href":"https:\/\/www.caudete.org\/ayuntamiento\/wp-json\/wp\/v2\/comments?post=27645"}],"version-history":[{"count":4,"href":"https:\/\/www.caudete.org\/ayuntamiento\/wp-json\/wp\/v2\/posts\/27645\/revisions"}],"predecessor-version":[{"id":27649,"href":"https:\/\/www.caudete.org\/ayuntamiento\/wp-json\/wp\/v2\/posts\/27645\/revisions\/27649"}],"wp:featuredmedia":[{"embeddable":true,"href":"https:\/\/www.caudete.org\/ayuntamiento\/wp-json\/wp\/v2\/media\/12687"}],"wp:attachment":[{"href":"https:\/\/www.caudete.org\/ayuntamiento\/wp-json\/wp\/v2\/media?parent=27645"}],"wp:term":[{"taxonomy":"category","embeddable":true,"href":"https:\/\/www.caudete.org\/ayuntamiento\/wp-json\/wp\/v2\/categories?post=27645"},{"taxonomy":"post_tag","embeddable":true,"href":"https:\/\/www.caudete.org\/ayuntamiento\/wp-json\/wp\/v2\/tags?post=27645"}],"curies":[{"name":"wp","href":"https:\/\/api.w.org\/{rel}","templated":true}]}}