{"id":27650,"date":"2025-02-27T09:00:11","date_gmt":"2025-02-27T08:00:11","guid":{"rendered":"https:\/\/www.caudete.org\/ayuntamiento\/?p=27650"},"modified":"2025-03-14T08:51:11","modified_gmt":"2025-03-14T07:51:11","slug":"sale-a-licitacion-el-bar-de-la-ciudad-deportiva-por-4-anos-con-un-canon-de-19675e-mes","status":"publish","type":"post","link":"https:\/\/www.caudete.org\/ayuntamiento\/sale-a-licitacion-el-bar-de-la-ciudad-deportiva-por-4-anos-con-un-canon-de-19675e-mes\/","title":{"rendered":"Sale a licitaci\u00f3n el Bar de la Ciudad Deportiva por 4 a\u00f1os con un canon de 196\u201975\u20ac\/mes"},"content":{"rendered":"<p style=\"text-align: justify;\" align=\"center\">El Alcalde Mois\u00e9s L\u00f3pez, junto a las Concejales de Deportes Pilar Egea, y M\u00aa Dolores Requena de Promoci\u00f3n y Desarrollo Econ\u00f3mico, han informado de que ya est\u00e1 disponible la licitaci\u00f3n del Bar de la Ciudad Deportiva &#8220;Antonio Amor\u00f3s&#8221;, lo que permite que aquellos interesados puedan presentar la solicitud y documentaci\u00f3n necesaria hasta el pr\u00f3ximo 13 de Marzo de 2025.<\/p>\n<p style=\"text-align: justify;\" align=\"justify\">El contrato a celebrar con quien resulte adjudicatario ser\u00e1 por 4 a\u00f1os de duraci\u00f3n, permitiendo pr\u00f3rrogas anuales pactadas por las partes por anualidades hasta poder alcanzar 4 a\u00f1os m\u00e1s de prestaci\u00f3n de servicio.<\/p>\n<p align=\"justify\">Se estable un canon m\u00ednimo mensual de 196\u201975\u20ac, lo que supone al a\u00f1o un total de 2.360&#8217;94 \u20ac que sirve de base a la licitaci\u00f3n, y que podr\u00e1 ser incrementado por los licitadores en su caso para alcanzar mayor puntuaci\u00f3n en la baremaci\u00f3n de la oferta realizada. Adem\u00e1s, el adjudicatario deber\u00e1 hacerse cargo de los suministros de agua y luz.<\/p>\n<p style=\"text-align: justify;\" align=\"justify\">Los criterios de baremaci\u00f3n que regir\u00e1n las ofertas presentadas son los siguientes:<\/p>\n<ul>\n<li>60 puntos a la mejor oferta econ\u00f3mica presentada.<\/li>\n<li>40 puntos para la consecuci\u00f3n de las mejoras planteadas en el Pliego.<\/li>\n<\/ul>\n<p style=\"text-align: center;\"><strong><em><a href=\"https:\/\/caudete.sedipualba.es\/tablondeanuncios\/anuncio.aspx?id=60904\" target=\"_blank\" rel=\"nofollow\">ACCESO AL TABL\u00d3N DE ANUNCIOS<\/a><\/em><\/strong><\/p>\n","protected":false},"excerpt":{"rendered":"<p>El Alcalde Mois\u00e9s L\u00f3pez, junto a las Concejales de Deportes Pilar Egea, y M\u00aa Dolores Requena de Promoci\u00f3n y Desarrollo Econ\u00f3mico, han informado de que ya est\u00e1 disponible la licitaci\u00f3n del Bar de la Ciudad Deportiva &#8220;Antonio Amor\u00f3s&#8221;, lo que permite que aquellos interesados puedan presentar la solicitud y documentaci\u00f3n necesaria hasta el pr\u00f3ximo 13 &hellip;<\/p>\n","protected":false},"author":3,"featured_media":14817,"comment_status":"closed","ping_status":"open","sticky":false,"template":"","format":"standard","meta":{"ngg_post_thumbnail":0,"footnotes":""},"categories":[851],"tags":[],"class_list":["post-27650","post","type-post","status-publish","format-standard","has-post-thumbnail","hentry","category-promocion-y-desarrollo-economico"],"yoast_head":"<!-- This site is optimized with the Yoast SEO plugin v27.4 - https:\/\/yoast.com\/product\/yoast-seo-wordpress\/ -->\n<title>Sale a licitaci\u00f3n el Bar de la Ciudad Deportiva por 4 a\u00f1os con un canon de 196\u201975\u20ac\/mes - MI Ayuntamiento de Caudete<\/title>\n<meta name=\"description\" content=\"P\u00e1gina Oficial del Ayuntamiento de Caudete (Albacete)\" \/>\n<meta name=\"robots\" content=\"index, follow, max-snippet:-1, max-image-preview:large, max-video-preview:-1\" \/>\n<link rel=\"canonical\" href=\"https:\/\/www.caudete.org\/ayuntamiento\/sale-a-licitacion-el-bar-de-la-ciudad-deportiva-por-4-anos-con-un-canon-de-19675e-mes\/\" \/>\n<meta property=\"og:locale\" content=\"es_ES\" \/>\n<meta property=\"og:type\" content=\"article\" \/>\n<meta property=\"og:title\" content=\"Sale a licitaci\u00f3n el Bar de la Ciudad Deportiva por 4 a\u00f1os con un canon de 196\u201975\u20ac\/mes - MI Ayuntamiento de Caudete\" \/>\n<meta property=\"og:description\" content=\"P\u00e1gina Oficial del Ayuntamiento de Caudete (Albacete)\" \/>\n<meta property=\"og:url\" content=\"https:\/\/www.caudete.org\/ayuntamiento\/sale-a-licitacion-el-bar-de-la-ciudad-deportiva-por-4-anos-con-un-canon-de-19675e-mes\/\" \/>\n<meta property=\"og:site_name\" content=\"MI Ayuntamiento de Caudete\" \/>\n<meta property=\"article:publisher\" content=\"https:\/\/www.facebook.com\/ayuntamientocaudete\/\" \/>\n<meta property=\"article:published_time\" content=\"2025-02-27T08:00:11+00:00\" \/>\n<meta property=\"article:modified_time\" content=\"2025-03-14T07:51:11+00:00\" \/>\n<meta property=\"og:image\" content=\"https:\/\/www.caudete.org\/ayuntamiento\/wp-content\/uploads\/2021\/06\/unnamed-4_.jpg\" \/>\n\t<meta property=\"og:image:width\" content=\"512\" \/>\n\t<meta property=\"og:image:height\" content=\"341\" \/>\n\t<meta property=\"og:image:type\" content=\"image\/jpeg\" \/>\n<meta name=\"author\" content=\"alcalde\" \/>\n<meta name=\"twitter:card\" content=\"summary_large_image\" \/>\n<meta name=\"twitter:label1\" content=\"Escrito por\" \/>\n\t<meta name=\"twitter:data1\" content=\"alcalde\" \/>\n\t<meta name=\"twitter:label2\" content=\"Tiempo de lectura\" \/>\n\t<meta name=\"twitter:data2\" content=\"2 minutos\" \/>\n<script type=\"application\/ld+json\" class=\"yoast-schema-graph\">{\"@context\":\"https:\\\/\\\/schema.org\",\"@graph\":[{\"@type\":\"Article\",\"@id\":\"https:\\\/\\\/www.caudete.org\\\/ayuntamiento\\\/sale-a-licitacion-el-bar-de-la-ciudad-deportiva-por-4-anos-con-un-canon-de-19675e-mes\\\/#article\",\"isPartOf\":{\"@id\":\"https:\\\/\\\/www.caudete.org\\\/ayuntamiento\\\/sale-a-licitacion-el-bar-de-la-ciudad-deportiva-por-4-anos-con-un-canon-de-19675e-mes\\\/\"},\"author\":{\"name\":\"alcalde\",\"@id\":\"https:\\\/\\\/www.caudete.org\\\/ayuntamiento\\\/#\\\/schema\\\/person\\\/cc646da9133078ee4d8dd47457947253\"},\"headline\":\"Sale a licitaci\u00f3n el Bar de la Ciudad Deportiva por 4 a\u00f1os con un canon de 196\u201975\u20ac\\\/mes\",\"datePublished\":\"2025-02-27T08:00:11+00:00\",\"dateModified\":\"2025-03-14T07:51:11+00:00\",\"mainEntityOfPage\":{\"@id\":\"https:\\\/\\\/www.caudete.org\\\/ayuntamiento\\\/sale-a-licitacion-el-bar-de-la-ciudad-deportiva-por-4-anos-con-un-canon-de-19675e-mes\\\/\"},\"wordCount\":223,\"publisher\":{\"@id\":\"https:\\\/\\\/www.caudete.org\\\/ayuntamiento\\\/#organization\"},\"image\":{\"@id\":\"https:\\\/\\\/www.caudete.org\\\/ayuntamiento\\\/sale-a-licitacion-el-bar-de-la-ciudad-deportiva-por-4-anos-con-un-canon-de-19675e-mes\\\/#primaryimage\"},\"thumbnailUrl\":\"https:\\\/\\\/www.caudete.org\\\/ayuntamiento\\\/wp-content\\\/uploads\\\/2021\\\/06\\\/unnamed-4_.jpg\",\"articleSection\":[\"Promoci\u00f3n y Desarrollo Econ\u00f3mico\"],\"inLanguage\":\"es\"},{\"@type\":\"WebPage\",\"@id\":\"https:\\\/\\\/www.caudete.org\\\/ayuntamiento\\\/sale-a-licitacion-el-bar-de-la-ciudad-deportiva-por-4-anos-con-un-canon-de-19675e-mes\\\/\",\"url\":\"https:\\\/\\\/www.caudete.org\\\/ayuntamiento\\\/sale-a-licitacion-el-bar-de-la-ciudad-deportiva-por-4-anos-con-un-canon-de-19675e-mes\\\/\",\"name\":\"Sale a licitaci\u00f3n el Bar de la Ciudad Deportiva por 4 a\u00f1os con un canon de 196\u201975\u20ac\\\/mes - MI Ayuntamiento de Caudete\",\"isPartOf\":{\"@id\":\"https:\\\/\\\/www.caudete.org\\\/ayuntamiento\\\/#website\"},\"primaryImageOfPage\":{\"@id\":\"https:\\\/\\\/www.caudete.org\\\/ayuntamiento\\\/sale-a-licitacion-el-bar-de-la-ciudad-deportiva-por-4-anos-con-un-canon-de-19675e-mes\\\/#primaryimage\"},\"image\":{\"@id\":\"https:\\\/\\\/www.caudete.org\\\/ayuntamiento\\\/sale-a-licitacion-el-bar-de-la-ciudad-deportiva-por-4-anos-con-un-canon-de-19675e-mes\\\/#primaryimage\"},\"thumbnailUrl\":\"https:\\\/\\\/www.caudete.org\\\/ayuntamiento\\\/wp-content\\\/uploads\\\/2021\\\/06\\\/unnamed-4_.jpg\",\"datePublished\":\"2025-02-27T08:00:11+00:00\",\"dateModified\":\"2025-03-14T07:51:11+00:00\",\"description\":\"P\u00e1gina Oficial del Ayuntamiento de Caudete (Albacete)\",\"breadcrumb\":{\"@id\":\"https:\\\/\\\/www.caudete.org\\\/ayuntamiento\\\/sale-a-licitacion-el-bar-de-la-ciudad-deportiva-por-4-anos-con-un-canon-de-19675e-mes\\\/#breadcrumb\"},\"inLanguage\":\"es\",\"potentialAction\":[{\"@type\":\"ReadAction\",\"target\":[\"https:\\\/\\\/www.caudete.org\\\/ayuntamiento\\\/sale-a-licitacion-el-bar-de-la-ciudad-deportiva-por-4-anos-con-un-canon-de-19675e-mes\\\/\"]}]},{\"@type\":\"ImageObject\",\"inLanguage\":\"es\",\"@id\":\"https:\\\/\\\/www.caudete.org\\\/ayuntamiento\\\/sale-a-licitacion-el-bar-de-la-ciudad-deportiva-por-4-anos-con-un-canon-de-19675e-mes\\\/#primaryimage\",\"url\":\"https:\\\/\\\/www.caudete.org\\\/ayuntamiento\\\/wp-content\\\/uploads\\\/2021\\\/06\\\/unnamed-4_.jpg\",\"contentUrl\":\"https:\\\/\\\/www.caudete.org\\\/ayuntamiento\\\/wp-content\\\/uploads\\\/2021\\\/06\\\/unnamed-4_.jpg\",\"width\":512,\"height\":341},{\"@type\":\"BreadcrumbList\",\"@id\":\"https:\\\/\\\/www.caudete.org\\\/ayuntamiento\\\/sale-a-licitacion-el-bar-de-la-ciudad-deportiva-por-4-anos-con-un-canon-de-19675e-mes\\\/#breadcrumb\",\"itemListElement\":[{\"@type\":\"ListItem\",\"position\":1,\"name\":\"Inicio\",\"item\":\"https:\\\/\\\/www.caudete.org\\\/ayuntamiento\\\/\"},{\"@type\":\"ListItem\",\"position\":2,\"name\":\"Sale a licitaci\u00f3n el Bar de la Ciudad Deportiva por 4 a\u00f1os con un canon de 196\u201975\u20ac\\\/mes\"}]},{\"@type\":\"WebSite\",\"@id\":\"https:\\\/\\\/www.caudete.org\\\/ayuntamiento\\\/#website\",\"url\":\"https:\\\/\\\/www.caudete.org\\\/ayuntamiento\\\/\",\"name\":\"MI Ayuntamiento de Caudete\",\"description\":\"P\u00e1gina Oficial del MI Ayuntamiento de Caudete\",\"publisher\":{\"@id\":\"https:\\\/\\\/www.caudete.org\\\/ayuntamiento\\\/#organization\"},\"potentialAction\":[{\"@type\":\"SearchAction\",\"target\":{\"@type\":\"EntryPoint\",\"urlTemplate\":\"https:\\\/\\\/www.caudete.org\\\/ayuntamiento\\\/?s={search_term_string}\"},\"query-input\":{\"@type\":\"PropertyValueSpecification\",\"valueRequired\":true,\"valueName\":\"search_term_string\"}}],\"inLanguage\":\"es\"},{\"@type\":\"Organization\",\"@id\":\"https:\\\/\\\/www.caudete.org\\\/ayuntamiento\\\/#organization\",\"name\":\"Ayuntamiento de Caudete\",\"url\":\"https:\\\/\\\/www.caudete.org\\\/ayuntamiento\\\/\",\"logo\":{\"@type\":\"ImageObject\",\"inLanguage\":\"es\",\"@id\":\"https:\\\/\\\/www.caudete.org\\\/ayuntamiento\\\/#\\\/schema\\\/logo\\\/image\\\/\",\"url\":\"https:\\\/\\\/www.caudete.org\\\/ayuntamiento\\\/wp-content\\\/uploads\\\/2020\\\/11\\\/logo_ayuntamiento_caudete.jpg\",\"contentUrl\":\"https:\\\/\\\/www.caudete.org\\\/ayuntamiento\\\/wp-content\\\/uploads\\\/2020\\\/11\\\/logo_ayuntamiento_caudete.jpg\",\"width\":600,\"height\":150,\"caption\":\"Ayuntamiento de Caudete\"},\"image\":{\"@id\":\"https:\\\/\\\/www.caudete.org\\\/ayuntamiento\\\/#\\\/schema\\\/logo\\\/image\\\/\"},\"sameAs\":[\"https:\\\/\\\/www.facebook.com\\\/ayuntamientocaudete\\\/\",\"https:\\\/\\\/www.youtube.com\\\/channel\\\/UC6VztHaooNsGpw-tNoBEFnQ\"]},{\"@type\":\"Person\",\"@id\":\"https:\\\/\\\/www.caudete.org\\\/ayuntamiento\\\/#\\\/schema\\\/person\\\/cc646da9133078ee4d8dd47457947253\",\"name\":\"alcalde\",\"image\":{\"@type\":\"ImageObject\",\"inLanguage\":\"es\",\"@id\":\"https:\\\/\\\/secure.gravatar.com\\\/avatar\\\/84a817ba065b29ff08d666b215a215f5c79186a645ccb25b14a663d48a130f77?s=96&d=mm&r=g\",\"url\":\"https:\\\/\\\/secure.gravatar.com\\\/avatar\\\/84a817ba065b29ff08d666b215a215f5c79186a645ccb25b14a663d48a130f77?s=96&d=mm&r=g\",\"contentUrl\":\"https:\\\/\\\/secure.gravatar.com\\\/avatar\\\/84a817ba065b29ff08d666b215a215f5c79186a645ccb25b14a663d48a130f77?s=96&d=mm&r=g\",\"caption\":\"alcalde\"},\"url\":\"https:\\\/\\\/www.caudete.org\\\/ayuntamiento\\\/author\\\/alcalde\\\/\"}]}<\/script>\n<!-- \/ Yoast SEO plugin. -->","yoast_head_json":{"title":"Sale a licitaci\u00f3n el Bar de la Ciudad Deportiva por 4 a\u00f1os con un canon de 196\u201975\u20ac\/mes - MI Ayuntamiento de Caudete","description":"P\u00e1gina Oficial del Ayuntamiento de Caudete (Albacete)","robots":{"index":"index","follow":"follow","max-snippet":"max-snippet:-1","max-image-preview":"max-image-preview:large","max-video-preview":"max-video-preview:-1"},"canonical":"https:\/\/www.caudete.org\/ayuntamiento\/sale-a-licitacion-el-bar-de-la-ciudad-deportiva-por-4-anos-con-un-canon-de-19675e-mes\/","og_locale":"es_ES","og_type":"article","og_title":"Sale a licitaci\u00f3n el Bar de la Ciudad Deportiva por 4 a\u00f1os con un canon de 196\u201975\u20ac\/mes - MI Ayuntamiento de Caudete","og_description":"P\u00e1gina Oficial del Ayuntamiento de Caudete (Albacete)","og_url":"https:\/\/www.caudete.org\/ayuntamiento\/sale-a-licitacion-el-bar-de-la-ciudad-deportiva-por-4-anos-con-un-canon-de-19675e-mes\/","og_site_name":"MI Ayuntamiento de Caudete","article_publisher":"https:\/\/www.facebook.com\/ayuntamientocaudete\/","article_published_time":"2025-02-27T08:00:11+00:00","article_modified_time":"2025-03-14T07:51:11+00:00","og_image":[{"width":512,"height":341,"url":"https:\/\/www.caudete.org\/ayuntamiento\/wp-content\/uploads\/2021\/06\/unnamed-4_.jpg","type":"image\/jpeg"}],"author":"alcalde","twitter_card":"summary_large_image","twitter_misc":{"Escrito por":"alcalde","Tiempo de lectura":"2 minutos"},"schema":{"@context":"https:\/\/schema.org","@graph":[{"@type":"Article","@id":"https:\/\/www.caudete.org\/ayuntamiento\/sale-a-licitacion-el-bar-de-la-ciudad-deportiva-por-4-anos-con-un-canon-de-19675e-mes\/#article","isPartOf":{"@id":"https:\/\/www.caudete.org\/ayuntamiento\/sale-a-licitacion-el-bar-de-la-ciudad-deportiva-por-4-anos-con-un-canon-de-19675e-mes\/"},"author":{"name":"alcalde","@id":"https:\/\/www.caudete.org\/ayuntamiento\/#\/schema\/person\/cc646da9133078ee4d8dd47457947253"},"headline":"Sale a licitaci\u00f3n el Bar de la Ciudad Deportiva por 4 a\u00f1os con un canon de 196\u201975\u20ac\/mes","datePublished":"2025-02-27T08:00:11+00:00","dateModified":"2025-03-14T07:51:11+00:00","mainEntityOfPage":{"@id":"https:\/\/www.caudete.org\/ayuntamiento\/sale-a-licitacion-el-bar-de-la-ciudad-deportiva-por-4-anos-con-un-canon-de-19675e-mes\/"},"wordCount":223,"publisher":{"@id":"https:\/\/www.caudete.org\/ayuntamiento\/#organization"},"image":{"@id":"https:\/\/www.caudete.org\/ayuntamiento\/sale-a-licitacion-el-bar-de-la-ciudad-deportiva-por-4-anos-con-un-canon-de-19675e-mes\/#primaryimage"},"thumbnailUrl":"https:\/\/www.caudete.org\/ayuntamiento\/wp-content\/uploads\/2021\/06\/unnamed-4_.jpg","articleSection":["Promoci\u00f3n y Desarrollo Econ\u00f3mico"],"inLanguage":"es"},{"@type":"WebPage","@id":"https:\/\/www.caudete.org\/ayuntamiento\/sale-a-licitacion-el-bar-de-la-ciudad-deportiva-por-4-anos-con-un-canon-de-19675e-mes\/","url":"https:\/\/www.caudete.org\/ayuntamiento\/sale-a-licitacion-el-bar-de-la-ciudad-deportiva-por-4-anos-con-un-canon-de-19675e-mes\/","name":"Sale a licitaci\u00f3n el Bar de la Ciudad Deportiva por 4 a\u00f1os con un canon de 196\u201975\u20ac\/mes - MI Ayuntamiento de Caudete","isPartOf":{"@id":"https:\/\/www.caudete.org\/ayuntamiento\/#website"},"primaryImageOfPage":{"@id":"https:\/\/www.caudete.org\/ayuntamiento\/sale-a-licitacion-el-bar-de-la-ciudad-deportiva-por-4-anos-con-un-canon-de-19675e-mes\/#primaryimage"},"image":{"@id":"https:\/\/www.caudete.org\/ayuntamiento\/sale-a-licitacion-el-bar-de-la-ciudad-deportiva-por-4-anos-con-un-canon-de-19675e-mes\/#primaryimage"},"thumbnailUrl":"https:\/\/www.caudete.org\/ayuntamiento\/wp-content\/uploads\/2021\/06\/unnamed-4_.jpg","datePublished":"2025-02-27T08:00:11+00:00","dateModified":"2025-03-14T07:51:11+00:00","description":"P\u00e1gina Oficial del Ayuntamiento de Caudete (Albacete)","breadcrumb":{"@id":"https:\/\/www.caudete.org\/ayuntamiento\/sale-a-licitacion-el-bar-de-la-ciudad-deportiva-por-4-anos-con-un-canon-de-19675e-mes\/#breadcrumb"},"inLanguage":"es","potentialAction":[{"@type":"ReadAction","target":["https:\/\/www.caudete.org\/ayuntamiento\/sale-a-licitacion-el-bar-de-la-ciudad-deportiva-por-4-anos-con-un-canon-de-19675e-mes\/"]}]},{"@type":"ImageObject","inLanguage":"es","@id":"https:\/\/www.caudete.org\/ayuntamiento\/sale-a-licitacion-el-bar-de-la-ciudad-deportiva-por-4-anos-con-un-canon-de-19675e-mes\/#primaryimage","url":"https:\/\/www.caudete.org\/ayuntamiento\/wp-content\/uploads\/2021\/06\/unnamed-4_.jpg","contentUrl":"https:\/\/www.caudete.org\/ayuntamiento\/wp-content\/uploads\/2021\/06\/unnamed-4_.jpg","width":512,"height":341},{"@type":"BreadcrumbList","@id":"https:\/\/www.caudete.org\/ayuntamiento\/sale-a-licitacion-el-bar-de-la-ciudad-deportiva-por-4-anos-con-un-canon-de-19675e-mes\/#breadcrumb","itemListElement":[{"@type":"ListItem","position":1,"name":"Inicio","item":"https:\/\/www.caudete.org\/ayuntamiento\/"},{"@type":"ListItem","position":2,"name":"Sale a licitaci\u00f3n el Bar de la Ciudad Deportiva por 4 a\u00f1os con un canon de 196\u201975\u20ac\/mes"}]},{"@type":"WebSite","@id":"https:\/\/www.caudete.org\/ayuntamiento\/#website","url":"https:\/\/www.caudete.org\/ayuntamiento\/","name":"MI Ayuntamiento de Caudete","description":"P\u00e1gina Oficial del MI Ayuntamiento de Caudete","publisher":{"@id":"https:\/\/www.caudete.org\/ayuntamiento\/#organization"},"potentialAction":[{"@type":"SearchAction","target":{"@type":"EntryPoint","urlTemplate":"https:\/\/www.caudete.org\/ayuntamiento\/?s={search_term_string}"},"query-input":{"@type":"PropertyValueSpecification","valueRequired":true,"valueName":"search_term_string"}}],"inLanguage":"es"},{"@type":"Organization","@id":"https:\/\/www.caudete.org\/ayuntamiento\/#organization","name":"Ayuntamiento de Caudete","url":"https:\/\/www.caudete.org\/ayuntamiento\/","logo":{"@type":"ImageObject","inLanguage":"es","@id":"https:\/\/www.caudete.org\/ayuntamiento\/#\/schema\/logo\/image\/","url":"https:\/\/www.caudete.org\/ayuntamiento\/wp-content\/uploads\/2020\/11\/logo_ayuntamiento_caudete.jpg","contentUrl":"https:\/\/www.caudete.org\/ayuntamiento\/wp-content\/uploads\/2020\/11\/logo_ayuntamiento_caudete.jpg","width":600,"height":150,"caption":"Ayuntamiento de Caudete"},"image":{"@id":"https:\/\/www.caudete.org\/ayuntamiento\/#\/schema\/logo\/image\/"},"sameAs":["https:\/\/www.facebook.com\/ayuntamientocaudete\/","https:\/\/www.youtube.com\/channel\/UC6VztHaooNsGpw-tNoBEFnQ"]},{"@type":"Person","@id":"https:\/\/www.caudete.org\/ayuntamiento\/#\/schema\/person\/cc646da9133078ee4d8dd47457947253","name":"alcalde","image":{"@type":"ImageObject","inLanguage":"es","@id":"https:\/\/secure.gravatar.com\/avatar\/84a817ba065b29ff08d666b215a215f5c79186a645ccb25b14a663d48a130f77?s=96&d=mm&r=g","url":"https:\/\/secure.gravatar.com\/avatar\/84a817ba065b29ff08d666b215a215f5c79186a645ccb25b14a663d48a130f77?s=96&d=mm&r=g","contentUrl":"https:\/\/secure.gravatar.com\/avatar\/84a817ba065b29ff08d666b215a215f5c79186a645ccb25b14a663d48a130f77?s=96&d=mm&r=g","caption":"alcalde"},"url":"https:\/\/www.caudete.org\/ayuntamiento\/author\/alcalde\/"}]}},"_links":{"self":[{"href":"https:\/\/www.caudete.org\/ayuntamiento\/wp-json\/wp\/v2\/posts\/27650","targetHints":{"allow":["GET"]}}],"collection":[{"href":"https:\/\/www.caudete.org\/ayuntamiento\/wp-json\/wp\/v2\/posts"}],"about":[{"href":"https:\/\/www.caudete.org\/ayuntamiento\/wp-json\/wp\/v2\/types\/post"}],"author":[{"embeddable":true,"href":"https:\/\/www.caudete.org\/ayuntamiento\/wp-json\/wp\/v2\/users\/3"}],"replies":[{"embeddable":true,"href":"https:\/\/www.caudete.org\/ayuntamiento\/wp-json\/wp\/v2\/comments?post=27650"}],"version-history":[{"count":4,"href":"https:\/\/www.caudete.org\/ayuntamiento\/wp-json\/wp\/v2\/posts\/27650\/revisions"}],"predecessor-version":[{"id":27654,"href":"https:\/\/www.caudete.org\/ayuntamiento\/wp-json\/wp\/v2\/posts\/27650\/revisions\/27654"}],"wp:featuredmedia":[{"embeddable":true,"href":"https:\/\/www.caudete.org\/ayuntamiento\/wp-json\/wp\/v2\/media\/14817"}],"wp:attachment":[{"href":"https:\/\/www.caudete.org\/ayuntamiento\/wp-json\/wp\/v2\/media?parent=27650"}],"wp:term":[{"taxonomy":"category","embeddable":true,"href":"https:\/\/www.caudete.org\/ayuntamiento\/wp-json\/wp\/v2\/categories?post=27650"},{"taxonomy":"post_tag","embeddable":true,"href":"https:\/\/www.caudete.org\/ayuntamiento\/wp-json\/wp\/v2\/tags?post=27650"}],"curies":[{"name":"wp","href":"https:\/\/api.w.org\/{rel}","templated":true}]}}