{"id":27658,"date":"2025-02-28T08:00:19","date_gmt":"2025-02-28T07:00:19","guid":{"rendered":"https:\/\/www.caudete.org\/ayuntamiento\/?p=27658"},"modified":"2025-02-28T09:20:47","modified_gmt":"2025-02-28T08:20:47","slug":"la-concejalia-de-igualdad-da-comienzo-a-las-actividades-conmemoraticas-del-dia-internacional-de-la-mujer-2025","status":"publish","type":"post","link":"https:\/\/www.caudete.org\/ayuntamiento\/la-concejalia-de-igualdad-da-comienzo-a-las-actividades-conmemoraticas-del-dia-internacional-de-la-mujer-2025\/","title":{"rendered":"Da comienzo a las actividades conmemorativas del d\u00eda internacional de la mujer 2025"},"content":{"rendered":"<p>Dentro de los actos organizados por la Concejal\u00eda de Igualdad del M.I. Ayuntamiento de Caudete para conmemorar el 8 de marzo, D\u00eda Internacional de la Mujer, ayer 26 de febrero tuvo lugar la presentaci\u00f3n del <strong>PROYECTO \u2013 8 MARZO 2025 &#8220;Nuestra Familia Gana&#8221;.<\/strong><\/p>\n<p><strong>Una iniciativa para transformar el hogar en un espacio de igualdad<br \/>\n<\/strong><br \/>\nLa familia constituye uno de los pilares fundamentales de nuestra sociedad, un espacio donde se construyen valores, se fortalecen v\u00ednculos y se sientan las bases para una convivencia arm\u00f3nica. En este contexto, el Ayuntamiento de Caudete, a trav\u00e9s de la Concejal\u00eda de Familia, Bienestar e Igualdad Social, impulsa el proyecto &#8220;Nuestra Familia Gana&#8221;, una iniciativa innovadora que busca fomentar la reflexi\u00f3n y el di\u00e1logo sobre la corresponsabilidad en el hogar.<\/p>\n<p>Este proyecto invita a cada familia a convertirse en <strong>agente de cambio<\/strong>, promoviendo un modelo de convivencia basado en la equidad, el respeto mutuo y el reparto equilibrado de responsabilidades. La iniciativa se enmarca dentro del<strong> I Plan Estrat\u00e9gico de Igualdad de Oportunidades de Caudete 2024-2027<\/strong>, consolidando el compromiso municipal con la igualdad real y efectiva.<\/p>\n<p><strong>Material educativo para familias y centros educativos<\/strong><\/p>\n<p>El material desarrollado dentro del proyecto &#8220;Nuestra Familia Gana&#8221; est\u00e1 dirigido tanto a familias como a la comunidad educativa, con recursos adaptados por edades y dise\u00f1ados para:<br \/>\n\u2705 Fomentar la corresponsabilidad en el hogar.<br \/>\n\u2705 Impulsar la educaci\u00f3n en igualdad de roles desde edades tempranas.<br \/>\n\u2705 Ofrecer herramientas pr\u00e1cticas para la elecci\u00f3n de juegos y juguetes inclusivos.<br \/>\n\u2705 Sensibilizar sobre el uso responsable de la tecnolog\u00eda y la importancia del tiempo de calidad en familia.<\/p>\n<p><strong>Una herramienta al alcance de todos<\/strong><\/p>\n<p>Para facilitar su acceso y difusi\u00f3n, el material estar\u00e1 disponible en la web municipal del Ayuntamiento de Caudete, invitando a toda la ciudadan\u00eda a participar activamente en este cambio social.<\/p>\n<p>La concejal Mar\u00eda Mart\u00ednez Garc\u00eda ha subrayado que<strong> &#8220;Nuestra Familia Gana&#8221; no solo busca un reparto m\u00e1s equitativo de tareas, sino que tambi\u00e9n promueve valores esenciales que fortalecen a las familias y la sociedad en su conjunto&#8221;.<\/strong><\/p>\n<p>Desde la Concejal\u00eda de Igualdad, Bienestar y Familia se invita a todas las familias, AMPAS y centros educativos a sumarse a esta iniciativa y a celebrar el <strong>D\u00eda Internacional de la Mujer 2025<\/strong> apostando por un modelo de convivencia m\u00e1s justo, igualitario y enriquecedor para todos.<\/p>\n<p><a href=\"https:\/\/www.caudete.org\/ayuntamiento\/wp-content\/uploads\/2025\/02\/ACTIVIDADES-8M-2025.pdf\" class=\"mtli_attachment mtli_pdf\">Folleto Actividades D\u00eda Internacional de la Mujer &#8211; 8M 2025<\/a><br \/>\n<a href=\"https:\/\/www.caudete.org\/ayuntamiento\/wp-content\/uploads\/2025\/02\/Igualdad.jpg\" rel='prettyPhoto'><img fetchpriority=\"high\" decoding=\"async\" class=\"alignnone size-full wp-image-27659\" src=\"https:\/\/www.caudete.org\/ayuntamiento\/wp-content\/uploads\/2025\/02\/Igualdad.jpg\" alt=\"\" width=\"1000\" height=\"750\" srcset=\"https:\/\/www.caudete.org\/ayuntamiento\/wp-content\/uploads\/2025\/02\/Igualdad.jpg 1000w, https:\/\/www.caudete.org\/ayuntamiento\/wp-content\/uploads\/2025\/02\/Igualdad-300x225.jpg 300w, https:\/\/www.caudete.org\/ayuntamiento\/wp-content\/uploads\/2025\/02\/Igualdad-768x576.jpg 768w\" sizes=\"(max-width: 1000px) 100vw, 1000px\" \/><\/a><br \/>\n<a href=\"https:\/\/www.caudete.org\/ayuntamiento\/wp-content\/uploads\/2025\/02\/82f2cc52-2d58-41ad-aec1-f56da1c49d64.png\" rel='prettyPhoto'><img decoding=\"async\" class=\"alignnone size-full wp-image-27661\" src=\"https:\/\/www.caudete.org\/ayuntamiento\/wp-content\/uploads\/2025\/02\/82f2cc52-2d58-41ad-aec1-f56da1c49d64.png\" alt=\"\" width=\"960\" height=\"960\" srcset=\"https:\/\/www.caudete.org\/ayuntamiento\/wp-content\/uploads\/2025\/02\/82f2cc52-2d58-41ad-aec1-f56da1c49d64.png 960w, https:\/\/www.caudete.org\/ayuntamiento\/wp-content\/uploads\/2025\/02\/82f2cc52-2d58-41ad-aec1-f56da1c49d64-300x300.png 300w, https:\/\/www.caudete.org\/ayuntamiento\/wp-content\/uploads\/2025\/02\/82f2cc52-2d58-41ad-aec1-f56da1c49d64-150x150.png 150w, https:\/\/www.caudete.org\/ayuntamiento\/wp-content\/uploads\/2025\/02\/82f2cc52-2d58-41ad-aec1-f56da1c49d64-768x768.png 768w, https:\/\/www.caudete.org\/ayuntamiento\/wp-content\/uploads\/2025\/02\/82f2cc52-2d58-41ad-aec1-f56da1c49d64-60x60.png 60w\" sizes=\"(max-width: 960px) 100vw, 960px\" \/><\/a><\/p>\n","protected":false},"excerpt":{"rendered":"<p>Dentro de los actos organizados por la Concejal\u00eda de Igualdad del M.I. Ayuntamiento de Caudete para conmemorar el 8 de marzo, D\u00eda Internacional de la Mujer, ayer 26 de febrero tuvo lugar la presentaci\u00f3n del PROYECTO \u2013 8 MARZO 2025 &#8220;Nuestra Familia Gana&#8221;. Una iniciativa para transformar el hogar en un espacio de igualdad La &hellip;<\/p>\n","protected":false},"author":5,"featured_media":27668,"comment_status":"closed","ping_status":"open","sticky":false,"template":"","format":"standard","meta":{"ngg_post_thumbnail":0,"footnotes":""},"categories":[522],"tags":[],"class_list":["post-27658","post","type-post","status-publish","format-standard","has-post-thumbnail","hentry","category-igualdad"],"yoast_head":"<!-- This site is optimized with the Yoast SEO plugin v27.5 - https:\/\/yoast.com\/product\/yoast-seo-wordpress\/ -->\n<title>Da comienzo a las actividades conmemorativas del d\u00eda internacional de la mujer 2025 - MI Ayuntamiento de Caudete<\/title>\n<meta name=\"description\" content=\"P\u00e1gina Oficial del Ayuntamiento de Caudete (Albacete)\" \/>\n<meta name=\"robots\" content=\"index, follow, max-snippet:-1, max-image-preview:large, max-video-preview:-1\" \/>\n<link rel=\"canonical\" href=\"https:\/\/www.caudete.org\/ayuntamiento\/la-concejalia-de-igualdad-da-comienzo-a-las-actividades-conmemoraticas-del-dia-internacional-de-la-mujer-2025\/\" \/>\n<meta property=\"og:locale\" content=\"es_ES\" \/>\n<meta property=\"og:type\" content=\"article\" \/>\n<meta property=\"og:title\" content=\"Da comienzo a las actividades conmemorativas del d\u00eda internacional de la mujer 2025 - MI Ayuntamiento de Caudete\" \/>\n<meta property=\"og:description\" content=\"P\u00e1gina Oficial del Ayuntamiento de Caudete (Albacete)\" \/>\n<meta property=\"og:url\" content=\"https:\/\/www.caudete.org\/ayuntamiento\/la-concejalia-de-igualdad-da-comienzo-a-las-actividades-conmemoraticas-del-dia-internacional-de-la-mujer-2025\/\" \/>\n<meta property=\"og:site_name\" content=\"MI Ayuntamiento de Caudete\" \/>\n<meta property=\"article:publisher\" content=\"https:\/\/www.facebook.com\/ayuntamientocaudete\/\" \/>\n<meta property=\"article:published_time\" content=\"2025-02-28T07:00:19+00:00\" \/>\n<meta property=\"article:modified_time\" content=\"2025-02-28T08:20:47+00:00\" \/>\n<meta property=\"og:image\" content=\"https:\/\/www.caudete.org\/ayuntamiento\/wp-content\/uploads\/2025\/02\/corresponsables-port.jpg\" \/>\n\t<meta property=\"og:image:width\" content=\"720\" \/>\n\t<meta property=\"og:image:height\" content=\"409\" \/>\n\t<meta property=\"og:image:type\" content=\"image\/jpeg\" \/>\n<meta name=\"author\" content=\"Dpto Informatica MI Ayuntamiento de Caudete\" \/>\n<meta name=\"twitter:card\" content=\"summary_large_image\" \/>\n<meta name=\"twitter:label1\" content=\"Escrito por\" \/>\n\t<meta name=\"twitter:data1\" content=\"Dpto Informatica MI Ayuntamiento de Caudete\" \/>\n\t<meta name=\"twitter:label2\" content=\"Tiempo de lectura\" \/>\n\t<meta name=\"twitter:data2\" content=\"3 minutos\" \/>\n<script type=\"application\/ld+json\" class=\"yoast-schema-graph\">{\"@context\":\"https:\\\/\\\/schema.org\",\"@graph\":[{\"@type\":\"Article\",\"@id\":\"https:\\\/\\\/www.caudete.org\\\/ayuntamiento\\\/la-concejalia-de-igualdad-da-comienzo-a-las-actividades-conmemoraticas-del-dia-internacional-de-la-mujer-2025\\\/#article\",\"isPartOf\":{\"@id\":\"https:\\\/\\\/www.caudete.org\\\/ayuntamiento\\\/la-concejalia-de-igualdad-da-comienzo-a-las-actividades-conmemoraticas-del-dia-internacional-de-la-mujer-2025\\\/\"},\"author\":{\"name\":\"Dpto Informatica MI Ayuntamiento de Caudete\",\"@id\":\"https:\\\/\\\/www.caudete.org\\\/ayuntamiento\\\/#\\\/schema\\\/person\\\/4b9eab41761957db9b1bf9c418d1ef46\"},\"headline\":\"Da comienzo a las actividades conmemorativas del d\u00eda internacional de la mujer 2025\",\"datePublished\":\"2025-02-28T07:00:19+00:00\",\"dateModified\":\"2025-02-28T08:20:47+00:00\",\"mainEntityOfPage\":{\"@id\":\"https:\\\/\\\/www.caudete.org\\\/ayuntamiento\\\/la-concejalia-de-igualdad-da-comienzo-a-las-actividades-conmemoraticas-del-dia-internacional-de-la-mujer-2025\\\/\"},\"wordCount\":420,\"publisher\":{\"@id\":\"https:\\\/\\\/www.caudete.org\\\/ayuntamiento\\\/#organization\"},\"image\":{\"@id\":\"https:\\\/\\\/www.caudete.org\\\/ayuntamiento\\\/la-concejalia-de-igualdad-da-comienzo-a-las-actividades-conmemoraticas-del-dia-internacional-de-la-mujer-2025\\\/#primaryimage\"},\"thumbnailUrl\":\"https:\\\/\\\/www.caudete.org\\\/ayuntamiento\\\/wp-content\\\/uploads\\\/2025\\\/02\\\/corresponsables-port.jpg\",\"articleSection\":[\"Igualdad\"],\"inLanguage\":\"es\"},{\"@type\":\"WebPage\",\"@id\":\"https:\\\/\\\/www.caudete.org\\\/ayuntamiento\\\/la-concejalia-de-igualdad-da-comienzo-a-las-actividades-conmemoraticas-del-dia-internacional-de-la-mujer-2025\\\/\",\"url\":\"https:\\\/\\\/www.caudete.org\\\/ayuntamiento\\\/la-concejalia-de-igualdad-da-comienzo-a-las-actividades-conmemoraticas-del-dia-internacional-de-la-mujer-2025\\\/\",\"name\":\"Da comienzo a las actividades conmemorativas del d\u00eda internacional de la mujer 2025 - MI Ayuntamiento de Caudete\",\"isPartOf\":{\"@id\":\"https:\\\/\\\/www.caudete.org\\\/ayuntamiento\\\/#website\"},\"primaryImageOfPage\":{\"@id\":\"https:\\\/\\\/www.caudete.org\\\/ayuntamiento\\\/la-concejalia-de-igualdad-da-comienzo-a-las-actividades-conmemoraticas-del-dia-internacional-de-la-mujer-2025\\\/#primaryimage\"},\"image\":{\"@id\":\"https:\\\/\\\/www.caudete.org\\\/ayuntamiento\\\/la-concejalia-de-igualdad-da-comienzo-a-las-actividades-conmemoraticas-del-dia-internacional-de-la-mujer-2025\\\/#primaryimage\"},\"thumbnailUrl\":\"https:\\\/\\\/www.caudete.org\\\/ayuntamiento\\\/wp-content\\\/uploads\\\/2025\\\/02\\\/corresponsables-port.jpg\",\"datePublished\":\"2025-02-28T07:00:19+00:00\",\"dateModified\":\"2025-02-28T08:20:47+00:00\",\"description\":\"P\u00e1gina Oficial del Ayuntamiento de Caudete (Albacete)\",\"breadcrumb\":{\"@id\":\"https:\\\/\\\/www.caudete.org\\\/ayuntamiento\\\/la-concejalia-de-igualdad-da-comienzo-a-las-actividades-conmemoraticas-del-dia-internacional-de-la-mujer-2025\\\/#breadcrumb\"},\"inLanguage\":\"es\",\"potentialAction\":[{\"@type\":\"ReadAction\",\"target\":[\"https:\\\/\\\/www.caudete.org\\\/ayuntamiento\\\/la-concejalia-de-igualdad-da-comienzo-a-las-actividades-conmemoraticas-del-dia-internacional-de-la-mujer-2025\\\/\"]}]},{\"@type\":\"ImageObject\",\"inLanguage\":\"es\",\"@id\":\"https:\\\/\\\/www.caudete.org\\\/ayuntamiento\\\/la-concejalia-de-igualdad-da-comienzo-a-las-actividades-conmemoraticas-del-dia-internacional-de-la-mujer-2025\\\/#primaryimage\",\"url\":\"https:\\\/\\\/www.caudete.org\\\/ayuntamiento\\\/wp-content\\\/uploads\\\/2025\\\/02\\\/corresponsables-port.jpg\",\"contentUrl\":\"https:\\\/\\\/www.caudete.org\\\/ayuntamiento\\\/wp-content\\\/uploads\\\/2025\\\/02\\\/corresponsables-port.jpg\",\"width\":720,\"height\":409},{\"@type\":\"BreadcrumbList\",\"@id\":\"https:\\\/\\\/www.caudete.org\\\/ayuntamiento\\\/la-concejalia-de-igualdad-da-comienzo-a-las-actividades-conmemoraticas-del-dia-internacional-de-la-mujer-2025\\\/#breadcrumb\",\"itemListElement\":[{\"@type\":\"ListItem\",\"position\":1,\"name\":\"Inicio\",\"item\":\"https:\\\/\\\/www.caudete.org\\\/ayuntamiento\\\/\"},{\"@type\":\"ListItem\",\"position\":2,\"name\":\"Da comienzo a las actividades conmemorativas del d\u00eda internacional de la mujer 2025\"}]},{\"@type\":\"WebSite\",\"@id\":\"https:\\\/\\\/www.caudete.org\\\/ayuntamiento\\\/#website\",\"url\":\"https:\\\/\\\/www.caudete.org\\\/ayuntamiento\\\/\",\"name\":\"MI Ayuntamiento de Caudete\",\"description\":\"P\u00e1gina Oficial del MI Ayuntamiento de Caudete\",\"publisher\":{\"@id\":\"https:\\\/\\\/www.caudete.org\\\/ayuntamiento\\\/#organization\"},\"potentialAction\":[{\"@type\":\"SearchAction\",\"target\":{\"@type\":\"EntryPoint\",\"urlTemplate\":\"https:\\\/\\\/www.caudete.org\\\/ayuntamiento\\\/?s={search_term_string}\"},\"query-input\":{\"@type\":\"PropertyValueSpecification\",\"valueRequired\":true,\"valueName\":\"search_term_string\"}}],\"inLanguage\":\"es\"},{\"@type\":\"Organization\",\"@id\":\"https:\\\/\\\/www.caudete.org\\\/ayuntamiento\\\/#organization\",\"name\":\"Ayuntamiento de Caudete\",\"url\":\"https:\\\/\\\/www.caudete.org\\\/ayuntamiento\\\/\",\"logo\":{\"@type\":\"ImageObject\",\"inLanguage\":\"es\",\"@id\":\"https:\\\/\\\/www.caudete.org\\\/ayuntamiento\\\/#\\\/schema\\\/logo\\\/image\\\/\",\"url\":\"https:\\\/\\\/www.caudete.org\\\/ayuntamiento\\\/wp-content\\\/uploads\\\/2020\\\/11\\\/logo_ayuntamiento_caudete.jpg\",\"contentUrl\":\"https:\\\/\\\/www.caudete.org\\\/ayuntamiento\\\/wp-content\\\/uploads\\\/2020\\\/11\\\/logo_ayuntamiento_caudete.jpg\",\"width\":600,\"height\":150,\"caption\":\"Ayuntamiento de Caudete\"},\"image\":{\"@id\":\"https:\\\/\\\/www.caudete.org\\\/ayuntamiento\\\/#\\\/schema\\\/logo\\\/image\\\/\"},\"sameAs\":[\"https:\\\/\\\/www.facebook.com\\\/ayuntamientocaudete\\\/\",\"https:\\\/\\\/www.youtube.com\\\/channel\\\/UC6VztHaooNsGpw-tNoBEFnQ\"]},{\"@type\":\"Person\",\"@id\":\"https:\\\/\\\/www.caudete.org\\\/ayuntamiento\\\/#\\\/schema\\\/person\\\/4b9eab41761957db9b1bf9c418d1ef46\",\"name\":\"Dpto Informatica MI Ayuntamiento de Caudete\",\"image\":{\"@type\":\"ImageObject\",\"inLanguage\":\"es\",\"@id\":\"https:\\\/\\\/secure.gravatar.com\\\/avatar\\\/ac0321ee4a0a83e82a253e7b2d348ef539e2c8fe16d06b600bde04de1b364fa7?s=96&d=mm&r=g\",\"url\":\"https:\\\/\\\/secure.gravatar.com\\\/avatar\\\/ac0321ee4a0a83e82a253e7b2d348ef539e2c8fe16d06b600bde04de1b364fa7?s=96&d=mm&r=g\",\"contentUrl\":\"https:\\\/\\\/secure.gravatar.com\\\/avatar\\\/ac0321ee4a0a83e82a253e7b2d348ef539e2c8fe16d06b600bde04de1b364fa7?s=96&d=mm&r=g\",\"caption\":\"Dpto Informatica MI Ayuntamiento de Caudete\"},\"url\":\"https:\\\/\\\/www.caudete.org\\\/ayuntamiento\\\/author\\\/informatica\\\/\"}]}<\/script>\n<!-- \/ Yoast SEO plugin. -->","yoast_head_json":{"title":"Da comienzo a las actividades conmemorativas del d\u00eda internacional de la mujer 2025 - MI Ayuntamiento de Caudete","description":"P\u00e1gina Oficial del Ayuntamiento de Caudete (Albacete)","robots":{"index":"index","follow":"follow","max-snippet":"max-snippet:-1","max-image-preview":"max-image-preview:large","max-video-preview":"max-video-preview:-1"},"canonical":"https:\/\/www.caudete.org\/ayuntamiento\/la-concejalia-de-igualdad-da-comienzo-a-las-actividades-conmemoraticas-del-dia-internacional-de-la-mujer-2025\/","og_locale":"es_ES","og_type":"article","og_title":"Da comienzo a las actividades conmemorativas del d\u00eda internacional de la mujer 2025 - MI Ayuntamiento de Caudete","og_description":"P\u00e1gina Oficial del Ayuntamiento de Caudete (Albacete)","og_url":"https:\/\/www.caudete.org\/ayuntamiento\/la-concejalia-de-igualdad-da-comienzo-a-las-actividades-conmemoraticas-del-dia-internacional-de-la-mujer-2025\/","og_site_name":"MI Ayuntamiento de Caudete","article_publisher":"https:\/\/www.facebook.com\/ayuntamientocaudete\/","article_published_time":"2025-02-28T07:00:19+00:00","article_modified_time":"2025-02-28T08:20:47+00:00","og_image":[{"width":720,"height":409,"url":"https:\/\/www.caudete.org\/ayuntamiento\/wp-content\/uploads\/2025\/02\/corresponsables-port.jpg","type":"image\/jpeg"}],"author":"Dpto Informatica MI Ayuntamiento de Caudete","twitter_card":"summary_large_image","twitter_misc":{"Escrito por":"Dpto Informatica MI Ayuntamiento de Caudete","Tiempo de lectura":"3 minutos"},"schema":{"@context":"https:\/\/schema.org","@graph":[{"@type":"Article","@id":"https:\/\/www.caudete.org\/ayuntamiento\/la-concejalia-de-igualdad-da-comienzo-a-las-actividades-conmemoraticas-del-dia-internacional-de-la-mujer-2025\/#article","isPartOf":{"@id":"https:\/\/www.caudete.org\/ayuntamiento\/la-concejalia-de-igualdad-da-comienzo-a-las-actividades-conmemoraticas-del-dia-internacional-de-la-mujer-2025\/"},"author":{"name":"Dpto Informatica MI Ayuntamiento de Caudete","@id":"https:\/\/www.caudete.org\/ayuntamiento\/#\/schema\/person\/4b9eab41761957db9b1bf9c418d1ef46"},"headline":"Da comienzo a las actividades conmemorativas del d\u00eda internacional de la mujer 2025","datePublished":"2025-02-28T07:00:19+00:00","dateModified":"2025-02-28T08:20:47+00:00","mainEntityOfPage":{"@id":"https:\/\/www.caudete.org\/ayuntamiento\/la-concejalia-de-igualdad-da-comienzo-a-las-actividades-conmemoraticas-del-dia-internacional-de-la-mujer-2025\/"},"wordCount":420,"publisher":{"@id":"https:\/\/www.caudete.org\/ayuntamiento\/#organization"},"image":{"@id":"https:\/\/www.caudete.org\/ayuntamiento\/la-concejalia-de-igualdad-da-comienzo-a-las-actividades-conmemoraticas-del-dia-internacional-de-la-mujer-2025\/#primaryimage"},"thumbnailUrl":"https:\/\/www.caudete.org\/ayuntamiento\/wp-content\/uploads\/2025\/02\/corresponsables-port.jpg","articleSection":["Igualdad"],"inLanguage":"es"},{"@type":"WebPage","@id":"https:\/\/www.caudete.org\/ayuntamiento\/la-concejalia-de-igualdad-da-comienzo-a-las-actividades-conmemoraticas-del-dia-internacional-de-la-mujer-2025\/","url":"https:\/\/www.caudete.org\/ayuntamiento\/la-concejalia-de-igualdad-da-comienzo-a-las-actividades-conmemoraticas-del-dia-internacional-de-la-mujer-2025\/","name":"Da comienzo a las actividades conmemorativas del d\u00eda internacional de la mujer 2025 - MI Ayuntamiento de Caudete","isPartOf":{"@id":"https:\/\/www.caudete.org\/ayuntamiento\/#website"},"primaryImageOfPage":{"@id":"https:\/\/www.caudete.org\/ayuntamiento\/la-concejalia-de-igualdad-da-comienzo-a-las-actividades-conmemoraticas-del-dia-internacional-de-la-mujer-2025\/#primaryimage"},"image":{"@id":"https:\/\/www.caudete.org\/ayuntamiento\/la-concejalia-de-igualdad-da-comienzo-a-las-actividades-conmemoraticas-del-dia-internacional-de-la-mujer-2025\/#primaryimage"},"thumbnailUrl":"https:\/\/www.caudete.org\/ayuntamiento\/wp-content\/uploads\/2025\/02\/corresponsables-port.jpg","datePublished":"2025-02-28T07:00:19+00:00","dateModified":"2025-02-28T08:20:47+00:00","description":"P\u00e1gina Oficial del Ayuntamiento de Caudete (Albacete)","breadcrumb":{"@id":"https:\/\/www.caudete.org\/ayuntamiento\/la-concejalia-de-igualdad-da-comienzo-a-las-actividades-conmemoraticas-del-dia-internacional-de-la-mujer-2025\/#breadcrumb"},"inLanguage":"es","potentialAction":[{"@type":"ReadAction","target":["https:\/\/www.caudete.org\/ayuntamiento\/la-concejalia-de-igualdad-da-comienzo-a-las-actividades-conmemoraticas-del-dia-internacional-de-la-mujer-2025\/"]}]},{"@type":"ImageObject","inLanguage":"es","@id":"https:\/\/www.caudete.org\/ayuntamiento\/la-concejalia-de-igualdad-da-comienzo-a-las-actividades-conmemoraticas-del-dia-internacional-de-la-mujer-2025\/#primaryimage","url":"https:\/\/www.caudete.org\/ayuntamiento\/wp-content\/uploads\/2025\/02\/corresponsables-port.jpg","contentUrl":"https:\/\/www.caudete.org\/ayuntamiento\/wp-content\/uploads\/2025\/02\/corresponsables-port.jpg","width":720,"height":409},{"@type":"BreadcrumbList","@id":"https:\/\/www.caudete.org\/ayuntamiento\/la-concejalia-de-igualdad-da-comienzo-a-las-actividades-conmemoraticas-del-dia-internacional-de-la-mujer-2025\/#breadcrumb","itemListElement":[{"@type":"ListItem","position":1,"name":"Inicio","item":"https:\/\/www.caudete.org\/ayuntamiento\/"},{"@type":"ListItem","position":2,"name":"Da comienzo a las actividades conmemorativas del d\u00eda internacional de la mujer 2025"}]},{"@type":"WebSite","@id":"https:\/\/www.caudete.org\/ayuntamiento\/#website","url":"https:\/\/www.caudete.org\/ayuntamiento\/","name":"MI Ayuntamiento de Caudete","description":"P\u00e1gina Oficial del MI Ayuntamiento de Caudete","publisher":{"@id":"https:\/\/www.caudete.org\/ayuntamiento\/#organization"},"potentialAction":[{"@type":"SearchAction","target":{"@type":"EntryPoint","urlTemplate":"https:\/\/www.caudete.org\/ayuntamiento\/?s={search_term_string}"},"query-input":{"@type":"PropertyValueSpecification","valueRequired":true,"valueName":"search_term_string"}}],"inLanguage":"es"},{"@type":"Organization","@id":"https:\/\/www.caudete.org\/ayuntamiento\/#organization","name":"Ayuntamiento de Caudete","url":"https:\/\/www.caudete.org\/ayuntamiento\/","logo":{"@type":"ImageObject","inLanguage":"es","@id":"https:\/\/www.caudete.org\/ayuntamiento\/#\/schema\/logo\/image\/","url":"https:\/\/www.caudete.org\/ayuntamiento\/wp-content\/uploads\/2020\/11\/logo_ayuntamiento_caudete.jpg","contentUrl":"https:\/\/www.caudete.org\/ayuntamiento\/wp-content\/uploads\/2020\/11\/logo_ayuntamiento_caudete.jpg","width":600,"height":150,"caption":"Ayuntamiento de Caudete"},"image":{"@id":"https:\/\/www.caudete.org\/ayuntamiento\/#\/schema\/logo\/image\/"},"sameAs":["https:\/\/www.facebook.com\/ayuntamientocaudete\/","https:\/\/www.youtube.com\/channel\/UC6VztHaooNsGpw-tNoBEFnQ"]},{"@type":"Person","@id":"https:\/\/www.caudete.org\/ayuntamiento\/#\/schema\/person\/4b9eab41761957db9b1bf9c418d1ef46","name":"Dpto Informatica MI Ayuntamiento de Caudete","image":{"@type":"ImageObject","inLanguage":"es","@id":"https:\/\/secure.gravatar.com\/avatar\/ac0321ee4a0a83e82a253e7b2d348ef539e2c8fe16d06b600bde04de1b364fa7?s=96&d=mm&r=g","url":"https:\/\/secure.gravatar.com\/avatar\/ac0321ee4a0a83e82a253e7b2d348ef539e2c8fe16d06b600bde04de1b364fa7?s=96&d=mm&r=g","contentUrl":"https:\/\/secure.gravatar.com\/avatar\/ac0321ee4a0a83e82a253e7b2d348ef539e2c8fe16d06b600bde04de1b364fa7?s=96&d=mm&r=g","caption":"Dpto Informatica MI Ayuntamiento de Caudete"},"url":"https:\/\/www.caudete.org\/ayuntamiento\/author\/informatica\/"}]}},"_links":{"self":[{"href":"https:\/\/www.caudete.org\/ayuntamiento\/wp-json\/wp\/v2\/posts\/27658","targetHints":{"allow":["GET"]}}],"collection":[{"href":"https:\/\/www.caudete.org\/ayuntamiento\/wp-json\/wp\/v2\/posts"}],"about":[{"href":"https:\/\/www.caudete.org\/ayuntamiento\/wp-json\/wp\/v2\/types\/post"}],"author":[{"embeddable":true,"href":"https:\/\/www.caudete.org\/ayuntamiento\/wp-json\/wp\/v2\/users\/5"}],"replies":[{"embeddable":true,"href":"https:\/\/www.caudete.org\/ayuntamiento\/wp-json\/wp\/v2\/comments?post=27658"}],"version-history":[{"count":5,"href":"https:\/\/www.caudete.org\/ayuntamiento\/wp-json\/wp\/v2\/posts\/27658\/revisions"}],"predecessor-version":[{"id":27675,"href":"https:\/\/www.caudete.org\/ayuntamiento\/wp-json\/wp\/v2\/posts\/27658\/revisions\/27675"}],"wp:featuredmedia":[{"embeddable":true,"href":"https:\/\/www.caudete.org\/ayuntamiento\/wp-json\/wp\/v2\/media\/27668"}],"wp:attachment":[{"href":"https:\/\/www.caudete.org\/ayuntamiento\/wp-json\/wp\/v2\/media?parent=27658"}],"wp:term":[{"taxonomy":"category","embeddable":true,"href":"https:\/\/www.caudete.org\/ayuntamiento\/wp-json\/wp\/v2\/categories?post=27658"},{"taxonomy":"post_tag","embeddable":true,"href":"https:\/\/www.caudete.org\/ayuntamiento\/wp-json\/wp\/v2\/tags?post=27658"}],"curies":[{"name":"wp","href":"https:\/\/api.w.org\/{rel}","templated":true}]}}