{"id":27665,"date":"2025-02-28T08:00:31","date_gmt":"2025-02-28T07:00:31","guid":{"rendered":"https:\/\/www.caudete.org\/ayuntamiento\/?p=27665"},"modified":"2025-02-28T09:18:44","modified_gmt":"2025-02-28T08:18:44","slug":"alcanzado-el-100-en-la-cobertura-de-plantacion-prevista-del-proyecto-de-los-cadalsos","status":"publish","type":"post","link":"https:\/\/www.caudete.org\/ayuntamiento\/alcanzado-el-100-en-la-cobertura-de-plantacion-prevista-del-proyecto-de-los-cadalsos\/","title":{"rendered":"Alcanzado el 100% en la cobertura de plantaci\u00f3n en el proyecto de Los Cadalsos"},"content":{"rendered":"<p>El concejal de Medio Ambiente, Francisco Jos\u00e9 Castell\u00f3, informa que se han replantado un total de 120 plantones en la zona de los Cadalsos, lo que ha permitido alcanzar el 100% de cobertura de la plantaci\u00f3n seg\u00fan lo establecido en el proyecto inicial. Esta iniciativa se lleva a cabo en terrenos de uso urbano, abarcando una superficie de 4,8 hect\u00e1reas situadas en la periferia de la localidad.<\/p>\n<p>La plantaci\u00f3n esta compuesta por pies de Celtis australis y Ulmus sp, organizados en un marco de 8&#215;8 metros, lo que se traduce en un total de 160 pies por hect\u00e1rea, distribuidos de manera equitativa entre ambas especies.<\/p>\n<p>Es importante destacar que, conforme al convenio firmado entre la empresa Fobesa y el Ayuntamiento de Caudete, el mantenimiento de esta plantaci\u00f3n es responsabilidad de la empresa durante un periodo de 30 a\u00f1os, con fecha de inscripci\u00f3n del convenio registrada el 12 de junio de 2018.<\/p>\n<p>Este proyecto no solo representa una significativa acci\u00f3n de regeneraci\u00f3n y mejora del entorno urbano si no que tambi\u00e9n contribuye a la sostenibilidad y embellecimiento de la zona, reforzando el compromiso del Ayuntamiento con la protecci\u00f3n de Medio Ambiente.<\/p>\n<p>&nbsp;<\/p>\n","protected":false},"excerpt":{"rendered":"<p>El concejal de Medio Ambiente, Francisco Jos\u00e9 Castell\u00f3, informa que se han replantado un total de 120 plantones en la zona de los Cadalsos, lo que ha permitido alcanzar el 100% de cobertura de la plantaci\u00f3n seg\u00fan lo establecido en el proyecto inicial. Esta iniciativa se lleva a cabo en terrenos de uso urbano, abarcando &hellip;<\/p>\n","protected":false},"author":5,"featured_media":27666,"comment_status":"closed","ping_status":"open","sticky":false,"template":"","format":"standard","meta":{"ngg_post_thumbnail":0,"footnotes":""},"categories":[29],"tags":[],"class_list":["post-27665","post","type-post","status-publish","format-standard","has-post-thumbnail","hentry","category-medio-ambiente"],"yoast_head":"<!-- This site is optimized with the Yoast SEO plugin v27.5 - https:\/\/yoast.com\/product\/yoast-seo-wordpress\/ -->\n<title>Alcanzado el 100% en la cobertura de plantaci\u00f3n en el proyecto de Los Cadalsos - MI Ayuntamiento de Caudete<\/title>\n<meta name=\"description\" content=\"P\u00e1gina Oficial del Ayuntamiento de Caudete (Albacete)\" \/>\n<meta name=\"robots\" content=\"index, follow, max-snippet:-1, max-image-preview:large, max-video-preview:-1\" \/>\n<link rel=\"canonical\" href=\"https:\/\/www.caudete.org\/ayuntamiento\/alcanzado-el-100-en-la-cobertura-de-plantacion-prevista-del-proyecto-de-los-cadalsos\/\" \/>\n<meta property=\"og:locale\" content=\"es_ES\" \/>\n<meta property=\"og:type\" content=\"article\" \/>\n<meta property=\"og:title\" content=\"Alcanzado el 100% en la cobertura de plantaci\u00f3n en el proyecto de Los Cadalsos - MI Ayuntamiento de Caudete\" \/>\n<meta property=\"og:description\" content=\"P\u00e1gina Oficial del Ayuntamiento de Caudete (Albacete)\" \/>\n<meta property=\"og:url\" content=\"https:\/\/www.caudete.org\/ayuntamiento\/alcanzado-el-100-en-la-cobertura-de-plantacion-prevista-del-proyecto-de-los-cadalsos\/\" \/>\n<meta property=\"og:site_name\" content=\"MI Ayuntamiento de Caudete\" \/>\n<meta property=\"article:publisher\" content=\"https:\/\/www.facebook.com\/ayuntamientocaudete\/\" \/>\n<meta property=\"article:published_time\" content=\"2025-02-28T07:00:31+00:00\" \/>\n<meta property=\"article:modified_time\" content=\"2025-02-28T08:18:44+00:00\" \/>\n<meta property=\"og:image\" content=\"https:\/\/www.caudete.org\/ayuntamiento\/wp-content\/uploads\/2025\/02\/planton.jpg\" \/>\n\t<meta property=\"og:image:width\" content=\"1000\" \/>\n\t<meta property=\"og:image:height\" content=\"563\" \/>\n\t<meta property=\"og:image:type\" content=\"image\/jpeg\" \/>\n<meta name=\"author\" content=\"Dpto Informatica MI Ayuntamiento de Caudete\" \/>\n<meta name=\"twitter:card\" content=\"summary_large_image\" \/>\n<meta name=\"twitter:label1\" content=\"Escrito por\" \/>\n\t<meta name=\"twitter:data1\" content=\"Dpto Informatica MI Ayuntamiento de Caudete\" \/>\n\t<meta name=\"twitter:label2\" content=\"Tiempo de lectura\" \/>\n\t<meta name=\"twitter:data2\" content=\"2 minutos\" \/>\n<script type=\"application\/ld+json\" class=\"yoast-schema-graph\">{\"@context\":\"https:\\\/\\\/schema.org\",\"@graph\":[{\"@type\":\"Article\",\"@id\":\"https:\\\/\\\/www.caudete.org\\\/ayuntamiento\\\/alcanzado-el-100-en-la-cobertura-de-plantacion-prevista-del-proyecto-de-los-cadalsos\\\/#article\",\"isPartOf\":{\"@id\":\"https:\\\/\\\/www.caudete.org\\\/ayuntamiento\\\/alcanzado-el-100-en-la-cobertura-de-plantacion-prevista-del-proyecto-de-los-cadalsos\\\/\"},\"author\":{\"name\":\"Dpto Informatica MI Ayuntamiento de Caudete\",\"@id\":\"https:\\\/\\\/www.caudete.org\\\/ayuntamiento\\\/#\\\/schema\\\/person\\\/4b9eab41761957db9b1bf9c418d1ef46\"},\"headline\":\"Alcanzado el 100% en la cobertura de plantaci\u00f3n en el proyecto de Los Cadalsos\",\"datePublished\":\"2025-02-28T07:00:31+00:00\",\"dateModified\":\"2025-02-28T08:18:44+00:00\",\"mainEntityOfPage\":{\"@id\":\"https:\\\/\\\/www.caudete.org\\\/ayuntamiento\\\/alcanzado-el-100-en-la-cobertura-de-plantacion-prevista-del-proyecto-de-los-cadalsos\\\/\"},\"wordCount\":210,\"image\":{\"@id\":\"https:\\\/\\\/www.caudete.org\\\/ayuntamiento\\\/alcanzado-el-100-en-la-cobertura-de-plantacion-prevista-del-proyecto-de-los-cadalsos\\\/#primaryimage\"},\"thumbnailUrl\":\"https:\\\/\\\/www.caudete.org\\\/ayuntamiento\\\/wp-content\\\/uploads\\\/2025\\\/02\\\/planton.jpg\",\"articleSection\":[\"Medio Ambiente\"],\"inLanguage\":\"es\"},{\"@type\":\"WebPage\",\"@id\":\"https:\\\/\\\/www.caudete.org\\\/ayuntamiento\\\/alcanzado-el-100-en-la-cobertura-de-plantacion-prevista-del-proyecto-de-los-cadalsos\\\/\",\"url\":\"https:\\\/\\\/www.caudete.org\\\/ayuntamiento\\\/alcanzado-el-100-en-la-cobertura-de-plantacion-prevista-del-proyecto-de-los-cadalsos\\\/\",\"name\":\"Alcanzado el 100% en la cobertura de plantaci\u00f3n en el proyecto de Los Cadalsos - MI Ayuntamiento de Caudete\",\"isPartOf\":{\"@id\":\"https:\\\/\\\/www.caudete.org\\\/ayuntamiento\\\/#website\"},\"primaryImageOfPage\":{\"@id\":\"https:\\\/\\\/www.caudete.org\\\/ayuntamiento\\\/alcanzado-el-100-en-la-cobertura-de-plantacion-prevista-del-proyecto-de-los-cadalsos\\\/#primaryimage\"},\"image\":{\"@id\":\"https:\\\/\\\/www.caudete.org\\\/ayuntamiento\\\/alcanzado-el-100-en-la-cobertura-de-plantacion-prevista-del-proyecto-de-los-cadalsos\\\/#primaryimage\"},\"thumbnailUrl\":\"https:\\\/\\\/www.caudete.org\\\/ayuntamiento\\\/wp-content\\\/uploads\\\/2025\\\/02\\\/planton.jpg\",\"datePublished\":\"2025-02-28T07:00:31+00:00\",\"dateModified\":\"2025-02-28T08:18:44+00:00\",\"author\":{\"@id\":\"https:\\\/\\\/www.caudete.org\\\/ayuntamiento\\\/#\\\/schema\\\/person\\\/4b9eab41761957db9b1bf9c418d1ef46\"},\"description\":\"P\u00e1gina Oficial del Ayuntamiento de Caudete (Albacete)\",\"breadcrumb\":{\"@id\":\"https:\\\/\\\/www.caudete.org\\\/ayuntamiento\\\/alcanzado-el-100-en-la-cobertura-de-plantacion-prevista-del-proyecto-de-los-cadalsos\\\/#breadcrumb\"},\"inLanguage\":\"es\",\"potentialAction\":[{\"@type\":\"ReadAction\",\"target\":[\"https:\\\/\\\/www.caudete.org\\\/ayuntamiento\\\/alcanzado-el-100-en-la-cobertura-de-plantacion-prevista-del-proyecto-de-los-cadalsos\\\/\"]}]},{\"@type\":\"ImageObject\",\"inLanguage\":\"es\",\"@id\":\"https:\\\/\\\/www.caudete.org\\\/ayuntamiento\\\/alcanzado-el-100-en-la-cobertura-de-plantacion-prevista-del-proyecto-de-los-cadalsos\\\/#primaryimage\",\"url\":\"https:\\\/\\\/www.caudete.org\\\/ayuntamiento\\\/wp-content\\\/uploads\\\/2025\\\/02\\\/planton.jpg\",\"contentUrl\":\"https:\\\/\\\/www.caudete.org\\\/ayuntamiento\\\/wp-content\\\/uploads\\\/2025\\\/02\\\/planton.jpg\",\"width\":1000,\"height\":563},{\"@type\":\"BreadcrumbList\",\"@id\":\"https:\\\/\\\/www.caudete.org\\\/ayuntamiento\\\/alcanzado-el-100-en-la-cobertura-de-plantacion-prevista-del-proyecto-de-los-cadalsos\\\/#breadcrumb\",\"itemListElement\":[{\"@type\":\"ListItem\",\"position\":1,\"name\":\"Inicio\",\"item\":\"https:\\\/\\\/www.caudete.org\\\/ayuntamiento\\\/\"},{\"@type\":\"ListItem\",\"position\":2,\"name\":\"Alcanzado el 100% en la cobertura de plantaci\u00f3n en el proyecto de Los Cadalsos\"}]},{\"@type\":\"WebSite\",\"@id\":\"https:\\\/\\\/www.caudete.org\\\/ayuntamiento\\\/#website\",\"url\":\"https:\\\/\\\/www.caudete.org\\\/ayuntamiento\\\/\",\"name\":\"MI Ayuntamiento de Caudete\",\"description\":\"P\u00e1gina Oficial del MI Ayuntamiento de Caudete\",\"potentialAction\":[{\"@type\":\"SearchAction\",\"target\":{\"@type\":\"EntryPoint\",\"urlTemplate\":\"https:\\\/\\\/www.caudete.org\\\/ayuntamiento\\\/?s={search_term_string}\"},\"query-input\":{\"@type\":\"PropertyValueSpecification\",\"valueRequired\":true,\"valueName\":\"search_term_string\"}}],\"inLanguage\":\"es\"},{\"@type\":\"Person\",\"@id\":\"https:\\\/\\\/www.caudete.org\\\/ayuntamiento\\\/#\\\/schema\\\/person\\\/4b9eab41761957db9b1bf9c418d1ef46\",\"name\":\"Dpto Informatica MI Ayuntamiento de Caudete\",\"image\":{\"@type\":\"ImageObject\",\"inLanguage\":\"es\",\"@id\":\"https:\\\/\\\/secure.gravatar.com\\\/avatar\\\/ac0321ee4a0a83e82a253e7b2d348ef539e2c8fe16d06b600bde04de1b364fa7?s=96&d=mm&r=g\",\"url\":\"https:\\\/\\\/secure.gravatar.com\\\/avatar\\\/ac0321ee4a0a83e82a253e7b2d348ef539e2c8fe16d06b600bde04de1b364fa7?s=96&d=mm&r=g\",\"contentUrl\":\"https:\\\/\\\/secure.gravatar.com\\\/avatar\\\/ac0321ee4a0a83e82a253e7b2d348ef539e2c8fe16d06b600bde04de1b364fa7?s=96&d=mm&r=g\",\"caption\":\"Dpto Informatica MI Ayuntamiento de Caudete\"},\"url\":\"https:\\\/\\\/www.caudete.org\\\/ayuntamiento\\\/author\\\/informatica\\\/\"}]}<\/script>\n<!-- \/ Yoast SEO plugin. -->","yoast_head_json":{"title":"Alcanzado el 100% en la cobertura de plantaci\u00f3n en el proyecto de Los Cadalsos - MI Ayuntamiento de Caudete","description":"P\u00e1gina Oficial del Ayuntamiento de Caudete (Albacete)","robots":{"index":"index","follow":"follow","max-snippet":"max-snippet:-1","max-image-preview":"max-image-preview:large","max-video-preview":"max-video-preview:-1"},"canonical":"https:\/\/www.caudete.org\/ayuntamiento\/alcanzado-el-100-en-la-cobertura-de-plantacion-prevista-del-proyecto-de-los-cadalsos\/","og_locale":"es_ES","og_type":"article","og_title":"Alcanzado el 100% en la cobertura de plantaci\u00f3n en el proyecto de Los Cadalsos - MI Ayuntamiento de Caudete","og_description":"P\u00e1gina Oficial del Ayuntamiento de Caudete (Albacete)","og_url":"https:\/\/www.caudete.org\/ayuntamiento\/alcanzado-el-100-en-la-cobertura-de-plantacion-prevista-del-proyecto-de-los-cadalsos\/","og_site_name":"MI Ayuntamiento de Caudete","article_publisher":"https:\/\/www.facebook.com\/ayuntamientocaudete\/","article_published_time":"2025-02-28T07:00:31+00:00","article_modified_time":"2025-02-28T08:18:44+00:00","og_image":[{"width":1000,"height":563,"url":"https:\/\/www.caudete.org\/ayuntamiento\/wp-content\/uploads\/2025\/02\/planton.jpg","type":"image\/jpeg"}],"author":"Dpto Informatica MI Ayuntamiento de Caudete","twitter_card":"summary_large_image","twitter_misc":{"Escrito por":"Dpto Informatica MI Ayuntamiento de Caudete","Tiempo de lectura":"2 minutos"},"schema":{"@context":"https:\/\/schema.org","@graph":[{"@type":"Article","@id":"https:\/\/www.caudete.org\/ayuntamiento\/alcanzado-el-100-en-la-cobertura-de-plantacion-prevista-del-proyecto-de-los-cadalsos\/#article","isPartOf":{"@id":"https:\/\/www.caudete.org\/ayuntamiento\/alcanzado-el-100-en-la-cobertura-de-plantacion-prevista-del-proyecto-de-los-cadalsos\/"},"author":{"name":"Dpto Informatica MI Ayuntamiento de Caudete","@id":"https:\/\/www.caudete.org\/ayuntamiento\/#\/schema\/person\/4b9eab41761957db9b1bf9c418d1ef46"},"headline":"Alcanzado el 100% en la cobertura de plantaci\u00f3n en el proyecto de Los Cadalsos","datePublished":"2025-02-28T07:00:31+00:00","dateModified":"2025-02-28T08:18:44+00:00","mainEntityOfPage":{"@id":"https:\/\/www.caudete.org\/ayuntamiento\/alcanzado-el-100-en-la-cobertura-de-plantacion-prevista-del-proyecto-de-los-cadalsos\/"},"wordCount":210,"image":{"@id":"https:\/\/www.caudete.org\/ayuntamiento\/alcanzado-el-100-en-la-cobertura-de-plantacion-prevista-del-proyecto-de-los-cadalsos\/#primaryimage"},"thumbnailUrl":"https:\/\/www.caudete.org\/ayuntamiento\/wp-content\/uploads\/2025\/02\/planton.jpg","articleSection":["Medio Ambiente"],"inLanguage":"es"},{"@type":"WebPage","@id":"https:\/\/www.caudete.org\/ayuntamiento\/alcanzado-el-100-en-la-cobertura-de-plantacion-prevista-del-proyecto-de-los-cadalsos\/","url":"https:\/\/www.caudete.org\/ayuntamiento\/alcanzado-el-100-en-la-cobertura-de-plantacion-prevista-del-proyecto-de-los-cadalsos\/","name":"Alcanzado el 100% en la cobertura de plantaci\u00f3n en el proyecto de Los Cadalsos - MI Ayuntamiento de Caudete","isPartOf":{"@id":"https:\/\/www.caudete.org\/ayuntamiento\/#website"},"primaryImageOfPage":{"@id":"https:\/\/www.caudete.org\/ayuntamiento\/alcanzado-el-100-en-la-cobertura-de-plantacion-prevista-del-proyecto-de-los-cadalsos\/#primaryimage"},"image":{"@id":"https:\/\/www.caudete.org\/ayuntamiento\/alcanzado-el-100-en-la-cobertura-de-plantacion-prevista-del-proyecto-de-los-cadalsos\/#primaryimage"},"thumbnailUrl":"https:\/\/www.caudete.org\/ayuntamiento\/wp-content\/uploads\/2025\/02\/planton.jpg","datePublished":"2025-02-28T07:00:31+00:00","dateModified":"2025-02-28T08:18:44+00:00","author":{"@id":"https:\/\/www.caudete.org\/ayuntamiento\/#\/schema\/person\/4b9eab41761957db9b1bf9c418d1ef46"},"description":"P\u00e1gina Oficial del Ayuntamiento de Caudete (Albacete)","breadcrumb":{"@id":"https:\/\/www.caudete.org\/ayuntamiento\/alcanzado-el-100-en-la-cobertura-de-plantacion-prevista-del-proyecto-de-los-cadalsos\/#breadcrumb"},"inLanguage":"es","potentialAction":[{"@type":"ReadAction","target":["https:\/\/www.caudete.org\/ayuntamiento\/alcanzado-el-100-en-la-cobertura-de-plantacion-prevista-del-proyecto-de-los-cadalsos\/"]}]},{"@type":"ImageObject","inLanguage":"es","@id":"https:\/\/www.caudete.org\/ayuntamiento\/alcanzado-el-100-en-la-cobertura-de-plantacion-prevista-del-proyecto-de-los-cadalsos\/#primaryimage","url":"https:\/\/www.caudete.org\/ayuntamiento\/wp-content\/uploads\/2025\/02\/planton.jpg","contentUrl":"https:\/\/www.caudete.org\/ayuntamiento\/wp-content\/uploads\/2025\/02\/planton.jpg","width":1000,"height":563},{"@type":"BreadcrumbList","@id":"https:\/\/www.caudete.org\/ayuntamiento\/alcanzado-el-100-en-la-cobertura-de-plantacion-prevista-del-proyecto-de-los-cadalsos\/#breadcrumb","itemListElement":[{"@type":"ListItem","position":1,"name":"Inicio","item":"https:\/\/www.caudete.org\/ayuntamiento\/"},{"@type":"ListItem","position":2,"name":"Alcanzado el 100% en la cobertura de plantaci\u00f3n en el proyecto de Los Cadalsos"}]},{"@type":"WebSite","@id":"https:\/\/www.caudete.org\/ayuntamiento\/#website","url":"https:\/\/www.caudete.org\/ayuntamiento\/","name":"MI Ayuntamiento de Caudete","description":"P\u00e1gina Oficial del MI Ayuntamiento de Caudete","potentialAction":[{"@type":"SearchAction","target":{"@type":"EntryPoint","urlTemplate":"https:\/\/www.caudete.org\/ayuntamiento\/?s={search_term_string}"},"query-input":{"@type":"PropertyValueSpecification","valueRequired":true,"valueName":"search_term_string"}}],"inLanguage":"es"},{"@type":"Person","@id":"https:\/\/www.caudete.org\/ayuntamiento\/#\/schema\/person\/4b9eab41761957db9b1bf9c418d1ef46","name":"Dpto Informatica MI Ayuntamiento de Caudete","image":{"@type":"ImageObject","inLanguage":"es","@id":"https:\/\/secure.gravatar.com\/avatar\/ac0321ee4a0a83e82a253e7b2d348ef539e2c8fe16d06b600bde04de1b364fa7?s=96&d=mm&r=g","url":"https:\/\/secure.gravatar.com\/avatar\/ac0321ee4a0a83e82a253e7b2d348ef539e2c8fe16d06b600bde04de1b364fa7?s=96&d=mm&r=g","contentUrl":"https:\/\/secure.gravatar.com\/avatar\/ac0321ee4a0a83e82a253e7b2d348ef539e2c8fe16d06b600bde04de1b364fa7?s=96&d=mm&r=g","caption":"Dpto Informatica MI Ayuntamiento de Caudete"},"url":"https:\/\/www.caudete.org\/ayuntamiento\/author\/informatica\/"}]}},"_links":{"self":[{"href":"https:\/\/www.caudete.org\/ayuntamiento\/wp-json\/wp\/v2\/posts\/27665","targetHints":{"allow":["GET"]}}],"collection":[{"href":"https:\/\/www.caudete.org\/ayuntamiento\/wp-json\/wp\/v2\/posts"}],"about":[{"href":"https:\/\/www.caudete.org\/ayuntamiento\/wp-json\/wp\/v2\/types\/post"}],"author":[{"embeddable":true,"href":"https:\/\/www.caudete.org\/ayuntamiento\/wp-json\/wp\/v2\/users\/5"}],"replies":[{"embeddable":true,"href":"https:\/\/www.caudete.org\/ayuntamiento\/wp-json\/wp\/v2\/comments?post=27665"}],"version-history":[{"count":4,"href":"https:\/\/www.caudete.org\/ayuntamiento\/wp-json\/wp\/v2\/posts\/27665\/revisions"}],"predecessor-version":[{"id":27673,"href":"https:\/\/www.caudete.org\/ayuntamiento\/wp-json\/wp\/v2\/posts\/27665\/revisions\/27673"}],"wp:featuredmedia":[{"embeddable":true,"href":"https:\/\/www.caudete.org\/ayuntamiento\/wp-json\/wp\/v2\/media\/27666"}],"wp:attachment":[{"href":"https:\/\/www.caudete.org\/ayuntamiento\/wp-json\/wp\/v2\/media?parent=27665"}],"wp:term":[{"taxonomy":"category","embeddable":true,"href":"https:\/\/www.caudete.org\/ayuntamiento\/wp-json\/wp\/v2\/categories?post=27665"},{"taxonomy":"post_tag","embeddable":true,"href":"https:\/\/www.caudete.org\/ayuntamiento\/wp-json\/wp\/v2\/tags?post=27665"}],"curies":[{"name":"wp","href":"https:\/\/api.w.org\/{rel}","templated":true}]}}