{"id":27737,"date":"2025-03-03T09:01:35","date_gmt":"2025-03-03T08:01:35","guid":{"rendered":"https:\/\/www.caudete.org\/ayuntamiento\/?p=27737"},"modified":"2025-03-03T00:03:13","modified_gmt":"2025-03-02T23:03:13","slug":"vanesa-martinez-ruiz-toma-posesion-como-interventora-municipal","status":"publish","type":"post","link":"https:\/\/www.caudete.org\/ayuntamiento\/vanesa-martinez-ruiz-toma-posesion-como-interventora-municipal\/","title":{"rendered":"Vanesa Mart\u00ednez Ruiz, toma posesi\u00f3n como INTERVENTORA MUNICIPAL"},"content":{"rendered":"<p><a href=\"https:\/\/www.caudete.org\/ayuntamiento\/wp-content\/uploads\/2025\/03\/WhatsApp-Image-2025-02-28-at-13.49.18.jpeg\" rel='prettyPhoto'><img fetchpriority=\"high\" decoding=\"async\" class=\"alignnone wp-image-27742 size-full\" src=\"https:\/\/www.caudete.org\/ayuntamiento\/wp-content\/uploads\/2025\/03\/WhatsApp-Image-2025-02-28-at-13.49.18.jpeg\" alt=\"\" width=\"1600\" height=\"900\" srcset=\"https:\/\/www.caudete.org\/ayuntamiento\/wp-content\/uploads\/2025\/03\/WhatsApp-Image-2025-02-28-at-13.49.18.jpeg 1600w, https:\/\/www.caudete.org\/ayuntamiento\/wp-content\/uploads\/2025\/03\/WhatsApp-Image-2025-02-28-at-13.49.18-300x169.jpeg 300w, https:\/\/www.caudete.org\/ayuntamiento\/wp-content\/uploads\/2025\/03\/WhatsApp-Image-2025-02-28-at-13.49.18-1024x576.jpeg 1024w, https:\/\/www.caudete.org\/ayuntamiento\/wp-content\/uploads\/2025\/03\/WhatsApp-Image-2025-02-28-at-13.49.18-768x432.jpeg 768w, https:\/\/www.caudete.org\/ayuntamiento\/wp-content\/uploads\/2025\/03\/WhatsApp-Image-2025-02-28-at-13.49.18-1536x864.jpeg 1536w\" sizes=\"(max-width: 1600px) 100vw, 1600px\" \/><\/a><\/p>\n<p style=\"text-align: justify;\">El pasado viernes 28 de Febrero acog\u00eda de nuevo el Sal\u00f3n de Plenos una <em>Toma de Posesi\u00f3n<\/em>, en este caso de la nueva Interventora Municipal, Vanesa Mart\u00ednez Ruiz, quien viene a ocupar la plaza por estar su titular en comisi\u00f3n de servicios en baja laboral, y estar temporalmente cubierta bajo la accidentalidad de una funcionaria propia del Ayuntamiento.<\/p>\n<p style=\"text-align: justify;\">En el acto, celebrado de forma solemne, han estado presentes el Alcalde, Mois\u00e9s L\u00f3pez, y la Secretaria Municipal, Mercedes Buend\u00eda, adem\u00e1s de la totalidad de miembros del Gobierno Municipal, hecho que ocurre por vez primera.<\/p>\n<p style=\"text-align: justify;\">El Alcalde, destacaba que el Sal\u00f3n de Sesiones acoge los principales actos y reuniones de trascendencia para el municipio, y el de hoy era uno de ellos, donde se reforzaba el compromiso del servicio p\u00fablico hacia los ciudadanos, y la absoluta profesionalidad para contribuir al desarrollo y beneficio de Caudete. En este caso, Caudete cuenta con la suerte de una mujer joven al frente de la fiscalizaci\u00f3n econ\u00f3mica, con trayectoria profesional en los Ayuntamientos de Yecla y Blanca (ambos en la Regi\u00f3n de Murcia) y en la Diputaci\u00f3n de Alicante.<\/p>\n<p style=\"text-align: justify;\">Cabe destacar que la funci\u00f3n interventora tiene como objetivo principal la fiscalizaci\u00f3n e intervenci\u00f3n previa de los actos del Ayuntamiento y de sus organismos aut\u00f3nomos antes de que sean aprobados, cuando tienen una repercusi\u00f3n econ\u00f3mica, financiera y patrimonial.<\/p>\n<p><a href=\"https:\/\/www.caudete.org\/ayuntamiento\/wp-content\/uploads\/2025\/03\/WhatsApp-Image-2025-02-28-at-13.49.41.jpeg\" rel='prettyPhoto'><img decoding=\"async\" class=\"alignnone wp-image-27740 size-full\" src=\"https:\/\/www.caudete.org\/ayuntamiento\/wp-content\/uploads\/2025\/03\/WhatsApp-Image-2025-02-28-at-13.49.41.jpeg\" alt=\"\" width=\"1600\" height=\"721\" srcset=\"https:\/\/www.caudete.org\/ayuntamiento\/wp-content\/uploads\/2025\/03\/WhatsApp-Image-2025-02-28-at-13.49.41.jpeg 1600w, https:\/\/www.caudete.org\/ayuntamiento\/wp-content\/uploads\/2025\/03\/WhatsApp-Image-2025-02-28-at-13.49.41-300x135.jpeg 300w, https:\/\/www.caudete.org\/ayuntamiento\/wp-content\/uploads\/2025\/03\/WhatsApp-Image-2025-02-28-at-13.49.41-1024x461.jpeg 1024w, https:\/\/www.caudete.org\/ayuntamiento\/wp-content\/uploads\/2025\/03\/WhatsApp-Image-2025-02-28-at-13.49.41-768x346.jpeg 768w, https:\/\/www.caudete.org\/ayuntamiento\/wp-content\/uploads\/2025\/03\/WhatsApp-Image-2025-02-28-at-13.49.41-1536x692.jpeg 1536w\" sizes=\"(max-width: 1600px) 100vw, 1600px\" \/><\/a><\/p>\n<p>&nbsp;<\/p>\n","protected":false},"excerpt":{"rendered":"<p>El pasado viernes 28 de Febrero acog\u00eda de nuevo el Sal\u00f3n de Plenos una Toma de Posesi\u00f3n, en este caso de la nueva Interventora Municipal, Vanesa Mart\u00ednez Ruiz, quien viene a ocupar la plaza por estar su titular en comisi\u00f3n de servicios en baja laboral, y estar temporalmente cubierta bajo la accidentalidad de una funcionaria &hellip;<\/p>\n","protected":false},"author":3,"featured_media":27741,"comment_status":"closed","ping_status":"open","sticky":false,"template":"","format":"standard","meta":{"ngg_post_thumbnail":0,"footnotes":""},"categories":[33],"tags":[],"class_list":["post-27737","post","type-post","status-publish","format-standard","has-post-thumbnail","hentry","category-recursos-humanos"],"yoast_head":"<!-- This site is optimized with the Yoast SEO plugin v27.5 - https:\/\/yoast.com\/product\/yoast-seo-wordpress\/ -->\n<title>Vanesa Mart\u00ednez Ruiz, toma posesi\u00f3n como INTERVENTORA MUNICIPAL - MI Ayuntamiento de Caudete<\/title>\n<meta name=\"description\" content=\"P\u00e1gina Oficial del Ayuntamiento de Caudete (Albacete)\" \/>\n<meta name=\"robots\" content=\"index, follow, max-snippet:-1, max-image-preview:large, max-video-preview:-1\" \/>\n<link rel=\"canonical\" href=\"https:\/\/www.caudete.org\/ayuntamiento\/vanesa-martinez-ruiz-toma-posesion-como-interventora-municipal\/\" \/>\n<meta property=\"og:locale\" content=\"es_ES\" \/>\n<meta property=\"og:type\" content=\"article\" \/>\n<meta property=\"og:title\" content=\"Vanesa Mart\u00ednez Ruiz, toma posesi\u00f3n como INTERVENTORA MUNICIPAL - MI Ayuntamiento de Caudete\" \/>\n<meta property=\"og:description\" content=\"P\u00e1gina Oficial del Ayuntamiento de Caudete (Albacete)\" \/>\n<meta property=\"og:url\" content=\"https:\/\/www.caudete.org\/ayuntamiento\/vanesa-martinez-ruiz-toma-posesion-como-interventora-municipal\/\" \/>\n<meta property=\"og:site_name\" content=\"MI Ayuntamiento de Caudete\" \/>\n<meta property=\"article:publisher\" content=\"https:\/\/www.facebook.com\/ayuntamientocaudete\/\" \/>\n<meta property=\"article:published_time\" content=\"2025-03-03T08:01:35+00:00\" \/>\n<meta property=\"og:image\" content=\"https:\/\/www.caudete.org\/ayuntamiento\/wp-content\/uploads\/2025\/03\/WhatsApp-Image-2025-02-28-at-13.48.54.jpeg\" \/>\n\t<meta property=\"og:image:width\" content=\"1600\" \/>\n\t<meta property=\"og:image:height\" content=\"900\" \/>\n\t<meta property=\"og:image:type\" content=\"image\/jpeg\" \/>\n<meta name=\"author\" content=\"alcalde\" \/>\n<meta name=\"twitter:card\" content=\"summary_large_image\" \/>\n<meta name=\"twitter:label1\" content=\"Escrito por\" \/>\n\t<meta name=\"twitter:data1\" content=\"alcalde\" \/>\n\t<meta name=\"twitter:label2\" content=\"Tiempo de lectura\" \/>\n\t<meta name=\"twitter:data2\" content=\"2 minutos\" \/>\n<script type=\"application\/ld+json\" class=\"yoast-schema-graph\">{\"@context\":\"https:\\\/\\\/schema.org\",\"@graph\":[{\"@type\":\"Article\",\"@id\":\"https:\\\/\\\/www.caudete.org\\\/ayuntamiento\\\/vanesa-martinez-ruiz-toma-posesion-como-interventora-municipal\\\/#article\",\"isPartOf\":{\"@id\":\"https:\\\/\\\/www.caudete.org\\\/ayuntamiento\\\/vanesa-martinez-ruiz-toma-posesion-como-interventora-municipal\\\/\"},\"author\":{\"name\":\"alcalde\",\"@id\":\"https:\\\/\\\/www.caudete.org\\\/ayuntamiento\\\/#\\\/schema\\\/person\\\/cc646da9133078ee4d8dd47457947253\"},\"headline\":\"Vanesa Mart\u00ednez Ruiz, toma posesi\u00f3n como INTERVENTORA MUNICIPAL\",\"datePublished\":\"2025-03-03T08:01:35+00:00\",\"mainEntityOfPage\":{\"@id\":\"https:\\\/\\\/www.caudete.org\\\/ayuntamiento\\\/vanesa-martinez-ruiz-toma-posesion-como-interventora-municipal\\\/\"},\"wordCount\":252,\"image\":{\"@id\":\"https:\\\/\\\/www.caudete.org\\\/ayuntamiento\\\/vanesa-martinez-ruiz-toma-posesion-como-interventora-municipal\\\/#primaryimage\"},\"thumbnailUrl\":\"https:\\\/\\\/www.caudete.org\\\/ayuntamiento\\\/wp-content\\\/uploads\\\/2025\\\/03\\\/WhatsApp-Image-2025-02-28-at-13.48.54.jpeg\",\"articleSection\":[\"Recursos Humanos\"],\"inLanguage\":\"es\"},{\"@type\":\"WebPage\",\"@id\":\"https:\\\/\\\/www.caudete.org\\\/ayuntamiento\\\/vanesa-martinez-ruiz-toma-posesion-como-interventora-municipal\\\/\",\"url\":\"https:\\\/\\\/www.caudete.org\\\/ayuntamiento\\\/vanesa-martinez-ruiz-toma-posesion-como-interventora-municipal\\\/\",\"name\":\"Vanesa Mart\u00ednez Ruiz, toma posesi\u00f3n como INTERVENTORA MUNICIPAL - MI Ayuntamiento de Caudete\",\"isPartOf\":{\"@id\":\"https:\\\/\\\/www.caudete.org\\\/ayuntamiento\\\/#website\"},\"primaryImageOfPage\":{\"@id\":\"https:\\\/\\\/www.caudete.org\\\/ayuntamiento\\\/vanesa-martinez-ruiz-toma-posesion-como-interventora-municipal\\\/#primaryimage\"},\"image\":{\"@id\":\"https:\\\/\\\/www.caudete.org\\\/ayuntamiento\\\/vanesa-martinez-ruiz-toma-posesion-como-interventora-municipal\\\/#primaryimage\"},\"thumbnailUrl\":\"https:\\\/\\\/www.caudete.org\\\/ayuntamiento\\\/wp-content\\\/uploads\\\/2025\\\/03\\\/WhatsApp-Image-2025-02-28-at-13.48.54.jpeg\",\"datePublished\":\"2025-03-03T08:01:35+00:00\",\"author\":{\"@id\":\"https:\\\/\\\/www.caudete.org\\\/ayuntamiento\\\/#\\\/schema\\\/person\\\/cc646da9133078ee4d8dd47457947253\"},\"description\":\"P\u00e1gina Oficial del Ayuntamiento de Caudete (Albacete)\",\"breadcrumb\":{\"@id\":\"https:\\\/\\\/www.caudete.org\\\/ayuntamiento\\\/vanesa-martinez-ruiz-toma-posesion-como-interventora-municipal\\\/#breadcrumb\"},\"inLanguage\":\"es\",\"potentialAction\":[{\"@type\":\"ReadAction\",\"target\":[\"https:\\\/\\\/www.caudete.org\\\/ayuntamiento\\\/vanesa-martinez-ruiz-toma-posesion-como-interventora-municipal\\\/\"]}]},{\"@type\":\"ImageObject\",\"inLanguage\":\"es\",\"@id\":\"https:\\\/\\\/www.caudete.org\\\/ayuntamiento\\\/vanesa-martinez-ruiz-toma-posesion-como-interventora-municipal\\\/#primaryimage\",\"url\":\"https:\\\/\\\/www.caudete.org\\\/ayuntamiento\\\/wp-content\\\/uploads\\\/2025\\\/03\\\/WhatsApp-Image-2025-02-28-at-13.48.54.jpeg\",\"contentUrl\":\"https:\\\/\\\/www.caudete.org\\\/ayuntamiento\\\/wp-content\\\/uploads\\\/2025\\\/03\\\/WhatsApp-Image-2025-02-28-at-13.48.54.jpeg\",\"width\":1600,\"height\":900},{\"@type\":\"BreadcrumbList\",\"@id\":\"https:\\\/\\\/www.caudete.org\\\/ayuntamiento\\\/vanesa-martinez-ruiz-toma-posesion-como-interventora-municipal\\\/#breadcrumb\",\"itemListElement\":[{\"@type\":\"ListItem\",\"position\":1,\"name\":\"Inicio\",\"item\":\"https:\\\/\\\/www.caudete.org\\\/ayuntamiento\\\/\"},{\"@type\":\"ListItem\",\"position\":2,\"name\":\"Vanesa Mart\u00ednez Ruiz, toma posesi\u00f3n como INTERVENTORA MUNICIPAL\"}]},{\"@type\":\"WebSite\",\"@id\":\"https:\\\/\\\/www.caudete.org\\\/ayuntamiento\\\/#website\",\"url\":\"https:\\\/\\\/www.caudete.org\\\/ayuntamiento\\\/\",\"name\":\"MI Ayuntamiento de Caudete\",\"description\":\"P\u00e1gina Oficial del MI Ayuntamiento de Caudete\",\"potentialAction\":[{\"@type\":\"SearchAction\",\"target\":{\"@type\":\"EntryPoint\",\"urlTemplate\":\"https:\\\/\\\/www.caudete.org\\\/ayuntamiento\\\/?s={search_term_string}\"},\"query-input\":{\"@type\":\"PropertyValueSpecification\",\"valueRequired\":true,\"valueName\":\"search_term_string\"}}],\"inLanguage\":\"es\"},{\"@type\":\"Person\",\"@id\":\"https:\\\/\\\/www.caudete.org\\\/ayuntamiento\\\/#\\\/schema\\\/person\\\/cc646da9133078ee4d8dd47457947253\",\"name\":\"alcalde\",\"image\":{\"@type\":\"ImageObject\",\"inLanguage\":\"es\",\"@id\":\"https:\\\/\\\/secure.gravatar.com\\\/avatar\\\/84a817ba065b29ff08d666b215a215f5c79186a645ccb25b14a663d48a130f77?s=96&d=mm&r=g\",\"url\":\"https:\\\/\\\/secure.gravatar.com\\\/avatar\\\/84a817ba065b29ff08d666b215a215f5c79186a645ccb25b14a663d48a130f77?s=96&d=mm&r=g\",\"contentUrl\":\"https:\\\/\\\/secure.gravatar.com\\\/avatar\\\/84a817ba065b29ff08d666b215a215f5c79186a645ccb25b14a663d48a130f77?s=96&d=mm&r=g\",\"caption\":\"alcalde\"},\"url\":\"https:\\\/\\\/www.caudete.org\\\/ayuntamiento\\\/author\\\/alcalde\\\/\"}]}<\/script>\n<!-- \/ Yoast SEO plugin. -->","yoast_head_json":{"title":"Vanesa Mart\u00ednez Ruiz, toma posesi\u00f3n como INTERVENTORA MUNICIPAL - MI Ayuntamiento de Caudete","description":"P\u00e1gina Oficial del Ayuntamiento de Caudete (Albacete)","robots":{"index":"index","follow":"follow","max-snippet":"max-snippet:-1","max-image-preview":"max-image-preview:large","max-video-preview":"max-video-preview:-1"},"canonical":"https:\/\/www.caudete.org\/ayuntamiento\/vanesa-martinez-ruiz-toma-posesion-como-interventora-municipal\/","og_locale":"es_ES","og_type":"article","og_title":"Vanesa Mart\u00ednez Ruiz, toma posesi\u00f3n como INTERVENTORA MUNICIPAL - MI Ayuntamiento de Caudete","og_description":"P\u00e1gina Oficial del Ayuntamiento de Caudete (Albacete)","og_url":"https:\/\/www.caudete.org\/ayuntamiento\/vanesa-martinez-ruiz-toma-posesion-como-interventora-municipal\/","og_site_name":"MI Ayuntamiento de Caudete","article_publisher":"https:\/\/www.facebook.com\/ayuntamientocaudete\/","article_published_time":"2025-03-03T08:01:35+00:00","og_image":[{"width":1600,"height":900,"url":"https:\/\/www.caudete.org\/ayuntamiento\/wp-content\/uploads\/2025\/03\/WhatsApp-Image-2025-02-28-at-13.48.54.jpeg","type":"image\/jpeg"}],"author":"alcalde","twitter_card":"summary_large_image","twitter_misc":{"Escrito por":"alcalde","Tiempo de lectura":"2 minutos"},"schema":{"@context":"https:\/\/schema.org","@graph":[{"@type":"Article","@id":"https:\/\/www.caudete.org\/ayuntamiento\/vanesa-martinez-ruiz-toma-posesion-como-interventora-municipal\/#article","isPartOf":{"@id":"https:\/\/www.caudete.org\/ayuntamiento\/vanesa-martinez-ruiz-toma-posesion-como-interventora-municipal\/"},"author":{"name":"alcalde","@id":"https:\/\/www.caudete.org\/ayuntamiento\/#\/schema\/person\/cc646da9133078ee4d8dd47457947253"},"headline":"Vanesa Mart\u00ednez Ruiz, toma posesi\u00f3n como INTERVENTORA MUNICIPAL","datePublished":"2025-03-03T08:01:35+00:00","mainEntityOfPage":{"@id":"https:\/\/www.caudete.org\/ayuntamiento\/vanesa-martinez-ruiz-toma-posesion-como-interventora-municipal\/"},"wordCount":252,"image":{"@id":"https:\/\/www.caudete.org\/ayuntamiento\/vanesa-martinez-ruiz-toma-posesion-como-interventora-municipal\/#primaryimage"},"thumbnailUrl":"https:\/\/www.caudete.org\/ayuntamiento\/wp-content\/uploads\/2025\/03\/WhatsApp-Image-2025-02-28-at-13.48.54.jpeg","articleSection":["Recursos Humanos"],"inLanguage":"es"},{"@type":"WebPage","@id":"https:\/\/www.caudete.org\/ayuntamiento\/vanesa-martinez-ruiz-toma-posesion-como-interventora-municipal\/","url":"https:\/\/www.caudete.org\/ayuntamiento\/vanesa-martinez-ruiz-toma-posesion-como-interventora-municipal\/","name":"Vanesa Mart\u00ednez Ruiz, toma posesi\u00f3n como INTERVENTORA MUNICIPAL - MI Ayuntamiento de Caudete","isPartOf":{"@id":"https:\/\/www.caudete.org\/ayuntamiento\/#website"},"primaryImageOfPage":{"@id":"https:\/\/www.caudete.org\/ayuntamiento\/vanesa-martinez-ruiz-toma-posesion-como-interventora-municipal\/#primaryimage"},"image":{"@id":"https:\/\/www.caudete.org\/ayuntamiento\/vanesa-martinez-ruiz-toma-posesion-como-interventora-municipal\/#primaryimage"},"thumbnailUrl":"https:\/\/www.caudete.org\/ayuntamiento\/wp-content\/uploads\/2025\/03\/WhatsApp-Image-2025-02-28-at-13.48.54.jpeg","datePublished":"2025-03-03T08:01:35+00:00","author":{"@id":"https:\/\/www.caudete.org\/ayuntamiento\/#\/schema\/person\/cc646da9133078ee4d8dd47457947253"},"description":"P\u00e1gina Oficial del Ayuntamiento de Caudete (Albacete)","breadcrumb":{"@id":"https:\/\/www.caudete.org\/ayuntamiento\/vanesa-martinez-ruiz-toma-posesion-como-interventora-municipal\/#breadcrumb"},"inLanguage":"es","potentialAction":[{"@type":"ReadAction","target":["https:\/\/www.caudete.org\/ayuntamiento\/vanesa-martinez-ruiz-toma-posesion-como-interventora-municipal\/"]}]},{"@type":"ImageObject","inLanguage":"es","@id":"https:\/\/www.caudete.org\/ayuntamiento\/vanesa-martinez-ruiz-toma-posesion-como-interventora-municipal\/#primaryimage","url":"https:\/\/www.caudete.org\/ayuntamiento\/wp-content\/uploads\/2025\/03\/WhatsApp-Image-2025-02-28-at-13.48.54.jpeg","contentUrl":"https:\/\/www.caudete.org\/ayuntamiento\/wp-content\/uploads\/2025\/03\/WhatsApp-Image-2025-02-28-at-13.48.54.jpeg","width":1600,"height":900},{"@type":"BreadcrumbList","@id":"https:\/\/www.caudete.org\/ayuntamiento\/vanesa-martinez-ruiz-toma-posesion-como-interventora-municipal\/#breadcrumb","itemListElement":[{"@type":"ListItem","position":1,"name":"Inicio","item":"https:\/\/www.caudete.org\/ayuntamiento\/"},{"@type":"ListItem","position":2,"name":"Vanesa Mart\u00ednez Ruiz, toma posesi\u00f3n como INTERVENTORA MUNICIPAL"}]},{"@type":"WebSite","@id":"https:\/\/www.caudete.org\/ayuntamiento\/#website","url":"https:\/\/www.caudete.org\/ayuntamiento\/","name":"MI Ayuntamiento de Caudete","description":"P\u00e1gina Oficial del MI Ayuntamiento de Caudete","potentialAction":[{"@type":"SearchAction","target":{"@type":"EntryPoint","urlTemplate":"https:\/\/www.caudete.org\/ayuntamiento\/?s={search_term_string}"},"query-input":{"@type":"PropertyValueSpecification","valueRequired":true,"valueName":"search_term_string"}}],"inLanguage":"es"},{"@type":"Person","@id":"https:\/\/www.caudete.org\/ayuntamiento\/#\/schema\/person\/cc646da9133078ee4d8dd47457947253","name":"alcalde","image":{"@type":"ImageObject","inLanguage":"es","@id":"https:\/\/secure.gravatar.com\/avatar\/84a817ba065b29ff08d666b215a215f5c79186a645ccb25b14a663d48a130f77?s=96&d=mm&r=g","url":"https:\/\/secure.gravatar.com\/avatar\/84a817ba065b29ff08d666b215a215f5c79186a645ccb25b14a663d48a130f77?s=96&d=mm&r=g","contentUrl":"https:\/\/secure.gravatar.com\/avatar\/84a817ba065b29ff08d666b215a215f5c79186a645ccb25b14a663d48a130f77?s=96&d=mm&r=g","caption":"alcalde"},"url":"https:\/\/www.caudete.org\/ayuntamiento\/author\/alcalde\/"}]}},"_links":{"self":[{"href":"https:\/\/www.caudete.org\/ayuntamiento\/wp-json\/wp\/v2\/posts\/27737","targetHints":{"allow":["GET"]}}],"collection":[{"href":"https:\/\/www.caudete.org\/ayuntamiento\/wp-json\/wp\/v2\/posts"}],"about":[{"href":"https:\/\/www.caudete.org\/ayuntamiento\/wp-json\/wp\/v2\/types\/post"}],"author":[{"embeddable":true,"href":"https:\/\/www.caudete.org\/ayuntamiento\/wp-json\/wp\/v2\/users\/3"}],"replies":[{"embeddable":true,"href":"https:\/\/www.caudete.org\/ayuntamiento\/wp-json\/wp\/v2\/comments?post=27737"}],"version-history":[{"count":1,"href":"https:\/\/www.caudete.org\/ayuntamiento\/wp-json\/wp\/v2\/posts\/27737\/revisions"}],"predecessor-version":[{"id":27743,"href":"https:\/\/www.caudete.org\/ayuntamiento\/wp-json\/wp\/v2\/posts\/27737\/revisions\/27743"}],"wp:featuredmedia":[{"embeddable":true,"href":"https:\/\/www.caudete.org\/ayuntamiento\/wp-json\/wp\/v2\/media\/27741"}],"wp:attachment":[{"href":"https:\/\/www.caudete.org\/ayuntamiento\/wp-json\/wp\/v2\/media?parent=27737"}],"wp:term":[{"taxonomy":"category","embeddable":true,"href":"https:\/\/www.caudete.org\/ayuntamiento\/wp-json\/wp\/v2\/categories?post=27737"},{"taxonomy":"post_tag","embeddable":true,"href":"https:\/\/www.caudete.org\/ayuntamiento\/wp-json\/wp\/v2\/tags?post=27737"}],"curies":[{"name":"wp","href":"https:\/\/api.w.org\/{rel}","templated":true}]}}