{"id":27744,"date":"2025-03-04T09:02:04","date_gmt":"2025-03-04T08:02:04","guid":{"rendered":"https:\/\/www.caudete.org\/ayuntamiento\/?p=27744"},"modified":"2025-03-03T00:24:25","modified_gmt":"2025-03-02T23:24:25","slug":"cesar-blanco-escobar-nuevo-agente-de-policia-tras-jurar-el-cargo-en-el-salon-de-plenos","status":"publish","type":"post","link":"https:\/\/www.caudete.org\/ayuntamiento\/cesar-blanco-escobar-nuevo-agente-de-policia-tras-jurar-el-cargo-en-el-salon-de-plenos\/","title":{"rendered":"C\u00e9sar Blanco Escobar, nuevo AGENTE DE POLICIA tras jurar el cargo en el Sal\u00f3n de Plenos"},"content":{"rendered":"<p><a href=\"https:\/\/www.caudete.org\/ayuntamiento\/wp-content\/uploads\/2025\/03\/WhatsApp-Image-2025-02-28-at-13.56.47.jpeg\" rel='prettyPhoto'><img fetchpriority=\"high\" decoding=\"async\" class=\"alignnone wp-image-27739 size-full\" src=\"https:\/\/www.caudete.org\/ayuntamiento\/wp-content\/uploads\/2025\/03\/WhatsApp-Image-2025-02-28-at-13.56.47.jpeg\" alt=\"\" width=\"1600\" height=\"900\" srcset=\"https:\/\/www.caudete.org\/ayuntamiento\/wp-content\/uploads\/2025\/03\/WhatsApp-Image-2025-02-28-at-13.56.47.jpeg 1600w, https:\/\/www.caudete.org\/ayuntamiento\/wp-content\/uploads\/2025\/03\/WhatsApp-Image-2025-02-28-at-13.56.47-300x169.jpeg 300w, https:\/\/www.caudete.org\/ayuntamiento\/wp-content\/uploads\/2025\/03\/WhatsApp-Image-2025-02-28-at-13.56.47-1024x576.jpeg 1024w, https:\/\/www.caudete.org\/ayuntamiento\/wp-content\/uploads\/2025\/03\/WhatsApp-Image-2025-02-28-at-13.56.47-768x432.jpeg 768w, https:\/\/www.caudete.org\/ayuntamiento\/wp-content\/uploads\/2025\/03\/WhatsApp-Image-2025-02-28-at-13.56.47-1536x864.jpeg 1536w\" sizes=\"(max-width: 1600px) 100vw, 1600px\" \/><\/a><\/p>\n<p style=\"text-align: justify;\">Una segunda Toma de Posesi\u00f3n fue la protagonista el pasado viernes 28 de Febrero en el Sal\u00f3n de Plenos, en este caso para prestar el juramento de un nuevo Agente de la Polic\u00eda Local, C\u00e9sar Blanco Escobar, natural de Almansa que prestaba desde hace 2 a\u00f1os sus servicios en el Ayuntamiento de Tomelloso (Ciudad Real).<\/p>\n<p style=\"text-align: justify;\">Perteneciente a la 35 Promoci\u00f3n de Agentes de Polic\u00eda Local de CLM, el Agente Blanco solicit\u00f3 incorporarse al Ayuntamiento de Caudete mediante Comisi\u00f3n de Servicios, lo que supone ocupar una plaza vacante, reservado \u00fanicamente para quienes ya est\u00e1n formados y habilitados para el desempe\u00f1o del puesto.<\/p>\n<p style=\"text-align: justify;\">De esta forma, viene a sustituir a al Agente de Polic\u00eda Jos\u00e9 Antonio L\u00f3pez Torrero, quien tambi\u00e9n alumno de la 35 Promoci\u00f3n, formaba parte de la plantilla de la Polic\u00eda Local de Caudete desde Febrero de 2023. L\u00f3pez, causaba baja al haber solicitado tambi\u00e9n Comisi\u00f3n de Servicios para acercarse a su lugar natural de residencia, y prestar servicios en el Ayuntamiento de San Clemente (Cuenca) solicitud que ha sido atendida por las Concejal\u00edas de Seguridad Ciudadana y Recursos Humanos.<\/p>\n<p style=\"text-align: justify;\">En el acto estuvieron presentes la totalidad de miembros del Gobierno Municipal, y el SubInspector de la Polic\u00eda Local, as\u00ed como alg\u00fan compa\u00f1ero m\u00e1s del cuerpo policial, y la Secretar\u00eda Municipal.<\/p>\n<p style=\"text-align: justify;\">El Alcalde aprovech\u00f3 para hacer un sutil recorrido a la apuesta y mejora de la Polic\u00eda Local en Caudete, en cuanto a la ampliaci\u00f3n de plantilla de efectivos, medios de trabajo, formaci\u00f3n, infraestructuras y equipos, destacando el importante esfuerzo alcanzado durante los \u00faltimos 7 a\u00f1os con diferentes Concejales al frente, y el compromiso de seguir mejorando el Departamento para el mayor bienestar y seguridad de los caudetanos.<\/p>\n<p><a href=\"https:\/\/www.caudete.org\/ayuntamiento\/wp-content\/uploads\/2025\/03\/WhatsApp-Image-2025-02-28-at-13.56.36.jpeg\" rel='prettyPhoto'><img decoding=\"async\" class=\"alignnone wp-image-27745 size-full\" src=\"https:\/\/www.caudete.org\/ayuntamiento\/wp-content\/uploads\/2025\/03\/WhatsApp-Image-2025-02-28-at-13.56.36.jpeg\" alt=\"\" width=\"1600\" height=\"900\" srcset=\"https:\/\/www.caudete.org\/ayuntamiento\/wp-content\/uploads\/2025\/03\/WhatsApp-Image-2025-02-28-at-13.56.36.jpeg 1600w, https:\/\/www.caudete.org\/ayuntamiento\/wp-content\/uploads\/2025\/03\/WhatsApp-Image-2025-02-28-at-13.56.36-300x169.jpeg 300w, https:\/\/www.caudete.org\/ayuntamiento\/wp-content\/uploads\/2025\/03\/WhatsApp-Image-2025-02-28-at-13.56.36-1024x576.jpeg 1024w, https:\/\/www.caudete.org\/ayuntamiento\/wp-content\/uploads\/2025\/03\/WhatsApp-Image-2025-02-28-at-13.56.36-768x432.jpeg 768w, https:\/\/www.caudete.org\/ayuntamiento\/wp-content\/uploads\/2025\/03\/WhatsApp-Image-2025-02-28-at-13.56.36-1536x864.jpeg 1536w\" sizes=\"(max-width: 1600px) 100vw, 1600px\" \/><\/a><\/p>\n<p>&nbsp;<\/p>\n","protected":false},"excerpt":{"rendered":"<p>Una segunda Toma de Posesi\u00f3n fue la protagonista el pasado viernes 28 de Febrero en el Sal\u00f3n de Plenos, en este caso para prestar el juramento de un nuevo Agente de la Polic\u00eda Local, C\u00e9sar Blanco Escobar, natural de Almansa que prestaba desde hace 2 a\u00f1os sus servicios en el Ayuntamiento de Tomelloso (Ciudad Real). &hellip;<\/p>\n","protected":false},"author":3,"featured_media":27738,"comment_status":"closed","ping_status":"open","sticky":false,"template":"","format":"standard","meta":{"ngg_post_thumbnail":0,"footnotes":""},"categories":[33],"tags":[],"class_list":["post-27744","post","type-post","status-publish","format-standard","has-post-thumbnail","hentry","category-recursos-humanos"],"yoast_head":"<!-- This site is optimized with the Yoast SEO plugin v27.5 - https:\/\/yoast.com\/product\/yoast-seo-wordpress\/ -->\n<title>C\u00e9sar Blanco Escobar, nuevo AGENTE DE POLICIA tras jurar el cargo en el Sal\u00f3n de Plenos - MI Ayuntamiento de Caudete<\/title>\n<meta name=\"description\" content=\"P\u00e1gina Oficial del Ayuntamiento de Caudete (Albacete)\" \/>\n<meta name=\"robots\" content=\"index, follow, max-snippet:-1, max-image-preview:large, max-video-preview:-1\" \/>\n<link rel=\"canonical\" href=\"https:\/\/www.caudete.org\/ayuntamiento\/cesar-blanco-escobar-nuevo-agente-de-policia-tras-jurar-el-cargo-en-el-salon-de-plenos\/\" \/>\n<meta property=\"og:locale\" content=\"es_ES\" \/>\n<meta property=\"og:type\" content=\"article\" \/>\n<meta property=\"og:title\" content=\"C\u00e9sar Blanco Escobar, nuevo AGENTE DE POLICIA tras jurar el cargo en el Sal\u00f3n de Plenos - MI Ayuntamiento de Caudete\" \/>\n<meta property=\"og:description\" content=\"P\u00e1gina Oficial del Ayuntamiento de Caudete (Albacete)\" \/>\n<meta property=\"og:url\" content=\"https:\/\/www.caudete.org\/ayuntamiento\/cesar-blanco-escobar-nuevo-agente-de-policia-tras-jurar-el-cargo-en-el-salon-de-plenos\/\" \/>\n<meta property=\"og:site_name\" content=\"MI Ayuntamiento de Caudete\" \/>\n<meta property=\"article:publisher\" content=\"https:\/\/www.facebook.com\/ayuntamientocaudete\/\" \/>\n<meta property=\"article:published_time\" content=\"2025-03-04T08:02:04+00:00\" \/>\n<meta property=\"og:image\" content=\"https:\/\/www.caudete.org\/ayuntamiento\/wp-content\/uploads\/2025\/03\/WhatsApp-Image-2025-02-28-at-13.56.32.jpeg\" \/>\n\t<meta property=\"og:image:width\" content=\"1600\" \/>\n\t<meta property=\"og:image:height\" content=\"721\" \/>\n\t<meta property=\"og:image:type\" content=\"image\/jpeg\" \/>\n<meta name=\"author\" content=\"alcalde\" \/>\n<meta name=\"twitter:card\" content=\"summary_large_image\" \/>\n<meta name=\"twitter:label1\" content=\"Escrito por\" \/>\n\t<meta name=\"twitter:data1\" content=\"alcalde\" \/>\n\t<meta name=\"twitter:label2\" content=\"Tiempo de lectura\" \/>\n\t<meta name=\"twitter:data2\" content=\"2 minutos\" \/>\n<script type=\"application\/ld+json\" class=\"yoast-schema-graph\">{\"@context\":\"https:\\\/\\\/schema.org\",\"@graph\":[{\"@type\":\"Article\",\"@id\":\"https:\\\/\\\/www.caudete.org\\\/ayuntamiento\\\/cesar-blanco-escobar-nuevo-agente-de-policia-tras-jurar-el-cargo-en-el-salon-de-plenos\\\/#article\",\"isPartOf\":{\"@id\":\"https:\\\/\\\/www.caudete.org\\\/ayuntamiento\\\/cesar-blanco-escobar-nuevo-agente-de-policia-tras-jurar-el-cargo-en-el-salon-de-plenos\\\/\"},\"author\":{\"name\":\"alcalde\",\"@id\":\"https:\\\/\\\/www.caudete.org\\\/ayuntamiento\\\/#\\\/schema\\\/person\\\/cc646da9133078ee4d8dd47457947253\"},\"headline\":\"C\u00e9sar Blanco Escobar, nuevo AGENTE DE POLICIA tras jurar el cargo en el Sal\u00f3n de Plenos\",\"datePublished\":\"2025-03-04T08:02:04+00:00\",\"mainEntityOfPage\":{\"@id\":\"https:\\\/\\\/www.caudete.org\\\/ayuntamiento\\\/cesar-blanco-escobar-nuevo-agente-de-policia-tras-jurar-el-cargo-en-el-salon-de-plenos\\\/\"},\"wordCount\":319,\"image\":{\"@id\":\"https:\\\/\\\/www.caudete.org\\\/ayuntamiento\\\/cesar-blanco-escobar-nuevo-agente-de-policia-tras-jurar-el-cargo-en-el-salon-de-plenos\\\/#primaryimage\"},\"thumbnailUrl\":\"https:\\\/\\\/www.caudete.org\\\/ayuntamiento\\\/wp-content\\\/uploads\\\/2025\\\/03\\\/WhatsApp-Image-2025-02-28-at-13.56.32.jpeg\",\"articleSection\":[\"Recursos Humanos\"],\"inLanguage\":\"es\"},{\"@type\":\"WebPage\",\"@id\":\"https:\\\/\\\/www.caudete.org\\\/ayuntamiento\\\/cesar-blanco-escobar-nuevo-agente-de-policia-tras-jurar-el-cargo-en-el-salon-de-plenos\\\/\",\"url\":\"https:\\\/\\\/www.caudete.org\\\/ayuntamiento\\\/cesar-blanco-escobar-nuevo-agente-de-policia-tras-jurar-el-cargo-en-el-salon-de-plenos\\\/\",\"name\":\"C\u00e9sar Blanco Escobar, nuevo AGENTE DE POLICIA tras jurar el cargo en el Sal\u00f3n de Plenos - MI Ayuntamiento de Caudete\",\"isPartOf\":{\"@id\":\"https:\\\/\\\/www.caudete.org\\\/ayuntamiento\\\/#website\"},\"primaryImageOfPage\":{\"@id\":\"https:\\\/\\\/www.caudete.org\\\/ayuntamiento\\\/cesar-blanco-escobar-nuevo-agente-de-policia-tras-jurar-el-cargo-en-el-salon-de-plenos\\\/#primaryimage\"},\"image\":{\"@id\":\"https:\\\/\\\/www.caudete.org\\\/ayuntamiento\\\/cesar-blanco-escobar-nuevo-agente-de-policia-tras-jurar-el-cargo-en-el-salon-de-plenos\\\/#primaryimage\"},\"thumbnailUrl\":\"https:\\\/\\\/www.caudete.org\\\/ayuntamiento\\\/wp-content\\\/uploads\\\/2025\\\/03\\\/WhatsApp-Image-2025-02-28-at-13.56.32.jpeg\",\"datePublished\":\"2025-03-04T08:02:04+00:00\",\"author\":{\"@id\":\"https:\\\/\\\/www.caudete.org\\\/ayuntamiento\\\/#\\\/schema\\\/person\\\/cc646da9133078ee4d8dd47457947253\"},\"description\":\"P\u00e1gina Oficial del Ayuntamiento de Caudete (Albacete)\",\"breadcrumb\":{\"@id\":\"https:\\\/\\\/www.caudete.org\\\/ayuntamiento\\\/cesar-blanco-escobar-nuevo-agente-de-policia-tras-jurar-el-cargo-en-el-salon-de-plenos\\\/#breadcrumb\"},\"inLanguage\":\"es\",\"potentialAction\":[{\"@type\":\"ReadAction\",\"target\":[\"https:\\\/\\\/www.caudete.org\\\/ayuntamiento\\\/cesar-blanco-escobar-nuevo-agente-de-policia-tras-jurar-el-cargo-en-el-salon-de-plenos\\\/\"]}]},{\"@type\":\"ImageObject\",\"inLanguage\":\"es\",\"@id\":\"https:\\\/\\\/www.caudete.org\\\/ayuntamiento\\\/cesar-blanco-escobar-nuevo-agente-de-policia-tras-jurar-el-cargo-en-el-salon-de-plenos\\\/#primaryimage\",\"url\":\"https:\\\/\\\/www.caudete.org\\\/ayuntamiento\\\/wp-content\\\/uploads\\\/2025\\\/03\\\/WhatsApp-Image-2025-02-28-at-13.56.32.jpeg\",\"contentUrl\":\"https:\\\/\\\/www.caudete.org\\\/ayuntamiento\\\/wp-content\\\/uploads\\\/2025\\\/03\\\/WhatsApp-Image-2025-02-28-at-13.56.32.jpeg\",\"width\":1600,\"height\":721},{\"@type\":\"BreadcrumbList\",\"@id\":\"https:\\\/\\\/www.caudete.org\\\/ayuntamiento\\\/cesar-blanco-escobar-nuevo-agente-de-policia-tras-jurar-el-cargo-en-el-salon-de-plenos\\\/#breadcrumb\",\"itemListElement\":[{\"@type\":\"ListItem\",\"position\":1,\"name\":\"Inicio\",\"item\":\"https:\\\/\\\/www.caudete.org\\\/ayuntamiento\\\/\"},{\"@type\":\"ListItem\",\"position\":2,\"name\":\"C\u00e9sar Blanco Escobar, nuevo AGENTE DE POLICIA tras jurar el cargo en el Sal\u00f3n de Plenos\"}]},{\"@type\":\"WebSite\",\"@id\":\"https:\\\/\\\/www.caudete.org\\\/ayuntamiento\\\/#website\",\"url\":\"https:\\\/\\\/www.caudete.org\\\/ayuntamiento\\\/\",\"name\":\"MI Ayuntamiento de Caudete\",\"description\":\"P\u00e1gina Oficial del MI Ayuntamiento de Caudete\",\"potentialAction\":[{\"@type\":\"SearchAction\",\"target\":{\"@type\":\"EntryPoint\",\"urlTemplate\":\"https:\\\/\\\/www.caudete.org\\\/ayuntamiento\\\/?s={search_term_string}\"},\"query-input\":{\"@type\":\"PropertyValueSpecification\",\"valueRequired\":true,\"valueName\":\"search_term_string\"}}],\"inLanguage\":\"es\"},{\"@type\":\"Person\",\"@id\":\"https:\\\/\\\/www.caudete.org\\\/ayuntamiento\\\/#\\\/schema\\\/person\\\/cc646da9133078ee4d8dd47457947253\",\"name\":\"alcalde\",\"image\":{\"@type\":\"ImageObject\",\"inLanguage\":\"es\",\"@id\":\"https:\\\/\\\/secure.gravatar.com\\\/avatar\\\/84a817ba065b29ff08d666b215a215f5c79186a645ccb25b14a663d48a130f77?s=96&d=mm&r=g\",\"url\":\"https:\\\/\\\/secure.gravatar.com\\\/avatar\\\/84a817ba065b29ff08d666b215a215f5c79186a645ccb25b14a663d48a130f77?s=96&d=mm&r=g\",\"contentUrl\":\"https:\\\/\\\/secure.gravatar.com\\\/avatar\\\/84a817ba065b29ff08d666b215a215f5c79186a645ccb25b14a663d48a130f77?s=96&d=mm&r=g\",\"caption\":\"alcalde\"},\"url\":\"https:\\\/\\\/www.caudete.org\\\/ayuntamiento\\\/author\\\/alcalde\\\/\"}]}<\/script>\n<!-- \/ Yoast SEO plugin. -->","yoast_head_json":{"title":"C\u00e9sar Blanco Escobar, nuevo AGENTE DE POLICIA tras jurar el cargo en el Sal\u00f3n de Plenos - MI Ayuntamiento de Caudete","description":"P\u00e1gina Oficial del Ayuntamiento de Caudete (Albacete)","robots":{"index":"index","follow":"follow","max-snippet":"max-snippet:-1","max-image-preview":"max-image-preview:large","max-video-preview":"max-video-preview:-1"},"canonical":"https:\/\/www.caudete.org\/ayuntamiento\/cesar-blanco-escobar-nuevo-agente-de-policia-tras-jurar-el-cargo-en-el-salon-de-plenos\/","og_locale":"es_ES","og_type":"article","og_title":"C\u00e9sar Blanco Escobar, nuevo AGENTE DE POLICIA tras jurar el cargo en el Sal\u00f3n de Plenos - MI Ayuntamiento de Caudete","og_description":"P\u00e1gina Oficial del Ayuntamiento de Caudete (Albacete)","og_url":"https:\/\/www.caudete.org\/ayuntamiento\/cesar-blanco-escobar-nuevo-agente-de-policia-tras-jurar-el-cargo-en-el-salon-de-plenos\/","og_site_name":"MI Ayuntamiento de Caudete","article_publisher":"https:\/\/www.facebook.com\/ayuntamientocaudete\/","article_published_time":"2025-03-04T08:02:04+00:00","og_image":[{"width":1600,"height":721,"url":"https:\/\/www.caudete.org\/ayuntamiento\/wp-content\/uploads\/2025\/03\/WhatsApp-Image-2025-02-28-at-13.56.32.jpeg","type":"image\/jpeg"}],"author":"alcalde","twitter_card":"summary_large_image","twitter_misc":{"Escrito por":"alcalde","Tiempo de lectura":"2 minutos"},"schema":{"@context":"https:\/\/schema.org","@graph":[{"@type":"Article","@id":"https:\/\/www.caudete.org\/ayuntamiento\/cesar-blanco-escobar-nuevo-agente-de-policia-tras-jurar-el-cargo-en-el-salon-de-plenos\/#article","isPartOf":{"@id":"https:\/\/www.caudete.org\/ayuntamiento\/cesar-blanco-escobar-nuevo-agente-de-policia-tras-jurar-el-cargo-en-el-salon-de-plenos\/"},"author":{"name":"alcalde","@id":"https:\/\/www.caudete.org\/ayuntamiento\/#\/schema\/person\/cc646da9133078ee4d8dd47457947253"},"headline":"C\u00e9sar Blanco Escobar, nuevo AGENTE DE POLICIA tras jurar el cargo en el Sal\u00f3n de Plenos","datePublished":"2025-03-04T08:02:04+00:00","mainEntityOfPage":{"@id":"https:\/\/www.caudete.org\/ayuntamiento\/cesar-blanco-escobar-nuevo-agente-de-policia-tras-jurar-el-cargo-en-el-salon-de-plenos\/"},"wordCount":319,"image":{"@id":"https:\/\/www.caudete.org\/ayuntamiento\/cesar-blanco-escobar-nuevo-agente-de-policia-tras-jurar-el-cargo-en-el-salon-de-plenos\/#primaryimage"},"thumbnailUrl":"https:\/\/www.caudete.org\/ayuntamiento\/wp-content\/uploads\/2025\/03\/WhatsApp-Image-2025-02-28-at-13.56.32.jpeg","articleSection":["Recursos Humanos"],"inLanguage":"es"},{"@type":"WebPage","@id":"https:\/\/www.caudete.org\/ayuntamiento\/cesar-blanco-escobar-nuevo-agente-de-policia-tras-jurar-el-cargo-en-el-salon-de-plenos\/","url":"https:\/\/www.caudete.org\/ayuntamiento\/cesar-blanco-escobar-nuevo-agente-de-policia-tras-jurar-el-cargo-en-el-salon-de-plenos\/","name":"C\u00e9sar Blanco Escobar, nuevo AGENTE DE POLICIA tras jurar el cargo en el Sal\u00f3n de Plenos - MI Ayuntamiento de Caudete","isPartOf":{"@id":"https:\/\/www.caudete.org\/ayuntamiento\/#website"},"primaryImageOfPage":{"@id":"https:\/\/www.caudete.org\/ayuntamiento\/cesar-blanco-escobar-nuevo-agente-de-policia-tras-jurar-el-cargo-en-el-salon-de-plenos\/#primaryimage"},"image":{"@id":"https:\/\/www.caudete.org\/ayuntamiento\/cesar-blanco-escobar-nuevo-agente-de-policia-tras-jurar-el-cargo-en-el-salon-de-plenos\/#primaryimage"},"thumbnailUrl":"https:\/\/www.caudete.org\/ayuntamiento\/wp-content\/uploads\/2025\/03\/WhatsApp-Image-2025-02-28-at-13.56.32.jpeg","datePublished":"2025-03-04T08:02:04+00:00","author":{"@id":"https:\/\/www.caudete.org\/ayuntamiento\/#\/schema\/person\/cc646da9133078ee4d8dd47457947253"},"description":"P\u00e1gina Oficial del Ayuntamiento de Caudete (Albacete)","breadcrumb":{"@id":"https:\/\/www.caudete.org\/ayuntamiento\/cesar-blanco-escobar-nuevo-agente-de-policia-tras-jurar-el-cargo-en-el-salon-de-plenos\/#breadcrumb"},"inLanguage":"es","potentialAction":[{"@type":"ReadAction","target":["https:\/\/www.caudete.org\/ayuntamiento\/cesar-blanco-escobar-nuevo-agente-de-policia-tras-jurar-el-cargo-en-el-salon-de-plenos\/"]}]},{"@type":"ImageObject","inLanguage":"es","@id":"https:\/\/www.caudete.org\/ayuntamiento\/cesar-blanco-escobar-nuevo-agente-de-policia-tras-jurar-el-cargo-en-el-salon-de-plenos\/#primaryimage","url":"https:\/\/www.caudete.org\/ayuntamiento\/wp-content\/uploads\/2025\/03\/WhatsApp-Image-2025-02-28-at-13.56.32.jpeg","contentUrl":"https:\/\/www.caudete.org\/ayuntamiento\/wp-content\/uploads\/2025\/03\/WhatsApp-Image-2025-02-28-at-13.56.32.jpeg","width":1600,"height":721},{"@type":"BreadcrumbList","@id":"https:\/\/www.caudete.org\/ayuntamiento\/cesar-blanco-escobar-nuevo-agente-de-policia-tras-jurar-el-cargo-en-el-salon-de-plenos\/#breadcrumb","itemListElement":[{"@type":"ListItem","position":1,"name":"Inicio","item":"https:\/\/www.caudete.org\/ayuntamiento\/"},{"@type":"ListItem","position":2,"name":"C\u00e9sar Blanco Escobar, nuevo AGENTE DE POLICIA tras jurar el cargo en el Sal\u00f3n de Plenos"}]},{"@type":"WebSite","@id":"https:\/\/www.caudete.org\/ayuntamiento\/#website","url":"https:\/\/www.caudete.org\/ayuntamiento\/","name":"MI Ayuntamiento de Caudete","description":"P\u00e1gina Oficial del MI Ayuntamiento de Caudete","potentialAction":[{"@type":"SearchAction","target":{"@type":"EntryPoint","urlTemplate":"https:\/\/www.caudete.org\/ayuntamiento\/?s={search_term_string}"},"query-input":{"@type":"PropertyValueSpecification","valueRequired":true,"valueName":"search_term_string"}}],"inLanguage":"es"},{"@type":"Person","@id":"https:\/\/www.caudete.org\/ayuntamiento\/#\/schema\/person\/cc646da9133078ee4d8dd47457947253","name":"alcalde","image":{"@type":"ImageObject","inLanguage":"es","@id":"https:\/\/secure.gravatar.com\/avatar\/84a817ba065b29ff08d666b215a215f5c79186a645ccb25b14a663d48a130f77?s=96&d=mm&r=g","url":"https:\/\/secure.gravatar.com\/avatar\/84a817ba065b29ff08d666b215a215f5c79186a645ccb25b14a663d48a130f77?s=96&d=mm&r=g","contentUrl":"https:\/\/secure.gravatar.com\/avatar\/84a817ba065b29ff08d666b215a215f5c79186a645ccb25b14a663d48a130f77?s=96&d=mm&r=g","caption":"alcalde"},"url":"https:\/\/www.caudete.org\/ayuntamiento\/author\/alcalde\/"}]}},"_links":{"self":[{"href":"https:\/\/www.caudete.org\/ayuntamiento\/wp-json\/wp\/v2\/posts\/27744","targetHints":{"allow":["GET"]}}],"collection":[{"href":"https:\/\/www.caudete.org\/ayuntamiento\/wp-json\/wp\/v2\/posts"}],"about":[{"href":"https:\/\/www.caudete.org\/ayuntamiento\/wp-json\/wp\/v2\/types\/post"}],"author":[{"embeddable":true,"href":"https:\/\/www.caudete.org\/ayuntamiento\/wp-json\/wp\/v2\/users\/3"}],"replies":[{"embeddable":true,"href":"https:\/\/www.caudete.org\/ayuntamiento\/wp-json\/wp\/v2\/comments?post=27744"}],"version-history":[{"count":1,"href":"https:\/\/www.caudete.org\/ayuntamiento\/wp-json\/wp\/v2\/posts\/27744\/revisions"}],"predecessor-version":[{"id":27746,"href":"https:\/\/www.caudete.org\/ayuntamiento\/wp-json\/wp\/v2\/posts\/27744\/revisions\/27746"}],"wp:featuredmedia":[{"embeddable":true,"href":"https:\/\/www.caudete.org\/ayuntamiento\/wp-json\/wp\/v2\/media\/27738"}],"wp:attachment":[{"href":"https:\/\/www.caudete.org\/ayuntamiento\/wp-json\/wp\/v2\/media?parent=27744"}],"wp:term":[{"taxonomy":"category","embeddable":true,"href":"https:\/\/www.caudete.org\/ayuntamiento\/wp-json\/wp\/v2\/categories?post=27744"},{"taxonomy":"post_tag","embeddable":true,"href":"https:\/\/www.caudete.org\/ayuntamiento\/wp-json\/wp\/v2\/tags?post=27744"}],"curies":[{"name":"wp","href":"https:\/\/api.w.org\/{rel}","templated":true}]}}