{"id":27763,"date":"2025-03-06T09:00:16","date_gmt":"2025-03-06T08:00:16","guid":{"rendered":"https:\/\/www.caudete.org\/ayuntamiento\/?p=27763"},"modified":"2025-03-06T12:27:05","modified_gmt":"2025-03-06T11:27:05","slug":"la-concejalia-de-juventud-establece-colaboracion-con-el-alumnado-de-4o-eso-del-ies-rafael-requena-para-la-gestion-de-la-sala-joven","status":"publish","type":"post","link":"https:\/\/www.caudete.org\/ayuntamiento\/la-concejalia-de-juventud-establece-colaboracion-con-el-alumnado-de-4o-eso-del-ies-rafael-requena-para-la-gestion-de-la-sala-joven\/","title":{"rendered":"La Concejal\u00eda de Juventud establece colaboraci\u00f3n con el alumnado de 4\u00ba ESO del IES Rafael Requena para la gesti\u00f3n de la Sala Joven"},"content":{"rendered":"<p>&nbsp;<\/p>\n<p style=\"text-align: justify;\">El pasado mes de diciembre, la Concejal\u00eda de Juventud recib\u00eda una carta de un grupo de alumnos de 4\u00ba de ESO del IES Pintor Rafael Requena, mediante la cual se hac\u00edan propuestas de actividades l\u00fadicas , de ocio e incluso relacionadas con la naturaleza, dirigidas especialmente a j\u00f3venes y a desarrollarse en la Sala Joven y en otros espacios de la localidad .<\/p>\n<p style=\"text-align: justify;\">En respuesta a esta iniciativa tan interesante, la Concejal de Juventud M\u00aa Dolores Requena se reuni\u00f3 con los representantes del alumnado para explorar posibles l\u00edneas de trabajo conjunto en el dise\u00f1o y difusi\u00f3n de actividades dirigidas a los nuestros j\u00f3venes.<\/p>\n<p style=\"text-align: justify;\">El objetivo de esta colaboraci\u00f3n es crear un espacio m\u00e1s din\u00e1mico y participativo para los j\u00f3venes de la localidad, fomentando su implicaci\u00f3n activa en la programaci\u00f3n de actividades.<\/p>\n<p style=\"text-align: justify;\">La Concejal\u00eda de Juventud espera que este primer contacto sea solo el inicio de una colaboraci\u00f3n fruct\u00edfera, en la que los propios j\u00f3venes se involucren directamente en la ampliaci\u00f3n y diversificaci\u00f3n de la oferta de ocio en Caudete aportando sus inquietudes e ideas.<\/p>\n<p>\u00a0<a href=\"https:\/\/www.caudete.org\/ayuntamiento\/wp-content\/uploads\/2025\/03\/CentroJovenColaboracion.jpg\" rel='prettyPhoto'><img fetchpriority=\"high\" decoding=\"async\" class=\"alignnone size-full wp-image-27783\" src=\"https:\/\/www.caudete.org\/ayuntamiento\/wp-content\/uploads\/2025\/03\/CentroJovenColaboracion.jpg\" alt=\"\" width=\"1000\" height=\"750\" srcset=\"https:\/\/www.caudete.org\/ayuntamiento\/wp-content\/uploads\/2025\/03\/CentroJovenColaboracion.jpg 1000w, https:\/\/www.caudete.org\/ayuntamiento\/wp-content\/uploads\/2025\/03\/CentroJovenColaboracion-300x225.jpg 300w, https:\/\/www.caudete.org\/ayuntamiento\/wp-content\/uploads\/2025\/03\/CentroJovenColaboracion-768x576.jpg 768w\" sizes=\"(max-width: 1000px) 100vw, 1000px\" \/><\/a><\/p>\n<p><a href=\"https:\/\/www.caudete.org\/ayuntamiento\/wp-content\/uploads\/2025\/03\/CentroJovenColaboracion2.jpg\" rel='prettyPhoto'><img decoding=\"async\" class=\"alignnone size-full wp-image-27784\" src=\"https:\/\/www.caudete.org\/ayuntamiento\/wp-content\/uploads\/2025\/03\/CentroJovenColaboracion2.jpg\" alt=\"\" width=\"1000\" height=\"750\" srcset=\"https:\/\/www.caudete.org\/ayuntamiento\/wp-content\/uploads\/2025\/03\/CentroJovenColaboracion2.jpg 1000w, https:\/\/www.caudete.org\/ayuntamiento\/wp-content\/uploads\/2025\/03\/CentroJovenColaboracion2-300x225.jpg 300w, https:\/\/www.caudete.org\/ayuntamiento\/wp-content\/uploads\/2025\/03\/CentroJovenColaboracion2-768x576.jpg 768w\" sizes=\"(max-width: 1000px) 100vw, 1000px\" \/><\/a><\/p>\n","protected":false},"excerpt":{"rendered":"<p>&nbsp; El pasado mes de diciembre, la Concejal\u00eda de Juventud recib\u00eda una carta de un grupo de alumnos de 4\u00ba de ESO del IES Pintor Rafael Requena, mediante la cual se hac\u00edan propuestas de actividades l\u00fadicas , de ocio e incluso relacionadas con la naturaleza, dirigidas especialmente a j\u00f3venes y a desarrollarse en la Sala &hellip;<\/p>\n","protected":false},"author":5,"featured_media":27794,"comment_status":"closed","ping_status":"open","sticky":false,"template":"","format":"standard","meta":{"ngg_post_thumbnail":0,"footnotes":""},"categories":[121],"tags":[],"class_list":["post-27763","post","type-post","status-publish","format-standard","has-post-thumbnail","hentry","category-juventud-2"],"yoast_head":"<!-- This site is optimized with the Yoast SEO plugin v27.5 - https:\/\/yoast.com\/product\/yoast-seo-wordpress\/ -->\n<title>La Concejal\u00eda de Juventud establece colaboraci\u00f3n con el alumnado de 4\u00ba ESO del IES Rafael Requena para la gesti\u00f3n de la Sala Joven - MI Ayuntamiento de Caudete<\/title>\n<meta name=\"description\" content=\"P\u00e1gina Oficial del Ayuntamiento de Caudete (Albacete)\" \/>\n<meta name=\"robots\" content=\"index, follow, max-snippet:-1, max-image-preview:large, max-video-preview:-1\" \/>\n<link rel=\"canonical\" href=\"https:\/\/www.caudete.org\/ayuntamiento\/la-concejalia-de-juventud-establece-colaboracion-con-el-alumnado-de-4o-eso-del-ies-rafael-requena-para-la-gestion-de-la-sala-joven\/\" \/>\n<meta property=\"og:locale\" content=\"es_ES\" \/>\n<meta property=\"og:type\" content=\"article\" \/>\n<meta property=\"og:title\" content=\"La Concejal\u00eda de Juventud establece colaboraci\u00f3n con el alumnado de 4\u00ba ESO del IES Rafael Requena para la gesti\u00f3n de la Sala Joven - MI Ayuntamiento de Caudete\" \/>\n<meta property=\"og:description\" content=\"P\u00e1gina Oficial del Ayuntamiento de Caudete (Albacete)\" \/>\n<meta property=\"og:url\" content=\"https:\/\/www.caudete.org\/ayuntamiento\/la-concejalia-de-juventud-establece-colaboracion-con-el-alumnado-de-4o-eso-del-ies-rafael-requena-para-la-gestion-de-la-sala-joven\/\" \/>\n<meta property=\"og:site_name\" content=\"MI Ayuntamiento de Caudete\" \/>\n<meta property=\"article:publisher\" content=\"https:\/\/www.facebook.com\/ayuntamientocaudete\/\" \/>\n<meta property=\"article:published_time\" content=\"2025-03-06T08:00:16+00:00\" \/>\n<meta property=\"article:modified_time\" content=\"2025-03-06T11:27:05+00:00\" \/>\n<meta property=\"og:image\" content=\"https:\/\/www.caudete.org\/ayuntamiento\/wp-content\/uploads\/2025\/03\/CentroJovenport.jpg\" \/>\n\t<meta property=\"og:image:width\" content=\"1000\" \/>\n\t<meta property=\"og:image:height\" content=\"415\" \/>\n\t<meta property=\"og:image:type\" content=\"image\/jpeg\" \/>\n<meta name=\"author\" content=\"Dpto Informatica MI Ayuntamiento de Caudete\" \/>\n<meta name=\"twitter:card\" content=\"summary_large_image\" \/>\n<meta name=\"twitter:label1\" content=\"Escrito por\" \/>\n\t<meta name=\"twitter:data1\" content=\"Dpto Informatica MI Ayuntamiento de Caudete\" \/>\n\t<meta name=\"twitter:label2\" content=\"Tiempo de lectura\" \/>\n\t<meta name=\"twitter:data2\" content=\"2 minutos\" \/>\n<script type=\"application\/ld+json\" class=\"yoast-schema-graph\">{\"@context\":\"https:\\\/\\\/schema.org\",\"@graph\":[{\"@type\":\"Article\",\"@id\":\"https:\\\/\\\/www.caudete.org\\\/ayuntamiento\\\/la-concejalia-de-juventud-establece-colaboracion-con-el-alumnado-de-4o-eso-del-ies-rafael-requena-para-la-gestion-de-la-sala-joven\\\/#article\",\"isPartOf\":{\"@id\":\"https:\\\/\\\/www.caudete.org\\\/ayuntamiento\\\/la-concejalia-de-juventud-establece-colaboracion-con-el-alumnado-de-4o-eso-del-ies-rafael-requena-para-la-gestion-de-la-sala-joven\\\/\"},\"author\":{\"name\":\"Dpto Informatica MI Ayuntamiento de Caudete\",\"@id\":\"https:\\\/\\\/www.caudete.org\\\/ayuntamiento\\\/#\\\/schema\\\/person\\\/4b9eab41761957db9b1bf9c418d1ef46\"},\"headline\":\"La Concejal\u00eda de Juventud establece colaboraci\u00f3n con el alumnado de 4\u00ba ESO del IES Rafael Requena para la gesti\u00f3n de la Sala Joven\",\"datePublished\":\"2025-03-06T08:00:16+00:00\",\"dateModified\":\"2025-03-06T11:27:05+00:00\",\"mainEntityOfPage\":{\"@id\":\"https:\\\/\\\/www.caudete.org\\\/ayuntamiento\\\/la-concejalia-de-juventud-establece-colaboracion-con-el-alumnado-de-4o-eso-del-ies-rafael-requena-para-la-gestion-de-la-sala-joven\\\/\"},\"wordCount\":218,\"publisher\":{\"@id\":\"https:\\\/\\\/www.caudete.org\\\/ayuntamiento\\\/#organization\"},\"image\":{\"@id\":\"https:\\\/\\\/www.caudete.org\\\/ayuntamiento\\\/la-concejalia-de-juventud-establece-colaboracion-con-el-alumnado-de-4o-eso-del-ies-rafael-requena-para-la-gestion-de-la-sala-joven\\\/#primaryimage\"},\"thumbnailUrl\":\"https:\\\/\\\/www.caudete.org\\\/ayuntamiento\\\/wp-content\\\/uploads\\\/2025\\\/03\\\/CentroJovenport.jpg\",\"articleSection\":[\"Juventud\"],\"inLanguage\":\"es\"},{\"@type\":\"WebPage\",\"@id\":\"https:\\\/\\\/www.caudete.org\\\/ayuntamiento\\\/la-concejalia-de-juventud-establece-colaboracion-con-el-alumnado-de-4o-eso-del-ies-rafael-requena-para-la-gestion-de-la-sala-joven\\\/\",\"url\":\"https:\\\/\\\/www.caudete.org\\\/ayuntamiento\\\/la-concejalia-de-juventud-establece-colaboracion-con-el-alumnado-de-4o-eso-del-ies-rafael-requena-para-la-gestion-de-la-sala-joven\\\/\",\"name\":\"La Concejal\u00eda de Juventud establece colaboraci\u00f3n con el alumnado de 4\u00ba ESO del IES Rafael Requena para la gesti\u00f3n de la Sala Joven - MI Ayuntamiento de Caudete\",\"isPartOf\":{\"@id\":\"https:\\\/\\\/www.caudete.org\\\/ayuntamiento\\\/#website\"},\"primaryImageOfPage\":{\"@id\":\"https:\\\/\\\/www.caudete.org\\\/ayuntamiento\\\/la-concejalia-de-juventud-establece-colaboracion-con-el-alumnado-de-4o-eso-del-ies-rafael-requena-para-la-gestion-de-la-sala-joven\\\/#primaryimage\"},\"image\":{\"@id\":\"https:\\\/\\\/www.caudete.org\\\/ayuntamiento\\\/la-concejalia-de-juventud-establece-colaboracion-con-el-alumnado-de-4o-eso-del-ies-rafael-requena-para-la-gestion-de-la-sala-joven\\\/#primaryimage\"},\"thumbnailUrl\":\"https:\\\/\\\/www.caudete.org\\\/ayuntamiento\\\/wp-content\\\/uploads\\\/2025\\\/03\\\/CentroJovenport.jpg\",\"datePublished\":\"2025-03-06T08:00:16+00:00\",\"dateModified\":\"2025-03-06T11:27:05+00:00\",\"description\":\"P\u00e1gina Oficial del Ayuntamiento de Caudete (Albacete)\",\"breadcrumb\":{\"@id\":\"https:\\\/\\\/www.caudete.org\\\/ayuntamiento\\\/la-concejalia-de-juventud-establece-colaboracion-con-el-alumnado-de-4o-eso-del-ies-rafael-requena-para-la-gestion-de-la-sala-joven\\\/#breadcrumb\"},\"inLanguage\":\"es\",\"potentialAction\":[{\"@type\":\"ReadAction\",\"target\":[\"https:\\\/\\\/www.caudete.org\\\/ayuntamiento\\\/la-concejalia-de-juventud-establece-colaboracion-con-el-alumnado-de-4o-eso-del-ies-rafael-requena-para-la-gestion-de-la-sala-joven\\\/\"]}]},{\"@type\":\"ImageObject\",\"inLanguage\":\"es\",\"@id\":\"https:\\\/\\\/www.caudete.org\\\/ayuntamiento\\\/la-concejalia-de-juventud-establece-colaboracion-con-el-alumnado-de-4o-eso-del-ies-rafael-requena-para-la-gestion-de-la-sala-joven\\\/#primaryimage\",\"url\":\"https:\\\/\\\/www.caudete.org\\\/ayuntamiento\\\/wp-content\\\/uploads\\\/2025\\\/03\\\/CentroJovenport.jpg\",\"contentUrl\":\"https:\\\/\\\/www.caudete.org\\\/ayuntamiento\\\/wp-content\\\/uploads\\\/2025\\\/03\\\/CentroJovenport.jpg\",\"width\":1000,\"height\":415},{\"@type\":\"BreadcrumbList\",\"@id\":\"https:\\\/\\\/www.caudete.org\\\/ayuntamiento\\\/la-concejalia-de-juventud-establece-colaboracion-con-el-alumnado-de-4o-eso-del-ies-rafael-requena-para-la-gestion-de-la-sala-joven\\\/#breadcrumb\",\"itemListElement\":[{\"@type\":\"ListItem\",\"position\":1,\"name\":\"Inicio\",\"item\":\"https:\\\/\\\/www.caudete.org\\\/ayuntamiento\\\/\"},{\"@type\":\"ListItem\",\"position\":2,\"name\":\"La Concejal\u00eda de Juventud establece colaboraci\u00f3n con el alumnado de 4\u00ba ESO del IES Rafael Requena para la gesti\u00f3n de la Sala Joven\"}]},{\"@type\":\"WebSite\",\"@id\":\"https:\\\/\\\/www.caudete.org\\\/ayuntamiento\\\/#website\",\"url\":\"https:\\\/\\\/www.caudete.org\\\/ayuntamiento\\\/\",\"name\":\"MI Ayuntamiento de Caudete\",\"description\":\"P\u00e1gina Oficial del MI Ayuntamiento de Caudete\",\"publisher\":{\"@id\":\"https:\\\/\\\/www.caudete.org\\\/ayuntamiento\\\/#organization\"},\"potentialAction\":[{\"@type\":\"SearchAction\",\"target\":{\"@type\":\"EntryPoint\",\"urlTemplate\":\"https:\\\/\\\/www.caudete.org\\\/ayuntamiento\\\/?s={search_term_string}\"},\"query-input\":{\"@type\":\"PropertyValueSpecification\",\"valueRequired\":true,\"valueName\":\"search_term_string\"}}],\"inLanguage\":\"es\"},{\"@type\":\"Organization\",\"@id\":\"https:\\\/\\\/www.caudete.org\\\/ayuntamiento\\\/#organization\",\"name\":\"Ayuntamiento de Caudete\",\"url\":\"https:\\\/\\\/www.caudete.org\\\/ayuntamiento\\\/\",\"logo\":{\"@type\":\"ImageObject\",\"inLanguage\":\"es\",\"@id\":\"https:\\\/\\\/www.caudete.org\\\/ayuntamiento\\\/#\\\/schema\\\/logo\\\/image\\\/\",\"url\":\"https:\\\/\\\/www.caudete.org\\\/ayuntamiento\\\/wp-content\\\/uploads\\\/2020\\\/11\\\/logo_ayuntamiento_caudete.jpg\",\"contentUrl\":\"https:\\\/\\\/www.caudete.org\\\/ayuntamiento\\\/wp-content\\\/uploads\\\/2020\\\/11\\\/logo_ayuntamiento_caudete.jpg\",\"width\":600,\"height\":150,\"caption\":\"Ayuntamiento de Caudete\"},\"image\":{\"@id\":\"https:\\\/\\\/www.caudete.org\\\/ayuntamiento\\\/#\\\/schema\\\/logo\\\/image\\\/\"},\"sameAs\":[\"https:\\\/\\\/www.facebook.com\\\/ayuntamientocaudete\\\/\",\"https:\\\/\\\/www.youtube.com\\\/channel\\\/UC6VztHaooNsGpw-tNoBEFnQ\"]},{\"@type\":\"Person\",\"@id\":\"https:\\\/\\\/www.caudete.org\\\/ayuntamiento\\\/#\\\/schema\\\/person\\\/4b9eab41761957db9b1bf9c418d1ef46\",\"name\":\"Dpto Informatica MI Ayuntamiento de Caudete\",\"image\":{\"@type\":\"ImageObject\",\"inLanguage\":\"es\",\"@id\":\"https:\\\/\\\/secure.gravatar.com\\\/avatar\\\/ac0321ee4a0a83e82a253e7b2d348ef539e2c8fe16d06b600bde04de1b364fa7?s=96&d=mm&r=g\",\"url\":\"https:\\\/\\\/secure.gravatar.com\\\/avatar\\\/ac0321ee4a0a83e82a253e7b2d348ef539e2c8fe16d06b600bde04de1b364fa7?s=96&d=mm&r=g\",\"contentUrl\":\"https:\\\/\\\/secure.gravatar.com\\\/avatar\\\/ac0321ee4a0a83e82a253e7b2d348ef539e2c8fe16d06b600bde04de1b364fa7?s=96&d=mm&r=g\",\"caption\":\"Dpto Informatica MI Ayuntamiento de Caudete\"},\"url\":\"https:\\\/\\\/www.caudete.org\\\/ayuntamiento\\\/author\\\/informatica\\\/\"}]}<\/script>\n<!-- \/ Yoast SEO plugin. -->","yoast_head_json":{"title":"La Concejal\u00eda de Juventud establece colaboraci\u00f3n con el alumnado de 4\u00ba ESO del IES Rafael Requena para la gesti\u00f3n de la Sala Joven - MI Ayuntamiento de Caudete","description":"P\u00e1gina Oficial del Ayuntamiento de Caudete (Albacete)","robots":{"index":"index","follow":"follow","max-snippet":"max-snippet:-1","max-image-preview":"max-image-preview:large","max-video-preview":"max-video-preview:-1"},"canonical":"https:\/\/www.caudete.org\/ayuntamiento\/la-concejalia-de-juventud-establece-colaboracion-con-el-alumnado-de-4o-eso-del-ies-rafael-requena-para-la-gestion-de-la-sala-joven\/","og_locale":"es_ES","og_type":"article","og_title":"La Concejal\u00eda de Juventud establece colaboraci\u00f3n con el alumnado de 4\u00ba ESO del IES Rafael Requena para la gesti\u00f3n de la Sala Joven - MI Ayuntamiento de Caudete","og_description":"P\u00e1gina Oficial del Ayuntamiento de Caudete (Albacete)","og_url":"https:\/\/www.caudete.org\/ayuntamiento\/la-concejalia-de-juventud-establece-colaboracion-con-el-alumnado-de-4o-eso-del-ies-rafael-requena-para-la-gestion-de-la-sala-joven\/","og_site_name":"MI Ayuntamiento de Caudete","article_publisher":"https:\/\/www.facebook.com\/ayuntamientocaudete\/","article_published_time":"2025-03-06T08:00:16+00:00","article_modified_time":"2025-03-06T11:27:05+00:00","og_image":[{"width":1000,"height":415,"url":"https:\/\/www.caudete.org\/ayuntamiento\/wp-content\/uploads\/2025\/03\/CentroJovenport.jpg","type":"image\/jpeg"}],"author":"Dpto Informatica MI Ayuntamiento de Caudete","twitter_card":"summary_large_image","twitter_misc":{"Escrito por":"Dpto Informatica MI Ayuntamiento de Caudete","Tiempo de lectura":"2 minutos"},"schema":{"@context":"https:\/\/schema.org","@graph":[{"@type":"Article","@id":"https:\/\/www.caudete.org\/ayuntamiento\/la-concejalia-de-juventud-establece-colaboracion-con-el-alumnado-de-4o-eso-del-ies-rafael-requena-para-la-gestion-de-la-sala-joven\/#article","isPartOf":{"@id":"https:\/\/www.caudete.org\/ayuntamiento\/la-concejalia-de-juventud-establece-colaboracion-con-el-alumnado-de-4o-eso-del-ies-rafael-requena-para-la-gestion-de-la-sala-joven\/"},"author":{"name":"Dpto Informatica MI Ayuntamiento de Caudete","@id":"https:\/\/www.caudete.org\/ayuntamiento\/#\/schema\/person\/4b9eab41761957db9b1bf9c418d1ef46"},"headline":"La Concejal\u00eda de Juventud establece colaboraci\u00f3n con el alumnado de 4\u00ba ESO del IES Rafael Requena para la gesti\u00f3n de la Sala Joven","datePublished":"2025-03-06T08:00:16+00:00","dateModified":"2025-03-06T11:27:05+00:00","mainEntityOfPage":{"@id":"https:\/\/www.caudete.org\/ayuntamiento\/la-concejalia-de-juventud-establece-colaboracion-con-el-alumnado-de-4o-eso-del-ies-rafael-requena-para-la-gestion-de-la-sala-joven\/"},"wordCount":218,"publisher":{"@id":"https:\/\/www.caudete.org\/ayuntamiento\/#organization"},"image":{"@id":"https:\/\/www.caudete.org\/ayuntamiento\/la-concejalia-de-juventud-establece-colaboracion-con-el-alumnado-de-4o-eso-del-ies-rafael-requena-para-la-gestion-de-la-sala-joven\/#primaryimage"},"thumbnailUrl":"https:\/\/www.caudete.org\/ayuntamiento\/wp-content\/uploads\/2025\/03\/CentroJovenport.jpg","articleSection":["Juventud"],"inLanguage":"es"},{"@type":"WebPage","@id":"https:\/\/www.caudete.org\/ayuntamiento\/la-concejalia-de-juventud-establece-colaboracion-con-el-alumnado-de-4o-eso-del-ies-rafael-requena-para-la-gestion-de-la-sala-joven\/","url":"https:\/\/www.caudete.org\/ayuntamiento\/la-concejalia-de-juventud-establece-colaboracion-con-el-alumnado-de-4o-eso-del-ies-rafael-requena-para-la-gestion-de-la-sala-joven\/","name":"La Concejal\u00eda de Juventud establece colaboraci\u00f3n con el alumnado de 4\u00ba ESO del IES Rafael Requena para la gesti\u00f3n de la Sala Joven - MI Ayuntamiento de Caudete","isPartOf":{"@id":"https:\/\/www.caudete.org\/ayuntamiento\/#website"},"primaryImageOfPage":{"@id":"https:\/\/www.caudete.org\/ayuntamiento\/la-concejalia-de-juventud-establece-colaboracion-con-el-alumnado-de-4o-eso-del-ies-rafael-requena-para-la-gestion-de-la-sala-joven\/#primaryimage"},"image":{"@id":"https:\/\/www.caudete.org\/ayuntamiento\/la-concejalia-de-juventud-establece-colaboracion-con-el-alumnado-de-4o-eso-del-ies-rafael-requena-para-la-gestion-de-la-sala-joven\/#primaryimage"},"thumbnailUrl":"https:\/\/www.caudete.org\/ayuntamiento\/wp-content\/uploads\/2025\/03\/CentroJovenport.jpg","datePublished":"2025-03-06T08:00:16+00:00","dateModified":"2025-03-06T11:27:05+00:00","description":"P\u00e1gina Oficial del Ayuntamiento de Caudete (Albacete)","breadcrumb":{"@id":"https:\/\/www.caudete.org\/ayuntamiento\/la-concejalia-de-juventud-establece-colaboracion-con-el-alumnado-de-4o-eso-del-ies-rafael-requena-para-la-gestion-de-la-sala-joven\/#breadcrumb"},"inLanguage":"es","potentialAction":[{"@type":"ReadAction","target":["https:\/\/www.caudete.org\/ayuntamiento\/la-concejalia-de-juventud-establece-colaboracion-con-el-alumnado-de-4o-eso-del-ies-rafael-requena-para-la-gestion-de-la-sala-joven\/"]}]},{"@type":"ImageObject","inLanguage":"es","@id":"https:\/\/www.caudete.org\/ayuntamiento\/la-concejalia-de-juventud-establece-colaboracion-con-el-alumnado-de-4o-eso-del-ies-rafael-requena-para-la-gestion-de-la-sala-joven\/#primaryimage","url":"https:\/\/www.caudete.org\/ayuntamiento\/wp-content\/uploads\/2025\/03\/CentroJovenport.jpg","contentUrl":"https:\/\/www.caudete.org\/ayuntamiento\/wp-content\/uploads\/2025\/03\/CentroJovenport.jpg","width":1000,"height":415},{"@type":"BreadcrumbList","@id":"https:\/\/www.caudete.org\/ayuntamiento\/la-concejalia-de-juventud-establece-colaboracion-con-el-alumnado-de-4o-eso-del-ies-rafael-requena-para-la-gestion-de-la-sala-joven\/#breadcrumb","itemListElement":[{"@type":"ListItem","position":1,"name":"Inicio","item":"https:\/\/www.caudete.org\/ayuntamiento\/"},{"@type":"ListItem","position":2,"name":"La Concejal\u00eda de Juventud establece colaboraci\u00f3n con el alumnado de 4\u00ba ESO del IES Rafael Requena para la gesti\u00f3n de la Sala Joven"}]},{"@type":"WebSite","@id":"https:\/\/www.caudete.org\/ayuntamiento\/#website","url":"https:\/\/www.caudete.org\/ayuntamiento\/","name":"MI Ayuntamiento de Caudete","description":"P\u00e1gina Oficial del MI Ayuntamiento de Caudete","publisher":{"@id":"https:\/\/www.caudete.org\/ayuntamiento\/#organization"},"potentialAction":[{"@type":"SearchAction","target":{"@type":"EntryPoint","urlTemplate":"https:\/\/www.caudete.org\/ayuntamiento\/?s={search_term_string}"},"query-input":{"@type":"PropertyValueSpecification","valueRequired":true,"valueName":"search_term_string"}}],"inLanguage":"es"},{"@type":"Organization","@id":"https:\/\/www.caudete.org\/ayuntamiento\/#organization","name":"Ayuntamiento de Caudete","url":"https:\/\/www.caudete.org\/ayuntamiento\/","logo":{"@type":"ImageObject","inLanguage":"es","@id":"https:\/\/www.caudete.org\/ayuntamiento\/#\/schema\/logo\/image\/","url":"https:\/\/www.caudete.org\/ayuntamiento\/wp-content\/uploads\/2020\/11\/logo_ayuntamiento_caudete.jpg","contentUrl":"https:\/\/www.caudete.org\/ayuntamiento\/wp-content\/uploads\/2020\/11\/logo_ayuntamiento_caudete.jpg","width":600,"height":150,"caption":"Ayuntamiento de Caudete"},"image":{"@id":"https:\/\/www.caudete.org\/ayuntamiento\/#\/schema\/logo\/image\/"},"sameAs":["https:\/\/www.facebook.com\/ayuntamientocaudete\/","https:\/\/www.youtube.com\/channel\/UC6VztHaooNsGpw-tNoBEFnQ"]},{"@type":"Person","@id":"https:\/\/www.caudete.org\/ayuntamiento\/#\/schema\/person\/4b9eab41761957db9b1bf9c418d1ef46","name":"Dpto Informatica MI Ayuntamiento de Caudete","image":{"@type":"ImageObject","inLanguage":"es","@id":"https:\/\/secure.gravatar.com\/avatar\/ac0321ee4a0a83e82a253e7b2d348ef539e2c8fe16d06b600bde04de1b364fa7?s=96&d=mm&r=g","url":"https:\/\/secure.gravatar.com\/avatar\/ac0321ee4a0a83e82a253e7b2d348ef539e2c8fe16d06b600bde04de1b364fa7?s=96&d=mm&r=g","contentUrl":"https:\/\/secure.gravatar.com\/avatar\/ac0321ee4a0a83e82a253e7b2d348ef539e2c8fe16d06b600bde04de1b364fa7?s=96&d=mm&r=g","caption":"Dpto Informatica MI Ayuntamiento de Caudete"},"url":"https:\/\/www.caudete.org\/ayuntamiento\/author\/informatica\/"}]}},"_links":{"self":[{"href":"https:\/\/www.caudete.org\/ayuntamiento\/wp-json\/wp\/v2\/posts\/27763","targetHints":{"allow":["GET"]}}],"collection":[{"href":"https:\/\/www.caudete.org\/ayuntamiento\/wp-json\/wp\/v2\/posts"}],"about":[{"href":"https:\/\/www.caudete.org\/ayuntamiento\/wp-json\/wp\/v2\/types\/post"}],"author":[{"embeddable":true,"href":"https:\/\/www.caudete.org\/ayuntamiento\/wp-json\/wp\/v2\/users\/5"}],"replies":[{"embeddable":true,"href":"https:\/\/www.caudete.org\/ayuntamiento\/wp-json\/wp\/v2\/comments?post=27763"}],"version-history":[{"count":6,"href":"https:\/\/www.caudete.org\/ayuntamiento\/wp-json\/wp\/v2\/posts\/27763\/revisions"}],"predecessor-version":[{"id":27795,"href":"https:\/\/www.caudete.org\/ayuntamiento\/wp-json\/wp\/v2\/posts\/27763\/revisions\/27795"}],"wp:featuredmedia":[{"embeddable":true,"href":"https:\/\/www.caudete.org\/ayuntamiento\/wp-json\/wp\/v2\/media\/27794"}],"wp:attachment":[{"href":"https:\/\/www.caudete.org\/ayuntamiento\/wp-json\/wp\/v2\/media?parent=27763"}],"wp:term":[{"taxonomy":"category","embeddable":true,"href":"https:\/\/www.caudete.org\/ayuntamiento\/wp-json\/wp\/v2\/categories?post=27763"},{"taxonomy":"post_tag","embeddable":true,"href":"https:\/\/www.caudete.org\/ayuntamiento\/wp-json\/wp\/v2\/tags?post=27763"}],"curies":[{"name":"wp","href":"https:\/\/api.w.org\/{rel}","templated":true}]}}