{"id":27770,"date":"2025-03-05T15:40:15","date_gmt":"2025-03-05T14:40:15","guid":{"rendered":"https:\/\/www.caudete.org\/ayuntamiento\/?p=27770"},"modified":"2025-03-05T15:40:51","modified_gmt":"2025-03-05T14:40:51","slug":"se-extiende-hasta-manana-jueves-la-alerta-amarilla-por-fuertes-lluvias","status":"publish","type":"post","link":"https:\/\/www.caudete.org\/ayuntamiento\/se-extiende-hasta-manana-jueves-la-alerta-amarilla-por-fuertes-lluvias\/","title":{"rendered":"Se extiende hasta ma\u00f1ana jueves la Alerta AMARILLA por fuertes lluvias"},"content":{"rendered":"<p style=\"text-align: justify;\">La <strong>AEMET<\/strong> ha actualizado la situaci\u00f3n meteorol\u00f3gica que afecta a nuestra zona, donde Caudete se ve afectada, y que supone extender hasta las 06.00h del jueves 6 de Marzo la situaci\u00f3n de <strong>alerta nivel amarillo<\/strong>, destacando que las provincias de Valencia y Castell\u00f3n est\u00e1n en color Naranja, mientras que Alicante, Murcia y el sureste de Albacete en Amarillo.<\/p>\n<p style=\"text-align: justify;\">As\u00ed las cosas, el Alcalde ha reunido al CECOPAL tras recibir aviso del 112 CLM informando de las novedades, procediendo a extender la alerta a la franja indicada por el 112 y AEMET.<\/p>\n<p style=\"text-align: justify;\">Cabe destacar que ayer, la Direcci\u00f3n del Plan Municipal de Emergencias (PLATEMUN), junto a la Concejal\u00eda de Emergencias, procedieron a la <strong>activaci\u00f3n del<\/strong>\u00a0citado\u00a0<strong>Plan Municipal en Fase de Alerta Nivel 0<\/strong>, lo que fue trasladado a los integrantes del Centro de Coordinaci\u00f3n de Operaciones Municipal para su informaci\u00f3n, y que tras la actualizaci\u00f3n queda como sigue:<\/p>\n<ul style=\"text-align: justify;\">\n<li>Alerta recibida para el territorio:\u00a0<strong>Nivel Amarillo<\/strong><\/li>\n<li>Fen\u00f3meno destacado:\u00a0<strong>Lluvias<\/strong>.<\/li>\n<li>Intensidad: precipitaci\u00f3n\u00a0<strong>acumulada en 12 horas: 40 mm<\/strong><\/li>\n<li>Tramo horario afectado: desde las\u00a0<strong>04.00h del 05\/03\/2025 hasta las 06.00h del 06\/03\/2025<\/strong><\/li>\n<li>Alerta recibida en territorios lim\u00edtrofes: Naranja (provincia de Valencia), Amarillo (provincias de Alicante, Murcia y sureste de Albacete).<\/li>\n<\/ul>\n<p style=\"text-align: justify;\"><strong>As\u00ed mismo, la Direcci\u00f3n del Plan ha acordado:<\/strong><\/p>\n<p style=\"text-align: justify;\">1\u00ba. Suspensi\u00f3n de actividades municipales que se desarrollen en la v\u00eda p\u00fablica o espacios p\u00fablicos al aire libre.<\/p>\n<p style=\"text-align: justify;\">2\u00ba Recomendaci\u00f3n a la ciudadan\u00eda de no transitar por zonas de avenidas de agua.<\/p>\n<p style=\"text-align: justify;\">3\u00ba.atender en todo momento la informaci\u00f3n de fuentes oficiales.<\/p>\n<h4 style=\"text-align: justify;\">Consejos y precauciones a tener en cuenta ante fuertes lluvias y viento<\/h4>\n<ul>\n<li style=\"text-align: justify;\">Si le sorprende una\u00a0lluvia muy intensa en la carretera, reduzca la velocidad, adapt\u00e1ndose a la visibilidad existente.<\/li>\n<li style=\"text-align: justify;\">Evite siempre pasar por tramos inundados, cauces o ramblas.<\/li>\n<li style=\"text-align: justify;\">Si va a pie por el campo, busque lugares elevados ante la posibilidad de una inundaci\u00f3n.<\/li>\n<li style=\"text-align: justify;\">Con respecto a las lluvias copiosas, retire de su vivienda los elementos exteriores que puedan ser arrastrados por el agua. Si se inunda parte de su casa, abandone s\u00f3tanos y plantas bajas, y desconecte la energ\u00eda el\u00e9ctrica.<\/li>\n<li style=\"text-align: justify;\">Si se encuentra con fuertes\u00a0rachas de viento, se recomienda a todos los ciudadanos, si se encuentran en su vivienda, cerrar y asegurar ventanas, puertas y toldos, as\u00ed como retirar macetas o cualquier otro objeto que pueda caer a la calle y provocar un accidente.<\/li>\n<li style=\"text-align: justify;\">En el caso de encontrarse en la calle o en el campo, es conveniente alejarse de cornisas, muros o \u00e1rboles que puedan desprenderse, y tomar precauciones delante de edificaciones en construcci\u00f3n o en mal estado.<\/li>\n<li style=\"text-align: justify;\">Ante estas circunstancias desfavorables, es conveniente evitar los desplazamientos por carretera y, si es necesario hacerlos, informarse de las condiciones meteorol\u00f3gicas de la zona a la que se dirige y extremar las precauciones por la posible presencia de obst\u00e1culos en la v\u00eda.<\/li>\n<li style=\"text-align: justify;\">Por \u00faltimo, se recuerda que\u00a0en caso de emergencia\u00a0debe llamar al\u00a0tel\u00e9fono 112.<\/li>\n<\/ul>\n<p style=\"text-align: center;\"><a href=\"https:\/\/www.caudete.org\/ayuntamiento\/wp-content\/uploads\/2025\/03\/WhatsApp-Image-2025-03-05-at-12.32.46.jpeg\" rel='prettyPhoto'><img fetchpriority=\"high\" decoding=\"async\" class=\"alignnone wp-image-27771 size-full\" src=\"https:\/\/www.caudete.org\/ayuntamiento\/wp-content\/uploads\/2025\/03\/WhatsApp-Image-2025-03-05-at-12.32.46.jpeg\" alt=\"\" width=\"794\" height=\"626\" srcset=\"https:\/\/www.caudete.org\/ayuntamiento\/wp-content\/uploads\/2025\/03\/WhatsApp-Image-2025-03-05-at-12.32.46.jpeg 794w, https:\/\/www.caudete.org\/ayuntamiento\/wp-content\/uploads\/2025\/03\/WhatsApp-Image-2025-03-05-at-12.32.46-300x237.jpeg 300w, https:\/\/www.caudete.org\/ayuntamiento\/wp-content\/uploads\/2025\/03\/WhatsApp-Image-2025-03-05-at-12.32.46-768x606.jpeg 768w\" sizes=\"(max-width: 794px) 100vw, 794px\" \/><\/a><\/p>\n","protected":false},"excerpt":{"rendered":"<p>La AEMET ha actualizado la situaci\u00f3n meteorol\u00f3gica que afecta a nuestra zona, donde Caudete se ve afectada, y que supone extender hasta las 06.00h del jueves 6 de Marzo la situaci\u00f3n de alerta nivel amarillo, destacando que las provincias de Valencia y Castell\u00f3n est\u00e1n en color Naranja, mientras que Alicante, Murcia y el sureste de &hellip;<\/p>\n","protected":false},"author":3,"featured_media":27771,"comment_status":"closed","ping_status":"open","sticky":false,"template":"","format":"standard","meta":{"ngg_post_thumbnail":0,"footnotes":""},"categories":[41],"tags":[],"class_list":["post-27770","post","type-post","status-publish","format-standard","has-post-thumbnail","hentry","category-emergencias"],"yoast_head":"<!-- This site is optimized with the Yoast SEO plugin v27.5 - https:\/\/yoast.com\/product\/yoast-seo-wordpress\/ -->\n<title>Se extiende hasta ma\u00f1ana jueves la Alerta AMARILLA por fuertes lluvias - MI Ayuntamiento de Caudete<\/title>\n<meta name=\"description\" content=\"P\u00e1gina Oficial del Ayuntamiento de Caudete (Albacete)\" \/>\n<meta name=\"robots\" content=\"index, follow, max-snippet:-1, max-image-preview:large, max-video-preview:-1\" \/>\n<link rel=\"canonical\" href=\"https:\/\/www.caudete.org\/ayuntamiento\/se-extiende-hasta-manana-jueves-la-alerta-amarilla-por-fuertes-lluvias\/\" \/>\n<meta property=\"og:locale\" content=\"es_ES\" \/>\n<meta property=\"og:type\" content=\"article\" \/>\n<meta property=\"og:title\" content=\"Se extiende hasta ma\u00f1ana jueves la Alerta AMARILLA por fuertes lluvias - MI Ayuntamiento de Caudete\" \/>\n<meta property=\"og:description\" content=\"P\u00e1gina Oficial del Ayuntamiento de Caudete (Albacete)\" \/>\n<meta property=\"og:url\" content=\"https:\/\/www.caudete.org\/ayuntamiento\/se-extiende-hasta-manana-jueves-la-alerta-amarilla-por-fuertes-lluvias\/\" \/>\n<meta property=\"og:site_name\" content=\"MI Ayuntamiento de Caudete\" \/>\n<meta property=\"article:publisher\" content=\"https:\/\/www.facebook.com\/ayuntamientocaudete\/\" \/>\n<meta property=\"article:published_time\" content=\"2025-03-05T14:40:15+00:00\" \/>\n<meta property=\"article:modified_time\" content=\"2025-03-05T14:40:51+00:00\" \/>\n<meta property=\"og:image\" content=\"https:\/\/www.caudete.org\/ayuntamiento\/wp-content\/uploads\/2025\/03\/WhatsApp-Image-2025-03-05-at-12.32.46.jpeg\" \/>\n\t<meta property=\"og:image:width\" content=\"794\" \/>\n\t<meta property=\"og:image:height\" content=\"626\" \/>\n\t<meta property=\"og:image:type\" content=\"image\/jpeg\" \/>\n<meta name=\"author\" content=\"alcalde\" \/>\n<meta name=\"twitter:card\" content=\"summary_large_image\" \/>\n<meta name=\"twitter:label1\" content=\"Escrito por\" \/>\n\t<meta name=\"twitter:data1\" content=\"alcalde\" \/>\n\t<meta name=\"twitter:label2\" content=\"Tiempo de lectura\" \/>\n\t<meta name=\"twitter:data2\" content=\"3 minutos\" \/>\n<script type=\"application\/ld+json\" class=\"yoast-schema-graph\">{\"@context\":\"https:\\\/\\\/schema.org\",\"@graph\":[{\"@type\":\"Article\",\"@id\":\"https:\\\/\\\/www.caudete.org\\\/ayuntamiento\\\/se-extiende-hasta-manana-jueves-la-alerta-amarilla-por-fuertes-lluvias\\\/#article\",\"isPartOf\":{\"@id\":\"https:\\\/\\\/www.caudete.org\\\/ayuntamiento\\\/se-extiende-hasta-manana-jueves-la-alerta-amarilla-por-fuertes-lluvias\\\/\"},\"author\":{\"name\":\"alcalde\",\"@id\":\"https:\\\/\\\/www.caudete.org\\\/ayuntamiento\\\/#\\\/schema\\\/person\\\/cc646da9133078ee4d8dd47457947253\"},\"headline\":\"Se extiende hasta ma\u00f1ana jueves la Alerta AMARILLA por fuertes lluvias\",\"datePublished\":\"2025-03-05T14:40:15+00:00\",\"dateModified\":\"2025-03-05T14:40:51+00:00\",\"mainEntityOfPage\":{\"@id\":\"https:\\\/\\\/www.caudete.org\\\/ayuntamiento\\\/se-extiende-hasta-manana-jueves-la-alerta-amarilla-por-fuertes-lluvias\\\/\"},\"wordCount\":507,\"publisher\":{\"@id\":\"https:\\\/\\\/www.caudete.org\\\/ayuntamiento\\\/#organization\"},\"image\":{\"@id\":\"https:\\\/\\\/www.caudete.org\\\/ayuntamiento\\\/se-extiende-hasta-manana-jueves-la-alerta-amarilla-por-fuertes-lluvias\\\/#primaryimage\"},\"thumbnailUrl\":\"https:\\\/\\\/www.caudete.org\\\/ayuntamiento\\\/wp-content\\\/uploads\\\/2025\\\/03\\\/WhatsApp-Image-2025-03-05-at-12.32.46.jpeg\",\"articleSection\":[\"Emergencias\"],\"inLanguage\":\"es\"},{\"@type\":\"WebPage\",\"@id\":\"https:\\\/\\\/www.caudete.org\\\/ayuntamiento\\\/se-extiende-hasta-manana-jueves-la-alerta-amarilla-por-fuertes-lluvias\\\/\",\"url\":\"https:\\\/\\\/www.caudete.org\\\/ayuntamiento\\\/se-extiende-hasta-manana-jueves-la-alerta-amarilla-por-fuertes-lluvias\\\/\",\"name\":\"Se extiende hasta ma\u00f1ana jueves la Alerta AMARILLA por fuertes lluvias - MI Ayuntamiento de Caudete\",\"isPartOf\":{\"@id\":\"https:\\\/\\\/www.caudete.org\\\/ayuntamiento\\\/#website\"},\"primaryImageOfPage\":{\"@id\":\"https:\\\/\\\/www.caudete.org\\\/ayuntamiento\\\/se-extiende-hasta-manana-jueves-la-alerta-amarilla-por-fuertes-lluvias\\\/#primaryimage\"},\"image\":{\"@id\":\"https:\\\/\\\/www.caudete.org\\\/ayuntamiento\\\/se-extiende-hasta-manana-jueves-la-alerta-amarilla-por-fuertes-lluvias\\\/#primaryimage\"},\"thumbnailUrl\":\"https:\\\/\\\/www.caudete.org\\\/ayuntamiento\\\/wp-content\\\/uploads\\\/2025\\\/03\\\/WhatsApp-Image-2025-03-05-at-12.32.46.jpeg\",\"datePublished\":\"2025-03-05T14:40:15+00:00\",\"dateModified\":\"2025-03-05T14:40:51+00:00\",\"description\":\"P\u00e1gina Oficial del Ayuntamiento de Caudete (Albacete)\",\"breadcrumb\":{\"@id\":\"https:\\\/\\\/www.caudete.org\\\/ayuntamiento\\\/se-extiende-hasta-manana-jueves-la-alerta-amarilla-por-fuertes-lluvias\\\/#breadcrumb\"},\"inLanguage\":\"es\",\"potentialAction\":[{\"@type\":\"ReadAction\",\"target\":[\"https:\\\/\\\/www.caudete.org\\\/ayuntamiento\\\/se-extiende-hasta-manana-jueves-la-alerta-amarilla-por-fuertes-lluvias\\\/\"]}]},{\"@type\":\"ImageObject\",\"inLanguage\":\"es\",\"@id\":\"https:\\\/\\\/www.caudete.org\\\/ayuntamiento\\\/se-extiende-hasta-manana-jueves-la-alerta-amarilla-por-fuertes-lluvias\\\/#primaryimage\",\"url\":\"https:\\\/\\\/www.caudete.org\\\/ayuntamiento\\\/wp-content\\\/uploads\\\/2025\\\/03\\\/WhatsApp-Image-2025-03-05-at-12.32.46.jpeg\",\"contentUrl\":\"https:\\\/\\\/www.caudete.org\\\/ayuntamiento\\\/wp-content\\\/uploads\\\/2025\\\/03\\\/WhatsApp-Image-2025-03-05-at-12.32.46.jpeg\",\"width\":794,\"height\":626},{\"@type\":\"BreadcrumbList\",\"@id\":\"https:\\\/\\\/www.caudete.org\\\/ayuntamiento\\\/se-extiende-hasta-manana-jueves-la-alerta-amarilla-por-fuertes-lluvias\\\/#breadcrumb\",\"itemListElement\":[{\"@type\":\"ListItem\",\"position\":1,\"name\":\"Inicio\",\"item\":\"https:\\\/\\\/www.caudete.org\\\/ayuntamiento\\\/\"},{\"@type\":\"ListItem\",\"position\":2,\"name\":\"Se extiende hasta ma\u00f1ana jueves la Alerta AMARILLA por fuertes lluvias\"}]},{\"@type\":\"WebSite\",\"@id\":\"https:\\\/\\\/www.caudete.org\\\/ayuntamiento\\\/#website\",\"url\":\"https:\\\/\\\/www.caudete.org\\\/ayuntamiento\\\/\",\"name\":\"MI Ayuntamiento de Caudete\",\"description\":\"P\u00e1gina Oficial del MI Ayuntamiento de Caudete\",\"publisher\":{\"@id\":\"https:\\\/\\\/www.caudete.org\\\/ayuntamiento\\\/#organization\"},\"potentialAction\":[{\"@type\":\"SearchAction\",\"target\":{\"@type\":\"EntryPoint\",\"urlTemplate\":\"https:\\\/\\\/www.caudete.org\\\/ayuntamiento\\\/?s={search_term_string}\"},\"query-input\":{\"@type\":\"PropertyValueSpecification\",\"valueRequired\":true,\"valueName\":\"search_term_string\"}}],\"inLanguage\":\"es\"},{\"@type\":\"Organization\",\"@id\":\"https:\\\/\\\/www.caudete.org\\\/ayuntamiento\\\/#organization\",\"name\":\"Ayuntamiento de Caudete\",\"url\":\"https:\\\/\\\/www.caudete.org\\\/ayuntamiento\\\/\",\"logo\":{\"@type\":\"ImageObject\",\"inLanguage\":\"es\",\"@id\":\"https:\\\/\\\/www.caudete.org\\\/ayuntamiento\\\/#\\\/schema\\\/logo\\\/image\\\/\",\"url\":\"https:\\\/\\\/www.caudete.org\\\/ayuntamiento\\\/wp-content\\\/uploads\\\/2020\\\/11\\\/logo_ayuntamiento_caudete.jpg\",\"contentUrl\":\"https:\\\/\\\/www.caudete.org\\\/ayuntamiento\\\/wp-content\\\/uploads\\\/2020\\\/11\\\/logo_ayuntamiento_caudete.jpg\",\"width\":600,\"height\":150,\"caption\":\"Ayuntamiento de Caudete\"},\"image\":{\"@id\":\"https:\\\/\\\/www.caudete.org\\\/ayuntamiento\\\/#\\\/schema\\\/logo\\\/image\\\/\"},\"sameAs\":[\"https:\\\/\\\/www.facebook.com\\\/ayuntamientocaudete\\\/\",\"https:\\\/\\\/www.youtube.com\\\/channel\\\/UC6VztHaooNsGpw-tNoBEFnQ\"]},{\"@type\":\"Person\",\"@id\":\"https:\\\/\\\/www.caudete.org\\\/ayuntamiento\\\/#\\\/schema\\\/person\\\/cc646da9133078ee4d8dd47457947253\",\"name\":\"alcalde\",\"image\":{\"@type\":\"ImageObject\",\"inLanguage\":\"es\",\"@id\":\"https:\\\/\\\/secure.gravatar.com\\\/avatar\\\/84a817ba065b29ff08d666b215a215f5c79186a645ccb25b14a663d48a130f77?s=96&d=mm&r=g\",\"url\":\"https:\\\/\\\/secure.gravatar.com\\\/avatar\\\/84a817ba065b29ff08d666b215a215f5c79186a645ccb25b14a663d48a130f77?s=96&d=mm&r=g\",\"contentUrl\":\"https:\\\/\\\/secure.gravatar.com\\\/avatar\\\/84a817ba065b29ff08d666b215a215f5c79186a645ccb25b14a663d48a130f77?s=96&d=mm&r=g\",\"caption\":\"alcalde\"},\"url\":\"https:\\\/\\\/www.caudete.org\\\/ayuntamiento\\\/author\\\/alcalde\\\/\"}]}<\/script>\n<!-- \/ Yoast SEO plugin. -->","yoast_head_json":{"title":"Se extiende hasta ma\u00f1ana jueves la Alerta AMARILLA por fuertes lluvias - MI Ayuntamiento de Caudete","description":"P\u00e1gina Oficial del Ayuntamiento de Caudete (Albacete)","robots":{"index":"index","follow":"follow","max-snippet":"max-snippet:-1","max-image-preview":"max-image-preview:large","max-video-preview":"max-video-preview:-1"},"canonical":"https:\/\/www.caudete.org\/ayuntamiento\/se-extiende-hasta-manana-jueves-la-alerta-amarilla-por-fuertes-lluvias\/","og_locale":"es_ES","og_type":"article","og_title":"Se extiende hasta ma\u00f1ana jueves la Alerta AMARILLA por fuertes lluvias - MI Ayuntamiento de Caudete","og_description":"P\u00e1gina Oficial del Ayuntamiento de Caudete (Albacete)","og_url":"https:\/\/www.caudete.org\/ayuntamiento\/se-extiende-hasta-manana-jueves-la-alerta-amarilla-por-fuertes-lluvias\/","og_site_name":"MI Ayuntamiento de Caudete","article_publisher":"https:\/\/www.facebook.com\/ayuntamientocaudete\/","article_published_time":"2025-03-05T14:40:15+00:00","article_modified_time":"2025-03-05T14:40:51+00:00","og_image":[{"width":794,"height":626,"url":"https:\/\/www.caudete.org\/ayuntamiento\/wp-content\/uploads\/2025\/03\/WhatsApp-Image-2025-03-05-at-12.32.46.jpeg","type":"image\/jpeg"}],"author":"alcalde","twitter_card":"summary_large_image","twitter_misc":{"Escrito por":"alcalde","Tiempo de lectura":"3 minutos"},"schema":{"@context":"https:\/\/schema.org","@graph":[{"@type":"Article","@id":"https:\/\/www.caudete.org\/ayuntamiento\/se-extiende-hasta-manana-jueves-la-alerta-amarilla-por-fuertes-lluvias\/#article","isPartOf":{"@id":"https:\/\/www.caudete.org\/ayuntamiento\/se-extiende-hasta-manana-jueves-la-alerta-amarilla-por-fuertes-lluvias\/"},"author":{"name":"alcalde","@id":"https:\/\/www.caudete.org\/ayuntamiento\/#\/schema\/person\/cc646da9133078ee4d8dd47457947253"},"headline":"Se extiende hasta ma\u00f1ana jueves la Alerta AMARILLA por fuertes lluvias","datePublished":"2025-03-05T14:40:15+00:00","dateModified":"2025-03-05T14:40:51+00:00","mainEntityOfPage":{"@id":"https:\/\/www.caudete.org\/ayuntamiento\/se-extiende-hasta-manana-jueves-la-alerta-amarilla-por-fuertes-lluvias\/"},"wordCount":507,"publisher":{"@id":"https:\/\/www.caudete.org\/ayuntamiento\/#organization"},"image":{"@id":"https:\/\/www.caudete.org\/ayuntamiento\/se-extiende-hasta-manana-jueves-la-alerta-amarilla-por-fuertes-lluvias\/#primaryimage"},"thumbnailUrl":"https:\/\/www.caudete.org\/ayuntamiento\/wp-content\/uploads\/2025\/03\/WhatsApp-Image-2025-03-05-at-12.32.46.jpeg","articleSection":["Emergencias"],"inLanguage":"es"},{"@type":"WebPage","@id":"https:\/\/www.caudete.org\/ayuntamiento\/se-extiende-hasta-manana-jueves-la-alerta-amarilla-por-fuertes-lluvias\/","url":"https:\/\/www.caudete.org\/ayuntamiento\/se-extiende-hasta-manana-jueves-la-alerta-amarilla-por-fuertes-lluvias\/","name":"Se extiende hasta ma\u00f1ana jueves la Alerta AMARILLA por fuertes lluvias - MI Ayuntamiento de Caudete","isPartOf":{"@id":"https:\/\/www.caudete.org\/ayuntamiento\/#website"},"primaryImageOfPage":{"@id":"https:\/\/www.caudete.org\/ayuntamiento\/se-extiende-hasta-manana-jueves-la-alerta-amarilla-por-fuertes-lluvias\/#primaryimage"},"image":{"@id":"https:\/\/www.caudete.org\/ayuntamiento\/se-extiende-hasta-manana-jueves-la-alerta-amarilla-por-fuertes-lluvias\/#primaryimage"},"thumbnailUrl":"https:\/\/www.caudete.org\/ayuntamiento\/wp-content\/uploads\/2025\/03\/WhatsApp-Image-2025-03-05-at-12.32.46.jpeg","datePublished":"2025-03-05T14:40:15+00:00","dateModified":"2025-03-05T14:40:51+00:00","description":"P\u00e1gina Oficial del Ayuntamiento de Caudete (Albacete)","breadcrumb":{"@id":"https:\/\/www.caudete.org\/ayuntamiento\/se-extiende-hasta-manana-jueves-la-alerta-amarilla-por-fuertes-lluvias\/#breadcrumb"},"inLanguage":"es","potentialAction":[{"@type":"ReadAction","target":["https:\/\/www.caudete.org\/ayuntamiento\/se-extiende-hasta-manana-jueves-la-alerta-amarilla-por-fuertes-lluvias\/"]}]},{"@type":"ImageObject","inLanguage":"es","@id":"https:\/\/www.caudete.org\/ayuntamiento\/se-extiende-hasta-manana-jueves-la-alerta-amarilla-por-fuertes-lluvias\/#primaryimage","url":"https:\/\/www.caudete.org\/ayuntamiento\/wp-content\/uploads\/2025\/03\/WhatsApp-Image-2025-03-05-at-12.32.46.jpeg","contentUrl":"https:\/\/www.caudete.org\/ayuntamiento\/wp-content\/uploads\/2025\/03\/WhatsApp-Image-2025-03-05-at-12.32.46.jpeg","width":794,"height":626},{"@type":"BreadcrumbList","@id":"https:\/\/www.caudete.org\/ayuntamiento\/se-extiende-hasta-manana-jueves-la-alerta-amarilla-por-fuertes-lluvias\/#breadcrumb","itemListElement":[{"@type":"ListItem","position":1,"name":"Inicio","item":"https:\/\/www.caudete.org\/ayuntamiento\/"},{"@type":"ListItem","position":2,"name":"Se extiende hasta ma\u00f1ana jueves la Alerta AMARILLA por fuertes lluvias"}]},{"@type":"WebSite","@id":"https:\/\/www.caudete.org\/ayuntamiento\/#website","url":"https:\/\/www.caudete.org\/ayuntamiento\/","name":"MI Ayuntamiento de Caudete","description":"P\u00e1gina Oficial del MI Ayuntamiento de Caudete","publisher":{"@id":"https:\/\/www.caudete.org\/ayuntamiento\/#organization"},"potentialAction":[{"@type":"SearchAction","target":{"@type":"EntryPoint","urlTemplate":"https:\/\/www.caudete.org\/ayuntamiento\/?s={search_term_string}"},"query-input":{"@type":"PropertyValueSpecification","valueRequired":true,"valueName":"search_term_string"}}],"inLanguage":"es"},{"@type":"Organization","@id":"https:\/\/www.caudete.org\/ayuntamiento\/#organization","name":"Ayuntamiento de Caudete","url":"https:\/\/www.caudete.org\/ayuntamiento\/","logo":{"@type":"ImageObject","inLanguage":"es","@id":"https:\/\/www.caudete.org\/ayuntamiento\/#\/schema\/logo\/image\/","url":"https:\/\/www.caudete.org\/ayuntamiento\/wp-content\/uploads\/2020\/11\/logo_ayuntamiento_caudete.jpg","contentUrl":"https:\/\/www.caudete.org\/ayuntamiento\/wp-content\/uploads\/2020\/11\/logo_ayuntamiento_caudete.jpg","width":600,"height":150,"caption":"Ayuntamiento de Caudete"},"image":{"@id":"https:\/\/www.caudete.org\/ayuntamiento\/#\/schema\/logo\/image\/"},"sameAs":["https:\/\/www.facebook.com\/ayuntamientocaudete\/","https:\/\/www.youtube.com\/channel\/UC6VztHaooNsGpw-tNoBEFnQ"]},{"@type":"Person","@id":"https:\/\/www.caudete.org\/ayuntamiento\/#\/schema\/person\/cc646da9133078ee4d8dd47457947253","name":"alcalde","image":{"@type":"ImageObject","inLanguage":"es","@id":"https:\/\/secure.gravatar.com\/avatar\/84a817ba065b29ff08d666b215a215f5c79186a645ccb25b14a663d48a130f77?s=96&d=mm&r=g","url":"https:\/\/secure.gravatar.com\/avatar\/84a817ba065b29ff08d666b215a215f5c79186a645ccb25b14a663d48a130f77?s=96&d=mm&r=g","contentUrl":"https:\/\/secure.gravatar.com\/avatar\/84a817ba065b29ff08d666b215a215f5c79186a645ccb25b14a663d48a130f77?s=96&d=mm&r=g","caption":"alcalde"},"url":"https:\/\/www.caudete.org\/ayuntamiento\/author\/alcalde\/"}]}},"_links":{"self":[{"href":"https:\/\/www.caudete.org\/ayuntamiento\/wp-json\/wp\/v2\/posts\/27770","targetHints":{"allow":["GET"]}}],"collection":[{"href":"https:\/\/www.caudete.org\/ayuntamiento\/wp-json\/wp\/v2\/posts"}],"about":[{"href":"https:\/\/www.caudete.org\/ayuntamiento\/wp-json\/wp\/v2\/types\/post"}],"author":[{"embeddable":true,"href":"https:\/\/www.caudete.org\/ayuntamiento\/wp-json\/wp\/v2\/users\/3"}],"replies":[{"embeddable":true,"href":"https:\/\/www.caudete.org\/ayuntamiento\/wp-json\/wp\/v2\/comments?post=27770"}],"version-history":[{"count":2,"href":"https:\/\/www.caudete.org\/ayuntamiento\/wp-json\/wp\/v2\/posts\/27770\/revisions"}],"predecessor-version":[{"id":27773,"href":"https:\/\/www.caudete.org\/ayuntamiento\/wp-json\/wp\/v2\/posts\/27770\/revisions\/27773"}],"wp:featuredmedia":[{"embeddable":true,"href":"https:\/\/www.caudete.org\/ayuntamiento\/wp-json\/wp\/v2\/media\/27771"}],"wp:attachment":[{"href":"https:\/\/www.caudete.org\/ayuntamiento\/wp-json\/wp\/v2\/media?parent=27770"}],"wp:term":[{"taxonomy":"category","embeddable":true,"href":"https:\/\/www.caudete.org\/ayuntamiento\/wp-json\/wp\/v2\/categories?post=27770"},{"taxonomy":"post_tag","embeddable":true,"href":"https:\/\/www.caudete.org\/ayuntamiento\/wp-json\/wp\/v2\/tags?post=27770"}],"curies":[{"name":"wp","href":"https:\/\/api.w.org\/{rel}","templated":true}]}}