{"id":27801,"date":"2025-03-07T14:51:03","date_gmt":"2025-03-07T13:51:03","guid":{"rendered":"https:\/\/www.caudete.org\/ayuntamiento\/?p=27801"},"modified":"2025-03-07T14:50:38","modified_gmt":"2025-03-07T13:50:38","slug":"8-de-marzo-manifiesto-institucional","status":"publish","type":"post","link":"https:\/\/www.caudete.org\/ayuntamiento\/8-de-marzo-manifiesto-institucional\/","title":{"rendered":"8 de marzo manifiesto institucional"},"content":{"rendered":"<p>Ma\u00f1ana, 8 de marzo, el M.I.Ayuntamiento de Caudete quiere reivindicar una igualdad basada en el respeto y la unidad.&#8221;<br \/>\n&#8220;\u00bfQu\u00e9 significa realmente la igualdad? No es una lucha de unos contra otros, sino un compromiso com\u00fan por una sociedad m\u00e1s justa y solidaria. Hoy, 8 de marzo, el Ayuntamiento de Caudete quiere reivindicar una igualdad basada en el respeto y la unidad.&#8221; Una igualdad real entre hombres y mujeres, basada en la complementariedad y la colaboraci\u00f3n. Una igualdad que no se impone con ideolog\u00edas, sino que se construye desde la familia, el esfuerzo y la responsabilidad individual.<\/p>\n<p>Como municipio comprometido con el bienestar de nuestros vecinos, celebramos los avances logrados con la aprobaci\u00f3n del primer Plan de Igualdad de Oportunidades en Caudete y el segundo para el personal de este Ayuntamiento. No creemos en pol\u00edticas de enfrentamiento, sino en medidas concretas que beneficien a todos.<\/p>\n<p>Europa atraviesa tiempos dif\u00edciles, marcados por la divisi\u00f3n y la crisis de valores. En este contexto, quiero recordar a una mujer que supo defender la dignidad femenina sin caer en el victimismo ni en la confrontaci\u00f3n: Edith Stein. Su figura fue reconocida por su legado intelectual, moral y espiritual, hasta el punto de ser nombrada copatrona de Europa por el papa Juan Pablo II el 1 de octubre de 1999. Fil\u00f3sofa, educadora y religiosa de la orden Carmelita, Stein reivindic\u00f3 el papel de la mujer desde la responsabilidad, el esfuerzo y la defensa de unos valores s\u00f3lidos. Su vida nos ense\u00f1a que la igualdad no es una lucha de sexos, sino el reconocimiento del valor de cada persona, independientemente de su g\u00e9nero.<\/p>\n<p>En tiempos de polarizaci\u00f3n, rechazamos cualquier intento de instrumentalizar la causa de la igualdad con fines ideol\u00f3gicos que fracturen nuestra convivencia. No necesitamos cuotas ni privilegios, sino oportunidades reales basadas en el m\u00e9rito y la capacidad. Apostamos por la conciliaci\u00f3n laboral y familiar, por una educaci\u00f3n que fomente el respeto y la colaboraci\u00f3n, y por una sociedad donde hombres y mujeres caminen juntos sin enfrentamientos artificiales.<br \/>\nReivindicamos la memoria de aquellas mujeres que, como Edith Stein, defendieron la libertad y el esfuerzo como motor de progreso. La verdadera igualdad no enfrenta, sino que une.<\/p>\n<p>Desde el Ayuntamiento de Caudete reafirmamos nuestro compromiso con una igualdad de oportunidades real, rechazando toda forma de violencia y discriminaci\u00f3n, pero sin aceptar imposiciones que dividan a nuestra sociedad.<\/p>\n<p>Este 8 de marzo, reafirmemos que hombres y mujeres somos socios naturales en la construcci\u00f3n de un futuro mejor.<\/p>\n<p>Por una igualdad real y solidaria, juntos seguimos construyendo, Caudete, Espa\u00f1a y Europa.<\/p>\n<p><strong>Mar\u00eda Mart\u00ednez Garc\u00eda<\/strong><br \/>\nConcejal de Econom\u00eda y Hacienda, Sanidad, Familia, Bienestar e Igualdad Social.<\/p>\n<p><a href=\"https:\/\/www.caudete.org\/ayuntamiento\/wp-content\/uploads\/2025\/03\/8marzo.jpg\" rel='prettyPhoto'><img fetchpriority=\"high\" decoding=\"async\" class=\"alignnone size-full wp-image-27802\" src=\"https:\/\/www.caudete.org\/ayuntamiento\/wp-content\/uploads\/2025\/03\/8marzo.jpg\" alt=\"\" width=\"1000\" height=\"563\" srcset=\"https:\/\/www.caudete.org\/ayuntamiento\/wp-content\/uploads\/2025\/03\/8marzo.jpg 1000w, https:\/\/www.caudete.org\/ayuntamiento\/wp-content\/uploads\/2025\/03\/8marzo-300x169.jpg 300w, https:\/\/www.caudete.org\/ayuntamiento\/wp-content\/uploads\/2025\/03\/8marzo-768x432.jpg 768w\" sizes=\"(max-width: 1000px) 100vw, 1000px\" \/><\/a><\/p>\n<p>&nbsp;<\/p>\n<p><iframe src=\"\/\/www.youtube.com\/embed\/R8MDhO6Ycjw\" width=\"800\" height=\"449\" allowfullscreen=\"allowfullscreen\"><\/iframe><\/p>\n","protected":false},"excerpt":{"rendered":"<p>Ma\u00f1ana, 8 de marzo, el M.I.Ayuntamiento de Caudete quiere reivindicar una igualdad basada en el respeto y la unidad.&#8221; &#8220;\u00bfQu\u00e9 significa realmente la igualdad? No es una lucha de unos contra otros, sino un compromiso com\u00fan por una sociedad m\u00e1s justa y solidaria. Hoy, 8 de marzo, el Ayuntamiento de Caudete quiere reivindicar una igualdad &hellip;<\/p>\n","protected":false},"author":5,"featured_media":27803,"comment_status":"closed","ping_status":"open","sticky":false,"template":"","format":"standard","meta":{"ngg_post_thumbnail":0,"footnotes":""},"categories":[522],"tags":[],"class_list":["post-27801","post","type-post","status-publish","format-standard","has-post-thumbnail","hentry","category-igualdad"],"yoast_head":"<!-- This site is optimized with the Yoast SEO plugin v27.5 - https:\/\/yoast.com\/product\/yoast-seo-wordpress\/ -->\n<title>8 de marzo manifiesto institucional - MI Ayuntamiento de Caudete<\/title>\n<meta name=\"description\" content=\"P\u00e1gina Oficial del Ayuntamiento de Caudete (Albacete)\" \/>\n<meta name=\"robots\" content=\"index, follow, max-snippet:-1, max-image-preview:large, max-video-preview:-1\" \/>\n<link rel=\"canonical\" href=\"https:\/\/www.caudete.org\/ayuntamiento\/8-de-marzo-manifiesto-institucional\/\" \/>\n<meta property=\"og:locale\" content=\"es_ES\" \/>\n<meta property=\"og:type\" content=\"article\" \/>\n<meta property=\"og:title\" content=\"8 de marzo manifiesto institucional - MI Ayuntamiento de Caudete\" \/>\n<meta property=\"og:description\" content=\"P\u00e1gina Oficial del Ayuntamiento de Caudete (Albacete)\" \/>\n<meta property=\"og:url\" content=\"https:\/\/www.caudete.org\/ayuntamiento\/8-de-marzo-manifiesto-institucional\/\" \/>\n<meta property=\"og:site_name\" content=\"MI Ayuntamiento de Caudete\" \/>\n<meta property=\"article:publisher\" content=\"https:\/\/www.facebook.com\/ayuntamientocaudete\/\" \/>\n<meta property=\"article:published_time\" content=\"2025-03-07T13:51:03+00:00\" \/>\n<meta property=\"og:image\" content=\"https:\/\/www.caudete.org\/ayuntamiento\/wp-content\/uploads\/2025\/03\/8marzoport.jpg\" \/>\n\t<meta property=\"og:image:width\" content=\"999\" \/>\n\t<meta property=\"og:image:height\" content=\"422\" \/>\n\t<meta property=\"og:image:type\" content=\"image\/jpeg\" \/>\n<meta name=\"author\" content=\"Dpto Informatica MI Ayuntamiento de Caudete\" \/>\n<meta name=\"twitter:card\" content=\"summary_large_image\" \/>\n<meta name=\"twitter:label1\" content=\"Escrito por\" \/>\n\t<meta name=\"twitter:data1\" content=\"Dpto Informatica MI Ayuntamiento de Caudete\" \/>\n\t<meta name=\"twitter:label2\" content=\"Tiempo de lectura\" \/>\n\t<meta name=\"twitter:data2\" content=\"3 minutos\" \/>\n<script type=\"application\/ld+json\" class=\"yoast-schema-graph\">{\"@context\":\"https:\\\/\\\/schema.org\",\"@graph\":[{\"@type\":\"Article\",\"@id\":\"https:\\\/\\\/www.caudete.org\\\/ayuntamiento\\\/8-de-marzo-manifiesto-institucional\\\/#article\",\"isPartOf\":{\"@id\":\"https:\\\/\\\/www.caudete.org\\\/ayuntamiento\\\/8-de-marzo-manifiesto-institucional\\\/\"},\"author\":{\"name\":\"Dpto Informatica MI Ayuntamiento de Caudete\",\"@id\":\"https:\\\/\\\/www.caudete.org\\\/ayuntamiento\\\/#\\\/schema\\\/person\\\/4b9eab41761957db9b1bf9c418d1ef46\"},\"headline\":\"8 de marzo manifiesto institucional\",\"datePublished\":\"2025-03-07T13:51:03+00:00\",\"mainEntityOfPage\":{\"@id\":\"https:\\\/\\\/www.caudete.org\\\/ayuntamiento\\\/8-de-marzo-manifiesto-institucional\\\/\"},\"wordCount\":466,\"publisher\":{\"@id\":\"https:\\\/\\\/www.caudete.org\\\/ayuntamiento\\\/#organization\"},\"image\":{\"@id\":\"https:\\\/\\\/www.caudete.org\\\/ayuntamiento\\\/8-de-marzo-manifiesto-institucional\\\/#primaryimage\"},\"thumbnailUrl\":\"https:\\\/\\\/www.caudete.org\\\/ayuntamiento\\\/wp-content\\\/uploads\\\/2025\\\/03\\\/8marzoport.jpg\",\"articleSection\":[\"Igualdad\"],\"inLanguage\":\"es\"},{\"@type\":\"WebPage\",\"@id\":\"https:\\\/\\\/www.caudete.org\\\/ayuntamiento\\\/8-de-marzo-manifiesto-institucional\\\/\",\"url\":\"https:\\\/\\\/www.caudete.org\\\/ayuntamiento\\\/8-de-marzo-manifiesto-institucional\\\/\",\"name\":\"8 de marzo manifiesto institucional - MI Ayuntamiento de Caudete\",\"isPartOf\":{\"@id\":\"https:\\\/\\\/www.caudete.org\\\/ayuntamiento\\\/#website\"},\"primaryImageOfPage\":{\"@id\":\"https:\\\/\\\/www.caudete.org\\\/ayuntamiento\\\/8-de-marzo-manifiesto-institucional\\\/#primaryimage\"},\"image\":{\"@id\":\"https:\\\/\\\/www.caudete.org\\\/ayuntamiento\\\/8-de-marzo-manifiesto-institucional\\\/#primaryimage\"},\"thumbnailUrl\":\"https:\\\/\\\/www.caudete.org\\\/ayuntamiento\\\/wp-content\\\/uploads\\\/2025\\\/03\\\/8marzoport.jpg\",\"datePublished\":\"2025-03-07T13:51:03+00:00\",\"description\":\"P\u00e1gina Oficial del Ayuntamiento de Caudete (Albacete)\",\"breadcrumb\":{\"@id\":\"https:\\\/\\\/www.caudete.org\\\/ayuntamiento\\\/8-de-marzo-manifiesto-institucional\\\/#breadcrumb\"},\"inLanguage\":\"es\",\"potentialAction\":[{\"@type\":\"ReadAction\",\"target\":[\"https:\\\/\\\/www.caudete.org\\\/ayuntamiento\\\/8-de-marzo-manifiesto-institucional\\\/\"]}]},{\"@type\":\"ImageObject\",\"inLanguage\":\"es\",\"@id\":\"https:\\\/\\\/www.caudete.org\\\/ayuntamiento\\\/8-de-marzo-manifiesto-institucional\\\/#primaryimage\",\"url\":\"https:\\\/\\\/www.caudete.org\\\/ayuntamiento\\\/wp-content\\\/uploads\\\/2025\\\/03\\\/8marzoport.jpg\",\"contentUrl\":\"https:\\\/\\\/www.caudete.org\\\/ayuntamiento\\\/wp-content\\\/uploads\\\/2025\\\/03\\\/8marzoport.jpg\",\"width\":999,\"height\":422},{\"@type\":\"BreadcrumbList\",\"@id\":\"https:\\\/\\\/www.caudete.org\\\/ayuntamiento\\\/8-de-marzo-manifiesto-institucional\\\/#breadcrumb\",\"itemListElement\":[{\"@type\":\"ListItem\",\"position\":1,\"name\":\"Inicio\",\"item\":\"https:\\\/\\\/www.caudete.org\\\/ayuntamiento\\\/\"},{\"@type\":\"ListItem\",\"position\":2,\"name\":\"8 de marzo manifiesto institucional\"}]},{\"@type\":\"WebSite\",\"@id\":\"https:\\\/\\\/www.caudete.org\\\/ayuntamiento\\\/#website\",\"url\":\"https:\\\/\\\/www.caudete.org\\\/ayuntamiento\\\/\",\"name\":\"MI Ayuntamiento de Caudete\",\"description\":\"P\u00e1gina Oficial del MI Ayuntamiento de Caudete\",\"publisher\":{\"@id\":\"https:\\\/\\\/www.caudete.org\\\/ayuntamiento\\\/#organization\"},\"potentialAction\":[{\"@type\":\"SearchAction\",\"target\":{\"@type\":\"EntryPoint\",\"urlTemplate\":\"https:\\\/\\\/www.caudete.org\\\/ayuntamiento\\\/?s={search_term_string}\"},\"query-input\":{\"@type\":\"PropertyValueSpecification\",\"valueRequired\":true,\"valueName\":\"search_term_string\"}}],\"inLanguage\":\"es\"},{\"@type\":\"Organization\",\"@id\":\"https:\\\/\\\/www.caudete.org\\\/ayuntamiento\\\/#organization\",\"name\":\"Ayuntamiento de Caudete\",\"url\":\"https:\\\/\\\/www.caudete.org\\\/ayuntamiento\\\/\",\"logo\":{\"@type\":\"ImageObject\",\"inLanguage\":\"es\",\"@id\":\"https:\\\/\\\/www.caudete.org\\\/ayuntamiento\\\/#\\\/schema\\\/logo\\\/image\\\/\",\"url\":\"https:\\\/\\\/www.caudete.org\\\/ayuntamiento\\\/wp-content\\\/uploads\\\/2020\\\/11\\\/logo_ayuntamiento_caudete.jpg\",\"contentUrl\":\"https:\\\/\\\/www.caudete.org\\\/ayuntamiento\\\/wp-content\\\/uploads\\\/2020\\\/11\\\/logo_ayuntamiento_caudete.jpg\",\"width\":600,\"height\":150,\"caption\":\"Ayuntamiento de Caudete\"},\"image\":{\"@id\":\"https:\\\/\\\/www.caudete.org\\\/ayuntamiento\\\/#\\\/schema\\\/logo\\\/image\\\/\"},\"sameAs\":[\"https:\\\/\\\/www.facebook.com\\\/ayuntamientocaudete\\\/\",\"https:\\\/\\\/www.youtube.com\\\/channel\\\/UC6VztHaooNsGpw-tNoBEFnQ\"]},{\"@type\":\"Person\",\"@id\":\"https:\\\/\\\/www.caudete.org\\\/ayuntamiento\\\/#\\\/schema\\\/person\\\/4b9eab41761957db9b1bf9c418d1ef46\",\"name\":\"Dpto Informatica MI Ayuntamiento de Caudete\",\"image\":{\"@type\":\"ImageObject\",\"inLanguage\":\"es\",\"@id\":\"https:\\\/\\\/secure.gravatar.com\\\/avatar\\\/ac0321ee4a0a83e82a253e7b2d348ef539e2c8fe16d06b600bde04de1b364fa7?s=96&d=mm&r=g\",\"url\":\"https:\\\/\\\/secure.gravatar.com\\\/avatar\\\/ac0321ee4a0a83e82a253e7b2d348ef539e2c8fe16d06b600bde04de1b364fa7?s=96&d=mm&r=g\",\"contentUrl\":\"https:\\\/\\\/secure.gravatar.com\\\/avatar\\\/ac0321ee4a0a83e82a253e7b2d348ef539e2c8fe16d06b600bde04de1b364fa7?s=96&d=mm&r=g\",\"caption\":\"Dpto Informatica MI Ayuntamiento de Caudete\"},\"url\":\"https:\\\/\\\/www.caudete.org\\\/ayuntamiento\\\/author\\\/informatica\\\/\"}]}<\/script>\n<!-- \/ Yoast SEO plugin. -->","yoast_head_json":{"title":"8 de marzo manifiesto institucional - MI Ayuntamiento de Caudete","description":"P\u00e1gina Oficial del Ayuntamiento de Caudete (Albacete)","robots":{"index":"index","follow":"follow","max-snippet":"max-snippet:-1","max-image-preview":"max-image-preview:large","max-video-preview":"max-video-preview:-1"},"canonical":"https:\/\/www.caudete.org\/ayuntamiento\/8-de-marzo-manifiesto-institucional\/","og_locale":"es_ES","og_type":"article","og_title":"8 de marzo manifiesto institucional - MI Ayuntamiento de Caudete","og_description":"P\u00e1gina Oficial del Ayuntamiento de Caudete (Albacete)","og_url":"https:\/\/www.caudete.org\/ayuntamiento\/8-de-marzo-manifiesto-institucional\/","og_site_name":"MI Ayuntamiento de Caudete","article_publisher":"https:\/\/www.facebook.com\/ayuntamientocaudete\/","article_published_time":"2025-03-07T13:51:03+00:00","og_image":[{"width":999,"height":422,"url":"https:\/\/www.caudete.org\/ayuntamiento\/wp-content\/uploads\/2025\/03\/8marzoport.jpg","type":"image\/jpeg"}],"author":"Dpto Informatica MI Ayuntamiento de Caudete","twitter_card":"summary_large_image","twitter_misc":{"Escrito por":"Dpto Informatica MI Ayuntamiento de Caudete","Tiempo de lectura":"3 minutos"},"schema":{"@context":"https:\/\/schema.org","@graph":[{"@type":"Article","@id":"https:\/\/www.caudete.org\/ayuntamiento\/8-de-marzo-manifiesto-institucional\/#article","isPartOf":{"@id":"https:\/\/www.caudete.org\/ayuntamiento\/8-de-marzo-manifiesto-institucional\/"},"author":{"name":"Dpto Informatica MI Ayuntamiento de Caudete","@id":"https:\/\/www.caudete.org\/ayuntamiento\/#\/schema\/person\/4b9eab41761957db9b1bf9c418d1ef46"},"headline":"8 de marzo manifiesto institucional","datePublished":"2025-03-07T13:51:03+00:00","mainEntityOfPage":{"@id":"https:\/\/www.caudete.org\/ayuntamiento\/8-de-marzo-manifiesto-institucional\/"},"wordCount":466,"publisher":{"@id":"https:\/\/www.caudete.org\/ayuntamiento\/#organization"},"image":{"@id":"https:\/\/www.caudete.org\/ayuntamiento\/8-de-marzo-manifiesto-institucional\/#primaryimage"},"thumbnailUrl":"https:\/\/www.caudete.org\/ayuntamiento\/wp-content\/uploads\/2025\/03\/8marzoport.jpg","articleSection":["Igualdad"],"inLanguage":"es"},{"@type":"WebPage","@id":"https:\/\/www.caudete.org\/ayuntamiento\/8-de-marzo-manifiesto-institucional\/","url":"https:\/\/www.caudete.org\/ayuntamiento\/8-de-marzo-manifiesto-institucional\/","name":"8 de marzo manifiesto institucional - MI Ayuntamiento de Caudete","isPartOf":{"@id":"https:\/\/www.caudete.org\/ayuntamiento\/#website"},"primaryImageOfPage":{"@id":"https:\/\/www.caudete.org\/ayuntamiento\/8-de-marzo-manifiesto-institucional\/#primaryimage"},"image":{"@id":"https:\/\/www.caudete.org\/ayuntamiento\/8-de-marzo-manifiesto-institucional\/#primaryimage"},"thumbnailUrl":"https:\/\/www.caudete.org\/ayuntamiento\/wp-content\/uploads\/2025\/03\/8marzoport.jpg","datePublished":"2025-03-07T13:51:03+00:00","description":"P\u00e1gina Oficial del Ayuntamiento de Caudete (Albacete)","breadcrumb":{"@id":"https:\/\/www.caudete.org\/ayuntamiento\/8-de-marzo-manifiesto-institucional\/#breadcrumb"},"inLanguage":"es","potentialAction":[{"@type":"ReadAction","target":["https:\/\/www.caudete.org\/ayuntamiento\/8-de-marzo-manifiesto-institucional\/"]}]},{"@type":"ImageObject","inLanguage":"es","@id":"https:\/\/www.caudete.org\/ayuntamiento\/8-de-marzo-manifiesto-institucional\/#primaryimage","url":"https:\/\/www.caudete.org\/ayuntamiento\/wp-content\/uploads\/2025\/03\/8marzoport.jpg","contentUrl":"https:\/\/www.caudete.org\/ayuntamiento\/wp-content\/uploads\/2025\/03\/8marzoport.jpg","width":999,"height":422},{"@type":"BreadcrumbList","@id":"https:\/\/www.caudete.org\/ayuntamiento\/8-de-marzo-manifiesto-institucional\/#breadcrumb","itemListElement":[{"@type":"ListItem","position":1,"name":"Inicio","item":"https:\/\/www.caudete.org\/ayuntamiento\/"},{"@type":"ListItem","position":2,"name":"8 de marzo manifiesto institucional"}]},{"@type":"WebSite","@id":"https:\/\/www.caudete.org\/ayuntamiento\/#website","url":"https:\/\/www.caudete.org\/ayuntamiento\/","name":"MI Ayuntamiento de Caudete","description":"P\u00e1gina Oficial del MI Ayuntamiento de Caudete","publisher":{"@id":"https:\/\/www.caudete.org\/ayuntamiento\/#organization"},"potentialAction":[{"@type":"SearchAction","target":{"@type":"EntryPoint","urlTemplate":"https:\/\/www.caudete.org\/ayuntamiento\/?s={search_term_string}"},"query-input":{"@type":"PropertyValueSpecification","valueRequired":true,"valueName":"search_term_string"}}],"inLanguage":"es"},{"@type":"Organization","@id":"https:\/\/www.caudete.org\/ayuntamiento\/#organization","name":"Ayuntamiento de Caudete","url":"https:\/\/www.caudete.org\/ayuntamiento\/","logo":{"@type":"ImageObject","inLanguage":"es","@id":"https:\/\/www.caudete.org\/ayuntamiento\/#\/schema\/logo\/image\/","url":"https:\/\/www.caudete.org\/ayuntamiento\/wp-content\/uploads\/2020\/11\/logo_ayuntamiento_caudete.jpg","contentUrl":"https:\/\/www.caudete.org\/ayuntamiento\/wp-content\/uploads\/2020\/11\/logo_ayuntamiento_caudete.jpg","width":600,"height":150,"caption":"Ayuntamiento de Caudete"},"image":{"@id":"https:\/\/www.caudete.org\/ayuntamiento\/#\/schema\/logo\/image\/"},"sameAs":["https:\/\/www.facebook.com\/ayuntamientocaudete\/","https:\/\/www.youtube.com\/channel\/UC6VztHaooNsGpw-tNoBEFnQ"]},{"@type":"Person","@id":"https:\/\/www.caudete.org\/ayuntamiento\/#\/schema\/person\/4b9eab41761957db9b1bf9c418d1ef46","name":"Dpto Informatica MI Ayuntamiento de Caudete","image":{"@type":"ImageObject","inLanguage":"es","@id":"https:\/\/secure.gravatar.com\/avatar\/ac0321ee4a0a83e82a253e7b2d348ef539e2c8fe16d06b600bde04de1b364fa7?s=96&d=mm&r=g","url":"https:\/\/secure.gravatar.com\/avatar\/ac0321ee4a0a83e82a253e7b2d348ef539e2c8fe16d06b600bde04de1b364fa7?s=96&d=mm&r=g","contentUrl":"https:\/\/secure.gravatar.com\/avatar\/ac0321ee4a0a83e82a253e7b2d348ef539e2c8fe16d06b600bde04de1b364fa7?s=96&d=mm&r=g","caption":"Dpto Informatica MI Ayuntamiento de Caudete"},"url":"https:\/\/www.caudete.org\/ayuntamiento\/author\/informatica\/"}]}},"_links":{"self":[{"href":"https:\/\/www.caudete.org\/ayuntamiento\/wp-json\/wp\/v2\/posts\/27801","targetHints":{"allow":["GET"]}}],"collection":[{"href":"https:\/\/www.caudete.org\/ayuntamiento\/wp-json\/wp\/v2\/posts"}],"about":[{"href":"https:\/\/www.caudete.org\/ayuntamiento\/wp-json\/wp\/v2\/types\/post"}],"author":[{"embeddable":true,"href":"https:\/\/www.caudete.org\/ayuntamiento\/wp-json\/wp\/v2\/users\/5"}],"replies":[{"embeddable":true,"href":"https:\/\/www.caudete.org\/ayuntamiento\/wp-json\/wp\/v2\/comments?post=27801"}],"version-history":[{"count":5,"href":"https:\/\/www.caudete.org\/ayuntamiento\/wp-json\/wp\/v2\/posts\/27801\/revisions"}],"predecessor-version":[{"id":27815,"href":"https:\/\/www.caudete.org\/ayuntamiento\/wp-json\/wp\/v2\/posts\/27801\/revisions\/27815"}],"wp:featuredmedia":[{"embeddable":true,"href":"https:\/\/www.caudete.org\/ayuntamiento\/wp-json\/wp\/v2\/media\/27803"}],"wp:attachment":[{"href":"https:\/\/www.caudete.org\/ayuntamiento\/wp-json\/wp\/v2\/media?parent=27801"}],"wp:term":[{"taxonomy":"category","embeddable":true,"href":"https:\/\/www.caudete.org\/ayuntamiento\/wp-json\/wp\/v2\/categories?post=27801"},{"taxonomy":"post_tag","embeddable":true,"href":"https:\/\/www.caudete.org\/ayuntamiento\/wp-json\/wp\/v2\/tags?post=27801"}],"curies":[{"name":"wp","href":"https:\/\/api.w.org\/{rel}","templated":true}]}}