{"id":27808,"date":"2025-03-07T14:00:48","date_gmt":"2025-03-07T13:00:48","guid":{"rendered":"https:\/\/www.caudete.org\/ayuntamiento\/?p=27808"},"modified":"2025-03-07T14:49:47","modified_gmt":"2025-03-07T13:49:47","slug":"caudete-vibra-con-el-baloncesto-en-las-jornadas-ven-al-basket-2025","status":"publish","type":"post","link":"https:\/\/www.caudete.org\/ayuntamiento\/caudete-vibra-con-el-baloncesto-en-las-jornadas-ven-al-basket-2025\/","title":{"rendered":"Caudete vibra con el baloncesto en las Jornadas &#8220;Ven al Basket 2025&#8221;"},"content":{"rendered":"<p>La Ciudad Deportiva Antonio Amor\u00f3s se convirti\u00f3 en el epicentro del baloncesto escolar los pasados lunes 17 y mi\u00e9rcoles 19 de febrero, con la celebraci\u00f3n de una nueva edici\u00f3n de &#8220;Ven al Basket&#8221;, una iniciativa de la Concejal\u00eda de Deportes del M.I. Ayuntamiento. Estas jornadas, enmarcadas dentro del programa de captaci\u00f3n y fomento del deporte en edad escolar, reunieron a escolares de todos los colegios de Caudete, quienes disfrutaron de juegos competitivos y l\u00fadicos dise\u00f1ados para acercarles al mundo del baloncesto.<\/p>\n<p>La participaci\u00f3n fue masiva, y los ni\u00f1os y ni\u00f1as demostraron su entusiasmo y habilidades en las diferentes actividades propuestas. Desde partidos de 3&#215;3 hasta divertidos ejercicios de lanzamiento y coordinaci\u00f3n donde los j\u00f3venes deportistas vivieron una experiencia inolvidable.<\/p>\n<p>La concejal de Deportes, Pilar Egea, expres\u00f3 su satisfacci\u00f3n por el \u00e9xito de las jornadas y destac\u00f3 la importancia de estas iniciativas para promover h\u00e1bitos de vida saludables entre los m\u00e1s j\u00f3venes. &#8220;El deporte es una herramienta fundamental para el desarrollo integral de nuestros ni\u00f1os y ni\u00f1as, y desde el Ayuntamiento de Caudete seguiremos apostando por este tipo de actividades&#8221;, afirm\u00f3 Egea.<\/p>\n<p>La concejala tambi\u00e9n agradeci\u00f3 la colaboraci\u00f3n de los colegios de Caudete, cuyo apoyo fue fundamental para el desarrollo de las jornadas. &#8220;Sin su implicaci\u00f3n, este evento no habr\u00eda sido posible&#8221;, se\u00f1al\u00f3. &#8220;Ven al Basket 2025&#8221; consolida as\u00ed su posici\u00f3n como una de las actividades deportivas m\u00e1s esperadas por los escolares de Caudete, y reafirma el compromiso del Ayuntamiento con el fomento del deporte base.<\/p>\n","protected":false},"excerpt":{"rendered":"<p>La Ciudad Deportiva Antonio Amor\u00f3s se convirti\u00f3 en el epicentro del baloncesto escolar los pasados lunes 17 y mi\u00e9rcoles 19 de febrero, con la celebraci\u00f3n de una nueva edici\u00f3n de &#8220;Ven al Basket&#8221;, una iniciativa de la Concejal\u00eda de Deportes del M.I. Ayuntamiento. Estas jornadas, enmarcadas dentro del programa de captaci\u00f3n y fomento del deporte &hellip;<\/p>\n","protected":false},"author":5,"featured_media":27816,"comment_status":"closed","ping_status":"open","sticky":false,"template":"","format":"standard","meta":{"ngg_post_thumbnail":0,"footnotes":""},"categories":[23],"tags":[],"class_list":["post-27808","post","type-post","status-publish","format-standard","has-post-thumbnail","hentry","category-deportes"],"yoast_head":"<!-- This site is optimized with the Yoast SEO plugin v27.5 - https:\/\/yoast.com\/product\/yoast-seo-wordpress\/ -->\n<title>Caudete vibra con el baloncesto en las Jornadas &quot;Ven al Basket 2025&quot; - MI Ayuntamiento de Caudete<\/title>\n<meta name=\"description\" content=\"P\u00e1gina Oficial del Ayuntamiento de Caudete (Albacete)\" \/>\n<meta name=\"robots\" content=\"index, follow, max-snippet:-1, max-image-preview:large, max-video-preview:-1\" \/>\n<link rel=\"canonical\" href=\"https:\/\/www.caudete.org\/ayuntamiento\/caudete-vibra-con-el-baloncesto-en-las-jornadas-ven-al-basket-2025\/\" \/>\n<meta property=\"og:locale\" content=\"es_ES\" \/>\n<meta property=\"og:type\" content=\"article\" \/>\n<meta property=\"og:title\" content=\"Caudete vibra con el baloncesto en las Jornadas &quot;Ven al Basket 2025&quot; - MI Ayuntamiento de Caudete\" \/>\n<meta property=\"og:description\" content=\"P\u00e1gina Oficial del Ayuntamiento de Caudete (Albacete)\" \/>\n<meta property=\"og:url\" content=\"https:\/\/www.caudete.org\/ayuntamiento\/caudete-vibra-con-el-baloncesto-en-las-jornadas-ven-al-basket-2025\/\" \/>\n<meta property=\"og:site_name\" content=\"MI Ayuntamiento de Caudete\" \/>\n<meta property=\"article:publisher\" content=\"https:\/\/www.facebook.com\/ayuntamientocaudete\/\" \/>\n<meta property=\"article:published_time\" content=\"2025-03-07T13:00:48+00:00\" \/>\n<meta property=\"article:modified_time\" content=\"2025-03-07T13:49:47+00:00\" \/>\n<meta property=\"og:image\" content=\"https:\/\/www.caudete.org\/ayuntamiento\/wp-content\/uploads\/2025\/03\/VenAlBasketpor2t.jpg\" \/>\n\t<meta property=\"og:image:width\" content=\"1000\" \/>\n\t<meta property=\"og:image:height\" content=\"420\" \/>\n\t<meta property=\"og:image:type\" content=\"image\/jpeg\" \/>\n<meta name=\"author\" content=\"Dpto Informatica MI Ayuntamiento de Caudete\" \/>\n<meta name=\"twitter:card\" content=\"summary_large_image\" \/>\n<meta name=\"twitter:label1\" content=\"Escrito por\" \/>\n\t<meta name=\"twitter:data1\" content=\"Dpto Informatica MI Ayuntamiento de Caudete\" \/>\n\t<meta name=\"twitter:label2\" content=\"Tiempo de lectura\" \/>\n\t<meta name=\"twitter:data2\" content=\"2 minutos\" \/>\n<script type=\"application\/ld+json\" class=\"yoast-schema-graph\">{\"@context\":\"https:\\\/\\\/schema.org\",\"@graph\":[{\"@type\":\"Article\",\"@id\":\"https:\\\/\\\/www.caudete.org\\\/ayuntamiento\\\/caudete-vibra-con-el-baloncesto-en-las-jornadas-ven-al-basket-2025\\\/#article\",\"isPartOf\":{\"@id\":\"https:\\\/\\\/www.caudete.org\\\/ayuntamiento\\\/caudete-vibra-con-el-baloncesto-en-las-jornadas-ven-al-basket-2025\\\/\"},\"author\":{\"name\":\"Dpto Informatica MI Ayuntamiento de Caudete\",\"@id\":\"https:\\\/\\\/www.caudete.org\\\/ayuntamiento\\\/#\\\/schema\\\/person\\\/4b9eab41761957db9b1bf9c418d1ef46\"},\"headline\":\"Caudete vibra con el baloncesto en las Jornadas &#8220;Ven al Basket 2025&#8221;\",\"datePublished\":\"2025-03-07T13:00:48+00:00\",\"dateModified\":\"2025-03-07T13:49:47+00:00\",\"mainEntityOfPage\":{\"@id\":\"https:\\\/\\\/www.caudete.org\\\/ayuntamiento\\\/caudete-vibra-con-el-baloncesto-en-las-jornadas-ven-al-basket-2025\\\/\"},\"wordCount\":280,\"image\":{\"@id\":\"https:\\\/\\\/www.caudete.org\\\/ayuntamiento\\\/caudete-vibra-con-el-baloncesto-en-las-jornadas-ven-al-basket-2025\\\/#primaryimage\"},\"thumbnailUrl\":\"https:\\\/\\\/www.caudete.org\\\/ayuntamiento\\\/wp-content\\\/uploads\\\/2025\\\/03\\\/VenAlBasketpor2t.jpg\",\"articleSection\":[\"Deportes\"],\"inLanguage\":\"es\"},{\"@type\":\"WebPage\",\"@id\":\"https:\\\/\\\/www.caudete.org\\\/ayuntamiento\\\/caudete-vibra-con-el-baloncesto-en-las-jornadas-ven-al-basket-2025\\\/\",\"url\":\"https:\\\/\\\/www.caudete.org\\\/ayuntamiento\\\/caudete-vibra-con-el-baloncesto-en-las-jornadas-ven-al-basket-2025\\\/\",\"name\":\"Caudete vibra con el baloncesto en las Jornadas \\\"Ven al Basket 2025\\\" - MI Ayuntamiento de Caudete\",\"isPartOf\":{\"@id\":\"https:\\\/\\\/www.caudete.org\\\/ayuntamiento\\\/#website\"},\"primaryImageOfPage\":{\"@id\":\"https:\\\/\\\/www.caudete.org\\\/ayuntamiento\\\/caudete-vibra-con-el-baloncesto-en-las-jornadas-ven-al-basket-2025\\\/#primaryimage\"},\"image\":{\"@id\":\"https:\\\/\\\/www.caudete.org\\\/ayuntamiento\\\/caudete-vibra-con-el-baloncesto-en-las-jornadas-ven-al-basket-2025\\\/#primaryimage\"},\"thumbnailUrl\":\"https:\\\/\\\/www.caudete.org\\\/ayuntamiento\\\/wp-content\\\/uploads\\\/2025\\\/03\\\/VenAlBasketpor2t.jpg\",\"datePublished\":\"2025-03-07T13:00:48+00:00\",\"dateModified\":\"2025-03-07T13:49:47+00:00\",\"author\":{\"@id\":\"https:\\\/\\\/www.caudete.org\\\/ayuntamiento\\\/#\\\/schema\\\/person\\\/4b9eab41761957db9b1bf9c418d1ef46\"},\"description\":\"P\u00e1gina Oficial del Ayuntamiento de Caudete (Albacete)\",\"breadcrumb\":{\"@id\":\"https:\\\/\\\/www.caudete.org\\\/ayuntamiento\\\/caudete-vibra-con-el-baloncesto-en-las-jornadas-ven-al-basket-2025\\\/#breadcrumb\"},\"inLanguage\":\"es\",\"potentialAction\":[{\"@type\":\"ReadAction\",\"target\":[\"https:\\\/\\\/www.caudete.org\\\/ayuntamiento\\\/caudete-vibra-con-el-baloncesto-en-las-jornadas-ven-al-basket-2025\\\/\"]}]},{\"@type\":\"ImageObject\",\"inLanguage\":\"es\",\"@id\":\"https:\\\/\\\/www.caudete.org\\\/ayuntamiento\\\/caudete-vibra-con-el-baloncesto-en-las-jornadas-ven-al-basket-2025\\\/#primaryimage\",\"url\":\"https:\\\/\\\/www.caudete.org\\\/ayuntamiento\\\/wp-content\\\/uploads\\\/2025\\\/03\\\/VenAlBasketpor2t.jpg\",\"contentUrl\":\"https:\\\/\\\/www.caudete.org\\\/ayuntamiento\\\/wp-content\\\/uploads\\\/2025\\\/03\\\/VenAlBasketpor2t.jpg\",\"width\":1000,\"height\":420},{\"@type\":\"BreadcrumbList\",\"@id\":\"https:\\\/\\\/www.caudete.org\\\/ayuntamiento\\\/caudete-vibra-con-el-baloncesto-en-las-jornadas-ven-al-basket-2025\\\/#breadcrumb\",\"itemListElement\":[{\"@type\":\"ListItem\",\"position\":1,\"name\":\"Inicio\",\"item\":\"https:\\\/\\\/www.caudete.org\\\/ayuntamiento\\\/\"},{\"@type\":\"ListItem\",\"position\":2,\"name\":\"Caudete vibra con el baloncesto en las Jornadas &#8220;Ven al Basket 2025&#8221;\"}]},{\"@type\":\"WebSite\",\"@id\":\"https:\\\/\\\/www.caudete.org\\\/ayuntamiento\\\/#website\",\"url\":\"https:\\\/\\\/www.caudete.org\\\/ayuntamiento\\\/\",\"name\":\"MI Ayuntamiento de Caudete\",\"description\":\"P\u00e1gina Oficial del MI Ayuntamiento de Caudete\",\"potentialAction\":[{\"@type\":\"SearchAction\",\"target\":{\"@type\":\"EntryPoint\",\"urlTemplate\":\"https:\\\/\\\/www.caudete.org\\\/ayuntamiento\\\/?s={search_term_string}\"},\"query-input\":{\"@type\":\"PropertyValueSpecification\",\"valueRequired\":true,\"valueName\":\"search_term_string\"}}],\"inLanguage\":\"es\"},{\"@type\":\"Person\",\"@id\":\"https:\\\/\\\/www.caudete.org\\\/ayuntamiento\\\/#\\\/schema\\\/person\\\/4b9eab41761957db9b1bf9c418d1ef46\",\"name\":\"Dpto Informatica MI Ayuntamiento de Caudete\",\"image\":{\"@type\":\"ImageObject\",\"inLanguage\":\"es\",\"@id\":\"https:\\\/\\\/secure.gravatar.com\\\/avatar\\\/ac0321ee4a0a83e82a253e7b2d348ef539e2c8fe16d06b600bde04de1b364fa7?s=96&d=mm&r=g\",\"url\":\"https:\\\/\\\/secure.gravatar.com\\\/avatar\\\/ac0321ee4a0a83e82a253e7b2d348ef539e2c8fe16d06b600bde04de1b364fa7?s=96&d=mm&r=g\",\"contentUrl\":\"https:\\\/\\\/secure.gravatar.com\\\/avatar\\\/ac0321ee4a0a83e82a253e7b2d348ef539e2c8fe16d06b600bde04de1b364fa7?s=96&d=mm&r=g\",\"caption\":\"Dpto Informatica MI Ayuntamiento de Caudete\"},\"url\":\"https:\\\/\\\/www.caudete.org\\\/ayuntamiento\\\/author\\\/informatica\\\/\"}]}<\/script>\n<!-- \/ Yoast SEO plugin. -->","yoast_head_json":{"title":"Caudete vibra con el baloncesto en las Jornadas \"Ven al Basket 2025\" - MI Ayuntamiento de Caudete","description":"P\u00e1gina Oficial del Ayuntamiento de Caudete (Albacete)","robots":{"index":"index","follow":"follow","max-snippet":"max-snippet:-1","max-image-preview":"max-image-preview:large","max-video-preview":"max-video-preview:-1"},"canonical":"https:\/\/www.caudete.org\/ayuntamiento\/caudete-vibra-con-el-baloncesto-en-las-jornadas-ven-al-basket-2025\/","og_locale":"es_ES","og_type":"article","og_title":"Caudete vibra con el baloncesto en las Jornadas \"Ven al Basket 2025\" - MI Ayuntamiento de Caudete","og_description":"P\u00e1gina Oficial del Ayuntamiento de Caudete (Albacete)","og_url":"https:\/\/www.caudete.org\/ayuntamiento\/caudete-vibra-con-el-baloncesto-en-las-jornadas-ven-al-basket-2025\/","og_site_name":"MI Ayuntamiento de Caudete","article_publisher":"https:\/\/www.facebook.com\/ayuntamientocaudete\/","article_published_time":"2025-03-07T13:00:48+00:00","article_modified_time":"2025-03-07T13:49:47+00:00","og_image":[{"width":1000,"height":420,"url":"https:\/\/www.caudete.org\/ayuntamiento\/wp-content\/uploads\/2025\/03\/VenAlBasketpor2t.jpg","type":"image\/jpeg"}],"author":"Dpto Informatica MI Ayuntamiento de Caudete","twitter_card":"summary_large_image","twitter_misc":{"Escrito por":"Dpto Informatica MI Ayuntamiento de Caudete","Tiempo de lectura":"2 minutos"},"schema":{"@context":"https:\/\/schema.org","@graph":[{"@type":"Article","@id":"https:\/\/www.caudete.org\/ayuntamiento\/caudete-vibra-con-el-baloncesto-en-las-jornadas-ven-al-basket-2025\/#article","isPartOf":{"@id":"https:\/\/www.caudete.org\/ayuntamiento\/caudete-vibra-con-el-baloncesto-en-las-jornadas-ven-al-basket-2025\/"},"author":{"name":"Dpto Informatica MI Ayuntamiento de Caudete","@id":"https:\/\/www.caudete.org\/ayuntamiento\/#\/schema\/person\/4b9eab41761957db9b1bf9c418d1ef46"},"headline":"Caudete vibra con el baloncesto en las Jornadas &#8220;Ven al Basket 2025&#8221;","datePublished":"2025-03-07T13:00:48+00:00","dateModified":"2025-03-07T13:49:47+00:00","mainEntityOfPage":{"@id":"https:\/\/www.caudete.org\/ayuntamiento\/caudete-vibra-con-el-baloncesto-en-las-jornadas-ven-al-basket-2025\/"},"wordCount":280,"image":{"@id":"https:\/\/www.caudete.org\/ayuntamiento\/caudete-vibra-con-el-baloncesto-en-las-jornadas-ven-al-basket-2025\/#primaryimage"},"thumbnailUrl":"https:\/\/www.caudete.org\/ayuntamiento\/wp-content\/uploads\/2025\/03\/VenAlBasketpor2t.jpg","articleSection":["Deportes"],"inLanguage":"es"},{"@type":"WebPage","@id":"https:\/\/www.caudete.org\/ayuntamiento\/caudete-vibra-con-el-baloncesto-en-las-jornadas-ven-al-basket-2025\/","url":"https:\/\/www.caudete.org\/ayuntamiento\/caudete-vibra-con-el-baloncesto-en-las-jornadas-ven-al-basket-2025\/","name":"Caudete vibra con el baloncesto en las Jornadas \"Ven al Basket 2025\" - MI Ayuntamiento de Caudete","isPartOf":{"@id":"https:\/\/www.caudete.org\/ayuntamiento\/#website"},"primaryImageOfPage":{"@id":"https:\/\/www.caudete.org\/ayuntamiento\/caudete-vibra-con-el-baloncesto-en-las-jornadas-ven-al-basket-2025\/#primaryimage"},"image":{"@id":"https:\/\/www.caudete.org\/ayuntamiento\/caudete-vibra-con-el-baloncesto-en-las-jornadas-ven-al-basket-2025\/#primaryimage"},"thumbnailUrl":"https:\/\/www.caudete.org\/ayuntamiento\/wp-content\/uploads\/2025\/03\/VenAlBasketpor2t.jpg","datePublished":"2025-03-07T13:00:48+00:00","dateModified":"2025-03-07T13:49:47+00:00","author":{"@id":"https:\/\/www.caudete.org\/ayuntamiento\/#\/schema\/person\/4b9eab41761957db9b1bf9c418d1ef46"},"description":"P\u00e1gina Oficial del Ayuntamiento de Caudete (Albacete)","breadcrumb":{"@id":"https:\/\/www.caudete.org\/ayuntamiento\/caudete-vibra-con-el-baloncesto-en-las-jornadas-ven-al-basket-2025\/#breadcrumb"},"inLanguage":"es","potentialAction":[{"@type":"ReadAction","target":["https:\/\/www.caudete.org\/ayuntamiento\/caudete-vibra-con-el-baloncesto-en-las-jornadas-ven-al-basket-2025\/"]}]},{"@type":"ImageObject","inLanguage":"es","@id":"https:\/\/www.caudete.org\/ayuntamiento\/caudete-vibra-con-el-baloncesto-en-las-jornadas-ven-al-basket-2025\/#primaryimage","url":"https:\/\/www.caudete.org\/ayuntamiento\/wp-content\/uploads\/2025\/03\/VenAlBasketpor2t.jpg","contentUrl":"https:\/\/www.caudete.org\/ayuntamiento\/wp-content\/uploads\/2025\/03\/VenAlBasketpor2t.jpg","width":1000,"height":420},{"@type":"BreadcrumbList","@id":"https:\/\/www.caudete.org\/ayuntamiento\/caudete-vibra-con-el-baloncesto-en-las-jornadas-ven-al-basket-2025\/#breadcrumb","itemListElement":[{"@type":"ListItem","position":1,"name":"Inicio","item":"https:\/\/www.caudete.org\/ayuntamiento\/"},{"@type":"ListItem","position":2,"name":"Caudete vibra con el baloncesto en las Jornadas &#8220;Ven al Basket 2025&#8221;"}]},{"@type":"WebSite","@id":"https:\/\/www.caudete.org\/ayuntamiento\/#website","url":"https:\/\/www.caudete.org\/ayuntamiento\/","name":"MI Ayuntamiento de Caudete","description":"P\u00e1gina Oficial del MI Ayuntamiento de Caudete","potentialAction":[{"@type":"SearchAction","target":{"@type":"EntryPoint","urlTemplate":"https:\/\/www.caudete.org\/ayuntamiento\/?s={search_term_string}"},"query-input":{"@type":"PropertyValueSpecification","valueRequired":true,"valueName":"search_term_string"}}],"inLanguage":"es"},{"@type":"Person","@id":"https:\/\/www.caudete.org\/ayuntamiento\/#\/schema\/person\/4b9eab41761957db9b1bf9c418d1ef46","name":"Dpto Informatica MI Ayuntamiento de Caudete","image":{"@type":"ImageObject","inLanguage":"es","@id":"https:\/\/secure.gravatar.com\/avatar\/ac0321ee4a0a83e82a253e7b2d348ef539e2c8fe16d06b600bde04de1b364fa7?s=96&d=mm&r=g","url":"https:\/\/secure.gravatar.com\/avatar\/ac0321ee4a0a83e82a253e7b2d348ef539e2c8fe16d06b600bde04de1b364fa7?s=96&d=mm&r=g","contentUrl":"https:\/\/secure.gravatar.com\/avatar\/ac0321ee4a0a83e82a253e7b2d348ef539e2c8fe16d06b600bde04de1b364fa7?s=96&d=mm&r=g","caption":"Dpto Informatica MI Ayuntamiento de Caudete"},"url":"https:\/\/www.caudete.org\/ayuntamiento\/author\/informatica\/"}]}},"_links":{"self":[{"href":"https:\/\/www.caudete.org\/ayuntamiento\/wp-json\/wp\/v2\/posts\/27808","targetHints":{"allow":["GET"]}}],"collection":[{"href":"https:\/\/www.caudete.org\/ayuntamiento\/wp-json\/wp\/v2\/posts"}],"about":[{"href":"https:\/\/www.caudete.org\/ayuntamiento\/wp-json\/wp\/v2\/types\/post"}],"author":[{"embeddable":true,"href":"https:\/\/www.caudete.org\/ayuntamiento\/wp-json\/wp\/v2\/users\/5"}],"replies":[{"embeddable":true,"href":"https:\/\/www.caudete.org\/ayuntamiento\/wp-json\/wp\/v2\/comments?post=27808"}],"version-history":[{"count":3,"href":"https:\/\/www.caudete.org\/ayuntamiento\/wp-json\/wp\/v2\/posts\/27808\/revisions"}],"predecessor-version":[{"id":27817,"href":"https:\/\/www.caudete.org\/ayuntamiento\/wp-json\/wp\/v2\/posts\/27808\/revisions\/27817"}],"wp:featuredmedia":[{"embeddable":true,"href":"https:\/\/www.caudete.org\/ayuntamiento\/wp-json\/wp\/v2\/media\/27816"}],"wp:attachment":[{"href":"https:\/\/www.caudete.org\/ayuntamiento\/wp-json\/wp\/v2\/media?parent=27808"}],"wp:term":[{"taxonomy":"category","embeddable":true,"href":"https:\/\/www.caudete.org\/ayuntamiento\/wp-json\/wp\/v2\/categories?post=27808"},{"taxonomy":"post_tag","embeddable":true,"href":"https:\/\/www.caudete.org\/ayuntamiento\/wp-json\/wp\/v2\/tags?post=27808"}],"curies":[{"name":"wp","href":"https:\/\/api.w.org\/{rel}","templated":true}]}}