{"id":27822,"date":"2025-03-10T08:23:47","date_gmt":"2025-03-10T07:23:47","guid":{"rendered":"https:\/\/www.caudete.org\/ayuntamiento\/?p=27822"},"modified":"2025-03-10T08:23:47","modified_gmt":"2025-03-10T07:23:47","slug":"el-molino-de-abajo-albergara-el-museo-etnografico-despues-de-5-anos-de-trabajo","status":"publish","type":"post","link":"https:\/\/www.caudete.org\/ayuntamiento\/el-molino-de-abajo-albergara-el-museo-etnografico-despues-de-5-anos-de-trabajo\/","title":{"rendered":"El Molino de Abajo albergar\u00e1 el MUSEO ETNOGR\u00c1FICO despu\u00e9s de 5 a\u00f1os de trabajo"},"content":{"rendered":"<p style=\"text-align: center;\"><a href=\"https:\/\/www.caudete.org\/ayuntamiento\/wp-content\/uploads\/2025\/02\/caudete_turismo_horizontal-1.jpg\" rel='prettyPhoto'><img fetchpriority=\"high\" decoding=\"async\" class=\"alignnone wp-image-27403 size-full\" src=\"https:\/\/www.caudete.org\/ayuntamiento\/wp-content\/uploads\/2025\/02\/caudete_turismo_horizontal-1.jpg\" alt=\"\" width=\"625\" height=\"157\" srcset=\"https:\/\/www.caudete.org\/ayuntamiento\/wp-content\/uploads\/2025\/02\/caudete_turismo_horizontal-1.jpg 625w, https:\/\/www.caudete.org\/ayuntamiento\/wp-content\/uploads\/2025\/02\/caudete_turismo_horizontal-1-300x75.jpg 300w\" sizes=\"(max-width: 625px) 100vw, 625px\" \/><\/a><\/p>\n<p style=\"text-align: justify;\">El Alcalde Mois\u00e9s L\u00f3pez y el Concejal de Patrimonio Hist\u00f3rico Diego Cuenca han anunciado que el Molino de Abajo albergar\u00e1 el Museo Etnogr\u00e1fico de la localidad, tal y como ha refrendado la Junta de Gobierno Local a la propuesta lanzada desde Alcald\u00eda.<\/p>\n<p style=\"text-align: justify;\">El Molino, de cuya existencia se tienen datos a primeros del S.XIV, ha sido recuperado intensamente desde 2019 tras el colapso de su cubierta, gracias a la acci\u00f3n de respuesta dada a impulso del Ayuntamiento que junto a la Diputaci\u00f3n Provincial, han costeado mediante subvenciones y programas diversos, las obras necesarias para la consolidaci\u00f3n, recuperaci\u00f3n y habilitaci\u00f3n del edificio.<\/p>\n<p style=\"text-align: justify;\">Tras ello, una l\u00ednea de ayudas novedosas impulsadas por la Diputaci\u00f3n en 2023 para la recuperaci\u00f3n y puesta en valor de espacios para el fomento del turismo, fue objeto de solicitud por el Ayuntamiento, la cual fue atendida, y es la que ha permitido musealizar el espacio.<\/p>\n<p style=\"text-align: justify;\">As\u00ed pues, el Molino de Abajo (nombre original) abrir\u00e1 sus puertas con cerca de 300 piezas donadas o cedidas por particulares, \u00fatiles antiguos en desuso de labores antiguas relacionadas con la agricultura y la molienda. Aunque tendremos que esperar para poder ver expuesta la maquinaria original del molino (pues est\u00e1 pendiente de restauraci\u00f3n), si podremos observar las parte de las piedras de molino, y todo lo expuesto nos permitir\u00e1 adentrarnos en un modelo de vida y de trabajo antiguo que nuestros mayores tuvieron.<\/p>\n<p style=\"text-align: justify;\">Aunque no todo el espacio estar\u00e1 abierto al p\u00fablico inicialmente, ya que se espera continuar la colecci\u00f3n expositiva en un futuro pr\u00f3ximo, si que se podr\u00e1 visualizar al menos, y desde la superficie los canales subterr\u00e1neos, ya que han sido limpiados, iluminados y protegidos mediante una rejilla para una mejor compresi\u00f3n del edificio.<\/p>\n<p style=\"text-align: justify;\">El espacio cuenta con sistemas de seguridad mediante alarma de intrusi\u00f3n y red de videovigilancia interior y exterior, y el acceso al mismo se ha establecido por el lateral, evitando as\u00ed la apertura de huecos en planta baja y por tanto su inundabilidad ya que las propuestas realizadas a la CHJ no han tenido el visto bueno para su ejecuci\u00f3n.<\/p>\n<p><a href=\"https:\/\/www.caudete.org\/ayuntamiento\/wp-content\/uploads\/2025\/03\/molino-de-abajo-fachada.jpg\" rel='prettyPhoto'><img decoding=\"async\" class=\"alignnone wp-image-27823 size-full\" src=\"https:\/\/www.caudete.org\/ayuntamiento\/wp-content\/uploads\/2025\/03\/molino-de-abajo-fachada.jpg\" alt=\"\" width=\"1275\" height=\"827\" srcset=\"https:\/\/www.caudete.org\/ayuntamiento\/wp-content\/uploads\/2025\/03\/molino-de-abajo-fachada.jpg 1275w, https:\/\/www.caudete.org\/ayuntamiento\/wp-content\/uploads\/2025\/03\/molino-de-abajo-fachada-300x195.jpg 300w, https:\/\/www.caudete.org\/ayuntamiento\/wp-content\/uploads\/2025\/03\/molino-de-abajo-fachada-1024x664.jpg 1024w, https:\/\/www.caudete.org\/ayuntamiento\/wp-content\/uploads\/2025\/03\/molino-de-abajo-fachada-768x498.jpg 768w\" sizes=\"(max-width: 1275px) 100vw, 1275px\" \/><\/a><\/p>\n","protected":false},"excerpt":{"rendered":"<p>El Alcalde Mois\u00e9s L\u00f3pez y el Concejal de Patrimonio Hist\u00f3rico Diego Cuenca han anunciado que el Molino de Abajo albergar\u00e1 el Museo Etnogr\u00e1fico de la localidad, tal y como ha refrendado la Junta de Gobierno Local a la propuesta lanzada desde Alcald\u00eda. El Molino, de cuya existencia se tienen datos a primeros del S.XIV, ha &hellip;<\/p>\n","protected":false},"author":3,"featured_media":27823,"comment_status":"closed","ping_status":"open","sticky":false,"template":"","format":"standard","meta":{"ngg_post_thumbnail":0,"footnotes":""},"categories":[45],"tags":[],"class_list":["post-27822","post","type-post","status-publish","format-standard","has-post-thumbnail","hentry","category-patrimonio"],"yoast_head":"<!-- This site is optimized with the Yoast SEO plugin v27.5 - https:\/\/yoast.com\/product\/yoast-seo-wordpress\/ -->\n<title>El Molino de Abajo albergar\u00e1 el MUSEO ETNOGR\u00c1FICO despu\u00e9s de 5 a\u00f1os de trabajo - MI Ayuntamiento de Caudete<\/title>\n<meta name=\"description\" content=\"P\u00e1gina Oficial del Ayuntamiento de Caudete (Albacete)\" \/>\n<meta name=\"robots\" content=\"index, follow, max-snippet:-1, max-image-preview:large, max-video-preview:-1\" \/>\n<link rel=\"canonical\" href=\"https:\/\/www.caudete.org\/ayuntamiento\/el-molino-de-abajo-albergara-el-museo-etnografico-despues-de-5-anos-de-trabajo\/\" \/>\n<meta property=\"og:locale\" content=\"es_ES\" \/>\n<meta property=\"og:type\" content=\"article\" \/>\n<meta property=\"og:title\" content=\"El Molino de Abajo albergar\u00e1 el MUSEO ETNOGR\u00c1FICO despu\u00e9s de 5 a\u00f1os de trabajo - MI Ayuntamiento de Caudete\" \/>\n<meta property=\"og:description\" content=\"P\u00e1gina Oficial del Ayuntamiento de Caudete (Albacete)\" \/>\n<meta property=\"og:url\" content=\"https:\/\/www.caudete.org\/ayuntamiento\/el-molino-de-abajo-albergara-el-museo-etnografico-despues-de-5-anos-de-trabajo\/\" \/>\n<meta property=\"og:site_name\" content=\"MI Ayuntamiento de Caudete\" \/>\n<meta property=\"article:publisher\" content=\"https:\/\/www.facebook.com\/ayuntamientocaudete\/\" \/>\n<meta property=\"article:published_time\" content=\"2025-03-10T07:23:47+00:00\" \/>\n<meta property=\"og:image\" content=\"https:\/\/www.caudete.org\/ayuntamiento\/wp-content\/uploads\/2025\/03\/molino-de-abajo-fachada.jpg\" \/>\n\t<meta property=\"og:image:width\" content=\"1275\" \/>\n\t<meta property=\"og:image:height\" content=\"827\" \/>\n\t<meta property=\"og:image:type\" content=\"image\/jpeg\" \/>\n<meta name=\"author\" content=\"alcalde\" \/>\n<meta name=\"twitter:card\" content=\"summary_large_image\" \/>\n<meta name=\"twitter:label1\" content=\"Escrito por\" \/>\n\t<meta name=\"twitter:data1\" content=\"alcalde\" \/>\n\t<meta name=\"twitter:label2\" content=\"Tiempo de lectura\" \/>\n\t<meta name=\"twitter:data2\" content=\"3 minutos\" \/>\n<script type=\"application\/ld+json\" class=\"yoast-schema-graph\">{\"@context\":\"https:\\\/\\\/schema.org\",\"@graph\":[{\"@type\":\"Article\",\"@id\":\"https:\\\/\\\/www.caudete.org\\\/ayuntamiento\\\/el-molino-de-abajo-albergara-el-museo-etnografico-despues-de-5-anos-de-trabajo\\\/#article\",\"isPartOf\":{\"@id\":\"https:\\\/\\\/www.caudete.org\\\/ayuntamiento\\\/el-molino-de-abajo-albergara-el-museo-etnografico-despues-de-5-anos-de-trabajo\\\/\"},\"author\":{\"name\":\"alcalde\",\"@id\":\"https:\\\/\\\/www.caudete.org\\\/ayuntamiento\\\/#\\\/schema\\\/person\\\/cc646da9133078ee4d8dd47457947253\"},\"headline\":\"El Molino de Abajo albergar\u00e1 el MUSEO ETNOGR\u00c1FICO despu\u00e9s de 5 a\u00f1os de trabajo\",\"datePublished\":\"2025-03-10T07:23:47+00:00\",\"mainEntityOfPage\":{\"@id\":\"https:\\\/\\\/www.caudete.org\\\/ayuntamiento\\\/el-molino-de-abajo-albergara-el-museo-etnografico-despues-de-5-anos-de-trabajo\\\/\"},\"wordCount\":379,\"image\":{\"@id\":\"https:\\\/\\\/www.caudete.org\\\/ayuntamiento\\\/el-molino-de-abajo-albergara-el-museo-etnografico-despues-de-5-anos-de-trabajo\\\/#primaryimage\"},\"thumbnailUrl\":\"https:\\\/\\\/www.caudete.org\\\/ayuntamiento\\\/wp-content\\\/uploads\\\/2025\\\/03\\\/molino-de-abajo-fachada.jpg\",\"articleSection\":[\"Patrimonio\"],\"inLanguage\":\"es\"},{\"@type\":\"WebPage\",\"@id\":\"https:\\\/\\\/www.caudete.org\\\/ayuntamiento\\\/el-molino-de-abajo-albergara-el-museo-etnografico-despues-de-5-anos-de-trabajo\\\/\",\"url\":\"https:\\\/\\\/www.caudete.org\\\/ayuntamiento\\\/el-molino-de-abajo-albergara-el-museo-etnografico-despues-de-5-anos-de-trabajo\\\/\",\"name\":\"El Molino de Abajo albergar\u00e1 el MUSEO ETNOGR\u00c1FICO despu\u00e9s de 5 a\u00f1os de trabajo - MI Ayuntamiento de Caudete\",\"isPartOf\":{\"@id\":\"https:\\\/\\\/www.caudete.org\\\/ayuntamiento\\\/#website\"},\"primaryImageOfPage\":{\"@id\":\"https:\\\/\\\/www.caudete.org\\\/ayuntamiento\\\/el-molino-de-abajo-albergara-el-museo-etnografico-despues-de-5-anos-de-trabajo\\\/#primaryimage\"},\"image\":{\"@id\":\"https:\\\/\\\/www.caudete.org\\\/ayuntamiento\\\/el-molino-de-abajo-albergara-el-museo-etnografico-despues-de-5-anos-de-trabajo\\\/#primaryimage\"},\"thumbnailUrl\":\"https:\\\/\\\/www.caudete.org\\\/ayuntamiento\\\/wp-content\\\/uploads\\\/2025\\\/03\\\/molino-de-abajo-fachada.jpg\",\"datePublished\":\"2025-03-10T07:23:47+00:00\",\"author\":{\"@id\":\"https:\\\/\\\/www.caudete.org\\\/ayuntamiento\\\/#\\\/schema\\\/person\\\/cc646da9133078ee4d8dd47457947253\"},\"description\":\"P\u00e1gina Oficial del Ayuntamiento de Caudete (Albacete)\",\"breadcrumb\":{\"@id\":\"https:\\\/\\\/www.caudete.org\\\/ayuntamiento\\\/el-molino-de-abajo-albergara-el-museo-etnografico-despues-de-5-anos-de-trabajo\\\/#breadcrumb\"},\"inLanguage\":\"es\",\"potentialAction\":[{\"@type\":\"ReadAction\",\"target\":[\"https:\\\/\\\/www.caudete.org\\\/ayuntamiento\\\/el-molino-de-abajo-albergara-el-museo-etnografico-despues-de-5-anos-de-trabajo\\\/\"]}]},{\"@type\":\"ImageObject\",\"inLanguage\":\"es\",\"@id\":\"https:\\\/\\\/www.caudete.org\\\/ayuntamiento\\\/el-molino-de-abajo-albergara-el-museo-etnografico-despues-de-5-anos-de-trabajo\\\/#primaryimage\",\"url\":\"https:\\\/\\\/www.caudete.org\\\/ayuntamiento\\\/wp-content\\\/uploads\\\/2025\\\/03\\\/molino-de-abajo-fachada.jpg\",\"contentUrl\":\"https:\\\/\\\/www.caudete.org\\\/ayuntamiento\\\/wp-content\\\/uploads\\\/2025\\\/03\\\/molino-de-abajo-fachada.jpg\",\"width\":1275,\"height\":827},{\"@type\":\"BreadcrumbList\",\"@id\":\"https:\\\/\\\/www.caudete.org\\\/ayuntamiento\\\/el-molino-de-abajo-albergara-el-museo-etnografico-despues-de-5-anos-de-trabajo\\\/#breadcrumb\",\"itemListElement\":[{\"@type\":\"ListItem\",\"position\":1,\"name\":\"Inicio\",\"item\":\"https:\\\/\\\/www.caudete.org\\\/ayuntamiento\\\/\"},{\"@type\":\"ListItem\",\"position\":2,\"name\":\"El Molino de Abajo albergar\u00e1 el MUSEO ETNOGR\u00c1FICO despu\u00e9s de 5 a\u00f1os de trabajo\"}]},{\"@type\":\"WebSite\",\"@id\":\"https:\\\/\\\/www.caudete.org\\\/ayuntamiento\\\/#website\",\"url\":\"https:\\\/\\\/www.caudete.org\\\/ayuntamiento\\\/\",\"name\":\"MI Ayuntamiento de Caudete\",\"description\":\"P\u00e1gina Oficial del MI Ayuntamiento de Caudete\",\"potentialAction\":[{\"@type\":\"SearchAction\",\"target\":{\"@type\":\"EntryPoint\",\"urlTemplate\":\"https:\\\/\\\/www.caudete.org\\\/ayuntamiento\\\/?s={search_term_string}\"},\"query-input\":{\"@type\":\"PropertyValueSpecification\",\"valueRequired\":true,\"valueName\":\"search_term_string\"}}],\"inLanguage\":\"es\"},{\"@type\":\"Person\",\"@id\":\"https:\\\/\\\/www.caudete.org\\\/ayuntamiento\\\/#\\\/schema\\\/person\\\/cc646da9133078ee4d8dd47457947253\",\"name\":\"alcalde\",\"image\":{\"@type\":\"ImageObject\",\"inLanguage\":\"es\",\"@id\":\"https:\\\/\\\/secure.gravatar.com\\\/avatar\\\/84a817ba065b29ff08d666b215a215f5c79186a645ccb25b14a663d48a130f77?s=96&d=mm&r=g\",\"url\":\"https:\\\/\\\/secure.gravatar.com\\\/avatar\\\/84a817ba065b29ff08d666b215a215f5c79186a645ccb25b14a663d48a130f77?s=96&d=mm&r=g\",\"contentUrl\":\"https:\\\/\\\/secure.gravatar.com\\\/avatar\\\/84a817ba065b29ff08d666b215a215f5c79186a645ccb25b14a663d48a130f77?s=96&d=mm&r=g\",\"caption\":\"alcalde\"},\"url\":\"https:\\\/\\\/www.caudete.org\\\/ayuntamiento\\\/author\\\/alcalde\\\/\"}]}<\/script>\n<!-- \/ Yoast SEO plugin. -->","yoast_head_json":{"title":"El Molino de Abajo albergar\u00e1 el MUSEO ETNOGR\u00c1FICO despu\u00e9s de 5 a\u00f1os de trabajo - MI Ayuntamiento de Caudete","description":"P\u00e1gina Oficial del Ayuntamiento de Caudete (Albacete)","robots":{"index":"index","follow":"follow","max-snippet":"max-snippet:-1","max-image-preview":"max-image-preview:large","max-video-preview":"max-video-preview:-1"},"canonical":"https:\/\/www.caudete.org\/ayuntamiento\/el-molino-de-abajo-albergara-el-museo-etnografico-despues-de-5-anos-de-trabajo\/","og_locale":"es_ES","og_type":"article","og_title":"El Molino de Abajo albergar\u00e1 el MUSEO ETNOGR\u00c1FICO despu\u00e9s de 5 a\u00f1os de trabajo - MI Ayuntamiento de Caudete","og_description":"P\u00e1gina Oficial del Ayuntamiento de Caudete (Albacete)","og_url":"https:\/\/www.caudete.org\/ayuntamiento\/el-molino-de-abajo-albergara-el-museo-etnografico-despues-de-5-anos-de-trabajo\/","og_site_name":"MI Ayuntamiento de Caudete","article_publisher":"https:\/\/www.facebook.com\/ayuntamientocaudete\/","article_published_time":"2025-03-10T07:23:47+00:00","og_image":[{"width":1275,"height":827,"url":"https:\/\/www.caudete.org\/ayuntamiento\/wp-content\/uploads\/2025\/03\/molino-de-abajo-fachada.jpg","type":"image\/jpeg"}],"author":"alcalde","twitter_card":"summary_large_image","twitter_misc":{"Escrito por":"alcalde","Tiempo de lectura":"3 minutos"},"schema":{"@context":"https:\/\/schema.org","@graph":[{"@type":"Article","@id":"https:\/\/www.caudete.org\/ayuntamiento\/el-molino-de-abajo-albergara-el-museo-etnografico-despues-de-5-anos-de-trabajo\/#article","isPartOf":{"@id":"https:\/\/www.caudete.org\/ayuntamiento\/el-molino-de-abajo-albergara-el-museo-etnografico-despues-de-5-anos-de-trabajo\/"},"author":{"name":"alcalde","@id":"https:\/\/www.caudete.org\/ayuntamiento\/#\/schema\/person\/cc646da9133078ee4d8dd47457947253"},"headline":"El Molino de Abajo albergar\u00e1 el MUSEO ETNOGR\u00c1FICO despu\u00e9s de 5 a\u00f1os de trabajo","datePublished":"2025-03-10T07:23:47+00:00","mainEntityOfPage":{"@id":"https:\/\/www.caudete.org\/ayuntamiento\/el-molino-de-abajo-albergara-el-museo-etnografico-despues-de-5-anos-de-trabajo\/"},"wordCount":379,"image":{"@id":"https:\/\/www.caudete.org\/ayuntamiento\/el-molino-de-abajo-albergara-el-museo-etnografico-despues-de-5-anos-de-trabajo\/#primaryimage"},"thumbnailUrl":"https:\/\/www.caudete.org\/ayuntamiento\/wp-content\/uploads\/2025\/03\/molino-de-abajo-fachada.jpg","articleSection":["Patrimonio"],"inLanguage":"es"},{"@type":"WebPage","@id":"https:\/\/www.caudete.org\/ayuntamiento\/el-molino-de-abajo-albergara-el-museo-etnografico-despues-de-5-anos-de-trabajo\/","url":"https:\/\/www.caudete.org\/ayuntamiento\/el-molino-de-abajo-albergara-el-museo-etnografico-despues-de-5-anos-de-trabajo\/","name":"El Molino de Abajo albergar\u00e1 el MUSEO ETNOGR\u00c1FICO despu\u00e9s de 5 a\u00f1os de trabajo - MI Ayuntamiento de Caudete","isPartOf":{"@id":"https:\/\/www.caudete.org\/ayuntamiento\/#website"},"primaryImageOfPage":{"@id":"https:\/\/www.caudete.org\/ayuntamiento\/el-molino-de-abajo-albergara-el-museo-etnografico-despues-de-5-anos-de-trabajo\/#primaryimage"},"image":{"@id":"https:\/\/www.caudete.org\/ayuntamiento\/el-molino-de-abajo-albergara-el-museo-etnografico-despues-de-5-anos-de-trabajo\/#primaryimage"},"thumbnailUrl":"https:\/\/www.caudete.org\/ayuntamiento\/wp-content\/uploads\/2025\/03\/molino-de-abajo-fachada.jpg","datePublished":"2025-03-10T07:23:47+00:00","author":{"@id":"https:\/\/www.caudete.org\/ayuntamiento\/#\/schema\/person\/cc646da9133078ee4d8dd47457947253"},"description":"P\u00e1gina Oficial del Ayuntamiento de Caudete (Albacete)","breadcrumb":{"@id":"https:\/\/www.caudete.org\/ayuntamiento\/el-molino-de-abajo-albergara-el-museo-etnografico-despues-de-5-anos-de-trabajo\/#breadcrumb"},"inLanguage":"es","potentialAction":[{"@type":"ReadAction","target":["https:\/\/www.caudete.org\/ayuntamiento\/el-molino-de-abajo-albergara-el-museo-etnografico-despues-de-5-anos-de-trabajo\/"]}]},{"@type":"ImageObject","inLanguage":"es","@id":"https:\/\/www.caudete.org\/ayuntamiento\/el-molino-de-abajo-albergara-el-museo-etnografico-despues-de-5-anos-de-trabajo\/#primaryimage","url":"https:\/\/www.caudete.org\/ayuntamiento\/wp-content\/uploads\/2025\/03\/molino-de-abajo-fachada.jpg","contentUrl":"https:\/\/www.caudete.org\/ayuntamiento\/wp-content\/uploads\/2025\/03\/molino-de-abajo-fachada.jpg","width":1275,"height":827},{"@type":"BreadcrumbList","@id":"https:\/\/www.caudete.org\/ayuntamiento\/el-molino-de-abajo-albergara-el-museo-etnografico-despues-de-5-anos-de-trabajo\/#breadcrumb","itemListElement":[{"@type":"ListItem","position":1,"name":"Inicio","item":"https:\/\/www.caudete.org\/ayuntamiento\/"},{"@type":"ListItem","position":2,"name":"El Molino de Abajo albergar\u00e1 el MUSEO ETNOGR\u00c1FICO despu\u00e9s de 5 a\u00f1os de trabajo"}]},{"@type":"WebSite","@id":"https:\/\/www.caudete.org\/ayuntamiento\/#website","url":"https:\/\/www.caudete.org\/ayuntamiento\/","name":"MI Ayuntamiento de Caudete","description":"P\u00e1gina Oficial del MI Ayuntamiento de Caudete","potentialAction":[{"@type":"SearchAction","target":{"@type":"EntryPoint","urlTemplate":"https:\/\/www.caudete.org\/ayuntamiento\/?s={search_term_string}"},"query-input":{"@type":"PropertyValueSpecification","valueRequired":true,"valueName":"search_term_string"}}],"inLanguage":"es"},{"@type":"Person","@id":"https:\/\/www.caudete.org\/ayuntamiento\/#\/schema\/person\/cc646da9133078ee4d8dd47457947253","name":"alcalde","image":{"@type":"ImageObject","inLanguage":"es","@id":"https:\/\/secure.gravatar.com\/avatar\/84a817ba065b29ff08d666b215a215f5c79186a645ccb25b14a663d48a130f77?s=96&d=mm&r=g","url":"https:\/\/secure.gravatar.com\/avatar\/84a817ba065b29ff08d666b215a215f5c79186a645ccb25b14a663d48a130f77?s=96&d=mm&r=g","contentUrl":"https:\/\/secure.gravatar.com\/avatar\/84a817ba065b29ff08d666b215a215f5c79186a645ccb25b14a663d48a130f77?s=96&d=mm&r=g","caption":"alcalde"},"url":"https:\/\/www.caudete.org\/ayuntamiento\/author\/alcalde\/"}]}},"_links":{"self":[{"href":"https:\/\/www.caudete.org\/ayuntamiento\/wp-json\/wp\/v2\/posts\/27822","targetHints":{"allow":["GET"]}}],"collection":[{"href":"https:\/\/www.caudete.org\/ayuntamiento\/wp-json\/wp\/v2\/posts"}],"about":[{"href":"https:\/\/www.caudete.org\/ayuntamiento\/wp-json\/wp\/v2\/types\/post"}],"author":[{"embeddable":true,"href":"https:\/\/www.caudete.org\/ayuntamiento\/wp-json\/wp\/v2\/users\/3"}],"replies":[{"embeddable":true,"href":"https:\/\/www.caudete.org\/ayuntamiento\/wp-json\/wp\/v2\/comments?post=27822"}],"version-history":[{"count":1,"href":"https:\/\/www.caudete.org\/ayuntamiento\/wp-json\/wp\/v2\/posts\/27822\/revisions"}],"predecessor-version":[{"id":27824,"href":"https:\/\/www.caudete.org\/ayuntamiento\/wp-json\/wp\/v2\/posts\/27822\/revisions\/27824"}],"wp:featuredmedia":[{"embeddable":true,"href":"https:\/\/www.caudete.org\/ayuntamiento\/wp-json\/wp\/v2\/media\/27823"}],"wp:attachment":[{"href":"https:\/\/www.caudete.org\/ayuntamiento\/wp-json\/wp\/v2\/media?parent=27822"}],"wp:term":[{"taxonomy":"category","embeddable":true,"href":"https:\/\/www.caudete.org\/ayuntamiento\/wp-json\/wp\/v2\/categories?post=27822"},{"taxonomy":"post_tag","embeddable":true,"href":"https:\/\/www.caudete.org\/ayuntamiento\/wp-json\/wp\/v2\/tags?post=27822"}],"curies":[{"name":"wp","href":"https:\/\/api.w.org\/{rel}","templated":true}]}}