{"id":27834,"date":"2025-03-12T09:12:41","date_gmt":"2025-03-12T08:12:41","guid":{"rendered":"https:\/\/www.caudete.org\/ayuntamiento\/?p=27834"},"modified":"2025-03-12T15:36:59","modified_gmt":"2025-03-12T14:36:59","slug":"aprobada-la-oferta-de-empleo-publico-oep-2025","status":"publish","type":"post","link":"https:\/\/www.caudete.org\/ayuntamiento\/aprobada-la-oferta-de-empleo-publico-oep-2025\/","title":{"rendered":"Aprobada la Oferta de Empleo Publico (OEP) 2025"},"content":{"rendered":"<p style=\"text-align: justify;\">M\u00aa Pilar Egea, Concejal de Recursos Humanos junto al Alcalde Mois\u00e9s L\u00f3pez, han dado a conocer la reci\u00e9n aprobada Oferta de Empleo P\u00fablico 2023 en la \u00faltima sesi\u00f3n de Junta de Gobierno, celebrada el pasado viernes 07 de Marzo, a falta de que sea publicada en el Bolet\u00edn Oficial correspondiente.<\/p>\n<p style=\"text-align: justify;\">Finalizado el expediente, y con todos los informes favorables, la propuesta del Equipo de Gobierno fue tratada en Mesa de Negociaci\u00f3n, la cual fue aprobada por unanimidad, lo que destacaba la Edil como \u201c<em>muy positivo y que pone de manifiesto el trabajo y di\u00e1logo con un mismo objetivo<\/em>\u00a0<em>entre empleados y Gobierno Municipal<\/em>\u201d.<\/p>\n<p style=\"text-align: justify;\">De esta forma, son 3 inicialmente las plazas que se recogen en el acuerdo, 2 por aplicaci\u00f3n de la tasa de reposici\u00f3n, y una que da continuidad a la pol\u00edtica de promoci\u00f3n del empleado p\u00fablico dentro de la propia administraci\u00f3n, todas ellas de funcionario, un cuerpo escaso dentro del Consistorio en comparaci\u00f3n con la categor\u00eda de laborales.<\/p>\n<p>&nbsp;<\/p>\n<p style=\"text-align: justify;\"><strong><u>1 T\u00e9cnico Medio de Gesti\u00f3n. <\/u><\/strong>Categor\u00eda A2. Promoci\u00f3n interna. Concurso-Oposici\u00f3n.<\/p>\n<p style=\"text-align: justify;\"><strong><u>1 Encargado General de Obras. <\/u><\/strong>Categor\u00eda C1. Acceso Libre. Concurso-Oposici\u00f3n.<\/p>\n<p style=\"text-align: justify;\"><strong><u>1 Conserje. <\/u><\/strong>Categor\u00eda C2. Acceso Libre. Concurso-Oposici\u00f3n<\/p>\n<p>&nbsp;<\/p>\n<p style=\"text-align: justify;\">Egea ha recordado tambi\u00e9n el compromiso del Equipo de Gobierno con los caudetanos \u201c<em>en conseguir establecer una plantilla de empleados municipales suficiente y adecuada a las necesidades reales, que revierta en calidad a los ciudadanos\u201d<\/em>.<\/p>\n<p style=\"text-align: justify;\">La ejecuci\u00f3n de la presente OEP se establece por la TREBEP en un m\u00e1ximo de 3 a\u00f1os.<\/p>\n<p><a href=\"https:\/\/www.caudete.org\/ayuntamiento\/wp-content\/uploads\/2025\/03\/OEP2025.jpg\" rel='prettyPhoto'><img fetchpriority=\"high\" decoding=\"async\" class=\"alignnone wp-image-27835 size-full\" src=\"https:\/\/www.caudete.org\/ayuntamiento\/wp-content\/uploads\/2025\/03\/OEP2025.jpg\" alt=\"\" width=\"1072\" height=\"727\" srcset=\"https:\/\/www.caudete.org\/ayuntamiento\/wp-content\/uploads\/2025\/03\/OEP2025.jpg 1072w, https:\/\/www.caudete.org\/ayuntamiento\/wp-content\/uploads\/2025\/03\/OEP2025-300x203.jpg 300w, https:\/\/www.caudete.org\/ayuntamiento\/wp-content\/uploads\/2025\/03\/OEP2025-1024x694.jpg 1024w, https:\/\/www.caudete.org\/ayuntamiento\/wp-content\/uploads\/2025\/03\/OEP2025-768x521.jpg 768w\" sizes=\"(max-width: 1072px) 100vw, 1072px\" \/><\/a><\/p>\n","protected":false},"excerpt":{"rendered":"<p>M\u00aa Pilar Egea, Concejal de Recursos Humanos junto al Alcalde Mois\u00e9s L\u00f3pez, han dado a conocer la reci\u00e9n aprobada Oferta de Empleo P\u00fablico 2023 en la \u00faltima sesi\u00f3n de Junta de Gobierno, celebrada el pasado viernes 07 de Marzo, a falta de que sea publicada en el Bolet\u00edn Oficial correspondiente. Finalizado el expediente, y con &hellip;<\/p>\n","protected":false},"author":3,"featured_media":27835,"comment_status":"closed","ping_status":"open","sticky":false,"template":"","format":"standard","meta":{"ngg_post_thumbnail":0,"footnotes":""},"categories":[33],"tags":[],"class_list":["post-27834","post","type-post","status-publish","format-standard","has-post-thumbnail","hentry","category-recursos-humanos"],"yoast_head":"<!-- This site is optimized with the Yoast SEO plugin v27.5 - https:\/\/yoast.com\/product\/yoast-seo-wordpress\/ -->\n<title>Aprobada la Oferta de Empleo Publico (OEP) 2025 - MI Ayuntamiento de Caudete<\/title>\n<meta name=\"description\" content=\"P\u00e1gina Oficial del Ayuntamiento de Caudete (Albacete)\" \/>\n<meta name=\"robots\" content=\"index, follow, max-snippet:-1, max-image-preview:large, max-video-preview:-1\" \/>\n<link rel=\"canonical\" href=\"https:\/\/www.caudete.org\/ayuntamiento\/aprobada-la-oferta-de-empleo-publico-oep-2025\/\" \/>\n<meta property=\"og:locale\" content=\"es_ES\" \/>\n<meta property=\"og:type\" content=\"article\" \/>\n<meta property=\"og:title\" content=\"Aprobada la Oferta de Empleo Publico (OEP) 2025 - MI Ayuntamiento de Caudete\" \/>\n<meta property=\"og:description\" content=\"P\u00e1gina Oficial del Ayuntamiento de Caudete (Albacete)\" \/>\n<meta property=\"og:url\" content=\"https:\/\/www.caudete.org\/ayuntamiento\/aprobada-la-oferta-de-empleo-publico-oep-2025\/\" \/>\n<meta property=\"og:site_name\" content=\"MI Ayuntamiento de Caudete\" \/>\n<meta property=\"article:publisher\" content=\"https:\/\/www.facebook.com\/ayuntamientocaudete\/\" \/>\n<meta property=\"article:published_time\" content=\"2025-03-12T08:12:41+00:00\" \/>\n<meta property=\"article:modified_time\" content=\"2025-03-12T14:36:59+00:00\" \/>\n<meta property=\"og:image\" content=\"https:\/\/www.caudete.org\/ayuntamiento\/wp-content\/uploads\/2025\/03\/OEP2025.jpg\" \/>\n\t<meta property=\"og:image:width\" content=\"1072\" \/>\n\t<meta property=\"og:image:height\" content=\"727\" \/>\n\t<meta property=\"og:image:type\" content=\"image\/jpeg\" \/>\n<meta name=\"author\" content=\"alcalde\" \/>\n<meta name=\"twitter:card\" content=\"summary_large_image\" \/>\n<meta name=\"twitter:label1\" content=\"Escrito por\" \/>\n\t<meta name=\"twitter:data1\" content=\"alcalde\" \/>\n\t<meta name=\"twitter:label2\" content=\"Tiempo de lectura\" \/>\n\t<meta name=\"twitter:data2\" content=\"2 minutos\" \/>\n<script type=\"application\/ld+json\" class=\"yoast-schema-graph\">{\"@context\":\"https:\\\/\\\/schema.org\",\"@graph\":[{\"@type\":\"Article\",\"@id\":\"https:\\\/\\\/www.caudete.org\\\/ayuntamiento\\\/aprobada-la-oferta-de-empleo-publico-oep-2025\\\/#article\",\"isPartOf\":{\"@id\":\"https:\\\/\\\/www.caudete.org\\\/ayuntamiento\\\/aprobada-la-oferta-de-empleo-publico-oep-2025\\\/\"},\"author\":{\"name\":\"alcalde\",\"@id\":\"https:\\\/\\\/www.caudete.org\\\/ayuntamiento\\\/#\\\/schema\\\/person\\\/cc646da9133078ee4d8dd47457947253\"},\"headline\":\"Aprobada la Oferta de Empleo Publico (OEP) 2025\",\"datePublished\":\"2025-03-12T08:12:41+00:00\",\"dateModified\":\"2025-03-12T14:36:59+00:00\",\"mainEntityOfPage\":{\"@id\":\"https:\\\/\\\/www.caudete.org\\\/ayuntamiento\\\/aprobada-la-oferta-de-empleo-publico-oep-2025\\\/\"},\"wordCount\":269,\"image\":{\"@id\":\"https:\\\/\\\/www.caudete.org\\\/ayuntamiento\\\/aprobada-la-oferta-de-empleo-publico-oep-2025\\\/#primaryimage\"},\"thumbnailUrl\":\"https:\\\/\\\/www.caudete.org\\\/ayuntamiento\\\/wp-content\\\/uploads\\\/2025\\\/03\\\/OEP2025.jpg\",\"articleSection\":[\"Recursos Humanos\"],\"inLanguage\":\"es\"},{\"@type\":\"WebPage\",\"@id\":\"https:\\\/\\\/www.caudete.org\\\/ayuntamiento\\\/aprobada-la-oferta-de-empleo-publico-oep-2025\\\/\",\"url\":\"https:\\\/\\\/www.caudete.org\\\/ayuntamiento\\\/aprobada-la-oferta-de-empleo-publico-oep-2025\\\/\",\"name\":\"Aprobada la Oferta de Empleo Publico (OEP) 2025 - MI Ayuntamiento de Caudete\",\"isPartOf\":{\"@id\":\"https:\\\/\\\/www.caudete.org\\\/ayuntamiento\\\/#website\"},\"primaryImageOfPage\":{\"@id\":\"https:\\\/\\\/www.caudete.org\\\/ayuntamiento\\\/aprobada-la-oferta-de-empleo-publico-oep-2025\\\/#primaryimage\"},\"image\":{\"@id\":\"https:\\\/\\\/www.caudete.org\\\/ayuntamiento\\\/aprobada-la-oferta-de-empleo-publico-oep-2025\\\/#primaryimage\"},\"thumbnailUrl\":\"https:\\\/\\\/www.caudete.org\\\/ayuntamiento\\\/wp-content\\\/uploads\\\/2025\\\/03\\\/OEP2025.jpg\",\"datePublished\":\"2025-03-12T08:12:41+00:00\",\"dateModified\":\"2025-03-12T14:36:59+00:00\",\"author\":{\"@id\":\"https:\\\/\\\/www.caudete.org\\\/ayuntamiento\\\/#\\\/schema\\\/person\\\/cc646da9133078ee4d8dd47457947253\"},\"description\":\"P\u00e1gina Oficial del Ayuntamiento de Caudete (Albacete)\",\"breadcrumb\":{\"@id\":\"https:\\\/\\\/www.caudete.org\\\/ayuntamiento\\\/aprobada-la-oferta-de-empleo-publico-oep-2025\\\/#breadcrumb\"},\"inLanguage\":\"es\",\"potentialAction\":[{\"@type\":\"ReadAction\",\"target\":[\"https:\\\/\\\/www.caudete.org\\\/ayuntamiento\\\/aprobada-la-oferta-de-empleo-publico-oep-2025\\\/\"]}]},{\"@type\":\"ImageObject\",\"inLanguage\":\"es\",\"@id\":\"https:\\\/\\\/www.caudete.org\\\/ayuntamiento\\\/aprobada-la-oferta-de-empleo-publico-oep-2025\\\/#primaryimage\",\"url\":\"https:\\\/\\\/www.caudete.org\\\/ayuntamiento\\\/wp-content\\\/uploads\\\/2025\\\/03\\\/OEP2025.jpg\",\"contentUrl\":\"https:\\\/\\\/www.caudete.org\\\/ayuntamiento\\\/wp-content\\\/uploads\\\/2025\\\/03\\\/OEP2025.jpg\",\"width\":1072,\"height\":727},{\"@type\":\"BreadcrumbList\",\"@id\":\"https:\\\/\\\/www.caudete.org\\\/ayuntamiento\\\/aprobada-la-oferta-de-empleo-publico-oep-2025\\\/#breadcrumb\",\"itemListElement\":[{\"@type\":\"ListItem\",\"position\":1,\"name\":\"Inicio\",\"item\":\"https:\\\/\\\/www.caudete.org\\\/ayuntamiento\\\/\"},{\"@type\":\"ListItem\",\"position\":2,\"name\":\"Aprobada la Oferta de Empleo Publico (OEP) 2025\"}]},{\"@type\":\"WebSite\",\"@id\":\"https:\\\/\\\/www.caudete.org\\\/ayuntamiento\\\/#website\",\"url\":\"https:\\\/\\\/www.caudete.org\\\/ayuntamiento\\\/\",\"name\":\"MI Ayuntamiento de Caudete\",\"description\":\"P\u00e1gina Oficial del MI Ayuntamiento de Caudete\",\"potentialAction\":[{\"@type\":\"SearchAction\",\"target\":{\"@type\":\"EntryPoint\",\"urlTemplate\":\"https:\\\/\\\/www.caudete.org\\\/ayuntamiento\\\/?s={search_term_string}\"},\"query-input\":{\"@type\":\"PropertyValueSpecification\",\"valueRequired\":true,\"valueName\":\"search_term_string\"}}],\"inLanguage\":\"es\"},{\"@type\":\"Person\",\"@id\":\"https:\\\/\\\/www.caudete.org\\\/ayuntamiento\\\/#\\\/schema\\\/person\\\/cc646da9133078ee4d8dd47457947253\",\"name\":\"alcalde\",\"image\":{\"@type\":\"ImageObject\",\"inLanguage\":\"es\",\"@id\":\"https:\\\/\\\/secure.gravatar.com\\\/avatar\\\/84a817ba065b29ff08d666b215a215f5c79186a645ccb25b14a663d48a130f77?s=96&d=mm&r=g\",\"url\":\"https:\\\/\\\/secure.gravatar.com\\\/avatar\\\/84a817ba065b29ff08d666b215a215f5c79186a645ccb25b14a663d48a130f77?s=96&d=mm&r=g\",\"contentUrl\":\"https:\\\/\\\/secure.gravatar.com\\\/avatar\\\/84a817ba065b29ff08d666b215a215f5c79186a645ccb25b14a663d48a130f77?s=96&d=mm&r=g\",\"caption\":\"alcalde\"},\"url\":\"https:\\\/\\\/www.caudete.org\\\/ayuntamiento\\\/author\\\/alcalde\\\/\"}]}<\/script>\n<!-- \/ Yoast SEO plugin. -->","yoast_head_json":{"title":"Aprobada la Oferta de Empleo Publico (OEP) 2025 - MI Ayuntamiento de Caudete","description":"P\u00e1gina Oficial del Ayuntamiento de Caudete (Albacete)","robots":{"index":"index","follow":"follow","max-snippet":"max-snippet:-1","max-image-preview":"max-image-preview:large","max-video-preview":"max-video-preview:-1"},"canonical":"https:\/\/www.caudete.org\/ayuntamiento\/aprobada-la-oferta-de-empleo-publico-oep-2025\/","og_locale":"es_ES","og_type":"article","og_title":"Aprobada la Oferta de Empleo Publico (OEP) 2025 - MI Ayuntamiento de Caudete","og_description":"P\u00e1gina Oficial del Ayuntamiento de Caudete (Albacete)","og_url":"https:\/\/www.caudete.org\/ayuntamiento\/aprobada-la-oferta-de-empleo-publico-oep-2025\/","og_site_name":"MI Ayuntamiento de Caudete","article_publisher":"https:\/\/www.facebook.com\/ayuntamientocaudete\/","article_published_time":"2025-03-12T08:12:41+00:00","article_modified_time":"2025-03-12T14:36:59+00:00","og_image":[{"width":1072,"height":727,"url":"https:\/\/www.caudete.org\/ayuntamiento\/wp-content\/uploads\/2025\/03\/OEP2025.jpg","type":"image\/jpeg"}],"author":"alcalde","twitter_card":"summary_large_image","twitter_misc":{"Escrito por":"alcalde","Tiempo de lectura":"2 minutos"},"schema":{"@context":"https:\/\/schema.org","@graph":[{"@type":"Article","@id":"https:\/\/www.caudete.org\/ayuntamiento\/aprobada-la-oferta-de-empleo-publico-oep-2025\/#article","isPartOf":{"@id":"https:\/\/www.caudete.org\/ayuntamiento\/aprobada-la-oferta-de-empleo-publico-oep-2025\/"},"author":{"name":"alcalde","@id":"https:\/\/www.caudete.org\/ayuntamiento\/#\/schema\/person\/cc646da9133078ee4d8dd47457947253"},"headline":"Aprobada la Oferta de Empleo Publico (OEP) 2025","datePublished":"2025-03-12T08:12:41+00:00","dateModified":"2025-03-12T14:36:59+00:00","mainEntityOfPage":{"@id":"https:\/\/www.caudete.org\/ayuntamiento\/aprobada-la-oferta-de-empleo-publico-oep-2025\/"},"wordCount":269,"image":{"@id":"https:\/\/www.caudete.org\/ayuntamiento\/aprobada-la-oferta-de-empleo-publico-oep-2025\/#primaryimage"},"thumbnailUrl":"https:\/\/www.caudete.org\/ayuntamiento\/wp-content\/uploads\/2025\/03\/OEP2025.jpg","articleSection":["Recursos Humanos"],"inLanguage":"es"},{"@type":"WebPage","@id":"https:\/\/www.caudete.org\/ayuntamiento\/aprobada-la-oferta-de-empleo-publico-oep-2025\/","url":"https:\/\/www.caudete.org\/ayuntamiento\/aprobada-la-oferta-de-empleo-publico-oep-2025\/","name":"Aprobada la Oferta de Empleo Publico (OEP) 2025 - MI Ayuntamiento de Caudete","isPartOf":{"@id":"https:\/\/www.caudete.org\/ayuntamiento\/#website"},"primaryImageOfPage":{"@id":"https:\/\/www.caudete.org\/ayuntamiento\/aprobada-la-oferta-de-empleo-publico-oep-2025\/#primaryimage"},"image":{"@id":"https:\/\/www.caudete.org\/ayuntamiento\/aprobada-la-oferta-de-empleo-publico-oep-2025\/#primaryimage"},"thumbnailUrl":"https:\/\/www.caudete.org\/ayuntamiento\/wp-content\/uploads\/2025\/03\/OEP2025.jpg","datePublished":"2025-03-12T08:12:41+00:00","dateModified":"2025-03-12T14:36:59+00:00","author":{"@id":"https:\/\/www.caudete.org\/ayuntamiento\/#\/schema\/person\/cc646da9133078ee4d8dd47457947253"},"description":"P\u00e1gina Oficial del Ayuntamiento de Caudete (Albacete)","breadcrumb":{"@id":"https:\/\/www.caudete.org\/ayuntamiento\/aprobada-la-oferta-de-empleo-publico-oep-2025\/#breadcrumb"},"inLanguage":"es","potentialAction":[{"@type":"ReadAction","target":["https:\/\/www.caudete.org\/ayuntamiento\/aprobada-la-oferta-de-empleo-publico-oep-2025\/"]}]},{"@type":"ImageObject","inLanguage":"es","@id":"https:\/\/www.caudete.org\/ayuntamiento\/aprobada-la-oferta-de-empleo-publico-oep-2025\/#primaryimage","url":"https:\/\/www.caudete.org\/ayuntamiento\/wp-content\/uploads\/2025\/03\/OEP2025.jpg","contentUrl":"https:\/\/www.caudete.org\/ayuntamiento\/wp-content\/uploads\/2025\/03\/OEP2025.jpg","width":1072,"height":727},{"@type":"BreadcrumbList","@id":"https:\/\/www.caudete.org\/ayuntamiento\/aprobada-la-oferta-de-empleo-publico-oep-2025\/#breadcrumb","itemListElement":[{"@type":"ListItem","position":1,"name":"Inicio","item":"https:\/\/www.caudete.org\/ayuntamiento\/"},{"@type":"ListItem","position":2,"name":"Aprobada la Oferta de Empleo Publico (OEP) 2025"}]},{"@type":"WebSite","@id":"https:\/\/www.caudete.org\/ayuntamiento\/#website","url":"https:\/\/www.caudete.org\/ayuntamiento\/","name":"MI Ayuntamiento de Caudete","description":"P\u00e1gina Oficial del MI Ayuntamiento de Caudete","potentialAction":[{"@type":"SearchAction","target":{"@type":"EntryPoint","urlTemplate":"https:\/\/www.caudete.org\/ayuntamiento\/?s={search_term_string}"},"query-input":{"@type":"PropertyValueSpecification","valueRequired":true,"valueName":"search_term_string"}}],"inLanguage":"es"},{"@type":"Person","@id":"https:\/\/www.caudete.org\/ayuntamiento\/#\/schema\/person\/cc646da9133078ee4d8dd47457947253","name":"alcalde","image":{"@type":"ImageObject","inLanguage":"es","@id":"https:\/\/secure.gravatar.com\/avatar\/84a817ba065b29ff08d666b215a215f5c79186a645ccb25b14a663d48a130f77?s=96&d=mm&r=g","url":"https:\/\/secure.gravatar.com\/avatar\/84a817ba065b29ff08d666b215a215f5c79186a645ccb25b14a663d48a130f77?s=96&d=mm&r=g","contentUrl":"https:\/\/secure.gravatar.com\/avatar\/84a817ba065b29ff08d666b215a215f5c79186a645ccb25b14a663d48a130f77?s=96&d=mm&r=g","caption":"alcalde"},"url":"https:\/\/www.caudete.org\/ayuntamiento\/author\/alcalde\/"}]}},"_links":{"self":[{"href":"https:\/\/www.caudete.org\/ayuntamiento\/wp-json\/wp\/v2\/posts\/27834","targetHints":{"allow":["GET"]}}],"collection":[{"href":"https:\/\/www.caudete.org\/ayuntamiento\/wp-json\/wp\/v2\/posts"}],"about":[{"href":"https:\/\/www.caudete.org\/ayuntamiento\/wp-json\/wp\/v2\/types\/post"}],"author":[{"embeddable":true,"href":"https:\/\/www.caudete.org\/ayuntamiento\/wp-json\/wp\/v2\/users\/3"}],"replies":[{"embeddable":true,"href":"https:\/\/www.caudete.org\/ayuntamiento\/wp-json\/wp\/v2\/comments?post=27834"}],"version-history":[{"count":2,"href":"https:\/\/www.caudete.org\/ayuntamiento\/wp-json\/wp\/v2\/posts\/27834\/revisions"}],"predecessor-version":[{"id":27849,"href":"https:\/\/www.caudete.org\/ayuntamiento\/wp-json\/wp\/v2\/posts\/27834\/revisions\/27849"}],"wp:featuredmedia":[{"embeddable":true,"href":"https:\/\/www.caudete.org\/ayuntamiento\/wp-json\/wp\/v2\/media\/27835"}],"wp:attachment":[{"href":"https:\/\/www.caudete.org\/ayuntamiento\/wp-json\/wp\/v2\/media?parent=27834"}],"wp:term":[{"taxonomy":"category","embeddable":true,"href":"https:\/\/www.caudete.org\/ayuntamiento\/wp-json\/wp\/v2\/categories?post=27834"},{"taxonomy":"post_tag","embeddable":true,"href":"https:\/\/www.caudete.org\/ayuntamiento\/wp-json\/wp\/v2\/tags?post=27834"}],"curies":[{"name":"wp","href":"https:\/\/api.w.org\/{rel}","templated":true}]}}